{"id":13981,"date":"2016-12-01T11:59:26","date_gmt":"2016-12-01T10:59:26","guid":{"rendered":"http:\/\/www.thomasvino.ch\/?p=13981"},"modified":"2016-12-01T11:59:26","modified_gmt":"2016-12-01T10:59:26","slug":"vins-valaisans-et-vaudois-les-vedettes-se-profilent","status":"publish","type":"post","link":"https:\/\/thomasvino.ch\/?p=13981","title":{"rendered":"Vins valaisans et vaudois \u2014 Les vedettes se profilent"},"content":{"rendered":"<p><strong>Le palmar\u00e8s des Etoiles du Valais 2016, onzi\u00e8me \u00e9dition, est particuli\u00e8rement remarquable, cette ann\u00e9e. Quelques unes des meilleures caves du Vieux-Pays sont honor\u00e9es.<\/strong><\/p>\n<p><em>Par Pierre Thomas<\/em><\/p>\n<p>La proclamation officielle du palmar\u00e8s a eu lieu \u00e0 Zurich, le jeudi 1<sup>er<\/sup> d\u00e9cembre\u00a0: l\u2019Interprofession de la vigne et du vin du Valais en a profit\u00e9 pour d\u00e9cerner une \u00e9toile d\u2019honneur \u00e0 <strong>Nicolas Bideau<\/strong>, le directeur de Pr\u00e9sence Suisse.<\/p>\n<p>Une nouvelle distinction est n\u00e9e cette ann\u00e9e\u00a0: le <em><strong>Prix Swiss Wine.<\/strong><\/em> Il couronne le vin qui a obtenu le meilleur pointage de la s\u00e9lection cantonale des vins du Valais. En effet, ce sont les vins qui ont \u00e9t\u00e9 les mieux not\u00e9s lors de ce concours, en septembre, qui r\u00e9unit plus de 1&rsquo;000 vins, qui deviennent automatiquement \u00ab\u00e9toiles\u00bb. Le plus haut pointage a donc \u00e9t\u00e9 obtenu par la <strong>Petite Arvine 2015 de Gilbert Devayes, \u00e0 Leytron<\/strong>, un vin que je suis depuis une dizaine d\u2019ann\u00e9es et qui, chaque mill\u00e9sime, exprime la plus belle typicit\u00e9 du c\u00e9page valaisan.<\/p>\n<p>Autre belle r\u00e9compense, pour la <strong>Syrah 2015 de la famille Boven<\/strong>, <strong>Cave Ard\u00e9vaz, \u00e0 Chamoson<\/strong>\u00a0: rappelons que le regrett\u00e9 <strong>Michel Boven<\/strong> fut le premier vigneron de l\u2019ann\u00e9e de Suisse, avant que Vinea co-organise le Grand prix du vin suisse. L\u00e0 encore, des vins pr\u00e8s de l\u2019authenticit\u00e9 du c\u00e9page. M\u00eame remarque pour <strong>Jo\u00ebl et Edith Briguet, de la Cave de la Romaine, \u00e0 Flanthey<\/strong>\u00a0: non contents d\u2019avoir remport\u00e9 plusieurs fois le titre pour leur humagne rouge, ils d\u00e9crochent celui du <strong>Cornalin<\/strong>, avec <strong>Les Empereurs Grande R\u00e9serve 2014<\/strong>, un mill\u00e9sime frais et plus difficile \u00e0 n\u00e9gocier que 2015\u2026<\/p>\n<p>Autre 2014, t\u00e9moignant de la richesse du patrimoine viticole valaisan, le pa\u00efen de la collection <strong>Les Serpentines<\/strong>, d\u2019une cave souvent cit\u00e9e parmi les dix meilleures du Valais, celle de <strong>G\u00e9rald<\/strong>, et d\u00e9sormais de sa fille <strong>Sarah, Besse, \u00e0 Martigny-Croix<\/strong>.<\/p>\n<p>Titre pour une cave discr\u00e8te, mais qui a sign\u00e9 de nombreux vins de haut de gamme comme\u00a0\u00abde base\u00bb, la <a href=\"http:\/\/www.thomasvino.ch\/?p=13270\"><strong>Cave du Vidomne<\/strong><\/a>, de <strong>Meinrad et Catherine Gaillard, \u00e0 Saint-Pierre-de-Clages<\/strong>, distingu\u00e9e par leur d\u00f4le M\u00e9lograno 2015, assemblage traditionnel revisit\u00e9, compos\u00e9 des classiques pinot noir (dominant, l\u00e9galement) et gamay, compl\u00e9t\u00e9s par un peu de diolinoir et de gamaret.<\/p>\n<p>La r\u00e9ccompense, pour l\u2019humagne rouge, revient \u00e0 une \u00abgrande cave\u00bb, appartenant \u00e0 la <a href=\"http:\/\/www.thomasvino.ch\/?p=12252\"><strong>famille Rouvinez<\/strong><\/a>, les <strong>Caves Orsat<\/strong>, \u00e0 <strong>Martigny<\/strong>, et leur <strong>Primus Classicus 2015<\/strong>, sign\u00e9 <strong>Christian Salamin<\/strong>.<\/p>\n<p>Deux blancs \u00abhistoriques\u00bb compl\u00e8tent le tableau. D\u2019abord, <strong>le fendant du Domaine du Grand-Br\u00fbl\u00e9 2015<\/strong>, de l\u2019Etat du Valais, \u00e0 Leytron, un chasselas classique, et le <strong>Johannisberg Goldtropfen 2015<\/strong>, cultiv\u00e9 amoureusement par des passionn\u00e9s de Salquenen, <strong>Reinhard et Christian Schmid<\/strong>, entre Salgesch et Varen\u00a0: c\u2019est la deuxi\u00e8me fois que ce vin obtient le titre supr\u00eame.<\/p>\n<h3>Palmar\u00e8s \u00e0 Zurich pour les rouges vaudois<\/h3>\n<p>Et pour les Vaudois\u00a0? Le journaliste <strong>Martin Kilchmann<\/strong>, une des r\u00e9f\u00e9rences du vin en Suisse al\u00e9manique, r\u00e9dacteur en chef de l\u2019\u00e9dition suisse du magazine autrichien <em>Falstaff<\/em>, et collaborateur r\u00e9gulier de la <em>SonntagsZeitung<\/em>, vient de publier les r\u00e9sultats de ses d\u00e9gustations de vins rouges vaudois. L\u00e0 encore, les noms les plus cit\u00e9s du vingoble vaudois arrivent en t\u00eate.<\/p>\n<p>Certes, il ne s\u2019agit pas d\u2019un concours \u00e0 base large, comme les Etoiles du Valais, mais d\u2019une d\u00e9gustation \u00e0 partir d\u2019une s\u00e9lection. On ne peut pas exclure que des producteurs \u00e9mergents (comme l\u2019invisible et original <strong>Christian Dugon<\/strong>\u2026) passent les mailles du filet. Pourtant, dans le num\u00e9ro de d\u00e9cembre 2016 de <em>Falstaff<\/em>, pr\u00e8s de 50 vins vaudois sont not\u00e9s et cit\u00e9s.<\/p>\n<p>Le <em>\u00abbest off\u00bb<\/em> du pays de Vaud rouge place, \u00e0 <em><strong>93 points<\/strong><\/em>, deux vins du pr\u00e9sident d\u2019<strong>Hamme<\/strong>l, <strong>Charles Rolaz<\/strong>, le <strong>merlot Apicius 2013, du Clos du Ch\u00e2telard<\/strong>, \u00e0 Villeneuve, et la <strong>Syrah 2014, du Clos de la George<\/strong>, \u00e0 Yvorne et le <strong>Pinot noir La Girarde 2012, du Domaine La Colombe, Raymond Paccot, \u00e0 F\u00e9chy<\/strong>.<\/p>\n<p>A <em><strong>92 point<\/strong><\/em>s, un trio form\u00e9 de la <strong>Cuv\u00e9e Charles-Auguste 2012, du Domaine de Crochet, de Charles Rolaz\/Hammel<\/strong>, la <strong>Syrah, cuv\u00e9e S 2013, de Saint-Saphorin, des Grognuz p\u00e8re et fils, Marco et Fran\u00e7ois<\/strong>, et la <strong>Cuv\u00e9e d\u2019Entreroches 2013, du Ch\u00e2teau d\u2019Ecl\u00e9pens, de Fran\u00e7ois de Coulon<\/strong>, en C\u00f4tes-de-l\u2019Orbe.<\/p>\n<p>Troisi\u00e8me trio \u00e0 <em><strong>91 points<\/strong><\/em>, avec le merlot <strong>Le Bernardin 2014<\/strong>, collection Bernard Ravet, <strong>Cidis<\/strong>, sign\u00e9 <strong>Rodrigo Banto<\/strong>, encore un vin de <strong>Charles Rolaz\/Hamme<\/strong>l, la <strong>C\u00f4te Rousse 2013, du Domaine du Montet<\/strong>, \u00e0 Bex, et le pinot noir <strong>Cuv\u00e9e Prestige 2014, du Domaine de la Croix, de Bernard Cav\u00e9<\/strong>, \u00e0 Ollon.<\/p>\n<p>Plus loin dans la m\u00eame \u00e9dition, le seul vin not\u00e9 \u00e0 91\/100, est le <strong>Merlotissimo Mythologie, Domaine La Pierre Latine, \u00e0 Yvorne, de Philippe Gex et Bernard Cav\u00e9<\/strong>. L\u2019\u0153nologue chablaisien place encore sous son nom une <strong>Syrah d\u2019Ollon 2015<\/strong>, en vin de pays, \u00e0 90 + et, \u00e0 90, son <strong>Gamaret 2015<\/strong>, en vin de pays aussi, m\u00eame s\u2019il est d\u00e9sormais vaudois, et son assemblage <strong>Mouvement \u00e0 Trois Temps 2014<\/strong>, \u00e0 l\u2019\u00e9tiquette dessin\u00e9e par le hockeyeur <strong>Eric Walsky<\/strong>, ainsi que l\u2019alter ego en <strong>Mythologie<\/strong> du merlot, le <strong>Pinottisimo 2015<\/strong>.<\/p>\n<p>A <em><strong>90 +<\/strong><\/em>, on trouve le <strong>Gamaret 2014 du Domaine H. Cruchon<\/strong>, \u00e0 Echichens, <strong>La R\u00e9serve Rouge 2014 de La Colombe, de Raymond Paccot<\/strong>, \u00e0 F\u00e9chy, et le <strong>Distinguo 2014 de Cidis, sign\u00e9 Rodrigo Banto.<\/strong><\/p>\n<p>A <em><strong>90<\/strong><\/em>, le <strong>Servagnin 2014 du Domaine H. Cruchon<\/strong>, \u00e0 Echichens, l\u2019<strong>Anthology 2014,<\/strong> assemblage de Saint-Saphorin, des <strong>Grognuz p\u00e8re et fils, Marco et Fran\u00e7ois<\/strong>, deux vins de Hammel et de son pr\u00e9sident, <strong>Charles Rolaz, Anthologie 2013, du Clos du Ch\u00e2telard<\/strong> sur Villeneuse, et le <strong>Quintessencia 2013, du Domaine du Montet<\/strong>, ainsi que la <strong>Cuv\u00e9e Unique 2014 de Bolle &amp; Cie<\/strong> \u00e0 Morges et le <strong>Merlot Lettres de Noblesse 2014 de Badoux Vins<\/strong>.<\/p>\n<p>Les m\u00eames vins, \u00e0 quelques nuances pr\u00e8s, sont cit\u00e9s dans la Sonntagszeitung, en trois classes de prix\u00a0: \u00e9conomy \u00e0 moins de 20 francs (<strong>Gamaret 2014, Cruchon, devant le Ch\u00e2teau de Ch\u00e2gn\u00e9r\u00e9az rouge 2015 et le Gamay Noire Agathe 2015 de Bernard Cav\u00e9<\/strong>), business entre 20 et 30 francs (<strong>La Colombe Rouge R\u00e9serve, devant Distinguo et le Servagnin de Cruchon<\/strong>), enfin, first, \u00e0 plus de 30 francs (<strong>Merlot Apicius\/Hammel, devant La Girarde\/Paccot, la Syrah du Clos de la George\/Hammel, la Syrah S de Grognuz et le merlot Le Bernardin de Cidis\/Banto<\/strong>), le moins cher des plus on\u00e9reux, \u00e0 33.80 fr., pour 42 fr. pour la syrah du <strong>Clos de la George<\/strong>. Et 50 fr. pour les Mythologies de <strong>Gex-Cav\u00e9<\/strong> et 52 fr. pour Quintessencia\/Hammel et 55 fr. pour la Syrah 2015 vin de pays de <strong>Bernard Cav\u00e9<\/strong>. La notori\u00e9t\u00e9 et la raret\u00e9 du vin, en Valais comme en Pays de Vaud, tire, naturellement, les prix vers le haut\u2026<\/p>\n<p>Et on regrettera au passage que la sant\u00e9 pr\u00e9caire de la presse romande ne permette plus de se livrer \u00e0 ce genre d\u2019exercice d\u2019envergure, alors que trois magazines suisses \u00abpapier\u00bb sur le vin se tirent la bourre chaque mois outre-Sarine, le <em>WeinZeitung<\/em> (dont on attend le classement annuel des 100 meilleurs vins suisses), <em>Falstaff<\/em> et <em>Vinum<\/em>, le seul \u00e0 disposer (encore&#8230;) d\u2019une \u00e9dition romande.<\/p>\n<p><em>\u00a9thomasvino.ch<\/em><\/p>\n","protected":false},"excerpt":{"rendered":"<p>Le palmar\u00e8s des Etoiles du Valais 2016, onzi\u00e8me \u00e9dition, est particuli\u00e8rement remarquable, cette ann\u00e9e. Quelques unes des meilleures caves du Vieux-Pays sont honor\u00e9es. Par Pierre Thomas La proclamation officielle du palmar\u00e8s a eu lieu \u00e0 Zurich, le jeudi 1er d\u00e9cembre\u00a0: l\u2019Interprofession de la vigne et du vin du Valais en a profit\u00e9 pour d\u00e9cerner une [&hellip;]<\/p>\n","protected":false},"author":3,"featured_media":0,"comment_status":"closed","ping_status":"open","sticky":false,"template":"","format":"standard","meta":{"_monsterinsights_skip_tracking":false,"_monsterinsights_sitenote_active":false,"_monsterinsights_sitenote_note":"","_monsterinsights_sitenote_category":0,"jetpack_post_was_ever_published":false,"jetpack_publicize_message":"","jetpack_is_tweetstorm":false,"jetpack_publicize_feature_enabled":true,"jetpack_social_post_already_shared":true,"jetpack_social_options":{"image_generator_settings":{"template":"highway","enabled":false}}},"categories":[29],"tags":[482,1427,427,1430,778,280,1429,297,1428,1426,481,109],"jetpack_publicize_connections":[],"yoast_head":"<!-- This site is optimized with the Yoast SEO plugin v20.6 - https:\/\/yoast.com\/wordpress\/plugins\/seo\/ -->\n<title>Vins valaisans et vaudois \u2014 Les vedettes se profilent - thomasvino<\/title>\n<meta name=\"robots\" content=\"index, follow, max-snippet:-1, max-image-preview:large, max-video-preview:-1\" \/>\n<link rel=\"canonical\" href=\"https:\/\/thomasvino.ch\/?p=13981\" \/>\n<meta property=\"og:locale\" content=\"fr_FR\" \/>\n<meta property=\"og:type\" content=\"article\" \/>\n<meta property=\"og:title\" content=\"Vins valaisans et vaudois \u2014 Les vedettes se profilent - thomasvino\" \/>\n<meta property=\"og:description\" content=\"Le palmar\u00e8s des Etoiles du Valais 2016, onzi\u00e8me \u00e9dition, est particuli\u00e8rement remarquable, cette ann\u00e9e. Quelques unes des meilleures caves du Vieux-Pays sont honor\u00e9es. Par Pierre Thomas La proclamation officielle du palmar\u00e8s a eu lieu \u00e0 Zurich, le jeudi 1er d\u00e9cembre\u00a0: l\u2019Interprofession de la vigne et du vin du Valais en a profit\u00e9 pour d\u00e9cerner une [&hellip;]\" \/>\n<meta property=\"og:url\" content=\"https:\/\/thomasvino.ch\/?p=13981\" \/>\n<meta property=\"og:site_name\" content=\"thomasvino\" \/>\n<meta property=\"article:published_time\" content=\"2016-12-01T10:59:26+00:00\" \/>\n<meta name=\"author\" content=\"Pierre Thomas\" \/>\n<meta name=\"twitter:label1\" content=\"\u00c9crit par\" \/>\n\t<meta name=\"twitter:data1\" content=\"Pierre Thomas\" \/>\n\t<meta name=\"twitter:label2\" content=\"Dur\u00e9e de lecture estim\u00e9e\" \/>\n\t<meta name=\"twitter:data2\" content=\"6 minutes\" \/>\n<script type=\"application\/ld+json\" class=\"yoast-schema-graph\">{\"@context\":\"https:\/\/schema.org\",\"@graph\":[{\"@type\":\"WebPage\",\"@id\":\"https:\/\/thomasvino.ch\/?p=13981\",\"url\":\"https:\/\/thomasvino.ch\/?p=13981\",\"name\":\"Vins valaisans et vaudois \u2014 Les vedettes se profilent - thomasvino\",\"isPartOf\":{\"@id\":\"https:\/\/thomasvino.ch\/#website\"},\"datePublished\":\"2016-12-01T10:59:26+00:00\",\"dateModified\":\"2016-12-01T10:59:26+00:00\",\"author\":{\"@id\":\"https:\/\/thomasvino.ch\/#\/schema\/person\/670bf4486fe81152cf1d68bd585e062e\"},\"breadcrumb\":{\"@id\":\"https:\/\/thomasvino.ch\/?p=13981#breadcrumb\"},\"inLanguage\":\"fr-FR\",\"potentialAction\":[{\"@type\":\"ReadAction\",\"target\":[\"https:\/\/thomasvino.ch\/?p=13981\"]}]},{\"@type\":\"BreadcrumbList\",\"@id\":\"https:\/\/thomasvino.ch\/?p=13981#breadcrumb\",\"itemListElement\":[{\"@type\":\"ListItem\",\"position\":1,\"name\":\"Accueil\",\"item\":\"https:\/\/thomasvino.ch\/\"},{\"@type\":\"ListItem\",\"position\":2,\"name\":\"Vins valaisans et vaudois \u2014 Les vedettes se profilent\"}]},{\"@type\":\"WebSite\",\"@id\":\"https:\/\/thomasvino.ch\/#website\",\"url\":\"https:\/\/thomasvino.ch\/\",\"name\":\"thomasvino\",\"description\":\"Vins &amp; Gastronomie\",\"potentialAction\":[{\"@type\":\"SearchAction\",\"target\":{\"@type\":\"EntryPoint\",\"urlTemplate\":\"https:\/\/thomasvino.ch\/?s={search_term_string}\"},\"query-input\":\"required name=search_term_string\"}],\"inLanguage\":\"fr-FR\"},{\"@type\":\"Person\",\"@id\":\"https:\/\/thomasvino.ch\/#\/schema\/person\/670bf4486fe81152cf1d68bd585e062e\",\"name\":\"Pierre Thomas\",\"image\":{\"@type\":\"ImageObject\",\"inLanguage\":\"fr-FR\",\"@id\":\"https:\/\/thomasvino.ch\/#\/schema\/person\/image\/\",\"url\":\"https:\/\/secure.gravatar.com\/avatar\/91fd5a76647f140e53db987a0dead4d7?s=96&d=mm&r=g\",\"contentUrl\":\"https:\/\/secure.gravatar.com\/avatar\/91fd5a76647f140e53db987a0dead4d7?s=96&d=mm&r=g\",\"caption\":\"Pierre Thomas\"},\"url\":\"https:\/\/thomasvino.ch\/?author=3\"}]}<\/script>\n<!-- \/ Yoast SEO plugin. -->","yoast_head_json":{"title":"Vins valaisans et vaudois \u2014 Les vedettes se profilent - thomasvino","robots":{"index":"index","follow":"follow","max-snippet":"max-snippet:-1","max-image-preview":"max-image-preview:large","max-video-preview":"max-video-preview:-1"},"canonical":"https:\/\/thomasvino.ch\/?p=13981","og_locale":"fr_FR","og_type":"article","og_title":"Vins valaisans et vaudois \u2014 Les vedettes se profilent - thomasvino","og_description":"Le palmar\u00e8s des Etoiles du Valais 2016, onzi\u00e8me \u00e9dition, est particuli\u00e8rement remarquable, cette ann\u00e9e. Quelques unes des meilleures caves du Vieux-Pays sont honor\u00e9es. Par Pierre Thomas La proclamation officielle du palmar\u00e8s a eu lieu \u00e0 Zurich, le jeudi 1er d\u00e9cembre\u00a0: l\u2019Interprofession de la vigne et du vin du Valais en a profit\u00e9 pour d\u00e9cerner une [&hellip;]","og_url":"https:\/\/thomasvino.ch\/?p=13981","og_site_name":"thomasvino","article_published_time":"2016-12-01T10:59:26+00:00","author":"Pierre Thomas","twitter_misc":{"\u00c9crit par":"Pierre Thomas","Dur\u00e9e de lecture estim\u00e9e":"6 minutes"},"schema":{"@context":"https:\/\/schema.org","@graph":[{"@type":"WebPage","@id":"https:\/\/thomasvino.ch\/?p=13981","url":"https:\/\/thomasvino.ch\/?p=13981","name":"Vins valaisans et vaudois \u2014 Les vedettes se profilent - thomasvino","isPartOf":{"@id":"https:\/\/thomasvino.ch\/#website"},"datePublished":"2016-12-01T10:59:26+00:00","dateModified":"2016-12-01T10:59:26+00:00","author":{"@id":"https:\/\/thomasvino.ch\/#\/schema\/person\/670bf4486fe81152cf1d68bd585e062e"},"breadcrumb":{"@id":"https:\/\/thomasvino.ch\/?p=13981#breadcrumb"},"inLanguage":"fr-FR","potentialAction":[{"@type":"ReadAction","target":["https:\/\/thomasvino.ch\/?p=13981"]}]},{"@type":"BreadcrumbList","@id":"https:\/\/thomasvino.ch\/?p=13981#breadcrumb","itemListElement":[{"@type":"ListItem","position":1,"name":"Accueil","item":"https:\/\/thomasvino.ch\/"},{"@type":"ListItem","position":2,"name":"Vins valaisans et vaudois \u2014 Les vedettes se profilent"}]},{"@type":"WebSite","@id":"https:\/\/thomasvino.ch\/#website","url":"https:\/\/thomasvino.ch\/","name":"thomasvino","description":"Vins &amp; Gastronomie","potentialAction":[{"@type":"SearchAction","target":{"@type":"EntryPoint","urlTemplate":"https:\/\/thomasvino.ch\/?s={search_term_string}"},"query-input":"required name=search_term_string"}],"inLanguage":"fr-FR"},{"@type":"Person","@id":"https:\/\/thomasvino.ch\/#\/schema\/person\/670bf4486fe81152cf1d68bd585e062e","name":"Pierre Thomas","image":{"@type":"ImageObject","inLanguage":"fr-FR","@id":"https:\/\/thomasvino.ch\/#\/schema\/person\/image\/","url":"https:\/\/secure.gravatar.com\/avatar\/91fd5a76647f140e53db987a0dead4d7?s=96&d=mm&r=g","contentUrl":"https:\/\/secure.gravatar.com\/avatar\/91fd5a76647f140e53db987a0dead4d7?s=96&d=mm&r=g","caption":"Pierre Thomas"},"url":"https:\/\/thomasvino.ch\/?author=3"}]}},"jetpack_featured_media_url":"","jetpack_sharing_enabled":true,"jetpack_shortlink":"https:\/\/wp.me\/p3m4tZ-3Dv","jetpack_likes_enabled":false,"jetpack-related-posts":[{"id":18339,"url":"https:\/\/thomasvino.ch\/?p=18339","url_meta":{"origin":13981,"position":0},"title":"Etoiles du Valais 2023\u00a0: un liquoreux, enfin\u00a0!","date":"21 novembre 2023","format":false,"excerpt":"Une neuvi\u00e8me \u00e9toile a \u00e9t\u00e9 attribu\u00e9e aux meilleurs vins de la S\u00e9lection du Valais 2023 : elle est attribu\u00e9e au mieux not\u00e9 des liquoreux. En plus des huit champions cantonaux, qui l\u2019ont emport\u00e9 parmi les 900 crus \u00e9valu\u00e9s en septembre. Jusqu\u2019ici, les \u00e9toiles du Valais r\u00e9compensaient depuis 18 ans quatre\u2026","rel":"","context":"Dans &quot;Actus - News&quot;","img":{"alt_text":"","src":"","width":0,"height":0},"classes":[]},{"id":14737,"url":"https:\/\/thomasvino.ch\/?p=14737","url_meta":{"origin":13981,"position":1},"title":"Etoiles du Valais\u00a0: un cornalin au firmament","date":"6 d\u00e9cembre 2017","format":false,"excerpt":"Remises le jour de la Saint-Nicolas, aujourd'hui 6 d\u00e9cembre, dans un restaurant de Berne, les \u00ab\u00e9toiles du Valais\u00bb r\u00e9compensent les vins les mieux not\u00e9s \u00e0 la S\u00e9lection des vins du Valais, en septembre. Le cornalin d\u2019une cave r\u00e9cemment reprise figure au firmament et est r\u00e9compens\u00e9e du prix Swiss Wine. C\u2019\u00e9tait\u2026","rel":"","context":"Dans &quot;Actus - News&quot;","img":{"alt_text":"","src":"https:\/\/i0.wp.com\/thomasvino.ch\/wp-content\/uploads\/2017\/12\/site_vinsvs_chaibaron-300x300.jpg?resize=350%2C200&ssl=1","width":350,"height":200},"classes":[]},{"id":12491,"url":"https:\/\/thomasvino.ch\/?p=12491","url_meta":{"origin":13981,"position":2},"title":"Etoiles du Valais 2014  Une hi\u00e9rarchie largement confirm\u00e9e","date":"8 janvier 2015","format":false,"excerpt":"Pour la neuvi\u00e8me fois, un jury \u00abad hoc\u00bb a d\u00e9sign\u00e9 les meilleurs vins valaisans. La remise de ces \u00ab\u00e9toiles du Valais\u00bb a eu lieu \u00e0 Zurich, d\u00e9but d\u00e9cembre. Hormis l\u2019op\u00e9ration de relations publiques en Suisse al\u00e9manique, les \u00ab\u00e9toiles\u00bb tracent la \u00abvoie lact\u00e9e\u00bb des producteurs les plus en vue de l\u2019ann\u00e9e\u2026\u2026","rel":"","context":"Dans &quot;Vins suisses&quot;","img":{"alt_text":"","src":"","width":0,"height":0},"classes":[]},{"id":9964,"url":"https:\/\/thomasvino.ch\/?p=9964","url_meta":{"origin":13981,"position":3},"title":"Les syrahs valaisannes brillent \u00e0 Bruxelles","date":"8 mai 2007","format":false,"excerpt":"Des syrahs du Valais brillent \u00e0 Bruxelles.Avec 5460 vins d\u2019une quarantaine de pays, le Concours mondial de Bruxelles, qui s\u2019est d\u00e9roul\u00e9 au d\u00e9but mai 2007 \u00e0 Maastricht, aux Pays-Bas, est un des plus importants du monde du vin. Avec 172 vins, la Suisse y \u00e9tait bien repr\u00e9sent\u00e9e, derri\u00e8re le trio\u2026","rel":"","context":"Dans &quot;Actus - News&quot;","img":{"alt_text":"","src":"","width":0,"height":0},"classes":[]},{"id":16968,"url":"https:\/\/thomasvino.ch\/?p=16968","url_meta":{"origin":13981,"position":4},"title":"S\u00e9lection des vins du Valais 2020: 15\u00e8me \u00e9dition et paysage redessin\u00e9","date":"25 novembre 2020","format":false,"excerpt":"N\u2019est-ce qu\u2019une impression\u00a0? Mais le palmar\u00e8s de la 15\u00e8me S\u00e9lection des vins du Valais, d\u00e9voil\u00e9 sur Youtube (Covid oblige), mercredi 25 novembre 2020, redessine le paysage du Vieux-Pays avec quelques encaveurs plus jeunes et moins connus. Ces huit vins, qui, eux seuls, ont droit au titre d\u2019Etoile d\u2019or, sont les\u2026","rel":"","context":"Dans &quot;Vins suisses&quot;","img":{"alt_text":"","src":"https:\/\/i0.wp.com\/thomasvino.ch\/wp-content\/uploads\/2020\/11\/vinsVS_selec2020-300x300.jpg?resize=350%2C200&ssl=1","width":350,"height":200},"classes":[]},{"id":18083,"url":"https:\/\/thomasvino.ch\/?p=18083","url_meta":{"origin":13981,"position":5},"title":"A Bordeaux et en Bourgogne: un printemps en or!","date":"15 mars 2023","format":false,"excerpt":"Les jur\u00e9s des Vinalies internationales de Paris, jou\u00e9es \u00e0 Bordeaux cette ann\u00e9e, se sont l\u00e2ch\u00e9s sur les m\u00e9dailles \u00abgrand or\u00bb : 84 toutes cat\u00e9gories confondues (vins et spiritueux). Et le Valais en aligne 7, plus une genevoise. Au plus haut niveau, seule la France, avec 27 breloques, le Portugal, avec\u2026","rel":"","context":"Dans &quot;Actus - News&quot;","img":{"alt_text":"","src":"","width":0,"height":0},"classes":[]}],"_links":{"self":[{"href":"https:\/\/thomasvino.ch\/index.php?rest_route=\/wp\/v2\/posts\/13981"}],"collection":[{"href":"https:\/\/thomasvino.ch\/index.php?rest_route=\/wp\/v2\/posts"}],"about":[{"href":"https:\/\/thomasvino.ch\/index.php?rest_route=\/wp\/v2\/types\/post"}],"author":[{"embeddable":true,"href":"https:\/\/thomasvino.ch\/index.php?rest_route=\/wp\/v2\/users\/3"}],"replies":[{"embeddable":true,"href":"https:\/\/thomasvino.ch\/index.php?rest_route=%2Fwp%2Fv2%2Fcomments&post=13981"}],"version-history":[{"count":0,"href":"https:\/\/thomasvino.ch\/index.php?rest_route=\/wp\/v2\/posts\/13981\/revisions"}],"wp:attachment":[{"href":"https:\/\/thomasvino.ch\/index.php?rest_route=%2Fwp%2Fv2%2Fmedia&parent=13981"}],"wp:term":[{"taxonomy":"category","embeddable":true,"href":"https:\/\/thomasvino.ch\/index.php?rest_route=%2Fwp%2Fv2%2Fcategories&post=13981"},{"taxonomy":"post_tag","embeddable":true,"href":"https:\/\/thomasvino.ch\/index.php?rest_route=%2Fwp%2Fv2%2Ftags&post=13981"}],"curies":[{"name":"wp","href":"https:\/\/api.w.org\/{rel}","templated":true}]}}