{"id":13984,"date":"2016-12-04T18:12:04","date_gmt":"2016-12-04T17:12:04","guid":{"rendered":"http:\/\/www.thomasvino.ch\/?p=13984"},"modified":"2016-12-04T18:12:04","modified_gmt":"2016-12-04T17:12:04","slug":"des-cigares-comme-des-grands-crus","status":"publish","type":"post","link":"https:\/\/thomasvino.ch\/?p=13984","title":{"rendered":"Des cigares comme des grands crus"},"content":{"rendered":"<p><strong>Fumer le cigare est un <em>\u00abmust\u00bb<\/em> cultiv\u00e9 par des amateurs toujours plus jeunes. Que cachent ces cylindres de feuilles de tabac qui ont conquis l\u2019Europe depuis un demi-mill\u00e9naire? Visite dans les plantations de Davidoff, en R\u00e9publique dominicaine.<\/strong><\/p>\n<p><a href=\"http:\/\/www.thomasvino.ch\/?attachment_id=13986\" rel=\"attachment wp-att-13986\"><img data-attachment-id=\"13986\" data-permalink=\"https:\/\/thomasvino.ch\/?attachment_id=13986\" data-orig-file=\"https:\/\/i0.wp.com\/thomasvino.ch\/wp-content\/uploads\/2016\/12\/ci0_roule.jp_.jpg?fit=2888%2C2181&amp;ssl=1\" data-orig-size=\"2888,2181\" data-comments-opened=\"0\" data-image-meta=\"{&quot;aperture&quot;:&quot;2.2&quot;,&quot;credit&quot;:&quot;&quot;,&quot;camera&quot;:&quot;iPhone 6&quot;,&quot;caption&quot;:&quot;&quot;,&quot;created_timestamp&quot;:&quot;1455794169&quot;,&quot;copyright&quot;:&quot;&quot;,&quot;focal_length&quot;:&quot;4.15&quot;,&quot;iso&quot;:&quot;64&quot;,&quot;shutter_speed&quot;:&quot;0.033333333333333&quot;,&quot;title&quot;:&quot;&quot;,&quot;orientation&quot;:&quot;1&quot;}\" data-image-title=\"ci0_roule-jp\" data-image-description=\"\" data-image-caption=\"\" data-medium-file=\"https:\/\/i0.wp.com\/thomasvino.ch\/wp-content\/uploads\/2016\/12\/ci0_roule.jp_.jpg?fit=300%2C227&amp;ssl=1\" data-large-file=\"https:\/\/i0.wp.com\/thomasvino.ch\/wp-content\/uploads\/2016\/12\/ci0_roule.jp_.jpg?fit=1024%2C773&amp;ssl=1\" loading=\"lazy\" class=\"aligncenter size-medium wp-image-13986\" src=\"https:\/\/i0.wp.com\/www.thomasvino.ch\/wp-content\/uploads\/2016\/12\/ci0_roule.jp_-300x227.jpg?resize=300%2C227\" alt=\"ci0_roule-jp\" width=\"300\" height=\"227\" srcset=\"https:\/\/i0.wp.com\/thomasvino.ch\/wp-content\/uploads\/2016\/12\/ci0_roule.jp_.jpg?resize=300%2C227&amp;ssl=1 300w, https:\/\/i0.wp.com\/thomasvino.ch\/wp-content\/uploads\/2016\/12\/ci0_roule.jp_.jpg?resize=768%2C580&amp;ssl=1 768w, https:\/\/i0.wp.com\/thomasvino.ch\/wp-content\/uploads\/2016\/12\/ci0_roule.jp_.jpg?resize=1024%2C773&amp;ssl=1 1024w, https:\/\/i0.wp.com\/thomasvino.ch\/wp-content\/uploads\/2016\/12\/ci0_roule.jp_.jpg?w=2000&amp;ssl=1 2000w\" sizes=\"(max-width: 300px) 100vw, 300px\" data-recalc-dims=\"1\" \/><\/a><\/p>\n<p><em>Texte et photos : Pierre Thomas<\/em><\/p>\n<p><a href=\"http:\/\/www.thomasvino.ch\/?attachment_id=13985\" rel=\"attachment wp-att-13985\"><img data-attachment-id=\"13985\" data-permalink=\"https:\/\/thomasvino.ch\/?attachment_id=13985\" data-orig-file=\"https:\/\/i0.wp.com\/thomasvino.ch\/wp-content\/uploads\/2016\/12\/cig1_champ.jpg?fit=3264%2C2448&amp;ssl=1\" data-orig-size=\"3264,2448\" data-comments-opened=\"0\" data-image-meta=\"{&quot;aperture&quot;:&quot;2.2&quot;,&quot;credit&quot;:&quot;&quot;,&quot;camera&quot;:&quot;iPhone 6&quot;,&quot;caption&quot;:&quot;&quot;,&quot;created_timestamp&quot;:&quot;1455696918&quot;,&quot;copyright&quot;:&quot;&quot;,&quot;focal_length&quot;:&quot;4.15&quot;,&quot;iso&quot;:&quot;32&quot;,&quot;shutter_speed&quot;:&quot;0.001466275659824&quot;,&quot;title&quot;:&quot;&quot;,&quot;orientation&quot;:&quot;1&quot;}\" data-image-title=\"cig1_champ\" data-image-description=\"\" data-image-caption=\"\" data-medium-file=\"https:\/\/i0.wp.com\/thomasvino.ch\/wp-content\/uploads\/2016\/12\/cig1_champ.jpg?fit=300%2C225&amp;ssl=1\" data-large-file=\"https:\/\/i0.wp.com\/thomasvino.ch\/wp-content\/uploads\/2016\/12\/cig1_champ.jpg?fit=1024%2C768&amp;ssl=1\" loading=\"lazy\" class=\"alignleft size-medium wp-image-13985\" src=\"https:\/\/i0.wp.com\/www.thomasvino.ch\/wp-content\/uploads\/2016\/12\/cig1_champ-300x225.jpg?resize=300%2C225\" alt=\"cig1_champ\" width=\"300\" height=\"225\" srcset=\"https:\/\/i0.wp.com\/thomasvino.ch\/wp-content\/uploads\/2016\/12\/cig1_champ.jpg?resize=300%2C225&amp;ssl=1 300w, https:\/\/i0.wp.com\/thomasvino.ch\/wp-content\/uploads\/2016\/12\/cig1_champ.jpg?resize=768%2C576&amp;ssl=1 768w, https:\/\/i0.wp.com\/thomasvino.ch\/wp-content\/uploads\/2016\/12\/cig1_champ.jpg?resize=1024%2C768&amp;ssl=1 1024w, https:\/\/i0.wp.com\/thomasvino.ch\/wp-content\/uploads\/2016\/12\/cig1_champ.jpg?w=2000&amp;ssl=1 2000w, https:\/\/i0.wp.com\/thomasvino.ch\/wp-content\/uploads\/2016\/12\/cig1_champ.jpg?w=3000&amp;ssl=1 3000w\" sizes=\"(max-width: 300px) 100vw, 300px\" data-recalc-dims=\"1\" \/><\/a>Le paysage est \u00e0 couper le souffle dans sa qui\u00e9tude matinale. Loin des plages qui font la r\u00e9putation de la R\u00e9publique dominicaine, au c\u0153ur des Cara\u00efbes (deux tiers de l\u2019\u00eele d\u2019Hispaniola, partag\u00e9e avec Haiti, \u00e0 l\u2019ouest) \u00e0 Jicom\u00e9, non loin de la ville de Santiago de los Caballeros, le bleu m\u00e9tallique du ciel contraste avec les verts lustr\u00e9s des feuilles de tabac, qui s\u00e8chent leur ros\u00e9e matinale.<\/p>\n<p>La plante, amen\u00e9e en Europe par <strong>Christophe Colomb<\/strong> en 1492, est originaire de ces latitudes, o\u00f9 chaleur et humidit\u00e9 sont favorables \u00e0 la culture du \u00abtabac noir\u00bb, par opposition au tabac blond destin\u00e9 aux cigarettes.<\/p>\n<p>A El Rancho, on s\u2019essaie aux premi\u00e8res \u00e9tapes des pr\u00e9misses de ce qui deviendra, apr\u00e8s 170 \u00e9tapes et 300 op\u00e9rations, un objet de luxe, un cigare, fabriqu\u00e9 \u00e0 la main de A \u00e0 Z. Et pour obtenir ce r\u00e9sultat, il ne faudra pas moins de cinq ans, de la plantation aux volutes. On plante donc dans la terre meuble une pousse d\u2019une des 70 vari\u00e9t\u00e9s de tabac, <em>\u00abqui est au cigare ce que le c\u00e9page est au vin\u00bb<\/em>, commente le ma\u00eetre <strong>Henke Kelner.<\/strong> Ce septuag\u00e9naire fut, \u00e0 Cuba, un des fid\u00e8les de <strong>Zino Davidoff,<\/strong> mort \u00e0 Gen\u00e8ve en 1994, \u00e0 88 ans. C\u2019est lui qui a mondialis\u00e9 le commerce du cigare. Et si la majorit\u00e9 des vari\u00e9t\u00e9s de tabac sont originaires de Cuba, <strong>Zino<\/strong>, qui finit par se brouiller avec le r\u00e9gime de <strong>Fidel Castro<\/strong>, d\u00e9localisa ses plantations sur l\u2019\u00eele voisine, il y a vingt-cinq ans.<\/p>\n<p><a href=\"http:\/\/www.thomasvino.ch\/?attachment_id=13987\" rel=\"attachment wp-att-13987\"><img data-attachment-id=\"13987\" data-permalink=\"https:\/\/thomasvino.ch\/?attachment_id=13987\" data-orig-file=\"https:\/\/i0.wp.com\/thomasvino.ch\/wp-content\/uploads\/2016\/12\/cig2_trifeuilles.jpg?fit=2901%2C1900&amp;ssl=1\" data-orig-size=\"2901,1900\" data-comments-opened=\"0\" data-image-meta=\"{&quot;aperture&quot;:&quot;2.2&quot;,&quot;credit&quot;:&quot;&quot;,&quot;camera&quot;:&quot;iPhone 6&quot;,&quot;caption&quot;:&quot;&quot;,&quot;created_timestamp&quot;:&quot;1455709302&quot;,&quot;copyright&quot;:&quot;&quot;,&quot;focal_length&quot;:&quot;4.15&quot;,&quot;iso&quot;:&quot;40&quot;,&quot;shutter_speed&quot;:&quot;0.016666666666667&quot;,&quot;title&quot;:&quot;&quot;,&quot;orientation&quot;:&quot;1&quot;}\" data-image-title=\"cig2_trifeuilles\" data-image-description=\"\" data-image-caption=\"\" data-medium-file=\"https:\/\/i0.wp.com\/thomasvino.ch\/wp-content\/uploads\/2016\/12\/cig2_trifeuilles.jpg?fit=300%2C196&amp;ssl=1\" data-large-file=\"https:\/\/i0.wp.com\/thomasvino.ch\/wp-content\/uploads\/2016\/12\/cig2_trifeuilles.jpg?fit=1024%2C671&amp;ssl=1\" loading=\"lazy\" class=\"alignleft size-medium wp-image-13987\" src=\"https:\/\/i0.wp.com\/www.thomasvino.ch\/wp-content\/uploads\/2016\/12\/cig2_trifeuilles-300x196.jpg?resize=300%2C196\" alt=\"cig2_trifeuilles\" width=\"300\" height=\"196\" srcset=\"https:\/\/i0.wp.com\/thomasvino.ch\/wp-content\/uploads\/2016\/12\/cig2_trifeuilles.jpg?resize=300%2C196&amp;ssl=1 300w, https:\/\/i0.wp.com\/thomasvino.ch\/wp-content\/uploads\/2016\/12\/cig2_trifeuilles.jpg?resize=768%2C503&amp;ssl=1 768w, https:\/\/i0.wp.com\/thomasvino.ch\/wp-content\/uploads\/2016\/12\/cig2_trifeuilles.jpg?resize=1024%2C671&amp;ssl=1 1024w, https:\/\/i0.wp.com\/thomasvino.ch\/wp-content\/uploads\/2016\/12\/cig2_trifeuilles.jpg?resize=207%2C136&amp;ssl=1 207w, https:\/\/i0.wp.com\/thomasvino.ch\/wp-content\/uploads\/2016\/12\/cig2_trifeuilles.jpg?resize=260%2C170&amp;ssl=1 260w, https:\/\/i0.wp.com\/thomasvino.ch\/wp-content\/uploads\/2016\/12\/cig2_trifeuilles.jpg?resize=430%2C283&amp;ssl=1 430w, https:\/\/i0.wp.com\/thomasvino.ch\/wp-content\/uploads\/2016\/12\/cig2_trifeuilles.jpg?w=2000&amp;ssl=1 2000w\" sizes=\"(max-width: 300px) 100vw, 300px\" data-recalc-dims=\"1\" \/><\/a>Les feuilles de tabac se cueillent de bas en haut. Chacune correspond \u00e0 une texture et \u00e0 une qualit\u00e9 pr\u00e9cise. Apr\u00e8s s\u00e8chage \u00e0 l\u2019air dans un hangar, le tabac sera achemin\u00e9e dans l\u2019une des quatre usines que <strong>Davidoff<\/strong> exploite en R\u00e9publique dominicaine.<\/p>\n<h3><strong>Une image rajeunie<\/strong><\/h3>\n<p>Le cigare est devenu un produit de luxe, dont le prix est un multiple du co\u00fbt local de production, <em>\u00abmais pas plus qu\u2019un grand vin par rapport au raisin\u00bb<\/em>, pr\u00e9cise <strong>Hans-Kristian Hoejsgaard<\/strong>. Pour le patron de la maison b\u00e2loise Oettinger-Davidoff, ces dix derni\u00e8res ann\u00e9es, le cigare s\u2019est d\u00e9mocratis\u00e9 et rajeuni\u00a0: <em>\u00abAux Etats-Unis et en Europe, la client\u00e8le a pass\u00e9 sous la barre des 50 ans, avec un int\u00e9r\u00eat qui pointe d\u00e9j\u00e0 chez les 28 \u2013 35 ans.\u00bb<\/em><\/p>\n<p><a href=\"http:\/\/www.thomasvino.ch\/?attachment_id=13989\" rel=\"attachment wp-att-13989\"><img data-attachment-id=\"13989\" data-permalink=\"https:\/\/thomasvino.ch\/?attachment_id=13989\" data-orig-file=\"https:\/\/i0.wp.com\/thomasvino.ch\/wp-content\/uploads\/2016\/12\/ci3_carton.jpg?fit=3264%2C2448&amp;ssl=1\" data-orig-size=\"3264,2448\" data-comments-opened=\"0\" data-image-meta=\"{&quot;aperture&quot;:&quot;2.2&quot;,&quot;credit&quot;:&quot;&quot;,&quot;camera&quot;:&quot;iPhone 6&quot;,&quot;caption&quot;:&quot;&quot;,&quot;created_timestamp&quot;:&quot;1455711227&quot;,&quot;copyright&quot;:&quot;&quot;,&quot;focal_length&quot;:&quot;4.15&quot;,&quot;iso&quot;:&quot;160&quot;,&quot;shutter_speed&quot;:&quot;0.033333333333333&quot;,&quot;title&quot;:&quot;&quot;,&quot;orientation&quot;:&quot;1&quot;}\" data-image-title=\"ci3_carton\" data-image-description=\"\" data-image-caption=\"\" data-medium-file=\"https:\/\/i0.wp.com\/thomasvino.ch\/wp-content\/uploads\/2016\/12\/ci3_carton.jpg?fit=300%2C225&amp;ssl=1\" data-large-file=\"https:\/\/i0.wp.com\/thomasvino.ch\/wp-content\/uploads\/2016\/12\/ci3_carton.jpg?fit=1024%2C768&amp;ssl=1\" loading=\"lazy\" class=\"alignleft size-medium wp-image-13989\" src=\"https:\/\/i0.wp.com\/www.thomasvino.ch\/wp-content\/uploads\/2016\/12\/ci3_carton-300x225.jpg?resize=300%2C225\" alt=\"ci3_carton\" width=\"300\" height=\"225\" srcset=\"https:\/\/i0.wp.com\/thomasvino.ch\/wp-content\/uploads\/2016\/12\/ci3_carton.jpg?resize=300%2C225&amp;ssl=1 300w, https:\/\/i0.wp.com\/thomasvino.ch\/wp-content\/uploads\/2016\/12\/ci3_carton.jpg?resize=768%2C576&amp;ssl=1 768w, https:\/\/i0.wp.com\/thomasvino.ch\/wp-content\/uploads\/2016\/12\/ci3_carton.jpg?resize=1024%2C768&amp;ssl=1 1024w, https:\/\/i0.wp.com\/thomasvino.ch\/wp-content\/uploads\/2016\/12\/ci3_carton.jpg?w=2000&amp;ssl=1 2000w, https:\/\/i0.wp.com\/thomasvino.ch\/wp-content\/uploads\/2016\/12\/ci3_carton.jpg?w=3000&amp;ssl=1 3000w\" sizes=\"(max-width: 300px) 100vw, 300px\" data-recalc-dims=\"1\" \/><\/a>Il n\u2019y a certes de <em>\u00abhavane\u00bb<\/em> que de Cuba, o\u00f9 l\u2019appellation est prot\u00e9g\u00e9e depuis 1967, mais aujourd\u2019hui la R\u00e9publique dominicaine est devenue le leader de la fabrication des cigares de prestige. Ceux du groupe sont contr\u00f4l\u00e9s sur place, mais passent tous par le si\u00e8ge de B\u00e2le, o\u00f9 sont aussi \u00e9labor\u00e9s les m\u00e9langes destin\u00e9s \u00e0 de nouveaux produits. Car, il faut toujours se renouveler\u00a0: le groupe propose une quarantaine de nouveau cigare chaque ann\u00e9e. Ainsi, d\u2019entente avec le petit-fils de l\u2019homme d\u2019Etat britannique, <strong>Winston Churchill<\/strong> a \u00e9t\u00e9 relanc\u00e9 au d\u00e9but 2015, <em>\u00abavec un grand succ\u00e8s\u00bb<\/em>, assure <strong>Hans-Kristian Hoejsgaard<\/strong>. Elle vient de remporter, en septembre 2016, le titre de meilleure marque de la R\u00e9publique dominicaine, attribu\u00e9 par le <em>Cigar Journal<\/em>, de Miami, qui fait autorit\u00e9 en la mati\u00e8re.<\/p>\n<p>Malgr\u00e9 les interdictions de fumer en public, le cigare est redevenu tr\u00e8s tendance dans les villes am\u00e9ricaines. La Chine repr\u00e9sente un immense march\u00e9, moins dans la population traditionnelle, qui lui pr\u00e9f\u00e8re la cigarette, que dans la classe moyenne, qui se d\u00e9veloppe \u00e0 la vitesse grand V. <em>\u00abLes Chinois sont devenus les premiers amateurs de bordeaux. Nous visons la m\u00eame client\u00e8le, sensible aux signes ext\u00e9rieurs de la r\u00e9ussite\u00bb<\/em>, explique le boss, en expert, puisque ce fils de vendeur de cigares danois a travaill\u00e9 pour des r\u00e9seaux de distribution de vins et d\u2019alcools en Asie.<\/p>\n<h3><strong>Comme un grand vin<\/strong><\/h3>\n<p><a href=\"http:\/\/www.thomasvino.ch\/?attachment_id=13988\" rel=\"attachment wp-att-13988\"><img data-attachment-id=\"13988\" data-permalink=\"https:\/\/thomasvino.ch\/?attachment_id=13988\" data-orig-file=\"https:\/\/i0.wp.com\/thomasvino.ch\/wp-content\/uploads\/2016\/12\/ci5_rouleB.jp_.jpg?fit=3264%2C2448&amp;ssl=1\" data-orig-size=\"3264,2448\" data-comments-opened=\"0\" data-image-meta=\"{&quot;aperture&quot;:&quot;2.2&quot;,&quot;credit&quot;:&quot;&quot;,&quot;camera&quot;:&quot;iPhone 6&quot;,&quot;caption&quot;:&quot;&quot;,&quot;created_timestamp&quot;:&quot;1455791179&quot;,&quot;copyright&quot;:&quot;&quot;,&quot;focal_length&quot;:&quot;4.15&quot;,&quot;iso&quot;:&quot;160&quot;,&quot;shutter_speed&quot;:&quot;0.033333333333333&quot;,&quot;title&quot;:&quot;&quot;,&quot;orientation&quot;:&quot;1&quot;}\" data-image-title=\"ci5_rouleb-jp\" data-image-description=\"\" data-image-caption=\"\" data-medium-file=\"https:\/\/i0.wp.com\/thomasvino.ch\/wp-content\/uploads\/2016\/12\/ci5_rouleB.jp_.jpg?fit=300%2C225&amp;ssl=1\" data-large-file=\"https:\/\/i0.wp.com\/thomasvino.ch\/wp-content\/uploads\/2016\/12\/ci5_rouleB.jp_.jpg?fit=1024%2C768&amp;ssl=1\" loading=\"lazy\" class=\"alignleft size-medium wp-image-13988\" src=\"https:\/\/i0.wp.com\/www.thomasvino.ch\/wp-content\/uploads\/2016\/12\/ci5_rouleB.jp_-300x225.jpg?resize=300%2C225\" alt=\"ci5_rouleb-jp\" width=\"300\" height=\"225\" srcset=\"https:\/\/i0.wp.com\/thomasvino.ch\/wp-content\/uploads\/2016\/12\/ci5_rouleB.jp_.jpg?resize=300%2C225&amp;ssl=1 300w, https:\/\/i0.wp.com\/thomasvino.ch\/wp-content\/uploads\/2016\/12\/ci5_rouleB.jp_.jpg?resize=768%2C576&amp;ssl=1 768w, https:\/\/i0.wp.com\/thomasvino.ch\/wp-content\/uploads\/2016\/12\/ci5_rouleB.jp_.jpg?resize=1024%2C768&amp;ssl=1 1024w, https:\/\/i0.wp.com\/thomasvino.ch\/wp-content\/uploads\/2016\/12\/ci5_rouleB.jp_.jpg?w=2000&amp;ssl=1 2000w, https:\/\/i0.wp.com\/thomasvino.ch\/wp-content\/uploads\/2016\/12\/ci5_rouleB.jp_.jpg?w=3000&amp;ssl=1 3000w\" sizes=\"(max-width: 300px) 100vw, 300px\" data-recalc-dims=\"1\" \/><\/a>La naissance d\u2019un cigare s\u2019apparente \u00e0 celle d\u2019un grand vin. Le climat, le sol, la vari\u00e9t\u00e9 du tabac jouent leur r\u00f4le, comme le <em>\u00abterroir\u00bb<\/em> dans le vin. Sur l\u2019\u00eele des Cara\u00efbes, le climat humide et chaud est id\u00e9al, mais les sols diff\u00e8rent de Cuba. La plupart des cigares sont, comme les bordeaux, des <em>\u00abassemblages\u00bb<\/em> de tabac de provenances diverses, de la m\u00eame \u00eele ou d\u2019autres r\u00e9gions (Nicaragua, Honduras), notamment pour la <em>\u00abcape\u00bb<\/em>, la d\u00e9licate feuille enveloppante aux huit nuances de bruns. A l\u2019instar du jus de raisin, le tabac fermente, et m\u00eame plusieurs fois, pour abaisser son taux de nicotine. Et il passe d\u2019une atmosph\u00e8re s\u00e8che \u00e0 des airs humides, pour exacerber ses senteurs et ses go\u00fbts, comme un grand cru est \u00e9lev\u00e9 dans des barriques, pour assurer l\u2019\u00e9change b\u00e9n\u00e9fique entre l\u2019air et le liquide.<\/p>\n<p>Dans le cigare <em>\u00abpremium\u00bb<\/em>, toutes les op\u00e9rations se font \u00e0 la main, parfois aid\u00e9e par des machines actionn\u00e9es manuellement. Sur les centaines de millions de cigares produits chaque ann\u00e9e dans le monde, moins de 10% sont roul\u00e9s \u00e0 la main. Non pas sur la cuisse d\u2019un <em>\u00abtorcedor\u00bb<\/em> (le nom espagnol de l\u2019\u00e9laborateur), mais sur un pupitre, par des hommes et des femmes d\u2019une stup\u00e9fiante dext\u00e9rit\u00e9&#8230;<\/p>\n<h3><strong>Vin &#8211; cigare: une d\u00e9gustation en parall\u00e8le<\/strong><\/h3>\n<p><a href=\"http:\/\/www.thomasvino.ch\/?attachment_id=13990\" rel=\"attachment wp-att-13990\"><img data-attachment-id=\"13990\" data-permalink=\"https:\/\/thomasvino.ch\/?attachment_id=13990\" data-orig-file=\"https:\/\/i0.wp.com\/thomasvino.ch\/wp-content\/uploads\/2016\/12\/ci6_rouleC.jp_.jpg?fit=3264%2C2448&amp;ssl=1\" data-orig-size=\"3264,2448\" data-comments-opened=\"0\" data-image-meta=\"{&quot;aperture&quot;:&quot;2.2&quot;,&quot;credit&quot;:&quot;&quot;,&quot;camera&quot;:&quot;iPhone 6&quot;,&quot;caption&quot;:&quot;&quot;,&quot;created_timestamp&quot;:&quot;1455791298&quot;,&quot;copyright&quot;:&quot;&quot;,&quot;focal_length&quot;:&quot;4.15&quot;,&quot;iso&quot;:&quot;160&quot;,&quot;shutter_speed&quot;:&quot;0.033333333333333&quot;,&quot;title&quot;:&quot;&quot;,&quot;orientation&quot;:&quot;1&quot;}\" data-image-title=\"ci6_roulec-jp\" data-image-description=\"\" data-image-caption=\"\" data-medium-file=\"https:\/\/i0.wp.com\/thomasvino.ch\/wp-content\/uploads\/2016\/12\/ci6_rouleC.jp_.jpg?fit=300%2C225&amp;ssl=1\" data-large-file=\"https:\/\/i0.wp.com\/thomasvino.ch\/wp-content\/uploads\/2016\/12\/ci6_rouleC.jp_.jpg?fit=1024%2C768&amp;ssl=1\" loading=\"lazy\" class=\"alignleft size-medium wp-image-13990\" src=\"https:\/\/i0.wp.com\/www.thomasvino.ch\/wp-content\/uploads\/2016\/12\/ci6_rouleC.jp_-300x225.jpg?resize=300%2C225\" alt=\"ci6_roulec-jp\" width=\"300\" height=\"225\" srcset=\"https:\/\/i0.wp.com\/thomasvino.ch\/wp-content\/uploads\/2016\/12\/ci6_rouleC.jp_.jpg?resize=300%2C225&amp;ssl=1 300w, https:\/\/i0.wp.com\/thomasvino.ch\/wp-content\/uploads\/2016\/12\/ci6_rouleC.jp_.jpg?resize=768%2C576&amp;ssl=1 768w, https:\/\/i0.wp.com\/thomasvino.ch\/wp-content\/uploads\/2016\/12\/ci6_rouleC.jp_.jpg?resize=1024%2C768&amp;ssl=1 1024w, https:\/\/i0.wp.com\/thomasvino.ch\/wp-content\/uploads\/2016\/12\/ci6_rouleC.jp_.jpg?w=2000&amp;ssl=1 2000w, https:\/\/i0.wp.com\/thomasvino.ch\/wp-content\/uploads\/2016\/12\/ci6_rouleC.jp_.jpg?w=3000&amp;ssl=1 3000w\" sizes=\"(max-width: 300px) 100vw, 300px\" data-recalc-dims=\"1\" \/><\/a>Du c\u00f4t\u00e9 du consommateur, comme dans le champagne, il y a des amateurs d\u2019un go\u00fbt \u00abstable\u00bb, qu\u2019assure l\u2019assemblage d\u2019une marque \u00e0 laquelle on reste fid\u00e8le, des <em>\u00abaficionados\u00bb<\/em> de cru unique (de \u00abpuros\u00bb) et m\u00eame de cigares <em>\u00abmill\u00e9sim\u00e9s\u00bb<\/em>, une tendance r\u00e9cente. <strong>Eladio Diaz<\/strong>, nouveau <em>\u00abmaster blend\u00bb<\/em> de Davidoff, l\u2019\u00e9quivalent d\u2019un ma\u00eetre de chais, a lanc\u00e9 il y a deux ans un cigare mill\u00e9sim\u00e9 2002, Oro blanco, dont il a sign\u00e9 chaque exemplaire, vendu 500 dollars pi\u00e8ce\u2026<\/p>\n<p>M\u00eame le vocabulaire pour d\u00e9crire un cigare s\u2019apparente \u00e0 la d\u00e9gustation de vin\u00a0: on \u00e9voque le corps, l\u2019astringence, la m\u00e2che, la rondeur et la persistance aromatique. Ce qui ne signifie pas qu\u2019un cigare accompagne \u00e0 merveille un grand vin. Tel sp\u00e9cialiste de Londres s\u2019accommode volontiers d\u2019un tempranillo espagnol, jeune ou vieilli en f\u00fbts, comme le Rioja. Tel autre connaisseur venu de Miami pr\u00e9f\u00e8re le rhum dominicain ou le scotch whisky. Et un jeune Chinois, journaliste dans un p\u00e9riodique de luxe de Shanghai, confie\u00a0: <em>\u00abJe bois mes grands crus de Bordeaux d\u2019abord, puis je fume un cigare, tranquillement, en fin de soir\u00e9e.\u00bb<\/em><\/p>\n<h3><em><strong>Eclairage: \u00e0 d\u00e9guster sur place<\/strong><\/em><\/h3>\n<p>La R\u00e9publique dominicaine est le plus important producteur de cigares <em>\u00abpremium\u00bb<\/em> du monde, notamment depuis l\u2019embargo dict\u00e9 par Washington sur les produits de Cuba. Le Festival ProCigar \u00e0 Santiago de Lors Caballeros se d\u00e9roule en f\u00e9vrier (<strong>dixi\u00e8me \u00e9dition du 19 au 24 f\u00e9vrier 2017, <a href=\"http:\/\/procigar.org\/home\">www.procigar.org<\/a><\/strong>), juste avant celui, tr\u00e8s fameux et deux fois plus ancien, Festival do habanos, \u00e0 La Havane (<strong>27 f\u00e9vrier au 3 mars 2017<\/strong>). La plupart des plantations de tabac et des fabriques de cigares sont accessibles \u00e0 cette \u00e9poque, sur inscription. <strong>Davidoff<\/strong> ouvre ses fabriques entre janvier et mars. Pour y acc\u00e9der (dans une zone de port franc), il faut s\u2019inscrire obligatoirement \u00e0 l\u2019adresse e-mail\u00a0: <strong>info@oettingerdavidoff.com<\/strong>.<\/p>\n<p><a href=\"http:\/\/www.thomasvino.ch\/?attachment_id=13992\" rel=\"attachment wp-att-13992\"><img data-attachment-id=\"13992\" data-permalink=\"https:\/\/thomasvino.ch\/?attachment_id=13992\" data-orig-file=\"https:\/\/i0.wp.com\/thomasvino.ch\/wp-content\/uploads\/2016\/12\/cig_santiago.jpg?fit=3264%2C2448&amp;ssl=1\" data-orig-size=\"3264,2448\" data-comments-opened=\"0\" data-image-meta=\"{&quot;aperture&quot;:&quot;2.2&quot;,&quot;credit&quot;:&quot;&quot;,&quot;camera&quot;:&quot;iPhone 6&quot;,&quot;caption&quot;:&quot;&quot;,&quot;created_timestamp&quot;:&quot;1455728250&quot;,&quot;copyright&quot;:&quot;&quot;,&quot;focal_length&quot;:&quot;4.15&quot;,&quot;iso&quot;:&quot;32&quot;,&quot;shutter_speed&quot;:&quot;0.00050505050505051&quot;,&quot;title&quot;:&quot;&quot;,&quot;orientation&quot;:&quot;1&quot;}\" data-image-title=\"cig_santiago\" data-image-description=\"\" data-image-caption=\"\" data-medium-file=\"https:\/\/i0.wp.com\/thomasvino.ch\/wp-content\/uploads\/2016\/12\/cig_santiago.jpg?fit=300%2C225&amp;ssl=1\" data-large-file=\"https:\/\/i0.wp.com\/thomasvino.ch\/wp-content\/uploads\/2016\/12\/cig_santiago.jpg?fit=1024%2C768&amp;ssl=1\" loading=\"lazy\" class=\"alignleft size-medium wp-image-13992\" src=\"https:\/\/i0.wp.com\/www.thomasvino.ch\/wp-content\/uploads\/2016\/12\/cig_santiago-300x225.jpg?resize=300%2C225\" alt=\"cig_santiago\" width=\"300\" height=\"225\" srcset=\"https:\/\/i0.wp.com\/thomasvino.ch\/wp-content\/uploads\/2016\/12\/cig_santiago.jpg?resize=300%2C225&amp;ssl=1 300w, https:\/\/i0.wp.com\/thomasvino.ch\/wp-content\/uploads\/2016\/12\/cig_santiago.jpg?resize=768%2C576&amp;ssl=1 768w, https:\/\/i0.wp.com\/thomasvino.ch\/wp-content\/uploads\/2016\/12\/cig_santiago.jpg?resize=1024%2C768&amp;ssl=1 1024w, https:\/\/i0.wp.com\/thomasvino.ch\/wp-content\/uploads\/2016\/12\/cig_santiago.jpg?w=2000&amp;ssl=1 2000w, https:\/\/i0.wp.com\/thomasvino.ch\/wp-content\/uploads\/2016\/12\/cig_santiago.jpg?w=3000&amp;ssl=1 3000w\" sizes=\"(max-width: 300px) 100vw, 300px\" data-recalc-dims=\"1\" \/><\/a>A Santo Domingo, <em>\u00abla capitale\u00bb<\/em> comme l\u2019appellent les Dominicains, les boutiques de cigares sont nombreuses dans le centre historique, qui proposent des marques locales telles <strong>Ashton, La Aurora, Arturo Fuente, Macanudo, Quesada<\/strong> ou <strong>Vega Fina<\/strong>, dans des bo\u00eetes souvent joliment d\u00e9cor\u00e9es. On a inaugur\u00e9 \u00e0 Santiago de Los Caballeros, le <strong>Centro Leone<\/strong>, consacr\u00e9 \u00e0 l\u2019art, pour les cent ans de la fabrique de cigares <strong>La Aurora<\/strong>. A l\u2019ext\u00e9rieur du quartier historique (<em>ci-contre, la cath\u00e9drale et la place centrale de la ville<\/em>), l\u2019h\u00f4tel Gran Almirante, impersonnel, offre tout le confort standard.<\/p>\n<p>Les meilleurs h\u00f4tels disposent de bars ou de patio o\u00f9 fumer, comme l\u2019h\u00f4tel Nicolas de Ovando, bien plac\u00e9 dans le quartier colonial de la capitale, ou, sur la c\u00f4te Sud, le complexe de luxe Casa de Campo, non loin du bourg Altos de Chavon, une r\u00e9plique d\u2019un village italien, avec un amphith\u00e9\u00e2tre, o\u00f9 <strong>Davidoff<\/strong> h\u00e9berge et parraine des artistes locaux.<\/p>\n<p><a href=\"http:\/\/www.thomasvino.ch\/?attachment_id=13991\" rel=\"attachment wp-att-13991\"><img data-attachment-id=\"13991\" data-permalink=\"https:\/\/thomasvino.ch\/?attachment_id=13991\" data-orig-file=\"https:\/\/i0.wp.com\/thomasvino.ch\/wp-content\/uploads\/2016\/12\/ci7_panoplie.jp_.jpg?fit=3264%2C2448&amp;ssl=1\" data-orig-size=\"3264,2448\" data-comments-opened=\"0\" data-image-meta=\"{&quot;aperture&quot;:&quot;2.2&quot;,&quot;credit&quot;:&quot;&quot;,&quot;camera&quot;:&quot;iPhone 6&quot;,&quot;caption&quot;:&quot;&quot;,&quot;created_timestamp&quot;:&quot;1455791691&quot;,&quot;copyright&quot;:&quot;&quot;,&quot;focal_length&quot;:&quot;4.15&quot;,&quot;iso&quot;:&quot;125&quot;,&quot;shutter_speed&quot;:&quot;0.033333333333333&quot;,&quot;title&quot;:&quot;&quot;,&quot;orientation&quot;:&quot;1&quot;}\" data-image-title=\"ci7_panoplie-jp\" data-image-description=\"\" data-image-caption=\"\" data-medium-file=\"https:\/\/i0.wp.com\/thomasvino.ch\/wp-content\/uploads\/2016\/12\/ci7_panoplie.jp_.jpg?fit=300%2C225&amp;ssl=1\" data-large-file=\"https:\/\/i0.wp.com\/thomasvino.ch\/wp-content\/uploads\/2016\/12\/ci7_panoplie.jp_.jpg?fit=1024%2C768&amp;ssl=1\" loading=\"lazy\" class=\"aligncenter size-medium wp-image-13991\" src=\"https:\/\/i0.wp.com\/www.thomasvino.ch\/wp-content\/uploads\/2016\/12\/ci7_panoplie.jp_-300x225.jpg?resize=300%2C225\" alt=\"ci7_panoplie-jp\" width=\"300\" height=\"225\" srcset=\"https:\/\/i0.wp.com\/thomasvino.ch\/wp-content\/uploads\/2016\/12\/ci7_panoplie.jp_.jpg?resize=300%2C225&amp;ssl=1 300w, https:\/\/i0.wp.com\/thomasvino.ch\/wp-content\/uploads\/2016\/12\/ci7_panoplie.jp_.jpg?resize=768%2C576&amp;ssl=1 768w, https:\/\/i0.wp.com\/thomasvino.ch\/wp-content\/uploads\/2016\/12\/ci7_panoplie.jp_.jpg?resize=1024%2C768&amp;ssl=1 1024w, https:\/\/i0.wp.com\/thomasvino.ch\/wp-content\/uploads\/2016\/12\/ci7_panoplie.jp_.jpg?w=2000&amp;ssl=1 2000w, https:\/\/i0.wp.com\/thomasvino.ch\/wp-content\/uploads\/2016\/12\/ci7_panoplie.jp_.jpg?w=3000&amp;ssl=1 3000w\" sizes=\"(max-width: 300px) 100vw, 300px\" data-recalc-dims=\"1\" \/><\/a><\/p>\n<p><em>Paru dans le magazine <\/em>encore!<em>, <\/em>Le Matin-Dimanche &#8211; Sonntags Zeitung<em>, le dimanche 4 d\u00e9cembre 2016.<\/em><\/p>\n","protected":false},"excerpt":{"rendered":"<p>Fumer le cigare est un \u00abmust\u00bb cultiv\u00e9 par des amateurs toujours plus jeunes. Que cachent ces cylindres de feuilles de tabac qui ont conquis l\u2019Europe depuis un demi-mill\u00e9naire? Visite dans les plantations de Davidoff, en R\u00e9publique dominicaine. Texte et photos : Pierre Thomas Le paysage est \u00e0 couper le souffle dans sa qui\u00e9tude matinale. Loin [&hellip;]<\/p>\n","protected":false},"author":3,"featured_media":0,"comment_status":"closed","ping_status":"open","sticky":false,"template":"","format":"standard","meta":{"_monsterinsights_skip_tracking":false,"_monsterinsights_sitenote_active":false,"_monsterinsights_sitenote_note":"","_monsterinsights_sitenote_category":0,"jetpack_post_was_ever_published":false,"jetpack_publicize_message":"","jetpack_is_tweetstorm":false,"jetpack_publicize_feature_enabled":true,"jetpack_social_post_already_shared":true,"jetpack_social_options":{"image_generator_settings":{"template":"highway","enabled":false}}},"categories":[29],"tags":[],"jetpack_publicize_connections":[],"yoast_head":"<!-- This site is optimized with the Yoast SEO plugin v20.6 - https:\/\/yoast.com\/wordpress\/plugins\/seo\/ -->\n<title>Des cigares comme des grands crus - thomasvino<\/title>\n<meta name=\"robots\" content=\"index, follow, max-snippet:-1, max-image-preview:large, max-video-preview:-1\" \/>\n<link rel=\"canonical\" href=\"https:\/\/thomasvino.ch\/?p=13984\" \/>\n<meta property=\"og:locale\" content=\"fr_FR\" \/>\n<meta property=\"og:type\" content=\"article\" \/>\n<meta property=\"og:title\" content=\"Des cigares comme des grands crus - thomasvino\" \/>\n<meta property=\"og:description\" content=\"Fumer le cigare est un \u00abmust\u00bb cultiv\u00e9 par des amateurs toujours plus jeunes. Que cachent ces cylindres de feuilles de tabac qui ont conquis l\u2019Europe depuis un demi-mill\u00e9naire? Visite dans les plantations de Davidoff, en R\u00e9publique dominicaine. Texte et photos : Pierre Thomas Le paysage est \u00e0 couper le souffle dans sa qui\u00e9tude matinale. Loin [&hellip;]\" \/>\n<meta property=\"og:url\" content=\"https:\/\/thomasvino.ch\/?p=13984\" \/>\n<meta property=\"og:site_name\" content=\"thomasvino\" \/>\n<meta property=\"article:published_time\" content=\"2016-12-04T17:12:04+00:00\" \/>\n<meta property=\"og:image\" content=\"http:\/\/www.thomasvino.ch\/wp-content\/uploads\/2016\/12\/ci0_roule.jp_-300x227.jpg\" \/>\n<meta name=\"author\" content=\"Pierre Thomas\" \/>\n<meta name=\"twitter:label1\" content=\"\u00c9crit par\" \/>\n\t<meta name=\"twitter:data1\" content=\"Pierre Thomas\" \/>\n\t<meta name=\"twitter:label2\" content=\"Dur\u00e9e de lecture estim\u00e9e\" \/>\n\t<meta name=\"twitter:data2\" content=\"7 minutes\" \/>\n<script type=\"application\/ld+json\" class=\"yoast-schema-graph\">{\"@context\":\"https:\/\/schema.org\",\"@graph\":[{\"@type\":\"WebPage\",\"@id\":\"https:\/\/thomasvino.ch\/?p=13984\",\"url\":\"https:\/\/thomasvino.ch\/?p=13984\",\"name\":\"Des cigares comme des grands crus - thomasvino\",\"isPartOf\":{\"@id\":\"https:\/\/thomasvino.ch\/#website\"},\"datePublished\":\"2016-12-04T17:12:04+00:00\",\"dateModified\":\"2016-12-04T17:12:04+00:00\",\"author\":{\"@id\":\"https:\/\/thomasvino.ch\/#\/schema\/person\/670bf4486fe81152cf1d68bd585e062e\"},\"breadcrumb\":{\"@id\":\"https:\/\/thomasvino.ch\/?p=13984#breadcrumb\"},\"inLanguage\":\"fr-FR\",\"potentialAction\":[{\"@type\":\"ReadAction\",\"target\":[\"https:\/\/thomasvino.ch\/?p=13984\"]}]},{\"@type\":\"BreadcrumbList\",\"@id\":\"https:\/\/thomasvino.ch\/?p=13984#breadcrumb\",\"itemListElement\":[{\"@type\":\"ListItem\",\"position\":1,\"name\":\"Accueil\",\"item\":\"https:\/\/thomasvino.ch\/\"},{\"@type\":\"ListItem\",\"position\":2,\"name\":\"Des cigares comme des grands crus\"}]},{\"@type\":\"WebSite\",\"@id\":\"https:\/\/thomasvino.ch\/#website\",\"url\":\"https:\/\/thomasvino.ch\/\",\"name\":\"thomasvino\",\"description\":\"Vins &amp; Gastronomie\",\"potentialAction\":[{\"@type\":\"SearchAction\",\"target\":{\"@type\":\"EntryPoint\",\"urlTemplate\":\"https:\/\/thomasvino.ch\/?s={search_term_string}\"},\"query-input\":\"required name=search_term_string\"}],\"inLanguage\":\"fr-FR\"},{\"@type\":\"Person\",\"@id\":\"https:\/\/thomasvino.ch\/#\/schema\/person\/670bf4486fe81152cf1d68bd585e062e\",\"name\":\"Pierre Thomas\",\"image\":{\"@type\":\"ImageObject\",\"inLanguage\":\"fr-FR\",\"@id\":\"https:\/\/thomasvino.ch\/#\/schema\/person\/image\/\",\"url\":\"https:\/\/secure.gravatar.com\/avatar\/91fd5a76647f140e53db987a0dead4d7?s=96&d=mm&r=g\",\"contentUrl\":\"https:\/\/secure.gravatar.com\/avatar\/91fd5a76647f140e53db987a0dead4d7?s=96&d=mm&r=g\",\"caption\":\"Pierre Thomas\"},\"url\":\"https:\/\/thomasvino.ch\/?author=3\"}]}<\/script>\n<!-- \/ Yoast SEO plugin. -->","yoast_head_json":{"title":"Des cigares comme des grands crus - thomasvino","robots":{"index":"index","follow":"follow","max-snippet":"max-snippet:-1","max-image-preview":"max-image-preview:large","max-video-preview":"max-video-preview:-1"},"canonical":"https:\/\/thomasvino.ch\/?p=13984","og_locale":"fr_FR","og_type":"article","og_title":"Des cigares comme des grands crus - thomasvino","og_description":"Fumer le cigare est un \u00abmust\u00bb cultiv\u00e9 par des amateurs toujours plus jeunes. Que cachent ces cylindres de feuilles de tabac qui ont conquis l\u2019Europe depuis un demi-mill\u00e9naire? Visite dans les plantations de Davidoff, en R\u00e9publique dominicaine. Texte et photos : Pierre Thomas Le paysage est \u00e0 couper le souffle dans sa qui\u00e9tude matinale. Loin [&hellip;]","og_url":"https:\/\/thomasvino.ch\/?p=13984","og_site_name":"thomasvino","article_published_time":"2016-12-04T17:12:04+00:00","og_image":[{"url":"http:\/\/www.thomasvino.ch\/wp-content\/uploads\/2016\/12\/ci0_roule.jp_-300x227.jpg"}],"author":"Pierre Thomas","twitter_misc":{"\u00c9crit par":"Pierre Thomas","Dur\u00e9e de lecture estim\u00e9e":"7 minutes"},"schema":{"@context":"https:\/\/schema.org","@graph":[{"@type":"WebPage","@id":"https:\/\/thomasvino.ch\/?p=13984","url":"https:\/\/thomasvino.ch\/?p=13984","name":"Des cigares comme des grands crus - thomasvino","isPartOf":{"@id":"https:\/\/thomasvino.ch\/#website"},"datePublished":"2016-12-04T17:12:04+00:00","dateModified":"2016-12-04T17:12:04+00:00","author":{"@id":"https:\/\/thomasvino.ch\/#\/schema\/person\/670bf4486fe81152cf1d68bd585e062e"},"breadcrumb":{"@id":"https:\/\/thomasvino.ch\/?p=13984#breadcrumb"},"inLanguage":"fr-FR","potentialAction":[{"@type":"ReadAction","target":["https:\/\/thomasvino.ch\/?p=13984"]}]},{"@type":"BreadcrumbList","@id":"https:\/\/thomasvino.ch\/?p=13984#breadcrumb","itemListElement":[{"@type":"ListItem","position":1,"name":"Accueil","item":"https:\/\/thomasvino.ch\/"},{"@type":"ListItem","position":2,"name":"Des cigares comme des grands crus"}]},{"@type":"WebSite","@id":"https:\/\/thomasvino.ch\/#website","url":"https:\/\/thomasvino.ch\/","name":"thomasvino","description":"Vins &amp; Gastronomie","potentialAction":[{"@type":"SearchAction","target":{"@type":"EntryPoint","urlTemplate":"https:\/\/thomasvino.ch\/?s={search_term_string}"},"query-input":"required name=search_term_string"}],"inLanguage":"fr-FR"},{"@type":"Person","@id":"https:\/\/thomasvino.ch\/#\/schema\/person\/670bf4486fe81152cf1d68bd585e062e","name":"Pierre Thomas","image":{"@type":"ImageObject","inLanguage":"fr-FR","@id":"https:\/\/thomasvino.ch\/#\/schema\/person\/image\/","url":"https:\/\/secure.gravatar.com\/avatar\/91fd5a76647f140e53db987a0dead4d7?s=96&d=mm&r=g","contentUrl":"https:\/\/secure.gravatar.com\/avatar\/91fd5a76647f140e53db987a0dead4d7?s=96&d=mm&r=g","caption":"Pierre Thomas"},"url":"https:\/\/thomasvino.ch\/?author=3"}]}},"jetpack_featured_media_url":"","jetpack_sharing_enabled":true,"jetpack_shortlink":"https:\/\/wp.me\/p3m4tZ-3Dy","jetpack_likes_enabled":false,"jetpack-related-posts":[{"id":9534,"url":"https:\/\/thomasvino.ch\/?p=9534","url_meta":{"origin":13984,"position":0},"title":"Strasbourg, capitale mondiales des vins blancs","date":"14 f\u00e9vrier 2013","format":false,"excerpt":"Strasbourg, capitale des vins blancs Un concours d\u00e9di\u00e9 au sylvaner Voil\u00e0 qui devrait int\u00e9resser les Valaisans et leur Johannisberg\u00a0: pour la premi\u00e8re fois, cette ann\u00e9e, Strasbourg organise un concours qui lui est d\u00e9di\u00e9. En parall\u00e8le de Riesling du Monde (16\u00e8me \u00e9dition), Pinot Gris du Monde (8\u00e8me \u00e9dition) et Gewurztraminer (6\u00e8me\u2026","rel":"","context":"Dans &quot;Actus - News&quot;","img":{"alt_text":"","src":"","width":0,"height":0},"classes":[]},{"id":9295,"url":"https:\/\/thomasvino.ch\/?p=9295","url_meta":{"origin":13984,"position":1},"title":"Chocolat et vin: un mariage de passion(s)","date":"14 d\u00e9cembre 2011","format":false,"excerpt":"Vins et chocolats, mariage de passion(s) Les accords mets et vins sont devenus un incontournable des arts de la table. Il y en a de plus ais\u00e9s (et originaux) \u00e0 mettre en pratique que d\u2019autres, comme ceux du chocolat et du vin. Par Pierre Thomas Dans \u00abLe go\u00fbt juste\u00bb (Flammarion,\u2026","rel":"","context":"Dans &quot;Tendance&quot;","img":{"alt_text":"OlivierFuchs.jpg","src":"img\/OlivierFuchs.jpg","width":350,"height":200},"classes":[]},{"id":16476,"url":"https:\/\/thomasvino.ch\/?p=16476","url_meta":{"origin":13984,"position":2},"title":"Chardonnays du Monde: que de l&rsquo;argent pour les suisses","date":"20 mars 2020","format":false,"excerpt":"Apr\u00e8s les Vinalies de Paris 2020, chiches avec les vins suisses, Chardonnay du Monde n'a distingu\u00e9 que quatre vins suisses, avec une des 160 m\u00e9dailles d'argent. Aucune des 58 ors... La confrontation a r\u00e9uni 300 d\u00e9gustateurs du 11 au 13 mars au Ch\u00e2teau des Ravatys, dans le Beaujolais, propri\u00e9t\u00e9 de\u2026","rel":"","context":"Dans &quot;Actus - News&quot;","img":{"alt_text":"","src":"","width":0,"height":0},"classes":[]},{"id":16129,"url":"https:\/\/thomasvino.ch\/?p=16129","url_meta":{"origin":13984,"position":3},"title":"De la Chine sous le choc aux vins suisses en stock","date":"25 octobre 2019","format":false,"excerpt":"Le coronavirus, qui bloque l'\u00e9conomie vitivinicole aussi, m\u00eame si les caves restent ouvertes (sans d\u00e9gustation!), va faire des victimes aussi chez les vignerons. Ainsi, dans un h\u00f4pital de Madrid, le 20 mars, est mort, \u00e0 83 ans, Carlos Falco, le fondateur et pr\u00e9sident d'honneur de l'association des Grandes Pagos, victime\u2026","rel":"","context":"Dans &quot;Edito&quot;","img":{"alt_text":"","src":"","width":0,"height":0},"classes":[]},{"id":16796,"url":"https:\/\/thomasvino.ch\/?p=16796","url_meta":{"origin":13984,"position":4},"title":"Vins tch\u00e8ques  \u2014 Le go\u00fbt de l\u2019origine","date":"18 septembre 2020","format":false,"excerpt":"Les Tch\u00e8ques sont les plus gros buveurs de bi\u00e8re du monde, avec plus de 180 litres par an et par habitant (Suisse, 55 l.). Mais, situ\u00e9s \u00e0 95% en Moravie du Sud, leurs vignobles, sur 18'000 hectares, produisent 66 millions de litres de vins, pratiquement bus uniquement en R\u00e9publique tch\u00e8que,\u2026","rel":"","context":"Dans &quot;Carte Postale&quot;","img":{"alt_text":"","src":"https:\/\/i0.wp.com\/thomasvino.ch\/wp-content\/uploads\/2020\/09\/IMG_2064-300x225.jpeg?resize=350%2C200&ssl=1","width":350,"height":200},"classes":[]},{"id":17483,"url":"https:\/\/thomasvino.ch\/?p=17483","url_meta":{"origin":13984,"position":5},"title":"Mondial des pinots 2021 &#8211; Une premi\u00e8re&#8230; exotique\u00a0!","date":"27 septembre 2021","format":false,"excerpt":"C\u2019est une cave r\u00e9put\u00e9e de Moravie (R\u00e9publique tch\u00e8que), Znovin Znojmo, dont on avait appr\u00e9ci\u00e9 les sauvignons au concours qui leur est consacr\u00e9 chaque ann\u00e9e, qui a remport\u00e9 le titre de \u00abmeilleur vin du concours\u00bb Mondial des Pinots, disput\u00e9 \u00e0 Sierre, fin ao\u00fbt. Non pas avec un pinot noir, mais avec\u2026","rel":"","context":"Dans &quot;Actus - News&quot;","img":{"alt_text":"","src":"","width":0,"height":0},"classes":[]}],"_links":{"self":[{"href":"https:\/\/thomasvino.ch\/index.php?rest_route=\/wp\/v2\/posts\/13984"}],"collection":[{"href":"https:\/\/thomasvino.ch\/index.php?rest_route=\/wp\/v2\/posts"}],"about":[{"href":"https:\/\/thomasvino.ch\/index.php?rest_route=\/wp\/v2\/types\/post"}],"author":[{"embeddable":true,"href":"https:\/\/thomasvino.ch\/index.php?rest_route=\/wp\/v2\/users\/3"}],"replies":[{"embeddable":true,"href":"https:\/\/thomasvino.ch\/index.php?rest_route=%2Fwp%2Fv2%2Fcomments&post=13984"}],"version-history":[{"count":0,"href":"https:\/\/thomasvino.ch\/index.php?rest_route=\/wp\/v2\/posts\/13984\/revisions"}],"wp:attachment":[{"href":"https:\/\/thomasvino.ch\/index.php?rest_route=%2Fwp%2Fv2%2Fmedia&parent=13984"}],"wp:term":[{"taxonomy":"category","embeddable":true,"href":"https:\/\/thomasvino.ch\/index.php?rest_route=%2Fwp%2Fv2%2Fcategories&post=13984"},{"taxonomy":"post_tag","embeddable":true,"href":"https:\/\/thomasvino.ch\/index.php?rest_route=%2Fwp%2Fv2%2Ftags&post=13984"}],"curies":[{"name":"wp","href":"https:\/\/api.w.org\/{rel}","templated":true}]}}