{"id":14009,"date":"2016-12-10T17:13:45","date_gmt":"2016-12-10T16:13:45","guid":{"rendered":"http:\/\/www.thomasvino.ch\/?p=14009"},"modified":"2016-12-11T16:12:43","modified_gmt":"2016-12-11T15:12:43","slug":"214eme-mise-des-vins-de-la-ville-de-lausanne-de-rares-magnums-enflamment-la-salle","status":"publish","type":"post","link":"https:\/\/thomasvino.ch\/?p=14009","title":{"rendered":"214\u00e8me mise des vins de la Ville de Lausanne  De rares magnums enflamment la salle"},"content":{"rendered":"<p><strong>Six lots de trois magnums 2016, en pots vaudois de 140 cl, des deux clos du D\u00e9zaley appartenant \u00e0 la Ville de Lausanne, Les Abbayes et Les Moines, vendus en primeur, ont enflamm\u00e9 la salle du Conseil communal de l\u2019H\u00f4tel de Ville de Lausanne, hier, samedi 10 d\u00e9cembre. Trois lots ont atteint les 100 francs le magnum de chasselas et l\u2019un, 150 francs\u00a0!<a href=\"http:\/\/www.thomasvino.ch\/?attachment_id=14011\" rel=\"attachment wp-att-14011\"><img data-attachment-id=\"14011\" data-permalink=\"https:\/\/thomasvino.ch\/?attachment_id=14011\" data-orig-file=\"https:\/\/i0.wp.com\/thomasvino.ch\/wp-content\/uploads\/2016\/12\/IMG_4612.jpg?fit=2974%2C1777&amp;ssl=1\" data-orig-size=\"2974,1777\" data-comments-opened=\"0\" data-image-meta=\"{&quot;aperture&quot;:&quot;2.2&quot;,&quot;credit&quot;:&quot;&quot;,&quot;camera&quot;:&quot;iPhone 6&quot;,&quot;caption&quot;:&quot;&quot;,&quot;created_timestamp&quot;:&quot;1481369825&quot;,&quot;copyright&quot;:&quot;&quot;,&quot;focal_length&quot;:&quot;4.15&quot;,&quot;iso&quot;:&quot;100&quot;,&quot;shutter_speed&quot;:&quot;0.03030303030303&quot;,&quot;title&quot;:&quot;&quot;,&quot;orientation&quot;:&quot;1&quot;}\" data-image-title=\"img_4612\" data-image-description=\"\" data-image-caption=\"\" data-medium-file=\"https:\/\/i0.wp.com\/thomasvino.ch\/wp-content\/uploads\/2016\/12\/IMG_4612.jpg?fit=300%2C179&amp;ssl=1\" data-large-file=\"https:\/\/i0.wp.com\/thomasvino.ch\/wp-content\/uploads\/2016\/12\/IMG_4612.jpg?fit=1024%2C612&amp;ssl=1\" loading=\"lazy\" class=\"aligncenter size-medium wp-image-14011\" src=\"https:\/\/i0.wp.com\/www.thomasvino.ch\/wp-content\/uploads\/2016\/12\/IMG_4612-300x179.jpg?resize=300%2C179\" alt=\"img_4612\" width=\"300\" height=\"179\" srcset=\"https:\/\/i0.wp.com\/thomasvino.ch\/wp-content\/uploads\/2016\/12\/IMG_4612.jpg?resize=300%2C179&amp;ssl=1 300w, https:\/\/i0.wp.com\/thomasvino.ch\/wp-content\/uploads\/2016\/12\/IMG_4612.jpg?resize=768%2C459&amp;ssl=1 768w, https:\/\/i0.wp.com\/thomasvino.ch\/wp-content\/uploads\/2016\/12\/IMG_4612.jpg?resize=1024%2C612&amp;ssl=1 1024w, https:\/\/i0.wp.com\/thomasvino.ch\/wp-content\/uploads\/2016\/12\/IMG_4612.jpg?w=2000&amp;ssl=1 2000w\" sizes=\"(max-width: 300px) 100vw, 300px\" data-recalc-dims=\"1\" \/><\/a><\/strong><\/p>\n<p>Cette 214<sup>\u00e8me<\/sup> mise publique (ininterrompue depuis 1803 donc) a fait salle pleine \u00e0 ses d\u00e9buts. D\u00e9sormais, tous les vins sont vendus en bouteilles, et non en vrac, et <strong>c\u2019est la premi\u00e8re fois que des magnums \u00e9taient propos\u00e9s<\/strong>.<\/p>\n<p>Les quelque 30&rsquo;000 bouteilles \u00e9coul\u00e9es par ce biais afficheront toutes une contre-\u00e9tiquette num\u00e9rot\u00e9e, attestant que les vins ont \u00e9t\u00e9 mis\u00e9s. Deux r\u00e9serves exclusives de l\u2019Abbaye de Mont (1&rsquo;044 bouteilles) et du Domaine du Burignon (984 bouteilles) ont \u00e9t\u00e9 propos\u00e9es \u00e0 la vente\u00a0: ces chasselas 2016, issus des meilleurs parchets des deux plus grands domaines de la Ville, ont \u00e9t\u00e9 vinifi\u00e9s en levures spontan\u00e9es.<\/p>\n<p><strong>La vente des cuv\u00e9es classiques repr\u00e9sente, pour 2016, seulement 15% de la totalit\u00e9 des vins du domaines<\/strong>, tous des grands crus selon la l\u00e9gislation vaudoise en vigueur.<\/p>\n<p>A La C\u00f4te, le prix moyen du chasselas de l\u2019Abbaye de Mont, domaine d\u00e9sormais cultiv\u00e9 en biodynamie, a atteint 8,41 fr. la bouteille, l\u2019assemblage rouge, 9,65 fr\u00a0; le chasselas de Rochefort, \u00e9galement en biodynamie, atteint 8,71 fr. et le rouge, 11 fr. A Lavaux, le Domaine de Burignon, sur Saint-Saphorin, frise les 13 fr. (12.94 fr.), tandis que les D\u00e9zaleys blancs sont \u00e0 16,31 fr., tant pour le Clos des Moines que pour le Clos des Abbayes, tandis que le rouge de ce dernier domaine a \u00e9t\u00e9 valoris\u00e9 \u00e0 19,38 fr.<\/p>\n<p>La Ville de Lausanne vend par ailleurs toute une gamme de vins sous de nouvelles \u00e9tiquette, dont un chasselas \u00e9lev\u00e9 dans le bois et vinifi\u00e9 sans soufre, entre autres sp\u00e9cialit\u00e9s.<\/p>\n<p><a href=\"http:\/\/www.thomasvino.ch\/?attachment_id=14013\" rel=\"attachment wp-att-14013\"><img data-attachment-id=\"14013\" data-permalink=\"https:\/\/thomasvino.ch\/?attachment_id=14013\" data-orig-file=\"https:\/\/i0.wp.com\/thomasvino.ch\/wp-content\/uploads\/2016\/12\/IMG_4622.jpg?fit=2106%2C1833&amp;ssl=1\" data-orig-size=\"2106,1833\" data-comments-opened=\"0\" data-image-meta=\"{&quot;aperture&quot;:&quot;0&quot;,&quot;credit&quot;:&quot;&quot;,&quot;camera&quot;:&quot;&quot;,&quot;caption&quot;:&quot;&quot;,&quot;created_timestamp&quot;:&quot;1481388013&quot;,&quot;copyright&quot;:&quot;&quot;,&quot;focal_length&quot;:&quot;0&quot;,&quot;iso&quot;:&quot;0&quot;,&quot;shutter_speed&quot;:&quot;0&quot;,&quot;title&quot;:&quot;&quot;,&quot;orientation&quot;:&quot;1&quot;}\" data-image-title=\"img_4622\" data-image-description=\"\" data-image-caption=\"\" data-medium-file=\"https:\/\/i0.wp.com\/thomasvino.ch\/wp-content\/uploads\/2016\/12\/IMG_4622.jpg?fit=300%2C261&amp;ssl=1\" data-large-file=\"https:\/\/i0.wp.com\/thomasvino.ch\/wp-content\/uploads\/2016\/12\/IMG_4622.jpg?fit=1024%2C891&amp;ssl=1\" loading=\"lazy\" class=\"aligncenter size-medium wp-image-14013\" src=\"https:\/\/i0.wp.com\/www.thomasvino.ch\/wp-content\/uploads\/2016\/12\/IMG_4622-300x261.jpg?resize=300%2C261\" alt=\"img_4622\" width=\"300\" height=\"261\" srcset=\"https:\/\/i0.wp.com\/thomasvino.ch\/wp-content\/uploads\/2016\/12\/IMG_4622.jpg?resize=300%2C261&amp;ssl=1 300w, https:\/\/i0.wp.com\/thomasvino.ch\/wp-content\/uploads\/2016\/12\/IMG_4622.jpg?resize=768%2C668&amp;ssl=1 768w, https:\/\/i0.wp.com\/thomasvino.ch\/wp-content\/uploads\/2016\/12\/IMG_4622.jpg?resize=1024%2C891&amp;ssl=1 1024w, https:\/\/i0.wp.com\/thomasvino.ch\/wp-content\/uploads\/2016\/12\/IMG_4622.jpg?w=2000&amp;ssl=1 2000w\" sizes=\"(max-width: 300px) 100vw, 300px\" data-recalc-dims=\"1\" \/><\/a><em>\u00a9thomasvino.ch<\/em><\/p>\n","protected":false},"excerpt":{"rendered":"<p>Six lots de trois magnums 2016, en pots vaudois de 140 cl, des deux clos du D\u00e9zaley appartenant \u00e0 la Ville de Lausanne, Les Abbayes et Les Moines, vendus en primeur, ont enflamm\u00e9 la salle du Conseil communal de l\u2019H\u00f4tel de Ville de Lausanne, hier, samedi 10 d\u00e9cembre. Trois lots ont atteint les 100 francs [&hellip;]<\/p>\n","protected":false},"author":3,"featured_media":0,"comment_status":"closed","ping_status":"open","sticky":false,"template":"","format":"standard","meta":{"_monsterinsights_skip_tracking":false,"_monsterinsights_sitenote_active":false,"_monsterinsights_sitenote_note":"","_monsterinsights_sitenote_category":0,"jetpack_post_was_ever_published":false,"jetpack_publicize_message":"","jetpack_is_tweetstorm":false,"jetpack_publicize_feature_enabled":true,"jetpack_social_post_already_shared":true,"jetpack_social_options":{"image_generator_settings":{"template":"highway","enabled":false}}},"categories":[15],"tags":[],"jetpack_publicize_connections":[],"yoast_head":"<!-- This site is optimized with the Yoast SEO plugin v20.6 - https:\/\/yoast.com\/wordpress\/plugins\/seo\/ -->\n<title>214\u00e8me mise des vins de la Ville de Lausanne De rares magnums enflamment la salle - thomasvino<\/title>\n<meta name=\"robots\" content=\"index, follow, max-snippet:-1, max-image-preview:large, max-video-preview:-1\" \/>\n<link rel=\"canonical\" href=\"https:\/\/thomasvino.ch\/?p=14009\" \/>\n<meta property=\"og:locale\" content=\"fr_FR\" \/>\n<meta property=\"og:type\" content=\"article\" \/>\n<meta property=\"og:title\" content=\"214\u00e8me mise des vins de la Ville de Lausanne De rares magnums enflamment la salle - thomasvino\" \/>\n<meta property=\"og:description\" content=\"Six lots de trois magnums 2016, en pots vaudois de 140 cl, des deux clos du D\u00e9zaley appartenant \u00e0 la Ville de Lausanne, Les Abbayes et Les Moines, vendus en primeur, ont enflamm\u00e9 la salle du Conseil communal de l\u2019H\u00f4tel de Ville de Lausanne, hier, samedi 10 d\u00e9cembre. Trois lots ont atteint les 100 francs [&hellip;]\" \/>\n<meta property=\"og:url\" content=\"https:\/\/thomasvino.ch\/?p=14009\" \/>\n<meta property=\"og:site_name\" content=\"thomasvino\" \/>\n<meta property=\"article:published_time\" content=\"2016-12-10T16:13:45+00:00\" \/>\n<meta property=\"article:modified_time\" content=\"2016-12-11T15:12:43+00:00\" \/>\n<meta property=\"og:image\" content=\"http:\/\/www.thomasvino.ch\/wp-content\/uploads\/2016\/12\/IMG_4612-300x179.jpg\" \/>\n<meta name=\"author\" content=\"Pierre Thomas\" \/>\n<meta name=\"twitter:label1\" content=\"\u00c9crit par\" \/>\n\t<meta name=\"twitter:data1\" content=\"Pierre Thomas\" \/>\n\t<meta name=\"twitter:label2\" content=\"Dur\u00e9e de lecture estim\u00e9e\" \/>\n\t<meta name=\"twitter:data2\" content=\"2 minutes\" \/>\n<script type=\"application\/ld+json\" class=\"yoast-schema-graph\">{\"@context\":\"https:\/\/schema.org\",\"@graph\":[{\"@type\":\"WebPage\",\"@id\":\"https:\/\/thomasvino.ch\/?p=14009\",\"url\":\"https:\/\/thomasvino.ch\/?p=14009\",\"name\":\"214\u00e8me mise des vins de la Ville de Lausanne De rares magnums enflamment la salle - thomasvino\",\"isPartOf\":{\"@id\":\"https:\/\/thomasvino.ch\/#website\"},\"datePublished\":\"2016-12-10T16:13:45+00:00\",\"dateModified\":\"2016-12-11T15:12:43+00:00\",\"author\":{\"@id\":\"https:\/\/thomasvino.ch\/#\/schema\/person\/670bf4486fe81152cf1d68bd585e062e\"},\"breadcrumb\":{\"@id\":\"https:\/\/thomasvino.ch\/?p=14009#breadcrumb\"},\"inLanguage\":\"fr-FR\",\"potentialAction\":[{\"@type\":\"ReadAction\",\"target\":[\"https:\/\/thomasvino.ch\/?p=14009\"]}]},{\"@type\":\"BreadcrumbList\",\"@id\":\"https:\/\/thomasvino.ch\/?p=14009#breadcrumb\",\"itemListElement\":[{\"@type\":\"ListItem\",\"position\":1,\"name\":\"Accueil\",\"item\":\"https:\/\/thomasvino.ch\/\"},{\"@type\":\"ListItem\",\"position\":2,\"name\":\"214\u00e8me mise des vins de la Ville de Lausanne De rares magnums enflamment la salle\"}]},{\"@type\":\"WebSite\",\"@id\":\"https:\/\/thomasvino.ch\/#website\",\"url\":\"https:\/\/thomasvino.ch\/\",\"name\":\"thomasvino\",\"description\":\"Vins &amp; Gastronomie\",\"potentialAction\":[{\"@type\":\"SearchAction\",\"target\":{\"@type\":\"EntryPoint\",\"urlTemplate\":\"https:\/\/thomasvino.ch\/?s={search_term_string}\"},\"query-input\":\"required name=search_term_string\"}],\"inLanguage\":\"fr-FR\"},{\"@type\":\"Person\",\"@id\":\"https:\/\/thomasvino.ch\/#\/schema\/person\/670bf4486fe81152cf1d68bd585e062e\",\"name\":\"Pierre Thomas\",\"image\":{\"@type\":\"ImageObject\",\"inLanguage\":\"fr-FR\",\"@id\":\"https:\/\/thomasvino.ch\/#\/schema\/person\/image\/\",\"url\":\"https:\/\/secure.gravatar.com\/avatar\/91fd5a76647f140e53db987a0dead4d7?s=96&d=mm&r=g\",\"contentUrl\":\"https:\/\/secure.gravatar.com\/avatar\/91fd5a76647f140e53db987a0dead4d7?s=96&d=mm&r=g\",\"caption\":\"Pierre Thomas\"},\"url\":\"https:\/\/thomasvino.ch\/?author=3\"}]}<\/script>\n<!-- \/ Yoast SEO plugin. -->","yoast_head_json":{"title":"214\u00e8me mise des vins de la Ville de Lausanne De rares magnums enflamment la salle - thomasvino","robots":{"index":"index","follow":"follow","max-snippet":"max-snippet:-1","max-image-preview":"max-image-preview:large","max-video-preview":"max-video-preview:-1"},"canonical":"https:\/\/thomasvino.ch\/?p=14009","og_locale":"fr_FR","og_type":"article","og_title":"214\u00e8me mise des vins de la Ville de Lausanne De rares magnums enflamment la salle - thomasvino","og_description":"Six lots de trois magnums 2016, en pots vaudois de 140 cl, des deux clos du D\u00e9zaley appartenant \u00e0 la Ville de Lausanne, Les Abbayes et Les Moines, vendus en primeur, ont enflamm\u00e9 la salle du Conseil communal de l\u2019H\u00f4tel de Ville de Lausanne, hier, samedi 10 d\u00e9cembre. Trois lots ont atteint les 100 francs [&hellip;]","og_url":"https:\/\/thomasvino.ch\/?p=14009","og_site_name":"thomasvino","article_published_time":"2016-12-10T16:13:45+00:00","article_modified_time":"2016-12-11T15:12:43+00:00","og_image":[{"url":"http:\/\/www.thomasvino.ch\/wp-content\/uploads\/2016\/12\/IMG_4612-300x179.jpg"}],"author":"Pierre Thomas","twitter_misc":{"\u00c9crit par":"Pierre Thomas","Dur\u00e9e de lecture estim\u00e9e":"2 minutes"},"schema":{"@context":"https:\/\/schema.org","@graph":[{"@type":"WebPage","@id":"https:\/\/thomasvino.ch\/?p=14009","url":"https:\/\/thomasvino.ch\/?p=14009","name":"214\u00e8me mise des vins de la Ville de Lausanne De rares magnums enflamment la salle - thomasvino","isPartOf":{"@id":"https:\/\/thomasvino.ch\/#website"},"datePublished":"2016-12-10T16:13:45+00:00","dateModified":"2016-12-11T15:12:43+00:00","author":{"@id":"https:\/\/thomasvino.ch\/#\/schema\/person\/670bf4486fe81152cf1d68bd585e062e"},"breadcrumb":{"@id":"https:\/\/thomasvino.ch\/?p=14009#breadcrumb"},"inLanguage":"fr-FR","potentialAction":[{"@type":"ReadAction","target":["https:\/\/thomasvino.ch\/?p=14009"]}]},{"@type":"BreadcrumbList","@id":"https:\/\/thomasvino.ch\/?p=14009#breadcrumb","itemListElement":[{"@type":"ListItem","position":1,"name":"Accueil","item":"https:\/\/thomasvino.ch\/"},{"@type":"ListItem","position":2,"name":"214\u00e8me mise des vins de la Ville de Lausanne De rares magnums enflamment la salle"}]},{"@type":"WebSite","@id":"https:\/\/thomasvino.ch\/#website","url":"https:\/\/thomasvino.ch\/","name":"thomasvino","description":"Vins &amp; Gastronomie","potentialAction":[{"@type":"SearchAction","target":{"@type":"EntryPoint","urlTemplate":"https:\/\/thomasvino.ch\/?s={search_term_string}"},"query-input":"required name=search_term_string"}],"inLanguage":"fr-FR"},{"@type":"Person","@id":"https:\/\/thomasvino.ch\/#\/schema\/person\/670bf4486fe81152cf1d68bd585e062e","name":"Pierre Thomas","image":{"@type":"ImageObject","inLanguage":"fr-FR","@id":"https:\/\/thomasvino.ch\/#\/schema\/person\/image\/","url":"https:\/\/secure.gravatar.com\/avatar\/91fd5a76647f140e53db987a0dead4d7?s=96&d=mm&r=g","contentUrl":"https:\/\/secure.gravatar.com\/avatar\/91fd5a76647f140e53db987a0dead4d7?s=96&d=mm&r=g","caption":"Pierre Thomas"},"url":"https:\/\/thomasvino.ch\/?author=3"}]}},"jetpack_featured_media_url":"","jetpack_sharing_enabled":true,"jetpack_shortlink":"https:\/\/wp.me\/p3m4tZ-3DX","jetpack_likes_enabled":false,"jetpack-related-posts":[{"id":9509,"url":"https:\/\/thomasvino.ch\/?p=9509","url_meta":{"origin":14009,"position":0},"title":"Vins de Lausanne: des chiffres \u00e0 la hausse","date":"8 d\u00e9cembre 2012","format":false,"excerpt":"Vins de la Ville de Lausanne Des chiffres (revus) \u00e0 la hausse La 210\u00e8me mise publique des vins de la Ville de Lausanne a permis au chef-lieu vaudois d\u2019encaisser un peu moins de 1,5 millions de francs (1,57 mios), samedi 8 d\u00e9cembre 2012. Un r\u00e9sultat financier imm\u00e9diat en l\u00e9ger retrait\u2026","rel":"","context":"Dans &quot;Actus - News&quot;","img":{"alt_text":"mise2012.jpg","src":"img\/mise2012.jpg","width":350,"height":200},"classes":[]},{"id":9528,"url":"https:\/\/thomasvino.ch\/?p=9528","url_meta":{"origin":14009,"position":1},"title":"Vins de la Ville de Lausanne: 2\u00e8me gamme en vue","date":"7 f\u00e9vrier 2013","format":false,"excerpt":"Le deuxi\u00e8me samedi de d\u00e9cembre (soit le 8.12.2012), la traditionnelle vente aux ench\u00e8res des vins de la Ville de Lausanne, 210\u00e8me de rang, a permis au chef-lieu vaudois d\u2019engranger plus de 1,5 million de francs, en vendant \u00e0 l\u2019encan 150'000 litres de vins, durant pr\u00e8s de sept heures de temps!\u2026","rel":"","context":"Dans &quot;Vins suisses&quot;","img":{"alt_text":"","src":"https:\/\/i0.wp.com\/www.thomasvino.ch\/wp-content\/uploads\/2013\/02\/vins_ville_laus_neoetiq-272x300.jpg?resize=350%2C200","width":350,"height":200},"classes":[]},{"id":14705,"url":"https:\/\/thomasvino.ch\/?p=14705","url_meta":{"origin":14009,"position":2},"title":"Les vins de Lausanne misent sur l\u2019Histoire","date":"15 novembre 2017","format":false,"excerpt":"Le samedi 9 d\u00e9cembre, \u00e0 l\u2019H\u00f4tel-de-Ville, place de la Palud, aura lieu la 215\u00e8me mise des vins de la Ville de Lausanne. Les vins mis\u00e9s par le public porteront d\u2019anciennes \u00e9tiquettes \u00abcollector\u00bb. Cette mise a \u00e9t\u00e9 inscrite depuis 2014 au Patrimoine culturel immat\u00e9riel vaudois et est consid\u00e9r\u00e9e comme la plus\u2026","rel":"","context":"Dans &quot;Actus - News&quot;","img":{"alt_text":"","src":"","width":0,"height":0},"classes":[]},{"id":9293,"url":"https:\/\/thomasvino.ch\/?p=9293","url_meta":{"origin":14009,"position":3},"title":"Une mise de la Ville de Lausanne juste satisfaisante","date":"10 d\u00e9cembre 2011","format":false,"excerpt":"Vente des vins de la Ville de Lausanne 2011 Des prix corrects et aucun invendu Malgr\u00e9 une conjoncture pr\u00e9tendue difficile pour les vins suisses et vaudois en particulier, la 209\u00e8me vente aux ench\u00e8res des vins de la Ville de Lausanne, samedi 10 d\u00e9cembre 2011, s\u2019est d\u00e9roul\u00e9e \u00e0 satisfaction. En quatre\u2026","rel":"","context":"Dans &quot;Actus - News&quot;","img":{"alt_text":"venteville1211.jpg","src":"img\/venteville1211.jpg","width":350,"height":200},"classes":[]},{"id":16991,"url":"https:\/\/thomasvino.ch\/?p=16991","url_meta":{"origin":14009,"position":4},"title":"Vins de Lausanne: une mise en ligne \u00e0 prix fixe","date":"4 d\u00e9cembre 2020","format":false,"excerpt":"La Ville de Lausanne vient d'annoncer par communiqu\u00e9 ce que l'on savait d\u00e9j\u00e0: \u00aben cette ann\u00e9e particuli\u00e8re, la Ville doit renoncer \u00e0 organiser sa 218e Mise aux ench\u00e8res des Vins de Lausanne \u00e0 l\u2019H\u00f4tel de Ville. En lieu et place, les int\u00e9ress\u00e9 pourront acqu\u00e9rir les vins du nouveau mill\u00e9sime directement\u2026","rel":"","context":"Dans &quot;Actus - News&quot;","img":{"alt_text":"","src":"","width":0,"height":0},"classes":[]},{"id":13145,"url":"https:\/\/thomasvino.ch\/?p=13145","url_meta":{"origin":14009,"position":5},"title":"La 213\u00e8me vente des vins de la Ville  De petits lots pour les Lausannois","date":"4 novembre 2015","format":false,"excerpt":"\u00abEt si nous rendions cette mise aux Lausannois\u00a0?\u00bb La question est pos\u00e9e sur une page d\u00e9di\u00e9e de Facebook par les cinq domaines de la Ville de Lausanne. Tenue depuis 1803, la 213\u00e8me \u00e9dition de la mise aux ench\u00e8res publique des vins de la Ville de Lausanne aura lieu le samedi\u2026","rel":"","context":"Dans &quot;Actus - News&quot;","img":{"alt_text":"","src":"","width":0,"height":0},"classes":[]}],"_links":{"self":[{"href":"https:\/\/thomasvino.ch\/index.php?rest_route=\/wp\/v2\/posts\/14009"}],"collection":[{"href":"https:\/\/thomasvino.ch\/index.php?rest_route=\/wp\/v2\/posts"}],"about":[{"href":"https:\/\/thomasvino.ch\/index.php?rest_route=\/wp\/v2\/types\/post"}],"author":[{"embeddable":true,"href":"https:\/\/thomasvino.ch\/index.php?rest_route=\/wp\/v2\/users\/3"}],"replies":[{"embeddable":true,"href":"https:\/\/thomasvino.ch\/index.php?rest_route=%2Fwp%2Fv2%2Fcomments&post=14009"}],"version-history":[{"count":0,"href":"https:\/\/thomasvino.ch\/index.php?rest_route=\/wp\/v2\/posts\/14009\/revisions"}],"wp:attachment":[{"href":"https:\/\/thomasvino.ch\/index.php?rest_route=%2Fwp%2Fv2%2Fmedia&parent=14009"}],"wp:term":[{"taxonomy":"category","embeddable":true,"href":"https:\/\/thomasvino.ch\/index.php?rest_route=%2Fwp%2Fv2%2Fcategories&post=14009"},{"taxonomy":"post_tag","embeddable":true,"href":"https:\/\/thomasvino.ch\/index.php?rest_route=%2Fwp%2Fv2%2Ftags&post=14009"}],"curies":[{"name":"wp","href":"https:\/\/api.w.org\/{rel}","templated":true}]}}