{"id":14285,"date":"2017-03-31T11:23:16","date_gmt":"2017-03-31T10:23:16","guid":{"rendered":"https:\/\/thomasvino.ch\/?p=14285"},"modified":"2017-04-04T08:50:21","modified_gmt":"2017-04-04T07:50:21","slug":"bordeaux-2016-bouche-oenologues-vedettes","status":"publish","type":"post","link":"https:\/\/thomasvino.ch\/?p=14285","title":{"rendered":"Bordeaux 2016 dans la bouche des \u0153nologues-vedettes"},"content":{"rendered":"<p><strong>Ce sont les deux plus c\u00e9l\u00e8bres \u0153nologues-conseils de Bordeaux\u00a0: Michel Rolland et St\u00e9phane Derenoncourt, \u00e0 la t\u00eate de deux cabinets d\u2019une batterie de jeunes pros. C\u2019est eux, avec les propri\u00e9taires des ch\u00e2teaux, qui pr\u00e9parent les \u00e9chantillons soumis ensuite aux journalistes et aux n\u00e9gociants pour la campagne des \u00abprimeurs\u00bb. Les premiers sont \u00e0 la source des notes et de la musique r\u00e9percut\u00e9e par les seconds. Gabrielle Vizzavona les a rencontr\u00e9s pour le site Internet du <em>Figaro<\/em>. Extraits ci-dessous. Et dans le magazine <em>Le Point<\/em>, Jacques Dupont explique pourquoi, \u00e0 cause de Bob Parker, <a href=\"http:\/\/www.lepoint.fr\/vin\/journal-des-primeurs-9-parker-a-fait-perdre-10-ans-a-bordeaux-03-04-2017-2116931_581.php\">Bordeaux a perdu dix ans.<\/a><\/strong><\/p>\n<p>Pour <a href=\"http:\/\/avis-vin.lefigaro.fr\/primeurs\/o131936-primeurs-de-bordeaux-2016-lanalyse-de-michel-rolland#ixzz4ctV4w3gB\"><strong>Michel Rolland<\/strong><\/a>, l\u2019ancien, \u00a0\u00abc\u2019est assez simple : 2016 arrive apr\u00e8s les mill\u00e9simes 2014 <a href=\"https:\/\/thomasvino.ch\/?p=14278\">(<em><strong>lire notre reportage sur 2014<\/strong><\/em>)<\/a> et 2015 qui \u00e9taient bons et qui se sont bien vendus. (\u2026) <strong>Le march\u00e9 de Bordeaux va bien.<\/strong>\u00a0Alors quand on approche ces primeurs 2016, les gens ne sont pas tr\u00e8s gourmands et me disent <em>\u00ab\u00a0fais le meilleur\u00a0\u00bb<\/em>. Il n\u2019y a pas de pression \u00e9conomique qui obligerait \u00e0 d\u00e9border du meilleur. On garde le c\u0153ur, et en 2016, on a largement ce qu\u2019il faut. La qualit\u00e9 reste Dieu merci le principal. 2016 serait arriv\u00e9 apr\u00e8s des mill\u00e9simes compliqu\u00e9s, on m\u2019aurait dit <em>\u00ab\u00a0fais le maximum car on en a bien besoin\u00a0\u00bb<\/em>.\u00a0<strong>\u00c7a\u00a0va \u00eatre un mill\u00e9sime dont on parlera longtemps car il est merveilleux et que la pression \u00e9conomique est faible<\/strong>. L\u2019assembleur que je suis est le plus heureux des hommes ! (\u2026) 2016 a tout ce qu\u2019il faut l\u00e0 o\u00f9 il faut. On ne sait pas trop comment ni pourquoi, mais \u00e7a y est. <strong>Les vins ont des ar\u00f4mes de fruits tr\u00e8s frais, tr\u00e8s agr\u00e9ables, que nous n\u2019avons pas eus depuis des ann\u00e9es.<\/strong> <strong>Ils ont un \u00e9quilibre en bouche assez exceptionnel, de l\u2019acidit\u00e9, ce dont on avait perdu l\u2019habitude les 10 derni\u00e8res ann\u00e9es<\/strong>. Il y en a plus qu\u2019en 2009, et qu\u2019en 2010.\u00a0<strong>Ce sont des vins avec une vraie tension, qui vibrent quand on les go\u00fbte.<\/strong>\u00a0L\u2019arch\u00e9type m\u00eame du tr\u00e8s bon vin. (\u2026) <strong>Je pense qu\u2019intrins\u00e8quement, 2016 est un cran au-dessus de 2015<\/strong>. Dans l\u2019adversit\u00e9, les grands terroirs produisent toujours de meilleurs raisins que les autres.\u00bb<\/p>\n<div id=\"attachment_14286\" style=\"width: 310px\" class=\"wp-caption aligncenter\"><a href=\"https:\/\/thomasvino.ch\/?attachment_id=14286\" rel=\"attachment wp-att-14286\"><img aria-describedby=\"caption-attachment-14286\" data-attachment-id=\"14286\" data-permalink=\"https:\/\/thomasvino.ch\/?attachment_id=14286\" data-orig-file=\"https:\/\/i0.wp.com\/thomasvino.ch\/wp-content\/uploads\/2017\/03\/site_talbot-1.jpg?fit=3264%2C2448&amp;ssl=1\" data-orig-size=\"3264,2448\" data-comments-opened=\"0\" data-image-meta=\"{&quot;aperture&quot;:&quot;2.2&quot;,&quot;credit&quot;:&quot;&quot;,&quot;camera&quot;:&quot;iPhone 6&quot;,&quot;caption&quot;:&quot;&quot;,&quot;created_timestamp&quot;:&quot;1483952945&quot;,&quot;copyright&quot;:&quot;&quot;,&quot;focal_length&quot;:&quot;4.15&quot;,&quot;iso&quot;:&quot;125&quot;,&quot;shutter_speed&quot;:&quot;0.03030303030303&quot;,&quot;title&quot;:&quot;&quot;,&quot;orientation&quot;:&quot;1&quot;}\" data-image-title=\"site_talbot\" data-image-description=\"\" data-image-caption=\"&lt;p&gt;Le chais de Ch\u00e2teau Talbot, suivi par S. Derenoncourt.&lt;\/p&gt;\n\" data-medium-file=\"https:\/\/i0.wp.com\/thomasvino.ch\/wp-content\/uploads\/2017\/03\/site_talbot-1.jpg?fit=300%2C225&amp;ssl=1\" data-large-file=\"https:\/\/i0.wp.com\/thomasvino.ch\/wp-content\/uploads\/2017\/03\/site_talbot-1.jpg?fit=1024%2C768&amp;ssl=1\" loading=\"lazy\" class=\"size-medium wp-image-14286\" src=\"https:\/\/i0.wp.com\/thomasvino.ch\/wp-content\/uploads\/2017\/03\/site_talbot-1.jpg?resize=300%2C225&#038;ssl=1\" alt=\"\" width=\"300\" height=\"225\" srcset=\"https:\/\/i0.wp.com\/thomasvino.ch\/wp-content\/uploads\/2017\/03\/site_talbot-1.jpg?resize=300%2C225&amp;ssl=1 300w, https:\/\/i0.wp.com\/thomasvino.ch\/wp-content\/uploads\/2017\/03\/site_talbot-1.jpg?resize=768%2C576&amp;ssl=1 768w, https:\/\/i0.wp.com\/thomasvino.ch\/wp-content\/uploads\/2017\/03\/site_talbot-1.jpg?resize=1024%2C768&amp;ssl=1 1024w, https:\/\/i0.wp.com\/thomasvino.ch\/wp-content\/uploads\/2017\/03\/site_talbot-1.jpg?w=2000&amp;ssl=1 2000w, https:\/\/i0.wp.com\/thomasvino.ch\/wp-content\/uploads\/2017\/03\/site_talbot-1.jpg?w=3000&amp;ssl=1 3000w\" sizes=\"(max-width: 300px) 100vw, 300px\" data-recalc-dims=\"1\" \/><\/a><p id=\"caption-attachment-14286\" class=\"wp-caption-text\"><em>Le chais de Ch\u00e2teau Talbot, suivi par S. Derenoncourt.<\/em><\/p><\/div>\n<p>Adversit\u00e9\u00a0? Oui, et c\u2019est <a href=\"http:\/\/avis-vin.lefigaro.fr\/primeurs\/o131932-primeurs-de-bordeaux-2016-lanalyse-de-stephane-derenoncourt#ixzz4ctVlCNhr\"><strong>St\u00e9phane Derenoncourt<\/strong><\/a>, le jeune (enfin, dans la force de l\u2019\u00e2ge\u00a0!) qui l\u2019explique\u00a0: \u00ab<strong>2016 est une forme de miracle. C\u2019est le film triste qui finit bien.<\/strong> Un d\u00e9but de mill\u00e9sime impossible, extr\u00eamement pluvieux. En mati\u00e8re de gestion des vignes, c\u2019est une catastrophe, et il y a une forte pression des maladies. Une petite tr\u00eave se fait d\u00e9but juin et permet une belle floraison, tr\u00e8s compacte. Puis d\u00e8s la fin juin il fait beau jusqu\u2019aux vendanges. Ca m\u00fbrit tranquillement, en gardant de bonnes acidit\u00e9s car il y a un fort contraste entre les journ\u00e9es chaudes et les nuits fraiches. Apr\u00e8s une longue s\u00e9cheresse, il tombe un peu d\u2019eau. (\u2026) <strong>C\u2019est un mill\u00e9sime assez magique pour un vigneron<\/strong>.<strong> Il a le choix de faire ce qu\u2019il veut (\u2026) ramasser t\u00f4t pour faire des vins frais ou tard pour faire des vins m\u00fbrs.\u00a02016 est int\u00e9ressant pour juger les ch\u00e2teaux stylistiquement<\/strong>. <strong>Cela est tr\u00e8s rare.<\/strong> G\u00e9n\u00e9ralement, on subit les mill\u00e9simes, on vendange car il faut y aller. Les vins de 2016 ont une belle maturit\u00e9, de l\u2019acidit\u00e9, et de l\u2019alcool (mais pas trop). Si on fait la somme des temp\u00e9ratures de cette ann\u00e9e viticole,\u00a0<strong>c\u2019est le mill\u00e9sime le plus froid des vingt derni\u00e8res ann\u00e9es<\/strong>. <strong>Nous avons un mill\u00e9sime ultra-m\u00fbr mais aussi ultra-frais.<\/strong> (\u2026) <strong>Compar\u00e9 \u00e0 2015 qui a \u00e9t\u00e9 jug\u00e9 comme un tr\u00e8s grand mill\u00e9sime,\u00a0il y a en 2016 une meilleure homog\u00e9n\u00e9it\u00e9.<\/strong>\u00a0Moins de contraste entre la rive droite et la rive gauche. L\u2019ann\u00e9e derni\u00e8re, c\u2019\u00e9tait une \u00e9vidence que la Rive droite (St-Emilion, Pomerol) les Graves\u00a0et le sud du M\u00e9doc\u00a0\u00e9taient sup\u00e9rieurs aux crus du nord du\u00a0M\u00e9doc. (\u2026) En 2016, \u00ab<strong>il y a un certain classicisme dans les vins de la rive gauche.<\/strong>. Sur la rive droite, aux sols plus argileux, les niveaux d\u2019alcool sont plus hauts, les vins sont un peu plus impressionnants. <strong>Sur la rive gauche, c\u2019est la gr\u00e2ce, des vins incroyables<\/strong>, les grands cabernets de Saint-Julien, le c\u0153ur des belles graves du\u00a0M\u00e9doc \u00e0 Pauillac, mais aussi\u00a0Pessac-L\u00e9ognan une tr\u00e8s belle appellation.\u00bb<br \/>\nTout, ou presque, est dit\u00a0: ensuite, on peut aller se faire <a href=\"https:\/\/thomasvino.ch\/?p=14255\"><strong>une id\u00e9e soi-m\u00eame \u00e0 Lausanne en mai<\/strong><\/a>, lire les notes des experts plus ou moins connus, en corr\u00e9lation avec les prix de sortie, inconnus \u00e0 ce jour! Mais Bordeaux n&rsquo;a pas l&rsquo;habitude de faire de cadeaux au consommateur&#8230;<\/p>\n<p><em>\u00a9thomasvino.ch<\/em><\/p>\n","protected":false},"excerpt":{"rendered":"<p>Ce sont les deux plus c\u00e9l\u00e8bres \u0153nologues-conseils de Bordeaux\u00a0: Michel Rolland et St\u00e9phane Derenoncourt, \u00e0 la t\u00eate de deux cabinets d\u2019une batterie de jeunes pros. C\u2019est eux, avec les propri\u00e9taires des ch\u00e2teaux, qui pr\u00e9parent les \u00e9chantillons soumis ensuite aux journalistes et aux n\u00e9gociants pour la campagne des \u00abprimeurs\u00bb. Les premiers sont \u00e0 la source des [&hellip;]<\/p>\n","protected":false},"author":3,"featured_media":0,"comment_status":"closed","ping_status":"open","sticky":false,"template":"","format":"standard","meta":{"_monsterinsights_skip_tracking":false,"_monsterinsights_sitenote_active":false,"_monsterinsights_sitenote_note":"","_monsterinsights_sitenote_category":0,"jetpack_post_was_ever_published":false,"jetpack_publicize_message":"","jetpack_is_tweetstorm":false,"jetpack_publicize_feature_enabled":true,"jetpack_social_post_already_shared":true,"jetpack_social_options":{"image_generator_settings":{"template":"highway","enabled":false}}},"categories":[29],"tags":[],"jetpack_publicize_connections":[],"yoast_head":"<!-- This site is optimized with the Yoast SEO plugin v20.6 - https:\/\/yoast.com\/wordpress\/plugins\/seo\/ -->\n<title>Bordeaux 2016 dans la bouche des \u0153nologues-vedettes - thomasvino<\/title>\n<meta name=\"robots\" content=\"index, follow, max-snippet:-1, max-image-preview:large, max-video-preview:-1\" \/>\n<link rel=\"canonical\" href=\"https:\/\/thomasvino.ch\/?p=14285\" \/>\n<meta property=\"og:locale\" content=\"fr_FR\" \/>\n<meta property=\"og:type\" content=\"article\" \/>\n<meta property=\"og:title\" content=\"Bordeaux 2016 dans la bouche des \u0153nologues-vedettes - thomasvino\" \/>\n<meta property=\"og:description\" content=\"Ce sont les deux plus c\u00e9l\u00e8bres \u0153nologues-conseils de Bordeaux\u00a0: Michel Rolland et St\u00e9phane Derenoncourt, \u00e0 la t\u00eate de deux cabinets d\u2019une batterie de jeunes pros. C\u2019est eux, avec les propri\u00e9taires des ch\u00e2teaux, qui pr\u00e9parent les \u00e9chantillons soumis ensuite aux journalistes et aux n\u00e9gociants pour la campagne des \u00abprimeurs\u00bb. Les premiers sont \u00e0 la source des [&hellip;]\" \/>\n<meta property=\"og:url\" content=\"https:\/\/thomasvino.ch\/?p=14285\" \/>\n<meta property=\"og:site_name\" content=\"thomasvino\" \/>\n<meta property=\"article:published_time\" content=\"2017-03-31T10:23:16+00:00\" \/>\n<meta property=\"article:modified_time\" content=\"2017-04-04T07:50:21+00:00\" \/>\n<meta property=\"og:image\" content=\"https:\/\/thomasvino.ch\/wp-content\/uploads\/2017\/03\/site_talbot-1-300x225.jpg\" \/>\n<meta name=\"author\" content=\"Pierre Thomas\" \/>\n<meta name=\"twitter:label1\" content=\"\u00c9crit par\" \/>\n\t<meta name=\"twitter:data1\" content=\"Pierre Thomas\" \/>\n\t<meta name=\"twitter:label2\" content=\"Dur\u00e9e de lecture estim\u00e9e\" \/>\n\t<meta name=\"twitter:data2\" content=\"4 minutes\" \/>\n<script type=\"application\/ld+json\" class=\"yoast-schema-graph\">{\"@context\":\"https:\/\/schema.org\",\"@graph\":[{\"@type\":\"WebPage\",\"@id\":\"https:\/\/thomasvino.ch\/?p=14285\",\"url\":\"https:\/\/thomasvino.ch\/?p=14285\",\"name\":\"Bordeaux 2016 dans la bouche des \u0153nologues-vedettes - thomasvino\",\"isPartOf\":{\"@id\":\"https:\/\/thomasvino.ch\/#website\"},\"datePublished\":\"2017-03-31T10:23:16+00:00\",\"dateModified\":\"2017-04-04T07:50:21+00:00\",\"author\":{\"@id\":\"https:\/\/thomasvino.ch\/#\/schema\/person\/670bf4486fe81152cf1d68bd585e062e\"},\"breadcrumb\":{\"@id\":\"https:\/\/thomasvino.ch\/?p=14285#breadcrumb\"},\"inLanguage\":\"fr-FR\",\"potentialAction\":[{\"@type\":\"ReadAction\",\"target\":[\"https:\/\/thomasvino.ch\/?p=14285\"]}]},{\"@type\":\"BreadcrumbList\",\"@id\":\"https:\/\/thomasvino.ch\/?p=14285#breadcrumb\",\"itemListElement\":[{\"@type\":\"ListItem\",\"position\":1,\"name\":\"Accueil\",\"item\":\"https:\/\/thomasvino.ch\/\"},{\"@type\":\"ListItem\",\"position\":2,\"name\":\"Bordeaux 2016 dans la bouche des \u0153nologues-vedettes\"}]},{\"@type\":\"WebSite\",\"@id\":\"https:\/\/thomasvino.ch\/#website\",\"url\":\"https:\/\/thomasvino.ch\/\",\"name\":\"thomasvino\",\"description\":\"Vins &amp; Gastronomie\",\"potentialAction\":[{\"@type\":\"SearchAction\",\"target\":{\"@type\":\"EntryPoint\",\"urlTemplate\":\"https:\/\/thomasvino.ch\/?s={search_term_string}\"},\"query-input\":\"required name=search_term_string\"}],\"inLanguage\":\"fr-FR\"},{\"@type\":\"Person\",\"@id\":\"https:\/\/thomasvino.ch\/#\/schema\/person\/670bf4486fe81152cf1d68bd585e062e\",\"name\":\"Pierre Thomas\",\"image\":{\"@type\":\"ImageObject\",\"inLanguage\":\"fr-FR\",\"@id\":\"https:\/\/thomasvino.ch\/#\/schema\/person\/image\/\",\"url\":\"https:\/\/secure.gravatar.com\/avatar\/91fd5a76647f140e53db987a0dead4d7?s=96&d=mm&r=g\",\"contentUrl\":\"https:\/\/secure.gravatar.com\/avatar\/91fd5a76647f140e53db987a0dead4d7?s=96&d=mm&r=g\",\"caption\":\"Pierre Thomas\"},\"url\":\"https:\/\/thomasvino.ch\/?author=3\"}]}<\/script>\n<!-- \/ Yoast SEO plugin. -->","yoast_head_json":{"title":"Bordeaux 2016 dans la bouche des \u0153nologues-vedettes - thomasvino","robots":{"index":"index","follow":"follow","max-snippet":"max-snippet:-1","max-image-preview":"max-image-preview:large","max-video-preview":"max-video-preview:-1"},"canonical":"https:\/\/thomasvino.ch\/?p=14285","og_locale":"fr_FR","og_type":"article","og_title":"Bordeaux 2016 dans la bouche des \u0153nologues-vedettes - thomasvino","og_description":"Ce sont les deux plus c\u00e9l\u00e8bres \u0153nologues-conseils de Bordeaux\u00a0: Michel Rolland et St\u00e9phane Derenoncourt, \u00e0 la t\u00eate de deux cabinets d\u2019une batterie de jeunes pros. C\u2019est eux, avec les propri\u00e9taires des ch\u00e2teaux, qui pr\u00e9parent les \u00e9chantillons soumis ensuite aux journalistes et aux n\u00e9gociants pour la campagne des \u00abprimeurs\u00bb. Les premiers sont \u00e0 la source des [&hellip;]","og_url":"https:\/\/thomasvino.ch\/?p=14285","og_site_name":"thomasvino","article_published_time":"2017-03-31T10:23:16+00:00","article_modified_time":"2017-04-04T07:50:21+00:00","og_image":[{"url":"https:\/\/thomasvino.ch\/wp-content\/uploads\/2017\/03\/site_talbot-1-300x225.jpg"}],"author":"Pierre Thomas","twitter_misc":{"\u00c9crit par":"Pierre Thomas","Dur\u00e9e de lecture estim\u00e9e":"4 minutes"},"schema":{"@context":"https:\/\/schema.org","@graph":[{"@type":"WebPage","@id":"https:\/\/thomasvino.ch\/?p=14285","url":"https:\/\/thomasvino.ch\/?p=14285","name":"Bordeaux 2016 dans la bouche des \u0153nologues-vedettes - thomasvino","isPartOf":{"@id":"https:\/\/thomasvino.ch\/#website"},"datePublished":"2017-03-31T10:23:16+00:00","dateModified":"2017-04-04T07:50:21+00:00","author":{"@id":"https:\/\/thomasvino.ch\/#\/schema\/person\/670bf4486fe81152cf1d68bd585e062e"},"breadcrumb":{"@id":"https:\/\/thomasvino.ch\/?p=14285#breadcrumb"},"inLanguage":"fr-FR","potentialAction":[{"@type":"ReadAction","target":["https:\/\/thomasvino.ch\/?p=14285"]}]},{"@type":"BreadcrumbList","@id":"https:\/\/thomasvino.ch\/?p=14285#breadcrumb","itemListElement":[{"@type":"ListItem","position":1,"name":"Accueil","item":"https:\/\/thomasvino.ch\/"},{"@type":"ListItem","position":2,"name":"Bordeaux 2016 dans la bouche des \u0153nologues-vedettes"}]},{"@type":"WebSite","@id":"https:\/\/thomasvino.ch\/#website","url":"https:\/\/thomasvino.ch\/","name":"thomasvino","description":"Vins &amp; Gastronomie","potentialAction":[{"@type":"SearchAction","target":{"@type":"EntryPoint","urlTemplate":"https:\/\/thomasvino.ch\/?s={search_term_string}"},"query-input":"required name=search_term_string"}],"inLanguage":"fr-FR"},{"@type":"Person","@id":"https:\/\/thomasvino.ch\/#\/schema\/person\/670bf4486fe81152cf1d68bd585e062e","name":"Pierre Thomas","image":{"@type":"ImageObject","inLanguage":"fr-FR","@id":"https:\/\/thomasvino.ch\/#\/schema\/person\/image\/","url":"https:\/\/secure.gravatar.com\/avatar\/91fd5a76647f140e53db987a0dead4d7?s=96&d=mm&r=g","contentUrl":"https:\/\/secure.gravatar.com\/avatar\/91fd5a76647f140e53db987a0dead4d7?s=96&d=mm&r=g","caption":"Pierre Thomas"},"url":"https:\/\/thomasvino.ch\/?author=3"}]}},"jetpack_featured_media_url":"","jetpack_sharing_enabled":true,"jetpack_shortlink":"https:\/\/wp.me\/p3m4tZ-3Ip","jetpack_likes_enabled":false,"jetpack-related-posts":[{"id":9182,"url":"https:\/\/thomasvino.ch\/?p=9182","url_meta":{"origin":14285,"position":0},"title":"Bordeaux, couleur vin","date":"31 mai 2011","format":false,"excerpt":"Bordeaux a la couleur du vin A Bordeaux, le vin est partout. Dans la couleur homonyme, celle des meilleurs crus. Derri\u00e8re les fa\u00e7ades aust\u00e8res de la ville, class\u00e9e au Patrimoine de l\u2019UNESCO. Tout comme le charmant bourg de Saint-Emilion, qui aligne les cavistes \u00e0 tire larigot. Pierre Thomas, de retour\u2026","rel":"","context":"Dans &quot;Vins fran\u00e7ais&quot;","img":{"alt_text":"bx_tram.jpg","src":"img\/bx_tram.jpg","width":350,"height":200},"classes":[]},{"id":11884,"url":"https:\/\/thomasvino.ch\/?p=11884","url_meta":{"origin":14285,"position":1},"title":"Bordeaux &#038; Co  VinoBusiness\u2026 as usual","date":"10 avril 2014","format":false,"excerpt":"C\u2019est le livre du moment \u00e0 lire\u00a0: VinoBusiness, d\u2019Isabelle Saporta, \u00e9dit\u00e9 par Albin Michel. 250 pages \u00e9crites en gros caract\u00e8res, faciles \u00e0 lire, en 25 courts chapitres, o\u00f9 l\u2019auteur enfonce le clou. Sur quatre grands axes du business du vin: le monde de Bordeaux, centr\u00e9 sur le classement des crus\u2026","rel":"","context":"Dans &quot;Tendance&quot;","img":{"alt_text":"","src":"","width":0,"height":0},"classes":[]},{"id":8708,"url":"https:\/\/thomasvino.ch\/?p=8708","url_meta":{"origin":14285,"position":2},"title":"Bordeaux \u2014 L&rsquo;enseignement universel de Bruno Prats","date":"26 janvier 2008","format":false,"excerpt":"Les vins de Bruno PratsLes le\u00e7ons universelles de BordeauxCopropri\u00e9taire, jusqu\u2019en 1998, du prestigieux Ch\u00e2teau Cos d\u2019Estournel, Bruno Prats, 63 ans, domicili\u00e9 pr\u00e8s de Morges, rayonne dans le monde entier pour produire des vins inspir\u00e9s\u2026 de Bordeaux. Pierre ThomasIl pourrait, avec son \u00e9pouse et son chien, passer une tranquille retraite sur\u2026","rel":"","context":"Dans &quot;Vins fran\u00e7ais&quot;","img":{"alt_text":"","src":"","width":0,"height":0},"classes":[]},{"id":9648,"url":"https:\/\/thomasvino.ch\/?p=9648","url_meta":{"origin":14285,"position":3},"title":"Etats-Unis \u2014 Comment fabriquer des vins stars","date":"6 janvier 2005","format":false,"excerpt":"Cabernet sauvignon Comment l'Am\u00e9rique fabrique une star Le cabernet sauvignon dont l'origine est attribu\u00e9e \u00e0 Bordeaux fait encore tourner la t\u00eate aux amateurs am\u00e9ricains. \u00abOpus One\u00bb, le premier \u00abjoint venture\u00bb Bordeaux-Etats-Unis f\u00eate ses 25 mill\u00e9simes cet automne, tandis qu'un Vaudois, Jean-Fran\u00e7ois Pellet, mise sur le cabernet et le merlot dans\u2026","rel":"","context":"Dans &quot;Vins du Nouveau Monde&quot;","img":{"alt_text":"","src":"","width":0,"height":0},"classes":[]},{"id":10035,"url":"https:\/\/thomasvino.ch\/?p=10035","url_meta":{"origin":14285,"position":4},"title":"Le Petit Nossiter illustr\u00e9 par l&rsquo;exemple","date":"5 novembre 2007","format":false,"excerpt":"Le Petit Nossiter illustr\u00e9 par l\u2019exempleDans un bouquin publi\u00e9 fin octobre 2007 (\u00abLe go\u00fbt et le pouvoir\u00bb, Grasset, 410 pages), le cin\u00e9aste Jonathan Nossiter, auteur de \u00abMondovino\u00bb, 46 ans, New Yorkais \u00e9lev\u00e9 \u00e0 Paris, et vivant aujourd\u2019hui \u00e0 Rio de Janeiro, prolonge l\u2019effet de son film. Aphorismes et formule \u00e0\u2026","rel":"","context":"Dans &quot;Tendance&quot;","img":{"alt_text":"","src":"","width":0,"height":0},"classes":[]},{"id":9368,"url":"https:\/\/thomasvino.ch\/?p=9368","url_meta":{"origin":14285,"position":5},"title":"Michel Rolland r\u00e8gle ses comptes","date":"9 mai 2012","format":false,"excerpt":"Clou\u00e9 au pilori, par le r\u00e9alisateur Jonathan Nossiter, en trois s\u00e9quences express du film Mondovino (2004), l\u2019\u00ab\u0153nologue-volant\u00bb bordelais Michel Rolland r\u00e8gle ses comptes par \u00e9crit, sept ans plus tard, avec la complicit\u00e9 d\u2019une journaliste de Sud-Ouest et du Figaro, Isabelle Bunisset. Il emprunte m\u00eame son titre, \u00abLe gourou du vin\u00bb,\u2026","rel":"","context":"Dans &quot;Tendance&quot;","img":{"alt_text":"laviale_rolland.jpg","src":"img\/laviale_rolland.jpg","width":350,"height":200},"classes":[]}],"_links":{"self":[{"href":"https:\/\/thomasvino.ch\/index.php?rest_route=\/wp\/v2\/posts\/14285"}],"collection":[{"href":"https:\/\/thomasvino.ch\/index.php?rest_route=\/wp\/v2\/posts"}],"about":[{"href":"https:\/\/thomasvino.ch\/index.php?rest_route=\/wp\/v2\/types\/post"}],"author":[{"embeddable":true,"href":"https:\/\/thomasvino.ch\/index.php?rest_route=\/wp\/v2\/users\/3"}],"replies":[{"embeddable":true,"href":"https:\/\/thomasvino.ch\/index.php?rest_route=%2Fwp%2Fv2%2Fcomments&post=14285"}],"version-history":[{"count":0,"href":"https:\/\/thomasvino.ch\/index.php?rest_route=\/wp\/v2\/posts\/14285\/revisions"}],"wp:attachment":[{"href":"https:\/\/thomasvino.ch\/index.php?rest_route=%2Fwp%2Fv2%2Fmedia&parent=14285"}],"wp:term":[{"taxonomy":"category","embeddable":true,"href":"https:\/\/thomasvino.ch\/index.php?rest_route=%2Fwp%2Fv2%2Fcategories&post=14285"},{"taxonomy":"post_tag","embeddable":true,"href":"https:\/\/thomasvino.ch\/index.php?rest_route=%2Fwp%2Fv2%2Ftags&post=14285"}],"curies":[{"name":"wp","href":"https:\/\/api.w.org\/{rel}","templated":true}]}}