{"id":14364,"date":"2017-05-31T18:23:41","date_gmt":"2017-05-31T17:23:41","guid":{"rendered":"https:\/\/thomasvino.ch\/?p=14364"},"modified":"2017-06-07T15:37:34","modified_gmt":"2017-06-07T14:37:34","slug":"reperes-caves-ouvertes-130-medailles-dor-a-selection-vaudoise","status":"publish","type":"post","link":"https:\/\/thomasvino.ch\/?p=14364","title":{"rendered":"130 m\u00e9dailles d\u2019or \u00e0 la S\u00e9lection vaudoise"},"content":{"rendered":"<p><strong>Quelque\u00a0129 vins ont obtenu une m\u00e9daille d\u2019or \u00e0 la S\u00e9lection des vins vaudois 2017, selon notre d\u00e9compte \u00e0 partir du site internet mal fichu et obsol\u00e8te de l\u2019OVV. Une seule cave a r\u00e9ussi \u00e0 d\u00e9crocher la bagatelle de 7 m\u00e9dailles d\u2019or, Obrist, \u00e0 Vevey.<\/strong><\/p>\n<p>L\u2019entreprise, contr\u00f4l\u00e9e par le groupe <strong>Schenk<\/strong> \u00e0 Rolle (comme <strong>Badoux<\/strong>, \u00e0 Aigle, <strong>Bolle<\/strong>, \u00e0 Morges et la <strong>Cave de Jolimont<\/strong> \u00e0 Rolle), est r\u00e9compens\u00e9e aussi pour les vins de domaines qu\u2019elle distribue, les chasselas \u00abgrands crus\u00bb du Ch\u00e2teau de Vinzel 2016, du Domaine de la Banderolle 2016, du Clos du Rocher 2016, de la Cure d\u2019Attalens 2016, mais aussi, en rouge, l\u2019assemblage Tour Rouge, la rare Arvine (mais oui\u00a0!) grand cru (mais oui, oui\u00a0!) du Clos des Rennauds, cher \u00e0 <strong>CF Ramuz<\/strong>, \u00e0 Yvorne et du Doral passerill\u00e9, un des trois vins liquoreux vaudois en or\u2026<\/p>\n<p>Derri\u00e8re ce solo r\u00e9parti entre La C\u00f4te et le Chablais en passant par Vevey, un quatuor en or avec quatre vins\u00a0: la <strong>Cave du Ch\u00e2teau de Valeyres<\/strong>, de <strong>Benjamin Morel<\/strong>, avec quatre rouges\u00a0: un gamay Confidentiel, un gamay Cuv\u00e9e Origine, un pinot noir, Cuv\u00e9e du Baron et un assemblage De Gall\u00e9ra\u00a0; tout aussi \u00e9clectiques, deux (encore jeunes) vignerons cot\u00e9s\u00a0de La C\u00f4te, <strong>Philippe Bovet<\/strong>, \u00e0 Givrins, avec un chardonnay, un viognier, le gamay Pacifique, et l\u2019assemblage L\u00e9man Noir, et <strong>Gilles Pilloud<\/strong>, du Ch\u00e2teau de Crans, avec un riesling Galisse, un pinot blanc Tradition, un viognier Galisse et un pinot noir Galisse\u00a0; enfin, la coop\u00e9rative les <strong>Celliers du Chablais SA<\/strong>, \u00e0 Aigle, avec les chasselas Merveille des Roches 2016 et Trois-Tours 2016, l\u2019assmeblage rouge Le Souverain et une syrah.<\/p>\n<p>Avec trois vins, 7 entreprises, soit, les coop\u00e9ratives que sont <strong>Artisans vignerons d\u2019Ollon<\/strong>, la <strong>Cave de La C\u00f4te<\/strong> (ex-Uvavins, ex-Cidis, qui a retrouv\u00e9 son nom d&rsquo;origine) \u00e0 Tolochenaz, la Cave des 13 Coteaux (qui a la particularit\u00e9 de ne pas avoir de\u2026 cave), dans les C\u00f4tes-de-l\u2019Orbe, puis <strong>Badoux<\/strong>, \u00e0 Aigle, le <strong>Domaine Bovy<\/strong>, \u00e0 Chexbres, le <strong>Domaine Chantegrive, Alain Rolaz<\/strong>, \u00e0 Gilly, et les <strong>Fr\u00e8res Dutruy<\/strong>, \u00e0 Founex.<\/p>\n<p>Les caves cit\u00e9es avec deux vins sont deux fois plus nombreuses, soit 14 (<strong>Alexandre Chappuis<\/strong> \u00e0 Rivaz, le <strong>Domaine de Morsier<\/strong> via la Cave de Jolimont \u00e0 Rolle, <strong>Cave des Rossillonnes<\/strong> \u00e0 Vinzel, la <strong>Commune de Bourg-en-Lavaux<\/strong>, le <strong>Domaine Blondel<\/strong> \u00e0 Cully, le <strong>Domaine de la Crosettaz<\/strong> \u00e0 Tartegnin, <strong>Olivier Ducret<\/strong> \u00e0 Chardonne, <strong>Eric Durand<\/strong> \u00e0 Mont-sur-Rolle, <strong>J &amp; M Dizerens SA<\/strong> \u00e0 Lutry, <strong>La Grande Vigne, Pierre-Andr\u00e9 et Eric Meylan<\/strong> \u00e0 Mont-sur-Rolle, <strong>Le Champagnoux, Eric Schoeppfer<\/strong> \u00e0 Champagne, <strong>Parfum de Vigne, Jean-Jacques Steiner<\/strong> \u00e0 Dully, <strong>Pierre-Louis et Thierry Moillex<\/strong>, \u00e0 F\u00e9chy et <strong>Vincent Graenicher<\/strong>, \u00e0 Tartegnin.<\/p>\n<p><strong>On constate\u00a0qu\u2019aucun des membres du cercle vertueux Arte Vitis (\u00e0 l\u2019exception de Rodrigo Banto, \u0153nologue de la Cave de La C\u00f4te) ne figure \u00e0 ce palmar\u00e8s, sans doute parce que ces vignerons, autant autoproclam\u00e9s que largement reconnus comme \u00a0porte-drapeaux du pays de Vaud, n\u2019y participent tout simplement pas\u2026<\/strong> C\u2019est la limite de cette tourn\u00e9e g\u00e9n\u00e9rale de m\u00e9dailles qui a r\u00e9compens\u00e9, cette ann\u00e9e, en or, 48 chasselas 2016, 19 vins tir\u00e9s de c\u00e9pages blancs purs, 13 chasselas 2014 ou 2015, 12 c\u00e9pages rouges purs, 11 assemblages rouges, 9 pinots noirs, 4 gamays, 5 ros\u00e9s et 3 vins liquoreux. Les \u00abcoqs\u00bb de cette s\u00e9lection 2017, soit les champions de chaque cat\u00e9gorie, seront r\u00e9v\u00e9l\u00e9s le 28 juin.<\/p>\n<p><em>R\u00e9sultats sur: <strong><a href=\"http:\/\/www.vins-vaudois.com\/vinsprimes\/producteur\">www-vins-vaudois.com<\/a><\/strong><\/em><\/p>\n<p><em>\u00a9thomasvino.ch<\/em><\/p>\n","protected":false},"excerpt":{"rendered":"<p>Quelque\u00a0129 vins ont obtenu une m\u00e9daille d\u2019or \u00e0 la S\u00e9lection des vins vaudois 2017, selon notre d\u00e9compte \u00e0 partir du site internet mal fichu et obsol\u00e8te de l\u2019OVV. Une seule cave a r\u00e9ussi \u00e0 d\u00e9crocher la bagatelle de 7 m\u00e9dailles d\u2019or, Obrist, \u00e0 Vevey. L\u2019entreprise, contr\u00f4l\u00e9e par le groupe Schenk \u00e0 Rolle (comme Badoux, \u00e0 [&hellip;]<\/p>\n","protected":false},"author":3,"featured_media":0,"comment_status":"closed","ping_status":"open","sticky":false,"template":"","format":"standard","meta":{"_monsterinsights_skip_tracking":false,"_monsterinsights_sitenote_active":false,"_monsterinsights_sitenote_note":"","_monsterinsights_sitenote_category":0,"jetpack_post_was_ever_published":false,"jetpack_publicize_message":"","jetpack_is_tweetstorm":false,"jetpack_publicize_feature_enabled":true,"jetpack_social_post_already_shared":true,"jetpack_social_options":{"image_generator_settings":{"template":"highway","enabled":false}}},"categories":[15],"tags":[],"jetpack_publicize_connections":[],"yoast_head":"<!-- This site is optimized with the Yoast SEO plugin v20.6 - https:\/\/yoast.com\/wordpress\/plugins\/seo\/ -->\n<title>130 m\u00e9dailles d\u2019or \u00e0 la S\u00e9lection vaudoise - thomasvino<\/title>\n<meta name=\"robots\" content=\"index, follow, max-snippet:-1, max-image-preview:large, max-video-preview:-1\" \/>\n<link rel=\"canonical\" href=\"https:\/\/thomasvino.ch\/?p=14364\" \/>\n<meta property=\"og:locale\" content=\"fr_FR\" \/>\n<meta property=\"og:type\" content=\"article\" \/>\n<meta property=\"og:title\" content=\"130 m\u00e9dailles d\u2019or \u00e0 la S\u00e9lection vaudoise - thomasvino\" \/>\n<meta property=\"og:description\" content=\"Quelque\u00a0129 vins ont obtenu une m\u00e9daille d\u2019or \u00e0 la S\u00e9lection des vins vaudois 2017, selon notre d\u00e9compte \u00e0 partir du site internet mal fichu et obsol\u00e8te de l\u2019OVV. Une seule cave a r\u00e9ussi \u00e0 d\u00e9crocher la bagatelle de 7 m\u00e9dailles d\u2019or, Obrist, \u00e0 Vevey. L\u2019entreprise, contr\u00f4l\u00e9e par le groupe Schenk \u00e0 Rolle (comme Badoux, \u00e0 [&hellip;]\" \/>\n<meta property=\"og:url\" content=\"https:\/\/thomasvino.ch\/?p=14364\" \/>\n<meta property=\"og:site_name\" content=\"thomasvino\" \/>\n<meta property=\"article:published_time\" content=\"2017-05-31T17:23:41+00:00\" \/>\n<meta property=\"article:modified_time\" content=\"2017-06-07T14:37:34+00:00\" \/>\n<meta name=\"author\" content=\"Pierre Thomas\" \/>\n<meta name=\"twitter:label1\" content=\"\u00c9crit par\" \/>\n\t<meta name=\"twitter:data1\" content=\"Pierre Thomas\" \/>\n\t<meta name=\"twitter:label2\" content=\"Dur\u00e9e de lecture estim\u00e9e\" \/>\n\t<meta name=\"twitter:data2\" content=\"3 minutes\" \/>\n<script type=\"application\/ld+json\" class=\"yoast-schema-graph\">{\"@context\":\"https:\/\/schema.org\",\"@graph\":[{\"@type\":\"WebPage\",\"@id\":\"https:\/\/thomasvino.ch\/?p=14364\",\"url\":\"https:\/\/thomasvino.ch\/?p=14364\",\"name\":\"130 m\u00e9dailles d\u2019or \u00e0 la S\u00e9lection vaudoise - thomasvino\",\"isPartOf\":{\"@id\":\"https:\/\/thomasvino.ch\/#website\"},\"datePublished\":\"2017-05-31T17:23:41+00:00\",\"dateModified\":\"2017-06-07T14:37:34+00:00\",\"author\":{\"@id\":\"https:\/\/thomasvino.ch\/#\/schema\/person\/670bf4486fe81152cf1d68bd585e062e\"},\"breadcrumb\":{\"@id\":\"https:\/\/thomasvino.ch\/?p=14364#breadcrumb\"},\"inLanguage\":\"fr-FR\",\"potentialAction\":[{\"@type\":\"ReadAction\",\"target\":[\"https:\/\/thomasvino.ch\/?p=14364\"]}]},{\"@type\":\"BreadcrumbList\",\"@id\":\"https:\/\/thomasvino.ch\/?p=14364#breadcrumb\",\"itemListElement\":[{\"@type\":\"ListItem\",\"position\":1,\"name\":\"Accueil\",\"item\":\"https:\/\/thomasvino.ch\/\"},{\"@type\":\"ListItem\",\"position\":2,\"name\":\"130 m\u00e9dailles d\u2019or \u00e0 la S\u00e9lection vaudoise\"}]},{\"@type\":\"WebSite\",\"@id\":\"https:\/\/thomasvino.ch\/#website\",\"url\":\"https:\/\/thomasvino.ch\/\",\"name\":\"thomasvino\",\"description\":\"Vins &amp; Gastronomie\",\"potentialAction\":[{\"@type\":\"SearchAction\",\"target\":{\"@type\":\"EntryPoint\",\"urlTemplate\":\"https:\/\/thomasvino.ch\/?s={search_term_string}\"},\"query-input\":\"required name=search_term_string\"}],\"inLanguage\":\"fr-FR\"},{\"@type\":\"Person\",\"@id\":\"https:\/\/thomasvino.ch\/#\/schema\/person\/670bf4486fe81152cf1d68bd585e062e\",\"name\":\"Pierre Thomas\",\"image\":{\"@type\":\"ImageObject\",\"inLanguage\":\"fr-FR\",\"@id\":\"https:\/\/thomasvino.ch\/#\/schema\/person\/image\/\",\"url\":\"https:\/\/secure.gravatar.com\/avatar\/91fd5a76647f140e53db987a0dead4d7?s=96&d=mm&r=g\",\"contentUrl\":\"https:\/\/secure.gravatar.com\/avatar\/91fd5a76647f140e53db987a0dead4d7?s=96&d=mm&r=g\",\"caption\":\"Pierre Thomas\"},\"url\":\"https:\/\/thomasvino.ch\/?author=3\"}]}<\/script>\n<!-- \/ Yoast SEO plugin. -->","yoast_head_json":{"title":"130 m\u00e9dailles d\u2019or \u00e0 la S\u00e9lection vaudoise - thomasvino","robots":{"index":"index","follow":"follow","max-snippet":"max-snippet:-1","max-image-preview":"max-image-preview:large","max-video-preview":"max-video-preview:-1"},"canonical":"https:\/\/thomasvino.ch\/?p=14364","og_locale":"fr_FR","og_type":"article","og_title":"130 m\u00e9dailles d\u2019or \u00e0 la S\u00e9lection vaudoise - thomasvino","og_description":"Quelque\u00a0129 vins ont obtenu une m\u00e9daille d\u2019or \u00e0 la S\u00e9lection des vins vaudois 2017, selon notre d\u00e9compte \u00e0 partir du site internet mal fichu et obsol\u00e8te de l\u2019OVV. Une seule cave a r\u00e9ussi \u00e0 d\u00e9crocher la bagatelle de 7 m\u00e9dailles d\u2019or, Obrist, \u00e0 Vevey. L\u2019entreprise, contr\u00f4l\u00e9e par le groupe Schenk \u00e0 Rolle (comme Badoux, \u00e0 [&hellip;]","og_url":"https:\/\/thomasvino.ch\/?p=14364","og_site_name":"thomasvino","article_published_time":"2017-05-31T17:23:41+00:00","article_modified_time":"2017-06-07T14:37:34+00:00","author":"Pierre Thomas","twitter_misc":{"\u00c9crit par":"Pierre Thomas","Dur\u00e9e de lecture estim\u00e9e":"3 minutes"},"schema":{"@context":"https:\/\/schema.org","@graph":[{"@type":"WebPage","@id":"https:\/\/thomasvino.ch\/?p=14364","url":"https:\/\/thomasvino.ch\/?p=14364","name":"130 m\u00e9dailles d\u2019or \u00e0 la S\u00e9lection vaudoise - thomasvino","isPartOf":{"@id":"https:\/\/thomasvino.ch\/#website"},"datePublished":"2017-05-31T17:23:41+00:00","dateModified":"2017-06-07T14:37:34+00:00","author":{"@id":"https:\/\/thomasvino.ch\/#\/schema\/person\/670bf4486fe81152cf1d68bd585e062e"},"breadcrumb":{"@id":"https:\/\/thomasvino.ch\/?p=14364#breadcrumb"},"inLanguage":"fr-FR","potentialAction":[{"@type":"ReadAction","target":["https:\/\/thomasvino.ch\/?p=14364"]}]},{"@type":"BreadcrumbList","@id":"https:\/\/thomasvino.ch\/?p=14364#breadcrumb","itemListElement":[{"@type":"ListItem","position":1,"name":"Accueil","item":"https:\/\/thomasvino.ch\/"},{"@type":"ListItem","position":2,"name":"130 m\u00e9dailles d\u2019or \u00e0 la S\u00e9lection vaudoise"}]},{"@type":"WebSite","@id":"https:\/\/thomasvino.ch\/#website","url":"https:\/\/thomasvino.ch\/","name":"thomasvino","description":"Vins &amp; Gastronomie","potentialAction":[{"@type":"SearchAction","target":{"@type":"EntryPoint","urlTemplate":"https:\/\/thomasvino.ch\/?s={search_term_string}"},"query-input":"required name=search_term_string"}],"inLanguage":"fr-FR"},{"@type":"Person","@id":"https:\/\/thomasvino.ch\/#\/schema\/person\/670bf4486fe81152cf1d68bd585e062e","name":"Pierre Thomas","image":{"@type":"ImageObject","inLanguage":"fr-FR","@id":"https:\/\/thomasvino.ch\/#\/schema\/person\/image\/","url":"https:\/\/secure.gravatar.com\/avatar\/91fd5a76647f140e53db987a0dead4d7?s=96&d=mm&r=g","contentUrl":"https:\/\/secure.gravatar.com\/avatar\/91fd5a76647f140e53db987a0dead4d7?s=96&d=mm&r=g","caption":"Pierre Thomas"},"url":"https:\/\/thomasvino.ch\/?author=3"}]}},"jetpack_featured_media_url":"","jetpack_sharing_enabled":true,"jetpack_shortlink":"https:\/\/wp.me\/p3m4tZ-3JG","jetpack_likes_enabled":false,"jetpack-related-posts":[{"id":8731,"url":"https:\/\/thomasvino.ch\/?p=8731","url_meta":{"origin":14364,"position":0},"title":"Pluie d&rsquo;or au Concours Mondial de Bruxelles 2008","date":"28 avril 2008","format":false,"excerpt":"Concours Mondial de Bruxelles 2008Pluie d'or pour les vins suissesTrois grandes m\u00e9dailles d'or, vingt m\u00e9dailles d'or et une trentaine de m\u00e9dailles d'argent: tel est le palmar\u00e8s des vins suisses au Concours Mondial de Bruxelles, qui s'est jou\u00e9 fin avril \u00e0 Bordeaux. L'an prochain, la comp\u00e9tition, qui jauge pr\u00e8s de 6'000\u2026","rel":"","context":"Dans &quot;Actus - News&quot;","img":{"alt_text":"","src":"","width":0,"height":0},"classes":[]},{"id":15643,"url":"https:\/\/thomasvino.ch\/?p=15643","url_meta":{"origin":14364,"position":1},"title":"Vinalies de Paris\u00a0: triomphe du Domaine du Mont-d\u2019Or","date":"6 mars 2019","format":false,"excerpt":"Les vins suisses \u00e9taient particuli\u00e8rement nombreux aux Vinalies de Paris 2019, 25\u00e8me \u00e9dition\u00a0: 166 vins. 42 vins ont obtenu une m\u00e9daille d\u2019or, et 35, une m\u00e9daille d\u2019argent, soit 46% de vins m\u00e9daill\u00e9s, ce qui est exceptionnel, sachant que 30% des vins sont m\u00e9daill\u00e9s, au maximum. Le Domaine du Mont-d\u2019Or, aux\u2026","rel":"","context":"Dans &quot;Vins suisses&quot;","img":{"alt_text":"","src":"","width":0,"height":0},"classes":[]},{"id":15784,"url":"https:\/\/thomasvino.ch\/?p=15784","url_meta":{"origin":14364,"position":2},"title":"CMB \u00e0 Aigle: la Suisse tient son rang!","date":"13 mai 2019","format":false,"excerpt":"La semaine derni\u00e8re, du 3 au 5 mai, au Centre mondial du Cyclisme, \u00e0 Aigle, j'ai particip\u00e9 pour la 21\u00e8me fois au Concours Mondial de Bruxelles (et re\u00e7u la m\u00e9daille Bene merenti qui va avec...) et pour la quinzi\u00e8me fois comme pr\u00e9sident de jury. Mais notre team, d'excellent niveau, n'a\u2026","rel":"","context":"Dans &quot;Actus - News&quot;","img":{"alt_text":"","src":"https:\/\/i0.wp.com\/thomasvino.ch\/wp-content\/uploads\/2019\/05\/IMG_9965-1-265x300.jpg?resize=350%2C200&ssl=1","width":350,"height":200},"classes":[]},{"id":13725,"url":"https:\/\/thomasvino.ch\/?p=13725","url_meta":{"origin":14364,"position":3},"title":"S\u00e9lection des vins vaudois 2016  L\u2019or explose gr\u00e2ce au mill\u00e9sime 2015","date":"6 juillet 2016","format":false,"excerpt":"Les vainqueurs de la S\u00e9lection des vins vaudois 2016 ont \u00e9t\u00e9 r\u00e9compens\u00e9s, jeudi 6 juillet, \u00e0 Montreux\u00a0: gr\u00e2ce \u00e0 son pr\u00e9sident, Pierre Keller, l\u2019Office des vins vaudois entretient un partenariat privil\u00e9gi\u00e9 avec le Festival de jazz, qui f\u00eate cette ann\u00e9e ses 50 \u00e9ditions. Pour les vins vaudois, le riche mill\u00e9sime\u2026","rel":"","context":"Dans &quot;Vins suisses&quot;","img":{"alt_text":"","src":"https:\/\/i0.wp.com\/www.thomasvino.ch\/wp-content\/uploads\/2016\/07\/sel_vd-300x200.jpg?resize=350%2C200","width":350,"height":200},"classes":[]},{"id":16746,"url":"https:\/\/thomasvino.ch\/?p=16746","url_meta":{"origin":14364,"position":4},"title":"S\u00e9lection des vins vaudois: le roi est un chasselas","date":"17 ao\u00fbt 2020","format":false,"excerpt":"La semaine o\u00f9 les r\u00e9sultats du Mondial du Chasselas seront annonc\u00e9s, \u00e0 Aigle, c\u2019est un chasselas de Lavaux, l\u2019Epesses La Vaudaire 2019, de Jean-Daniel Porta qui s\u2019impose dans le concours annuel des vins vaudois. Par Pierre Thomas Quelque 700 vins ont \u00e9t\u00e9 d\u00e9gust\u00e9s cet \u00e9t\u00e9 \u00e0 Froideville. L\u2019Office des vins\u2026","rel":"","context":"Dans &quot;Vins suisses&quot;","img":{"alt_text":"","src":"https:\/\/i0.wp.com\/thomasvino.ch\/wp-content\/uploads\/2020\/08\/image-225x300.png?resize=350%2C200&ssl=1","width":350,"height":200},"classes":[]},{"id":9651,"url":"https:\/\/thomasvino.ch\/?p=9651","url_meta":{"origin":14364,"position":5},"title":"Vaud \u2014 Les vins prim\u00e9s en 2005","date":"13 juillet 2005","format":false,"excerpt":"Vins vaudois dans les concours internationaux 2005 Chasselas en or \u00e0 Bruxelles Les vins vaudois ont mieux brill\u00e9 \u00e0 Bruxelles, en Bourgogne et \u00e0 Bordeaux qu\u2019\u00e0 Paris, dans les concours internationaux du d\u00e9but de l\u2019ann\u00e9e. Fait rare, un chasselas 2003 de La C\u00f4te, de surcro\u00eet original dans sa d\u00e9marche, est\u2026","rel":"","context":"Dans &quot;Vins suisses&quot;","img":{"alt_text":"","src":"","width":0,"height":0},"classes":[]}],"_links":{"self":[{"href":"https:\/\/thomasvino.ch\/index.php?rest_route=\/wp\/v2\/posts\/14364"}],"collection":[{"href":"https:\/\/thomasvino.ch\/index.php?rest_route=\/wp\/v2\/posts"}],"about":[{"href":"https:\/\/thomasvino.ch\/index.php?rest_route=\/wp\/v2\/types\/post"}],"author":[{"embeddable":true,"href":"https:\/\/thomasvino.ch\/index.php?rest_route=\/wp\/v2\/users\/3"}],"replies":[{"embeddable":true,"href":"https:\/\/thomasvino.ch\/index.php?rest_route=%2Fwp%2Fv2%2Fcomments&post=14364"}],"version-history":[{"count":0,"href":"https:\/\/thomasvino.ch\/index.php?rest_route=\/wp\/v2\/posts\/14364\/revisions"}],"wp:attachment":[{"href":"https:\/\/thomasvino.ch\/index.php?rest_route=%2Fwp%2Fv2%2Fmedia&parent=14364"}],"wp:term":[{"taxonomy":"category","embeddable":true,"href":"https:\/\/thomasvino.ch\/index.php?rest_route=%2Fwp%2Fv2%2Fcategories&post=14364"},{"taxonomy":"post_tag","embeddable":true,"href":"https:\/\/thomasvino.ch\/index.php?rest_route=%2Fwp%2Fv2%2Ftags&post=14364"}],"curies":[{"name":"wp","href":"https:\/\/api.w.org\/{rel}","templated":true}]}}