{"id":14371,"date":"2017-06-01T15:23:11","date_gmt":"2017-06-01T14:23:11","guid":{"rendered":"https:\/\/thomasvino.ch\/?p=14371"},"modified":"2017-06-01T15:23:11","modified_gmt":"2017-06-01T14:23:11","slug":"vega-sicilia-bis-rioja","status":"publish","type":"post","link":"https:\/\/thomasvino.ch\/?p=14371","title":{"rendered":"Un \u00abVega Sicilia bis\u00bb dans la Rioja"},"content":{"rendered":"<p><strong>A mi-juin 2017, le propri\u00e9taire du domaine Vega Sicilia (depuis 35 ans), au c\u0153ur de la Ribera del Duero, Pablo Alvarez et Ariane de Rothschild inaugurent la \u00abbodega\u00bb ultramoderne de Macan, dans la Rioja.<\/strong><\/p>\n<p><strong>Dans cette fameuse r\u00e9gion viticole d\u2019Espagne, qui tire son succ\u00e8s d\u2019un style emprunt\u00e9 \u00e0 Bordeaux au 19<sup>\u00e8me<\/sup> si\u00e8cle, le partenariat avec la famille d\u2019Edmond de Rothschild ne surprend pas. Trois branches des Rothschild sont actives dans le vin \u00e0 Bordeaux\u00a0: les enfants de la baronne Philippine (d\u00e9c\u00e9d\u00e9e en 2014) \u00e0 Mouton, la branche \u00e0 la t\u00eate de Lafite, l\u2019un des premiers crus class\u00e9s en 1855, et dont la soci\u00e9t\u00e9 d\u2019Edmond \u2014 troisi\u00e8me \u00e9l\u00e9ment \u2014 est le plus gros actionnaire.<\/strong><\/p>\n<div id=\"attachment_14372\" style=\"width: 310px\" class=\"wp-caption aligncenter\"><a href=\"https:\/\/thomasvino.ch\/?attachment_id=14372\" rel=\"attachment wp-att-14372\"><img aria-describedby=\"caption-attachment-14372\" data-attachment-id=\"14372\" data-permalink=\"https:\/\/thomasvino.ch\/?attachment_id=14372\" data-orig-file=\"https:\/\/i0.wp.com\/thomasvino.ch\/wp-content\/uploads\/2017\/06\/site_pablo_ariane.jpg?fit=1045%2C735&amp;ssl=1\" data-orig-size=\"1045,735\" data-comments-opened=\"0\" data-image-meta=\"{&quot;aperture&quot;:&quot;0&quot;,&quot;credit&quot;:&quot;&quot;,&quot;camera&quot;:&quot;iPhone 6&quot;,&quot;caption&quot;:&quot;&quot;,&quot;created_timestamp&quot;:&quot;1494676962&quot;,&quot;copyright&quot;:&quot;&quot;,&quot;focal_length&quot;:&quot;0&quot;,&quot;iso&quot;:&quot;0&quot;,&quot;shutter_speed&quot;:&quot;0&quot;,&quot;title&quot;:&quot;&quot;,&quot;orientation&quot;:&quot;1&quot;}\" data-image-title=\"site_pablo_ariane\" data-image-description=\"\" data-image-caption=\"&lt;p&gt;Ariane de Rothschild, banquier d&amp;rsquo;affaire \u00e0 Gen\u00e8ve, et Pablo Alvarez, propri\u00e9taire de Vega Sicilia.&lt;\/p&gt;\n\" data-medium-file=\"https:\/\/i0.wp.com\/thomasvino.ch\/wp-content\/uploads\/2017\/06\/site_pablo_ariane.jpg?fit=300%2C211&amp;ssl=1\" data-large-file=\"https:\/\/i0.wp.com\/thomasvino.ch\/wp-content\/uploads\/2017\/06\/site_pablo_ariane.jpg?fit=1024%2C720&amp;ssl=1\" loading=\"lazy\" class=\"size-medium wp-image-14372\" src=\"https:\/\/i0.wp.com\/thomasvino.ch\/wp-content\/uploads\/2017\/06\/site_pablo_ariane.jpg?resize=300%2C211&#038;ssl=1\" alt=\"\" width=\"300\" height=\"211\" srcset=\"https:\/\/i0.wp.com\/thomasvino.ch\/wp-content\/uploads\/2017\/06\/site_pablo_ariane.jpg?resize=300%2C211&amp;ssl=1 300w, https:\/\/i0.wp.com\/thomasvino.ch\/wp-content\/uploads\/2017\/06\/site_pablo_ariane.jpg?resize=768%2C540&amp;ssl=1 768w, https:\/\/i0.wp.com\/thomasvino.ch\/wp-content\/uploads\/2017\/06\/site_pablo_ariane.jpg?resize=1024%2C720&amp;ssl=1 1024w, https:\/\/i0.wp.com\/thomasvino.ch\/wp-content\/uploads\/2017\/06\/site_pablo_ariane.jpg?w=1045&amp;ssl=1 1045w\" sizes=\"(max-width: 300px) 100vw, 300px\" data-recalc-dims=\"1\" \/><\/a><p id=\"caption-attachment-14372\" class=\"wp-caption-text\"><em>Ariane de Rothschild, banquier d&rsquo;affaire \u00e0 Gen\u00e8ve, et Pablo Alvarez, propri\u00e9taire de Vega Sicilia.<\/em><\/p><\/div>\n<p><strong>Le baron, d\u00e9c\u00e9d\u00e9 \u00e0 Gen\u00e8ve, il y a vingt ans, avait montr\u00e9 son int\u00e9r\u00eat pour les vins de bordeaux \u00e0 Ch\u00e2teau Clarke, \u00e0 Listrac, d\u00e8s la fin des ann\u00e9es 1970, puis au Ch\u00e2teau des Laurets, rachet\u00e9 en 2003 par son fils, Benjamin, n\u00e9 du mariage avec la tr\u00e8s m\u00e9diatique Nadine. Les comp\u00e9tences des banquiers priv\u00e9s, install\u00e9s \u00e0 Gen\u00e8ve, Paris et au Luxembourg, n\u2019ont cess\u00e9 de se d\u00e9velopper dans les produits de la table (vins, mais aussi fromages, comme le Brie de Meaux AOP) et l\u2019h\u00f4tellerie (ouverture pour la saison d\u2019hiver prochaine du Four Seasons de Meg\u00e8ve dans le Domaine du Mont d\u2019Arbois), que leurs propri\u00e9t\u00e9s sont d\u00e9sormais regroup\u00e9es dans une entit\u00e9 distincte de la banque, Edmond de Rothschild Heritage, depuis la fin 2016. <\/strong><\/p>\n<p><strong>Vega Sicilia vend pr\u00e8s de 100&rsquo;000 bouteilles de vin (ainsi que Macan) via\u00a0Moevenpick, son distributeur suisse.<\/strong><\/p>\n<p><em>Reportage paru le 31 mai 2017 dans le magazine suisse\u00a0<\/em>H\u00f4tellerie &amp; Gastronomie Hebdo.<\/p>\n<h1>Vega Sicilia et Macan: itin\u00e9raire parall\u00e8le de deux grands d&rsquo;Espagne<\/h1>\n<p><strong>L\u2019Espagne, le plus vaste pays viticole au monde (un million d\u2019hectares d\u00e9volus \u00e0 la vigne), reste un eldorado pour le vin. Aiguill\u00e9e par le succ\u00e8s des vins puissants de la Ribera del Duero, la Rioja, r\u00e9gion historique des grands vins espagnols, retrouve un nouveau dynamisme.<\/strong><\/p>\n<p><a href=\"https:\/\/thomasvino.ch\/?attachment_id=14373\" rel=\"attachment wp-att-14373\"><img data-attachment-id=\"14373\" data-permalink=\"https:\/\/thomasvino.ch\/?attachment_id=14373\" data-orig-file=\"https:\/\/i0.wp.com\/thomasvino.ch\/wp-content\/uploads\/2017\/06\/site_macan1.jpg?fit=7952%2C4472&amp;ssl=1\" data-orig-size=\"7952,4472\" data-comments-opened=\"0\" data-image-meta=\"{&quot;aperture&quot;:&quot;22&quot;,&quot;credit&quot;:&quot;antonio mulero(amulero@gmail.com&quot;,&quot;camera&quot;:&quot;ILCE-7RM2&quot;,&quot;caption&quot;:&quot;&quot;,&quot;created_timestamp&quot;:&quot;1475346704&quot;,&quot;copyright&quot;:&quot;amulero@gmail.com&quot;,&quot;focal_length&quot;:&quot;85&quot;,&quot;iso&quot;:&quot;100&quot;,&quot;shutter_speed&quot;:&quot;0.0125&quot;,&quot;title&quot;:&quot;&quot;,&quot;orientation&quot;:&quot;1&quot;}\" data-image-title=\"site_macan1\" data-image-description=\"\" data-image-caption=\"\" data-medium-file=\"https:\/\/i0.wp.com\/thomasvino.ch\/wp-content\/uploads\/2017\/06\/site_macan1.jpg?fit=300%2C169&amp;ssl=1\" data-large-file=\"https:\/\/i0.wp.com\/thomasvino.ch\/wp-content\/uploads\/2017\/06\/site_macan1.jpg?fit=1024%2C576&amp;ssl=1\" loading=\"lazy\" class=\"aligncenter size-medium wp-image-14373\" src=\"https:\/\/i0.wp.com\/thomasvino.ch\/wp-content\/uploads\/2017\/06\/site_macan1.jpg?resize=300%2C169&#038;ssl=1\" alt=\"\" width=\"300\" height=\"169\" srcset=\"https:\/\/i0.wp.com\/thomasvino.ch\/wp-content\/uploads\/2017\/06\/site_macan1.jpg?resize=300%2C169&amp;ssl=1 300w, https:\/\/i0.wp.com\/thomasvino.ch\/wp-content\/uploads\/2017\/06\/site_macan1.jpg?resize=768%2C432&amp;ssl=1 768w, https:\/\/i0.wp.com\/thomasvino.ch\/wp-content\/uploads\/2017\/06\/site_macan1.jpg?resize=1024%2C576&amp;ssl=1 1024w, https:\/\/i0.wp.com\/thomasvino.ch\/wp-content\/uploads\/2017\/06\/site_macan1.jpg?resize=136%2C77&amp;ssl=1 136w, https:\/\/i0.wp.com\/thomasvino.ch\/wp-content\/uploads\/2017\/06\/site_macan1.jpg?w=2000&amp;ssl=1 2000w, https:\/\/i0.wp.com\/thomasvino.ch\/wp-content\/uploads\/2017\/06\/site_macan1.jpg?w=3000&amp;ssl=1 3000w\" sizes=\"(max-width: 300px) 100vw, 300px\" data-recalc-dims=\"1\" \/><\/a><\/p>\n<p>Il plane encore quelques myst\u00e8res, \u00e0 l\u2019image du brouillard descendant de la Sierra Cantabrica, sur les desseins de ce rioja nomm\u00e9 Macan\u2026 La <em>\u00abwinery\u00bb<\/em>, \u00e0 l\u2019am\u00e9ricaine, utilisant en trois \u00e9tages la d\u00e9clivit\u00e9 du terrain, pour mettre en pratique la gravit\u00e9 et \u00e9viter tout pompage de mo\u00fbt ou de vin, b\u00e2tie \u00e0 600 m. d\u2019altitude, para\u00eet surdimensionn\u00e9e. Elle devrait permettre d\u2019encaver le double des quelque 90 hectares de tempranillo d\u00e9j\u00e0 en production, et sortir non pas 60&rsquo;000 bouteilles des deux vins <em>\u00abmaison\u00bb<\/em> mais le quadruple \u00e0 partir de la surface, partiellement replant\u00e9e (une trentaine d\u2019hectares). Et pousser jusqu\u2019\u00e0 240 hectares, \u00e0 terme, r\u00e9v\u00e8le sur place <strong>Pablo Alvarez<\/strong>, le propri\u00e9taire, depuis trente-cinq ans cette ann\u00e9e (1982), de Vega Sicilia, le vin le plus embl\u00e9matique d\u2019Espagne depuis sa cr\u00e9ation, il y a 125 ans (1864). Vega Sicilia s\u2019occupe de tout le projet, avec un patron et un \u0153nologue communs. Et des visions identiques\u2026 Ce sont les distributeurs de Vega Sicilia, pr\u00e9sent dans 100 pays, qui proposent Macan dans 60 pays\u00a0: pour l\u2019instant, <strong>E. de Rothschild<\/strong> n\u2019intervient pas au niveau commercial.<\/p>\n<p><a href=\"https:\/\/thomasvino.ch\/?attachment_id=14375\" rel=\"attachment wp-att-14375\"><img data-attachment-id=\"14375\" data-permalink=\"https:\/\/thomasvino.ch\/?attachment_id=14375\" data-orig-file=\"https:\/\/i0.wp.com\/thomasvino.ch\/wp-content\/uploads\/2017\/06\/site_sanvicente.jpg?fit=3264%2C2448&amp;ssl=1\" data-orig-size=\"3264,2448\" data-comments-opened=\"0\" data-image-meta=\"{&quot;aperture&quot;:&quot;2.2&quot;,&quot;credit&quot;:&quot;&quot;,&quot;camera&quot;:&quot;iPhone 6&quot;,&quot;caption&quot;:&quot;&quot;,&quot;created_timestamp&quot;:&quot;1494421515&quot;,&quot;copyright&quot;:&quot;&quot;,&quot;focal_length&quot;:&quot;4.15&quot;,&quot;iso&quot;:&quot;32&quot;,&quot;shutter_speed&quot;:&quot;0.00032797638570023&quot;,&quot;title&quot;:&quot;&quot;,&quot;orientation&quot;:&quot;1&quot;}\" data-image-title=\"site_sanvicente\" data-image-description=\"&lt;p&gt;Les vieilles vignes de Sanvicente, dans la Rioja.&lt;\/p&gt;\n\" data-image-caption=\"\" data-medium-file=\"https:\/\/i0.wp.com\/thomasvino.ch\/wp-content\/uploads\/2017\/06\/site_sanvicente.jpg?fit=300%2C225&amp;ssl=1\" data-large-file=\"https:\/\/i0.wp.com\/thomasvino.ch\/wp-content\/uploads\/2017\/06\/site_sanvicente.jpg?fit=1024%2C768&amp;ssl=1\" loading=\"lazy\" class=\"aligncenter size-medium wp-image-14375\" src=\"https:\/\/i0.wp.com\/thomasvino.ch\/wp-content\/uploads\/2017\/06\/site_sanvicente.jpg?resize=300%2C225&#038;ssl=1\" alt=\"\" width=\"300\" height=\"225\" srcset=\"https:\/\/i0.wp.com\/thomasvino.ch\/wp-content\/uploads\/2017\/06\/site_sanvicente.jpg?resize=300%2C225&amp;ssl=1 300w, https:\/\/i0.wp.com\/thomasvino.ch\/wp-content\/uploads\/2017\/06\/site_sanvicente.jpg?resize=768%2C576&amp;ssl=1 768w, https:\/\/i0.wp.com\/thomasvino.ch\/wp-content\/uploads\/2017\/06\/site_sanvicente.jpg?resize=1024%2C768&amp;ssl=1 1024w, https:\/\/i0.wp.com\/thomasvino.ch\/wp-content\/uploads\/2017\/06\/site_sanvicente.jpg?w=2000&amp;ssl=1 2000w, https:\/\/i0.wp.com\/thomasvino.ch\/wp-content\/uploads\/2017\/06\/site_sanvicente.jpg?w=3000&amp;ssl=1 3000w\" sizes=\"(max-width: 300px) 100vw, 300px\" data-recalc-dims=\"1\" \/><\/a><\/p>\n<h3>Un projet tenu secret durant 15 ans!<\/h3>\n<p><u><\/u>Le projet de la Rioja remonte \u00e0 plus de vingt ans. Durant quinze ans, il a \u00e9t\u00e9 tenu dans le plus grand secret. Patiemment, des avocats de Madrid ont acquis, sans divulguer l\u2019identit\u00e9 du r\u00e9el acheteur, plus de cent parcelles de vieilles vignes de tempranillo, toutes plant\u00e9es en gobelet. Le premier mill\u00e9sime de Macan, surnom donn\u00e9 aux villageois de San Vicente de la Sonsierra, fut le 2009, \u00e9labor\u00e9 dans une cave lou\u00e9e. Et le premier qui sortira de la nouvelle cave inaugur\u00e9e ces jours sera le 2016.<\/p>\n<p><a href=\"https:\/\/thomasvino.ch\/?attachment_id=14374\" rel=\"attachment wp-att-14374\"><img data-attachment-id=\"14374\" data-permalink=\"https:\/\/thomasvino.ch\/?attachment_id=14374\" data-orig-file=\"https:\/\/i0.wp.com\/thomasvino.ch\/wp-content\/uploads\/2017\/06\/site_macan_ghiturraga.jpg?fit=2448%2C3264&amp;ssl=1\" data-orig-size=\"2448,3264\" data-comments-opened=\"0\" data-image-meta=\"{&quot;aperture&quot;:&quot;2.2&quot;,&quot;credit&quot;:&quot;&quot;,&quot;camera&quot;:&quot;iPhone 6&quot;,&quot;caption&quot;:&quot;&quot;,&quot;created_timestamp&quot;:&quot;1494430389&quot;,&quot;copyright&quot;:&quot;&quot;,&quot;focal_length&quot;:&quot;4.15&quot;,&quot;iso&quot;:&quot;100&quot;,&quot;shutter_speed&quot;:&quot;0.03030303030303&quot;,&quot;title&quot;:&quot;&quot;,&quot;orientation&quot;:&quot;1&quot;}\" data-image-title=\"site_macan_ghiturraga\" data-image-description=\"\" data-image-caption=\"\" data-medium-file=\"https:\/\/i0.wp.com\/thomasvino.ch\/wp-content\/uploads\/2017\/06\/site_macan_ghiturraga.jpg?fit=225%2C300&amp;ssl=1\" data-large-file=\"https:\/\/i0.wp.com\/thomasvino.ch\/wp-content\/uploads\/2017\/06\/site_macan_ghiturraga.jpg?fit=768%2C1024&amp;ssl=1\" loading=\"lazy\" class=\"aligncenter size-medium wp-image-14374\" src=\"https:\/\/i0.wp.com\/thomasvino.ch\/wp-content\/uploads\/2017\/06\/site_macan_ghiturraga.jpg?resize=225%2C300&#038;ssl=1\" alt=\"\" width=\"225\" height=\"300\" srcset=\"https:\/\/i0.wp.com\/thomasvino.ch\/wp-content\/uploads\/2017\/06\/site_macan_ghiturraga.jpg?resize=225%2C300&amp;ssl=1 225w, https:\/\/i0.wp.com\/thomasvino.ch\/wp-content\/uploads\/2017\/06\/site_macan_ghiturraga.jpg?resize=768%2C1024&amp;ssl=1 768w, https:\/\/i0.wp.com\/thomasvino.ch\/wp-content\/uploads\/2017\/06\/site_macan_ghiturraga.jpg?w=2000&amp;ssl=1 2000w\" sizes=\"(max-width: 225px) 100vw, 225px\" data-recalc-dims=\"1\" \/><\/a>En poste depuis deux ans \u00e0 la fois \u00e0 la Ribera del Duero et dans la Rioja, le jeune \u0153nologue Gonzalo Iturriaga (<em>ci-dessus<\/em>), dipl\u00f4m\u00e9 de la Facult\u00e9 de Montpellier, explique\u00a0: <em>\u00abLes viticulteurs sont plus professionnels ici que dans la Ribera del Duero\u00a0: l\u00e0-bas, nous \u00e9tions les premiers, avant tout le monde, ici, on nous attend au virage\u00a0; on est le derniers arriv\u00e9s\u00a0! C\u2019est un gros challenge, plus important qu\u2019\u00e0 Vega Sicilia.\u00bb<\/em><\/p>\n<h3>La perfection dans la Ribera et la Rioja<\/h3>\n<p>Par le heureux hasard du Concours mondial de Bruxelles, qui se tenait \u00e0 Valladolid, on a eu l\u2019occasion de visiter coup sur coup Vega Sicilia et Macan. Dans les deux cas, le m\u00eame souci de la perfection. Ce qui surprend dans la Ribera, c\u2019est le respect du terroir et du c\u00e9page. Patiemment, le domaine historique a s\u00e9lectionn\u00e9 son propre tempranillo, au fur et \u00e0 mesure de s\u00e9lections massales. Macan veut \u00e9galement, \u00e0 partir des vieilles vignes dispers\u00e9es, s\u00e9lectionner le meilleur tempranillo possible.<em> \u00abLa marge de progression est \u00e9norme \u00e0 la vigne\u00a0!\u00bb<\/em>, commente <strong>Gonzalo Iturriaga<\/strong>. M\u00eame s\u2019il ne porte pas le m\u00eame nom\u00a0 \u2014tinta fina \u00e0 la Ribera et tempranillo \u00e0 la Rioja \u2014, ce raisin est g\u00e9n\u00e9tiquement identique. Son cycle de v\u00e9g\u00e9tation est plus court \u00e0 Vega, dans des sols blancs ou parfois lourds, qu\u2019\u00e0 Macan, o\u00f9 le terrain, argilo-calcaire, est fait de terres rouges et de gros cailloux.<\/p>\n<p>En cave, les \u00e9laborateurs ont le plus grand respect pour le raisin. A peine r\u00e9colt\u00e9 \u00e0 la main, le raisin, tri\u00e9 optiquement par les vignerons, est stock\u00e9 en cagettes dans de grandes armoires frigorifiques durant 24 heures. Puis, il est achemin\u00e9 en chariot dans des cuves de fermentation, en partie en bois tronconiques ou en inox. Dans les deux cas, l\u2019\u00e9levage est primordial. Vega Sicilia exploite sa propre tonnellerie pour les f\u00fbts en ch\u00eane am\u00e9ricain, n\u00e9cessaires au second vin, Alion, lanc\u00e9 en 1995 (avec le mill\u00e9sime 1991). Les meilleures cuv\u00e9es sont \u00e9lev\u00e9es dans du ch\u00eane fran\u00e7ais, plus ou moins neuf. <em>\u00abLe mod\u00e8le du lent et long vieillissement de Vega Sicilia \u00e9tait venu de la Rioja. Rien ne s\u2019oppose \u00e0 ce qu\u2019on puisse faire ici aussi bien que Valbuena\u00bb<\/em>, glisse <strong>Gonzalo Iturriaga,<\/strong> qui a pass\u00e9 son enfance \u00e0 Logrono, le chef-lieu de la Rioja.<\/p>\n<p><a href=\"https:\/\/thomasvino.ch\/?attachment_id=14376\" rel=\"attachment wp-att-14376\"><img data-attachment-id=\"14376\" data-permalink=\"https:\/\/thomasvino.ch\/?attachment_id=14376\" data-orig-file=\"https:\/\/i0.wp.com\/thomasvino.ch\/wp-content\/uploads\/2017\/06\/site_vega_bout.jpg?fit=3264%2C2448&amp;ssl=1\" data-orig-size=\"3264,2448\" data-comments-opened=\"0\" data-image-meta=\"{&quot;aperture&quot;:&quot;2.2&quot;,&quot;credit&quot;:&quot;&quot;,&quot;camera&quot;:&quot;iPhone 6&quot;,&quot;caption&quot;:&quot;&quot;,&quot;created_timestamp&quot;:&quot;1494094429&quot;,&quot;copyright&quot;:&quot;&quot;,&quot;focal_length&quot;:&quot;4.15&quot;,&quot;iso&quot;:&quot;80&quot;,&quot;shutter_speed&quot;:&quot;0.03030303030303&quot;,&quot;title&quot;:&quot;&quot;,&quot;orientation&quot;:&quot;1&quot;}\" data-image-title=\"site_vega_bout\" data-image-description=\"\" data-image-caption=\"\" data-medium-file=\"https:\/\/i0.wp.com\/thomasvino.ch\/wp-content\/uploads\/2017\/06\/site_vega_bout.jpg?fit=300%2C225&amp;ssl=1\" data-large-file=\"https:\/\/i0.wp.com\/thomasvino.ch\/wp-content\/uploads\/2017\/06\/site_vega_bout.jpg?fit=1024%2C768&amp;ssl=1\" loading=\"lazy\" class=\"aligncenter size-medium wp-image-14376\" src=\"https:\/\/i0.wp.com\/thomasvino.ch\/wp-content\/uploads\/2017\/06\/site_vega_bout.jpg?resize=300%2C225&#038;ssl=1\" alt=\"\" width=\"300\" height=\"225\" srcset=\"https:\/\/i0.wp.com\/thomasvino.ch\/wp-content\/uploads\/2017\/06\/site_vega_bout.jpg?resize=300%2C225&amp;ssl=1 300w, https:\/\/i0.wp.com\/thomasvino.ch\/wp-content\/uploads\/2017\/06\/site_vega_bout.jpg?resize=768%2C576&amp;ssl=1 768w, https:\/\/i0.wp.com\/thomasvino.ch\/wp-content\/uploads\/2017\/06\/site_vega_bout.jpg?resize=1024%2C768&amp;ssl=1 1024w, https:\/\/i0.wp.com\/thomasvino.ch\/wp-content\/uploads\/2017\/06\/site_vega_bout.jpg?w=2000&amp;ssl=1 2000w, https:\/\/i0.wp.com\/thomasvino.ch\/wp-content\/uploads\/2017\/06\/site_vega_bout.jpg?w=3000&amp;ssl=1 3000w\" sizes=\"(max-width: 300px) 100vw, 300px\" data-recalc-dims=\"1\" \/><\/a><\/p>\n<h3>Un mod\u00e8le calqu\u00e9 sur le bin\u00f4me Vega-Alion<\/h3>\n<p>Le <em>\u00abgrand vin\u00bb<\/em> de Macan se contente de ces cinq lettres, tandis que le second vin les fait suivre l\u2019adjectif Clasico, ce qui peut cr\u00e9er une certaine confusion, qui n\u2019existe pas entre Alion et les deux grands vins de Vega Sicilia, Valbuena et Unico. En Rioja, les deux vins n\u2019utilisent que la contre-marque de \u00abcoseccha\u00bb (vin d\u2019un mill\u00e9sime) pour \u00e9viter la contrainte du vieillissement exig\u00e9 par les termes \u00abcrianza\u00bb et \u00abreserva\u00bb. Nonobstant le prix des vins \u2014 Macan a d\u00e9j\u00e0 rejoint Alion\u00a0! \u2014, les deux domaines produisent \u00e0 grande \u00e9chelle, comme \u00e0 Bordeaux. L\u2019Unico 2005 a \u00e9t\u00e9 tir\u00e9 \u00e0 100&rsquo;000 bouteilles, le Valbuena 2012 \u00e0 200&rsquo;000 et Alion 2013 \u00e0 300&rsquo;000. Macan vise les 240&rsquo;000 bouteilles, r\u00e9parties entre les deux qualit\u00e9s. Jusqu\u2019ici la s\u00e9lection entre la \u00abt\u00eate de cuv\u00e9e\u00bb et le \u00abclasico\u00bb ne s\u2019est faite que dans le chai, entre les barriques. D\u00e8s 2016, elle se r\u00e9alise \u00e0 la vigne, selon la qualit\u00e9 du raisin.<\/p>\n<p><a href=\"https:\/\/thomasvino.ch\/?attachment_id=14377\" rel=\"attachment wp-att-14377\"><img data-attachment-id=\"14377\" data-permalink=\"https:\/\/thomasvino.ch\/?attachment_id=14377\" data-orig-file=\"https:\/\/i0.wp.com\/thomasvino.ch\/wp-content\/uploads\/2017\/06\/site_vega_chap.jpg?fit=2388%2C2390&amp;ssl=1\" data-orig-size=\"2388,2390\" data-comments-opened=\"0\" data-image-meta=\"{&quot;aperture&quot;:&quot;2.2&quot;,&quot;credit&quot;:&quot;&quot;,&quot;camera&quot;:&quot;iPhone 6&quot;,&quot;caption&quot;:&quot;&quot;,&quot;created_timestamp&quot;:&quot;1494087514&quot;,&quot;copyright&quot;:&quot;&quot;,&quot;focal_length&quot;:&quot;4.15&quot;,&quot;iso&quot;:&quot;32&quot;,&quot;shutter_speed&quot;:&quot;0.0002020202020202&quot;,&quot;title&quot;:&quot;&quot;,&quot;orientation&quot;:&quot;1&quot;}\" data-image-title=\"site_vega_chap\" data-image-description=\"\" data-image-caption=\"\" data-medium-file=\"https:\/\/i0.wp.com\/thomasvino.ch\/wp-content\/uploads\/2017\/06\/site_vega_chap.jpg?fit=300%2C300&amp;ssl=1\" data-large-file=\"https:\/\/i0.wp.com\/thomasvino.ch\/wp-content\/uploads\/2017\/06\/site_vega_chap.jpg?fit=1024%2C1024&amp;ssl=1\" loading=\"lazy\" class=\"aligncenter size-medium wp-image-14377\" src=\"https:\/\/i0.wp.com\/thomasvino.ch\/wp-content\/uploads\/2017\/06\/site_vega_chap.jpg?resize=300%2C300&#038;ssl=1\" alt=\"\" width=\"300\" height=\"300\" srcset=\"https:\/\/i0.wp.com\/thomasvino.ch\/wp-content\/uploads\/2017\/06\/site_vega_chap.jpg?resize=300%2C300&amp;ssl=1 300w, https:\/\/i0.wp.com\/thomasvino.ch\/wp-content\/uploads\/2017\/06\/site_vega_chap.jpg?resize=150%2C150&amp;ssl=1 150w, https:\/\/i0.wp.com\/thomasvino.ch\/wp-content\/uploads\/2017\/06\/site_vega_chap.jpg?resize=768%2C769&amp;ssl=1 768w, https:\/\/i0.wp.com\/thomasvino.ch\/wp-content\/uploads\/2017\/06\/site_vega_chap.jpg?resize=1024%2C1024&amp;ssl=1 1024w, https:\/\/i0.wp.com\/thomasvino.ch\/wp-content\/uploads\/2017\/06\/site_vega_chap.jpg?resize=37%2C37&amp;ssl=1 37w, https:\/\/i0.wp.com\/thomasvino.ch\/wp-content\/uploads\/2017\/06\/site_vega_chap.jpg?resize=128%2C128&amp;ssl=1 128w, https:\/\/i0.wp.com\/thomasvino.ch\/wp-content\/uploads\/2017\/06\/site_vega_chap.jpg?resize=184%2C184&amp;ssl=1 184w, https:\/\/i0.wp.com\/thomasvino.ch\/wp-content\/uploads\/2017\/06\/site_vega_chap.jpg?w=2000&amp;ssl=1 2000w\" sizes=\"(max-width: 300px) 100vw, 300px\" data-recalc-dims=\"1\" \/><\/a><\/p>\n<p>Vega Sicilia (<em>ci-dessus, les anciens chais, r\u00e9nov\u00e9s<\/em>), le plus traditionnel des grands vins d\u2019Espagne, est \u00e9labor\u00e9 dans un chai ultramoderne, inaugur\u00e9 en 2010 et Macan, dans une \u00abbodega\u00bb construite \u00abex nihilo\u00bb pour la vendange 2016. On notera que le <em>\u00abb\u00e9n\u00e9fice\u00bb<\/em> de ces installations ne <em>\u00abp\u00e8se\u00bb<\/em> pas encore sur les vins\u00a0: Vega Sicilia fait son Unico du mill\u00e9sime 2005, tandis que Macan en est \u00e0 2013. Il sera int\u00e9ressant, \u00e0 l\u2019avenir, de voir si Unico change de go\u00fbt, de par l\u2019utilisation du nouveau cuvier, tout en sachant que le long vieillissement en barriques (cinq ans\u00a0!) dicte le style du vin.<\/p>\n<p>Le tinto fino d\u2019Unico est <em>\u00abrenforc\u00e9\u00bb<\/em> par 10% de cabernet sauvignon. Dans la Rioja, on table sur la finesse du tempranillo pur et le doigt\u00e9 dans l\u2019\u00e9levage\u00a0: <em>\u00abNous ne voulons pas marquer le vin par les tanins du bois\u00bb<\/em>, explique <strong>Gonzalo Iturriaga<\/strong>. Et il cite le 2013 en exemple\u00a0: dans un mill\u00e9sime tr\u00e8s d\u00e9licat, <em>\u00abcompliqu\u00e9\u00bb<\/em>, dans la Rioja comme \u00e0 Bordeaux, les deux vins allient \u00e9l\u00e9gance et fermet\u00e9, avec davantage de notes d\u2019\u00e9levage sur le \u00abgrand vin\u00bb, \u00able meilleur jamais fait ici\u00bb. Les deux projets parall\u00e8les vont \u00eatre palpitants \u00e0 suivre dans les mill\u00e9simes \u00e0 venir\u00a0: <em>\u00abNous allons maintenir la personnalit\u00e9 de chaque r\u00e9gion\u00bb<\/em>, assure <strong>Pablo Alvarez<\/strong>. Qui dit mod\u00e8le ne sous-entend pas copie et deux parall\u00e8les finissent par se rejoindre \u00e0 l\u2019infini. CQFD\u00a0\u2014 ce qu\u2019il faudra d\u00e9montrer\u2026<\/p>\n<p><a href=\"https:\/\/thomasvino.ch\/?attachment_id=14378\" rel=\"attachment wp-att-14378\"><img data-attachment-id=\"14378\" data-permalink=\"https:\/\/thomasvino.ch\/?attachment_id=14378\" data-orig-file=\"https:\/\/i0.wp.com\/thomasvino.ch\/wp-content\/uploads\/2017\/06\/site_vega_f\u00fbt.jpg?fit=3264%2C2448&amp;ssl=1\" data-orig-size=\"3264,2448\" data-comments-opened=\"0\" data-image-meta=\"{&quot;aperture&quot;:&quot;2.2&quot;,&quot;credit&quot;:&quot;&quot;,&quot;camera&quot;:&quot;iPhone 6&quot;,&quot;caption&quot;:&quot;&quot;,&quot;created_timestamp&quot;:&quot;1494091404&quot;,&quot;copyright&quot;:&quot;&quot;,&quot;focal_length&quot;:&quot;4.15&quot;,&quot;iso&quot;:&quot;250&quot;,&quot;shutter_speed&quot;:&quot;0.05&quot;,&quot;title&quot;:&quot;&quot;,&quot;orientation&quot;:&quot;1&quot;}\" data-image-title=\"site_vega_f\u00fbt\" data-image-description=\"\" data-image-caption=\"\" data-medium-file=\"https:\/\/i0.wp.com\/thomasvino.ch\/wp-content\/uploads\/2017\/06\/site_vega_f\u00fbt.jpg?fit=300%2C225&amp;ssl=1\" data-large-file=\"https:\/\/i0.wp.com\/thomasvino.ch\/wp-content\/uploads\/2017\/06\/site_vega_f\u00fbt.jpg?fit=1024%2C768&amp;ssl=1\" loading=\"lazy\" class=\"aligncenter size-medium wp-image-14378\" src=\"https:\/\/i0.wp.com\/thomasvino.ch\/wp-content\/uploads\/2017\/06\/site_vega_f\u00fbt.jpg?resize=300%2C225&#038;ssl=1\" alt=\"\" width=\"300\" height=\"225\" srcset=\"https:\/\/i0.wp.com\/thomasvino.ch\/wp-content\/uploads\/2017\/06\/site_vega_f\u00fbt.jpg?resize=300%2C225&amp;ssl=1 300w, https:\/\/i0.wp.com\/thomasvino.ch\/wp-content\/uploads\/2017\/06\/site_vega_f\u00fbt.jpg?resize=768%2C576&amp;ssl=1 768w, https:\/\/i0.wp.com\/thomasvino.ch\/wp-content\/uploads\/2017\/06\/site_vega_f\u00fbt.jpg?resize=1024%2C768&amp;ssl=1 1024w, https:\/\/i0.wp.com\/thomasvino.ch\/wp-content\/uploads\/2017\/06\/site_vega_f\u00fbt.jpg?w=2000&amp;ssl=1 2000w, https:\/\/i0.wp.com\/thomasvino.ch\/wp-content\/uploads\/2017\/06\/site_vega_f\u00fbt.jpg?w=3000&amp;ssl=1 3000w\" sizes=\"(max-width: 300px) 100vw, 300px\" data-recalc-dims=\"1\" \/><\/a><\/p>\n<p><em>Pierre Thomas, de retour de Valladolid et Bilbao, mai 2017.<\/em><\/p>\n<p><em>\u00a9thomasvino.ch, textes et photos.<\/em><\/p>\n<p>&nbsp;<\/p>\n","protected":false},"excerpt":{"rendered":"<p>A mi-juin 2017, le propri\u00e9taire du domaine Vega Sicilia (depuis 35 ans), au c\u0153ur de la Ribera del Duero, Pablo Alvarez et Ariane de Rothschild inaugurent la \u00abbodega\u00bb ultramoderne de Macan, dans la Rioja. Dans cette fameuse r\u00e9gion viticole d\u2019Espagne, qui tire son succ\u00e8s d\u2019un style emprunt\u00e9 \u00e0 Bordeaux au 19\u00e8me si\u00e8cle, le partenariat avec [&hellip;]<\/p>\n","protected":false},"author":3,"featured_media":0,"comment_status":"closed","ping_status":"open","sticky":false,"template":"","format":"standard","meta":{"_monsterinsights_skip_tracking":false,"_monsterinsights_sitenote_active":false,"_monsterinsights_sitenote_note":"","_monsterinsights_sitenote_category":0,"jetpack_post_was_ever_published":false,"jetpack_publicize_message":"","jetpack_is_tweetstorm":false,"jetpack_publicize_feature_enabled":true,"jetpack_social_post_already_shared":true,"jetpack_social_options":{"image_generator_settings":{"template":"highway","enabled":false}}},"categories":[11],"tags":[],"jetpack_publicize_connections":[],"yoast_head":"<!-- This site is optimized with the Yoast SEO plugin v20.6 - https:\/\/yoast.com\/wordpress\/plugins\/seo\/ -->\n<title>Un \u00abVega Sicilia bis\u00bb dans la Rioja - thomasvino<\/title>\n<meta name=\"robots\" content=\"index, follow, max-snippet:-1, max-image-preview:large, max-video-preview:-1\" \/>\n<link rel=\"canonical\" href=\"https:\/\/thomasvino.ch\/?p=14371\" \/>\n<meta property=\"og:locale\" content=\"fr_FR\" \/>\n<meta property=\"og:type\" content=\"article\" \/>\n<meta property=\"og:title\" content=\"Un \u00abVega Sicilia bis\u00bb dans la Rioja - thomasvino\" \/>\n<meta property=\"og:description\" content=\"A mi-juin 2017, le propri\u00e9taire du domaine Vega Sicilia (depuis 35 ans), au c\u0153ur de la Ribera del Duero, Pablo Alvarez et Ariane de Rothschild inaugurent la \u00abbodega\u00bb ultramoderne de Macan, dans la Rioja. Dans cette fameuse r\u00e9gion viticole d\u2019Espagne, qui tire son succ\u00e8s d\u2019un style emprunt\u00e9 \u00e0 Bordeaux au 19\u00e8me si\u00e8cle, le partenariat avec [&hellip;]\" \/>\n<meta property=\"og:url\" content=\"https:\/\/thomasvino.ch\/?p=14371\" \/>\n<meta property=\"og:site_name\" content=\"thomasvino\" \/>\n<meta property=\"article:published_time\" content=\"2017-06-01T14:23:11+00:00\" \/>\n<meta property=\"og:image\" content=\"https:\/\/thomasvino.ch\/wp-content\/uploads\/2017\/06\/site_pablo_ariane-300x211.jpg\" \/>\n<meta name=\"author\" content=\"Pierre Thomas\" \/>\n<meta name=\"twitter:label1\" content=\"\u00c9crit par\" \/>\n\t<meta name=\"twitter:data1\" content=\"Pierre Thomas\" \/>\n\t<meta name=\"twitter:label2\" content=\"Dur\u00e9e de lecture estim\u00e9e\" \/>\n\t<meta name=\"twitter:data2\" content=\"7 minutes\" \/>\n<script type=\"application\/ld+json\" class=\"yoast-schema-graph\">{\"@context\":\"https:\/\/schema.org\",\"@graph\":[{\"@type\":\"WebPage\",\"@id\":\"https:\/\/thomasvino.ch\/?p=14371\",\"url\":\"https:\/\/thomasvino.ch\/?p=14371\",\"name\":\"Un \u00abVega Sicilia bis\u00bb dans la Rioja - thomasvino\",\"isPartOf\":{\"@id\":\"https:\/\/thomasvino.ch\/#website\"},\"datePublished\":\"2017-06-01T14:23:11+00:00\",\"dateModified\":\"2017-06-01T14:23:11+00:00\",\"author\":{\"@id\":\"https:\/\/thomasvino.ch\/#\/schema\/person\/670bf4486fe81152cf1d68bd585e062e\"},\"breadcrumb\":{\"@id\":\"https:\/\/thomasvino.ch\/?p=14371#breadcrumb\"},\"inLanguage\":\"fr-FR\",\"potentialAction\":[{\"@type\":\"ReadAction\",\"target\":[\"https:\/\/thomasvino.ch\/?p=14371\"]}]},{\"@type\":\"BreadcrumbList\",\"@id\":\"https:\/\/thomasvino.ch\/?p=14371#breadcrumb\",\"itemListElement\":[{\"@type\":\"ListItem\",\"position\":1,\"name\":\"Accueil\",\"item\":\"https:\/\/thomasvino.ch\/\"},{\"@type\":\"ListItem\",\"position\":2,\"name\":\"Un \u00abVega Sicilia bis\u00bb dans la Rioja\"}]},{\"@type\":\"WebSite\",\"@id\":\"https:\/\/thomasvino.ch\/#website\",\"url\":\"https:\/\/thomasvino.ch\/\",\"name\":\"thomasvino\",\"description\":\"Vins &amp; Gastronomie\",\"potentialAction\":[{\"@type\":\"SearchAction\",\"target\":{\"@type\":\"EntryPoint\",\"urlTemplate\":\"https:\/\/thomasvino.ch\/?s={search_term_string}\"},\"query-input\":\"required name=search_term_string\"}],\"inLanguage\":\"fr-FR\"},{\"@type\":\"Person\",\"@id\":\"https:\/\/thomasvino.ch\/#\/schema\/person\/670bf4486fe81152cf1d68bd585e062e\",\"name\":\"Pierre Thomas\",\"image\":{\"@type\":\"ImageObject\",\"inLanguage\":\"fr-FR\",\"@id\":\"https:\/\/thomasvino.ch\/#\/schema\/person\/image\/\",\"url\":\"https:\/\/secure.gravatar.com\/avatar\/91fd5a76647f140e53db987a0dead4d7?s=96&d=mm&r=g\",\"contentUrl\":\"https:\/\/secure.gravatar.com\/avatar\/91fd5a76647f140e53db987a0dead4d7?s=96&d=mm&r=g\",\"caption\":\"Pierre Thomas\"},\"url\":\"https:\/\/thomasvino.ch\/?author=3\"}]}<\/script>\n<!-- \/ Yoast SEO plugin. -->","yoast_head_json":{"title":"Un \u00abVega Sicilia bis\u00bb dans la Rioja - thomasvino","robots":{"index":"index","follow":"follow","max-snippet":"max-snippet:-1","max-image-preview":"max-image-preview:large","max-video-preview":"max-video-preview:-1"},"canonical":"https:\/\/thomasvino.ch\/?p=14371","og_locale":"fr_FR","og_type":"article","og_title":"Un \u00abVega Sicilia bis\u00bb dans la Rioja - thomasvino","og_description":"A mi-juin 2017, le propri\u00e9taire du domaine Vega Sicilia (depuis 35 ans), au c\u0153ur de la Ribera del Duero, Pablo Alvarez et Ariane de Rothschild inaugurent la \u00abbodega\u00bb ultramoderne de Macan, dans la Rioja. Dans cette fameuse r\u00e9gion viticole d\u2019Espagne, qui tire son succ\u00e8s d\u2019un style emprunt\u00e9 \u00e0 Bordeaux au 19\u00e8me si\u00e8cle, le partenariat avec [&hellip;]","og_url":"https:\/\/thomasvino.ch\/?p=14371","og_site_name":"thomasvino","article_published_time":"2017-06-01T14:23:11+00:00","og_image":[{"url":"https:\/\/thomasvino.ch\/wp-content\/uploads\/2017\/06\/site_pablo_ariane-300x211.jpg"}],"author":"Pierre Thomas","twitter_misc":{"\u00c9crit par":"Pierre Thomas","Dur\u00e9e de lecture estim\u00e9e":"7 minutes"},"schema":{"@context":"https:\/\/schema.org","@graph":[{"@type":"WebPage","@id":"https:\/\/thomasvino.ch\/?p=14371","url":"https:\/\/thomasvino.ch\/?p=14371","name":"Un \u00abVega Sicilia bis\u00bb dans la Rioja - thomasvino","isPartOf":{"@id":"https:\/\/thomasvino.ch\/#website"},"datePublished":"2017-06-01T14:23:11+00:00","dateModified":"2017-06-01T14:23:11+00:00","author":{"@id":"https:\/\/thomasvino.ch\/#\/schema\/person\/670bf4486fe81152cf1d68bd585e062e"},"breadcrumb":{"@id":"https:\/\/thomasvino.ch\/?p=14371#breadcrumb"},"inLanguage":"fr-FR","potentialAction":[{"@type":"ReadAction","target":["https:\/\/thomasvino.ch\/?p=14371"]}]},{"@type":"BreadcrumbList","@id":"https:\/\/thomasvino.ch\/?p=14371#breadcrumb","itemListElement":[{"@type":"ListItem","position":1,"name":"Accueil","item":"https:\/\/thomasvino.ch\/"},{"@type":"ListItem","position":2,"name":"Un \u00abVega Sicilia bis\u00bb dans la Rioja"}]},{"@type":"WebSite","@id":"https:\/\/thomasvino.ch\/#website","url":"https:\/\/thomasvino.ch\/","name":"thomasvino","description":"Vins &amp; Gastronomie","potentialAction":[{"@type":"SearchAction","target":{"@type":"EntryPoint","urlTemplate":"https:\/\/thomasvino.ch\/?s={search_term_string}"},"query-input":"required name=search_term_string"}],"inLanguage":"fr-FR"},{"@type":"Person","@id":"https:\/\/thomasvino.ch\/#\/schema\/person\/670bf4486fe81152cf1d68bd585e062e","name":"Pierre Thomas","image":{"@type":"ImageObject","inLanguage":"fr-FR","@id":"https:\/\/thomasvino.ch\/#\/schema\/person\/image\/","url":"https:\/\/secure.gravatar.com\/avatar\/91fd5a76647f140e53db987a0dead4d7?s=96&d=mm&r=g","contentUrl":"https:\/\/secure.gravatar.com\/avatar\/91fd5a76647f140e53db987a0dead4d7?s=96&d=mm&r=g","caption":"Pierre Thomas"},"url":"https:\/\/thomasvino.ch\/?author=3"}]}},"jetpack_featured_media_url":"","jetpack_sharing_enabled":true,"jetpack_shortlink":"https:\/\/wp.me\/p3m4tZ-3JN","jetpack_likes_enabled":false,"jetpack-related-posts":[{"id":14342,"url":"https:\/\/thomasvino.ch\/?p=14342","url_meta":{"origin":14371,"position":0},"title":"Ces \u00abSuisses\u00bb et leurs vignobles bordelais","date":"20 mai 2017","format":false,"excerpt":"Qui se cache derri\u00e8re les fa\u00e7ades des ch\u00e2teaux viticoles bordelais? Plusieurs riches propri\u00e9taires sont domicili\u00e9s sur l\u2019arc l\u00e9manique. La plupart sont Fran\u00e7ais, au b\u00e9n\u00e9fice d\u2019un forfait fiscal. Et quelques rares Helv\u00e8tes s\u2019y sont risqu\u00e9, eux aussi. Par Pierre Thomas, texte et photos. Bordeaux constitue toujours le centre du monde du\u2026","rel":"","context":"Dans &quot;Vins fran\u00e7ais&quot;","img":{"alt_text":"","src":"https:\/\/i0.wp.com\/thomasvino.ch\/wp-content\/uploads\/2017\/05\/site_yquem-300x225.jpg?resize=350%2C200&ssl=1","width":350,"height":200},"classes":[]},{"id":14403,"url":"https:\/\/thomasvino.ch\/?p=14403","url_meta":{"origin":14371,"position":1},"title":"Rioja: des crus et des bulles!","date":"13 juin 2017","format":false,"excerpt":"La pr\u00e9sidence du conseil r\u00e9gulateur de la Rioja de Jos\u00e9 Maria Daroca, qui termine son mandat en juin 2017, aura \u00e9t\u00e9 marqu\u00e9e par deux avanc\u00e9es pour la plus connue des appellations espagnoles: l'autorisation de la mention de cru (\u00abvignoble singulier\u00bb) et la voie ouverte \u00e0 des vins effervescents, pour faire\u2026","rel":"","context":"Dans &quot;Actus - News&quot;","img":{"alt_text":"","src":"","width":0,"height":0},"classes":[]},{"id":9718,"url":"https:\/\/thomasvino.ch\/?p=9718","url_meta":{"origin":14371,"position":2},"title":"Les marques vont-elles sauver le bordeaux?","date":"29 janvier 2006","format":false,"excerpt":"TEST paru dans Tout Compte Fait, janvier 2006 La marque au secours des ch\u00e2teaux? Face \u00e0 un march\u00e9 mondialis\u00e9, Bordeaux et ses milliers de ch\u00e2teaux contre-attaque. Les n\u00e9gociants, pierre angulaire du march\u00e9 bordelais, reprennent la main. Et leurs vins rouges se retrouvent dans les supermarch\u00e9s. Palmar\u00e8s. Qu\u2019est-ce qu\u2019un \u00abbordeaux de\u2026","rel":"","context":"Dans &quot;Conso&quot;","img":{"alt_text":"","src":"","width":0,"height":0},"classes":[]},{"id":8818,"url":"https:\/\/thomasvino.ch\/?p=8818","url_meta":{"origin":14371,"position":3},"title":"Dessine-moi un classement!","date":"11 novembre 2008","format":false,"excerpt":"Le nouveau classement de Bordeaux 2005Petit Prince de la d\u00e9gustation, le Grand Jury Europ\u00e9en (GJE), a dessin\u00e9 un nouveau classement des grands crus de bordeaux, \u00e0 la lumi\u00e8re, si l'on peut dire, de la d\u00e9gustation \u00e0 l'aveugle des 2005, \u00e0 la Villa d'Este, d\u00e9but novembre 2008. Surprises au contour, pour\u2026","rel":"","context":"Dans &quot;Actus - News&quot;","img":{"alt_text":"","src":"","width":0,"height":0},"classes":[]},{"id":16336,"url":"https:\/\/thomasvino.ch\/?p=16336","url_meta":{"origin":14371,"position":4},"title":"Bordeaux-Barolo-Barbaresco janvier 2020  \u2014 Des d\u00e9gustations \u00e0 b\u00e2tons rompus","date":"6 f\u00e9vrier 2020","format":false,"excerpt":"Pour la deuxi\u00e8me ann\u00e9e cons\u00e9cutive, j\u2019ai encha\u00een\u00e9, du 5 au 29 janvier, des d\u00e9gustations dans deux des r\u00e9gions phares de France et d\u2019Italie, Bordeaux et le Pi\u00e9mont. Pr\u00e8s de mille vins d\u00e9gust\u00e9s, les deux tiers \u00e0 l\u2019aveugle, le reste durant des sessions sp\u00e9ciales ou des d\u00e9jeuners et d\u00eeners. Qu\u2019en reste-t-il\u00a0?\u2026","rel":"","context":"Dans &quot;D\u00e9gustation&quot;","img":{"alt_text":"","src":"https:\/\/i0.wp.com\/thomasvino.ch\/wp-content\/uploads\/2020\/02\/site_lafite-300x225.jpg?resize=350%2C200&ssl=1","width":350,"height":200},"classes":[]},{"id":9018,"url":"https:\/\/thomasvino.ch\/?p=9018","url_meta":{"origin":14371,"position":5},"title":"Bordeaux 2009: cirque \u00e0 grand spectacle","date":"17 avril 2010","format":false,"excerpt":"Bordeaux 2009 La tourn\u00e9e annuelle du grand cirque Les primeurs de bordeaux sont au vin ce que le cirque Knie est au spectacle tout public en Suisse romande\u00a0: une tourn\u00e9e qui revient chaque ann\u00e9e. Avec ses \u00e9l\u00e9phants (les 1er Grands Crus Class\u00e9s intouchables), ses lions (quelques super seconds comme les\u2026","rel":"","context":"Dans &quot;Tendance&quot;","img":{"alt_text":"","src":"","width":0,"height":0},"classes":[]}],"_links":{"self":[{"href":"https:\/\/thomasvino.ch\/index.php?rest_route=\/wp\/v2\/posts\/14371"}],"collection":[{"href":"https:\/\/thomasvino.ch\/index.php?rest_route=\/wp\/v2\/posts"}],"about":[{"href":"https:\/\/thomasvino.ch\/index.php?rest_route=\/wp\/v2\/types\/post"}],"author":[{"embeddable":true,"href":"https:\/\/thomasvino.ch\/index.php?rest_route=\/wp\/v2\/users\/3"}],"replies":[{"embeddable":true,"href":"https:\/\/thomasvino.ch\/index.php?rest_route=%2Fwp%2Fv2%2Fcomments&post=14371"}],"version-history":[{"count":0,"href":"https:\/\/thomasvino.ch\/index.php?rest_route=\/wp\/v2\/posts\/14371\/revisions"}],"wp:attachment":[{"href":"https:\/\/thomasvino.ch\/index.php?rest_route=%2Fwp%2Fv2%2Fmedia&parent=14371"}],"wp:term":[{"taxonomy":"category","embeddable":true,"href":"https:\/\/thomasvino.ch\/index.php?rest_route=%2Fwp%2Fv2%2Fcategories&post=14371"},{"taxonomy":"post_tag","embeddable":true,"href":"https:\/\/thomasvino.ch\/index.php?rest_route=%2Fwp%2Fv2%2Ftags&post=14371"}],"curies":[{"name":"wp","href":"https:\/\/api.w.org\/{rel}","templated":true}]}}