{"id":14430,"date":"2017-06-22T14:27:42","date_gmt":"2017-06-22T13:27:42","guid":{"rendered":"https:\/\/thomasvino.ch\/?p=14430"},"modified":"2017-06-22T14:27:42","modified_gmt":"2017-06-22T13:27:42","slug":"movenpick-reprend-bars-a-vins-yatus","status":"publish","type":"post","link":"https:\/\/thomasvino.ch\/?p=14430","title":{"rendered":"M\u00f6venpick reprend les bars \u00e0 vins Yatus"},"content":{"rendered":"<p><strong>La cha\u00eene de magasins de vins M\u00f6venpick (une vingtaine de magasins en Suisse, dont un tout neuf \u00e0 la route du Jura \u00e0 Fribourg&#8230;) reprend au 1er juillet les bars \u00e0 vins Yatus, \u00e0 Lausanne, Vevey et Fribourg.<\/strong><\/p>\n<p>Entre <strong><a href=\"https:\/\/thomasvino.ch\/?p=9529\">la cr\u00e9ation par Julien-Am\u00e9d\u00e9e Vogel<\/a><\/strong> et cette reprise, d&rsquo;autres actionnaires avaient \u00e9t\u00e9 trouv\u00e9s, <strong>Franz Casanova<\/strong> et <strong>Jacques Merlotti<\/strong>, engag\u00e9s sur d&rsquo;autres fronts de la restauration en Suisse romande. Les trois se retirent au profit de M\u00f6venpick tout seul, qui dit vouloir garder les 15 personnes au service des bars \u00e0 vins. La gestion pr\u00e9c\u00e9dente avait d\u00e9j\u00e0 recompos\u00e9 la plupart des \u00e9quipes des bars \u00e0 vins citadins. Auparavant, le Yatus de Morges avait \u00e9t\u00e9 ferm\u00e9.<\/p>\n<p><em>\u00a9thomasvino.ch<\/em><\/p>\n","protected":false},"excerpt":{"rendered":"<p>La cha\u00eene de magasins de vins M\u00f6venpick (une vingtaine de magasins en Suisse, dont un tout neuf \u00e0 la route du Jura \u00e0 Fribourg&#8230;) reprend au 1er juillet les bars \u00e0 vins Yatus, \u00e0 Lausanne, Vevey et Fribourg. Entre la cr\u00e9ation par Julien-Am\u00e9d\u00e9e Vogel et cette reprise, d&rsquo;autres actionnaires avaient \u00e9t\u00e9 trouv\u00e9s, Franz Casanova et [&hellip;]<\/p>\n","protected":false},"author":3,"featured_media":0,"comment_status":"closed","ping_status":"open","sticky":false,"template":"","format":"standard","meta":{"_monsterinsights_skip_tracking":false,"_monsterinsights_sitenote_active":false,"_monsterinsights_sitenote_note":"","_monsterinsights_sitenote_category":0,"jetpack_post_was_ever_published":false,"jetpack_publicize_message":"","jetpack_is_tweetstorm":false,"jetpack_publicize_feature_enabled":true,"jetpack_social_post_already_shared":true,"jetpack_social_options":{"image_generator_settings":{"template":"highway","enabled":false}}},"categories":[15],"tags":[],"jetpack_publicize_connections":[],"yoast_head":"<!-- This site is optimized with the Yoast SEO plugin v20.6 - https:\/\/yoast.com\/wordpress\/plugins\/seo\/ -->\n<title>M\u00f6venpick reprend les bars \u00e0 vins Yatus - thomasvino<\/title>\n<meta name=\"robots\" content=\"index, follow, max-snippet:-1, max-image-preview:large, max-video-preview:-1\" \/>\n<link rel=\"canonical\" href=\"https:\/\/thomasvino.ch\/?p=14430\" \/>\n<meta property=\"og:locale\" content=\"fr_FR\" \/>\n<meta property=\"og:type\" content=\"article\" \/>\n<meta property=\"og:title\" content=\"M\u00f6venpick reprend les bars \u00e0 vins Yatus - thomasvino\" \/>\n<meta property=\"og:description\" content=\"La cha\u00eene de magasins de vins M\u00f6venpick (une vingtaine de magasins en Suisse, dont un tout neuf \u00e0 la route du Jura \u00e0 Fribourg&#8230;) reprend au 1er juillet les bars \u00e0 vins Yatus, \u00e0 Lausanne, Vevey et Fribourg. Entre la cr\u00e9ation par Julien-Am\u00e9d\u00e9e Vogel et cette reprise, d&rsquo;autres actionnaires avaient \u00e9t\u00e9 trouv\u00e9s, Franz Casanova et [&hellip;]\" \/>\n<meta property=\"og:url\" content=\"https:\/\/thomasvino.ch\/?p=14430\" \/>\n<meta property=\"og:site_name\" content=\"thomasvino\" \/>\n<meta property=\"article:published_time\" content=\"2017-06-22T13:27:42+00:00\" \/>\n<meta name=\"author\" content=\"Pierre Thomas\" \/>\n<meta name=\"twitter:label1\" content=\"\u00c9crit par\" \/>\n\t<meta name=\"twitter:data1\" content=\"Pierre Thomas\" \/>\n\t<meta name=\"twitter:label2\" content=\"Dur\u00e9e de lecture estim\u00e9e\" \/>\n\t<meta name=\"twitter:data2\" content=\"1 minute\" \/>\n<script type=\"application\/ld+json\" class=\"yoast-schema-graph\">{\"@context\":\"https:\/\/schema.org\",\"@graph\":[{\"@type\":\"WebPage\",\"@id\":\"https:\/\/thomasvino.ch\/?p=14430\",\"url\":\"https:\/\/thomasvino.ch\/?p=14430\",\"name\":\"M\u00f6venpick reprend les bars \u00e0 vins Yatus - thomasvino\",\"isPartOf\":{\"@id\":\"https:\/\/thomasvino.ch\/#website\"},\"datePublished\":\"2017-06-22T13:27:42+00:00\",\"dateModified\":\"2017-06-22T13:27:42+00:00\",\"author\":{\"@id\":\"https:\/\/thomasvino.ch\/#\/schema\/person\/670bf4486fe81152cf1d68bd585e062e\"},\"breadcrumb\":{\"@id\":\"https:\/\/thomasvino.ch\/?p=14430#breadcrumb\"},\"inLanguage\":\"fr-FR\",\"potentialAction\":[{\"@type\":\"ReadAction\",\"target\":[\"https:\/\/thomasvino.ch\/?p=14430\"]}]},{\"@type\":\"BreadcrumbList\",\"@id\":\"https:\/\/thomasvino.ch\/?p=14430#breadcrumb\",\"itemListElement\":[{\"@type\":\"ListItem\",\"position\":1,\"name\":\"Accueil\",\"item\":\"https:\/\/thomasvino.ch\/\"},{\"@type\":\"ListItem\",\"position\":2,\"name\":\"M\u00f6venpick reprend les bars \u00e0 vins Yatus\"}]},{\"@type\":\"WebSite\",\"@id\":\"https:\/\/thomasvino.ch\/#website\",\"url\":\"https:\/\/thomasvino.ch\/\",\"name\":\"thomasvino\",\"description\":\"Vins &amp; Gastronomie\",\"potentialAction\":[{\"@type\":\"SearchAction\",\"target\":{\"@type\":\"EntryPoint\",\"urlTemplate\":\"https:\/\/thomasvino.ch\/?s={search_term_string}\"},\"query-input\":\"required name=search_term_string\"}],\"inLanguage\":\"fr-FR\"},{\"@type\":\"Person\",\"@id\":\"https:\/\/thomasvino.ch\/#\/schema\/person\/670bf4486fe81152cf1d68bd585e062e\",\"name\":\"Pierre Thomas\",\"image\":{\"@type\":\"ImageObject\",\"inLanguage\":\"fr-FR\",\"@id\":\"https:\/\/thomasvino.ch\/#\/schema\/person\/image\/\",\"url\":\"https:\/\/secure.gravatar.com\/avatar\/91fd5a76647f140e53db987a0dead4d7?s=96&d=mm&r=g\",\"contentUrl\":\"https:\/\/secure.gravatar.com\/avatar\/91fd5a76647f140e53db987a0dead4d7?s=96&d=mm&r=g\",\"caption\":\"Pierre Thomas\"},\"url\":\"https:\/\/thomasvino.ch\/?author=3\"}]}<\/script>\n<!-- \/ Yoast SEO plugin. -->","yoast_head_json":{"title":"M\u00f6venpick reprend les bars \u00e0 vins Yatus - thomasvino","robots":{"index":"index","follow":"follow","max-snippet":"max-snippet:-1","max-image-preview":"max-image-preview:large","max-video-preview":"max-video-preview:-1"},"canonical":"https:\/\/thomasvino.ch\/?p=14430","og_locale":"fr_FR","og_type":"article","og_title":"M\u00f6venpick reprend les bars \u00e0 vins Yatus - thomasvino","og_description":"La cha\u00eene de magasins de vins M\u00f6venpick (une vingtaine de magasins en Suisse, dont un tout neuf \u00e0 la route du Jura \u00e0 Fribourg&#8230;) reprend au 1er juillet les bars \u00e0 vins Yatus, \u00e0 Lausanne, Vevey et Fribourg. Entre la cr\u00e9ation par Julien-Am\u00e9d\u00e9e Vogel et cette reprise, d&rsquo;autres actionnaires avaient \u00e9t\u00e9 trouv\u00e9s, Franz Casanova et [&hellip;]","og_url":"https:\/\/thomasvino.ch\/?p=14430","og_site_name":"thomasvino","article_published_time":"2017-06-22T13:27:42+00:00","author":"Pierre Thomas","twitter_misc":{"\u00c9crit par":"Pierre Thomas","Dur\u00e9e de lecture estim\u00e9e":"1 minute"},"schema":{"@context":"https:\/\/schema.org","@graph":[{"@type":"WebPage","@id":"https:\/\/thomasvino.ch\/?p=14430","url":"https:\/\/thomasvino.ch\/?p=14430","name":"M\u00f6venpick reprend les bars \u00e0 vins Yatus - thomasvino","isPartOf":{"@id":"https:\/\/thomasvino.ch\/#website"},"datePublished":"2017-06-22T13:27:42+00:00","dateModified":"2017-06-22T13:27:42+00:00","author":{"@id":"https:\/\/thomasvino.ch\/#\/schema\/person\/670bf4486fe81152cf1d68bd585e062e"},"breadcrumb":{"@id":"https:\/\/thomasvino.ch\/?p=14430#breadcrumb"},"inLanguage":"fr-FR","potentialAction":[{"@type":"ReadAction","target":["https:\/\/thomasvino.ch\/?p=14430"]}]},{"@type":"BreadcrumbList","@id":"https:\/\/thomasvino.ch\/?p=14430#breadcrumb","itemListElement":[{"@type":"ListItem","position":1,"name":"Accueil","item":"https:\/\/thomasvino.ch\/"},{"@type":"ListItem","position":2,"name":"M\u00f6venpick reprend les bars \u00e0 vins Yatus"}]},{"@type":"WebSite","@id":"https:\/\/thomasvino.ch\/#website","url":"https:\/\/thomasvino.ch\/","name":"thomasvino","description":"Vins &amp; Gastronomie","potentialAction":[{"@type":"SearchAction","target":{"@type":"EntryPoint","urlTemplate":"https:\/\/thomasvino.ch\/?s={search_term_string}"},"query-input":"required name=search_term_string"}],"inLanguage":"fr-FR"},{"@type":"Person","@id":"https:\/\/thomasvino.ch\/#\/schema\/person\/670bf4486fe81152cf1d68bd585e062e","name":"Pierre Thomas","image":{"@type":"ImageObject","inLanguage":"fr-FR","@id":"https:\/\/thomasvino.ch\/#\/schema\/person\/image\/","url":"https:\/\/secure.gravatar.com\/avatar\/91fd5a76647f140e53db987a0dead4d7?s=96&d=mm&r=g","contentUrl":"https:\/\/secure.gravatar.com\/avatar\/91fd5a76647f140e53db987a0dead4d7?s=96&d=mm&r=g","caption":"Pierre Thomas"},"url":"https:\/\/thomasvino.ch\/?author=3"}]}},"jetpack_featured_media_url":"","jetpack_sharing_enabled":true,"jetpack_shortlink":"https:\/\/wp.me\/p3m4tZ-3KK","jetpack_likes_enabled":false,"jetpack-related-posts":[{"id":14457,"url":"https:\/\/thomasvino.ch\/?p=14457","url_meta":{"origin":14430,"position":0},"title":"La cha\u00eene Nicolas s\u2019\u00e9tend en Suisse","date":"3 juillet 2017","format":false,"excerpt":"Nicolas \u00e9tend son emprise en Suisse. La cha\u00eene de cavistes appartient depuis 1988 au groupe Castel, dont le patron, Pierre Castel, est l\u2019homme du monde du vin le plus riche de France (selon le magazine Challenges, 8\u00e8me fortune hexagonale avec 11,5 milliards d'euros). Il y a tout juste un an,\u2026","rel":"","context":"Dans &quot;Actus - News&quot;","img":{"alt_text":"","src":"","width":0,"height":0},"classes":[]},{"id":9529,"url":"https:\/\/thomasvino.ch\/?p=9529","url_meta":{"origin":14430,"position":1},"title":"Vogel Vins:  cause commune avec Globalwine","date":"11 f\u00e9vrier 2013","format":false,"excerpt":"Vogel Vins SA (Grandvaux) L\u2019axe Hambourg-Zurich-Lausanne L\u2019info ne fait que trois lignes sur le site propre du commerce vaudois de vins: \u00abDepuis le 1er janvier 2013, Vogel Vins SA a ouvert son capital \u00e0 la soci\u00e9t\u00e9 Globalwine AG, de Zurich, afin d\u2019offrir \u00e0 ses partenaires \u00e9trangers une repr\u00e9sentation nationale. Vogel\u2026","rel":"","context":"Dans &quot;Actus - News&quot;","img":{"alt_text":"","src":"","width":0,"height":0},"classes":[]},{"id":9357,"url":"https:\/\/thomasvino.ch\/?p=9357","url_meta":{"origin":14430,"position":2},"title":"Du neuf chez Vogel Vins","date":"25 avril 2012","format":false,"excerpt":"Vogel\u00a0Vins Nouvelle g\u00e9n\u00e9ration aux commandes Par un communiqu\u00e9 de presse t\u00e9l\u00e9chargeable sur son site Internet (www.vogel-vins.ch), Vogel Vins \u00e0 Grandvaux, signale un passage de g\u00e9n\u00e9ration. Charles Vogel prend sa retraite cette ann\u00e9e et passe le t\u00e9moin \u00e0 son fils Julien, plus pr\u00e9cis\u00e9ment Julien-Vincent-Am\u00e9d\u00e9e. Un \u00abpartenariat de collaboration strat\u00e9gique\u00bb a \u00e9t\u00e9\u2026","rel":"","context":"Dans &quot;Actus - News&quot;","img":{"alt_text":"","src":"","width":0,"height":0},"classes":[]},{"id":9243,"url":"https:\/\/thomasvino.ch\/?p=9243","url_meta":{"origin":14430,"position":3},"title":"Vaud \u2014 Le patron de l&rsquo;EPFL, premier Guillon d&rsquo;Or 2011","date":"26 septembre 2011","format":false,"excerpt":"Guillon d\u2019Or 2011 La foi dans les alicaments Premier r\u00e9cipiendaire du Guillon d\u2019Or, le pr\u00e9sident de l\u2019EPFL, Patrick Aebischer, est aussi le contemporain de la confr\u00e9rie d\u00e9vou\u00e9e \u00e0 la cause des vins vaudois, fond\u00e9e en 1954. Ce scientifique, doubl\u00e9 d\u2019un manager, n\u00e9 en basse ville de Fribourg, est convaincu de\u2026","rel":"","context":"Dans &quot;Vins suisses&quot;","img":{"alt_text":"site_guildor1.jpg","src":"img\/site_guildor1.jpg","width":350,"height":200},"classes":[]},{"id":9419,"url":"https:\/\/thomasvino.ch\/?p=9419","url_meta":{"origin":14430,"position":4},"title":"Quizz 2012: les r\u00e9ponses","date":"14 ao\u00fbt 2012","format":false,"excerpt":"Les solutions au quizz vins et produits du terroir 2012 1) C) Grandes Tables de Suisse 2) A) Giffers (Chevrilles) 3) B, Les Faverges (A chasselas de Vincent Chollet, \u00e0 Aran, C des Fr\u00e8res Dubois, \u00e0 Cully) 4) C) Henri Naef 5) B) la Grande Gruy\u00e8re de Bulle 6) C)\u2026","rel":"","context":"Dans &quot;Tendance&quot;","img":{"alt_text":"","src":"","width":0,"height":0},"classes":[]},{"id":9418,"url":"https:\/\/thomasvino.ch\/?p=9418","url_meta":{"origin":14430,"position":5},"title":"Vins et produits, le quizz de l&rsquo;\u00e9t\u00e9 2012","date":"14 ao\u00fbt 2012","format":false,"excerpt":"Etes-vous expert en vins et produits du terroir? Vous aimez manger et (bien) boire? Alors, testez vos connaissances dans quatre domaines labellis\u00e9s: local, terroir, vins suisses et (vini)culture. Bonne chance! 75 pistes \u00e0 examiner avec 3 possibilit\u00e9s \u00e0 chaque question. Et un indice troublant: plus de 25 bonnes r\u00e9ponses! Par\u2026","rel":"","context":"Dans &quot;Tendance&quot;","img":{"alt_text":"","src":"","width":0,"height":0},"classes":[]}],"_links":{"self":[{"href":"https:\/\/thomasvino.ch\/index.php?rest_route=\/wp\/v2\/posts\/14430"}],"collection":[{"href":"https:\/\/thomasvino.ch\/index.php?rest_route=\/wp\/v2\/posts"}],"about":[{"href":"https:\/\/thomasvino.ch\/index.php?rest_route=\/wp\/v2\/types\/post"}],"author":[{"embeddable":true,"href":"https:\/\/thomasvino.ch\/index.php?rest_route=\/wp\/v2\/users\/3"}],"replies":[{"embeddable":true,"href":"https:\/\/thomasvino.ch\/index.php?rest_route=%2Fwp%2Fv2%2Fcomments&post=14430"}],"version-history":[{"count":0,"href":"https:\/\/thomasvino.ch\/index.php?rest_route=\/wp\/v2\/posts\/14430\/revisions"}],"wp:attachment":[{"href":"https:\/\/thomasvino.ch\/index.php?rest_route=%2Fwp%2Fv2%2Fmedia&parent=14430"}],"wp:term":[{"taxonomy":"category","embeddable":true,"href":"https:\/\/thomasvino.ch\/index.php?rest_route=%2Fwp%2Fv2%2Fcategories&post=14430"},{"taxonomy":"post_tag","embeddable":true,"href":"https:\/\/thomasvino.ch\/index.php?rest_route=%2Fwp%2Fv2%2Ftags&post=14430"}],"curies":[{"name":"wp","href":"https:\/\/api.w.org\/{rel}","templated":true}]}}