{"id":14461,"date":"2017-07-06T07:24:51","date_gmt":"2017-07-06T06:24:51","guid":{"rendered":"https:\/\/thomasvino.ch\/?p=14461"},"modified":"2017-07-06T07:24:51","modified_gmt":"2017-07-06T06:24:51","slug":"assemblages-rouges-champions-genevois-2017","status":"publish","type":"post","link":"https:\/\/thomasvino.ch\/?p=14461","title":{"rendered":"Les assemblages rouges, champions genevois 2017"},"content":{"rendered":"<p><strong>Avec 14 vins m\u00e9daill\u00e9s d\u2019or (sur 55), les assemblages rouges sont les grands triomphateurs de la 18<sup>\u00e8me<\/sup> S\u00e9lection des vins de Gen\u00e8ve. Une cave, le Ch\u00e2teau du Crest, \u00e0 Jussy, a obtenu cinq m\u00e9dailles d\u2019or et d\u00e9croch\u00e9 le meilleur pointage du concours.<\/strong><\/p>\n<p>Un \u0153nologue a fait encore mieux\u00a0: <strong>S\u00e9bastien Schwarz<\/strong>. Le responsable des vinifications du Domaine des Perri\u00e8res (4 m\u00e9dailles d\u2019or) vinifie aussi <em>\u00ab\u00e0 fa\u00e7on\u00bb<\/em> les vins du domaine du Nant d\u2019Avril (4 m\u00e9dailles d\u2019or) et des Bossons (3 m\u00e9dailles d\u2019or).<\/p>\n<p>Sur les 55 m\u00e9dailles d\u2019or, les rouges (29) et les ros\u00e9s (5) dominent les 18 blancs, auxquels s\u2019ajoutent deux vins doux et un mousseux. Celui-ci, un pur chardonnay du <strong>Domaine des Hutins<\/strong>, a d\u00e9croch\u00e9 le premier prix de Swiss Wine Promotion. <strong>Emilienne Hutin<\/strong> a obtenu 4 m\u00e9dailles d\u2019or, tout comme <strong>Sarah Meylan<\/strong>, du Domaine de la Vigne Blanche. Avec trois m\u00e9dailles d\u2019or pointent encore la <strong>Cave de Gen\u00e8ve<\/strong> et le <strong>Domaine du Paradis<\/strong>. Ce dernier, d\u00e9croche le prix du <em>meilleur chasselas<\/em>, d\u00e9cern\u00e9 par un jury de cafetiers-restaurateurs. Les Vieux-Grenadiers, gardiens de la tradition, ont r\u00e9compens\u00e9 <strong>Les Perri\u00e8res<\/strong>, \u00e0 Peissy, pour le bon classement combin\u00e9 de leur chasselas et de leur gamay.<\/p>\n<p>Le jury de l\u2019Ecole h\u00f4teli\u00e8re de Gen\u00e8ve a distingu\u00e9 un vin blanc, <em>Le Griset 2016<\/em>, issu du c\u00e9page allemand findling, vinifi\u00e9 par <strong>Olivier Conne<\/strong>, du <strong>Domaine des Charmes<\/strong>, \u00e0 Peissy. Un jury de journalistes a r\u00e9compens\u00e9 le m\u00eame domaine pour son <em>Esprit de Gen\u00e8ve 2015<\/em>. L\u2019assemblage embl\u00e9matique du vignoble genevois, qui joue sur le bin\u00f4me gamay \u2014 gamaret, a \u00e9t\u00e9 prim\u00e9e trois fois sur le mill\u00e9sime 2015 (<strong>Les Charmes, La Vigne Blanche<\/strong> et <strong>Les Valli\u00e8res<\/strong>).<\/p>\n<p>Le Sanglier de bronze r\u00e9compense le vin qui a obtenu le plus haut pointage. C\u2019est encore un assemblage, la cuv\u00e9e <em>Ch\u00e2teau Rouge<\/em>, mais de <em>2016<\/em>, compos\u00e9e de gamaret et de pinot noir, \u00e9lev\u00e9 en foudres, lanc\u00e9e en 1994 d\u00e9j\u00e0 par le <strong>Ch\u00e2teau du Crest<\/strong>. R\u00e9compens\u00e9 par 5 m\u00e9dailles d\u2019or, le domaine avait soumis 18 vins au jury, form\u00e9 de 56 d\u00e9gustateurs, dont 12 femmes, un nombre en l\u00e9g\u00e8re diminution, tout comme le nombre d\u2019\u00e9chantillons, qui d\u00e9passe juste les 600 vins (619).<\/p>\n<p><em>Palmar\u00e8s complet sur le net\u00a0: <a href=\"https:\/\/www.geneveterroir.ch\/fr\/selection-des-vins-de-geneve-2017-le-sanglier-au-chateau-du-crest\/4664\"><strong>lesvinsdegeneve.c<\/strong>h<\/a><\/em><\/p>\n<p><em>Paru dans <\/em>H\u00f4tellerie &amp; Gastronomie Hebdo<em> du 5 juillet 2017<\/em><\/p>\n","protected":false},"excerpt":{"rendered":"<p>Avec 14 vins m\u00e9daill\u00e9s d\u2019or (sur 55), les assemblages rouges sont les grands triomphateurs de la 18\u00e8me S\u00e9lection des vins de Gen\u00e8ve. Une cave, le Ch\u00e2teau du Crest, \u00e0 Jussy, a obtenu cinq m\u00e9dailles d\u2019or et d\u00e9croch\u00e9 le meilleur pointage du concours. Un \u0153nologue a fait encore mieux\u00a0: S\u00e9bastien Schwarz. Le responsable des vinifications du [&hellip;]<\/p>\n","protected":false},"author":3,"featured_media":0,"comment_status":"closed","ping_status":"open","sticky":false,"template":"","format":"standard","meta":{"_monsterinsights_skip_tracking":false,"_monsterinsights_sitenote_active":false,"_monsterinsights_sitenote_note":"","_monsterinsights_sitenote_category":0,"jetpack_post_was_ever_published":false,"jetpack_publicize_message":"","jetpack_is_tweetstorm":false,"jetpack_publicize_feature_enabled":true,"jetpack_social_post_already_shared":true,"jetpack_social_options":{"image_generator_settings":{"template":"highway","enabled":false}}},"categories":[15],"tags":[],"jetpack_publicize_connections":[],"yoast_head":"<!-- This site is optimized with the Yoast SEO plugin v20.6 - https:\/\/yoast.com\/wordpress\/plugins\/seo\/ -->\n<title>Les assemblages rouges, champions genevois 2017 - thomasvino<\/title>\n<meta name=\"robots\" content=\"index, follow, max-snippet:-1, max-image-preview:large, max-video-preview:-1\" \/>\n<link rel=\"canonical\" href=\"https:\/\/thomasvino.ch\/?p=14461\" \/>\n<meta property=\"og:locale\" content=\"fr_FR\" \/>\n<meta property=\"og:type\" content=\"article\" \/>\n<meta property=\"og:title\" content=\"Les assemblages rouges, champions genevois 2017 - thomasvino\" \/>\n<meta property=\"og:description\" content=\"Avec 14 vins m\u00e9daill\u00e9s d\u2019or (sur 55), les assemblages rouges sont les grands triomphateurs de la 18\u00e8me S\u00e9lection des vins de Gen\u00e8ve. Une cave, le Ch\u00e2teau du Crest, \u00e0 Jussy, a obtenu cinq m\u00e9dailles d\u2019or et d\u00e9croch\u00e9 le meilleur pointage du concours. Un \u0153nologue a fait encore mieux\u00a0: S\u00e9bastien Schwarz. Le responsable des vinifications du [&hellip;]\" \/>\n<meta property=\"og:url\" content=\"https:\/\/thomasvino.ch\/?p=14461\" \/>\n<meta property=\"og:site_name\" content=\"thomasvino\" \/>\n<meta property=\"article:published_time\" content=\"2017-07-06T06:24:51+00:00\" \/>\n<meta name=\"author\" content=\"Pierre Thomas\" \/>\n<meta name=\"twitter:label1\" content=\"\u00c9crit par\" \/>\n\t<meta name=\"twitter:data1\" content=\"Pierre Thomas\" \/>\n\t<meta name=\"twitter:label2\" content=\"Dur\u00e9e de lecture estim\u00e9e\" \/>\n\t<meta name=\"twitter:data2\" content=\"2 minutes\" \/>\n<script type=\"application\/ld+json\" class=\"yoast-schema-graph\">{\"@context\":\"https:\/\/schema.org\",\"@graph\":[{\"@type\":\"WebPage\",\"@id\":\"https:\/\/thomasvino.ch\/?p=14461\",\"url\":\"https:\/\/thomasvino.ch\/?p=14461\",\"name\":\"Les assemblages rouges, champions genevois 2017 - thomasvino\",\"isPartOf\":{\"@id\":\"https:\/\/thomasvino.ch\/#website\"},\"datePublished\":\"2017-07-06T06:24:51+00:00\",\"dateModified\":\"2017-07-06T06:24:51+00:00\",\"author\":{\"@id\":\"https:\/\/thomasvino.ch\/#\/schema\/person\/670bf4486fe81152cf1d68bd585e062e\"},\"breadcrumb\":{\"@id\":\"https:\/\/thomasvino.ch\/?p=14461#breadcrumb\"},\"inLanguage\":\"fr-FR\",\"potentialAction\":[{\"@type\":\"ReadAction\",\"target\":[\"https:\/\/thomasvino.ch\/?p=14461\"]}]},{\"@type\":\"BreadcrumbList\",\"@id\":\"https:\/\/thomasvino.ch\/?p=14461#breadcrumb\",\"itemListElement\":[{\"@type\":\"ListItem\",\"position\":1,\"name\":\"Accueil\",\"item\":\"https:\/\/thomasvino.ch\/\"},{\"@type\":\"ListItem\",\"position\":2,\"name\":\"Les assemblages rouges, champions genevois 2017\"}]},{\"@type\":\"WebSite\",\"@id\":\"https:\/\/thomasvino.ch\/#website\",\"url\":\"https:\/\/thomasvino.ch\/\",\"name\":\"thomasvino\",\"description\":\"Vins &amp; Gastronomie\",\"potentialAction\":[{\"@type\":\"SearchAction\",\"target\":{\"@type\":\"EntryPoint\",\"urlTemplate\":\"https:\/\/thomasvino.ch\/?s={search_term_string}\"},\"query-input\":\"required name=search_term_string\"}],\"inLanguage\":\"fr-FR\"},{\"@type\":\"Person\",\"@id\":\"https:\/\/thomasvino.ch\/#\/schema\/person\/670bf4486fe81152cf1d68bd585e062e\",\"name\":\"Pierre Thomas\",\"image\":{\"@type\":\"ImageObject\",\"inLanguage\":\"fr-FR\",\"@id\":\"https:\/\/thomasvino.ch\/#\/schema\/person\/image\/\",\"url\":\"https:\/\/secure.gravatar.com\/avatar\/91fd5a76647f140e53db987a0dead4d7?s=96&d=mm&r=g\",\"contentUrl\":\"https:\/\/secure.gravatar.com\/avatar\/91fd5a76647f140e53db987a0dead4d7?s=96&d=mm&r=g\",\"caption\":\"Pierre Thomas\"},\"url\":\"https:\/\/thomasvino.ch\/?author=3\"}]}<\/script>\n<!-- \/ Yoast SEO plugin. -->","yoast_head_json":{"title":"Les assemblages rouges, champions genevois 2017 - thomasvino","robots":{"index":"index","follow":"follow","max-snippet":"max-snippet:-1","max-image-preview":"max-image-preview:large","max-video-preview":"max-video-preview:-1"},"canonical":"https:\/\/thomasvino.ch\/?p=14461","og_locale":"fr_FR","og_type":"article","og_title":"Les assemblages rouges, champions genevois 2017 - thomasvino","og_description":"Avec 14 vins m\u00e9daill\u00e9s d\u2019or (sur 55), les assemblages rouges sont les grands triomphateurs de la 18\u00e8me S\u00e9lection des vins de Gen\u00e8ve. Une cave, le Ch\u00e2teau du Crest, \u00e0 Jussy, a obtenu cinq m\u00e9dailles d\u2019or et d\u00e9croch\u00e9 le meilleur pointage du concours. Un \u0153nologue a fait encore mieux\u00a0: S\u00e9bastien Schwarz. Le responsable des vinifications du [&hellip;]","og_url":"https:\/\/thomasvino.ch\/?p=14461","og_site_name":"thomasvino","article_published_time":"2017-07-06T06:24:51+00:00","author":"Pierre Thomas","twitter_misc":{"\u00c9crit par":"Pierre Thomas","Dur\u00e9e de lecture estim\u00e9e":"2 minutes"},"schema":{"@context":"https:\/\/schema.org","@graph":[{"@type":"WebPage","@id":"https:\/\/thomasvino.ch\/?p=14461","url":"https:\/\/thomasvino.ch\/?p=14461","name":"Les assemblages rouges, champions genevois 2017 - thomasvino","isPartOf":{"@id":"https:\/\/thomasvino.ch\/#website"},"datePublished":"2017-07-06T06:24:51+00:00","dateModified":"2017-07-06T06:24:51+00:00","author":{"@id":"https:\/\/thomasvino.ch\/#\/schema\/person\/670bf4486fe81152cf1d68bd585e062e"},"breadcrumb":{"@id":"https:\/\/thomasvino.ch\/?p=14461#breadcrumb"},"inLanguage":"fr-FR","potentialAction":[{"@type":"ReadAction","target":["https:\/\/thomasvino.ch\/?p=14461"]}]},{"@type":"BreadcrumbList","@id":"https:\/\/thomasvino.ch\/?p=14461#breadcrumb","itemListElement":[{"@type":"ListItem","position":1,"name":"Accueil","item":"https:\/\/thomasvino.ch\/"},{"@type":"ListItem","position":2,"name":"Les assemblages rouges, champions genevois 2017"}]},{"@type":"WebSite","@id":"https:\/\/thomasvino.ch\/#website","url":"https:\/\/thomasvino.ch\/","name":"thomasvino","description":"Vins &amp; Gastronomie","potentialAction":[{"@type":"SearchAction","target":{"@type":"EntryPoint","urlTemplate":"https:\/\/thomasvino.ch\/?s={search_term_string}"},"query-input":"required name=search_term_string"}],"inLanguage":"fr-FR"},{"@type":"Person","@id":"https:\/\/thomasvino.ch\/#\/schema\/person\/670bf4486fe81152cf1d68bd585e062e","name":"Pierre Thomas","image":{"@type":"ImageObject","inLanguage":"fr-FR","@id":"https:\/\/thomasvino.ch\/#\/schema\/person\/image\/","url":"https:\/\/secure.gravatar.com\/avatar\/91fd5a76647f140e53db987a0dead4d7?s=96&d=mm&r=g","contentUrl":"https:\/\/secure.gravatar.com\/avatar\/91fd5a76647f140e53db987a0dead4d7?s=96&d=mm&r=g","caption":"Pierre Thomas"},"url":"https:\/\/thomasvino.ch\/?author=3"}]}},"jetpack_featured_media_url":"","jetpack_sharing_enabled":true,"jetpack_shortlink":"https:\/\/wp.me\/p3m4tZ-3Lf","jetpack_likes_enabled":false,"jetpack-related-posts":[{"id":9747,"url":"https:\/\/thomasvino.ch\/?p=9747","url_meta":{"origin":14461,"position":0},"title":"ns suisses \u2014 Au Concours mondial de Bruxelles: 20 m\u00e9dailles d&rsquo;or suisses","date":"29 avril 2006","format":false,"excerpt":"Vins suisses \u2014 Au 13\u00e8me Concours mondial de Bruxelles Vingt m\u00e9dailles d\u2019or pour la Suisse Sur plus de 5'000 vins pr\u00e9sent\u00e9s au jury du treizi\u00e8me Concours mondial de Bruxelles, qui s\u2019est tenu pour la premi\u00e8re fois de son histoire \u00e0 Lisbonne, quelque 190 provenaient de la Suisse. Ces vins se\u2026","rel":"","context":"Dans &quot;Actus - News&quot;","img":{"alt_text":"","src":"","width":0,"height":0},"classes":[]},{"id":11831,"url":"https:\/\/thomasvino.ch\/?p=11831","url_meta":{"origin":14461,"position":1},"title":"Vinalies de Paris  le retour des blancs gagnants","date":"10 mars 2014","format":false,"excerpt":"Du 1er au 5 mars, les Vinalies internationales se sont d\u00e9roul\u00e9es \u00e0 Paris. 3'503 vins \u00e9taient en comp\u00e9tion cette ann\u00e9e, dont une moiti\u00e9 de fran\u00e7ais (1578) et presque deux fois plus de suisses (197) que d'italiens. 15 m\u00e9dailles d\u2019or ont \u00e9t\u00e9 octroy\u00e9es \u00e0 des vins suisses, dont 11 pour des\u2026","rel":"","context":"Dans &quot;Actus - News&quot;","img":{"alt_text":"","src":"","width":0,"height":0},"classes":[]},{"id":14956,"url":"https:\/\/thomasvino.ch\/?p=14956","url_meta":{"origin":14461,"position":2},"title":"Vinalies 2018\u00a0: 11 m\u00e9dailles d\u2019or suisses","date":"9 mars 2018","format":false,"excerpt":"Les vins suisses pointaient au 5\u00e8me rang selon le nombre des vins participants aux Vinalies internationales de Paris, d\u00e9but mars. Ils ont d\u00e9croch\u00e9 11 m\u00e9dailles d\u2019or, valaisannes pour moiti\u00e9, et trois genevoises et deux vaudoises. 3470 vins ont particip\u00e9 au concours. Les vins rouges d\u2019assemblage et le gamaret ont particuli\u00e8rement\u2026","rel":"","context":"Dans &quot;Actus - News&quot;","img":{"alt_text":"","src":"","width":0,"height":0},"classes":[]},{"id":8731,"url":"https:\/\/thomasvino.ch\/?p=8731","url_meta":{"origin":14461,"position":3},"title":"Pluie d&rsquo;or au Concours Mondial de Bruxelles 2008","date":"28 avril 2008","format":false,"excerpt":"Concours Mondial de Bruxelles 2008Pluie d'or pour les vins suissesTrois grandes m\u00e9dailles d'or, vingt m\u00e9dailles d'or et une trentaine de m\u00e9dailles d'argent: tel est le palmar\u00e8s des vins suisses au Concours Mondial de Bruxelles, qui s'est jou\u00e9 fin avril \u00e0 Bordeaux. L'an prochain, la comp\u00e9tition, qui jauge pr\u00e8s de 6'000\u2026","rel":"","context":"Dans &quot;Actus - News&quot;","img":{"alt_text":"","src":"","width":0,"height":0},"classes":[]},{"id":17745,"url":"https:\/\/thomasvino.ch\/?p=17745","url_meta":{"origin":14461,"position":4},"title":"Concours mondial de Bruxelles 2022 \u2014 Le meilleur vin bio est un Cornalin du Valais","date":"1 juin 2022","format":false,"excerpt":"D\u00e9sormais r\u00e9parti en quatre concours distincts (ros\u00e9s, blancs et rouges, effervescents, liquoreux), en itin\u00e9rance dans quatre endroits diff\u00e9rents, le Concours Mondial de Bruxelles, qui s\u2019est d\u00e9roul\u00e9 du 19 au 21 mai en Calabre, \u00e0 Cosenza, a livr\u00e9 son verdict. Un vin rouge valaisan a \u00e9t\u00e9 sacr\u00e9\u00a0\u00abr\u00e9v\u00e9lation des vins bios\u00bb, avec\u2026","rel":"","context":"Dans &quot;Actus - News&quot;","img":{"alt_text":"","src":"","width":0,"height":0},"classes":[]},{"id":9230,"url":"https:\/\/thomasvino.ch\/?p=9230","url_meta":{"origin":14461,"position":5},"title":"Le Mondial du Pinot, une affaire tr\u00e8s valaisanne","date":"1 septembre 2011","format":false,"excerpt":"Mondial (ou Valaisan) du Pinot, \u00e0 Sierre Un ros\u00e9 vaudois en grand or La 14\u00e8me \u00e9dition du Mondial du Pinot (noir), ouvert au gris et au blanc, et aux ros\u00e9s, s\u2019est jou\u00e9e \u00e0 Sierre \u00e0 mi-ao\u00fbt et ses r\u00e9sultats n\u2019ont \u00e9t\u00e9 d\u00e9voil\u00e9s \u00e0 la presse que la veille de la\u2026","rel":"","context":"Dans &quot;Actus - News&quot;","img":{"alt_text":"","src":"","width":0,"height":0},"classes":[]}],"_links":{"self":[{"href":"https:\/\/thomasvino.ch\/index.php?rest_route=\/wp\/v2\/posts\/14461"}],"collection":[{"href":"https:\/\/thomasvino.ch\/index.php?rest_route=\/wp\/v2\/posts"}],"about":[{"href":"https:\/\/thomasvino.ch\/index.php?rest_route=\/wp\/v2\/types\/post"}],"author":[{"embeddable":true,"href":"https:\/\/thomasvino.ch\/index.php?rest_route=\/wp\/v2\/users\/3"}],"replies":[{"embeddable":true,"href":"https:\/\/thomasvino.ch\/index.php?rest_route=%2Fwp%2Fv2%2Fcomments&post=14461"}],"version-history":[{"count":0,"href":"https:\/\/thomasvino.ch\/index.php?rest_route=\/wp\/v2\/posts\/14461\/revisions"}],"wp:attachment":[{"href":"https:\/\/thomasvino.ch\/index.php?rest_route=%2Fwp%2Fv2%2Fmedia&parent=14461"}],"wp:term":[{"taxonomy":"category","embeddable":true,"href":"https:\/\/thomasvino.ch\/index.php?rest_route=%2Fwp%2Fv2%2Fcategories&post=14461"},{"taxonomy":"post_tag","embeddable":true,"href":"https:\/\/thomasvino.ch\/index.php?rest_route=%2Fwp%2Fv2%2Ftags&post=14461"}],"curies":[{"name":"wp","href":"https:\/\/api.w.org\/{rel}","templated":true}]}}