{"id":14612,"date":"2017-09-19T15:36:31","date_gmt":"2017-09-19T14:36:31","guid":{"rendered":"https:\/\/thomasvino.ch\/?p=14612"},"modified":"2017-09-19T15:36:31","modified_gmt":"2017-09-19T14:36:31","slug":"2018-annee-changement-lovv","status":"publish","type":"post","link":"https:\/\/thomasvino.ch\/?p=14612","title":{"rendered":"2018, ann\u00e9e du changement pour l&rsquo;OVV"},"content":{"rendered":"<p><strong>Dans un communiqu\u00e9 transmis le 19 septembre 2017, le pr\u00e9sident du comit\u00e9 de direction de l\u2019OVV, Pierre Keller, fait savoir qu&rsquo;il a <em>\u00abpris acte avec regret de la d\u00e9cision de Nicolas Joss de d\u00e9missionner de son poste de directeur\u00bb<\/em>. Il quittera l&rsquo;OVV \u00e0 fin f\u00e9vrier 2018, tandis que Pierre Keller devra renoncer \u00e0 son poste en 2018 \u00e9galement et qu&rsquo;il s&rsquo;agira de lui trouver un successeur \u00e0 la pr\u00e9sidence.<\/strong><\/p>\n<p>Nomm\u00e9 en septembre 2012 et dipl\u00f4m\u00e9 de l\u2019\u00c9cole H\u00f4teli\u00e8re de Gen\u00e8ve, <em>\u00abNicolas Joss a contribu\u00e9 \u00e0 assainir la situation financi\u00e8re de l\u2019OVV tout en restaurant une relation privil\u00e9gi\u00e9e avec les vignerons et en rendant l\u2019organisation plus performante\u00bb<\/em>, explique le communiqu\u00e9.\u00a0Nicolas Joss a \u00e9galement soutenu la politique de promotion plus ambitieuse de l&rsquo;OVV. Sous sa direction, l&rsquo;Office a renforc\u00e9 ses liens commerciaux avec le secteur H\u00f4tellerie-Restauration-Caf\u00e9s (HORECA), a positionn\u00e9 les Caves Ouvertes Vaudoises comme un \u00e9v\u00e9nement majeur de l&rsquo;oenotourisme suisse et a nou\u00e9 de nouveaux partenariats institutionnels.\u00a0Pour Pierre Keller, <em>\u00abNicolas Joss a parfaitement rempli ses fonctions comme directeur de l\u2019OVV et je tiens \u00e0 saluer la collaboration et la disponibilit\u00e9 dont il a toujours fait preuve depuis cinq ans. Je ne peux que lui souhaiter, au nom de tous les vignerons du canton, bonne chance dans la poursuite de sa carri\u00e8re ! \u00bb. <\/em>Et le communiqu\u00e9 de souligner: <em>\u00abSoucieux de ne pas perturber le bon fonctionnement de l&rsquo;OVV, Nicolas Joss a tenu \u00e0 respecter ses engagements et assumera par cons\u00e9quent ses fonctions jusqu\u2019au 28 f\u00e9vrier 2018. Le comit\u00e9 de direction lancera prochainement les diff\u00e9rentes d\u00e9marches n\u00e9cessaires pour lui trouver un successeur.\u00bb<\/em><\/p>\n<p><em>\u00a9thomasvino.ch<\/em><\/p>\n<p>&nbsp;<\/p>\n<p>&nbsp;<\/p>\n<p>&nbsp;<\/p>\n<p>&nbsp;<\/p>\n<p>&nbsp;<\/p>\n<p>&nbsp;<\/p>\n","protected":false},"excerpt":{"rendered":"<p>Dans un communiqu\u00e9 transmis le 19 septembre 2017, le pr\u00e9sident du comit\u00e9 de direction de l\u2019OVV, Pierre Keller, fait savoir qu&rsquo;il a \u00abpris acte avec regret de la d\u00e9cision de Nicolas Joss de d\u00e9missionner de son poste de directeur\u00bb. Il quittera l&rsquo;OVV \u00e0 fin f\u00e9vrier 2018, tandis que Pierre Keller devra renoncer \u00e0 son poste [&hellip;]<\/p>\n","protected":false},"author":3,"featured_media":0,"comment_status":"closed","ping_status":"open","sticky":false,"template":"","format":"standard","meta":{"_monsterinsights_skip_tracking":false,"_monsterinsights_sitenote_active":false,"_monsterinsights_sitenote_note":"","_monsterinsights_sitenote_category":0,"jetpack_post_was_ever_published":false,"jetpack_publicize_message":"","jetpack_is_tweetstorm":false,"jetpack_publicize_feature_enabled":true,"jetpack_social_post_already_shared":true,"jetpack_social_options":{"image_generator_settings":{"template":"highway","enabled":false}}},"categories":[15],"tags":[],"jetpack_publicize_connections":[],"yoast_head":"<!-- This site is optimized with the Yoast SEO plugin v20.6 - https:\/\/yoast.com\/wordpress\/plugins\/seo\/ -->\n<title>2018, ann\u00e9e du changement pour l&#039;OVV - thomasvino<\/title>\n<meta name=\"robots\" content=\"index, follow, max-snippet:-1, max-image-preview:large, max-video-preview:-1\" \/>\n<link rel=\"canonical\" href=\"https:\/\/thomasvino.ch\/?p=14612\" \/>\n<meta property=\"og:locale\" content=\"fr_FR\" \/>\n<meta property=\"og:type\" content=\"article\" \/>\n<meta property=\"og:title\" content=\"2018, ann\u00e9e du changement pour l&#039;OVV - thomasvino\" \/>\n<meta property=\"og:description\" content=\"Dans un communiqu\u00e9 transmis le 19 septembre 2017, le pr\u00e9sident du comit\u00e9 de direction de l\u2019OVV, Pierre Keller, fait savoir qu&rsquo;il a \u00abpris acte avec regret de la d\u00e9cision de Nicolas Joss de d\u00e9missionner de son poste de directeur\u00bb. Il quittera l&rsquo;OVV \u00e0 fin f\u00e9vrier 2018, tandis que Pierre Keller devra renoncer \u00e0 son poste [&hellip;]\" \/>\n<meta property=\"og:url\" content=\"https:\/\/thomasvino.ch\/?p=14612\" \/>\n<meta property=\"og:site_name\" content=\"thomasvino\" \/>\n<meta property=\"article:published_time\" content=\"2017-09-19T14:36:31+00:00\" \/>\n<meta name=\"author\" content=\"Pierre Thomas\" \/>\n<meta name=\"twitter:label1\" content=\"\u00c9crit par\" \/>\n\t<meta name=\"twitter:data1\" content=\"Pierre Thomas\" \/>\n\t<meta name=\"twitter:label2\" content=\"Dur\u00e9e de lecture estim\u00e9e\" \/>\n\t<meta name=\"twitter:data2\" content=\"1 minute\" \/>\n<script type=\"application\/ld+json\" class=\"yoast-schema-graph\">{\"@context\":\"https:\/\/schema.org\",\"@graph\":[{\"@type\":\"WebPage\",\"@id\":\"https:\/\/thomasvino.ch\/?p=14612\",\"url\":\"https:\/\/thomasvino.ch\/?p=14612\",\"name\":\"2018, ann\u00e9e du changement pour l'OVV - thomasvino\",\"isPartOf\":{\"@id\":\"https:\/\/thomasvino.ch\/#website\"},\"datePublished\":\"2017-09-19T14:36:31+00:00\",\"dateModified\":\"2017-09-19T14:36:31+00:00\",\"author\":{\"@id\":\"https:\/\/thomasvino.ch\/#\/schema\/person\/670bf4486fe81152cf1d68bd585e062e\"},\"breadcrumb\":{\"@id\":\"https:\/\/thomasvino.ch\/?p=14612#breadcrumb\"},\"inLanguage\":\"fr-FR\",\"potentialAction\":[{\"@type\":\"ReadAction\",\"target\":[\"https:\/\/thomasvino.ch\/?p=14612\"]}]},{\"@type\":\"BreadcrumbList\",\"@id\":\"https:\/\/thomasvino.ch\/?p=14612#breadcrumb\",\"itemListElement\":[{\"@type\":\"ListItem\",\"position\":1,\"name\":\"Accueil\",\"item\":\"https:\/\/thomasvino.ch\/\"},{\"@type\":\"ListItem\",\"position\":2,\"name\":\"2018, ann\u00e9e du changement pour l&rsquo;OVV\"}]},{\"@type\":\"WebSite\",\"@id\":\"https:\/\/thomasvino.ch\/#website\",\"url\":\"https:\/\/thomasvino.ch\/\",\"name\":\"thomasvino\",\"description\":\"Vins &amp; Gastronomie\",\"potentialAction\":[{\"@type\":\"SearchAction\",\"target\":{\"@type\":\"EntryPoint\",\"urlTemplate\":\"https:\/\/thomasvino.ch\/?s={search_term_string}\"},\"query-input\":\"required name=search_term_string\"}],\"inLanguage\":\"fr-FR\"},{\"@type\":\"Person\",\"@id\":\"https:\/\/thomasvino.ch\/#\/schema\/person\/670bf4486fe81152cf1d68bd585e062e\",\"name\":\"Pierre Thomas\",\"image\":{\"@type\":\"ImageObject\",\"inLanguage\":\"fr-FR\",\"@id\":\"https:\/\/thomasvino.ch\/#\/schema\/person\/image\/\",\"url\":\"https:\/\/secure.gravatar.com\/avatar\/91fd5a76647f140e53db987a0dead4d7?s=96&d=mm&r=g\",\"contentUrl\":\"https:\/\/secure.gravatar.com\/avatar\/91fd5a76647f140e53db987a0dead4d7?s=96&d=mm&r=g\",\"caption\":\"Pierre Thomas\"},\"url\":\"https:\/\/thomasvino.ch\/?author=3\"}]}<\/script>\n<!-- \/ Yoast SEO plugin. -->","yoast_head_json":{"title":"2018, ann\u00e9e du changement pour l'OVV - thomasvino","robots":{"index":"index","follow":"follow","max-snippet":"max-snippet:-1","max-image-preview":"max-image-preview:large","max-video-preview":"max-video-preview:-1"},"canonical":"https:\/\/thomasvino.ch\/?p=14612","og_locale":"fr_FR","og_type":"article","og_title":"2018, ann\u00e9e du changement pour l'OVV - thomasvino","og_description":"Dans un communiqu\u00e9 transmis le 19 septembre 2017, le pr\u00e9sident du comit\u00e9 de direction de l\u2019OVV, Pierre Keller, fait savoir qu&rsquo;il a \u00abpris acte avec regret de la d\u00e9cision de Nicolas Joss de d\u00e9missionner de son poste de directeur\u00bb. Il quittera l&rsquo;OVV \u00e0 fin f\u00e9vrier 2018, tandis que Pierre Keller devra renoncer \u00e0 son poste [&hellip;]","og_url":"https:\/\/thomasvino.ch\/?p=14612","og_site_name":"thomasvino","article_published_time":"2017-09-19T14:36:31+00:00","author":"Pierre Thomas","twitter_misc":{"\u00c9crit par":"Pierre Thomas","Dur\u00e9e de lecture estim\u00e9e":"1 minute"},"schema":{"@context":"https:\/\/schema.org","@graph":[{"@type":"WebPage","@id":"https:\/\/thomasvino.ch\/?p=14612","url":"https:\/\/thomasvino.ch\/?p=14612","name":"2018, ann\u00e9e du changement pour l'OVV - thomasvino","isPartOf":{"@id":"https:\/\/thomasvino.ch\/#website"},"datePublished":"2017-09-19T14:36:31+00:00","dateModified":"2017-09-19T14:36:31+00:00","author":{"@id":"https:\/\/thomasvino.ch\/#\/schema\/person\/670bf4486fe81152cf1d68bd585e062e"},"breadcrumb":{"@id":"https:\/\/thomasvino.ch\/?p=14612#breadcrumb"},"inLanguage":"fr-FR","potentialAction":[{"@type":"ReadAction","target":["https:\/\/thomasvino.ch\/?p=14612"]}]},{"@type":"BreadcrumbList","@id":"https:\/\/thomasvino.ch\/?p=14612#breadcrumb","itemListElement":[{"@type":"ListItem","position":1,"name":"Accueil","item":"https:\/\/thomasvino.ch\/"},{"@type":"ListItem","position":2,"name":"2018, ann\u00e9e du changement pour l&rsquo;OVV"}]},{"@type":"WebSite","@id":"https:\/\/thomasvino.ch\/#website","url":"https:\/\/thomasvino.ch\/","name":"thomasvino","description":"Vins &amp; Gastronomie","potentialAction":[{"@type":"SearchAction","target":{"@type":"EntryPoint","urlTemplate":"https:\/\/thomasvino.ch\/?s={search_term_string}"},"query-input":"required name=search_term_string"}],"inLanguage":"fr-FR"},{"@type":"Person","@id":"https:\/\/thomasvino.ch\/#\/schema\/person\/670bf4486fe81152cf1d68bd585e062e","name":"Pierre Thomas","image":{"@type":"ImageObject","inLanguage":"fr-FR","@id":"https:\/\/thomasvino.ch\/#\/schema\/person\/image\/","url":"https:\/\/secure.gravatar.com\/avatar\/91fd5a76647f140e53db987a0dead4d7?s=96&d=mm&r=g","contentUrl":"https:\/\/secure.gravatar.com\/avatar\/91fd5a76647f140e53db987a0dead4d7?s=96&d=mm&r=g","caption":"Pierre Thomas"},"url":"https:\/\/thomasvino.ch\/?author=3"}]}},"jetpack_featured_media_url":"","jetpack_sharing_enabled":true,"jetpack_shortlink":"https:\/\/wp.me\/p3m4tZ-3NG","jetpack_likes_enabled":false,"jetpack-related-posts":[{"id":9427,"url":"https:\/\/thomasvino.ch\/?p=9427","url_meta":{"origin":14612,"position":0},"title":"Directeur nomm\u00e9 \u00e0 l&rsquo;OVV","date":"24 ao\u00fbt 2012","format":false,"excerpt":"OVV: un directeur vaudois de\u00a0 30 ans Le comit\u00e9 de l\u2019Office des vins vaudois, pr\u00e9sid\u00e9 par Pierre Keller, a nomm\u00e9 un directeur, Nicolas Joss, 30 ans, de formation h\u00f4teli\u00e8re, comme son pr\u00e9d\u00e9cesseur d\u00e9missionnaire, Nicolas Schorderet. Il \u00e9tait jusqu\u2019\u00e0 ce printemps directeur des achats du Lausanne-Palace & Spa. Le nouveau directeur\u2026","rel":"","context":"Dans &quot;Actus - News&quot;","img":{"alt_text":"","src":"","width":0,"height":0},"classes":[]},{"id":9430,"url":"https:\/\/thomasvino.ch\/?p=9430","url_meta":{"origin":14612,"position":1},"title":"Un jeune tandem nomm\u00e9 \u00e0 l&rsquo;Office des vins vaudois","date":"30 ao\u00fbt 2012","format":false,"excerpt":"Ils seront une paire, totalisant moins de 60 ans \u00e0 eux deux, nomm\u00e9s \u00e0 la t\u00eate de l\u2019Office des vins vaudois (OVV). Le Vaudois du Chablais Nicolas Joss, 30 ans (photo ci-dessous), directeur sortant des achats du Lausanne Palace & Spa, succ\u00e8dera donc \u00e0 Nicolas Schorderet, d\u00e8s le 3 septembre.\u2026","rel":"","context":"Dans &quot;Vins suisses&quot;","img":{"alt_text":"site_ovv_Nicolas_Jossjpg.jpg","src":"img\/site_ovv_Nicolas_Jossjpg.jpg","width":350,"height":200},"classes":[]},{"id":14816,"url":"https:\/\/thomasvino.ch\/?p=14816","url_meta":{"origin":14612,"position":2},"title":"Jean-Claude Biver, commandeur de l\u2019OVV","date":"22 d\u00e9cembre 2017","format":false,"excerpt":"C\u2019est par une matin\u00e9e fra\u00eeche et grise de fin d\u00e9cembre que Jean-Claude Biver, pr\u00e9sident d\u2019Hublot et pr\u00e9sident de la division montres du groupe de luxe LVMH, a \u00e9t\u00e9 accueilli dans la confr\u00e9rie des commandeurs de l\u2019Office des vins vaudois. Petite c\u00e9r\u00e9monie pleine d\u2019\u00e9motion, sur la terrasse, v\u00e9ritable balcon sur Lavaux,\u2026","rel":"","context":"Dans &quot;Actus - News&quot;","img":{"alt_text":"","src":"https:\/\/i0.wp.com\/thomasvino.ch\/wp-content\/uploads\/2017\/12\/site_biverOVV-300x200.jpg?resize=350%2C200&ssl=1","width":350,"height":200},"classes":[]},{"id":9406,"url":"https:\/\/thomasvino.ch\/?p=9406","url_meta":{"origin":14612,"position":3},"title":"L&rsquo;OVV change de case (postale)","date":"2 juillet 2012","format":false,"excerpt":"Le futur directeur de l\u2019OVV change de case (postale) Entr\u00e9 en fonction il y a trois ans, le \u00absecr\u00e9taire g\u00e9n\u00e9ral\u00bb de l\u2019Office des vins vaudois (OVV), Nicolas Schorderet, a d\u00e9cid\u00e9 de quitter son poste au 31 ao\u00fbt. Pour lui succ\u00e8der, l\u2019OVV cherche un \u00abdirecteur\u00bb ou une \u00abdirectrice\u00bb. Non pas log\u00e9e\u2026","rel":"","context":"Dans &quot;Tendance&quot;","img":{"alt_text":"","src":"","width":0,"height":0},"classes":[]},{"id":15691,"url":"https:\/\/thomasvino.ch\/?p=15691","url_meta":{"origin":14612,"position":4},"title":"Vins suisses: Nicolas Joss, nomm\u00e9 directeur de SWP","date":"5 avril 2019","format":false,"excerpt":"Le successeur du Valaisan Jean-Marc Amez-Droz, 65 ans, \u00e0 la t\u00eate de la promotion des vins suisses (Swiss Wine Promotion \u2013 SWP) est connu. Le Vaudois Nicolas Joss, 37 ans, entrera en fonction le 1erjuillet, \u00e0 Berne. Et SWP va devoir se trouver un nouveau pr\u00e9sident: le Fribourgeois Pierre-Alain Morard\u2026","rel":"","context":"Dans &quot;Actus - News&quot;","img":{"alt_text":"","src":"","width":0,"height":0},"classes":[]},{"id":9110,"url":"https:\/\/thomasvino.ch\/?p=9110","url_meta":{"origin":14612,"position":5},"title":"Les vins vaudois vont au-devant du client","date":"16 d\u00e9cembre 2010","format":false,"excerpt":"Les vins vaudois vont vers les cafetiers Plut\u00f4t que d\u2019attendre que les restaurateurs et h\u00f4teliers vaudois viennent \u00e0 eux, les vins vaudois vont \u00e0 leur rencontre. Une d\u00e9marche originale, par l\u2019exemple. Pierre Thomas Secr\u00e9taire g\u00e9n\u00e9ral de l\u2019Office des vins vaudois (OVV), Nicolas Schorderet est un ancien de l\u2019Ecole h\u00f4teli\u00e8re de\u2026","rel":"","context":"Dans &quot;Tendance&quot;","img":{"alt_text":"sit_ovv_schordkel.jpg","src":"img\/sit_ovv_schordkel.jpg","width":350,"height":200},"classes":[]}],"_links":{"self":[{"href":"https:\/\/thomasvino.ch\/index.php?rest_route=\/wp\/v2\/posts\/14612"}],"collection":[{"href":"https:\/\/thomasvino.ch\/index.php?rest_route=\/wp\/v2\/posts"}],"about":[{"href":"https:\/\/thomasvino.ch\/index.php?rest_route=\/wp\/v2\/types\/post"}],"author":[{"embeddable":true,"href":"https:\/\/thomasvino.ch\/index.php?rest_route=\/wp\/v2\/users\/3"}],"replies":[{"embeddable":true,"href":"https:\/\/thomasvino.ch\/index.php?rest_route=%2Fwp%2Fv2%2Fcomments&post=14612"}],"version-history":[{"count":0,"href":"https:\/\/thomasvino.ch\/index.php?rest_route=\/wp\/v2\/posts\/14612\/revisions"}],"wp:attachment":[{"href":"https:\/\/thomasvino.ch\/index.php?rest_route=%2Fwp%2Fv2%2Fmedia&parent=14612"}],"wp:term":[{"taxonomy":"category","embeddable":true,"href":"https:\/\/thomasvino.ch\/index.php?rest_route=%2Fwp%2Fv2%2Fcategories&post=14612"},{"taxonomy":"post_tag","embeddable":true,"href":"https:\/\/thomasvino.ch\/index.php?rest_route=%2Fwp%2Fv2%2Ftags&post=14612"}],"curies":[{"name":"wp","href":"https:\/\/api.w.org\/{rel}","templated":true}]}}