{"id":14638,"date":"2017-12-06T13:33:16","date_gmt":"2017-12-06T12:33:16","guid":{"rendered":"https:\/\/thomasvino.ch\/?p=14638"},"modified":"2017-12-06T13:33:45","modified_gmt":"2017-12-06T12:33:45","slug":"clos-de-tsampehro-atteint-vitesse-de-croisiere","status":"publish","type":"post","link":"https:\/\/thomasvino.ch\/?p=14638","title":{"rendered":"Le Clos de Tsamp\u00e9hro se renforce"},"content":{"rendered":"<p><strong>La d\u00e9marche est rarissime en Suisse\u00a0: quatre partenaires ont reconstitu\u00e9 un petit domaine viticole valaisan de 3 hectares pour en tirer le meilleur, valoris\u00e9 au plus haut prix, sur le long terme. Pour la premi\u00e8re fois, en 2017, la \u00abvitesse de croisi\u00e8re\u00bb des 10&rsquo;000 bouteilles est atteinte. Le Clos de Tsamp\u00e9hro figure dans les <a href=\"https:\/\/thomasvino.ch\/?p=14546\">100 meilleurs vignerons suisses<\/a> (GaultMillau). Et vient de se renforcer avec l&rsquo;arriv\u00e9e de Johanna Dayer, <em>ex-Electus<\/em>.<\/strong><\/p>\n<p><em>Par Pierre Thomas, texte et photos<\/em><\/p>\n<p>Sans le Genevois <strong>Christian Gellerstad<\/strong>, 50 ans, membre du comit\u00e9 de direction de la Banque Pictet &amp; Cie, le projet du Clos de Tsamp\u00e9hro n\u2019aurait pu voir le jour. Il a permis \u00e0 ses associ\u00e9s, le vigneron <strong>Jo\u00ebl Briguet<\/strong>, de la Cave La Romaine, \u00e0 Flanthey, son jeune \u0153nologue <strong>Vincent Tenud<\/strong>, et l\u2019\u0153nologue et communicateur <strong>Emmanuel Charpin<\/strong>, de r\u00e9aliser leur r\u00eave\u00a0: proposer le <em>\u00abnec plus ultra\u00bb<\/em>, du raisin au verre. Ce dernier, qui s&rsquo;\u00e9tait d\u00e9j\u00e0 occup\u00e9 de l&rsquo;Oenoth\u00e8que du Ch\u00e2teau de Villa, \u00e0 Sierre, y est retourn\u00e9 r\u00e9cemment. Ses activit\u00e9s de communication et d&rsquo;organisation de d\u00e9gustations ont \u00e9t\u00e9 reprises par <strong>Johanna Dayer<\/strong>, dipl\u00f4m\u00e9e de l&rsquo;Ecole h\u00f4teli\u00e8re de Lausanne (EHL), qui se pr\u00e9pare au titre de Master of Wine. La jeune Valaisanne est surtout un transfuge du projet <strong><a href=\"https:\/\/thomasvino.ch\/?p=14540\">haut de gamme de Provins, Electus<\/a><\/strong>.<\/p>\n<div id=\"attachment_14639\" style=\"width: 310px\" class=\"wp-caption alignleft\"><a href=\"https:\/\/thomasvino.ch\/?attachment_id=14639\" rel=\"attachment wp-att-14639\"><img aria-describedby=\"caption-attachment-14639\" data-attachment-id=\"14639\" data-permalink=\"https:\/\/thomasvino.ch\/?attachment_id=14639\" data-orig-file=\"https:\/\/i0.wp.com\/thomasvino.ch\/wp-content\/uploads\/2017\/10\/tsamph3.jpg?fit=3044%2C1849&amp;ssl=1\" data-orig-size=\"3044,1849\" data-comments-opened=\"0\" data-image-meta=\"{&quot;aperture&quot;:&quot;2.4&quot;,&quot;credit&quot;:&quot;&quot;,&quot;camera&quot;:&quot;iPhone 4S&quot;,&quot;caption&quot;:&quot;&quot;,&quot;created_timestamp&quot;:&quot;1383569539&quot;,&quot;copyright&quot;:&quot;&quot;,&quot;focal_length&quot;:&quot;4.28&quot;,&quot;iso&quot;:&quot;800&quot;,&quot;shutter_speed&quot;:&quot;0.066666666666667&quot;,&quot;title&quot;:&quot;&quot;,&quot;orientation&quot;:&quot;1&quot;}\" data-image-title=\"tsamph3\" data-image-description=\"\" data-image-caption=\"&lt;p&gt;Les cuves tronconiques pour la vinification de l&amp;rsquo;assemblage rouge.&lt;\/p&gt;\n\" data-medium-file=\"https:\/\/i0.wp.com\/thomasvino.ch\/wp-content\/uploads\/2017\/10\/tsamph3.jpg?fit=300%2C182&amp;ssl=1\" data-large-file=\"https:\/\/i0.wp.com\/thomasvino.ch\/wp-content\/uploads\/2017\/10\/tsamph3.jpg?fit=1024%2C622&amp;ssl=1\" loading=\"lazy\" class=\"size-medium wp-image-14639\" src=\"https:\/\/i0.wp.com\/thomasvino.ch\/wp-content\/uploads\/2017\/10\/tsamph3.jpg?resize=300%2C182&#038;ssl=1\" alt=\"\" width=\"300\" height=\"182\" srcset=\"https:\/\/i0.wp.com\/thomasvino.ch\/wp-content\/uploads\/2017\/10\/tsamph3.jpg?resize=300%2C182&amp;ssl=1 300w, https:\/\/i0.wp.com\/thomasvino.ch\/wp-content\/uploads\/2017\/10\/tsamph3.jpg?resize=768%2C467&amp;ssl=1 768w, https:\/\/i0.wp.com\/thomasvino.ch\/wp-content\/uploads\/2017\/10\/tsamph3.jpg?resize=1024%2C622&amp;ssl=1 1024w, https:\/\/i0.wp.com\/thomasvino.ch\/wp-content\/uploads\/2017\/10\/tsamph3.jpg?w=2000&amp;ssl=1 2000w, https:\/\/i0.wp.com\/thomasvino.ch\/wp-content\/uploads\/2017\/10\/tsamph3.jpg?w=3000&amp;ssl=1 3000w\" sizes=\"(max-width: 300px) 100vw, 300px\" data-recalc-dims=\"1\" \/><\/a><p id=\"caption-attachment-14639\" class=\"wp-caption-text\"><em>Les cuves tronconiques pour la vinification de l&rsquo;assemblage rouge.<\/em><\/p><\/div>\n<p>Le Clos Tsamp\u00e9hro, lanc\u00e9 avec le mill\u00e9sime 2011, apr\u00e8s le rachat, parcelles par parcelles de ces 3 hectares de vignes d\u2019un seul tenant, atteint sa vitesse de croisi\u00e8re avec l\u2019exercice V (cinq en chiffre romain). Il tourne sur trois vins de base\u00a0: 1500 bouteilles d\u2019un vin mousseux brut original (pinot noir, chardonnay, petite arvine, bient\u00f4t 44 mois sur lattes, \u00e0 38 fr. la bouteille), 1500 bouteilles de blanc, assemblage de pa\u00efen (70%) et de r\u00e8ze, le rare c\u00e9page sierrois, vinifi\u00e9 en barriques (\u00e0 44 fr.) et 6000 bouteilles de rouge, le vin le plus ambitieux, le plus produit, mais le plus cher aussi (\u00e0 79 fr. la bouteille).<\/p>\n<h3>Un solide assemblage rouge<\/h3>\n<p>Avec le V, le rouge atteint pour la premi\u00e8re fois ce volume. La cuv\u00e9e du remarquable mill\u00e9sime 2015 est compos\u00e9e d\u2019un tiers de cornalin, d\u2019un tiers de merlot et d\u2019un tiers de cabernets sauvignon et franc. <em>\u00abChaque c\u00e9page est vinifi\u00e9 s\u00e9par\u00e9ment en cuve bois tronconique, sauf les cabernets qui fermentent ensemble. Ensuite, ils sont \u00e9lev\u00e9s en barriques durant plus de 20 mois. Nous voulons faire un vin de longue garde, voil\u00e0 pourquoi, \u00e0 c\u00f4t\u00e9 du cornalin, qui apporte les ar\u00f4mes fruit\u00e9s, il faut la structure des cabernets, alli\u00e9e \u00e0 la plasticit\u00e9 du merlot, qui donne du volume\u00bb<\/em>, nous expliquait l\u2019\u0153nologue <strong>Emmanuel Charpin.<\/strong><\/p>\n<p>Jusqu\u2019ici, les quantit\u00e9s produites ont \u00e9t\u00e9 vendues sans probl\u00e8me. \u00abLes restaurants \u00e9toil\u00e9s commencent \u00e0 nous conna\u00eetre et r\u00e9servent leurs allocations. Nous avons quelques revendeurs connus (Cave SA \u00e0 Gland, Granch\u00e2teaux SA \u00e0 La Conversion, etc.) et pas de structure de vente propre. La moiti\u00e9 des vins sont \u00e9coul\u00e9s par Internet, par souscription, au printemps de l\u2019ann\u00e9e o\u00f9 ils sont mis en vente, avant m\u00eame d\u2019\u00eatre embouteill\u00e9s.\u00bb En novembre, une d\u00e9gustation \u00e0 la cave attire le gratin des sommeliers suisses et permet de juger des vins d\u00e9j\u00e0 en bouteilles, et dont certains sont d\u00e9j\u00e0 \u00e9puis\u00e9s. Ainsi en ira-t-il du rare Completer, une barrique de 2014, vendue \u00e0 98 francs l\u2019une des 300 bouteilles.<\/p>\n<h3>L&rsquo;urgence incompatible avec la garde<\/h3>\n<div id=\"attachment_14640\" style=\"width: 310px\" class=\"wp-caption alignleft\"><a href=\"https:\/\/thomasvino.ch\/?attachment_id=14640\" rel=\"attachment wp-att-14640\"><img aria-describedby=\"caption-attachment-14640\" data-attachment-id=\"14640\" data-permalink=\"https:\/\/thomasvino.ch\/?attachment_id=14640\" data-orig-file=\"https:\/\/i0.wp.com\/thomasvino.ch\/wp-content\/uploads\/2017\/10\/tsamph2.jpg?fit=3264%2C2448&amp;ssl=1\" data-orig-size=\"3264,2448\" data-comments-opened=\"0\" data-image-meta=\"{&quot;aperture&quot;:&quot;2.4&quot;,&quot;credit&quot;:&quot;&quot;,&quot;camera&quot;:&quot;iPhone 4S&quot;,&quot;caption&quot;:&quot;&quot;,&quot;created_timestamp&quot;:&quot;1383569499&quot;,&quot;copyright&quot;:&quot;&quot;,&quot;focal_length&quot;:&quot;4.28&quot;,&quot;iso&quot;:&quot;400&quot;,&quot;shutter_speed&quot;:&quot;0.05&quot;,&quot;title&quot;:&quot;&quot;,&quot;orientation&quot;:&quot;1&quot;}\" data-image-title=\"tsamph2\" data-image-description=\"\" data-image-caption=\"&lt;p&gt;Le chai \u00e0 barriques, \u00e0 Flanthey, sous le toit commun \u00e0 la Cave La Romaine.&lt;\/p&gt;\n\" data-medium-file=\"https:\/\/i0.wp.com\/thomasvino.ch\/wp-content\/uploads\/2017\/10\/tsamph2.jpg?fit=300%2C225&amp;ssl=1\" data-large-file=\"https:\/\/i0.wp.com\/thomasvino.ch\/wp-content\/uploads\/2017\/10\/tsamph2.jpg?fit=1024%2C768&amp;ssl=1\" loading=\"lazy\" class=\"size-medium wp-image-14640\" src=\"https:\/\/i0.wp.com\/thomasvino.ch\/wp-content\/uploads\/2017\/10\/tsamph2.jpg?resize=300%2C225&#038;ssl=1\" alt=\"\" width=\"300\" height=\"225\" srcset=\"https:\/\/i0.wp.com\/thomasvino.ch\/wp-content\/uploads\/2017\/10\/tsamph2.jpg?resize=300%2C225&amp;ssl=1 300w, https:\/\/i0.wp.com\/thomasvino.ch\/wp-content\/uploads\/2017\/10\/tsamph2.jpg?resize=768%2C576&amp;ssl=1 768w, https:\/\/i0.wp.com\/thomasvino.ch\/wp-content\/uploads\/2017\/10\/tsamph2.jpg?resize=1024%2C768&amp;ssl=1 1024w, https:\/\/i0.wp.com\/thomasvino.ch\/wp-content\/uploads\/2017\/10\/tsamph2.jpg?w=2000&amp;ssl=1 2000w, https:\/\/i0.wp.com\/thomasvino.ch\/wp-content\/uploads\/2017\/10\/tsamph2.jpg?w=3000&amp;ssl=1 3000w\" sizes=\"(max-width: 300px) 100vw, 300px\" data-recalc-dims=\"1\" \/><\/a><p id=\"caption-attachment-14640\" class=\"wp-caption-text\"><em>Le chai \u00e0 barriques, \u00e0 Flanthey, sous le toit commun \u00e0 la Cave La Romaine.<\/em><\/p><\/div>\n<p>Question finance, chaque franc a \u00e9t\u00e9 r\u00e9investi et aucun profit n\u2019est pr\u00e9vu avant 2021 et au-del\u00e0. <em>\u00abGr\u00e2ce \u00e0 notre associ\u00e9 et ami genevois, nous n\u2019avons aucune pression bancaire. A part le travail factur\u00e9 \u00e0 fa\u00e7on, les associ\u00e9s ne sont pas r\u00e9tribu\u00e9s, mis \u00e0 part un bon repas par an\u00a0!\u00bb<\/em>, confiait\u00a0<strong>Emmanuel Charpin<\/strong>. Hormis cette forme de m\u00e9cenat au service d\u2019une passion, un tel <em>\u00abbusiness mod\u00e8le\u00bb<\/em> est difficilement envisageable. Pour atteindre une rentabilit\u00e9 coh\u00e9rente, il faudrait que la notori\u00e9t\u00e9 des vins de garde suisses autorise un roulement plus lent\u00a0: <em>\u00abNous vendons nos vins, certes avec deux ans de d\u00e9calage par rapport \u00e0 la vendange. Mais nous voulons que notre vin de garde soit bu \u00e0 son apog\u00e9e. L\u2019id\u00e9al serait de pouvoir le mettre sur le march\u00e9 avec deux ou trois ann\u00e9es de d\u00e9calage suppl\u00e9mentaires, notamment pour \u00e9viter que les mill\u00e9simes r\u00e9cents soient bus au restaurant\u00a0!\u00bb<\/em> expliquait\u00a0<strong>Emmanuel Charpin<\/strong>. Il r\u00eave aussi de f\u00e9d\u00e9rer les producteurs de grands flacons valaisans et de pouvoir proposer une <em>\u00abcaisse de douze supervalaisans\u00bb<\/em> dans chaque mill\u00e9sime. Les Grisons de Vinotiv le font depuis vingt ans avec leur pinot noir, la Baronnie du D\u00e9zaley, avec ses chasselas et un n\u00e9gociant bordelais, avec les neuf 1ers Crus Class\u00e9s de 1855 \u2014 la caisse propos\u00e9e en primeurs sur le mill\u00e9sime 2016 est \u00e0 7\u2019800 francs suisses. Quant aux <em>\u00absupervalaisans\u00bb<\/em>, ils renvoient aux\u00a0<em>\u00absupertoscans\u00bb<\/em> (Ornellaia, Sassicaia, Solaia) qui ont tir\u00e9 vers le haut de gamme les vins italiens. Il y a 50 ans, \u00e0 la fin du si\u00e8cle pass\u00e9.<\/p>\n<p><em>\u00a9thomasvino.ch<\/em><\/p>\n<p>&nbsp;<\/p>\n<p>&nbsp;<\/p>\n","protected":false},"excerpt":{"rendered":"<p>La d\u00e9marche est rarissime en Suisse\u00a0: quatre partenaires ont reconstitu\u00e9 un petit domaine viticole valaisan de 3 hectares pour en tirer le meilleur, valoris\u00e9 au plus haut prix, sur le long terme. Pour la premi\u00e8re fois, en 2017, la \u00abvitesse de croisi\u00e8re\u00bb des 10&rsquo;000 bouteilles est atteinte. Le Clos de Tsamp\u00e9hro figure dans les 100 [&hellip;]<\/p>\n","protected":false},"author":3,"featured_media":0,"comment_status":"closed","ping_status":"open","sticky":false,"template":"","format":"standard","meta":{"_monsterinsights_skip_tracking":false,"_monsterinsights_sitenote_active":false,"_monsterinsights_sitenote_note":"","_monsterinsights_sitenote_category":0,"jetpack_post_was_ever_published":false,"jetpack_publicize_message":"","jetpack_is_tweetstorm":false,"jetpack_publicize_feature_enabled":true,"jetpack_social_post_already_shared":true,"jetpack_social_options":{"image_generator_settings":{"template":"highway","enabled":false}}},"categories":[3],"tags":[],"jetpack_publicize_connections":[],"yoast_head":"<!-- This site is optimized with the Yoast SEO plugin v20.6 - https:\/\/yoast.com\/wordpress\/plugins\/seo\/ -->\n<title>Le Clos de Tsamp\u00e9hro se renforce - thomasvino<\/title>\n<meta name=\"robots\" content=\"index, follow, max-snippet:-1, max-image-preview:large, max-video-preview:-1\" \/>\n<link rel=\"canonical\" href=\"https:\/\/thomasvino.ch\/?p=14638\" \/>\n<meta property=\"og:locale\" content=\"fr_FR\" \/>\n<meta property=\"og:type\" content=\"article\" \/>\n<meta property=\"og:title\" content=\"Le Clos de Tsamp\u00e9hro se renforce - thomasvino\" \/>\n<meta property=\"og:description\" content=\"La d\u00e9marche est rarissime en Suisse\u00a0: quatre partenaires ont reconstitu\u00e9 un petit domaine viticole valaisan de 3 hectares pour en tirer le meilleur, valoris\u00e9 au plus haut prix, sur le long terme. Pour la premi\u00e8re fois, en 2017, la \u00abvitesse de croisi\u00e8re\u00bb des 10&rsquo;000 bouteilles est atteinte. Le Clos de Tsamp\u00e9hro figure dans les 100 [&hellip;]\" \/>\n<meta property=\"og:url\" content=\"https:\/\/thomasvino.ch\/?p=14638\" \/>\n<meta property=\"og:site_name\" content=\"thomasvino\" \/>\n<meta property=\"article:published_time\" content=\"2017-12-06T12:33:16+00:00\" \/>\n<meta property=\"article:modified_time\" content=\"2017-12-06T12:33:45+00:00\" \/>\n<meta property=\"og:image\" content=\"https:\/\/thomasvino.ch\/wp-content\/uploads\/2017\/10\/tsamph3-300x182.jpg\" \/>\n<meta name=\"author\" content=\"Pierre Thomas\" \/>\n<meta name=\"twitter:label1\" content=\"\u00c9crit par\" \/>\n\t<meta name=\"twitter:data1\" content=\"Pierre Thomas\" \/>\n\t<meta name=\"twitter:label2\" content=\"Dur\u00e9e de lecture estim\u00e9e\" \/>\n\t<meta name=\"twitter:data2\" content=\"4 minutes\" \/>\n<script type=\"application\/ld+json\" class=\"yoast-schema-graph\">{\"@context\":\"https:\/\/schema.org\",\"@graph\":[{\"@type\":\"WebPage\",\"@id\":\"https:\/\/thomasvino.ch\/?p=14638\",\"url\":\"https:\/\/thomasvino.ch\/?p=14638\",\"name\":\"Le Clos de Tsamp\u00e9hro se renforce - thomasvino\",\"isPartOf\":{\"@id\":\"https:\/\/thomasvino.ch\/#website\"},\"datePublished\":\"2017-12-06T12:33:16+00:00\",\"dateModified\":\"2017-12-06T12:33:45+00:00\",\"author\":{\"@id\":\"https:\/\/thomasvino.ch\/#\/schema\/person\/670bf4486fe81152cf1d68bd585e062e\"},\"breadcrumb\":{\"@id\":\"https:\/\/thomasvino.ch\/?p=14638#breadcrumb\"},\"inLanguage\":\"fr-FR\",\"potentialAction\":[{\"@type\":\"ReadAction\",\"target\":[\"https:\/\/thomasvino.ch\/?p=14638\"]}]},{\"@type\":\"BreadcrumbList\",\"@id\":\"https:\/\/thomasvino.ch\/?p=14638#breadcrumb\",\"itemListElement\":[{\"@type\":\"ListItem\",\"position\":1,\"name\":\"Accueil\",\"item\":\"https:\/\/thomasvino.ch\/\"},{\"@type\":\"ListItem\",\"position\":2,\"name\":\"Le Clos de Tsamp\u00e9hro se renforce\"}]},{\"@type\":\"WebSite\",\"@id\":\"https:\/\/thomasvino.ch\/#website\",\"url\":\"https:\/\/thomasvino.ch\/\",\"name\":\"thomasvino\",\"description\":\"Vins &amp; Gastronomie\",\"potentialAction\":[{\"@type\":\"SearchAction\",\"target\":{\"@type\":\"EntryPoint\",\"urlTemplate\":\"https:\/\/thomasvino.ch\/?s={search_term_string}\"},\"query-input\":\"required name=search_term_string\"}],\"inLanguage\":\"fr-FR\"},{\"@type\":\"Person\",\"@id\":\"https:\/\/thomasvino.ch\/#\/schema\/person\/670bf4486fe81152cf1d68bd585e062e\",\"name\":\"Pierre Thomas\",\"image\":{\"@type\":\"ImageObject\",\"inLanguage\":\"fr-FR\",\"@id\":\"https:\/\/thomasvino.ch\/#\/schema\/person\/image\/\",\"url\":\"https:\/\/secure.gravatar.com\/avatar\/91fd5a76647f140e53db987a0dead4d7?s=96&d=mm&r=g\",\"contentUrl\":\"https:\/\/secure.gravatar.com\/avatar\/91fd5a76647f140e53db987a0dead4d7?s=96&d=mm&r=g\",\"caption\":\"Pierre Thomas\"},\"url\":\"https:\/\/thomasvino.ch\/?author=3\"}]}<\/script>\n<!-- \/ Yoast SEO plugin. -->","yoast_head_json":{"title":"Le Clos de Tsamp\u00e9hro se renforce - thomasvino","robots":{"index":"index","follow":"follow","max-snippet":"max-snippet:-1","max-image-preview":"max-image-preview:large","max-video-preview":"max-video-preview:-1"},"canonical":"https:\/\/thomasvino.ch\/?p=14638","og_locale":"fr_FR","og_type":"article","og_title":"Le Clos de Tsamp\u00e9hro se renforce - thomasvino","og_description":"La d\u00e9marche est rarissime en Suisse\u00a0: quatre partenaires ont reconstitu\u00e9 un petit domaine viticole valaisan de 3 hectares pour en tirer le meilleur, valoris\u00e9 au plus haut prix, sur le long terme. Pour la premi\u00e8re fois, en 2017, la \u00abvitesse de croisi\u00e8re\u00bb des 10&rsquo;000 bouteilles est atteinte. Le Clos de Tsamp\u00e9hro figure dans les 100 [&hellip;]","og_url":"https:\/\/thomasvino.ch\/?p=14638","og_site_name":"thomasvino","article_published_time":"2017-12-06T12:33:16+00:00","article_modified_time":"2017-12-06T12:33:45+00:00","og_image":[{"url":"https:\/\/thomasvino.ch\/wp-content\/uploads\/2017\/10\/tsamph3-300x182.jpg"}],"author":"Pierre Thomas","twitter_misc":{"\u00c9crit par":"Pierre Thomas","Dur\u00e9e de lecture estim\u00e9e":"4 minutes"},"schema":{"@context":"https:\/\/schema.org","@graph":[{"@type":"WebPage","@id":"https:\/\/thomasvino.ch\/?p=14638","url":"https:\/\/thomasvino.ch\/?p=14638","name":"Le Clos de Tsamp\u00e9hro se renforce - thomasvino","isPartOf":{"@id":"https:\/\/thomasvino.ch\/#website"},"datePublished":"2017-12-06T12:33:16+00:00","dateModified":"2017-12-06T12:33:45+00:00","author":{"@id":"https:\/\/thomasvino.ch\/#\/schema\/person\/670bf4486fe81152cf1d68bd585e062e"},"breadcrumb":{"@id":"https:\/\/thomasvino.ch\/?p=14638#breadcrumb"},"inLanguage":"fr-FR","potentialAction":[{"@type":"ReadAction","target":["https:\/\/thomasvino.ch\/?p=14638"]}]},{"@type":"BreadcrumbList","@id":"https:\/\/thomasvino.ch\/?p=14638#breadcrumb","itemListElement":[{"@type":"ListItem","position":1,"name":"Accueil","item":"https:\/\/thomasvino.ch\/"},{"@type":"ListItem","position":2,"name":"Le Clos de Tsamp\u00e9hro se renforce"}]},{"@type":"WebSite","@id":"https:\/\/thomasvino.ch\/#website","url":"https:\/\/thomasvino.ch\/","name":"thomasvino","description":"Vins &amp; Gastronomie","potentialAction":[{"@type":"SearchAction","target":{"@type":"EntryPoint","urlTemplate":"https:\/\/thomasvino.ch\/?s={search_term_string}"},"query-input":"required name=search_term_string"}],"inLanguage":"fr-FR"},{"@type":"Person","@id":"https:\/\/thomasvino.ch\/#\/schema\/person\/670bf4486fe81152cf1d68bd585e062e","name":"Pierre Thomas","image":{"@type":"ImageObject","inLanguage":"fr-FR","@id":"https:\/\/thomasvino.ch\/#\/schema\/person\/image\/","url":"https:\/\/secure.gravatar.com\/avatar\/91fd5a76647f140e53db987a0dead4d7?s=96&d=mm&r=g","contentUrl":"https:\/\/secure.gravatar.com\/avatar\/91fd5a76647f140e53db987a0dead4d7?s=96&d=mm&r=g","caption":"Pierre Thomas"},"url":"https:\/\/thomasvino.ch\/?author=3"}]}},"jetpack_featured_media_url":"","jetpack_sharing_enabled":true,"jetpack_shortlink":"https:\/\/wp.me\/p3m4tZ-3O6","jetpack_likes_enabled":false,"jetpack-related-posts":[{"id":15390,"url":"https:\/\/thomasvino.ch\/?p=15390","url_meta":{"origin":14638,"position":0},"title":"Des \u00absupervalaisans\u00bb qui supportent la comparaison","date":"12 novembre 2018","format":false,"excerpt":"Electus, initi\u00e9 par la coop\u00e9rative Provins, \u00e0 Sion, et Clos de Tsamp\u00e8hro, n\u00e9 \u00e0 Flanthey gr\u00e2ce \u00e0 un investisseur priv\u00e9 hors sol, sont deux vins rouges d\u2019assemblage. Ils visent le haut de gamme des vins valaisans. Et avec cinq et six mill\u00e9simes au compteur, on peut commencer \u00e0 comparer ces\u2026","rel":"","context":"Dans &quot;Vins suisses&quot;","img":{"alt_text":"","src":"https:\/\/i0.wp.com\/thomasvino.ch\/wp-content\/uploads\/2018\/11\/tsamp_vignes-300x225.jpg?resize=350%2C200&ssl=1","width":350,"height":200},"classes":[]},{"id":11453,"url":"https:\/\/thomasvino.ch\/?p=11453","url_meta":{"origin":14638,"position":1},"title":"Un clos reconstitu\u00e9 par passion","date":"18 novembre 2013","format":false,"excerpt":"Vendus en primeurs sur Internet, les trois premiers vins 2011 du Clos de Tsamp\u00e9hro, sur le coteau entre Sion et Sierre, sont sortis officiellement d\u2019une cave agrandie et modernis\u00e9e. Une belle aventure pour un quatuor. Par Pierre Thomas La cr\u00e9ation d\u2019une cave est un ph\u00e9nom\u00e8ne rare en Suisse romande. Celle\u2026","rel":"","context":"Dans &quot;Vins suisses&quot;","img":{"alt_text":"","src":"https:\/\/i0.wp.com\/www.thomasvino.ch\/wp-content\/uploads\/2013\/11\/site_tsampbar-300x225.jpg?resize=350%2C200","width":350,"height":200},"classes":[]},{"id":16434,"url":"https:\/\/thomasvino.ch\/?p=16434","url_meta":{"origin":14638,"position":2},"title":"Bonne bouche: Identitaire de luxe","date":"10 mars 2020","format":false,"excerpt":"Pour le jeune Roman Hermann, 2017 a marqu\u00e9 un tournant. Trentenaire, il a repris l\u2019exploitation du domaine de ses parents, \u00e0 Fl\u00e4sch, dans la B\u00fcndner Herrschaft (GR). Il a \u00e9t\u00e9 d\u00e9sign\u00e9 espoir (\u00abrookie\u00bb) de l\u2019ann\u00e9e par GaultMillau. Et il a sign\u00e9 son premier Completer Grand Ma\u00eetre, le vin blanc le\u2026","rel":"","context":"Dans &quot;Bonne bouche \u2014 encore!&quot;","img":{"alt_text":"","src":"","width":0,"height":0},"classes":[]},{"id":16811,"url":"https:\/\/thomasvino.ch\/?p=16811","url_meta":{"origin":14638,"position":3},"title":"\u00abSupervalaisan\u00bb, une revanche en (grand) or!","date":"27 septembre 2020","format":false,"excerpt":"Au pays de la d\u00f4le (nagu\u00e8re pinot-gamay et qui \u00e9volue vers d\u2019autres c\u00e9pages, par cons\u00e9quent ind\u00e9finissables\u2026), l\u2019assemblage rouge \u00abhaut de gamme\u00bb est \u00e0 la mode. On les appelle les \u00absupervalaisans\u00bb, par analogie avec les \u00absupertoscans\u00bb. Celui du vigneron-encaveur Dominique Giroud, 50 ans l'an prochain, vient de d\u00e9crocher une des 79\u2026","rel":"","context":"Dans &quot;Vins suisses&quot;","img":{"alt_text":"","src":"https:\/\/i0.wp.com\/thomasvino.ch\/wp-content\/uploads\/2020\/09\/IMG_2729-300x294.jpg?resize=350%2C200&ssl=1","width":350,"height":200},"classes":[]},{"id":14694,"url":"https:\/\/thomasvino.ch\/?p=14694","url_meta":{"origin":14638,"position":4},"title":"Les dessous rouges de la \u00abpr\u00e9miumisation\u00bb des vins suisses","date":"10 novembre 2017","format":false,"excerpt":"***Textes et photos: Pierre Thomas \u2014 Un dossier paru dans H\u00f4tellerie et Gastronomie Hebdo No 32, du 7 novembre 2017*** Gr\u00e2ce \u00e0 la Suisse al\u00e9manique (69%) et au Tessin (91%), le vignoble suisse d\u2019un peu moins de 15'000 ha (14'776 ha) est plant\u00e9 en c\u00e9pages rouges \u00e0 la confortable majorit\u00e9\u2026","rel":"","context":"Dans &quot;Vins suisses&quot;","img":{"alt_text":"","src":"https:\/\/i0.wp.com\/thomasvino.ch\/wp-content\/uploads\/2017\/11\/tsamph2-300x225.jpg?resize=350%2C200&ssl=1","width":350,"height":200},"classes":[]},{"id":18640,"url":"https:\/\/thomasvino.ch\/?p=18640","url_meta":{"origin":14638,"position":5},"title":"Belle r\u00e9compense au Grand Prix du Vin Suisse","date":"16 octobre 2025","format":false,"excerpt":"La Cave La Romaine \u00e0 Flanthey a \u00e9t\u00e9 nomm\u00e9e \"domaine de l\u2019ann\u00e9e 2025\" \u00e0 l\u2019issue du Grand Prix du Vin Suisse, le 15 octobre \u00e0 Berne. En dix ans, sept titres reviennent au Valais, le plus grand canton viticole suisse. Lanc\u00e9 par le magazine Vinum, organis\u00e9 par Vinea \u00e0 Sierre,\u2026","rel":"","context":"Dans &quot;Actus - News&quot;","img":{"alt_text":"","src":"https:\/\/i0.wp.com\/thomasvino.ch\/wp-content\/uploads\/2025\/10\/GPVS_Bertholod-300x225.jpeg?resize=350%2C200&ssl=1","width":350,"height":200},"classes":[]}],"_links":{"self":[{"href":"https:\/\/thomasvino.ch\/index.php?rest_route=\/wp\/v2\/posts\/14638"}],"collection":[{"href":"https:\/\/thomasvino.ch\/index.php?rest_route=\/wp\/v2\/posts"}],"about":[{"href":"https:\/\/thomasvino.ch\/index.php?rest_route=\/wp\/v2\/types\/post"}],"author":[{"embeddable":true,"href":"https:\/\/thomasvino.ch\/index.php?rest_route=\/wp\/v2\/users\/3"}],"replies":[{"embeddable":true,"href":"https:\/\/thomasvino.ch\/index.php?rest_route=%2Fwp%2Fv2%2Fcomments&post=14638"}],"version-history":[{"count":0,"href":"https:\/\/thomasvino.ch\/index.php?rest_route=\/wp\/v2\/posts\/14638\/revisions"}],"wp:attachment":[{"href":"https:\/\/thomasvino.ch\/index.php?rest_route=%2Fwp%2Fv2%2Fmedia&parent=14638"}],"wp:term":[{"taxonomy":"category","embeddable":true,"href":"https:\/\/thomasvino.ch\/index.php?rest_route=%2Fwp%2Fv2%2Fcategories&post=14638"},{"taxonomy":"post_tag","embeddable":true,"href":"https:\/\/thomasvino.ch\/index.php?rest_route=%2Fwp%2Fv2%2Ftags&post=14638"}],"curies":[{"name":"wp","href":"https:\/\/api.w.org\/{rel}","templated":true}]}}