{"id":14678,"date":"2017-10-27T16:51:50","date_gmt":"2017-10-27T15:51:50","guid":{"rendered":"https:\/\/thomasvino.ch\/?p=14678"},"modified":"2017-10-27T16:53:02","modified_gmt":"2017-10-27T15:53:02","slug":"clos-de-tart-vendu-a-pinault","status":"publish","type":"post","link":"https:\/\/thomasvino.ch\/?p=14678","title":{"rendered":"Le Clos de Tart vendu \u00e0 Pinault"},"content":{"rendered":"<p><strong>Le meilleur du pinot par Fran\u00e7ois Pinault! Jeu de mots facile. Mais selon le magazine <em>Le Point<\/em> (qui appartient au groupe de l&rsquo;acheteur&#8230;), la vente de ce prestigieux domaine de Bourgogne, grand cru monopole de Morey-Saint-Denis, \u00a0a \u00e9t\u00e9 r\u00e9alis\u00e9e au profit d&rsquo;Artemis Groupe, qui d\u00e9tient d\u00e9j\u00e0 le Ch\u00e2teau Latour, \u00e0 Pauillac, premier grand cru class\u00e9 de Bordeaux. <\/strong><\/p>\n<p>Le prix exact de la vente n&rsquo;aurait pas \u00e9t\u00e9 divulgu\u00e9, mais pour 7,5 hectares, le nouveau propri\u00e9taire aurait d\u00e9bours\u00e9 au bas mot 200 millions d&rsquo;euros (dites 33 millions&#8230; l&rsquo;hectare!). Le vendeur \u00e9tait la famille Momessin, n\u00e9gociant en vins, propri\u00e9taire depuis 1932. Ce domaine fond\u00e9 en 1141 n&rsquo;a connu jusqu&rsquo;ici que trois propri\u00e9taires en 900 ans&#8230;<\/p>\n<p><strong>200 millions et des poussi\u00e8res? Soit donc le prix du transfert de Neymar au PSG (222 millions d&rsquo;euros)<\/strong> et dont la presse du jour dit que la \u00ablune de miel\u00bb serait d\u00e9j\u00e0 termin\u00e9e&#8230; <strong>Qu&rsquo;est-ce qui vaut plus de nos jours: un footballeur difficile \u00e0 g\u00e9rer ou une valeur s\u00fbre de Bourgogne? <\/strong><\/p>\n<p>Entre autres domaines viticoles (Eisele Vineyard en Californie, Ch\u00e2teau Grillet en vall\u00e9e du Rh\u00f4ne <strong>Fran\u00e7ois Pinault<\/strong> avait d\u00e9j\u00e0 achet\u00e9 le domaine Ren\u00e9 Engel \u00e0 Vosne-Roman\u00e9e en 2006.<\/p>\n<p>Quant \u00e0 son rival, au sommet du palmar\u00e8s des grandes fortunes de France, <strong>Bernard Arnault<\/strong>, le patron du groupe LVMH, co-propri\u00e9taire de Cheval-Blanc, \u00e0 Saint-Emilion et du Ch\u00e2teau d&rsquo;Yquem, en Sauternais, il avait aussi acquis un domaine de Morey-Saint-Denis, le Clos des Lambrays (8,7 ha).<\/p>\n<p>Dans la m\u00eame r\u00e9gion, un des h\u00e9ritiers du groupe <strong>Hoffmann &#8211; La Roche<\/strong> a aussi acquis un domaine, ainsi que celui de la <strong><a href=\"https:\/\/thomasvino.ch\/?p=14595\">Pierre Latine, \u00e0 Yvorne (VD)<\/a><\/strong>.<\/p>\n<p><em>\u00a9thomasvino.ch<\/em><\/p>\n","protected":false},"excerpt":{"rendered":"<p>Le meilleur du pinot par Fran\u00e7ois Pinault! Jeu de mots facile. Mais selon le magazine Le Point (qui appartient au groupe de l&rsquo;acheteur&#8230;), la vente de ce prestigieux domaine de Bourgogne, grand cru monopole de Morey-Saint-Denis, \u00a0a \u00e9t\u00e9 r\u00e9alis\u00e9e au profit d&rsquo;Artemis Groupe, qui d\u00e9tient d\u00e9j\u00e0 le Ch\u00e2teau Latour, \u00e0 Pauillac, premier grand cru class\u00e9 [&hellip;]<\/p>\n","protected":false},"author":3,"featured_media":0,"comment_status":"closed","ping_status":"open","sticky":false,"template":"","format":"standard","meta":{"_monsterinsights_skip_tracking":false,"_monsterinsights_sitenote_active":false,"_monsterinsights_sitenote_note":"","_monsterinsights_sitenote_category":0,"jetpack_post_was_ever_published":false,"jetpack_publicize_message":"","jetpack_is_tweetstorm":false,"jetpack_publicize_feature_enabled":true,"jetpack_social_post_already_shared":true,"jetpack_social_options":{"image_generator_settings":{"template":"highway","enabled":false}}},"categories":[15],"tags":[],"jetpack_publicize_connections":[],"yoast_head":"<!-- This site is optimized with the Yoast SEO plugin v20.6 - https:\/\/yoast.com\/wordpress\/plugins\/seo\/ -->\n<title>Le Clos de Tart vendu \u00e0 Pinault - thomasvino<\/title>\n<meta name=\"robots\" content=\"index, follow, max-snippet:-1, max-image-preview:large, max-video-preview:-1\" \/>\n<link rel=\"canonical\" href=\"https:\/\/thomasvino.ch\/?p=14678\" \/>\n<meta property=\"og:locale\" content=\"fr_FR\" \/>\n<meta property=\"og:type\" content=\"article\" \/>\n<meta property=\"og:title\" content=\"Le Clos de Tart vendu \u00e0 Pinault - thomasvino\" \/>\n<meta property=\"og:description\" content=\"Le meilleur du pinot par Fran\u00e7ois Pinault! Jeu de mots facile. Mais selon le magazine Le Point (qui appartient au groupe de l&rsquo;acheteur&#8230;), la vente de ce prestigieux domaine de Bourgogne, grand cru monopole de Morey-Saint-Denis, \u00a0a \u00e9t\u00e9 r\u00e9alis\u00e9e au profit d&rsquo;Artemis Groupe, qui d\u00e9tient d\u00e9j\u00e0 le Ch\u00e2teau Latour, \u00e0 Pauillac, premier grand cru class\u00e9 [&hellip;]\" \/>\n<meta property=\"og:url\" content=\"https:\/\/thomasvino.ch\/?p=14678\" \/>\n<meta property=\"og:site_name\" content=\"thomasvino\" \/>\n<meta property=\"article:published_time\" content=\"2017-10-27T15:51:50+00:00\" \/>\n<meta property=\"article:modified_time\" content=\"2017-10-27T15:53:02+00:00\" \/>\n<meta name=\"author\" content=\"Pierre Thomas\" \/>\n<meta name=\"twitter:label1\" content=\"\u00c9crit par\" \/>\n\t<meta name=\"twitter:data1\" content=\"Pierre Thomas\" \/>\n\t<meta name=\"twitter:label2\" content=\"Dur\u00e9e de lecture estim\u00e9e\" \/>\n\t<meta name=\"twitter:data2\" content=\"1 minute\" \/>\n<script type=\"application\/ld+json\" class=\"yoast-schema-graph\">{\"@context\":\"https:\/\/schema.org\",\"@graph\":[{\"@type\":\"WebPage\",\"@id\":\"https:\/\/thomasvino.ch\/?p=14678\",\"url\":\"https:\/\/thomasvino.ch\/?p=14678\",\"name\":\"Le Clos de Tart vendu \u00e0 Pinault - thomasvino\",\"isPartOf\":{\"@id\":\"https:\/\/thomasvino.ch\/#website\"},\"datePublished\":\"2017-10-27T15:51:50+00:00\",\"dateModified\":\"2017-10-27T15:53:02+00:00\",\"author\":{\"@id\":\"https:\/\/thomasvino.ch\/#\/schema\/person\/670bf4486fe81152cf1d68bd585e062e\"},\"breadcrumb\":{\"@id\":\"https:\/\/thomasvino.ch\/?p=14678#breadcrumb\"},\"inLanguage\":\"fr-FR\",\"potentialAction\":[{\"@type\":\"ReadAction\",\"target\":[\"https:\/\/thomasvino.ch\/?p=14678\"]}]},{\"@type\":\"BreadcrumbList\",\"@id\":\"https:\/\/thomasvino.ch\/?p=14678#breadcrumb\",\"itemListElement\":[{\"@type\":\"ListItem\",\"position\":1,\"name\":\"Accueil\",\"item\":\"https:\/\/thomasvino.ch\/\"},{\"@type\":\"ListItem\",\"position\":2,\"name\":\"Le Clos de Tart vendu \u00e0 Pinault\"}]},{\"@type\":\"WebSite\",\"@id\":\"https:\/\/thomasvino.ch\/#website\",\"url\":\"https:\/\/thomasvino.ch\/\",\"name\":\"thomasvino\",\"description\":\"Vins &amp; Gastronomie\",\"potentialAction\":[{\"@type\":\"SearchAction\",\"target\":{\"@type\":\"EntryPoint\",\"urlTemplate\":\"https:\/\/thomasvino.ch\/?s={search_term_string}\"},\"query-input\":\"required name=search_term_string\"}],\"inLanguage\":\"fr-FR\"},{\"@type\":\"Person\",\"@id\":\"https:\/\/thomasvino.ch\/#\/schema\/person\/670bf4486fe81152cf1d68bd585e062e\",\"name\":\"Pierre Thomas\",\"image\":{\"@type\":\"ImageObject\",\"inLanguage\":\"fr-FR\",\"@id\":\"https:\/\/thomasvino.ch\/#\/schema\/person\/image\/\",\"url\":\"https:\/\/secure.gravatar.com\/avatar\/91fd5a76647f140e53db987a0dead4d7?s=96&d=mm&r=g\",\"contentUrl\":\"https:\/\/secure.gravatar.com\/avatar\/91fd5a76647f140e53db987a0dead4d7?s=96&d=mm&r=g\",\"caption\":\"Pierre Thomas\"},\"url\":\"https:\/\/thomasvino.ch\/?author=3\"}]}<\/script>\n<!-- \/ Yoast SEO plugin. -->","yoast_head_json":{"title":"Le Clos de Tart vendu \u00e0 Pinault - thomasvino","robots":{"index":"index","follow":"follow","max-snippet":"max-snippet:-1","max-image-preview":"max-image-preview:large","max-video-preview":"max-video-preview:-1"},"canonical":"https:\/\/thomasvino.ch\/?p=14678","og_locale":"fr_FR","og_type":"article","og_title":"Le Clos de Tart vendu \u00e0 Pinault - thomasvino","og_description":"Le meilleur du pinot par Fran\u00e7ois Pinault! Jeu de mots facile. Mais selon le magazine Le Point (qui appartient au groupe de l&rsquo;acheteur&#8230;), la vente de ce prestigieux domaine de Bourgogne, grand cru monopole de Morey-Saint-Denis, \u00a0a \u00e9t\u00e9 r\u00e9alis\u00e9e au profit d&rsquo;Artemis Groupe, qui d\u00e9tient d\u00e9j\u00e0 le Ch\u00e2teau Latour, \u00e0 Pauillac, premier grand cru class\u00e9 [&hellip;]","og_url":"https:\/\/thomasvino.ch\/?p=14678","og_site_name":"thomasvino","article_published_time":"2017-10-27T15:51:50+00:00","article_modified_time":"2017-10-27T15:53:02+00:00","author":"Pierre Thomas","twitter_misc":{"\u00c9crit par":"Pierre Thomas","Dur\u00e9e de lecture estim\u00e9e":"1 minute"},"schema":{"@context":"https:\/\/schema.org","@graph":[{"@type":"WebPage","@id":"https:\/\/thomasvino.ch\/?p=14678","url":"https:\/\/thomasvino.ch\/?p=14678","name":"Le Clos de Tart vendu \u00e0 Pinault - thomasvino","isPartOf":{"@id":"https:\/\/thomasvino.ch\/#website"},"datePublished":"2017-10-27T15:51:50+00:00","dateModified":"2017-10-27T15:53:02+00:00","author":{"@id":"https:\/\/thomasvino.ch\/#\/schema\/person\/670bf4486fe81152cf1d68bd585e062e"},"breadcrumb":{"@id":"https:\/\/thomasvino.ch\/?p=14678#breadcrumb"},"inLanguage":"fr-FR","potentialAction":[{"@type":"ReadAction","target":["https:\/\/thomasvino.ch\/?p=14678"]}]},{"@type":"BreadcrumbList","@id":"https:\/\/thomasvino.ch\/?p=14678#breadcrumb","itemListElement":[{"@type":"ListItem","position":1,"name":"Accueil","item":"https:\/\/thomasvino.ch\/"},{"@type":"ListItem","position":2,"name":"Le Clos de Tart vendu \u00e0 Pinault"}]},{"@type":"WebSite","@id":"https:\/\/thomasvino.ch\/#website","url":"https:\/\/thomasvino.ch\/","name":"thomasvino","description":"Vins &amp; Gastronomie","potentialAction":[{"@type":"SearchAction","target":{"@type":"EntryPoint","urlTemplate":"https:\/\/thomasvino.ch\/?s={search_term_string}"},"query-input":"required name=search_term_string"}],"inLanguage":"fr-FR"},{"@type":"Person","@id":"https:\/\/thomasvino.ch\/#\/schema\/person\/670bf4486fe81152cf1d68bd585e062e","name":"Pierre Thomas","image":{"@type":"ImageObject","inLanguage":"fr-FR","@id":"https:\/\/thomasvino.ch\/#\/schema\/person\/image\/","url":"https:\/\/secure.gravatar.com\/avatar\/91fd5a76647f140e53db987a0dead4d7?s=96&d=mm&r=g","contentUrl":"https:\/\/secure.gravatar.com\/avatar\/91fd5a76647f140e53db987a0dead4d7?s=96&d=mm&r=g","caption":"Pierre Thomas"},"url":"https:\/\/thomasvino.ch\/?author=3"}]}},"jetpack_featured_media_url":"","jetpack_sharing_enabled":true,"jetpack_shortlink":"https:\/\/wp.me\/p3m4tZ-3OK","jetpack_likes_enabled":false,"jetpack-related-posts":[{"id":8993,"url":"https:\/\/thomasvino.ch\/?p=8993","url_meta":{"origin":14678,"position":0},"title":"A quoi sert la mise des vins de la Ville de Lausanne?","date":"28 janvier 2010","format":false,"excerpt":"Vins de la Ville de Lausanne Une mise publique 2009 au r\u00e9sultat trompeur Le deuxi\u00e8me samedi de d\u00e9cembre, la vente aux ench\u00e8res des vins des domaines de la Ville de Lausanne a enregistr\u00e9 le plus mauvais r\u00e9sultat financier depuis 1998. Vieille de plus de deux cents ans, cette tradition a-t-elle\u2026","rel":"","context":"Dans &quot;Vins suisses&quot;","img":{"alt_text":"","src":"","width":0,"height":0},"classes":[]},{"id":16622,"url":"https:\/\/thomasvino.ch\/?p=16622","url_meta":{"origin":14678,"position":1},"title":"Un m\u00eame propri\u00e9taire pour le Domaine du Manoir et le Ch\u00e2teau de Malessert","date":"18 mai 2020","format":false,"excerpt":"C\u2019est un grand domaine viticole de 24 hectares, encore peu connu, dans les C\u00f4tes-de-l\u2019Orbe. Il vient de passer, ce d\u00e9but mai 2020, dans les mains de la famille Sother, d\u2019origine alsacienne. Elle cherchait depuis quelques ann\u00e9es \u00e0 (s\u2019)investir dans le vignoble vaudois. Et elle a annonc\u00e9, fin juin 2020, qu'elle\u2026","rel":"","context":"Dans &quot;Actus - News&quot;","img":{"alt_text":"","src":"https:\/\/i0.wp.com\/thomasvino.ch\/wp-content\/uploads\/2020\/05\/HG_Domaine-du-Manoir-Portrait-300x200.jpg?resize=350%2C200&ssl=1","width":350,"height":200},"classes":[]},{"id":9493,"url":"https:\/\/thomasvino.ch\/?p=9493","url_meta":{"origin":14678,"position":2},"title":"Record aux Hospices de Beaune 2012","date":"19 novembre 2012","format":false,"excerpt":"2012, \u00abpetite ann\u00e9e\u00bb en Bourgogne Record aux ench\u00e8res des Hospices de Beaune\u00a0! Avec moins de vin \u00e0 vendre, \u00e0 l\u2019image des r\u00e9sultats du mill\u00e9sime 2012 en Bourgogne (moins 20% de r\u00e9colte en pinot noir), la 152\u00e8me vente des vins des Hospices de Beaune a fris\u00e9 les 6 millions de francs\u2026","rel":"","context":"Dans &quot;Actus - News&quot;","img":{"alt_text":"","src":"","width":0,"height":0},"classes":[]},{"id":9502,"url":"https:\/\/thomasvino.ch\/?p=9502","url_meta":{"origin":14678,"position":3},"title":"Un Chinois ach\u00e8te un Grand Cru Class\u00e9","date":"3 d\u00e9cembre 2012","format":false,"excerpt":"Saint-Emilion Un Grand Cru class\u00e9\u2026 chinois C\u2019est une premi\u00e8re pour Bordeaux\u00a0: un Grand Cru class\u00e9, certes \u00e0 Saint-Emilion, passe en mains chinoises. Un indusriel de 45 ans, M. Wang, propri\u00e9taire d\u2019un pour cent des mines de l\u2019Empire du Milieu, a rachet\u00e9, pour son fils de 20 ans, le Ch\u00e2teau Bellefont-Belcier,\u2026","rel":"","context":"Dans &quot;Actus - News&quot;","img":{"alt_text":"","src":"","width":0,"height":0},"classes":[]},{"id":16275,"url":"https:\/\/thomasvino.ch\/?p=16275","url_meta":{"origin":14678,"position":4},"title":"Crozes-Hermitage: r\u00e9solument \u00abnordiste\u00bb et \u00abrive gauche\u00bb","date":"1 mars 2020","format":false,"excerpt":"Crozes-Hermitage, 1800 hectares, l\u2019appellation la plus vaste des C\u00f4tes-du-Rh\u00f4ne septentrionales, au sud de Lyon, ne conna\u00eet pas de probl\u00e8mes de stocks. Et augmente chaque ann\u00e9e\u00a0: une vraie \u00absuccess story\u00bb\u00a0! Malheureusement, leur nouvelle manifestation-vitrine, un week-end \u00e0 Crozes,\u00a0fin avril, a \u00e9t\u00e9 repouss\u00e9e \u00e0 des temps meilleurs compte tenu du coronavirus. De\u2026","rel":"","context":"Dans &quot;Vins fran\u00e7ais&quot;","img":{"alt_text":"","src":"https:\/\/i0.wp.com\/thomasvino.ch\/wp-content\/uploads\/2019\/12\/blog_delas_vaguechais-300x200.jpg?resize=350%2C200&ssl=1","width":350,"height":200},"classes":[]},{"id":13578,"url":"https:\/\/thomasvino.ch\/?p=13578","url_meta":{"origin":14678,"position":5},"title":"Ventes aux ench\u00e8res de vins  Gen\u00e8ve relanc\u00e9e","date":"18 mai 2016","format":false,"excerpt":"La vente aux ench\u00e8res de vins s\u2019est d\u00e9plac\u00e9e vers Londres, mais surtout \u00e0 New York et \u00e0 Hong Kong, les Am\u00e9ricains et les Chinois \u00e9tant les plus grands acheteurs de vins fins. Pourtant, \u00e0 Gen\u00e8ve, depuis l\u2019automne pass\u00e9, Baghera, une petite maison anim\u00e9e par Michael Ganne, veut faire revivre ces\u2026","rel":"","context":"Dans &quot;Tendance&quot;","img":{"alt_text":"","src":"","width":0,"height":0},"classes":[]}],"_links":{"self":[{"href":"https:\/\/thomasvino.ch\/index.php?rest_route=\/wp\/v2\/posts\/14678"}],"collection":[{"href":"https:\/\/thomasvino.ch\/index.php?rest_route=\/wp\/v2\/posts"}],"about":[{"href":"https:\/\/thomasvino.ch\/index.php?rest_route=\/wp\/v2\/types\/post"}],"author":[{"embeddable":true,"href":"https:\/\/thomasvino.ch\/index.php?rest_route=\/wp\/v2\/users\/3"}],"replies":[{"embeddable":true,"href":"https:\/\/thomasvino.ch\/index.php?rest_route=%2Fwp%2Fv2%2Fcomments&post=14678"}],"version-history":[{"count":0,"href":"https:\/\/thomasvino.ch\/index.php?rest_route=\/wp\/v2\/posts\/14678\/revisions"}],"wp:attachment":[{"href":"https:\/\/thomasvino.ch\/index.php?rest_route=%2Fwp%2Fv2%2Fmedia&parent=14678"}],"wp:term":[{"taxonomy":"category","embeddable":true,"href":"https:\/\/thomasvino.ch\/index.php?rest_route=%2Fwp%2Fv2%2Fcategories&post=14678"},{"taxonomy":"post_tag","embeddable":true,"href":"https:\/\/thomasvino.ch\/index.php?rest_route=%2Fwp%2Fv2%2Ftags&post=14678"}],"curies":[{"name":"wp","href":"https:\/\/api.w.org\/{rel}","templated":true}]}}