{"id":14737,"date":"2017-12-06T11:42:36","date_gmt":"2017-12-06T10:42:36","guid":{"rendered":"https:\/\/thomasvino.ch\/?p=14737"},"modified":"2017-12-12T07:28:01","modified_gmt":"2017-12-12T06:28:01","slug":"etoiles-valais-cornalin-firmament","status":"publish","type":"post","link":"https:\/\/thomasvino.ch\/?p=14737","title":{"rendered":"Etoiles du Valais\u00a0: un cornalin au firmament"},"content":{"rendered":"<p><strong>Remises le jour de la Saint-Nicolas, aujourd&rsquo;hui 6 d\u00e9cembre, dans un restaurant de Berne, les \u00ab\u00e9toiles du Valais\u00bb r\u00e9compensent les vins les mieux not\u00e9s \u00e0 la S\u00e9lection des vins du Valais, en septembre. Le cornalin d\u2019une cave r\u00e9cemment reprise figure au firmament et est r\u00e9compens\u00e9e du prix Swiss Wine.<\/strong><\/p>\n<p>C\u2019\u00e9tait la douzi\u00e8me c\u00e9r\u00e9monie du genre. Mais les Valaisans qui, nagu\u00e8re, organisaient deux sessions de s\u00e9lection cantonale et une finale par un <em>\u00absuperjury\u00bb<\/em> de professionnels du vin, sont revenus dans le rang. Comme les Genevois, les Neuch\u00e2telois et les Vaudois, ils ne tiennent plus qu\u2019une session de d\u00e9gustation, qui a r\u00e9uni plus de mille vins, jug\u00e9s juste avant les vendanges, alors que les autres cantons pr\u00e9f\u00e8rent le printemps.<\/p>\n<h3>Huit vins typiques du Vieux-Pays<\/h3>\n<p>Les Valaisans limitent les cat\u00e9gories aux vins les plus typiques de leur terroir, soit sept vins de c\u00e9pages et l\u2019assemblage historique, la D\u00f4le. Cette ann\u00e9e, le panachage est large\u00a0: petites et grandes caves, centre du canton et Haut-Valais re\u00e7oivent leur lot de distinction.<\/p>\n<p><a href=\"https:\/\/thomasvino.ch\/?attachment_id=14738\" rel=\"attachment wp-att-14738\"><img data-attachment-id=\"14738\" data-permalink=\"https:\/\/thomasvino.ch\/?attachment_id=14738\" data-orig-file=\"https:\/\/i0.wp.com\/thomasvino.ch\/wp-content\/uploads\/2017\/12\/site_vinsvs_chaibaron.jpg?fit=2358%2C2358&amp;ssl=1\" data-orig-size=\"2358,2358\" data-comments-opened=\"0\" data-image-meta=\"{&quot;aperture&quot;:&quot;0&quot;,&quot;credit&quot;:&quot;Aline Fournier&quot;,&quot;camera&quot;:&quot;&quot;,&quot;caption&quot;:&quot;&quot;,&quot;created_timestamp&quot;:&quot;1506586851&quot;,&quot;copyright&quot;:&quot;&quot;,&quot;focal_length&quot;:&quot;0&quot;,&quot;iso&quot;:&quot;0&quot;,&quot;shutter_speed&quot;:&quot;0&quot;,&quot;title&quot;:&quot;&quot;,&quot;orientation&quot;:&quot;1&quot;}\" data-image-title=\"site_vinsvs_chaibaron\" data-image-description=\"\" data-image-caption=\"\" data-medium-file=\"https:\/\/i0.wp.com\/thomasvino.ch\/wp-content\/uploads\/2017\/12\/site_vinsvs_chaibaron.jpg?fit=300%2C300&amp;ssl=1\" data-large-file=\"https:\/\/i0.wp.com\/thomasvino.ch\/wp-content\/uploads\/2017\/12\/site_vinsvs_chaibaron.jpg?fit=1024%2C1024&amp;ssl=1\" loading=\"lazy\" class=\"alignleft size-medium wp-image-14738\" src=\"https:\/\/i0.wp.com\/thomasvino.ch\/wp-content\/uploads\/2017\/12\/site_vinsvs_chaibaron.jpg?resize=300%2C300&#038;ssl=1\" alt=\"\" width=\"300\" height=\"300\" srcset=\"https:\/\/i0.wp.com\/thomasvino.ch\/wp-content\/uploads\/2017\/12\/site_vinsvs_chaibaron.jpg?resize=300%2C300&amp;ssl=1 300w, https:\/\/i0.wp.com\/thomasvino.ch\/wp-content\/uploads\/2017\/12\/site_vinsvs_chaibaron.jpg?resize=150%2C150&amp;ssl=1 150w, https:\/\/i0.wp.com\/thomasvino.ch\/wp-content\/uploads\/2017\/12\/site_vinsvs_chaibaron.jpg?resize=768%2C768&amp;ssl=1 768w, https:\/\/i0.wp.com\/thomasvino.ch\/wp-content\/uploads\/2017\/12\/site_vinsvs_chaibaron.jpg?resize=1024%2C1024&amp;ssl=1 1024w, https:\/\/i0.wp.com\/thomasvino.ch\/wp-content\/uploads\/2017\/12\/site_vinsvs_chaibaron.jpg?resize=37%2C37&amp;ssl=1 37w, https:\/\/i0.wp.com\/thomasvino.ch\/wp-content\/uploads\/2017\/12\/site_vinsvs_chaibaron.jpg?resize=128%2C128&amp;ssl=1 128w, https:\/\/i0.wp.com\/thomasvino.ch\/wp-content\/uploads\/2017\/12\/site_vinsvs_chaibaron.jpg?resize=184%2C184&amp;ssl=1 184w, https:\/\/i0.wp.com\/thomasvino.ch\/wp-content\/uploads\/2017\/12\/site_vinsvs_chaibaron.jpg?w=2000&amp;ssl=1 2000w\" sizes=\"(max-width: 300px) 100vw, 300px\" data-recalc-dims=\"1\" \/><\/a>Pour la premi\u00e8re fois, souligne l\u2019Interprofession de la Vigne et du Vin du Valais (IVVS), deux vins r\u00e9pondant aux crit\u00e8res d\u2019un r\u00e8glement Grand Cru l\u2019emportent\u00a0: la Syrah Grand Cru de la Ville de Sion de la Cave de l\u2019Orpailleur, de <strong>Fr\u00e9d\u00e9ric Dumoulin<\/strong>, \u00e0 Uvrier, le seul 2015 sur le podium, et le Johannisberg Grand Cru de Chamoson de <strong>Jean-Ren\u00e9 Germanier<\/strong> SA. C\u2019est la premi\u00e8re fois que l\u2019\u00e9quipe de cette cave de V\u00e9troz vinifiait un tel vin, tir\u00e9 \u00e0 moins de 3&rsquo;000 bouteilles. Pour la D\u00f4le, la distinction revient \u00e0 la Cave de la Petite Savi\u00e9sanne, de <strong>Ga\u00ebl Roten<\/strong>, tandis que la meilleure Humagne rouge est celle de la Cave du Banneret, <strong>Martine et Jean-Charles Maye<\/strong>, \u00e0 Chamoson. Pour le cornalin, une nouvelle venue dans le paysage vitivinicole valaisan l&#8217;emporte, le Chais du Baron, \u00e0 Bramois. Et ce vin, sign\u00e9 de l\u2019\u0153nologue <strong>St\u00e9phane Gauye<\/strong> et du propri\u00e9taire, <strong>Patrick Walpen<\/strong>, le mieux not\u00e9 de tout le concours, sera l\u2019embl\u00e8me du Valais dans les campagnes de Swiss Wine Promotion, qui lui a d\u00e9cern\u00e9 son prix (<em>en photo ci-contre, de g. \u00e0 dr.)<\/em>.<\/p>\n<p>Dans les blancs, le meilleur fendant est La R\u00eaverie 2016, de la R\u00e9gence-Balavaud, \u00e0 V\u00e9troz, qui fut sacr\u00e9e, avec son jeune \u0153nologue <strong>Julien Fournier<\/strong>, <em>\u00abcave d\u2019ann\u00e9e 2016\u00bb<\/em>, au Grand Prix du Vin Suisse, l\u2019ann\u00e9e o\u00f9 <strong>Diego Mathier<\/strong>, du Nouveau Salquenen, \u00e0 Salgesch, recevait la distinction de <em>\u00abcave de la d\u00e9cennie\u00bb<\/em>\u2026 et il est difficile qu\u2019un concours ne r\u00e9compense pas un de ces vins, sa petite arvine Les Pyramides 2016 d\u00e9crochant l\u2019\u00e9toile d\u2019or cette ann\u00e9e ! Derni\u00e8re \u00abstar\u00bb, un Heida 2016 d\u2019une autre cave de Salquenen, le Rhodan, d\u2019<strong>Olivier Mounir<\/strong>. <em>(photos, dossier de presse IVV)<\/em><\/p>\n<p><a href=\"https:\/\/thomasvino.ch\/?attachment_id=14739\" rel=\"attachment wp-att-14739\"><img data-attachment-id=\"14739\" data-permalink=\"https:\/\/thomasvino.ch\/?attachment_id=14739\" data-orig-file=\"https:\/\/i0.wp.com\/thomasvino.ch\/wp-content\/uploads\/2017\/12\/site_vinsVS.jpg?fit=1500%2C1000&amp;ssl=1\" data-orig-size=\"1500,1000\" data-comments-opened=\"0\" data-image-meta=\"{&quot;aperture&quot;:&quot;18&quot;,&quot;credit&quot;:&quot;Celine Ribordy&quot;,&quot;camera&quot;:&quot;Canon EOS 5D Mark III&quot;,&quot;caption&quot;:&quot;&quot;,&quot;created_timestamp&quot;:&quot;1510860911&quot;,&quot;copyright&quot;:&quot;&quot;,&quot;focal_length&quot;:&quot;45&quot;,&quot;iso&quot;:&quot;100&quot;,&quot;shutter_speed&quot;:&quot;0.016666666666667&quot;,&quot;title&quot;:&quot;&quot;,&quot;orientation&quot;:&quot;1&quot;}\" data-image-title=\"site_vinsVS\" data-image-description=\"\" data-image-caption=\"\" data-medium-file=\"https:\/\/i0.wp.com\/thomasvino.ch\/wp-content\/uploads\/2017\/12\/site_vinsVS.jpg?fit=300%2C200&amp;ssl=1\" data-large-file=\"https:\/\/i0.wp.com\/thomasvino.ch\/wp-content\/uploads\/2017\/12\/site_vinsVS.jpg?fit=1024%2C683&amp;ssl=1\" loading=\"lazy\" class=\"aligncenter size-medium wp-image-14739\" src=\"https:\/\/i0.wp.com\/thomasvino.ch\/wp-content\/uploads\/2017\/12\/site_vinsVS.jpg?resize=300%2C200&#038;ssl=1\" alt=\"\" width=\"300\" height=\"200\" srcset=\"https:\/\/i0.wp.com\/thomasvino.ch\/wp-content\/uploads\/2017\/12\/site_vinsVS.jpg?resize=300%2C200&amp;ssl=1 300w, https:\/\/i0.wp.com\/thomasvino.ch\/wp-content\/uploads\/2017\/12\/site_vinsVS.jpg?resize=768%2C512&amp;ssl=1 768w, https:\/\/i0.wp.com\/thomasvino.ch\/wp-content\/uploads\/2017\/12\/site_vinsVS.jpg?resize=1024%2C683&amp;ssl=1 1024w, https:\/\/i0.wp.com\/thomasvino.ch\/wp-content\/uploads\/2017\/12\/site_vinsVS.jpg?resize=140%2C94&amp;ssl=1 140w, https:\/\/i0.wp.com\/thomasvino.ch\/wp-content\/uploads\/2017\/12\/site_vinsVS.jpg?w=1500&amp;ssl=1 1500w\" sizes=\"(max-width: 300px) 100vw, 300px\" data-recalc-dims=\"1\" \/><\/a><\/p>\n<p><strong>Ces huit vins font l\u2019objet d\u2019un coffret <em>\u00abcollector\u00bb<\/em>, vendu 240 francs, sur le site Internet <a href=\"http:\/\/www.lesvinsduvalais.ch\">www.lesvinsduvalais.ch<\/a><\/strong><\/p>\n<p><em>\u00a9thomasvino.ch<\/em><\/p>\n","protected":false},"excerpt":{"rendered":"<p>Remises le jour de la Saint-Nicolas, aujourd&rsquo;hui 6 d\u00e9cembre, dans un restaurant de Berne, les \u00ab\u00e9toiles du Valais\u00bb r\u00e9compensent les vins les mieux not\u00e9s \u00e0 la S\u00e9lection des vins du Valais, en septembre. Le cornalin d\u2019une cave r\u00e9cemment reprise figure au firmament et est r\u00e9compens\u00e9e du prix Swiss Wine. C\u2019\u00e9tait la douzi\u00e8me c\u00e9r\u00e9monie du genre. [&hellip;]<\/p>\n","protected":false},"author":3,"featured_media":0,"comment_status":"closed","ping_status":"open","sticky":false,"template":"","format":"standard","meta":{"_monsterinsights_skip_tracking":false,"_monsterinsights_sitenote_active":false,"_monsterinsights_sitenote_note":"","_monsterinsights_sitenote_category":0,"jetpack_post_was_ever_published":false,"jetpack_publicize_message":"","jetpack_is_tweetstorm":false,"jetpack_publicize_feature_enabled":true,"jetpack_social_post_already_shared":true,"jetpack_social_options":{"image_generator_settings":{"template":"highway","enabled":false}}},"categories":[15],"tags":[],"jetpack_publicize_connections":[],"yoast_head":"<!-- This site is optimized with the Yoast SEO plugin v20.6 - https:\/\/yoast.com\/wordpress\/plugins\/seo\/ -->\n<title>Etoiles du Valais\u00a0: un cornalin au firmament - thomasvino<\/title>\n<meta name=\"robots\" content=\"index, follow, max-snippet:-1, max-image-preview:large, max-video-preview:-1\" \/>\n<link rel=\"canonical\" href=\"https:\/\/thomasvino.ch\/?p=14737\" \/>\n<meta property=\"og:locale\" content=\"fr_FR\" \/>\n<meta property=\"og:type\" content=\"article\" \/>\n<meta property=\"og:title\" content=\"Etoiles du Valais\u00a0: un cornalin au firmament - thomasvino\" \/>\n<meta property=\"og:description\" content=\"Remises le jour de la Saint-Nicolas, aujourd&rsquo;hui 6 d\u00e9cembre, dans un restaurant de Berne, les \u00ab\u00e9toiles du Valais\u00bb r\u00e9compensent les vins les mieux not\u00e9s \u00e0 la S\u00e9lection des vins du Valais, en septembre. Le cornalin d\u2019une cave r\u00e9cemment reprise figure au firmament et est r\u00e9compens\u00e9e du prix Swiss Wine. C\u2019\u00e9tait la douzi\u00e8me c\u00e9r\u00e9monie du genre. [&hellip;]\" \/>\n<meta property=\"og:url\" content=\"https:\/\/thomasvino.ch\/?p=14737\" \/>\n<meta property=\"og:site_name\" content=\"thomasvino\" \/>\n<meta property=\"article:published_time\" content=\"2017-12-06T10:42:36+00:00\" \/>\n<meta property=\"article:modified_time\" content=\"2017-12-12T06:28:01+00:00\" \/>\n<meta property=\"og:image\" content=\"https:\/\/thomasvino.ch\/wp-content\/uploads\/2017\/12\/site_vinsvs_chaibaron-300x300.jpg\" \/>\n<meta name=\"author\" content=\"Pierre Thomas\" \/>\n<meta name=\"twitter:label1\" content=\"\u00c9crit par\" \/>\n\t<meta name=\"twitter:data1\" content=\"Pierre Thomas\" \/>\n\t<meta name=\"twitter:label2\" content=\"Dur\u00e9e de lecture estim\u00e9e\" \/>\n\t<meta name=\"twitter:data2\" content=\"3 minutes\" \/>\n<script type=\"application\/ld+json\" class=\"yoast-schema-graph\">{\"@context\":\"https:\/\/schema.org\",\"@graph\":[{\"@type\":\"WebPage\",\"@id\":\"https:\/\/thomasvino.ch\/?p=14737\",\"url\":\"https:\/\/thomasvino.ch\/?p=14737\",\"name\":\"Etoiles du Valais\u00a0: un cornalin au firmament - thomasvino\",\"isPartOf\":{\"@id\":\"https:\/\/thomasvino.ch\/#website\"},\"datePublished\":\"2017-12-06T10:42:36+00:00\",\"dateModified\":\"2017-12-12T06:28:01+00:00\",\"author\":{\"@id\":\"https:\/\/thomasvino.ch\/#\/schema\/person\/670bf4486fe81152cf1d68bd585e062e\"},\"breadcrumb\":{\"@id\":\"https:\/\/thomasvino.ch\/?p=14737#breadcrumb\"},\"inLanguage\":\"fr-FR\",\"potentialAction\":[{\"@type\":\"ReadAction\",\"target\":[\"https:\/\/thomasvino.ch\/?p=14737\"]}]},{\"@type\":\"BreadcrumbList\",\"@id\":\"https:\/\/thomasvino.ch\/?p=14737#breadcrumb\",\"itemListElement\":[{\"@type\":\"ListItem\",\"position\":1,\"name\":\"Accueil\",\"item\":\"https:\/\/thomasvino.ch\/\"},{\"@type\":\"ListItem\",\"position\":2,\"name\":\"Etoiles du Valais\u00a0: un cornalin au firmament\"}]},{\"@type\":\"WebSite\",\"@id\":\"https:\/\/thomasvino.ch\/#website\",\"url\":\"https:\/\/thomasvino.ch\/\",\"name\":\"thomasvino\",\"description\":\"Vins &amp; Gastronomie\",\"potentialAction\":[{\"@type\":\"SearchAction\",\"target\":{\"@type\":\"EntryPoint\",\"urlTemplate\":\"https:\/\/thomasvino.ch\/?s={search_term_string}\"},\"query-input\":\"required name=search_term_string\"}],\"inLanguage\":\"fr-FR\"},{\"@type\":\"Person\",\"@id\":\"https:\/\/thomasvino.ch\/#\/schema\/person\/670bf4486fe81152cf1d68bd585e062e\",\"name\":\"Pierre Thomas\",\"image\":{\"@type\":\"ImageObject\",\"inLanguage\":\"fr-FR\",\"@id\":\"https:\/\/thomasvino.ch\/#\/schema\/person\/image\/\",\"url\":\"https:\/\/secure.gravatar.com\/avatar\/91fd5a76647f140e53db987a0dead4d7?s=96&d=mm&r=g\",\"contentUrl\":\"https:\/\/secure.gravatar.com\/avatar\/91fd5a76647f140e53db987a0dead4d7?s=96&d=mm&r=g\",\"caption\":\"Pierre Thomas\"},\"url\":\"https:\/\/thomasvino.ch\/?author=3\"}]}<\/script>\n<!-- \/ Yoast SEO plugin. -->","yoast_head_json":{"title":"Etoiles du Valais\u00a0: un cornalin au firmament - thomasvino","robots":{"index":"index","follow":"follow","max-snippet":"max-snippet:-1","max-image-preview":"max-image-preview:large","max-video-preview":"max-video-preview:-1"},"canonical":"https:\/\/thomasvino.ch\/?p=14737","og_locale":"fr_FR","og_type":"article","og_title":"Etoiles du Valais\u00a0: un cornalin au firmament - thomasvino","og_description":"Remises le jour de la Saint-Nicolas, aujourd&rsquo;hui 6 d\u00e9cembre, dans un restaurant de Berne, les \u00ab\u00e9toiles du Valais\u00bb r\u00e9compensent les vins les mieux not\u00e9s \u00e0 la S\u00e9lection des vins du Valais, en septembre. Le cornalin d\u2019une cave r\u00e9cemment reprise figure au firmament et est r\u00e9compens\u00e9e du prix Swiss Wine. C\u2019\u00e9tait la douzi\u00e8me c\u00e9r\u00e9monie du genre. [&hellip;]","og_url":"https:\/\/thomasvino.ch\/?p=14737","og_site_name":"thomasvino","article_published_time":"2017-12-06T10:42:36+00:00","article_modified_time":"2017-12-12T06:28:01+00:00","og_image":[{"url":"https:\/\/thomasvino.ch\/wp-content\/uploads\/2017\/12\/site_vinsvs_chaibaron-300x300.jpg"}],"author":"Pierre Thomas","twitter_misc":{"\u00c9crit par":"Pierre Thomas","Dur\u00e9e de lecture estim\u00e9e":"3 minutes"},"schema":{"@context":"https:\/\/schema.org","@graph":[{"@type":"WebPage","@id":"https:\/\/thomasvino.ch\/?p=14737","url":"https:\/\/thomasvino.ch\/?p=14737","name":"Etoiles du Valais\u00a0: un cornalin au firmament - thomasvino","isPartOf":{"@id":"https:\/\/thomasvino.ch\/#website"},"datePublished":"2017-12-06T10:42:36+00:00","dateModified":"2017-12-12T06:28:01+00:00","author":{"@id":"https:\/\/thomasvino.ch\/#\/schema\/person\/670bf4486fe81152cf1d68bd585e062e"},"breadcrumb":{"@id":"https:\/\/thomasvino.ch\/?p=14737#breadcrumb"},"inLanguage":"fr-FR","potentialAction":[{"@type":"ReadAction","target":["https:\/\/thomasvino.ch\/?p=14737"]}]},{"@type":"BreadcrumbList","@id":"https:\/\/thomasvino.ch\/?p=14737#breadcrumb","itemListElement":[{"@type":"ListItem","position":1,"name":"Accueil","item":"https:\/\/thomasvino.ch\/"},{"@type":"ListItem","position":2,"name":"Etoiles du Valais\u00a0: un cornalin au firmament"}]},{"@type":"WebSite","@id":"https:\/\/thomasvino.ch\/#website","url":"https:\/\/thomasvino.ch\/","name":"thomasvino","description":"Vins &amp; Gastronomie","potentialAction":[{"@type":"SearchAction","target":{"@type":"EntryPoint","urlTemplate":"https:\/\/thomasvino.ch\/?s={search_term_string}"},"query-input":"required name=search_term_string"}],"inLanguage":"fr-FR"},{"@type":"Person","@id":"https:\/\/thomasvino.ch\/#\/schema\/person\/670bf4486fe81152cf1d68bd585e062e","name":"Pierre Thomas","image":{"@type":"ImageObject","inLanguage":"fr-FR","@id":"https:\/\/thomasvino.ch\/#\/schema\/person\/image\/","url":"https:\/\/secure.gravatar.com\/avatar\/91fd5a76647f140e53db987a0dead4d7?s=96&d=mm&r=g","contentUrl":"https:\/\/secure.gravatar.com\/avatar\/91fd5a76647f140e53db987a0dead4d7?s=96&d=mm&r=g","caption":"Pierre Thomas"},"url":"https:\/\/thomasvino.ch\/?author=3"}]}},"jetpack_featured_media_url":"","jetpack_sharing_enabled":true,"jetpack_shortlink":"https:\/\/wp.me\/p3m4tZ-3PH","jetpack_likes_enabled":false,"jetpack-related-posts":[{"id":16938,"url":"https:\/\/thomasvino.ch\/?p=16938","url_meta":{"origin":14737,"position":0},"title":"Valais: des \u00e9toiles 2020 dans un sac","date":"10 novembre 2020","format":false,"excerpt":"La c\u00e9r\u00e9monie de la remise des Etoiles du Valais aux vainqueurs des huit cat\u00e9gories des vins ayant obtenu le plus haut pointage de la S\u00e9lection des vins du Valais, en septembre, aurait d\u00fb avoir lieu \u00e0 Fribourg, le mercredi 25 novembre. En raison de la pand\u00e9mie, la manifestation a \u00e9t\u00e9\u2026","rel":"","context":"Dans &quot;Actus - News&quot;","img":{"alt_text":"","src":"","width":0,"height":0},"classes":[]},{"id":9109,"url":"https:\/\/thomasvino.ch\/?p=9109","url_meta":{"origin":14737,"position":1},"title":"Confirmations au firmament valaisan","date":"14 d\u00e9cembre 2010","format":false,"excerpt":"Etoiles du Valais 2010 Six \u0153nologues brillants et... r\u00e9cidivistes Pas de surprise \u00e0 la nomination des Etoiles du Valais 2010, bas\u00e9e sur la s\u00e9lection des vins valaisans du mill\u00e9sime 2009. Les six oenologues et encaveurs sont des r\u00e9cidivistes notoires, qui ont re\u00e7u leur distinction supr\u00eame \u00e0 B\u00e2le, le 14 d\u00e9cembre.\u2026","rel":"","context":"Dans &quot;Actus - News&quot;","img":{"alt_text":"","src":"","width":0,"height":0},"classes":[]},{"id":9513,"url":"https:\/\/thomasvino.ch\/?p=9513","url_meta":{"origin":14737,"position":2},"title":"Etoiles du Valais 2012: huit vins au sommet!","date":"13 d\u00e9cembre 2012","format":false,"excerpt":"D\u00e9but d\u00e9cembre 2012, les Etoiles du Valais ont \u00e9t\u00e9 d\u00e9cern\u00e9es, \u00e0 Zurich, \u00e0 huit producteurs de vins. Ce sont les coups de c\u0153ur d\u2019un jury, parmi 55 vins, issus des deux s\u00e9lections cantonales. Par Pierre Thomas L\u2019Interprofession de la vigne et des vins du Valais (IVVV) et son directeur G\u00e9rard-Philippe\u2026","rel":"","context":"Dans &quot;Vins suisses&quot;","img":{"alt_text":"vs_coffret12.jpg","src":"img\/vs_coffret12.jpg","width":350,"height":200},"classes":[]},{"id":9953,"url":"https:\/\/thomasvino.ch\/?p=9953","url_meta":{"origin":14737,"position":3},"title":"Les Etoiles du Valais succ\u00e8de aux Labels Nobilis","date":"13 avril 2007","format":false,"excerpt":"Les Etoiles du Valais succ\u00e8dent aux Labels NobilisVINEA ayant renonc\u00e9 au \u00abLabel Nobilis\u00bb, r\u00e9compensant les meilleurs vins valaisans, l\u2019Interprofession de la vigne et du vin du Valais (IVV) met sur pied une \u00abs\u00e9lection des vins du Valais\u00bb, couronn\u00e9e par une finale. Premi\u00e8re \u00e9dition cette ann\u00e9e (2007).L\u2019IVV a mis de l\u2019ordre\u2026","rel":"","context":"Dans &quot;Actus - News&quot;","img":{"alt_text":"","src":"","width":0,"height":0},"classes":[]},{"id":10017,"url":"https:\/\/thomasvino.ch\/?p=10017","url_meta":{"origin":14737,"position":4},"title":"Vins du Valais: raid sur Ouchy","date":"29 septembre 2007","format":false,"excerpt":"Remise des \u00ab\u00e9toiles du mill\u00e9sime\u00bbRaid valaisan sur OuchyMercredi 26 septembre 2007, sous les lustres du Beau-Rivage Palace \u00e0 Lausanne-Ouchy, l\u2019Interprofession de la vigne et du vin du Valais (IVV), a proclam\u00e9 le palmar\u00e8s des \u00ab\u00e9toiles du mill\u00e9sime\u00bb. Dix huit vins ont \u00e9t\u00e9 d\u00e9sign\u00e9s \u00abcoups de c\u0153ur\u00bb, dans six cat\u00e9gories.Volontiers provocateur,\u2026","rel":"","context":"Dans &quot;Actus - News&quot;","img":{"alt_text":"","src":"","width":0,"height":0},"classes":[]},{"id":12491,"url":"https:\/\/thomasvino.ch\/?p=12491","url_meta":{"origin":14737,"position":5},"title":"Etoiles du Valais 2014  Une hi\u00e9rarchie largement confirm\u00e9e","date":"8 janvier 2015","format":false,"excerpt":"Pour la neuvi\u00e8me fois, un jury \u00abad hoc\u00bb a d\u00e9sign\u00e9 les meilleurs vins valaisans. La remise de ces \u00ab\u00e9toiles du Valais\u00bb a eu lieu \u00e0 Zurich, d\u00e9but d\u00e9cembre. Hormis l\u2019op\u00e9ration de relations publiques en Suisse al\u00e9manique, les \u00ab\u00e9toiles\u00bb tracent la \u00abvoie lact\u00e9e\u00bb des producteurs les plus en vue de l\u2019ann\u00e9e\u2026\u2026","rel":"","context":"Dans &quot;Vins suisses&quot;","img":{"alt_text":"","src":"","width":0,"height":0},"classes":[]}],"_links":{"self":[{"href":"https:\/\/thomasvino.ch\/index.php?rest_route=\/wp\/v2\/posts\/14737"}],"collection":[{"href":"https:\/\/thomasvino.ch\/index.php?rest_route=\/wp\/v2\/posts"}],"about":[{"href":"https:\/\/thomasvino.ch\/index.php?rest_route=\/wp\/v2\/types\/post"}],"author":[{"embeddable":true,"href":"https:\/\/thomasvino.ch\/index.php?rest_route=\/wp\/v2\/users\/3"}],"replies":[{"embeddable":true,"href":"https:\/\/thomasvino.ch\/index.php?rest_route=%2Fwp%2Fv2%2Fcomments&post=14737"}],"version-history":[{"count":0,"href":"https:\/\/thomasvino.ch\/index.php?rest_route=\/wp\/v2\/posts\/14737\/revisions"}],"wp:attachment":[{"href":"https:\/\/thomasvino.ch\/index.php?rest_route=%2Fwp%2Fv2%2Fmedia&parent=14737"}],"wp:term":[{"taxonomy":"category","embeddable":true,"href":"https:\/\/thomasvino.ch\/index.php?rest_route=%2Fwp%2Fv2%2Fcategories&post=14737"},{"taxonomy":"post_tag","embeddable":true,"href":"https:\/\/thomasvino.ch\/index.php?rest_route=%2Fwp%2Fv2%2Ftags&post=14737"}],"curies":[{"name":"wp","href":"https:\/\/api.w.org\/{rel}","templated":true}]}}