{"id":14776,"date":"2017-12-10T15:23:46","date_gmt":"2017-12-10T14:23:46","guid":{"rendered":"https:\/\/thomasvino.ch\/?p=14776"},"modified":"2018-08-24T20:23:04","modified_gmt":"2018-08-24T19:23:04","slug":"paradis-pinot-grisons","status":"publish","type":"post","link":"https:\/\/thomasvino.ch\/?p=14776","title":{"rendered":"Bonne bouche \u2014 Au paradis du pinot (les Grisons&#8230;)"},"content":{"rendered":"<p>A la suite des a\u00een\u00e9s, les <strong>Gantenbein<\/strong>, <strong>Fromm<\/strong>, <strong>Studach<\/strong>, qui ont su se construire, d\u2019abord en Suisse al\u00e9manique, une r\u00e9putation de champions absolus du pinot noir, les jeunes Grisons arrivent. Chez <strong>M\u00f6hr-Niggli<\/strong>, \u00e0 Maienfeld, on est doublement jeune. D\u2019abord par la structure du vignoble, repris petit \u00e0 petit par le fondateur, forestier et vigneron par hobby, puis par profession, d\u00e8s 1995. Ensuite, par la reprise de la cave, il y a sept ans par sa fille, <strong>Sina M\u00f6hr<\/strong> et son mari, <strong>Mathias Gubler<\/strong>. Fils de vigneron de <a href=\"https:\/\/thomasvino.ch\/?attachment_id=14778\" rel=\"attachment wp-att-14778\"><img data-attachment-id=\"14778\" data-permalink=\"https:\/\/thomasvino.ch\/?attachment_id=14778\" data-orig-file=\"https:\/\/i0.wp.com\/thomasvino.ch\/wp-content\/uploads\/2017\/12\/site_pilgrim.jpg?fit=1145%2C1772&amp;ssl=1\" data-orig-size=\"1145,1772\" data-comments-opened=\"0\" data-image-meta=\"{&quot;aperture&quot;:&quot;32&quot;,&quot;credit&quot;:&quot;&quot;,&quot;camera&quot;:&quot;NIKON D700&quot;,&quot;caption&quot;:&quot;&quot;,&quot;created_timestamp&quot;:&quot;1505748373&quot;,&quot;copyright&quot;:&quot;&quot;,&quot;focal_length&quot;:&quot;60&quot;,&quot;iso&quot;:&quot;200&quot;,&quot;shutter_speed&quot;:&quot;0.005&quot;,&quot;title&quot;:&quot;&quot;,&quot;orientation&quot;:&quot;1&quot;}\" data-image-title=\"site_pilgrim\" data-image-description=\"\" data-image-caption=\"\" data-medium-file=\"https:\/\/i0.wp.com\/thomasvino.ch\/wp-content\/uploads\/2017\/12\/site_pilgrim.jpg?fit=194%2C300&amp;ssl=1\" data-large-file=\"https:\/\/i0.wp.com\/thomasvino.ch\/wp-content\/uploads\/2017\/12\/site_pilgrim.jpg?fit=662%2C1024&amp;ssl=1\" loading=\"lazy\" class=\"alignleft size-medium wp-image-14778\" src=\"https:\/\/i0.wp.com\/thomasvino.ch\/wp-content\/uploads\/2017\/12\/site_pilgrim.jpg?resize=194%2C300&#038;ssl=1\" alt=\"\" width=\"194\" height=\"300\" srcset=\"https:\/\/i0.wp.com\/thomasvino.ch\/wp-content\/uploads\/2017\/12\/site_pilgrim.jpg?resize=194%2C300&amp;ssl=1 194w, https:\/\/i0.wp.com\/thomasvino.ch\/wp-content\/uploads\/2017\/12\/site_pilgrim.jpg?resize=768%2C1189&amp;ssl=1 768w, https:\/\/i0.wp.com\/thomasvino.ch\/wp-content\/uploads\/2017\/12\/site_pilgrim.jpg?resize=662%2C1024&amp;ssl=1 662w, https:\/\/i0.wp.com\/thomasvino.ch\/wp-content\/uploads\/2017\/12\/site_pilgrim.jpg?w=1145&amp;ssl=1 1145w\" sizes=\"(max-width: 194px) 100vw, 194px\" data-recalc-dims=\"1\" \/><\/a>Maisprach, dans le demi-canton de B\u00e2le-Campagne, celui-ci vinifie, du reste, dans la cave grisonne, deux crus b\u00e2lois, confidentiels, tout comme la <em>\u00abgrande cuv\u00e9e\u00bb<\/em> de pinot noir des grisons, <em>Magnus<\/em>.<\/p>\n<p>On a choisi le <em>Pilgrim 2015<\/em> et son \u00e9tiquette originale. C\u2019est le premier vin cr\u00e9\u00e9 par le jeune couple, apr\u00e8s plusieurs ann\u00e9es de \u00abp\u00e8lerinage\u00bb d\u2019\u00e9tudes au Pi\u00e9mont, au Chili et en Californie, o\u00f9 ils se sont \u00e9tablis durant trois ans. A Paso Robl\u00e8s, <strong>Mathias Gubler<\/strong> a \u00e9t\u00e9 le \u00abwinemaker\u00bb d\u2019une grande cave (Vina Robl\u00e8s) appartenant \u00e0 un Suisse. Revenus au pays, les <strong>Gubler-M\u00f6hr<\/strong> cultivent 4 hectares et ach\u00e8tent la vendange d\u2019un hectare suppl\u00e9mentaire. Le <em>Pilgrim<\/em> est n\u00e9 d\u2019une s\u00e9lection des plus vieilles vignes, vendang\u00e9es plus tard aussi.<\/p>\n<p>Dans une ann\u00e9e chaude comme 2015, ce pinot noir offre un beau nez, ample, ouvert, puis une attaque grasse et puissante, avec une belle persistance, fra\u00eeche, sur des notes de griottes, d\u2019\u00e9pices, soulign\u00e9es par un bois\u00e9 (encore) toast\u00e9. Le double parti pris, de 40% de raisin en grappes enti\u00e8res et de 30% de bois neuf pour un \u00e9levage de 18 mois en barriques fran\u00e7aises, explique la construction de ce vin, \u00e0 la fois \u00e9l\u00e9gant, structur\u00e9 et exotique, qui tiendra ses promesses durant une bonne dizaine d\u2019ann\u00e9es.<\/p>\n<p><strong>L\u2019\u00e9tiquette<\/strong> Pinot noir Pilgrim 2015<\/p>\n<p><strong>Le prix<\/strong> 40 fr.\/75 cl<\/p>\n<p><strong>Le site <a href=\"http:\/\/www.moehr-niggli.ch\">www.moehr-niggli.ch<\/a><\/strong><\/p>\n<p><em>Colonne <\/em>Bonne bouche<em> parue dans <\/em>encore!<em> le suppl\u00e9ment du <\/em>Matin-Dimanche<em> et de la <\/em>SonntagsZientung<em> de novembre 2017.<\/em><\/p>\n<p><em>\u00a9thomasvino.ch<\/em><\/p>\n<p>&nbsp;<\/p>\n<p>&nbsp;<\/p>\n","protected":false},"excerpt":{"rendered":"<p>A la suite des a\u00een\u00e9s, les Gantenbein, Fromm, Studach, qui ont su se construire, d\u2019abord en Suisse al\u00e9manique, une r\u00e9putation de champions absolus du pinot noir, les jeunes Grisons arrivent. Chez M\u00f6hr-Niggli, \u00e0 Maienfeld, on est doublement jeune. D\u2019abord par la structure du vignoble, repris petit \u00e0 petit par le fondateur, forestier et vigneron par [&hellip;]<\/p>\n","protected":false},"author":3,"featured_media":0,"comment_status":"closed","ping_status":"open","sticky":false,"template":"","format":"standard","meta":{"_monsterinsights_skip_tracking":false,"_monsterinsights_sitenote_active":false,"_monsterinsights_sitenote_note":"","_monsterinsights_sitenote_category":0,"jetpack_post_was_ever_published":false,"jetpack_publicize_message":"","jetpack_is_tweetstorm":false,"jetpack_publicize_feature_enabled":true,"jetpack_social_post_already_shared":true,"jetpack_social_options":{"image_generator_settings":{"template":"highway","enabled":false}}},"categories":[1433],"tags":[],"jetpack_publicize_connections":[],"yoast_head":"<!-- This site is optimized with the Yoast SEO plugin v20.6 - https:\/\/yoast.com\/wordpress\/plugins\/seo\/ -->\n<title>Bonne bouche \u2014 Au paradis du pinot (les Grisons...) - thomasvino<\/title>\n<meta name=\"robots\" content=\"index, follow, max-snippet:-1, max-image-preview:large, max-video-preview:-1\" \/>\n<link rel=\"canonical\" href=\"https:\/\/thomasvino.ch\/?p=14776\" \/>\n<meta property=\"og:locale\" content=\"fr_FR\" \/>\n<meta property=\"og:type\" content=\"article\" \/>\n<meta property=\"og:title\" content=\"Bonne bouche \u2014 Au paradis du pinot (les Grisons...) - thomasvino\" \/>\n<meta property=\"og:description\" content=\"A la suite des a\u00een\u00e9s, les Gantenbein, Fromm, Studach, qui ont su se construire, d\u2019abord en Suisse al\u00e9manique, une r\u00e9putation de champions absolus du pinot noir, les jeunes Grisons arrivent. Chez M\u00f6hr-Niggli, \u00e0 Maienfeld, on est doublement jeune. D\u2019abord par la structure du vignoble, repris petit \u00e0 petit par le fondateur, forestier et vigneron par [&hellip;]\" \/>\n<meta property=\"og:url\" content=\"https:\/\/thomasvino.ch\/?p=14776\" \/>\n<meta property=\"og:site_name\" content=\"thomasvino\" \/>\n<meta property=\"article:published_time\" content=\"2017-12-10T14:23:46+00:00\" \/>\n<meta property=\"article:modified_time\" content=\"2018-08-24T19:23:04+00:00\" \/>\n<meta property=\"og:image\" content=\"https:\/\/thomasvino.ch\/wp-content\/uploads\/2017\/12\/site_pilgrim-194x300.jpg\" \/>\n<meta name=\"author\" content=\"Pierre Thomas\" \/>\n<meta name=\"twitter:label1\" content=\"\u00c9crit par\" \/>\n\t<meta name=\"twitter:data1\" content=\"Pierre Thomas\" \/>\n\t<meta name=\"twitter:label2\" content=\"Dur\u00e9e de lecture estim\u00e9e\" \/>\n\t<meta name=\"twitter:data2\" content=\"2 minutes\" \/>\n<script type=\"application\/ld+json\" class=\"yoast-schema-graph\">{\"@context\":\"https:\/\/schema.org\",\"@graph\":[{\"@type\":\"WebPage\",\"@id\":\"https:\/\/thomasvino.ch\/?p=14776\",\"url\":\"https:\/\/thomasvino.ch\/?p=14776\",\"name\":\"Bonne bouche \u2014 Au paradis du pinot (les Grisons...) - thomasvino\",\"isPartOf\":{\"@id\":\"https:\/\/thomasvino.ch\/#website\"},\"datePublished\":\"2017-12-10T14:23:46+00:00\",\"dateModified\":\"2018-08-24T19:23:04+00:00\",\"author\":{\"@id\":\"https:\/\/thomasvino.ch\/#\/schema\/person\/670bf4486fe81152cf1d68bd585e062e\"},\"breadcrumb\":{\"@id\":\"https:\/\/thomasvino.ch\/?p=14776#breadcrumb\"},\"inLanguage\":\"fr-FR\",\"potentialAction\":[{\"@type\":\"ReadAction\",\"target\":[\"https:\/\/thomasvino.ch\/?p=14776\"]}]},{\"@type\":\"BreadcrumbList\",\"@id\":\"https:\/\/thomasvino.ch\/?p=14776#breadcrumb\",\"itemListElement\":[{\"@type\":\"ListItem\",\"position\":1,\"name\":\"Accueil\",\"item\":\"https:\/\/thomasvino.ch\/\"},{\"@type\":\"ListItem\",\"position\":2,\"name\":\"Bonne bouche \u2014 Au paradis du pinot (les Grisons&#8230;)\"}]},{\"@type\":\"WebSite\",\"@id\":\"https:\/\/thomasvino.ch\/#website\",\"url\":\"https:\/\/thomasvino.ch\/\",\"name\":\"thomasvino\",\"description\":\"Vins &amp; Gastronomie\",\"potentialAction\":[{\"@type\":\"SearchAction\",\"target\":{\"@type\":\"EntryPoint\",\"urlTemplate\":\"https:\/\/thomasvino.ch\/?s={search_term_string}\"},\"query-input\":\"required name=search_term_string\"}],\"inLanguage\":\"fr-FR\"},{\"@type\":\"Person\",\"@id\":\"https:\/\/thomasvino.ch\/#\/schema\/person\/670bf4486fe81152cf1d68bd585e062e\",\"name\":\"Pierre Thomas\",\"image\":{\"@type\":\"ImageObject\",\"inLanguage\":\"fr-FR\",\"@id\":\"https:\/\/thomasvino.ch\/#\/schema\/person\/image\/\",\"url\":\"https:\/\/secure.gravatar.com\/avatar\/91fd5a76647f140e53db987a0dead4d7?s=96&d=mm&r=g\",\"contentUrl\":\"https:\/\/secure.gravatar.com\/avatar\/91fd5a76647f140e53db987a0dead4d7?s=96&d=mm&r=g\",\"caption\":\"Pierre Thomas\"},\"url\":\"https:\/\/thomasvino.ch\/?author=3\"}]}<\/script>\n<!-- \/ Yoast SEO plugin. -->","yoast_head_json":{"title":"Bonne bouche \u2014 Au paradis du pinot (les Grisons...) - thomasvino","robots":{"index":"index","follow":"follow","max-snippet":"max-snippet:-1","max-image-preview":"max-image-preview:large","max-video-preview":"max-video-preview:-1"},"canonical":"https:\/\/thomasvino.ch\/?p=14776","og_locale":"fr_FR","og_type":"article","og_title":"Bonne bouche \u2014 Au paradis du pinot (les Grisons...) - thomasvino","og_description":"A la suite des a\u00een\u00e9s, les Gantenbein, Fromm, Studach, qui ont su se construire, d\u2019abord en Suisse al\u00e9manique, une r\u00e9putation de champions absolus du pinot noir, les jeunes Grisons arrivent. Chez M\u00f6hr-Niggli, \u00e0 Maienfeld, on est doublement jeune. D\u2019abord par la structure du vignoble, repris petit \u00e0 petit par le fondateur, forestier et vigneron par [&hellip;]","og_url":"https:\/\/thomasvino.ch\/?p=14776","og_site_name":"thomasvino","article_published_time":"2017-12-10T14:23:46+00:00","article_modified_time":"2018-08-24T19:23:04+00:00","og_image":[{"url":"https:\/\/thomasvino.ch\/wp-content\/uploads\/2017\/12\/site_pilgrim-194x300.jpg"}],"author":"Pierre Thomas","twitter_misc":{"\u00c9crit par":"Pierre Thomas","Dur\u00e9e de lecture estim\u00e9e":"2 minutes"},"schema":{"@context":"https:\/\/schema.org","@graph":[{"@type":"WebPage","@id":"https:\/\/thomasvino.ch\/?p=14776","url":"https:\/\/thomasvino.ch\/?p=14776","name":"Bonne bouche \u2014 Au paradis du pinot (les Grisons...) - thomasvino","isPartOf":{"@id":"https:\/\/thomasvino.ch\/#website"},"datePublished":"2017-12-10T14:23:46+00:00","dateModified":"2018-08-24T19:23:04+00:00","author":{"@id":"https:\/\/thomasvino.ch\/#\/schema\/person\/670bf4486fe81152cf1d68bd585e062e"},"breadcrumb":{"@id":"https:\/\/thomasvino.ch\/?p=14776#breadcrumb"},"inLanguage":"fr-FR","potentialAction":[{"@type":"ReadAction","target":["https:\/\/thomasvino.ch\/?p=14776"]}]},{"@type":"BreadcrumbList","@id":"https:\/\/thomasvino.ch\/?p=14776#breadcrumb","itemListElement":[{"@type":"ListItem","position":1,"name":"Accueil","item":"https:\/\/thomasvino.ch\/"},{"@type":"ListItem","position":2,"name":"Bonne bouche \u2014 Au paradis du pinot (les Grisons&#8230;)"}]},{"@type":"WebSite","@id":"https:\/\/thomasvino.ch\/#website","url":"https:\/\/thomasvino.ch\/","name":"thomasvino","description":"Vins &amp; Gastronomie","potentialAction":[{"@type":"SearchAction","target":{"@type":"EntryPoint","urlTemplate":"https:\/\/thomasvino.ch\/?s={search_term_string}"},"query-input":"required name=search_term_string"}],"inLanguage":"fr-FR"},{"@type":"Person","@id":"https:\/\/thomasvino.ch\/#\/schema\/person\/670bf4486fe81152cf1d68bd585e062e","name":"Pierre Thomas","image":{"@type":"ImageObject","inLanguage":"fr-FR","@id":"https:\/\/thomasvino.ch\/#\/schema\/person\/image\/","url":"https:\/\/secure.gravatar.com\/avatar\/91fd5a76647f140e53db987a0dead4d7?s=96&d=mm&r=g","contentUrl":"https:\/\/secure.gravatar.com\/avatar\/91fd5a76647f140e53db987a0dead4d7?s=96&d=mm&r=g","caption":"Pierre Thomas"},"url":"https:\/\/thomasvino.ch\/?author=3"}]}},"jetpack_featured_media_url":"","jetpack_sharing_enabled":true,"jetpack_shortlink":"https:\/\/wp.me\/p3m4tZ-3Qk","jetpack_likes_enabled":false,"jetpack-related-posts":[{"id":15670,"url":"https:\/\/thomasvino.ch\/?p=15670","url_meta":{"origin":14776,"position":0},"title":"Vinotiv: les Grisons entre deux g\u00e9n\u00e9rations","date":"27 mars 2019","format":false,"excerpt":"Cr\u00e9\u00e9 il y a tout juste 15 ans sur le mod\u00e8le du cercle viticole vertueux vaudois Arte Vitis, Vinotiv r\u00e9unit douze producteurs des Grisons autour de la \u00abfascination du pinot noir\u00bb. L\u2019occasion, lors d\u2019une d\u00e9gustation \u00e0 l\u2019h\u00f4tel Waldhaus de Sils-Maria, d\u2019\u00e9voquer l\u2019avenir de la viticulture de cette fameuse r\u00e9gion viticole.\u2026","rel":"","context":"Dans &quot;Vins suisses&quot;","img":{"alt_text":"","src":"","width":0,"height":0},"classes":[]},{"id":17739,"url":"https:\/\/thomasvino.ch\/?p=17739","url_meta":{"origin":14776,"position":1},"title":"Grisons: pionnier bio au carr\u00e9","date":"17 mai 2022","format":false,"excerpt":"M\u00eame dans une petite r\u00e9gion comme les Grisons (300 hectares de pinot), o\u00f9 le style des vins varie d\u2019un domaine \u00e0 l\u2019autre, on peut perdre ses rep\u00e8res. Ainsi, le sang de Louis Liesch junior n\u2019a fait qu\u2019un tour lorsqu\u2019il a lu dans mon livre, \u00ab111 vins suisses \u00e0 ne pas\u2026","rel":"","context":"Dans &quot;Bonne bouche \u2014 encore!&quot;","img":{"alt_text":"","src":"https:\/\/i0.wp.com\/thomasvino.ch\/wp-content\/uploads\/2022\/05\/encore_Malanser-Pinot-Noir-Selection-Der-Pionier1-201x300.jpg?resize=350%2C200&ssl=1","width":350,"height":200},"classes":[]},{"id":10005,"url":"https:\/\/thomasvino.ch\/?p=10005","url_meta":{"origin":14776,"position":2},"title":"Mondial du Pinot Noir 2007: le palmar\u00e8s sous la loupe","date":"28 ao\u00fbt 2007","format":false,"excerpt":"Mondial du Pinot Noir 2007La chasse aux m\u00e9dailles et ses laur\u00e9atsPour sa dixi\u00e8me \u00e9dition, le Mondial du Pinot Noir 2007, qui n\u2019affiche plus en toutes lettres ni le mot confrontation, ni le mot concours, a r\u00e9compens\u00e9 334 des 1050 vins jug\u00e9s par un jury international. Quatre grandes m\u00e9dailles d\u2019or pr\u00e9c\u00e8dent\u2026","rel":"","context":"Dans &quot;Actus - News&quot;","img":{"alt_text":"","src":"","width":0,"height":0},"classes":[]},{"id":18061,"url":"https:\/\/thomasvino.ch\/?p=18061","url_meta":{"origin":14776,"position":3},"title":"Les \u00abbons points\u00bb du guide Parker","date":"1 mars 2023","format":false,"excerpt":"Un palmar\u00e8s et dans la foul\u00e9e, un gala \u00e0 Zurich, au Dolder Grand, les 11 et 12 mars. La \u00abmachine Parker\u00bb est bien rod\u00e9e, avec le soutien de Swiss Wine. Pour la 11\u00e8me fois, le journaliste allemand Stephan Reinhardt s\u2019est pench\u00e9 sur une s\u00e9lection de 282 vins de 67 vignerons.\u2026","rel":"","context":"Dans &quot;Actualit\u00e9s&quot;","img":{"alt_text":"","src":"","width":0,"height":0},"classes":[]},{"id":16579,"url":"https:\/\/thomasvino.ch\/?p=16579","url_meta":{"origin":14776,"position":4},"title":"Bonne bouche &#8211; PN pour Pure Nature","date":"26 avril 2020","format":false,"excerpt":"D\u00e9but mai, des producteurs r\u00e9unis par Bio-Vaud, Bio-Suisse, demeter et Changins, le centre de comp\u00e9tences f\u00e9d\u00e9ral du vin, devraient pr\u00e9senter le cahier des charges du \u00abvin nature\u00bb suisse. En mars, des vignerons fran\u00e7ais se sont d\u00e9j\u00e0 entendus sur un label \u00abvin m\u00e9thode nature\u00bb. Et le contenu de ce flacon r\u00e9pond\u2026","rel":"","context":"Dans &quot;Bonne bouche \u2014 encore!&quot;","img":{"alt_text":"","src":"","width":0,"height":0},"classes":[]},{"id":13006,"url":"https:\/\/thomasvino.ch\/?p=13006","url_meta":{"origin":14776,"position":5},"title":"Mondial des Pinots 2015 \u00e0 Sierre  Les Grisons en force","date":"5 septembre 2015","format":false,"excerpt":"Coup de chapeau au Grison, qui a pass\u00e9 sa jeunesse dans le Chablais vaudois, Peter Wegelin, de la cave Scadenagut\u00a0: son pinot noir classique de Malans 2013 a remport\u00e9 une grande m\u00e9daille d\u2019or au Mondial des Pinots, \u00e0 Sierre. Seul un pinot noir allemand, le Teufelspad 2012, du Weingut Braunewell,\u2026","rel":"","context":"Dans &quot;Actus - News&quot;","img":{"alt_text":"","src":"","width":0,"height":0},"classes":[]}],"_links":{"self":[{"href":"https:\/\/thomasvino.ch\/index.php?rest_route=\/wp\/v2\/posts\/14776"}],"collection":[{"href":"https:\/\/thomasvino.ch\/index.php?rest_route=\/wp\/v2\/posts"}],"about":[{"href":"https:\/\/thomasvino.ch\/index.php?rest_route=\/wp\/v2\/types\/post"}],"author":[{"embeddable":true,"href":"https:\/\/thomasvino.ch\/index.php?rest_route=\/wp\/v2\/users\/3"}],"replies":[{"embeddable":true,"href":"https:\/\/thomasvino.ch\/index.php?rest_route=%2Fwp%2Fv2%2Fcomments&post=14776"}],"version-history":[{"count":0,"href":"https:\/\/thomasvino.ch\/index.php?rest_route=\/wp\/v2\/posts\/14776\/revisions"}],"wp:attachment":[{"href":"https:\/\/thomasvino.ch\/index.php?rest_route=%2Fwp%2Fv2%2Fmedia&parent=14776"}],"wp:term":[{"taxonomy":"category","embeddable":true,"href":"https:\/\/thomasvino.ch\/index.php?rest_route=%2Fwp%2Fv2%2Fcategories&post=14776"},{"taxonomy":"post_tag","embeddable":true,"href":"https:\/\/thomasvino.ch\/index.php?rest_route=%2Fwp%2Fv2%2Ftags&post=14776"}],"curies":[{"name":"wp","href":"https:\/\/api.w.org\/{rel}","templated":true}]}}