{"id":15059,"date":"2018-04-17T08:45:31","date_gmt":"2018-04-17T07:45:31","guid":{"rendered":"https:\/\/thomasvino.ch\/?p=15059"},"modified":"2018-04-17T11:03:13","modified_gmt":"2018-04-17T10:03:13","slug":"divinum-a-morges-confirme-5-ans","status":"publish","type":"post","link":"https:\/\/thomasvino.ch\/?p=15059","title":{"rendered":"Divinum \u00e0 Morges confirm\u00e9 pour 5 ans"},"content":{"rendered":"<p><strong>Les organisateurs du salon DiVinum \u00e0 Morges affichent un bilan r\u00e9jouissant: ils ont attir\u00e9, durant six jours, sous leurs tentes du Parc des Sports, 18&rsquo;000 visiteurs, soit 3&rsquo;000 de plus que lors de la premi\u00e8re \u00e9dition, mais avec un jour en plus. Ils ont pu d\u00e9guster plus de 1200 vins pr\u00e9sent\u00e9s par 135 exposants. <\/strong><\/p>\n<p>C&rsquo;est un producteur valaisan, le <strong>Caveau Savi\u00e9san<\/strong>, avec sa gamme Oz\u00e9nit, qui a obtenu le titre de <em>\u00abMiss Bouteille\u00bb<\/em>. Par ce succ\u00e8s, les organisateurs estiment que <em>\u00abla r\u00e9gion de Morges reste attach\u00e9e \u00e0 la pr\u00e9sence d&rsquo;un grand salon des vins de ce c\u00f4t\u00e9-ci du L\u00e9man\u00bb<\/em>, sous-entendu \u00e0 La C\u00f4te. Et non sur la Riviera, o\u00f9 l&rsquo;ex-salon morgien Arvinis a d\u00e9m\u00e9nag\u00e9 l&rsquo;an pass\u00e9. Ce dernier s&rsquo;ouvre le mercredi 25 avril, pour six jours \u00e9galement (jusqu&rsquo;au 30 avril), au Centre de Congr\u00e8s 2M2C, avec un invit\u00e9 \u00e9trangers, <strong><a href=\"https:\/\/thomasvino.ch\/?p=15004\">les vins de Moldavie<\/a><\/strong>.<\/p>\n<p>DiVinum affirme avoir <em>\u00absign\u00e9\u00bb<\/em> \u00e0 Morges pour les cinq prochaines ann\u00e9es. Les dates des prochains salons ont \u00e9t\u00e9 communiqu\u00e9es aux exposants. Ce que l&rsquo;on sait, c&rsquo;est que <strong>l&rsquo;ordre des deux salons concurrents sera invers\u00e9 en 2019: Arvinis aura lieu \u00e0 Montreux du 3 au 8 avril, soit avant P\u00e2ques (21 avril), et DiVinum suivra du 24 au 29 avril, \u00e0 Morges.<\/strong><\/p>\n<h3>La m\u00eame semaine en 2020!<\/h3>\n<p>L&rsquo;\u00e9preuve de v\u00e9rit\u00e9, pour les deux salons de part et d&rsquo;autre de l&rsquo;agglom\u00e9ration lausannoise, est programm\u00e9e pour<strong> 2020: <\/strong>impossible pour les vignerons d&rsquo;aligner les deux salons, ils devront <strong>choisir ou d\u00e9doubler leurs effectifs, puisque les organisateurs d&rsquo;Arvinis comme de DiVinum annoncent les dates du 22 au 27 avril! <\/strong><\/p>\n<p>Ensuite, pour DiVinum, sous r\u00e9serve d&rsquo;autorisations communales, du 14 au 19 avril 2021, 6 au 11 avril 2022 et 19 au 24 avril 2023.<\/p>\n<p><em>\u00a9thomasvino.ch<\/em><\/p>\n","protected":false},"excerpt":{"rendered":"<p>Les organisateurs du salon DiVinum \u00e0 Morges affichent un bilan r\u00e9jouissant: ils ont attir\u00e9, durant six jours, sous leurs tentes du Parc des Sports, 18&rsquo;000 visiteurs, soit 3&rsquo;000 de plus que lors de la premi\u00e8re \u00e9dition, mais avec un jour en plus. Ils ont pu d\u00e9guster plus de 1200 vins pr\u00e9sent\u00e9s par 135 exposants. C&rsquo;est [&hellip;]<\/p>\n","protected":false},"author":3,"featured_media":0,"comment_status":"closed","ping_status":"open","sticky":false,"template":"","format":"standard","meta":{"_monsterinsights_skip_tracking":false,"_monsterinsights_sitenote_active":false,"_monsterinsights_sitenote_note":"","_monsterinsights_sitenote_category":0,"jetpack_post_was_ever_published":false,"jetpack_publicize_message":"","jetpack_is_tweetstorm":false,"jetpack_publicize_feature_enabled":true,"jetpack_social_post_already_shared":true,"jetpack_social_options":{"image_generator_settings":{"template":"highway","enabled":false}}},"categories":[15],"tags":[],"jetpack_publicize_connections":[],"yoast_head":"<!-- This site is optimized with the Yoast SEO plugin v20.6 - https:\/\/yoast.com\/wordpress\/plugins\/seo\/ -->\n<title>Divinum \u00e0 Morges confirm\u00e9 pour 5 ans - thomasvino<\/title>\n<meta name=\"robots\" content=\"index, follow, max-snippet:-1, max-image-preview:large, max-video-preview:-1\" \/>\n<link rel=\"canonical\" href=\"https:\/\/thomasvino.ch\/?p=15059\" \/>\n<meta property=\"og:locale\" content=\"fr_FR\" \/>\n<meta property=\"og:type\" content=\"article\" \/>\n<meta property=\"og:title\" content=\"Divinum \u00e0 Morges confirm\u00e9 pour 5 ans - thomasvino\" \/>\n<meta property=\"og:description\" content=\"Les organisateurs du salon DiVinum \u00e0 Morges affichent un bilan r\u00e9jouissant: ils ont attir\u00e9, durant six jours, sous leurs tentes du Parc des Sports, 18&rsquo;000 visiteurs, soit 3&rsquo;000 de plus que lors de la premi\u00e8re \u00e9dition, mais avec un jour en plus. Ils ont pu d\u00e9guster plus de 1200 vins pr\u00e9sent\u00e9s par 135 exposants. C&rsquo;est [&hellip;]\" \/>\n<meta property=\"og:url\" content=\"https:\/\/thomasvino.ch\/?p=15059\" \/>\n<meta property=\"og:site_name\" content=\"thomasvino\" \/>\n<meta property=\"article:published_time\" content=\"2018-04-17T07:45:31+00:00\" \/>\n<meta property=\"article:modified_time\" content=\"2018-04-17T10:03:13+00:00\" \/>\n<meta name=\"author\" content=\"Pierre Thomas\" \/>\n<meta name=\"twitter:label1\" content=\"\u00c9crit par\" \/>\n\t<meta name=\"twitter:data1\" content=\"Pierre Thomas\" \/>\n\t<meta name=\"twitter:label2\" content=\"Dur\u00e9e de lecture estim\u00e9e\" \/>\n\t<meta name=\"twitter:data2\" content=\"1 minute\" \/>\n<script type=\"application\/ld+json\" class=\"yoast-schema-graph\">{\"@context\":\"https:\/\/schema.org\",\"@graph\":[{\"@type\":\"WebPage\",\"@id\":\"https:\/\/thomasvino.ch\/?p=15059\",\"url\":\"https:\/\/thomasvino.ch\/?p=15059\",\"name\":\"Divinum \u00e0 Morges confirm\u00e9 pour 5 ans - thomasvino\",\"isPartOf\":{\"@id\":\"https:\/\/thomasvino.ch\/#website\"},\"datePublished\":\"2018-04-17T07:45:31+00:00\",\"dateModified\":\"2018-04-17T10:03:13+00:00\",\"author\":{\"@id\":\"https:\/\/thomasvino.ch\/#\/schema\/person\/670bf4486fe81152cf1d68bd585e062e\"},\"breadcrumb\":{\"@id\":\"https:\/\/thomasvino.ch\/?p=15059#breadcrumb\"},\"inLanguage\":\"fr-FR\",\"potentialAction\":[{\"@type\":\"ReadAction\",\"target\":[\"https:\/\/thomasvino.ch\/?p=15059\"]}]},{\"@type\":\"BreadcrumbList\",\"@id\":\"https:\/\/thomasvino.ch\/?p=15059#breadcrumb\",\"itemListElement\":[{\"@type\":\"ListItem\",\"position\":1,\"name\":\"Accueil\",\"item\":\"https:\/\/thomasvino.ch\/\"},{\"@type\":\"ListItem\",\"position\":2,\"name\":\"Divinum \u00e0 Morges confirm\u00e9 pour 5 ans\"}]},{\"@type\":\"WebSite\",\"@id\":\"https:\/\/thomasvino.ch\/#website\",\"url\":\"https:\/\/thomasvino.ch\/\",\"name\":\"thomasvino\",\"description\":\"Vins &amp; Gastronomie\",\"potentialAction\":[{\"@type\":\"SearchAction\",\"target\":{\"@type\":\"EntryPoint\",\"urlTemplate\":\"https:\/\/thomasvino.ch\/?s={search_term_string}\"},\"query-input\":\"required name=search_term_string\"}],\"inLanguage\":\"fr-FR\"},{\"@type\":\"Person\",\"@id\":\"https:\/\/thomasvino.ch\/#\/schema\/person\/670bf4486fe81152cf1d68bd585e062e\",\"name\":\"Pierre Thomas\",\"image\":{\"@type\":\"ImageObject\",\"inLanguage\":\"fr-FR\",\"@id\":\"https:\/\/thomasvino.ch\/#\/schema\/person\/image\/\",\"url\":\"https:\/\/secure.gravatar.com\/avatar\/91fd5a76647f140e53db987a0dead4d7?s=96&d=mm&r=g\",\"contentUrl\":\"https:\/\/secure.gravatar.com\/avatar\/91fd5a76647f140e53db987a0dead4d7?s=96&d=mm&r=g\",\"caption\":\"Pierre Thomas\"},\"url\":\"https:\/\/thomasvino.ch\/?author=3\"}]}<\/script>\n<!-- \/ Yoast SEO plugin. -->","yoast_head_json":{"title":"Divinum \u00e0 Morges confirm\u00e9 pour 5 ans - thomasvino","robots":{"index":"index","follow":"follow","max-snippet":"max-snippet:-1","max-image-preview":"max-image-preview:large","max-video-preview":"max-video-preview:-1"},"canonical":"https:\/\/thomasvino.ch\/?p=15059","og_locale":"fr_FR","og_type":"article","og_title":"Divinum \u00e0 Morges confirm\u00e9 pour 5 ans - thomasvino","og_description":"Les organisateurs du salon DiVinum \u00e0 Morges affichent un bilan r\u00e9jouissant: ils ont attir\u00e9, durant six jours, sous leurs tentes du Parc des Sports, 18&rsquo;000 visiteurs, soit 3&rsquo;000 de plus que lors de la premi\u00e8re \u00e9dition, mais avec un jour en plus. Ils ont pu d\u00e9guster plus de 1200 vins pr\u00e9sent\u00e9s par 135 exposants. C&rsquo;est [&hellip;]","og_url":"https:\/\/thomasvino.ch\/?p=15059","og_site_name":"thomasvino","article_published_time":"2018-04-17T07:45:31+00:00","article_modified_time":"2018-04-17T10:03:13+00:00","author":"Pierre Thomas","twitter_misc":{"\u00c9crit par":"Pierre Thomas","Dur\u00e9e de lecture estim\u00e9e":"1 minute"},"schema":{"@context":"https:\/\/schema.org","@graph":[{"@type":"WebPage","@id":"https:\/\/thomasvino.ch\/?p=15059","url":"https:\/\/thomasvino.ch\/?p=15059","name":"Divinum \u00e0 Morges confirm\u00e9 pour 5 ans - thomasvino","isPartOf":{"@id":"https:\/\/thomasvino.ch\/#website"},"datePublished":"2018-04-17T07:45:31+00:00","dateModified":"2018-04-17T10:03:13+00:00","author":{"@id":"https:\/\/thomasvino.ch\/#\/schema\/person\/670bf4486fe81152cf1d68bd585e062e"},"breadcrumb":{"@id":"https:\/\/thomasvino.ch\/?p=15059#breadcrumb"},"inLanguage":"fr-FR","potentialAction":[{"@type":"ReadAction","target":["https:\/\/thomasvino.ch\/?p=15059"]}]},{"@type":"BreadcrumbList","@id":"https:\/\/thomasvino.ch\/?p=15059#breadcrumb","itemListElement":[{"@type":"ListItem","position":1,"name":"Accueil","item":"https:\/\/thomasvino.ch\/"},{"@type":"ListItem","position":2,"name":"Divinum \u00e0 Morges confirm\u00e9 pour 5 ans"}]},{"@type":"WebSite","@id":"https:\/\/thomasvino.ch\/#website","url":"https:\/\/thomasvino.ch\/","name":"thomasvino","description":"Vins &amp; Gastronomie","potentialAction":[{"@type":"SearchAction","target":{"@type":"EntryPoint","urlTemplate":"https:\/\/thomasvino.ch\/?s={search_term_string}"},"query-input":"required name=search_term_string"}],"inLanguage":"fr-FR"},{"@type":"Person","@id":"https:\/\/thomasvino.ch\/#\/schema\/person\/670bf4486fe81152cf1d68bd585e062e","name":"Pierre Thomas","image":{"@type":"ImageObject","inLanguage":"fr-FR","@id":"https:\/\/thomasvino.ch\/#\/schema\/person\/image\/","url":"https:\/\/secure.gravatar.com\/avatar\/91fd5a76647f140e53db987a0dead4d7?s=96&d=mm&r=g","contentUrl":"https:\/\/secure.gravatar.com\/avatar\/91fd5a76647f140e53db987a0dead4d7?s=96&d=mm&r=g","caption":"Pierre Thomas"},"url":"https:\/\/thomasvino.ch\/?author=3"}]}},"jetpack_featured_media_url":"","jetpack_sharing_enabled":true,"jetpack_shortlink":"https:\/\/wp.me\/p3m4tZ-3UT","jetpack_likes_enabled":false,"jetpack-related-posts":[{"id":15091,"url":"https:\/\/thomasvino.ch\/?p=15091","url_meta":{"origin":15059,"position":0},"title":"Deux salons de vins de part et d\u2019autre de Lausanne? Intenable!","date":"1 mai 2018","format":false,"excerpt":"18'000 visiteurs d\u2019un c\u00f4t\u00e9, pour 135 exposants, sous tente, \u00e0 Morges, il y a trois semaines, au salon Divinum. 16'500 visiteurs officiellement annonc\u00e9s, de l\u2019autre c\u00f4t\u00e9, pour 200 exposants, au Centre des Congr\u00e8s de Montreux, ces derniers jours, au salon Arvinis. Les organisateurs des deux manifestations positivent. Mais l\u2019avis de\u2026","rel":"","context":"Dans &quot;Non class\u00e9&quot;","img":{"alt_text":"","src":"","width":0,"height":0},"classes":[]},{"id":15029,"url":"https:\/\/thomasvino.ch\/?p=15029","url_meta":{"origin":15059,"position":1},"title":"Divinum ou Arvinis\u00a0?  Morges ou Montreux\u00a0? Tente ou dur\u00a0?","date":"3 avril 2018","format":false,"excerpt":"Deux fois six jours de d\u00e9gustation entre le 11 et le 30 avril. Une premi\u00e8re fois \u00e0 Morges, au salon Divinum, du 11 au 16 avril\u00a0; rebelote du 25 au 30 avril, \u00e0 Montreux, \u00e0 Arvinis. Les deux manifestations en sont \u00e0 leur deuxi\u00e8me \u00e9dition dans leur lieu de pr\u00e9dilection.\u2026","rel":"","context":"Dans &quot;Tendance&quot;","img":{"alt_text":"","src":"","width":0,"height":0},"classes":[]},{"id":14968,"url":"https:\/\/thomasvino.ch\/?p=14968","url_meta":{"origin":15059,"position":2},"title":"Vins suisses: avril et mai d&rsquo;enfer!","date":"26 mars 2018","format":false,"excerpt":"Amateurs de vins suisses, si vous ne savez pas quoi faire ces deux prochains mois, vous \u00eates servis. En avril et en mai, les d\u00e9gustations se multiplient. Tentative d\u2019en faire le tour\u2026 en les annon\u00e7ant. Divinum \u00e0 MorgesSur l\u2019arc l\u00e9manique, \u00e0 port\u00e9e de Gen\u00e8ve et de Lausanne, les deux salons\u2026","rel":"","context":"Dans &quot;Actus - News&quot;","img":{"alt_text":"","src":"","width":0,"height":0},"classes":[]},{"id":18105,"url":"https:\/\/thomasvino.ch\/?p=18105","url_meta":{"origin":15059,"position":3},"title":"Divinum 2023: en ouverture, les 6 jours de Morges","date":"30 mars 2023","format":false,"excerpt":"Divinum est aux vins suisses ce que le Tour de Romandie est au Tour de France\u00a0: un ap\u00e9ritif de d\u00e9but de saison. Et c\u2019est particuli\u00e8rement vrai ce printemps pluvieux de 2023, entre le chiche mill\u00e9sime 2021 \u2014 peu de quantit\u00e9, mais des vins rouges fringants \u2014 et le prometteur 2022\u2026","rel":"","context":"Dans &quot;Non class\u00e9&quot;","img":{"alt_text":"","src":"https:\/\/i0.wp.com\/thomasvino.ch\/wp-content\/uploads\/2023\/03\/IMG_2093-300x225.jpeg?resize=350%2C200&ssl=1","width":350,"height":200},"classes":[]},{"id":14867,"url":"https:\/\/thomasvino.ch\/?p=14867","url_meta":{"origin":15059,"position":4},"title":"Non-filtr\u00e9, prim&rsquo;s vin suisse et davantage&#8230;","date":"17 janvier 2018","format":false,"excerpt":"D\u00e9but\u00a0d'ann\u00e9e 2018 charg\u00e9e! Sortie du chasselas non-filtr\u00e9 de Neuch\u00e2tel, le 3\u00e8me mercredi de janvier (17 janvier) et les conf\u00e9rences d\u2019Agrovina, \u00e0 Martigny, r\u00e9serv\u00e9es aux professionnels, du 24 au 26 janvier. Puis trois manifestations populaires autour des vins fran\u00e7ais ont lieu \u00e0 un peu plus de 100 km de la fronti\u00e8re\u2026","rel":"","context":"Dans &quot;Actus - News&quot;","img":{"alt_text":"","src":"https:\/\/i0.wp.com\/thomasvino.ch\/wp-content\/uploads\/2018\/01\/ne_nonf_kunzi_jungo-300x200.jpg?resize=350%2C200&ssl=1","width":350,"height":200},"classes":[]},{"id":14118,"url":"https:\/\/thomasvino.ch\/?p=14118","url_meta":{"origin":15059,"position":5},"title":"Anteprime : La tourn\u00e9e italienne 2017","date":"23 janvier 2017","format":false,"excerpt":"Si la France conna\u00eet les primeurs \u00e0 Bordeaux et des manifestations r\u00e9gionales comme le Salon des vins de la Loire, du 5 au 7 f\u00e9vrier, ou D\u00e9couvertes en Vall\u00e9e du Rh\u00f4ne (du 10 au 13 avril 2017, parce qu\u2019il n\u2019y a pas, cette ann\u00e9e, les Grands Jours de Bourgogne), et\u2026","rel":"","context":"Dans &quot;Actus - News&quot;","img":{"alt_text":"","src":"","width":0,"height":0},"classes":[]}],"_links":{"self":[{"href":"https:\/\/thomasvino.ch\/index.php?rest_route=\/wp\/v2\/posts\/15059"}],"collection":[{"href":"https:\/\/thomasvino.ch\/index.php?rest_route=\/wp\/v2\/posts"}],"about":[{"href":"https:\/\/thomasvino.ch\/index.php?rest_route=\/wp\/v2\/types\/post"}],"author":[{"embeddable":true,"href":"https:\/\/thomasvino.ch\/index.php?rest_route=\/wp\/v2\/users\/3"}],"replies":[{"embeddable":true,"href":"https:\/\/thomasvino.ch\/index.php?rest_route=%2Fwp%2Fv2%2Fcomments&post=15059"}],"version-history":[{"count":0,"href":"https:\/\/thomasvino.ch\/index.php?rest_route=\/wp\/v2\/posts\/15059\/revisions"}],"wp:attachment":[{"href":"https:\/\/thomasvino.ch\/index.php?rest_route=%2Fwp%2Fv2%2Fmedia&parent=15059"}],"wp:term":[{"taxonomy":"category","embeddable":true,"href":"https:\/\/thomasvino.ch\/index.php?rest_route=%2Fwp%2Fv2%2Fcategories&post=15059"},{"taxonomy":"post_tag","embeddable":true,"href":"https:\/\/thomasvino.ch\/index.php?rest_route=%2Fwp%2Fv2%2Ftags&post=15059"}],"curies":[{"name":"wp","href":"https:\/\/api.w.org\/{rel}","templated":true}]}}