{"id":15180,"date":"2018-07-04T08:05:56","date_gmt":"2018-07-04T07:05:56","guid":{"rendered":"https:\/\/thomasvino.ch\/?p=15180"},"modified":"2018-07-04T08:05:56","modified_gmt":"2018-07-04T07:05:56","slug":"selection-vins-vaudois-2018-panachage-royaume-chasselas","status":"publish","type":"post","link":"https:\/\/thomasvino.ch\/?p=15180","title":{"rendered":"S\u00e9lection des vins vaudois 2018 \u2014 Panachage au royaume du chasselas"},"content":{"rendered":"<p><strong>On le sait\u00a0: le chasselas repr\u00e9sente 68,9% de la production vaudoise en 2017. Pourtant la S\u00e9lection des vins vaudois r\u00e9compense des vins dans dix cat\u00e9gories. Et c\u2019est un vin doux passerill\u00e9 du c\u00e9page intersp\u00e9cifique Solaris du Nord vaudois qui a obtenu la meilleure note\u00a0!<\/strong><\/p>\n<p>Son cin\u00e9ma, cette ann\u00e9e, l\u2019Office des vins vaudois (OVV), et son nouveau directeur <strong>Benjamin Gehrig<\/strong>, l\u2019a fait dans le bistrot Kantina du Th\u00e9\u00e2tre de Vidy, qui proposera certains des vins m\u00e9daill\u00e9s. Pour sa derni\u00e8re mise en sc\u00e8ne, Pierre Keller, qui c\u00e8dera sa place de pr\u00e9sident de l\u2019OVV \u00e0 Michel Rochat, le directeur de l\u2019Ecole h\u00f4teli\u00e8re de Lausanne (EHL), n\u2019a pas \u00e9pargn\u00e9 \u00e0 son auditoire les paradoxes\u00a0: trop de concours, trop de dispersion dans les jugements, etc\u2026 Et trop de m\u00e9dailles\u00a0: 122 d\u2019or et 170 d\u2019argent pour cette S\u00e9lection vaudoise, soit juste le 30% des 937 vins jug\u00e9s par 78 d\u00e9gustateurs, fin mai, \u00e0 Froideville. Et m\u00eame trop t\u00f4t dans l\u2019ann\u00e9e, se plaignent des producteurs, pourtant prim\u00e9s\u2026 Le ton est donn\u00e9, mais l\u2019exercice reste int\u00e9ressant, qui permet de comparer des vins dans un moment M. \u00abCe sont souvent les m\u00eames qui sont cit\u00e9s au palmar\u00e8s. J\u2019y vois une belle marque de constance, et la m\u00e9daille donne une valeur ajout\u00e9e au producteur\u00bb, commente Fabio Penta, l\u2019\u0153nologue \u00ab\u00e0 fa\u00e7on\u00bb qui forge maints succ\u00e8s dans les caves vaudoises.<\/p>\n<p><a href=\"https:\/\/thomasvino.ch\/?attachment_id=15181\" rel=\"attachment wp-att-15181\"><img data-attachment-id=\"15181\" data-permalink=\"https:\/\/thomasvino.ch\/?attachment_id=15181\" data-orig-file=\"https:\/\/i0.wp.com\/thomasvino.ch\/wp-content\/uploads\/2018\/06\/site_selecvd18_0618.jpg?fit=5364%2C1961&amp;ssl=1\" data-orig-size=\"5364,1961\" data-comments-opened=\"0\" data-image-meta=\"{&quot;aperture&quot;:&quot;7.1&quot;,&quot;credit&quot;:&quot;&quot;,&quot;camera&quot;:&quot;Canon EOS 5D Mark III&quot;,&quot;caption&quot;:&quot;&quot;,&quot;created_timestamp&quot;:&quot;1504387697&quot;,&quot;copyright&quot;:&quot;&quot;,&quot;focal_length&quot;:&quot;24&quot;,&quot;iso&quot;:&quot;800&quot;,&quot;shutter_speed&quot;:&quot;0.008&quot;,&quot;title&quot;:&quot;&quot;,&quot;orientation&quot;:&quot;1&quot;}\" data-image-title=\"site_selecvd18_0618\" data-image-description=\"\" data-image-caption=\"\" data-medium-file=\"https:\/\/i0.wp.com\/thomasvino.ch\/wp-content\/uploads\/2018\/06\/site_selecvd18_0618.jpg?fit=300%2C110&amp;ssl=1\" data-large-file=\"https:\/\/i0.wp.com\/thomasvino.ch\/wp-content\/uploads\/2018\/06\/site_selecvd18_0618.jpg?fit=1024%2C374&amp;ssl=1\" loading=\"lazy\" class=\"aligncenter size-medium wp-image-15181\" src=\"https:\/\/i0.wp.com\/thomasvino.ch\/wp-content\/uploads\/2018\/06\/site_selecvd18_0618.jpg?resize=300%2C110&#038;ssl=1\" alt=\"\" width=\"300\" height=\"110\" srcset=\"https:\/\/i0.wp.com\/thomasvino.ch\/wp-content\/uploads\/2018\/06\/site_selecvd18_0618.jpg?resize=300%2C110&amp;ssl=1 300w, https:\/\/i0.wp.com\/thomasvino.ch\/wp-content\/uploads\/2018\/06\/site_selecvd18_0618.jpg?resize=768%2C281&amp;ssl=1 768w, https:\/\/i0.wp.com\/thomasvino.ch\/wp-content\/uploads\/2018\/06\/site_selecvd18_0618.jpg?resize=1024%2C374&amp;ssl=1 1024w, https:\/\/i0.wp.com\/thomasvino.ch\/wp-content\/uploads\/2018\/06\/site_selecvd18_0618.jpg?w=2000&amp;ssl=1 2000w, https:\/\/i0.wp.com\/thomasvino.ch\/wp-content\/uploads\/2018\/06\/site_selecvd18_0618.jpg?w=3000&amp;ssl=1 3000w\" sizes=\"(max-width: 300px) 100vw, 300px\" data-recalc-dims=\"1\" \/><\/a><\/p>\n<p>Le vainqueur du jour, est un<em> \u00abVin de pays des Trois Lacs\u00bb<\/em>, le Solaris 2015 de la cave Le Champagnoux. Son propri\u00e9taire, <strong>Eric Sch\u00f6pfer<\/strong>, associe son neveu, <strong>Martial Du Pasquier<\/strong>, qui \u00e9l\u00e8ve le vin dans leur cave commune \u00e0 Concise, avec les conseils d\u2019un autre \u0153nologue de l\u2019ombre, <strong>Nicolas Ryser<\/strong>. Et le propri\u00e9taire de commenter son titre de <em>\u00abMaster Swiss Wine\u00bb<\/em> pour la plus haute notation du concours (93,4\/100)\u00a0: <em>\u00abCela me donne une petite notori\u00e9t\u00e9 vis-\u00e0-vis de l\u2019ensemble des vignerons vaudois et montre qu\u2019on n\u2019est pas une cave de ploucs\u00a0!\u00bb<\/em>.<\/p>\n<h3>Des vins de supermarch\u00e9 \u00e0 ceux de petits producteurs<\/h3>\n<p>Si l\u2019on s\u2019en tient aux seuls vainqueurs des cat\u00e9gories, souvent pour quelques dixi\u00e8mes sur le deuxi\u00e8me et le troisi\u00e8me, qui tous sont mont\u00e9s sur la sc\u00e8ne de Vidy, le panachage entre r\u00e9gions \u2014 avec une pr\u00e9valence de La C\u00f4te, plus grande r\u00e9gion viticole vaudoise \u2014 et taille des producteurs est respect\u00e9.<\/p>\n<p>Deux vins de supermarch\u00e9 ont remport\u00e9 leur cat\u00e9gorie\u00a0: l\u2019assemblage blanc <em>As de C\u0153ur\u00a02017<\/em> (chardonnay, charmont et doral, de La C\u00f4te, \u00e0 parts \u00e9gales), de la <strong>Cave Jolimont<\/strong> \u00e0 Rolle (groupe Schenk) et le <em>Calamin La B\u00e9guine 2017<\/em> de <strong>J. &amp; M. Dizerens<\/strong>, \u00e0 Lutry, en chasselas de l\u2019ann\u00e9e 2017. La <strong>Cave de La C\u00f4te<\/strong> s\u2019impose en chasselas des deux ann\u00e9es pr\u00e9c\u00e9dentes avec le <strong>Ch\u00e2teau de La B\u00e2tie<\/strong>, <em>1<sup>er<\/sup>Grand Cru, Vinzel, 2016<\/em>, vinifi\u00e9 par <strong>Fabien Coucet<\/strong>. <strong>Hammel<\/strong> \u00e0 Rolle remporte la cat\u00e9gorie des ros\u00e9s, avec un <em>gamaret-garanoir 2017<\/em> du <strong>Ch\u00e2teau de Vullierens<\/strong>.<\/p>\n<p>Les autres vainqueurs de cat\u00e9gorie sont loin d\u2019\u00eatre des inconnus\u00a0! En gamay, avantage \u00e0 <strong>Pierre-Yves Poget<\/strong>, \u00e0 Agiez, un des meilleurs producteurs de vins rouges des C\u00f4tes-de-l\u2019Orbe, avec <em>Le Clos 2017<\/em>. Le moderne et d\u00e9j\u00e0 reconnu <em>1807<\/em> rouge de <strong>Martial Neyroud<\/strong>, \u00e0 Blonay, s\u2019impose dans les assemblages (malbec, gamaret, garanoir du mill\u00e9sime 2016) devant des poids lourds, la <em>Cuv\u00e9e Ag\u00e9nor 2015<\/em> de <strong>Reynald Parmelin<\/strong>, le <em>Passions 2013<\/em> de<strong> Constant Jomini<\/strong>, et la <em>Cuv\u00e9e Charles-Auguste 2015<\/em>, de <strong>Charles Rolaz<\/strong> (Hammel), seul assemblage vaudois inscrit \u00e0 la <em>M\u00e9moire des vins suisses<\/em>.<\/p>\n<p>La C\u00f4te aligne les vainqueurs des autres cat\u00e9gories, <strong>Alain Rolaz<\/strong>, de Gilly, avec son <em>Soprano 2016<\/em> en pinot noir, cat\u00e9gorie o\u00f9 figure, au 3<sup>\u00e8me<\/sup>rang, derri\u00e8re le pinot noir 2017 d\u2019<strong>Antoine Bovard<\/strong>, de Cully, le 2016 d\u2019<strong>Yvan Parmelin<\/strong>, \u00e0 Bursins, d\u00e9sign\u00e9 <strong><a href=\"https:\/\/thomasvino.ch\/?p=15171\"><em>\u00abtroph\u00e9e bio Vaud\u00bb<\/em><\/a><\/strong>\u00a0; en autres c\u00e9pages rouges, ex-aequo, le <em>Galotta 2015<\/em> de <strong>C\u00e9dric Albiez<\/strong>, \u00e0 Mont-sur-Rolle et le <em>gamaret Amazone 2017<\/em> de <strong>Jean-Jacques Steiner<\/strong>, \u00e0 Dully. Et dans le mousseux, le <strong>Ch\u00e2teau de Crans<\/strong>, <em>Cuv\u00e9e Antoine Saladin Brut<\/em>, issu de 60% de garanoir et 40% de doral, laiss\u00e9 sur lattes 18 mois, \u00e9labor\u00e9 avec le Genevois <strong>Xavier Chevallay<\/strong>, parach\u00e8ve ce panachage par une note originale.<\/p>\n<p><a href=\"https:\/\/thomasvino.ch\/?attachment_id=15182\" rel=\"attachment wp-att-15182\"><img data-attachment-id=\"15182\" data-permalink=\"https:\/\/thomasvino.ch\/?attachment_id=15182\" data-orig-file=\"https:\/\/i0.wp.com\/thomasvino.ch\/wp-content\/uploads\/2018\/06\/site_akebeda.jpg?fit=5760%2C3840&amp;ssl=1\" data-orig-size=\"5760,3840\" data-comments-opened=\"0\" data-image-meta=\"{&quot;aperture&quot;:&quot;7.1&quot;,&quot;credit&quot;:&quot;&quot;,&quot;camera&quot;:&quot;Canon EOS 5D Mark III&quot;,&quot;caption&quot;:&quot;&quot;,&quot;created_timestamp&quot;:&quot;1504387264&quot;,&quot;copyright&quot;:&quot;&quot;,&quot;focal_length&quot;:&quot;75&quot;,&quot;iso&quot;:&quot;800&quot;,&quot;shutter_speed&quot;:&quot;0.008&quot;,&quot;title&quot;:&quot;&quot;,&quot;orientation&quot;:&quot;1&quot;}\" data-image-title=\"site_akebeda\" data-image-description=\"\" data-image-caption=\"\" data-medium-file=\"https:\/\/i0.wp.com\/thomasvino.ch\/wp-content\/uploads\/2018\/06\/site_akebeda.jpg?fit=300%2C200&amp;ssl=1\" data-large-file=\"https:\/\/i0.wp.com\/thomasvino.ch\/wp-content\/uploads\/2018\/06\/site_akebeda.jpg?fit=1024%2C683&amp;ssl=1\" loading=\"lazy\" class=\"aligncenter size-medium wp-image-15182\" src=\"https:\/\/i0.wp.com\/thomasvino.ch\/wp-content\/uploads\/2018\/06\/site_akebeda.jpg?resize=300%2C200&#038;ssl=1\" alt=\"\" width=\"300\" height=\"200\" srcset=\"https:\/\/i0.wp.com\/thomasvino.ch\/wp-content\/uploads\/2018\/06\/site_akebeda.jpg?resize=300%2C200&amp;ssl=1 300w, https:\/\/i0.wp.com\/thomasvino.ch\/wp-content\/uploads\/2018\/06\/site_akebeda.jpg?resize=768%2C512&amp;ssl=1 768w, https:\/\/i0.wp.com\/thomasvino.ch\/wp-content\/uploads\/2018\/06\/site_akebeda.jpg?resize=1024%2C683&amp;ssl=1 1024w, https:\/\/i0.wp.com\/thomasvino.ch\/wp-content\/uploads\/2018\/06\/site_akebeda.jpg?resize=140%2C94&amp;ssl=1 140w, https:\/\/i0.wp.com\/thomasvino.ch\/wp-content\/uploads\/2018\/06\/site_akebeda.jpg?w=2000&amp;ssl=1 2000w, https:\/\/i0.wp.com\/thomasvino.ch\/wp-content\/uploads\/2018\/06\/site_akebeda.jpg?w=3000&amp;ssl=1 3000w\" sizes=\"(max-width: 300px) 100vw, 300px\" data-recalc-dims=\"1\" \/><\/a><\/p>\n<h3>Pour une re-d\u00e9gustation finale<\/h3>\n<p>Cette remise des prix a \u00e9t\u00e9 l\u2019occasion, pour <strong>Pierre Keller<\/strong>\u00a0(<em>photo ci-dessus<\/em>) fondateur de l\u2019<em>\u00abordre\u00bb<\/em>, d\u2019\u00e9lever au rang de Commandeur des vins vaudois, le sommelier de l&rsquo;Auberge de l&rsquo;Onde \u00e0 Saint-Saphorin,\u00a0<strong>J\u00e9r\u00f4me Ak\u00e9 B\u00e9da<\/strong>. Pr\u00e9cis\u00e9ment, ce grand d\u00e9fenseur du chasselas, apr\u00e8s d\u00e9gustation des vins laur\u00e9ats, s\u2019\u00e9tonnait du classement et plaidait pour une red\u00e9gustation des meilleurs, comme cela se fait au Grand Prix du Vin Suisse, en ao\u00fbt, \u00e0 Sierre. La m\u00eame pression s\u2019exerce au Mondial du Chasselas, pour donner un minimum de coh\u00e9rence \u00e0 un palmar\u00e8s dessin\u00e9 par des tables de d\u00e9gustateurs plus ou moins pertinentes dans leur notation. Le revers incontestable de toute m\u00e9daille\u00a0!<\/p>\n<p>Le <strong><a href=\"https:\/\/thomasvino.ch\/?p=15192\">Mondial du Chasselas, dont les palmar\u00e8s 2018<\/a><\/strong> a \u00e9t\u00e9 proclam\u00e9, annonce que le 9 juillet, les vins laur\u00e9ats d&rsquo;un troph\u00e9e et les nomin\u00e9s de la cat\u00e9gorie principale (chasselas jeunes) seront d\u00e9gust\u00e9s par un panel d&rsquo;une centaine de lecteurs de la revue <em>Vinum<\/em>, qui publiera le classement de ce retour de la Coupe Chasselas, au moment o\u00f9 son concurrent direct, l&rsquo;\u00e9dition suisse de l&rsquo;autrichien Falstaff, a annonc\u00e9 aux producteurs vouloir mettre sur pied une grande d\u00e9gustation de chasselas suisses&#8230;<\/p>\n<p><em>Sur le net\u00a0: <\/em><strong><a href=\"https:\/\/www.ovv.ch\/selection-des-vins-vaudois\">www.ovv.ch\/selection-des-vins-vaudois<\/a><\/strong><\/p>\n<p><em>Paru dans <\/em>H\u00f4tellerie &amp; Gastronomie Hebdo<em> du 3 juillet 2018.<\/em><\/p>\n<p><em>\u00a9thomasvino.ch<\/em><\/p>\n<p>&nbsp;<\/p>\n<p>&nbsp;<\/p>\n","protected":false},"excerpt":{"rendered":"<p>On le sait\u00a0: le chasselas repr\u00e9sente 68,9% de la production vaudoise en 2017. Pourtant la S\u00e9lection des vins vaudois r\u00e9compense des vins dans dix cat\u00e9gories. Et c\u2019est un vin doux passerill\u00e9 du c\u00e9page intersp\u00e9cifique Solaris du Nord vaudois qui a obtenu la meilleure note\u00a0! Son cin\u00e9ma, cette ann\u00e9e, l\u2019Office des vins vaudois (OVV), et son [&hellip;]<\/p>\n","protected":false},"author":3,"featured_media":0,"comment_status":"closed","ping_status":"open","sticky":false,"template":"","format":"standard","meta":{"_monsterinsights_skip_tracking":false,"_monsterinsights_sitenote_active":false,"_monsterinsights_sitenote_note":"","_monsterinsights_sitenote_category":0,"jetpack_post_was_ever_published":false,"jetpack_publicize_message":"","jetpack_is_tweetstorm":false,"jetpack_publicize_feature_enabled":true,"jetpack_social_post_already_shared":true,"jetpack_social_options":{"image_generator_settings":{"template":"highway","enabled":false}}},"categories":[3],"tags":[],"jetpack_publicize_connections":[],"yoast_head":"<!-- This site is optimized with the Yoast SEO plugin v20.6 - https:\/\/yoast.com\/wordpress\/plugins\/seo\/ -->\n<title>S\u00e9lection des vins vaudois 2018 \u2014 Panachage au royaume du chasselas - thomasvino<\/title>\n<meta name=\"robots\" content=\"index, follow, max-snippet:-1, max-image-preview:large, max-video-preview:-1\" \/>\n<link rel=\"canonical\" href=\"https:\/\/thomasvino.ch\/?p=15180\" \/>\n<meta property=\"og:locale\" content=\"fr_FR\" \/>\n<meta property=\"og:type\" content=\"article\" \/>\n<meta property=\"og:title\" content=\"S\u00e9lection des vins vaudois 2018 \u2014 Panachage au royaume du chasselas - thomasvino\" \/>\n<meta property=\"og:description\" content=\"On le sait\u00a0: le chasselas repr\u00e9sente 68,9% de la production vaudoise en 2017. Pourtant la S\u00e9lection des vins vaudois r\u00e9compense des vins dans dix cat\u00e9gories. Et c\u2019est un vin doux passerill\u00e9 du c\u00e9page intersp\u00e9cifique Solaris du Nord vaudois qui a obtenu la meilleure note\u00a0! Son cin\u00e9ma, cette ann\u00e9e, l\u2019Office des vins vaudois (OVV), et son [&hellip;]\" \/>\n<meta property=\"og:url\" content=\"https:\/\/thomasvino.ch\/?p=15180\" \/>\n<meta property=\"og:site_name\" content=\"thomasvino\" \/>\n<meta property=\"article:published_time\" content=\"2018-07-04T07:05:56+00:00\" \/>\n<meta property=\"og:image\" content=\"https:\/\/thomasvino.ch\/wp-content\/uploads\/2018\/06\/site_selecvd18_0618-300x110.jpg\" \/>\n<meta name=\"author\" content=\"Pierre Thomas\" \/>\n<meta name=\"twitter:label1\" content=\"\u00c9crit par\" \/>\n\t<meta name=\"twitter:data1\" content=\"Pierre Thomas\" \/>\n\t<meta name=\"twitter:label2\" content=\"Dur\u00e9e de lecture estim\u00e9e\" \/>\n\t<meta name=\"twitter:data2\" content=\"5 minutes\" \/>\n<script type=\"application\/ld+json\" class=\"yoast-schema-graph\">{\"@context\":\"https:\/\/schema.org\",\"@graph\":[{\"@type\":\"WebPage\",\"@id\":\"https:\/\/thomasvino.ch\/?p=15180\",\"url\":\"https:\/\/thomasvino.ch\/?p=15180\",\"name\":\"S\u00e9lection des vins vaudois 2018 \u2014 Panachage au royaume du chasselas - thomasvino\",\"isPartOf\":{\"@id\":\"https:\/\/thomasvino.ch\/#website\"},\"datePublished\":\"2018-07-04T07:05:56+00:00\",\"dateModified\":\"2018-07-04T07:05:56+00:00\",\"author\":{\"@id\":\"https:\/\/thomasvino.ch\/#\/schema\/person\/670bf4486fe81152cf1d68bd585e062e\"},\"breadcrumb\":{\"@id\":\"https:\/\/thomasvino.ch\/?p=15180#breadcrumb\"},\"inLanguage\":\"fr-FR\",\"potentialAction\":[{\"@type\":\"ReadAction\",\"target\":[\"https:\/\/thomasvino.ch\/?p=15180\"]}]},{\"@type\":\"BreadcrumbList\",\"@id\":\"https:\/\/thomasvino.ch\/?p=15180#breadcrumb\",\"itemListElement\":[{\"@type\":\"ListItem\",\"position\":1,\"name\":\"Accueil\",\"item\":\"https:\/\/thomasvino.ch\/\"},{\"@type\":\"ListItem\",\"position\":2,\"name\":\"S\u00e9lection des vins vaudois 2018 \u2014 Panachage au royaume du chasselas\"}]},{\"@type\":\"WebSite\",\"@id\":\"https:\/\/thomasvino.ch\/#website\",\"url\":\"https:\/\/thomasvino.ch\/\",\"name\":\"thomasvino\",\"description\":\"Vins &amp; Gastronomie\",\"potentialAction\":[{\"@type\":\"SearchAction\",\"target\":{\"@type\":\"EntryPoint\",\"urlTemplate\":\"https:\/\/thomasvino.ch\/?s={search_term_string}\"},\"query-input\":\"required name=search_term_string\"}],\"inLanguage\":\"fr-FR\"},{\"@type\":\"Person\",\"@id\":\"https:\/\/thomasvino.ch\/#\/schema\/person\/670bf4486fe81152cf1d68bd585e062e\",\"name\":\"Pierre Thomas\",\"image\":{\"@type\":\"ImageObject\",\"inLanguage\":\"fr-FR\",\"@id\":\"https:\/\/thomasvino.ch\/#\/schema\/person\/image\/\",\"url\":\"https:\/\/secure.gravatar.com\/avatar\/91fd5a76647f140e53db987a0dead4d7?s=96&d=mm&r=g\",\"contentUrl\":\"https:\/\/secure.gravatar.com\/avatar\/91fd5a76647f140e53db987a0dead4d7?s=96&d=mm&r=g\",\"caption\":\"Pierre Thomas\"},\"url\":\"https:\/\/thomasvino.ch\/?author=3\"}]}<\/script>\n<!-- \/ Yoast SEO plugin. -->","yoast_head_json":{"title":"S\u00e9lection des vins vaudois 2018 \u2014 Panachage au royaume du chasselas - thomasvino","robots":{"index":"index","follow":"follow","max-snippet":"max-snippet:-1","max-image-preview":"max-image-preview:large","max-video-preview":"max-video-preview:-1"},"canonical":"https:\/\/thomasvino.ch\/?p=15180","og_locale":"fr_FR","og_type":"article","og_title":"S\u00e9lection des vins vaudois 2018 \u2014 Panachage au royaume du chasselas - thomasvino","og_description":"On le sait\u00a0: le chasselas repr\u00e9sente 68,9% de la production vaudoise en 2017. Pourtant la S\u00e9lection des vins vaudois r\u00e9compense des vins dans dix cat\u00e9gories. Et c\u2019est un vin doux passerill\u00e9 du c\u00e9page intersp\u00e9cifique Solaris du Nord vaudois qui a obtenu la meilleure note\u00a0! Son cin\u00e9ma, cette ann\u00e9e, l\u2019Office des vins vaudois (OVV), et son [&hellip;]","og_url":"https:\/\/thomasvino.ch\/?p=15180","og_site_name":"thomasvino","article_published_time":"2018-07-04T07:05:56+00:00","og_image":[{"url":"https:\/\/thomasvino.ch\/wp-content\/uploads\/2018\/06\/site_selecvd18_0618-300x110.jpg"}],"author":"Pierre Thomas","twitter_misc":{"\u00c9crit par":"Pierre Thomas","Dur\u00e9e de lecture estim\u00e9e":"5 minutes"},"schema":{"@context":"https:\/\/schema.org","@graph":[{"@type":"WebPage","@id":"https:\/\/thomasvino.ch\/?p=15180","url":"https:\/\/thomasvino.ch\/?p=15180","name":"S\u00e9lection des vins vaudois 2018 \u2014 Panachage au royaume du chasselas - thomasvino","isPartOf":{"@id":"https:\/\/thomasvino.ch\/#website"},"datePublished":"2018-07-04T07:05:56+00:00","dateModified":"2018-07-04T07:05:56+00:00","author":{"@id":"https:\/\/thomasvino.ch\/#\/schema\/person\/670bf4486fe81152cf1d68bd585e062e"},"breadcrumb":{"@id":"https:\/\/thomasvino.ch\/?p=15180#breadcrumb"},"inLanguage":"fr-FR","potentialAction":[{"@type":"ReadAction","target":["https:\/\/thomasvino.ch\/?p=15180"]}]},{"@type":"BreadcrumbList","@id":"https:\/\/thomasvino.ch\/?p=15180#breadcrumb","itemListElement":[{"@type":"ListItem","position":1,"name":"Accueil","item":"https:\/\/thomasvino.ch\/"},{"@type":"ListItem","position":2,"name":"S\u00e9lection des vins vaudois 2018 \u2014 Panachage au royaume du chasselas"}]},{"@type":"WebSite","@id":"https:\/\/thomasvino.ch\/#website","url":"https:\/\/thomasvino.ch\/","name":"thomasvino","description":"Vins &amp; Gastronomie","potentialAction":[{"@type":"SearchAction","target":{"@type":"EntryPoint","urlTemplate":"https:\/\/thomasvino.ch\/?s={search_term_string}"},"query-input":"required name=search_term_string"}],"inLanguage":"fr-FR"},{"@type":"Person","@id":"https:\/\/thomasvino.ch\/#\/schema\/person\/670bf4486fe81152cf1d68bd585e062e","name":"Pierre Thomas","image":{"@type":"ImageObject","inLanguage":"fr-FR","@id":"https:\/\/thomasvino.ch\/#\/schema\/person\/image\/","url":"https:\/\/secure.gravatar.com\/avatar\/91fd5a76647f140e53db987a0dead4d7?s=96&d=mm&r=g","contentUrl":"https:\/\/secure.gravatar.com\/avatar\/91fd5a76647f140e53db987a0dead4d7?s=96&d=mm&r=g","caption":"Pierre Thomas"},"url":"https:\/\/thomasvino.ch\/?author=3"}]}},"jetpack_featured_media_url":"","jetpack_sharing_enabled":true,"jetpack_shortlink":"https:\/\/wp.me\/p3m4tZ-3WQ","jetpack_likes_enabled":false,"jetpack-related-posts":[{"id":14473,"url":"https:\/\/thomasvino.ch\/?p=14473","url_meta":{"origin":15180,"position":0},"title":"Chasselas: la course aux m\u00e9dailles","date":"22 juillet 2017","format":false,"excerpt":"Concours mondial du chasselas, \u00e0 Aigle, S\u00e9lection des vins vaudois et Grand Prix du Vin Suisse \u00e0 Sierre. Les chasselas, vaudois notamment, se poussent en masse pour d\u00e9crocher des m\u00e9dailles d\u2019or dans les trois comp\u00e9titions. Pourtant, en cette ann\u00e9e 2017, \u00e7a n\u2019est pas un chasselas qui a d\u00e9croch\u00e9 la meilleure\u2026","rel":"","context":"Dans &quot;Vins suisses&quot;","img":{"alt_text":"","src":"https:\/\/i0.wp.com\/thomasvino.ch\/wp-content\/uploads\/2017\/07\/IMG_8589-225x300.jpg?resize=350%2C200&ssl=1","width":350,"height":200},"classes":[]},{"id":12106,"url":"https:\/\/thomasvino.ch\/?p=12106","url_meta":{"origin":15180,"position":1},"title":"Pluie d\u2019or sur les chasselas vaudois","date":"24 juillet 2014","format":false,"excerpt":"L\u2019honneur du chasselas vaudois est sauf\u00a0: le 10 juillet, \u00e0 Montreux, c\u2019est le Calamin L\u2019Arp\u00e8ge 2013, de Jean-Luc Blondel, \u00e0 Cully, qui a remport\u00e9 le titre de champion de la S\u00e9lection vaudoise 2014, non seulement en chasselas, mais en note absolue du concours, avec 94,4\/100 points (remportant le \u00abtroph\u00e9e master\u00bb).\u2026","rel":"","context":"Dans &quot;Actus - News&quot;","img":{"alt_text":"","src":"","width":0,"height":0},"classes":[]},{"id":9651,"url":"https:\/\/thomasvino.ch\/?p=9651","url_meta":{"origin":15180,"position":2},"title":"Vaud \u2014 Les vins prim\u00e9s en 2005","date":"13 juillet 2005","format":false,"excerpt":"Vins vaudois dans les concours internationaux 2005 Chasselas en or \u00e0 Bruxelles Les vins vaudois ont mieux brill\u00e9 \u00e0 Bruxelles, en Bourgogne et \u00e0 Bordeaux qu\u2019\u00e0 Paris, dans les concours internationaux du d\u00e9but de l\u2019ann\u00e9e. Fait rare, un chasselas 2003 de La C\u00f4te, de surcro\u00eet original dans sa d\u00e9marche, est\u2026","rel":"","context":"Dans &quot;Vins suisses&quot;","img":{"alt_text":"","src":"","width":0,"height":0},"classes":[]},{"id":9415,"url":"https:\/\/thomasvino.ch\/?p=9415","url_meta":{"origin":15180,"position":3},"title":"S\u00e9lection vaudoise 2012: un rouge de Pully au sommet","date":"27 juillet 2012","format":false,"excerpt":"A l\u2019occasion du tournoi de tennis de Gstaad, d\u00e9but juillet, qu\u2019il parrainait pour la derni\u00e8re fois, l\u2019Office des vins vaudois a pr\u00e9sent\u00e9 ses champions. Sur 1111 vins pr\u00e9sent\u00e9s en d\u00e9gustation anonyme, \u00e0 l\u2019aveugle, 328 ont \u00e9t\u00e9 prim\u00e9s. Avec un vainqueur\u00a0: un assemblage rouge Domaine Rochettaz de la Commune de Pully\u2026","rel":"","context":"Dans &quot;Vins suisses&quot;","img":{"alt_text":"","src":"","width":0,"height":0},"classes":[]},{"id":12912,"url":"https:\/\/thomasvino.ch\/?p=12912","url_meta":{"origin":15180,"position":4},"title":"Des concours, du chasselas et une surprise !","date":"29 juillet 2015","format":false,"excerpt":"S\u00e9lection vaudoise et Mondial du Chasselas se t\u00e9lescopent en \u00e9t\u00e9. Surprise au final, dans le verre\u00a0: c\u2019est un pinot noir de La C\u00f4te qui d\u00e9croche le Graal de \u00abmeilleur vin vaudois\u00bb. Multipliez les concours et vous aurez des r\u00e9sultats divers et vari\u00e9s. Sauf quelques exceptions o\u00f9 les journalistes ont jou\u00e9\u2026","rel":"","context":"Dans &quot;Vins suisses&quot;","img":{"alt_text":"","src":"","width":0,"height":0},"classes":[]},{"id":14432,"url":"https:\/\/thomasvino.ch\/?p=14432","url_meta":{"origin":15180,"position":5},"title":"Mondial du Chasselas 2017  Une \u00ab\u00e9p\u00e9cl\u00e9e\u00bb de m\u00e9dailles d\u2019or","date":"23 juin 2017","format":false,"excerpt":"Pr\u00e8s de trois vins sur quatre sont repartis bredouille du 6\u00e8me Concours Mondial du Chasselas, \u00e0 Aigle, dont les r\u00e9sultats ont \u00e9t\u00e9 publi\u00e9s aujourd'hui. Mais cela fait tout de m\u00eame 152 m\u00e9dailles d\u2019or (19,2 %) et 56 d\u2019argent (7.1%) attribu\u00e9es. Et c\u2019est un F\u00e9chy AOC La C\u00f4te, d'un groupement de\u2026","rel":"","context":"Dans &quot;Actus - News&quot;","img":{"alt_text":"","src":"","width":0,"height":0},"classes":[]}],"_links":{"self":[{"href":"https:\/\/thomasvino.ch\/index.php?rest_route=\/wp\/v2\/posts\/15180"}],"collection":[{"href":"https:\/\/thomasvino.ch\/index.php?rest_route=\/wp\/v2\/posts"}],"about":[{"href":"https:\/\/thomasvino.ch\/index.php?rest_route=\/wp\/v2\/types\/post"}],"author":[{"embeddable":true,"href":"https:\/\/thomasvino.ch\/index.php?rest_route=\/wp\/v2\/users\/3"}],"replies":[{"embeddable":true,"href":"https:\/\/thomasvino.ch\/index.php?rest_route=%2Fwp%2Fv2%2Fcomments&post=15180"}],"version-history":[{"count":0,"href":"https:\/\/thomasvino.ch\/index.php?rest_route=\/wp\/v2\/posts\/15180\/revisions"}],"wp:attachment":[{"href":"https:\/\/thomasvino.ch\/index.php?rest_route=%2Fwp%2Fv2%2Fmedia&parent=15180"}],"wp:term":[{"taxonomy":"category","embeddable":true,"href":"https:\/\/thomasvino.ch\/index.php?rest_route=%2Fwp%2Fv2%2Fcategories&post=15180"},{"taxonomy":"post_tag","embeddable":true,"href":"https:\/\/thomasvino.ch\/index.php?rest_route=%2Fwp%2Fv2%2Ftags&post=15180"}],"curies":[{"name":"wp","href":"https:\/\/api.w.org\/{rel}","templated":true}]}}