{"id":15184,"date":"2018-07-04T08:04:59","date_gmt":"2018-07-04T07:04:59","guid":{"rendered":"https:\/\/thomasvino.ch\/?p=15184"},"modified":"2018-07-08T11:23:20","modified_gmt":"2018-07-08T10:23:20","slug":"selection-vins-de-geneve-2018-pinot-pinacle","status":"publish","type":"post","link":"https:\/\/thomasvino.ch\/?p=15184","title":{"rendered":"S\u00e9lection des vins de Gen\u00e8ve 2018 \u2014\u00a0encore un pinot au pinacle\u00a0!o"},"content":{"rendered":"<p><strong>Les d\u00e9gustateurs de la 19<sup>\u00e8me<\/sup>S\u00e9lection des vins de Gen\u00e8ve aiment <em>\u00ableur\u00bb<\/em> pinot noir\u00a0: en quatre ans, voil\u00e0 trois fois qu\u2019un pinot s\u2019impose\u00a0! Et le\u00a0troph\u00e9e du <em>\u00absanglier\u00bb<\/em> du vin le mieux not\u00e9 revient au Domaine de l\u2019Etat de Gen\u00e8ve, qui \u00e9trennait jeudi 20 juin, dans la cour de l\u2019H\u00f4tel-de-Ville, son nouveau ministre de l\u2019agriculture, le <em>\u00abvert\u00bb<\/em> Antonio Hodgers, successeur de Luc Barthassat.<\/strong><\/p>\n<p><em>Par Pierre Thomas<\/em><\/p>\n<p>Ce pinot noir est un 2015, riche, balsamique et chaleureux, \u00e9lev\u00e9 en f\u00fbt par Thierry Anex, au domaine exp\u00e9rimental de Lully, o\u00f9 il n\u2019a pas encore \u00e9t\u00e9 propos\u00e9 \u00e0 la vente. C\u2019est ce rouge qui a \u00e9t\u00e9 le mieux point\u00e9 devant 532 autres vins, de 59 domaines. Pas de record en vue, mais une ann\u00e9e \u00e0 la baisse, en raison du gel du printemps 2017, a expliqu\u00e9 <strong>Dominique Maigre<\/strong>, le pr\u00e9sident de ce concours cantonal, lors de la remise des prix, diffus\u00e9e <strong><a href=\"http:\/\/www.lemanbleu.ch\/replay\/video.html?VideoID=35524#\">en direct sur la t\u00e9l\u00e9 locale L\u00e9man-Bleu<\/a><\/strong>.<\/p>\n<p>Sur les 56 m\u00e9dailles d\u2019or, certains domaines en ont remport\u00e9 une jolie brass\u00e9e\u00a0: 4 pour le <strong>Ch\u00e2teau du Crest<\/strong>, le <strong>Domaine du Paradis<\/strong>, et <strong>Les Hutins<\/strong>, 5 pour <strong>la cave Les Bossons<\/strong>, de <strong>Laure Leyvraz<\/strong>, et pour <strong>La Vigne Blanche<\/strong>, de <strong>Sarah Meylan<\/strong>. Et m\u00eame 7 vins en or pour <strong>Les Perri\u00e8res<\/strong>, de la famille <strong>Rochaix<\/strong>, repr\u00e9sent\u00e9e par l\u2019\u0153nologue <strong>S\u00e9bastien Schwarz<\/strong>.<\/p>\n<p>Plusieurs des m\u00eames caves ont re\u00e7u les prix sp\u00e9ciaux. Les Vieux-Grenadiers, pas pr\u00e8s d\u2019accepter les femmes dans leur v\u00e9n\u00e9rable compagnie \u2014 et quelques sifflets dans la foule\u00a0! \u2014 ont r\u00e9compens\u00e9 du bien nomm\u00e9 prix <em>\u00abTradition\u00bb<\/em>\u2026 une vigneronne, <strong>Sarah Meylan<\/strong>, pour le meilleur duo gamay-chasselas, les deux c\u00e9pages embl\u00e9matiques de la R\u00e9publique ( respectivement 48 et 39 \u00e9chantillons jug\u00e9s). L\u2019Ecole h\u00f4teli\u00e8re de Gen\u00e8ve a distingu\u00e9 le muscat sec 2017 de <strong>Marc Ramu<\/strong> au <strong>Clos des Pins<\/strong>.<\/p>\n<p><a href=\"https:\/\/thomasvino.ch\/?attachment_id=15185\" rel=\"attachment wp-att-15185\"><img data-attachment-id=\"15185\" data-permalink=\"https:\/\/thomasvino.ch\/?attachment_id=15185\" data-orig-file=\"https:\/\/i0.wp.com\/thomasvino.ch\/wp-content\/uploads\/2018\/06\/hg_selecGE18.jpg?fit=2048%2C1366&amp;ssl=1\" data-orig-size=\"2048,1366\" data-comments-opened=\"0\" data-image-meta=\"{&quot;aperture&quot;:&quot;0&quot;,&quot;credit&quot;:&quot;&quot;,&quot;camera&quot;:&quot;&quot;,&quot;caption&quot;:&quot;&quot;,&quot;created_timestamp&quot;:&quot;0&quot;,&quot;copyright&quot;:&quot;&quot;,&quot;focal_length&quot;:&quot;0&quot;,&quot;iso&quot;:&quot;0&quot;,&quot;shutter_speed&quot;:&quot;0&quot;,&quot;title&quot;:&quot;&quot;,&quot;orientation&quot;:&quot;1&quot;}\" data-image-title=\"hg_selecGE18\" data-image-description=\"\" data-image-caption=\"\" data-medium-file=\"https:\/\/i0.wp.com\/thomasvino.ch\/wp-content\/uploads\/2018\/06\/hg_selecGE18.jpg?fit=300%2C200&amp;ssl=1\" data-large-file=\"https:\/\/i0.wp.com\/thomasvino.ch\/wp-content\/uploads\/2018\/06\/hg_selecGE18.jpg?fit=1024%2C683&amp;ssl=1\" loading=\"lazy\" src=\"https:\/\/i0.wp.com\/thomasvino.ch\/wp-content\/uploads\/2018\/06\/hg_selecGE18.jpg?resize=300%2C200&#038;ssl=1\" class=\"size-medium aligncenter wp-image-15185\" width=\"300\" height=\"200\" alt=\"\" srcset=\"https:\/\/i0.wp.com\/thomasvino.ch\/wp-content\/uploads\/2018\/06\/hg_selecGE18.jpg?resize=300%2C200&amp;ssl=1 300w, https:\/\/i0.wp.com\/thomasvino.ch\/wp-content\/uploads\/2018\/06\/hg_selecGE18.jpg?resize=768%2C512&amp;ssl=1 768w, https:\/\/i0.wp.com\/thomasvino.ch\/wp-content\/uploads\/2018\/06\/hg_selecGE18.jpg?resize=1024%2C683&amp;ssl=1 1024w, https:\/\/i0.wp.com\/thomasvino.ch\/wp-content\/uploads\/2018\/06\/hg_selecGE18.jpg?resize=140%2C94&amp;ssl=1 140w, https:\/\/i0.wp.com\/thomasvino.ch\/wp-content\/uploads\/2018\/06\/hg_selecGE18.jpg?w=2048&amp;ssl=1 2048w\" sizes=\"(max-width: 300px) 100vw, 300px\" data-recalc-dims=\"1\" \/><\/a><\/p>\n<h3>\u00abLa vie du vignoble\u00bb en successions<\/h3>\n<p>Quant \u00e0 l\u2019association des cafetiers restaurateurs, elle a choisi le meilleur ros\u00e9 (55 \u00e9chantillons pr\u00e9sent\u00e9s), un ros\u00e9 de garanoir 2017, du <strong>Domaine du Paradis<\/strong>. L\u2019occasion de rendre hommage \u00e0 feu son patron, d\u00e9c\u00e9d\u00e9 il y a peu, \u00e0 63 ans, <strong>Roger Burgdorfer,<\/strong> un pr\u00e9curseur dynamique du renouveau du vignoble genevois, \u00e0 qui succ\u00e8de son fils, <strong>J\u00e9r\u00e9mie<\/strong>.<\/p>\n<p>Autre s\u00e9quence \u00e9motion, pour le Breton d\u2019origine <strong>Bernard Bosseau<\/strong> \u2014 en pull marin ray\u00e9 noir et blanc\u2026 Il a certes re\u00e7u deux prix, l\u2019un pour un \u00e9tonnant mousseux, un pur blanc de blanc issu de chardonnay, l\u2019extra-brut <em>Azimut<\/em>, du mill\u00e9sime 2012, gard\u00e9 sur lattes 36 mois et d\u00e9gorg\u00e9 en mars 2017. Et, encore, le prix de la presse, pour son <em>Esprit de Gen\u00e8ve 2015<\/em>, l\u2019assemblage qui privil\u00e9gie le gamay (60%), que ce vinificateur a choisi de marier au gamaret (30%) et au garanoir (10%), \u00e9lev\u00e9s en barriques, quintessence des assemblages rouges genevois (73 \u00e9chantillons jug\u00e9s). Mais, surtout, depuis 22 ans \u00e0 Gen\u00e8ve, <strong>Bernard Bosseau<\/strong> va troquer cette ann\u00e9e ledomaine de <strong>La Planta, <\/strong>\u00e0 Dardagny (11 hectares) contre la <strong>Cave de S\u00e9zenove<\/strong>, 8 hectares. Le premier sera repris par<strong> Fr\u00e9d\u00e9ric et Jean-David Gaillard<\/strong>, les fils du propri\u00e9taire, d\u00e9c\u00e9d\u00e9 il y a vingt ans, quand ils \u00e9taient enfants. Ils ont suivi Changins et sont pr\u00eats, d\u00e9sormais, \u00e0 reprendre la propri\u00e9t\u00e9 familiale. Quant au mari de <strong>Claude Bocquet-Thonney<\/strong>, \u00e0 S\u00e9zenove, qui fut pr\u00e9sidente des vignerons-encaveurs ind\u00e9pendants, il est d\u00e9c\u00e9d\u00e9 il y a quelques mois. Ces circonstances ont permis \u00e0 <strong>Bernard Bosseau<\/strong> de rester dans la vignoble genevois et de continuer \u00e0 faire ses propres vins\u00a0: <em>\u00abSi le terroir n\u2019est pas le m\u00eame, l\u2019enc\u00e9pagement est quasiment identique, mais j\u2019envisage d\u2019ores et d\u00e9j\u00e0 un assemblage blanc de chardonnay-sauvignon et un rouge de syrah-merlot\u00bb<\/em>. Et il vinifiera toujours <em>\u00ab\u00e0 fa\u00e7on\u00bb<\/em> pour plusieurs domaines, comme celui des <strong>Bonnettes<\/strong>, \u00e0 Lully, de <strong>Dominique Maigre<\/strong>, et le <strong>Ch\u00e2teau des Bois<\/strong> \u00e0 Satigny, de la famille <strong>van Berchem<\/strong>. C\u2019est aussi \u00e7a, les s\u00e9lections cantonales\u00a0: l\u2019occasion de faire le point, chaque d\u00e9but d\u2019\u00e9t\u00e9, sur l\u2019actualit\u00e9 du vignoble.<\/p>\n<p><em>Sur le net<\/em><\/p>\n<p><strong><a href=\"http:\/\/www.ge.ch\/document\/palmares-2018-selection-vins-geneve\">www.ge.ch\/document\/palmares-2018-selection-vins-geneve<\/a><\/strong><\/p>\n<p><em>Paru dans <\/em>H\u00f4tellerie &amp; Gastronomie Hebdo<em> du 3 juillet 2018<\/em><\/p>\n<p><em>\u00a9thomasvino.ch<\/em><\/p>\n","protected":false},"excerpt":{"rendered":"<p>Les d\u00e9gustateurs de la 19\u00e8meS\u00e9lection des vins de Gen\u00e8ve aiment \u00ableur\u00bb pinot noir\u00a0: en quatre ans, voil\u00e0 trois fois qu\u2019un pinot s\u2019impose\u00a0! Et le\u00a0troph\u00e9e du \u00absanglier\u00bb du vin le mieux not\u00e9 revient au Domaine de l\u2019Etat de Gen\u00e8ve, qui \u00e9trennait jeudi 20 juin, dans la cour de l\u2019H\u00f4tel-de-Ville, son nouveau ministre de l\u2019agriculture, le \u00abvert\u00bb [&hellip;]<\/p>\n","protected":false},"author":3,"featured_media":0,"comment_status":"closed","ping_status":"open","sticky":false,"template":"","format":"standard","meta":{"_monsterinsights_skip_tracking":false,"_monsterinsights_sitenote_active":false,"_monsterinsights_sitenote_note":"","_monsterinsights_sitenote_category":0,"jetpack_post_was_ever_published":false,"jetpack_publicize_message":"","jetpack_is_tweetstorm":false,"jetpack_publicize_feature_enabled":true,"jetpack_social_post_already_shared":true,"jetpack_social_options":{"image_generator_settings":{"template":"highway","enabled":false}}},"categories":[3],"tags":[],"jetpack_publicize_connections":[],"yoast_head":"<!-- This site is optimized with the Yoast SEO plugin v20.6 - https:\/\/yoast.com\/wordpress\/plugins\/seo\/ -->\n<title>S\u00e9lection des vins de Gen\u00e8ve 2018 \u2014\u00a0encore un pinot au pinacle\u00a0!o - thomasvino<\/title>\n<meta name=\"robots\" content=\"index, follow, max-snippet:-1, max-image-preview:large, max-video-preview:-1\" \/>\n<link rel=\"canonical\" href=\"https:\/\/thomasvino.ch\/?p=15184\" \/>\n<meta property=\"og:locale\" content=\"fr_FR\" \/>\n<meta property=\"og:type\" content=\"article\" \/>\n<meta property=\"og:title\" content=\"S\u00e9lection des vins de Gen\u00e8ve 2018 \u2014\u00a0encore un pinot au pinacle\u00a0!o - thomasvino\" \/>\n<meta property=\"og:description\" content=\"Les d\u00e9gustateurs de la 19\u00e8meS\u00e9lection des vins de Gen\u00e8ve aiment \u00ableur\u00bb pinot noir\u00a0: en quatre ans, voil\u00e0 trois fois qu\u2019un pinot s\u2019impose\u00a0! Et le\u00a0troph\u00e9e du \u00absanglier\u00bb du vin le mieux not\u00e9 revient au Domaine de l\u2019Etat de Gen\u00e8ve, qui \u00e9trennait jeudi 20 juin, dans la cour de l\u2019H\u00f4tel-de-Ville, son nouveau ministre de l\u2019agriculture, le \u00abvert\u00bb [&hellip;]\" \/>\n<meta property=\"og:url\" content=\"https:\/\/thomasvino.ch\/?p=15184\" \/>\n<meta property=\"og:site_name\" content=\"thomasvino\" \/>\n<meta property=\"article:published_time\" content=\"2018-07-04T07:04:59+00:00\" \/>\n<meta property=\"article:modified_time\" content=\"2018-07-08T10:23:20+00:00\" \/>\n<meta property=\"og:image\" content=\"https:\/\/thomasvino.ch\/wp-content\/uploads\/2018\/06\/hg_selecGE18-300x200.jpg\" \/>\n<meta name=\"author\" content=\"Pierre Thomas\" \/>\n<meta name=\"twitter:label1\" content=\"\u00c9crit par\" \/>\n\t<meta name=\"twitter:data1\" content=\"Pierre Thomas\" \/>\n\t<meta name=\"twitter:label2\" content=\"Dur\u00e9e de lecture estim\u00e9e\" \/>\n\t<meta name=\"twitter:data2\" content=\"4 minutes\" \/>\n<script type=\"application\/ld+json\" class=\"yoast-schema-graph\">{\"@context\":\"https:\/\/schema.org\",\"@graph\":[{\"@type\":\"WebPage\",\"@id\":\"https:\/\/thomasvino.ch\/?p=15184\",\"url\":\"https:\/\/thomasvino.ch\/?p=15184\",\"name\":\"S\u00e9lection des vins de Gen\u00e8ve 2018 \u2014\u00a0encore un pinot au pinacle\u00a0!o - thomasvino\",\"isPartOf\":{\"@id\":\"https:\/\/thomasvino.ch\/#website\"},\"datePublished\":\"2018-07-04T07:04:59+00:00\",\"dateModified\":\"2018-07-08T10:23:20+00:00\",\"author\":{\"@id\":\"https:\/\/thomasvino.ch\/#\/schema\/person\/670bf4486fe81152cf1d68bd585e062e\"},\"breadcrumb\":{\"@id\":\"https:\/\/thomasvino.ch\/?p=15184#breadcrumb\"},\"inLanguage\":\"fr-FR\",\"potentialAction\":[{\"@type\":\"ReadAction\",\"target\":[\"https:\/\/thomasvino.ch\/?p=15184\"]}]},{\"@type\":\"BreadcrumbList\",\"@id\":\"https:\/\/thomasvino.ch\/?p=15184#breadcrumb\",\"itemListElement\":[{\"@type\":\"ListItem\",\"position\":1,\"name\":\"Accueil\",\"item\":\"https:\/\/thomasvino.ch\/\"},{\"@type\":\"ListItem\",\"position\":2,\"name\":\"S\u00e9lection des vins de Gen\u00e8ve 2018 \u2014\u00a0encore un pinot au pinacle\u00a0!o\"}]},{\"@type\":\"WebSite\",\"@id\":\"https:\/\/thomasvino.ch\/#website\",\"url\":\"https:\/\/thomasvino.ch\/\",\"name\":\"thomasvino\",\"description\":\"Vins &amp; Gastronomie\",\"potentialAction\":[{\"@type\":\"SearchAction\",\"target\":{\"@type\":\"EntryPoint\",\"urlTemplate\":\"https:\/\/thomasvino.ch\/?s={search_term_string}\"},\"query-input\":\"required name=search_term_string\"}],\"inLanguage\":\"fr-FR\"},{\"@type\":\"Person\",\"@id\":\"https:\/\/thomasvino.ch\/#\/schema\/person\/670bf4486fe81152cf1d68bd585e062e\",\"name\":\"Pierre Thomas\",\"image\":{\"@type\":\"ImageObject\",\"inLanguage\":\"fr-FR\",\"@id\":\"https:\/\/thomasvino.ch\/#\/schema\/person\/image\/\",\"url\":\"https:\/\/secure.gravatar.com\/avatar\/91fd5a76647f140e53db987a0dead4d7?s=96&d=mm&r=g\",\"contentUrl\":\"https:\/\/secure.gravatar.com\/avatar\/91fd5a76647f140e53db987a0dead4d7?s=96&d=mm&r=g\",\"caption\":\"Pierre Thomas\"},\"url\":\"https:\/\/thomasvino.ch\/?author=3\"}]}<\/script>\n<!-- \/ Yoast SEO plugin. -->","yoast_head_json":{"title":"S\u00e9lection des vins de Gen\u00e8ve 2018 \u2014\u00a0encore un pinot au pinacle\u00a0!o - thomasvino","robots":{"index":"index","follow":"follow","max-snippet":"max-snippet:-1","max-image-preview":"max-image-preview:large","max-video-preview":"max-video-preview:-1"},"canonical":"https:\/\/thomasvino.ch\/?p=15184","og_locale":"fr_FR","og_type":"article","og_title":"S\u00e9lection des vins de Gen\u00e8ve 2018 \u2014\u00a0encore un pinot au pinacle\u00a0!o - thomasvino","og_description":"Les d\u00e9gustateurs de la 19\u00e8meS\u00e9lection des vins de Gen\u00e8ve aiment \u00ableur\u00bb pinot noir\u00a0: en quatre ans, voil\u00e0 trois fois qu\u2019un pinot s\u2019impose\u00a0! Et le\u00a0troph\u00e9e du \u00absanglier\u00bb du vin le mieux not\u00e9 revient au Domaine de l\u2019Etat de Gen\u00e8ve, qui \u00e9trennait jeudi 20 juin, dans la cour de l\u2019H\u00f4tel-de-Ville, son nouveau ministre de l\u2019agriculture, le \u00abvert\u00bb [&hellip;]","og_url":"https:\/\/thomasvino.ch\/?p=15184","og_site_name":"thomasvino","article_published_time":"2018-07-04T07:04:59+00:00","article_modified_time":"2018-07-08T10:23:20+00:00","og_image":[{"url":"https:\/\/thomasvino.ch\/wp-content\/uploads\/2018\/06\/hg_selecGE18-300x200.jpg"}],"author":"Pierre Thomas","twitter_misc":{"\u00c9crit par":"Pierre Thomas","Dur\u00e9e de lecture estim\u00e9e":"4 minutes"},"schema":{"@context":"https:\/\/schema.org","@graph":[{"@type":"WebPage","@id":"https:\/\/thomasvino.ch\/?p=15184","url":"https:\/\/thomasvino.ch\/?p=15184","name":"S\u00e9lection des vins de Gen\u00e8ve 2018 \u2014\u00a0encore un pinot au pinacle\u00a0!o - thomasvino","isPartOf":{"@id":"https:\/\/thomasvino.ch\/#website"},"datePublished":"2018-07-04T07:04:59+00:00","dateModified":"2018-07-08T10:23:20+00:00","author":{"@id":"https:\/\/thomasvino.ch\/#\/schema\/person\/670bf4486fe81152cf1d68bd585e062e"},"breadcrumb":{"@id":"https:\/\/thomasvino.ch\/?p=15184#breadcrumb"},"inLanguage":"fr-FR","potentialAction":[{"@type":"ReadAction","target":["https:\/\/thomasvino.ch\/?p=15184"]}]},{"@type":"BreadcrumbList","@id":"https:\/\/thomasvino.ch\/?p=15184#breadcrumb","itemListElement":[{"@type":"ListItem","position":1,"name":"Accueil","item":"https:\/\/thomasvino.ch\/"},{"@type":"ListItem","position":2,"name":"S\u00e9lection des vins de Gen\u00e8ve 2018 \u2014\u00a0encore un pinot au pinacle\u00a0!o"}]},{"@type":"WebSite","@id":"https:\/\/thomasvino.ch\/#website","url":"https:\/\/thomasvino.ch\/","name":"thomasvino","description":"Vins &amp; Gastronomie","potentialAction":[{"@type":"SearchAction","target":{"@type":"EntryPoint","urlTemplate":"https:\/\/thomasvino.ch\/?s={search_term_string}"},"query-input":"required name=search_term_string"}],"inLanguage":"fr-FR"},{"@type":"Person","@id":"https:\/\/thomasvino.ch\/#\/schema\/person\/670bf4486fe81152cf1d68bd585e062e","name":"Pierre Thomas","image":{"@type":"ImageObject","inLanguage":"fr-FR","@id":"https:\/\/thomasvino.ch\/#\/schema\/person\/image\/","url":"https:\/\/secure.gravatar.com\/avatar\/91fd5a76647f140e53db987a0dead4d7?s=96&d=mm&r=g","contentUrl":"https:\/\/secure.gravatar.com\/avatar\/91fd5a76647f140e53db987a0dead4d7?s=96&d=mm&r=g","caption":"Pierre Thomas"},"url":"https:\/\/thomasvino.ch\/?author=3"}]}},"jetpack_featured_media_url":"","jetpack_sharing_enabled":true,"jetpack_shortlink":"https:\/\/wp.me\/p3m4tZ-3WU","jetpack_likes_enabled":false,"jetpack-related-posts":[{"id":9811,"url":"https:\/\/thomasvino.ch\/?p=9811","url_meta":{"origin":15184,"position":0},"title":"Vins suisses \u2014 Moins de m\u00e9dailles d&rsquo;or \u00e0 Gen\u00e8ve: bravo!","date":"6 juillet 2006","format":false,"excerpt":"Vins suissesGen\u00e8ve limite les m\u00e9dailles d'or En 2006, les S\u00e9lections de Gen\u00e8ve ont donn\u00e9 lieu \u00e0 44 vins m\u00e9daill\u00e9s d\u2019or. C\u2019est deux fois moins qu\u2019en 2005, non pas que la qualit\u00e9 soit moindre, mais par volont\u00e9 de limiter la plus haute distinction \u00e0 10% des vins pr\u00e9sent\u00e9s, a expliqu\u00e9, mi-juin,\u2026","rel":"","context":"Dans &quot;Actus - News&quot;","img":{"alt_text":"","src":"","width":0,"height":0},"classes":[]},{"id":14461,"url":"https:\/\/thomasvino.ch\/?p=14461","url_meta":{"origin":15184,"position":1},"title":"Les assemblages rouges, champions genevois 2017","date":"6 juillet 2017","format":false,"excerpt":"Avec 14 vins m\u00e9daill\u00e9s d\u2019or (sur 55), les assemblages rouges sont les grands triomphateurs de la 18\u00e8me S\u00e9lection des vins de Gen\u00e8ve. Une cave, le Ch\u00e2teau du Crest, \u00e0 Jussy, a obtenu cinq m\u00e9dailles d\u2019or et d\u00e9croch\u00e9 le meilleur pointage du concours. Un \u0153nologue a fait encore mieux\u00a0: S\u00e9bastien Schwarz.\u2026","rel":"","context":"Dans &quot;Actus - News&quot;","img":{"alt_text":"","src":"","width":0,"height":0},"classes":[]},{"id":12811,"url":"https:\/\/thomasvino.ch\/?p=12811","url_meta":{"origin":15184,"position":2},"title":"S\u00e9lections des Trois-Lacs et de Gen\u00e8ve 2015et leur lot de surprises&#8230;","date":"25 juin 2015","format":false,"excerpt":"Coup sur coup, la plus r\u00e9cente et la plus ancienne des s\u00e9lections cantonales de vins en Suisse romande ont livr\u00e9 leur verdict, les 16 et 17 juin 2015. La r\u00e9gion des Trois-Lacs, enfin concr\u00e9tis\u00e9e \u00e0 ce niveau, et le pionnier, Gen\u00e8ve, ont f\u00eat\u00e9 leurs\u00a0\u00abmeilleurs\u00bb vins, \u00e9lus parmi plus de mille\u2026","rel":"","context":"Dans &quot;Vins suisses&quot;","img":{"alt_text":"","src":"https:\/\/i0.wp.com\/www.thomasvino.ch\/wp-content\/uploads\/2015\/06\/selecGE_sebschwartz-300x200.jpg?resize=350%2C200","width":350,"height":200},"classes":[]},{"id":18470,"url":"https:\/\/thomasvino.ch\/?p=18470","url_meta":{"origin":15184,"position":3},"title":"25\u00e8me S\u00e9lection des vins de Gen\u00e8ve\u00a0: la der des der","date":"12 juin 2024","format":false,"excerpt":"Mardi soir 11 juin, les vignerons genevois ont \u00e9t\u00e9 r\u00e9compens\u00e9s pour leurs meilleurs vins : 60 m\u00e9dailles d\u2019or pour 552 vins d\u00e9gust\u00e9s. C\u2019\u00e9tait la 25\u00e8me \u00e9dition de ce concours cantonal, pr\u00e9sid\u00e9 par C\u00e9line Dugerdil. Le dernier auquel j\u2019ai assist\u00e9\u00a0: j\u2019ai renonc\u00e9, d\u00e8s l\u2019automne pass\u00e9, aux autres pr\u00e9sentations r\u00e9gionales, dont je\u2026","rel":"","context":"Dans &quot;Vins suisses&quot;","img":{"alt_text":"","src":"","width":0,"height":0},"classes":[]},{"id":9033,"url":"https:\/\/thomasvino.ch\/?p=9033","url_meta":{"origin":15184,"position":4},"title":"Gen\u00e8ve \u2014 Les vins genevois encore inconnus \u00e0 Zurich","date":"23 juin 2010","format":false,"excerpt":"March\u00e9 suisse \u00abLes vins genevois\u00a0? Inconnus \u00e0 Zurich\u00a0!\u00bb Pourquoi les vignerons genevois font-ils le d\u00e9placement \u00e0 Zurich et en Suisse al\u00e9manique\u00a0? La r\u00e9ponse de quelques acteurs, moyens et petits, sur un march\u00e9 qui est encore loin d\u2019\u00eatre \u00abm\u00fbr\u00bb, comme disent les \u00e9conomistes. En 2010, les S\u00e9lections de Gen\u00e8ve ont couronn\u00e9\u2026","rel":"","context":"Dans &quot;Vins suisses&quot;","img":{"alt_text":"","src":"","width":0,"height":0},"classes":[]},{"id":8866,"url":"https:\/\/thomasvino.ch\/?p=8866","url_meta":{"origin":15184,"position":5},"title":"Six nouveaux membres de la MDVS","date":"28 mars 2009","format":false,"excerpt":"Six nouveaux membres \u00e0 la MDVSLe tr\u00e9sor des vins suisses s\u2019enrichitLe projet de la M\u00e9moire des vins suisses (MDVS) se pr\u00e9sente comme le \u00abtr\u00e9sor du vin suisse\u00bb. A Gen\u00e8ve, il s\u2019est enrichi de six nouveaux membres.Par Pierre ThomasL\u2019id\u00e9e a jailli d\u2019une conversation entre le journaliste Stefan Keller et le producteur\u2026","rel":"","context":"Dans &quot;Vins suisses&quot;","img":{"alt_text":"","src":"","width":0,"height":0},"classes":[]}],"_links":{"self":[{"href":"https:\/\/thomasvino.ch\/index.php?rest_route=\/wp\/v2\/posts\/15184"}],"collection":[{"href":"https:\/\/thomasvino.ch\/index.php?rest_route=\/wp\/v2\/posts"}],"about":[{"href":"https:\/\/thomasvino.ch\/index.php?rest_route=\/wp\/v2\/types\/post"}],"author":[{"embeddable":true,"href":"https:\/\/thomasvino.ch\/index.php?rest_route=\/wp\/v2\/users\/3"}],"replies":[{"embeddable":true,"href":"https:\/\/thomasvino.ch\/index.php?rest_route=%2Fwp%2Fv2%2Fcomments&post=15184"}],"version-history":[{"count":0,"href":"https:\/\/thomasvino.ch\/index.php?rest_route=\/wp\/v2\/posts\/15184\/revisions"}],"wp:attachment":[{"href":"https:\/\/thomasvino.ch\/index.php?rest_route=%2Fwp%2Fv2%2Fmedia&parent=15184"}],"wp:term":[{"taxonomy":"category","embeddable":true,"href":"https:\/\/thomasvino.ch\/index.php?rest_route=%2Fwp%2Fv2%2Fcategories&post=15184"},{"taxonomy":"post_tag","embeddable":true,"href":"https:\/\/thomasvino.ch\/index.php?rest_route=%2Fwp%2Fv2%2Ftags&post=15184"}],"curies":[{"name":"wp","href":"https:\/\/api.w.org\/{rel}","templated":true}]}}