{"id":15187,"date":"2018-07-04T08:14:49","date_gmt":"2018-07-04T07:14:49","guid":{"rendered":"https:\/\/thomasvino.ch\/?p=15187"},"modified":"2019-03-27T14:05:36","modified_gmt":"2019-03-27T13:05:36","slug":"lemballement-concours-gigognes","status":"publish","type":"post","link":"https:\/\/thomasvino.ch\/?p=15187","title":{"rendered":"Sortir des AOC actuelles, aussi long que pour le nucl\u00e9aire?"},"content":{"rendered":"<p><strong>La \u00abbranche\u00bb vitivinicole suisse, du c\u00f4t\u00e9 de la famille de la production et de l&rsquo;interprofession de la vigne et des vins suisses (IVVS), vient de r\u00e9pondre \u00e0 la consultation sur le passage du vignoble suisse en AOP-IGP<\/strong>. <strong><a href=\"https:\/\/thomasvino.ch\/?p=15620\">C&rsquo;est niet, pour l&rsquo;instant<\/a><\/strong>, avec, cas \u00e9ch\u00e9ant, une demande de surseoir au nouveau syst\u00e8me durant&#8230; dix ans!<strong> Il faudra donc presque autant de temps pour sortir des AOC suisses actuelles<\/strong>, qui n&rsquo;ont pas r\u00e9ussi \u00e0 freiner la chute de la consommation des vins indig\u00e8nes et de leur part de march\u00e9 \u00e0 35% seulement de la consommation totale, et adopter un syst\u00e8me plus performant, <strong>que pour sortir du nucl\u00e9aire<\/strong> et faire progresser les \u00e9nergies renouvelables!<\/p>\n<p>Pour la premi\u00e8re fois, le Concours mondial de Bruxelles (CMB), d\u00e9localis\u00e9 chaque ann\u00e9e, <strong><a href=\"https:\/\/thomasvino.ch\/?p=15601\">se tiendra en Suisse, \u00e0 Aigle<\/a><\/strong>, du 1er au 6 mai prochains. <strong>On attend une forte participation des vignerons suisses, r\u00e9guli\u00e8rement en nombre et bien class\u00e9s<\/strong>, <strong><a href=\"https:\/\/thomasvino.ch\/?p=15139\">comme l&rsquo;an pass\u00e9 \u00e0 P\u00e9kin<\/a>. <\/strong>Le d\u00e9lai pour pr\u00e9senter les \u00e9chantillons court <strong>jusqu&rsquo;au 11 mars, pour autant que le nombre de 9500 \u00e9chantillons n&rsquo;ait pas \u00e9t\u00e9 atteint avant.<\/strong>.. Le CMB publie aussi sa vision des <strong><a href=\"https:\/\/concoursmondial.com\/fr\/tendances-2019-dans-le-monde-du-vin\/\">tendances sur le march\u00e9 mondial du vin. <\/a><\/strong><\/p>\n<p>Apr\u00e8s <em>Mundus Vini,<\/em> dans le Palatinat allemand, d\u00e9sert\u00e9 par les vins suisses (21 en lice, une seule m\u00e9daille d&rsquo;or pour un pinot noir schaffhousois..), un <strong><a href=\"https:\/\/thomasvino.ch\/?p=15643\">cornalin, rouge du Vieux-Pays, a triomph\u00e9<\/a><\/strong> aux 25\u00e8mes <em>Vinalies internationales de Paris<\/em>.<\/p>\n<p>Comme ces derni\u00e8res ann\u00e9es, 2019 a d\u00e9but\u00e9 sur les chapeaux de roue: <strong><a href=\"https:\/\/thomasvino.ch\/?p=15573\">une tourn\u00e9e sur la rive gauche bordelaise<\/a> et ses plus prestigieux GC 1855<\/strong>, avec une extension en Sauternes et dans les Graves, puis <strong><a href=\"https:\/\/thomasvino.ch\/?p=15584\">une tourn\u00e9e ce mois de janvier au Pi\u00e9mont<\/a>!<\/strong> <strong>D\u00e9couvrez mes coups de c\u0153ur 2016 \u00e0 Bordeaux et mes notes de d\u00e9gustations 2015 et 2016 sur les <a href=\"https:\/\/thomasvino.ch\/?p=15594\">barolos, barbarescos &amp; co! \u00a0<\/a><\/strong>Et puis, \u00e0 l&rsquo;h\u00f4tel Waldhaus, \u00e0 Sils-Maria, dans les Grisons, <strong><a href=\"https:\/\/thomasvino.ch\/?p=15670\">j&rsquo;ai d\u00e9gust\u00e9 les vins de Vinotiv<\/a><\/strong>, un mouvement qui a tout juste 15 ans, champion du pinot noir, mais pas que&#8230;<\/p>\n<p>Ce sont mes premiers marathons 2019&#8230; Les suivants seront le<strong> Concours Mondial de Bruxelles \u00e0 Aigle<\/strong>\u00a0en mai et je me suis pr\u00e9par\u00e9 au suivant, d\u00e8s la mi-juillet, la <strong><a href=\"https:\/\/thomasvino.ch\/?p=15467\">F\u00eate des Vignerons de Vevey. \u00a0<\/a><\/strong><\/p>\n<p>A la visite des salons, qu&rsquo;ils se nomment ProWein (\u00e0 D\u00fcsseldorf), Vinitaly (\u00e0 V\u00e9rone), Vinexpo (\u00e0 Bordeaux) ou Expovina (\u00e0 Zurich), je pr\u00e9f\u00e8re les voyages dans le terrain: l&rsquo;excellent site fran\u00e7ais <strong><a href=\"https:\/\/www.vitisphere.com\/actualite-89230-Le-salon-ProWein-est-il-condamne-a-etre-la-victime-de-son-succes-.htm#utm_source=elettre_filiere\">Vitisph\u00e8re explique pourquoi.<\/a><\/strong>.. Et puis, vous avez rat\u00e9 le salon des vins nature(ls) de Fribourg et de Zurich \u00e0 mi-mars? Moi aussi, mais l\u00e0, vous pouvez, <strong><a href=\"https:\/\/www.binge.audio\/le-vin-nature-est-il-elitiste\/\">en 40 minutes, vous faire une id\u00e9e du Jajakistan<\/a><\/strong>!<\/p>\n<p>Rappel de 2018,\u00a0<strong><a href=\"https:\/\/thomasvino.ch\/?p=15436\">j&rsquo;\u00e9tais all\u00e9 faire un tour en Champagne<\/a><\/strong>: de petits vignerons jouent leur propre carte, originale, qui dictera le ton des grandes maisons, largement majoritaire avec leur BAS \u2014 le brut sans ann\u00e9e.<\/p>\n<p>Mais aussi&#8230;<\/p>\n<p>\u2014 <strong><a href=\"https:\/\/thomasvino.ch\/?p=15354\">la Chine, et le Ningxia<\/a><\/strong>, notamment, la r\u00e9gion la plus prometteuse;<\/p>\n<p>\u2014 <strong>la Toscane<\/strong>, pour quelques uns <strong><a href=\"https:\/\/thomasvino.ch\/?p=15129\">des meilleurs crus de la r\u00e9gion<\/a><\/strong>;<\/p>\n<p>\u2014 <strong>la\u00a0<a href=\"https:\/\/thomasvino.ch\/?p=15431\">Sardaigne<\/a><\/strong>, o\u00f9 le <strong><a href=\"https:\/\/thomasvino.ch\/?p=15226\">vermentino a r\u00e9ussi une perc\u00e9e spectaculaire<\/a><\/strong> parmi les blancs italiens;<\/p>\n<p>\u2014 <strong>le Chili<\/strong>, sur la trace de <strong><a href=\"https:\/\/thomasvino.ch\/?p=14847\">Suisses \u00e9tablis<\/a><\/strong> depuis plus d&rsquo;un si\u00e8cle au sud de Santiago;<\/p>\n<p>\u2014 <strong><a href=\"https:\/\/thomasvino.ch\/?p=15004\">la Moldavie<\/a><\/strong>, qui fut le dernier invit\u00e9 d&rsquo;honneur du salon Arvinis en terre vaudoise (il \u00e9migre \u00e0 Gen\u00e8ve, en automne de cette ann\u00e9e 2019).<\/p>\n<p><em>Pierre Thomas, journaliste ind\u00e9pendant (d&rsquo;esprit).<\/em><\/p>\n","protected":false},"excerpt":{"rendered":"<p>La \u00abbranche\u00bb vitivinicole suisse, du c\u00f4t\u00e9 de la famille de la production et de l&rsquo;interprofession de la vigne et des vins suisses (IVVS), vient de r\u00e9pondre \u00e0 la consultation sur le passage du vignoble suisse en AOP-IGP. C&rsquo;est niet, pour l&rsquo;instant, avec, cas \u00e9ch\u00e9ant, une demande de surseoir au nouveau syst\u00e8me durant&#8230; dix ans! Il [&hellip;]<\/p>\n","protected":false},"author":3,"featured_media":0,"comment_status":"closed","ping_status":"open","sticky":false,"template":"","format":"standard","meta":{"_monsterinsights_skip_tracking":false,"_monsterinsights_sitenote_active":false,"_monsterinsights_sitenote_note":"","_monsterinsights_sitenote_category":0,"jetpack_post_was_ever_published":false,"jetpack_publicize_message":"","jetpack_is_tweetstorm":false,"jetpack_publicize_feature_enabled":true,"jetpack_social_post_already_shared":true,"jetpack_social_options":{"image_generator_settings":{"template":"highway","enabled":false}}},"categories":[34],"tags":[],"jetpack_publicize_connections":[],"yoast_head":"<!-- This site is optimized with the Yoast SEO plugin v20.6 - https:\/\/yoast.com\/wordpress\/plugins\/seo\/ -->\n<title>Sortir des AOC actuelles, aussi long que pour le nucl\u00e9aire? - thomasvino<\/title>\n<meta name=\"robots\" content=\"index, follow, max-snippet:-1, max-image-preview:large, max-video-preview:-1\" \/>\n<link rel=\"canonical\" href=\"https:\/\/thomasvino.ch\/?p=15187\" \/>\n<meta property=\"og:locale\" content=\"fr_FR\" \/>\n<meta property=\"og:type\" content=\"article\" \/>\n<meta property=\"og:title\" content=\"Sortir des AOC actuelles, aussi long que pour le nucl\u00e9aire? - thomasvino\" \/>\n<meta property=\"og:description\" content=\"La \u00abbranche\u00bb vitivinicole suisse, du c\u00f4t\u00e9 de la famille de la production et de l&rsquo;interprofession de la vigne et des vins suisses (IVVS), vient de r\u00e9pondre \u00e0 la consultation sur le passage du vignoble suisse en AOP-IGP. C&rsquo;est niet, pour l&rsquo;instant, avec, cas \u00e9ch\u00e9ant, une demande de surseoir au nouveau syst\u00e8me durant&#8230; dix ans! Il [&hellip;]\" \/>\n<meta property=\"og:url\" content=\"https:\/\/thomasvino.ch\/?p=15187\" \/>\n<meta property=\"og:site_name\" content=\"thomasvino\" \/>\n<meta property=\"article:published_time\" content=\"2018-07-04T07:14:49+00:00\" \/>\n<meta property=\"article:modified_time\" content=\"2019-03-27T13:05:36+00:00\" \/>\n<meta name=\"author\" content=\"Pierre Thomas\" \/>\n<meta name=\"twitter:label1\" content=\"\u00c9crit par\" \/>\n\t<meta name=\"twitter:data1\" content=\"Pierre Thomas\" \/>\n\t<meta name=\"twitter:label2\" content=\"Dur\u00e9e de lecture estim\u00e9e\" \/>\n\t<meta name=\"twitter:data2\" content=\"3 minutes\" \/>\n<script type=\"application\/ld+json\" class=\"yoast-schema-graph\">{\"@context\":\"https:\/\/schema.org\",\"@graph\":[{\"@type\":\"WebPage\",\"@id\":\"https:\/\/thomasvino.ch\/?p=15187\",\"url\":\"https:\/\/thomasvino.ch\/?p=15187\",\"name\":\"Sortir des AOC actuelles, aussi long que pour le nucl\u00e9aire? - thomasvino\",\"isPartOf\":{\"@id\":\"https:\/\/thomasvino.ch\/#website\"},\"datePublished\":\"2018-07-04T07:14:49+00:00\",\"dateModified\":\"2019-03-27T13:05:36+00:00\",\"author\":{\"@id\":\"https:\/\/thomasvino.ch\/#\/schema\/person\/670bf4486fe81152cf1d68bd585e062e\"},\"breadcrumb\":{\"@id\":\"https:\/\/thomasvino.ch\/?p=15187#breadcrumb\"},\"inLanguage\":\"fr-FR\",\"potentialAction\":[{\"@type\":\"ReadAction\",\"target\":[\"https:\/\/thomasvino.ch\/?p=15187\"]}]},{\"@type\":\"BreadcrumbList\",\"@id\":\"https:\/\/thomasvino.ch\/?p=15187#breadcrumb\",\"itemListElement\":[{\"@type\":\"ListItem\",\"position\":1,\"name\":\"Accueil\",\"item\":\"https:\/\/thomasvino.ch\/\"},{\"@type\":\"ListItem\",\"position\":2,\"name\":\"Sortir des AOC actuelles, aussi long que pour le nucl\u00e9aire?\"}]},{\"@type\":\"WebSite\",\"@id\":\"https:\/\/thomasvino.ch\/#website\",\"url\":\"https:\/\/thomasvino.ch\/\",\"name\":\"thomasvino\",\"description\":\"Vins &amp; Gastronomie\",\"potentialAction\":[{\"@type\":\"SearchAction\",\"target\":{\"@type\":\"EntryPoint\",\"urlTemplate\":\"https:\/\/thomasvino.ch\/?s={search_term_string}\"},\"query-input\":\"required name=search_term_string\"}],\"inLanguage\":\"fr-FR\"},{\"@type\":\"Person\",\"@id\":\"https:\/\/thomasvino.ch\/#\/schema\/person\/670bf4486fe81152cf1d68bd585e062e\",\"name\":\"Pierre Thomas\",\"image\":{\"@type\":\"ImageObject\",\"inLanguage\":\"fr-FR\",\"@id\":\"https:\/\/thomasvino.ch\/#\/schema\/person\/image\/\",\"url\":\"https:\/\/secure.gravatar.com\/avatar\/91fd5a76647f140e53db987a0dead4d7?s=96&d=mm&r=g\",\"contentUrl\":\"https:\/\/secure.gravatar.com\/avatar\/91fd5a76647f140e53db987a0dead4d7?s=96&d=mm&r=g\",\"caption\":\"Pierre Thomas\"},\"url\":\"https:\/\/thomasvino.ch\/?author=3\"}]}<\/script>\n<!-- \/ Yoast SEO plugin. -->","yoast_head_json":{"title":"Sortir des AOC actuelles, aussi long que pour le nucl\u00e9aire? - thomasvino","robots":{"index":"index","follow":"follow","max-snippet":"max-snippet:-1","max-image-preview":"max-image-preview:large","max-video-preview":"max-video-preview:-1"},"canonical":"https:\/\/thomasvino.ch\/?p=15187","og_locale":"fr_FR","og_type":"article","og_title":"Sortir des AOC actuelles, aussi long que pour le nucl\u00e9aire? - thomasvino","og_description":"La \u00abbranche\u00bb vitivinicole suisse, du c\u00f4t\u00e9 de la famille de la production et de l&rsquo;interprofession de la vigne et des vins suisses (IVVS), vient de r\u00e9pondre \u00e0 la consultation sur le passage du vignoble suisse en AOP-IGP. C&rsquo;est niet, pour l&rsquo;instant, avec, cas \u00e9ch\u00e9ant, une demande de surseoir au nouveau syst\u00e8me durant&#8230; dix ans! Il [&hellip;]","og_url":"https:\/\/thomasvino.ch\/?p=15187","og_site_name":"thomasvino","article_published_time":"2018-07-04T07:14:49+00:00","article_modified_time":"2019-03-27T13:05:36+00:00","author":"Pierre Thomas","twitter_misc":{"\u00c9crit par":"Pierre Thomas","Dur\u00e9e de lecture estim\u00e9e":"3 minutes"},"schema":{"@context":"https:\/\/schema.org","@graph":[{"@type":"WebPage","@id":"https:\/\/thomasvino.ch\/?p=15187","url":"https:\/\/thomasvino.ch\/?p=15187","name":"Sortir des AOC actuelles, aussi long que pour le nucl\u00e9aire? - thomasvino","isPartOf":{"@id":"https:\/\/thomasvino.ch\/#website"},"datePublished":"2018-07-04T07:14:49+00:00","dateModified":"2019-03-27T13:05:36+00:00","author":{"@id":"https:\/\/thomasvino.ch\/#\/schema\/person\/670bf4486fe81152cf1d68bd585e062e"},"breadcrumb":{"@id":"https:\/\/thomasvino.ch\/?p=15187#breadcrumb"},"inLanguage":"fr-FR","potentialAction":[{"@type":"ReadAction","target":["https:\/\/thomasvino.ch\/?p=15187"]}]},{"@type":"BreadcrumbList","@id":"https:\/\/thomasvino.ch\/?p=15187#breadcrumb","itemListElement":[{"@type":"ListItem","position":1,"name":"Accueil","item":"https:\/\/thomasvino.ch\/"},{"@type":"ListItem","position":2,"name":"Sortir des AOC actuelles, aussi long que pour le nucl\u00e9aire?"}]},{"@type":"WebSite","@id":"https:\/\/thomasvino.ch\/#website","url":"https:\/\/thomasvino.ch\/","name":"thomasvino","description":"Vins &amp; Gastronomie","potentialAction":[{"@type":"SearchAction","target":{"@type":"EntryPoint","urlTemplate":"https:\/\/thomasvino.ch\/?s={search_term_string}"},"query-input":"required name=search_term_string"}],"inLanguage":"fr-FR"},{"@type":"Person","@id":"https:\/\/thomasvino.ch\/#\/schema\/person\/670bf4486fe81152cf1d68bd585e062e","name":"Pierre Thomas","image":{"@type":"ImageObject","inLanguage":"fr-FR","@id":"https:\/\/thomasvino.ch\/#\/schema\/person\/image\/","url":"https:\/\/secure.gravatar.com\/avatar\/91fd5a76647f140e53db987a0dead4d7?s=96&d=mm&r=g","contentUrl":"https:\/\/secure.gravatar.com\/avatar\/91fd5a76647f140e53db987a0dead4d7?s=96&d=mm&r=g","caption":"Pierre Thomas"},"url":"https:\/\/thomasvino.ch\/?author=3"}]}},"jetpack_featured_media_url":"","jetpack_sharing_enabled":true,"jetpack_shortlink":"https:\/\/wp.me\/p3m4tZ-3WX","jetpack_likes_enabled":false,"jetpack-related-posts":[{"id":10729,"url":"https:\/\/thomasvino.ch\/?p=10729","url_meta":{"origin":15187,"position":0},"title":"2013-14: baisse des quotas pour les vins blancs suisses !","date":"15 mai 2013","format":false,"excerpt":"Le Conseil f\u00e9d\u00e9ral a publi\u00e9, le 15 mai 2013, l\u2019ordonnance qui entrera en vigueur le 1er juin, pour all\u00e9ger le march\u00e9 des vins suisses. Pour respecter une forme de sym\u00e9trie des sacrifices, le quota f\u00e9d\u00e9ral des vins blancs baisse de 100 g., passant de 1,4 kg\/m2 \u00e0 1,3 kg\/ m2\u2026","rel":"","context":"Dans &quot;Vins suisses&quot;","img":{"alt_text":"","src":"","width":0,"height":0},"classes":[]},{"id":13589,"url":"https:\/\/thomasvino.ch\/?p=13589","url_meta":{"origin":15187,"position":1},"title":"Moins de vins suisses en grande distribution","date":"19 mai 2016","format":false,"excerpt":"Les ventes dans les grandes surfaces, en baisse pour la 2e ann\u00e9e cons\u00e9cutive (\u20103.6 % par rapport \u00e0 2014), ne suivent pourtant pas le mouvement positif de 0,8% d'augmentation de la consommation des vins suisses, indique l\u2019Observatoire suisse du march\u00e9 du vin (OSMV). \u00abFace \u00e0 la raret\u00e9 des quantit\u00e9s disponibles,\u2026","rel":"","context":"Dans &quot;Tendance&quot;","img":{"alt_text":"","src":"","width":0,"height":0},"classes":[]},{"id":9090,"url":"https:\/\/thomasvino.ch\/?p=9090","url_meta":{"origin":15187,"position":2},"title":"Sainte alliance pour les vins suisses","date":"29 octobre 2010","format":false,"excerpt":"Un dossier de L'Hebdo (5.11.2010) Sainte alliance pour les vins suisses Cette ann\u00e9e, les vins suisses ont \u2014 enfin\u00a0! \u2014 r\u00e9ussi \u00e0 faire cause commune pour engager 2,5 millions de francs dans une campagne de publicit\u00e9 nationale en 2011. Producteurs et n\u00e9gociants veulent enrayer la chute de la consommation. L\u2019analyse\u2026","rel":"","context":"Dans &quot;Vins suisses&quot;","img":{"alt_text":"","src":"","width":0,"height":0},"classes":[]},{"id":15412,"url":"https:\/\/thomasvino.ch\/?p=15412","url_meta":{"origin":15187,"position":3},"title":"AOP-IGP vitivinicoles\u00a0: Berne va de l\u2019avant","date":"16 novembre 2018","format":false,"excerpt":"Dans le cadre de la consultation sur la politique agricole d\u00e8s 2022, Berne a mis en consultation le projet de passage des vins suisses \u00e0 l\u2019AOP-IGP. Un syst\u00e8me que les milieux de la production suisse redoute, Valais except\u00e9. L\u2019Observatoire suisse du march\u00e9 des vins (OSMV) conclut de son c\u00f4t\u00e9 que,\u2026","rel":"","context":"Dans &quot;Vins suisses&quot;","img":{"alt_text":"","src":"","width":0,"height":0},"classes":[]},{"id":16612,"url":"https:\/\/thomasvino.ch\/?p=16612","url_meta":{"origin":15187,"position":4},"title":"Consommation des vins suisse\u00a0: et pourtant, elle \u00e9tait repartie\u2026","date":"6 mai 2020","format":false,"excerpt":"Berne a publi\u00e9 ses chiffres, fin avril\u00a0: les Suisses (et les touristes) ont bu davantage de vin (+ 4,7%) et augment\u00e9 la part de march\u00e9 des vins suisses \u00e0 37%. La nouvelle vient \u00e0 contre-courant, au moment o\u00f9 on ne sait pas encore comment va r\u00e9agir l\u2019Horeca face au Covid-19.\u2026","rel":"","context":"Dans &quot;Tendance&quot;","img":{"alt_text":"","src":"","width":0,"height":0},"classes":[]},{"id":8864,"url":"https:\/\/thomasvino.ch\/?p=8864","url_meta":{"origin":15187,"position":5},"title":"Vaud \u2014 Quand les AOC \u00e9taient contest\u00e9es","date":"27 mars 2009","format":false,"excerpt":"(Paru le 24 f\u00e9vrier 1998 dans le quotidien 24 Heures, Lausanne) Un pav\u00e9 dans la mare du vin suisse: haro sur le syst\u00e8me des AOCLes appellations d'origine contr\u00f4l\u00e9e (AOC), c'est du bidon. Voil\u00e0 ce qu'affirment une douzaine parmi les vignerons-encaveurs les plus r\u00e9put\u00e9s du pays. Selon eux, on produit trop\u2026","rel":"","context":"Dans &quot;Vins suisses&quot;","img":{"alt_text":"","src":"","width":0,"height":0},"classes":[]}],"_links":{"self":[{"href":"https:\/\/thomasvino.ch\/index.php?rest_route=\/wp\/v2\/posts\/15187"}],"collection":[{"href":"https:\/\/thomasvino.ch\/index.php?rest_route=\/wp\/v2\/posts"}],"about":[{"href":"https:\/\/thomasvino.ch\/index.php?rest_route=\/wp\/v2\/types\/post"}],"author":[{"embeddable":true,"href":"https:\/\/thomasvino.ch\/index.php?rest_route=\/wp\/v2\/users\/3"}],"replies":[{"embeddable":true,"href":"https:\/\/thomasvino.ch\/index.php?rest_route=%2Fwp%2Fv2%2Fcomments&post=15187"}],"version-history":[{"count":14,"href":"https:\/\/thomasvino.ch\/index.php?rest_route=\/wp\/v2\/posts\/15187\/revisions"}],"predecessor-version":[{"id":15678,"href":"https:\/\/thomasvino.ch\/index.php?rest_route=\/wp\/v2\/posts\/15187\/revisions\/15678"}],"wp:attachment":[{"href":"https:\/\/thomasvino.ch\/index.php?rest_route=%2Fwp%2Fv2%2Fmedia&parent=15187"}],"wp:term":[{"taxonomy":"category","embeddable":true,"href":"https:\/\/thomasvino.ch\/index.php?rest_route=%2Fwp%2Fv2%2Fcategories&post=15187"},{"taxonomy":"post_tag","embeddable":true,"href":"https:\/\/thomasvino.ch\/index.php?rest_route=%2Fwp%2Fv2%2Ftags&post=15187"}],"curies":[{"name":"wp","href":"https:\/\/api.w.org\/{rel}","templated":true}]}}