{"id":15233,"date":"2018-08-02T11:07:50","date_gmt":"2018-08-02T10:07:50","guid":{"rendered":"https:\/\/thomasvino.ch\/?p=15233"},"modified":"2018-08-02T11:07:50","modified_gmt":"2018-08-02T10:07:50","slug":"swiss-wine-tasting-26-27-aout-a-zurich-retour-dautriche","status":"publish","type":"post","link":"https:\/\/thomasvino.ch\/?p=15233","title":{"rendered":"Swiss Wine Tasting, 26-27 ao\u00fbt \u00e0 Zurich:  le retour d\u2019Autriche"},"content":{"rendered":"<p><strong>Le dernier week-end d\u2019ao\u00fbt, Andreas Keller et Susi Scholl, chevilles ouvri\u00e8res de la M\u00e9moire des vins suisses, organisent \u00e0 Zurich une d\u00e9gustation publique autour des vins suisses. Elle avait commenc\u00e9 il y a dix ans avec un \u00abmatch\u00bb Suisse-Autriche. Revanche cette ann\u00e9e\u00a0!<\/strong><\/p>\n<div id=\"attachment_15234\" style=\"width: 310px\" class=\"wp-caption aligncenter\"><a href=\"https:\/\/thomasvino.ch\/?attachment_id=15234\" rel=\"attachment wp-att-15234\"><img aria-describedby=\"caption-attachment-15234\" data-attachment-id=\"15234\" data-permalink=\"https:\/\/thomasvino.ch\/?attachment_id=15234\" data-orig-file=\"https:\/\/i0.wp.com\/thomasvino.ch\/wp-content\/uploads\/2018\/08\/swisswinetasting.jpg?fit=7268%2C4851&amp;ssl=1\" data-orig-size=\"7268,4851\" data-comments-opened=\"0\" data-image-meta=\"{&quot;aperture&quot;:&quot;5&quot;,&quot;credit&quot;:&quot;\\u00a9Hans-Peter Siffert\\\/weinweltfot&quot;,&quot;camera&quot;:&quot;NIKON D800&quot;,&quot;caption&quot;:&quot;Schiffbau \\u00f6ffentlicher Bereich&quot;,&quot;created_timestamp&quot;:&quot;1503919386&quot;,&quot;copyright&quot;:&quot;\\u00a9Siffert\\\/weinweltfoto.ch&quot;,&quot;focal_length&quot;:&quot;24&quot;,&quot;iso&quot;:&quot;800&quot;,&quot;shutter_speed&quot;:&quot;0.01&quot;,&quot;title&quot;:&quot;Swiss Wine Tasting 2017&quot;,&quot;orientation&quot;:&quot;0&quot;}\" data-image-title=\"Swiss Wine Tasting 2017\" data-image-description=\"\" data-image-caption=\"&lt;p&gt;Schiffbau \u00f6ffentlicher Bereich&lt;\/p&gt;\n\" data-medium-file=\"https:\/\/i0.wp.com\/thomasvino.ch\/wp-content\/uploads\/2018\/08\/swisswinetasting.jpg?fit=300%2C200&amp;ssl=1\" data-large-file=\"https:\/\/i0.wp.com\/thomasvino.ch\/wp-content\/uploads\/2018\/08\/swisswinetasting.jpg?fit=1024%2C683&amp;ssl=1\" loading=\"lazy\" class=\"size-medium wp-image-15234\" src=\"https:\/\/i0.wp.com\/thomasvino.ch\/wp-content\/uploads\/2018\/08\/swisswinetasting.jpg?resize=300%2C200&#038;ssl=1\" alt=\"\" width=\"300\" height=\"200\" srcset=\"https:\/\/i0.wp.com\/thomasvino.ch\/wp-content\/uploads\/2018\/08\/swisswinetasting.jpg?resize=300%2C200&amp;ssl=1 300w, https:\/\/i0.wp.com\/thomasvino.ch\/wp-content\/uploads\/2018\/08\/swisswinetasting.jpg?resize=768%2C513&amp;ssl=1 768w, https:\/\/i0.wp.com\/thomasvino.ch\/wp-content\/uploads\/2018\/08\/swisswinetasting.jpg?resize=1024%2C683&amp;ssl=1 1024w, https:\/\/i0.wp.com\/thomasvino.ch\/wp-content\/uploads\/2018\/08\/swisswinetasting.jpg?resize=140%2C94&amp;ssl=1 140w, https:\/\/i0.wp.com\/thomasvino.ch\/wp-content\/uploads\/2018\/08\/swisswinetasting.jpg?w=2000&amp;ssl=1 2000w, https:\/\/i0.wp.com\/thomasvino.ch\/wp-content\/uploads\/2018\/08\/swisswinetasting.jpg?w=3000&amp;ssl=1 3000w\" sizes=\"(max-width: 300px) 100vw, 300px\" data-recalc-dims=\"1\" \/><\/a><p id=\"caption-attachment-15234\" class=\"wp-caption-text\"><em>D\u00e9gustation libre au Schiffbau (photo HP Siffert)<\/em><\/p><\/div>\n<p>D\u00e9sormais, <strong>la d\u00e9gustation ne s\u2019appelle plus M\u00e9moire &amp; Friends<\/strong>, signifiant que les 56 membres du groupement invitent leurs (nombreux) amis s\u00e9lectionn\u00e9s dans tout le pays, <strong>mais Swiss Wine Tasting<\/strong>, coupl\u00e9, <strong>le lundi 27 ao\u00fbt, de 11 h \u00e0 19 h 30<\/strong>, avec un <em>\u00abfestival grands vins de Suisse et d\u2019Autriche\u00bb<\/em>. Juste retour des choses\u00a0: la M\u00e9moire des vins suisses \u00e9tait, cette ann\u00e9e, l\u2019invit\u00e9e d\u2019honneur d\u2019un autre festival, \u00e0 Vienne, ce printemps. La d\u00e9gustation de ce <em>\u00abfestival\u00bb<\/em> aura d\u00e9j\u00e0 lieu en lever de rideau public <strong>le dimanche, de 14 h \u00e0 18 h<\/strong>, au m\u00eame endroit. Le lieu a aussi chang\u00e9 il y a deux ans, pour cause de r\u00e9novation de la maison des congr\u00e8s, vers le <strong>Schiffbau<\/strong>, dans un autre quartier de Zurich, en pleine mutation.<\/p>\n<div id=\"attachment_15235\" style=\"width: 310px\" class=\"wp-caption aligncenter\"><a href=\"https:\/\/thomasvino.ch\/?attachment_id=15235\" rel=\"attachment wp-att-15235\"><img aria-describedby=\"caption-attachment-15235\" data-attachment-id=\"15235\" data-permalink=\"https:\/\/thomasvino.ch\/?attachment_id=15235\" data-orig-file=\"https:\/\/i0.wp.com\/thomasvino.ch\/wp-content\/uploads\/2018\/08\/swisswinetasting_18.mthchap.jpg?fit=6621%2C4419&amp;ssl=1\" data-orig-size=\"6621,4419\" data-comments-opened=\"0\" data-image-meta=\"{&quot;aperture&quot;:&quot;3.2&quot;,&quot;credit&quot;:&quot;\\u00a9Hans-Peter Siffert\\\/weinweltfot&quot;,&quot;camera&quot;:&quot;NIKON D800&quot;,&quot;caption&quot;:&quot;Degustation bei den Winzern in der Halle&quot;,&quot;created_timestamp&quot;:&quot;1503934321&quot;,&quot;copyright&quot;:&quot;\\u00a9Siffert\\\/weinweltfoto.ch&quot;,&quot;focal_length&quot;:&quot;24&quot;,&quot;iso&quot;:&quot;1000&quot;,&quot;shutter_speed&quot;:&quot;0.025&quot;,&quot;title&quot;:&quot;Swiss Wine Tasting 2017&quot;,&quot;orientation&quot;:&quot;0&quot;}\" data-image-title=\"Swiss Wine Tasting 2017\" data-image-description=\"\" data-image-caption=\"&lt;p&gt;L&amp;rsquo;occasion de rencontrer les meilleur(e)s vigneron(ne)s de Suisse, comme, ici, Marie-Th\u00e9r\u00e8se Chappaz.&lt;\/p&gt;\n\" data-medium-file=\"https:\/\/i0.wp.com\/thomasvino.ch\/wp-content\/uploads\/2018\/08\/swisswinetasting_18.mthchap.jpg?fit=300%2C200&amp;ssl=1\" data-large-file=\"https:\/\/i0.wp.com\/thomasvino.ch\/wp-content\/uploads\/2018\/08\/swisswinetasting_18.mthchap.jpg?fit=1024%2C683&amp;ssl=1\" loading=\"lazy\" class=\"size-medium wp-image-15235\" src=\"https:\/\/i0.wp.com\/thomasvino.ch\/wp-content\/uploads\/2018\/08\/swisswinetasting_18.mthchap.jpg?resize=300%2C200&#038;ssl=1\" alt=\"\" width=\"300\" height=\"200\" srcset=\"https:\/\/i0.wp.com\/thomasvino.ch\/wp-content\/uploads\/2018\/08\/swisswinetasting_18.mthchap.jpg?resize=300%2C200&amp;ssl=1 300w, https:\/\/i0.wp.com\/thomasvino.ch\/wp-content\/uploads\/2018\/08\/swisswinetasting_18.mthchap.jpg?resize=768%2C513&amp;ssl=1 768w, https:\/\/i0.wp.com\/thomasvino.ch\/wp-content\/uploads\/2018\/08\/swisswinetasting_18.mthchap.jpg?resize=1024%2C683&amp;ssl=1 1024w, https:\/\/i0.wp.com\/thomasvino.ch\/wp-content\/uploads\/2018\/08\/swisswinetasting_18.mthchap.jpg?resize=140%2C94&amp;ssl=1 140w, https:\/\/i0.wp.com\/thomasvino.ch\/wp-content\/uploads\/2018\/08\/swisswinetasting_18.mthchap.jpg?w=2000&amp;ssl=1 2000w, https:\/\/i0.wp.com\/thomasvino.ch\/wp-content\/uploads\/2018\/08\/swisswinetasting_18.mthchap.jpg?w=3000&amp;ssl=1 3000w\" sizes=\"(max-width: 300px) 100vw, 300px\" data-recalc-dims=\"1\" \/><\/a><p id=\"caption-attachment-15235\" class=\"wp-caption-text\"><em>L&rsquo;occasion de rencontrer les meilleur(e)s vigneron(ne)s de Suisse, comme, ici, Marie-Th\u00e9r\u00e8se Chappaz.<\/em><\/p><\/div>\n<p>Le dimanche 26 ao\u00fbt, seront aussi remis les <strong>Swiss Wine Vintage Awards 2018<\/strong>, qui r\u00e9compensent les plus remarquables des vins suisses de dix ans d\u2019\u00e2ge (mill\u00e9sime 2008). La d\u00e9gustation a eu lieu \u00e0 l\u2019aveugle, \u00e0 Zurich, ce printemps. Et le lundi 27 ao\u00fbt, le guide <em>GaultMillau suisse<\/em> pr\u00e9sentera au Schiffbau sa s\u00e9lection des <strong>meilleurs vignerons 2019<\/strong>, avec son lot de confirmations et de r\u00e9v\u00e9lations.<\/p>\n<p>Commande des tickets pour les professionnels accr\u00e9dit\u00e9s et les entr\u00e9es publiques payantes (20 fr. \u00a0pour les deux jours) et public (gratuit le lundi) sur le site <strong><a href=\"https:\/\/www.swiss-wine-tasting.ch\/ticketing\/\">https:\/\/www.swiss-wine-tasting.ch\/ticketing\/<\/a><\/strong><\/p>\n<p><em>\u00a9thomasvino.ch<\/em><\/p>\n","protected":false},"excerpt":{"rendered":"<p>Le dernier week-end d\u2019ao\u00fbt, Andreas Keller et Susi Scholl, chevilles ouvri\u00e8res de la M\u00e9moire des vins suisses, organisent \u00e0 Zurich une d\u00e9gustation publique autour des vins suisses. Elle avait commenc\u00e9 il y a dix ans avec un \u00abmatch\u00bb Suisse-Autriche. Revanche cette ann\u00e9e\u00a0! D\u00e9sormais, la d\u00e9gustation ne s\u2019appelle plus M\u00e9moire &amp; Friends, signifiant que les 56 [&hellip;]<\/p>\n","protected":false},"author":3,"featured_media":0,"comment_status":"closed","ping_status":"open","sticky":false,"template":"","format":"standard","meta":{"_monsterinsights_skip_tracking":false,"_monsterinsights_sitenote_active":false,"_monsterinsights_sitenote_note":"","_monsterinsights_sitenote_category":0,"jetpack_post_was_ever_published":false,"jetpack_publicize_message":"","jetpack_is_tweetstorm":false,"jetpack_publicize_feature_enabled":true,"jetpack_social_post_already_shared":true,"jetpack_social_options":{"image_generator_settings":{"template":"highway","enabled":false}}},"categories":[15],"tags":[],"jetpack_publicize_connections":[],"yoast_head":"<!-- This site is optimized with the Yoast SEO plugin v20.6 - https:\/\/yoast.com\/wordpress\/plugins\/seo\/ -->\n<title>Swiss Wine Tasting, 26-27 ao\u00fbt \u00e0 Zurich: le retour d\u2019Autriche - thomasvino<\/title>\n<meta name=\"robots\" content=\"index, follow, max-snippet:-1, max-image-preview:large, max-video-preview:-1\" \/>\n<link rel=\"canonical\" href=\"https:\/\/thomasvino.ch\/?p=15233\" \/>\n<meta property=\"og:locale\" content=\"fr_FR\" \/>\n<meta property=\"og:type\" content=\"article\" \/>\n<meta property=\"og:title\" content=\"Swiss Wine Tasting, 26-27 ao\u00fbt \u00e0 Zurich: le retour d\u2019Autriche - thomasvino\" \/>\n<meta property=\"og:description\" content=\"Le dernier week-end d\u2019ao\u00fbt, Andreas Keller et Susi Scholl, chevilles ouvri\u00e8res de la M\u00e9moire des vins suisses, organisent \u00e0 Zurich une d\u00e9gustation publique autour des vins suisses. Elle avait commenc\u00e9 il y a dix ans avec un \u00abmatch\u00bb Suisse-Autriche. Revanche cette ann\u00e9e\u00a0! D\u00e9sormais, la d\u00e9gustation ne s\u2019appelle plus M\u00e9moire &amp; Friends, signifiant que les 56 [&hellip;]\" \/>\n<meta property=\"og:url\" content=\"https:\/\/thomasvino.ch\/?p=15233\" \/>\n<meta property=\"og:site_name\" content=\"thomasvino\" \/>\n<meta property=\"article:published_time\" content=\"2018-08-02T10:07:50+00:00\" \/>\n<meta property=\"og:image\" content=\"https:\/\/thomasvino.ch\/wp-content\/uploads\/2018\/08\/swisswinetasting-300x200.jpg\" \/>\n<meta name=\"author\" content=\"Pierre Thomas\" \/>\n<meta name=\"twitter:label1\" content=\"\u00c9crit par\" \/>\n\t<meta name=\"twitter:data1\" content=\"Pierre Thomas\" \/>\n\t<meta name=\"twitter:label2\" content=\"Dur\u00e9e de lecture estim\u00e9e\" \/>\n\t<meta name=\"twitter:data2\" content=\"2 minutes\" \/>\n<script type=\"application\/ld+json\" class=\"yoast-schema-graph\">{\"@context\":\"https:\/\/schema.org\",\"@graph\":[{\"@type\":\"WebPage\",\"@id\":\"https:\/\/thomasvino.ch\/?p=15233\",\"url\":\"https:\/\/thomasvino.ch\/?p=15233\",\"name\":\"Swiss Wine Tasting, 26-27 ao\u00fbt \u00e0 Zurich: le retour d\u2019Autriche - thomasvino\",\"isPartOf\":{\"@id\":\"https:\/\/thomasvino.ch\/#website\"},\"datePublished\":\"2018-08-02T10:07:50+00:00\",\"dateModified\":\"2018-08-02T10:07:50+00:00\",\"author\":{\"@id\":\"https:\/\/thomasvino.ch\/#\/schema\/person\/670bf4486fe81152cf1d68bd585e062e\"},\"breadcrumb\":{\"@id\":\"https:\/\/thomasvino.ch\/?p=15233#breadcrumb\"},\"inLanguage\":\"fr-FR\",\"potentialAction\":[{\"@type\":\"ReadAction\",\"target\":[\"https:\/\/thomasvino.ch\/?p=15233\"]}]},{\"@type\":\"BreadcrumbList\",\"@id\":\"https:\/\/thomasvino.ch\/?p=15233#breadcrumb\",\"itemListElement\":[{\"@type\":\"ListItem\",\"position\":1,\"name\":\"Accueil\",\"item\":\"https:\/\/thomasvino.ch\/\"},{\"@type\":\"ListItem\",\"position\":2,\"name\":\"Swiss Wine Tasting, 26-27 ao\u00fbt \u00e0 Zurich: le retour d\u2019Autriche\"}]},{\"@type\":\"WebSite\",\"@id\":\"https:\/\/thomasvino.ch\/#website\",\"url\":\"https:\/\/thomasvino.ch\/\",\"name\":\"thomasvino\",\"description\":\"Vins &amp; Gastronomie\",\"potentialAction\":[{\"@type\":\"SearchAction\",\"target\":{\"@type\":\"EntryPoint\",\"urlTemplate\":\"https:\/\/thomasvino.ch\/?s={search_term_string}\"},\"query-input\":\"required name=search_term_string\"}],\"inLanguage\":\"fr-FR\"},{\"@type\":\"Person\",\"@id\":\"https:\/\/thomasvino.ch\/#\/schema\/person\/670bf4486fe81152cf1d68bd585e062e\",\"name\":\"Pierre Thomas\",\"image\":{\"@type\":\"ImageObject\",\"inLanguage\":\"fr-FR\",\"@id\":\"https:\/\/thomasvino.ch\/#\/schema\/person\/image\/\",\"url\":\"https:\/\/secure.gravatar.com\/avatar\/91fd5a76647f140e53db987a0dead4d7?s=96&d=mm&r=g\",\"contentUrl\":\"https:\/\/secure.gravatar.com\/avatar\/91fd5a76647f140e53db987a0dead4d7?s=96&d=mm&r=g\",\"caption\":\"Pierre Thomas\"},\"url\":\"https:\/\/thomasvino.ch\/?author=3\"}]}<\/script>\n<!-- \/ Yoast SEO plugin. -->","yoast_head_json":{"title":"Swiss Wine Tasting, 26-27 ao\u00fbt \u00e0 Zurich: le retour d\u2019Autriche - thomasvino","robots":{"index":"index","follow":"follow","max-snippet":"max-snippet:-1","max-image-preview":"max-image-preview:large","max-video-preview":"max-video-preview:-1"},"canonical":"https:\/\/thomasvino.ch\/?p=15233","og_locale":"fr_FR","og_type":"article","og_title":"Swiss Wine Tasting, 26-27 ao\u00fbt \u00e0 Zurich: le retour d\u2019Autriche - thomasvino","og_description":"Le dernier week-end d\u2019ao\u00fbt, Andreas Keller et Susi Scholl, chevilles ouvri\u00e8res de la M\u00e9moire des vins suisses, organisent \u00e0 Zurich une d\u00e9gustation publique autour des vins suisses. Elle avait commenc\u00e9 il y a dix ans avec un \u00abmatch\u00bb Suisse-Autriche. Revanche cette ann\u00e9e\u00a0! D\u00e9sormais, la d\u00e9gustation ne s\u2019appelle plus M\u00e9moire &amp; Friends, signifiant que les 56 [&hellip;]","og_url":"https:\/\/thomasvino.ch\/?p=15233","og_site_name":"thomasvino","article_published_time":"2018-08-02T10:07:50+00:00","og_image":[{"url":"https:\/\/thomasvino.ch\/wp-content\/uploads\/2018\/08\/swisswinetasting-300x200.jpg"}],"author":"Pierre Thomas","twitter_misc":{"\u00c9crit par":"Pierre Thomas","Dur\u00e9e de lecture estim\u00e9e":"2 minutes"},"schema":{"@context":"https:\/\/schema.org","@graph":[{"@type":"WebPage","@id":"https:\/\/thomasvino.ch\/?p=15233","url":"https:\/\/thomasvino.ch\/?p=15233","name":"Swiss Wine Tasting, 26-27 ao\u00fbt \u00e0 Zurich: le retour d\u2019Autriche - thomasvino","isPartOf":{"@id":"https:\/\/thomasvino.ch\/#website"},"datePublished":"2018-08-02T10:07:50+00:00","dateModified":"2018-08-02T10:07:50+00:00","author":{"@id":"https:\/\/thomasvino.ch\/#\/schema\/person\/670bf4486fe81152cf1d68bd585e062e"},"breadcrumb":{"@id":"https:\/\/thomasvino.ch\/?p=15233#breadcrumb"},"inLanguage":"fr-FR","potentialAction":[{"@type":"ReadAction","target":["https:\/\/thomasvino.ch\/?p=15233"]}]},{"@type":"BreadcrumbList","@id":"https:\/\/thomasvino.ch\/?p=15233#breadcrumb","itemListElement":[{"@type":"ListItem","position":1,"name":"Accueil","item":"https:\/\/thomasvino.ch\/"},{"@type":"ListItem","position":2,"name":"Swiss Wine Tasting, 26-27 ao\u00fbt \u00e0 Zurich: le retour d\u2019Autriche"}]},{"@type":"WebSite","@id":"https:\/\/thomasvino.ch\/#website","url":"https:\/\/thomasvino.ch\/","name":"thomasvino","description":"Vins &amp; Gastronomie","potentialAction":[{"@type":"SearchAction","target":{"@type":"EntryPoint","urlTemplate":"https:\/\/thomasvino.ch\/?s={search_term_string}"},"query-input":"required name=search_term_string"}],"inLanguage":"fr-FR"},{"@type":"Person","@id":"https:\/\/thomasvino.ch\/#\/schema\/person\/670bf4486fe81152cf1d68bd585e062e","name":"Pierre Thomas","image":{"@type":"ImageObject","inLanguage":"fr-FR","@id":"https:\/\/thomasvino.ch\/#\/schema\/person\/image\/","url":"https:\/\/secure.gravatar.com\/avatar\/91fd5a76647f140e53db987a0dead4d7?s=96&d=mm&r=g","contentUrl":"https:\/\/secure.gravatar.com\/avatar\/91fd5a76647f140e53db987a0dead4d7?s=96&d=mm&r=g","caption":"Pierre Thomas"},"url":"https:\/\/thomasvino.ch\/?author=3"}]}},"jetpack_featured_media_url":"","jetpack_sharing_enabled":true,"jetpack_shortlink":"https:\/\/wp.me\/p3m4tZ-3XH","jetpack_likes_enabled":false,"jetpack-related-posts":[{"id":17833,"url":"https:\/\/thomasvino.ch\/?p=17833","url_meta":{"origin":15233,"position":0},"title":"Vins suisses dans le temps\u00a0:  d\u00e9gustations exceptionnelles fin ao\u00fbt\u00a0\u00e0 Zurich","date":"10 ao\u00fbt 2022","format":false,"excerpt":"Si vous passez par Zurich \u2014 mais oui, il y a un a\u00e9roport, appel\u00e9 nagu\u00e8re Unique pour faire la nique \u00e0 Gen\u00e8ve... et une gare centrale \u2014 le dimanche 28 et le lundi 29 ao\u00fbt, ne ratez pas le plus grand rendez-vous annuel des vins suisses.\u00a0Si vous vous inscrivez via\u2026","rel":"","context":"Dans &quot;Actus - News&quot;","img":{"alt_text":"","src":"","width":0,"height":0},"classes":[]},{"id":18266,"url":"https:\/\/thomasvino.ch\/?p=18266","url_meta":{"origin":15233,"position":1},"title":"Deux rendez-vous suisses \u00e0 ne pas manquer","date":"18 ao\u00fbt 2023","format":false,"excerpt":"Deux d\u00e9gustations attendues ont lieu, l\u2019une ce lundi 21 ao\u00fbt \u00e0 Lausanne, l\u2019autre, la semaine suivante, lundi 28 ao\u00fbt \u00e0 Zurich. La premi\u00e8re est r\u00e9serv\u00e9e au Festival vins nature et la seconde aux meilleurs vins suisses, \u00e0 l\u2019enseigne du Swiss Wine Tasting et M\u00e9moire & Friends.\u00a0 Le premier \u00e9v\u00e9nement, en\u2026","rel":"","context":"Dans &quot;Non class\u00e9&quot;","img":{"alt_text":"","src":"https:\/\/i0.wp.com\/thomasvino.ch\/wp-content\/uploads\/2023\/08\/Les5duvin_KunsthausB-300x200.jpg?resize=350%2C200&ssl=1","width":350,"height":200},"classes":[]},{"id":9422,"url":"https:\/\/thomasvino.ch\/?p=9422","url_meta":{"origin":15233,"position":2},"title":"Vins suisses: \u00e0 Zurich plut\u00f4t qu&rsquo;\u00e0 Sierre?","date":"17 ao\u00fbt 2012","format":false,"excerpt":"Mieux vaut-il aller \u00e0 Zurich, le lundi 27 ao\u00fbt 2012, ou \u00e0 Sierre, le vendredi 31 ao\u00fbt et le samedi 1er septembre pour rencontrer des vignerons de toute la Suisse et d\u00e9guster leurs vins\u00a0? La comp\u00e9tition entre M\u00e9moire & Friends, \u00e0 Zurich, et VINEA, \u00e0 Sierre, est plus ouverte que\u2026","rel":"","context":"Dans &quot;Tendance&quot;","img":{"alt_text":"","src":"","width":0,"height":0},"classes":[]},{"id":15778,"url":"https:\/\/thomasvino.ch\/?p=15778","url_meta":{"origin":15233,"position":3},"title":"La M\u00e9moire des vins suisses rajeunit","date":"5 mai 2019","format":false,"excerpt":"En nommant \u00e0 sa t\u00eate, lors de son assembl\u00e9e annuelle \u00e0 B\u00e2le, l\u2019\u0153nologue valaisanne Madeleine Mercier, 35 ans, la M\u00e9moire des vins suisses, rajeunit. Et \u00e7a n\u2019est pas incompatible avec l\u2019essence de cette association, qui, depuis 15 ans, veut (d\u00e9)montrer la capacit\u00e9 des vins suisses \u00e0 (bien) \u00e9voluer dans le\u2026","rel":"","context":"Dans &quot;Actus - News&quot;","img":{"alt_text":"","src":"https:\/\/i0.wp.com\/thomasvino.ch\/wp-content\/uploads\/2019\/05\/site_mdvs_pres-300x200.jpg?resize=350%2C200&ssl=1","width":350,"height":200},"classes":[]},{"id":14770,"url":"https:\/\/thomasvino.ch\/?p=14770","url_meta":{"origin":15233,"position":4},"title":"Un chasselas, grande m\u00e9daille d&rsquo;or!","date":"10 d\u00e9cembre 2017","format":false,"excerpt":"C'est si rare qu'on le signale d'autant plus volontiers: le chasselas \u00abPetit Vignoble\u00bb Yvorne AOC Chablais, de Badoux, \u00e0 Aigle, a remport\u00e9 une des deux grandes m\u00e9dailles d'or r\u00e9compensant les vins suisses, au Concours Mondial de Bruxelles, \u00e0 Haitian-P\u00e9kin. Et \u00e7a tombe bien: l'an prochain, le CMB tiendra sa 26\u00e8me\u2026","rel":"","context":"Dans &quot;Edito&quot;","img":{"alt_text":"","src":"","width":0,"height":0},"classes":[]},{"id":10345,"url":"https:\/\/thomasvino.ch\/?p=10345","url_meta":{"origin":15233,"position":5},"title":"M\u00e9moire des Vins suisses et ProWein","date":"2 avril 2013","format":false,"excerpt":"Nouvelles impulsions pour les vins suisses Projet de longue haleine lanc\u00e9 \u00e0 Zurich il y a dix ans, la\u00a0M\u00e9moire des Vins suisses\u00a0(www.mdvs.ch) a connu, en mars, deux \u00e9v\u00e9nements, l\u2019un \u00e0 Bellinzone, l\u2019autre \u00e0 D\u00fcsseldorf, o\u00f9 les sommeliers, \u00e9taient les premiers vis\u00e9s. La MdVs a notamment fait d\u00e9guster, dans le cadre\u2026","rel":"","context":"Dans &quot;Vins suisses&quot;","img":{"alt_text":"Photo du Castelgrande, Bellinzone","src":"https:\/\/i0.wp.com\/www.thomasvino.ch\/wp\/wp-content\/uploads\/2013\/04\/castelgrande-1024x768.jpg?resize=350%2C200","width":350,"height":200},"classes":[]}],"_links":{"self":[{"href":"https:\/\/thomasvino.ch\/index.php?rest_route=\/wp\/v2\/posts\/15233"}],"collection":[{"href":"https:\/\/thomasvino.ch\/index.php?rest_route=\/wp\/v2\/posts"}],"about":[{"href":"https:\/\/thomasvino.ch\/index.php?rest_route=\/wp\/v2\/types\/post"}],"author":[{"embeddable":true,"href":"https:\/\/thomasvino.ch\/index.php?rest_route=\/wp\/v2\/users\/3"}],"replies":[{"embeddable":true,"href":"https:\/\/thomasvino.ch\/index.php?rest_route=%2Fwp%2Fv2%2Fcomments&post=15233"}],"version-history":[{"count":0,"href":"https:\/\/thomasvino.ch\/index.php?rest_route=\/wp\/v2\/posts\/15233\/revisions"}],"wp:attachment":[{"href":"https:\/\/thomasvino.ch\/index.php?rest_route=%2Fwp%2Fv2%2Fmedia&parent=15233"}],"wp:term":[{"taxonomy":"category","embeddable":true,"href":"https:\/\/thomasvino.ch\/index.php?rest_route=%2Fwp%2Fv2%2Fcategories&post=15233"},{"taxonomy":"post_tag","embeddable":true,"href":"https:\/\/thomasvino.ch\/index.php?rest_route=%2Fwp%2Fv2%2Ftags&post=15233"}],"curies":[{"name":"wp","href":"https:\/\/api.w.org\/{rel}","templated":true}]}}