{"id":15386,"date":"2018-11-06T18:00:38","date_gmt":"2018-11-06T17:00:38","guid":{"rendered":"https:\/\/thomasvino.ch\/?p=15386"},"modified":"2018-11-06T18:02:48","modified_gmt":"2018-11-06T17:02:48","slug":"johannis-de-chamoson-brillent-a-pekin","status":"publish","type":"post","link":"https:\/\/thomasvino.ch\/?p=15386","title":{"rendered":"Les johannis\u2019 de Chamoson brillent \u00e0 P\u00e9kin"},"content":{"rendered":"<p><strong>Lors du 2<sup>\u00e8me<\/sup>concours FIWA, du 11 au 13 octobre, \u00e0 P\u00e9kin, les johannisbergs de Chamoson ont brill\u00e9, remportant trois m\u00e9dailles d\u2019or, compl\u00e9t\u00e9e par un vin liquoreux valaisan. Aucun pays n\u2019a \u00e9gal\u00e9 ce palmar\u00e8s flatteur\u2026<\/strong><\/p>\n<p>J\u2019avais particip\u00e9 \u00e0 la premi\u00e8re \u00e9dition, l\u2019an pass\u00e9, au m\u00eame endroit que le <strong><a href=\"https:\/\/thomasvino.ch\/?p=14699\">Concours mondial de Bruxelles<\/a><\/strong> (le complexe h\u00f4telier Nirvana, dans la banlieue de la capitale chinoise). Les vins luxembourgeois avait \u00e9t\u00e9 \u00e0 la f\u00eate\u00a0: cette fois, seul un vin ros\u00e9 effervescent a d\u00e9croch\u00e9 l\u2019or. L\u2019exploit a \u00e9t\u00e9 r\u00e9alis\u00e9 par les vins de Chamoson, encourag\u00e9s \u00e0 participer par la Fondation l\u2019Homme et le Vin. Deux johannis\u2019 secs de 2017, de <strong>St\u00e9phane Remondeulaz<\/strong> et de <strong>La Siseranche<\/strong>, ont d\u00e9croch\u00e9 l\u2019or, de m\u00eame qu\u2019un johannis\u2019 fl\u00e9tri 2011 des <strong>Vins Maye SA<\/strong>, et les Grains Nobles des <strong>Domaines Rouvinez<\/strong> du mill\u00e9sime 2005, en vin liquoreux. Un verdict d\u2019autant plus surprenant que la <strong><a href=\"https:\/\/thomasvino.ch\/?p=15354\">Chine a beaucoup de peine \u00e0 se mettre \u00e0 la consommation du vin blanc<\/a><\/strong>, lui pr\u00e9f\u00e9rant massivement les vins rouges. Mais un certain rattrapage para\u00eet en vue, notamment de la part des femmes et des jeunes, par le biais des bars \u00e0 vins dans les grandes villes.<\/p>\n<h4>Deux cabernets du Ningxia en or<\/h4>\n<p>Dans ce concours d\u2019inspiration fran\u00e7aise, patronn\u00e9 par la Compagnie des courtiers jur\u00e9s-experts piqueurs de vins de Paris, et leur pr\u00e9sident <strong>Olivier Bouch\u00e9<\/strong>, les jur\u00e9s sont \u00e0 la fois europ\u00e9ens et chinois. Aucun autre pays n\u2019a fait mieux que\u2026 le johannis\u2019 de Chamoson\u00a0! Seule la Chine a \u00e9gal\u00e9 le nombre de m\u00e9dailles d\u2019or, avec le grand domaine du Ningxia <strong>Ho-Lan Soul<\/strong>, qui a d\u00e9croch\u00e9 un troph\u00e9e pour le cabernet sauvignon Ho-Lan King 2014, et une m\u00e9daille d\u2019or, compl\u00e9t\u00e9 par une seconde m\u00e9daille d\u2019or pour son cabernet franc 2016, tous deux labellis\u00e9s \u00aborganiques\u00bb (bio). Un vin du Xinjiang compl\u00e8te le palmar\u00e8s en or. Un rouge fran\u00e7ais du Languedoc, Terres m\u00eal\u00e9es 2015, de P\u00e9zenas, d\u00e9croche un autre troph\u00e9e. En or encore, la R\u00e9serve du Couvent 2016, cuv\u00e9e \u00e0 grand tirage du domaine libanais <strong>Ch\u00e2teau Ksara<\/strong>. Et deux vins rouges chiliens, l\u2019un de 2009, l\u2019autre de 2013.<\/p>\n<p><strong><a href=\"http:\/\/www.fiwa.fr\/\">www.fiwa.fr<\/a><\/strong><\/p>\n<p><em>\u00a9thomasvino.ch<\/em><\/p>\n","protected":false},"excerpt":{"rendered":"<p>Lors du 2\u00e8meconcours FIWA, du 11 au 13 octobre, \u00e0 P\u00e9kin, les johannisbergs de Chamoson ont brill\u00e9, remportant trois m\u00e9dailles d\u2019or, compl\u00e9t\u00e9e par un vin liquoreux valaisan. Aucun pays n\u2019a \u00e9gal\u00e9 ce palmar\u00e8s flatteur\u2026 J\u2019avais particip\u00e9 \u00e0 la premi\u00e8re \u00e9dition, l\u2019an pass\u00e9, au m\u00eame endroit que le Concours mondial de Bruxelles (le complexe h\u00f4telier Nirvana, [&hellip;]<\/p>\n","protected":false},"author":3,"featured_media":0,"comment_status":"closed","ping_status":"open","sticky":false,"template":"","format":"standard","meta":{"_monsterinsights_skip_tracking":false,"_monsterinsights_sitenote_active":false,"_monsterinsights_sitenote_note":"","_monsterinsights_sitenote_category":0,"jetpack_post_was_ever_published":false,"jetpack_publicize_message":"","jetpack_is_tweetstorm":false,"jetpack_publicize_feature_enabled":true,"jetpack_social_post_already_shared":true,"jetpack_social_options":{"image_generator_settings":{"template":"highway","enabled":false}}},"categories":[15],"tags":[],"jetpack_publicize_connections":[],"yoast_head":"<!-- This site is optimized with the Yoast SEO plugin v20.6 - https:\/\/yoast.com\/wordpress\/plugins\/seo\/ -->\n<title>Les johannis\u2019 de Chamoson brillent \u00e0 P\u00e9kin - thomasvino<\/title>\n<meta name=\"robots\" content=\"index, follow, max-snippet:-1, max-image-preview:large, max-video-preview:-1\" \/>\n<link rel=\"canonical\" href=\"https:\/\/thomasvino.ch\/?p=15386\" \/>\n<meta property=\"og:locale\" content=\"fr_FR\" \/>\n<meta property=\"og:type\" content=\"article\" \/>\n<meta property=\"og:title\" content=\"Les johannis\u2019 de Chamoson brillent \u00e0 P\u00e9kin - thomasvino\" \/>\n<meta property=\"og:description\" content=\"Lors du 2\u00e8meconcours FIWA, du 11 au 13 octobre, \u00e0 P\u00e9kin, les johannisbergs de Chamoson ont brill\u00e9, remportant trois m\u00e9dailles d\u2019or, compl\u00e9t\u00e9e par un vin liquoreux valaisan. Aucun pays n\u2019a \u00e9gal\u00e9 ce palmar\u00e8s flatteur\u2026 J\u2019avais particip\u00e9 \u00e0 la premi\u00e8re \u00e9dition, l\u2019an pass\u00e9, au m\u00eame endroit que le Concours mondial de Bruxelles (le complexe h\u00f4telier Nirvana, [&hellip;]\" \/>\n<meta property=\"og:url\" content=\"https:\/\/thomasvino.ch\/?p=15386\" \/>\n<meta property=\"og:site_name\" content=\"thomasvino\" \/>\n<meta property=\"article:published_time\" content=\"2018-11-06T17:00:38+00:00\" \/>\n<meta property=\"article:modified_time\" content=\"2018-11-06T17:02:48+00:00\" \/>\n<meta name=\"author\" content=\"Pierre Thomas\" \/>\n<meta name=\"twitter:label1\" content=\"\u00c9crit par\" \/>\n\t<meta name=\"twitter:data1\" content=\"Pierre Thomas\" \/>\n\t<meta name=\"twitter:label2\" content=\"Dur\u00e9e de lecture estim\u00e9e\" \/>\n\t<meta name=\"twitter:data2\" content=\"2 minutes\" \/>\n<script type=\"application\/ld+json\" class=\"yoast-schema-graph\">{\"@context\":\"https:\/\/schema.org\",\"@graph\":[{\"@type\":\"WebPage\",\"@id\":\"https:\/\/thomasvino.ch\/?p=15386\",\"url\":\"https:\/\/thomasvino.ch\/?p=15386\",\"name\":\"Les johannis\u2019 de Chamoson brillent \u00e0 P\u00e9kin - thomasvino\",\"isPartOf\":{\"@id\":\"https:\/\/thomasvino.ch\/#website\"},\"datePublished\":\"2018-11-06T17:00:38+00:00\",\"dateModified\":\"2018-11-06T17:02:48+00:00\",\"author\":{\"@id\":\"https:\/\/thomasvino.ch\/#\/schema\/person\/670bf4486fe81152cf1d68bd585e062e\"},\"breadcrumb\":{\"@id\":\"https:\/\/thomasvino.ch\/?p=15386#breadcrumb\"},\"inLanguage\":\"fr-FR\",\"potentialAction\":[{\"@type\":\"ReadAction\",\"target\":[\"https:\/\/thomasvino.ch\/?p=15386\"]}]},{\"@type\":\"BreadcrumbList\",\"@id\":\"https:\/\/thomasvino.ch\/?p=15386#breadcrumb\",\"itemListElement\":[{\"@type\":\"ListItem\",\"position\":1,\"name\":\"Accueil\",\"item\":\"https:\/\/thomasvino.ch\/\"},{\"@type\":\"ListItem\",\"position\":2,\"name\":\"Les johannis\u2019 de Chamoson brillent \u00e0 P\u00e9kin\"}]},{\"@type\":\"WebSite\",\"@id\":\"https:\/\/thomasvino.ch\/#website\",\"url\":\"https:\/\/thomasvino.ch\/\",\"name\":\"thomasvino\",\"description\":\"Vins &amp; Gastronomie\",\"potentialAction\":[{\"@type\":\"SearchAction\",\"target\":{\"@type\":\"EntryPoint\",\"urlTemplate\":\"https:\/\/thomasvino.ch\/?s={search_term_string}\"},\"query-input\":\"required name=search_term_string\"}],\"inLanguage\":\"fr-FR\"},{\"@type\":\"Person\",\"@id\":\"https:\/\/thomasvino.ch\/#\/schema\/person\/670bf4486fe81152cf1d68bd585e062e\",\"name\":\"Pierre Thomas\",\"image\":{\"@type\":\"ImageObject\",\"inLanguage\":\"fr-FR\",\"@id\":\"https:\/\/thomasvino.ch\/#\/schema\/person\/image\/\",\"url\":\"https:\/\/secure.gravatar.com\/avatar\/91fd5a76647f140e53db987a0dead4d7?s=96&d=mm&r=g\",\"contentUrl\":\"https:\/\/secure.gravatar.com\/avatar\/91fd5a76647f140e53db987a0dead4d7?s=96&d=mm&r=g\",\"caption\":\"Pierre Thomas\"},\"url\":\"https:\/\/thomasvino.ch\/?author=3\"}]}<\/script>\n<!-- \/ Yoast SEO plugin. -->","yoast_head_json":{"title":"Les johannis\u2019 de Chamoson brillent \u00e0 P\u00e9kin - thomasvino","robots":{"index":"index","follow":"follow","max-snippet":"max-snippet:-1","max-image-preview":"max-image-preview:large","max-video-preview":"max-video-preview:-1"},"canonical":"https:\/\/thomasvino.ch\/?p=15386","og_locale":"fr_FR","og_type":"article","og_title":"Les johannis\u2019 de Chamoson brillent \u00e0 P\u00e9kin - thomasvino","og_description":"Lors du 2\u00e8meconcours FIWA, du 11 au 13 octobre, \u00e0 P\u00e9kin, les johannisbergs de Chamoson ont brill\u00e9, remportant trois m\u00e9dailles d\u2019or, compl\u00e9t\u00e9e par un vin liquoreux valaisan. Aucun pays n\u2019a \u00e9gal\u00e9 ce palmar\u00e8s flatteur\u2026 J\u2019avais particip\u00e9 \u00e0 la premi\u00e8re \u00e9dition, l\u2019an pass\u00e9, au m\u00eame endroit que le Concours mondial de Bruxelles (le complexe h\u00f4telier Nirvana, [&hellip;]","og_url":"https:\/\/thomasvino.ch\/?p=15386","og_site_name":"thomasvino","article_published_time":"2018-11-06T17:00:38+00:00","article_modified_time":"2018-11-06T17:02:48+00:00","author":"Pierre Thomas","twitter_misc":{"\u00c9crit par":"Pierre Thomas","Dur\u00e9e de lecture estim\u00e9e":"2 minutes"},"schema":{"@context":"https:\/\/schema.org","@graph":[{"@type":"WebPage","@id":"https:\/\/thomasvino.ch\/?p=15386","url":"https:\/\/thomasvino.ch\/?p=15386","name":"Les johannis\u2019 de Chamoson brillent \u00e0 P\u00e9kin - thomasvino","isPartOf":{"@id":"https:\/\/thomasvino.ch\/#website"},"datePublished":"2018-11-06T17:00:38+00:00","dateModified":"2018-11-06T17:02:48+00:00","author":{"@id":"https:\/\/thomasvino.ch\/#\/schema\/person\/670bf4486fe81152cf1d68bd585e062e"},"breadcrumb":{"@id":"https:\/\/thomasvino.ch\/?p=15386#breadcrumb"},"inLanguage":"fr-FR","potentialAction":[{"@type":"ReadAction","target":["https:\/\/thomasvino.ch\/?p=15386"]}]},{"@type":"BreadcrumbList","@id":"https:\/\/thomasvino.ch\/?p=15386#breadcrumb","itemListElement":[{"@type":"ListItem","position":1,"name":"Accueil","item":"https:\/\/thomasvino.ch\/"},{"@type":"ListItem","position":2,"name":"Les johannis\u2019 de Chamoson brillent \u00e0 P\u00e9kin"}]},{"@type":"WebSite","@id":"https:\/\/thomasvino.ch\/#website","url":"https:\/\/thomasvino.ch\/","name":"thomasvino","description":"Vins &amp; Gastronomie","potentialAction":[{"@type":"SearchAction","target":{"@type":"EntryPoint","urlTemplate":"https:\/\/thomasvino.ch\/?s={search_term_string}"},"query-input":"required name=search_term_string"}],"inLanguage":"fr-FR"},{"@type":"Person","@id":"https:\/\/thomasvino.ch\/#\/schema\/person\/670bf4486fe81152cf1d68bd585e062e","name":"Pierre Thomas","image":{"@type":"ImageObject","inLanguage":"fr-FR","@id":"https:\/\/thomasvino.ch\/#\/schema\/person\/image\/","url":"https:\/\/secure.gravatar.com\/avatar\/91fd5a76647f140e53db987a0dead4d7?s=96&d=mm&r=g","contentUrl":"https:\/\/secure.gravatar.com\/avatar\/91fd5a76647f140e53db987a0dead4d7?s=96&d=mm&r=g","caption":"Pierre Thomas"},"url":"https:\/\/thomasvino.ch\/?author=3"}]}},"jetpack_featured_media_url":"","jetpack_sharing_enabled":true,"jetpack_shortlink":"https:\/\/wp.me\/p3m4tZ-40a","jetpack_likes_enabled":false,"jetpack-related-posts":[{"id":10638,"url":"https:\/\/thomasvino.ch\/?p=10638","url_meta":{"origin":15386,"position":0},"title":"Chamoson mise sur \u00abson\u00bb johannis&rsquo;","date":"2 mai 2013","format":false,"excerpt":"La plus vaste commune viticole du Valais, Chamoson, 418 hectares, veut \u00absortir de l\u2019anonymat viticole\u00bb, comme l\u2019a dit r\u00e9cemment son pr\u00e9sident, Claude Crittin, directeur de Maurice Gay SA (groupe Schenk). Gr\u00e2ce \u00e0 son c\u00e9page phare, le johannisberg, abr\u00e9g\u00e9, pour l\u2019occasion, en johanis\u2019. Le 7 d\u00e9cembre 2013, elle lance \u00abJohannissima\u00bb, une\u2026","rel":"","context":"Dans &quot;Vins suisses&quot;","img":{"alt_text":"","src":"https:\/\/i0.wp.com\/www.thomasvino.ch\/wp-content\/uploads\/2013\/05\/bout_johannis_chamo-300x276.jpg?resize=350%2C200","width":350,"height":200},"classes":[]},{"id":11831,"url":"https:\/\/thomasvino.ch\/?p=11831","url_meta":{"origin":15386,"position":1},"title":"Vinalies de Paris  le retour des blancs gagnants","date":"10 mars 2014","format":false,"excerpt":"Du 1er au 5 mars, les Vinalies internationales se sont d\u00e9roul\u00e9es \u00e0 Paris. 3'503 vins \u00e9taient en comp\u00e9tion cette ann\u00e9e, dont une moiti\u00e9 de fran\u00e7ais (1578) et presque deux fois plus de suisses (197) que d'italiens. 15 m\u00e9dailles d\u2019or ont \u00e9t\u00e9 octroy\u00e9es \u00e0 des vins suisses, dont 11 pour des\u2026","rel":"","context":"Dans &quot;Actus - News&quot;","img":{"alt_text":"","src":"","width":0,"height":0},"classes":[]},{"id":11510,"url":"https:\/\/thomasvino.ch\/?p=11510","url_meta":{"origin":15386,"position":2},"title":"Chamoson a choisi ses premiers johannis\u2019 d\u2019anthologie","date":"5 d\u00e9cembre 2013","format":false,"excerpt":"Fully a \u00abson\u00bb arvine, Leytron, \u00abses\u00bb humagnes (rouge et blanche), Flanthey, \u00abson\u00bb cornalin. Chamoson a donc d\u00e9cid\u00e9 de mettre en avant \u00abson\u00bb johanis\u2019. Une journ\u00e9e lui sera d\u00e9di\u00e9e, le samedi 7 d\u00e9cembre prochain, de 10 h. \u00e0 18 h., \u00e0 l\u2019espace Johannis, sous le nom de Johanis\u2026sima. 17 encaveurs pr\u00e9senteront\u2026","rel":"","context":"Dans &quot;Tendance&quot;","img":{"alt_text":"","src":"","width":0,"height":0},"classes":[]},{"id":12379,"url":"https:\/\/thomasvino.ch\/?p=12379","url_meta":{"origin":15386,"position":3},"title":"A Chamoson (VS) le 6 d\u00e9cembre  A la poursuite du (grand) Johannis\u2019","date":"25 novembre 2014","format":false,"excerpt":"Le samedi 6 d\u00e9cembre 2014, \u00e0 l\u2019Espace Johannis, au centre du village de Chamoson,\u00a0\u00a0\u00a0\u00a0 de 10 h. \u00e0 18 h., dix-sept caves feront go\u00fbter leurs vins \u2014 65 vins d\u2019une quinzaine de c\u00e9pages. Parmi ceux-ci, la vari\u00e9t\u00e9 embl\u00e9matique d\u2019une des plus grandes communes viticoles valaisannes, le johannisberg. On conna\u00eet les\u2026","rel":"","context":"Dans &quot;Actus - News&quot;","img":{"alt_text":"","src":"","width":0,"height":0},"classes":[]},{"id":11969,"url":"https:\/\/thomasvino.ch\/?p=11969","url_meta":{"origin":15386,"position":4},"title":"Razzia valaisanne \u00e0 Bruxelles, au CMB 2014","date":"9 mai 2014","format":false,"excerpt":"Les vins valaisans se taillent la part du lion, au Concours Mondial de Bruxelles, \u00e9dition du 20\u00e8me anniversaire, qui s\u2019est d\u00e9roul\u00e9 d\u00e9but mai dans la capitale europ\u00e9enne. Trois vins blancs valaisans, dont les deux \u00e9tiquettes phares des Domaines Rouvinez, et un rouge valaisan s\u2019emparent d\u2019une \u00abgrande m\u00e9daille d\u2019or\u00bb (92\/100 au\u2026","rel":"","context":"Dans &quot;Actus - News&quot;","img":{"alt_text":"","src":"https:\/\/i0.wp.com\/www.thomasvino.ch\/wp-content\/uploads\/2014\/05\/cmb_fiche_2014-300x225.jpg?resize=350%2C200","width":350,"height":200},"classes":[]},{"id":14002,"url":"https:\/\/thomasvino.ch\/?p=14002","url_meta":{"origin":15386,"position":5},"title":"Amigne et johanis\u2019, les \u00aboutsiders\u00bb valaisans","date":"9 d\u00e9cembre 2016","format":false,"excerpt":"Derri\u00e8re le fendant, l\u2019arvine et le pa\u00efen, le johannisberg et l\u2019amigne sont les outsiders des vins blancs du Valais. Coup de sonde \u00e0 Chamoson et \u00e0 V\u00e9troz. Les vins que j'ai pr\u00e9f\u00e9r\u00e9s dans les deux d\u00e9gustations sont comment\u00e9s ici. Par Pierre Thomas Les deux villages mettent en lumi\u00e8re leur c\u00e9page\u2026","rel":"","context":"Dans &quot;Tendance&quot;","img":{"alt_text":"","src":"https:\/\/i0.wp.com\/www.thomasvino.ch\/wp-content\/uploads\/2016\/12\/IMG_4445-300x225.jpg?resize=350%2C200","width":350,"height":200},"classes":[]}],"_links":{"self":[{"href":"https:\/\/thomasvino.ch\/index.php?rest_route=\/wp\/v2\/posts\/15386"}],"collection":[{"href":"https:\/\/thomasvino.ch\/index.php?rest_route=\/wp\/v2\/posts"}],"about":[{"href":"https:\/\/thomasvino.ch\/index.php?rest_route=\/wp\/v2\/types\/post"}],"author":[{"embeddable":true,"href":"https:\/\/thomasvino.ch\/index.php?rest_route=\/wp\/v2\/users\/3"}],"replies":[{"embeddable":true,"href":"https:\/\/thomasvino.ch\/index.php?rest_route=%2Fwp%2Fv2%2Fcomments&post=15386"}],"version-history":[{"count":0,"href":"https:\/\/thomasvino.ch\/index.php?rest_route=\/wp\/v2\/posts\/15386\/revisions"}],"wp:attachment":[{"href":"https:\/\/thomasvino.ch\/index.php?rest_route=%2Fwp%2Fv2%2Fmedia&parent=15386"}],"wp:term":[{"taxonomy":"category","embeddable":true,"href":"https:\/\/thomasvino.ch\/index.php?rest_route=%2Fwp%2Fv2%2Fcategories&post=15386"},{"taxonomy":"post_tag","embeddable":true,"href":"https:\/\/thomasvino.ch\/index.php?rest_route=%2Fwp%2Fv2%2Ftags&post=15386"}],"curies":[{"name":"wp","href":"https:\/\/api.w.org\/{rel}","templated":true}]}}