{"id":15401,"date":"2018-11-13T17:41:46","date_gmt":"2018-11-13T16:41:46","guid":{"rendered":"https:\/\/thomasvino.ch\/?p=15401"},"modified":"2019-05-01T18:03:26","modified_gmt":"2019-05-01T17:03:26","slug":"bien-boire-vully-norme","status":"publish","type":"post","link":"https:\/\/thomasvino.ch\/?p=15401","title":{"rendered":"Bonne bouche: Vully hors norme"},"content":{"rendered":"<p>Les fr\u00e8res <strong>Fabrice<\/strong> et <strong>St\u00e9phane Simonet<\/strong>, justes trentenaires, ont \u00e9t\u00e9 d\u00e9sign\u00e9s <em>\u00abespoirs\u00bb<\/em> (<em>\u00abrookies\u00bb<\/em>) de l\u2019ann\u00e9e par un jury de <em>GaultMillau<\/em>, en septembre, \u00e0 Zurich. Lors du Swiss Wine Tasting, ils faisaient d\u00e9guster le r\u00e9sultat d\u2019un de leurs projets les plus originaux. Sous l\u2019impulsion de l\u2019a\u00een\u00e9, <strong>Fabrice<\/strong>, \u0153nologue form\u00e9 \u00e0 Changins, le domaine familial, situ\u00e9 \u00e0 M\u00f4tier, dans la partie fribourgeoise de l\u2019AOC Vully, aime bien se lancer des d\u00e9fis. <em>\u00abInitial\u00bb<\/em> en est un, qui aboutit d\u00e9j\u00e0 en 2011.<\/p>\n<p><a href=\"https:\/\/thomasvino.ch\/?attachment_id=15402\" rel=\"attachment wp-att-15402\"><img data-attachment-id=\"15402\" data-permalink=\"https:\/\/thomasvino.ch\/?attachment_id=15402\" data-orig-file=\"https:\/\/i0.wp.com\/thomasvino.ch\/wp-content\/uploads\/2018\/11\/site_encore_INITIAL-4.jpg?fit=2365%2C3517&amp;ssl=1\" data-orig-size=\"2365,3517\" data-comments-opened=\"0\" data-image-meta=\"{&quot;aperture&quot;:&quot;32&quot;,&quot;credit&quot;:&quot;&quot;,&quot;camera&quot;:&quot;NIKON D700&quot;,&quot;caption&quot;:&quot;&quot;,&quot;created_timestamp&quot;:&quot;1534331094&quot;,&quot;copyright&quot;:&quot;&quot;,&quot;focal_length&quot;:&quot;60&quot;,&quot;iso&quot;:&quot;200&quot;,&quot;shutter_speed&quot;:&quot;0.00625&quot;,&quot;title&quot;:&quot;&quot;,&quot;orientation&quot;:&quot;1&quot;}\" data-image-title=\"site_encore_INITIAL-4\" data-image-description=\"\" data-image-caption=\"\" data-medium-file=\"https:\/\/i0.wp.com\/thomasvino.ch\/wp-content\/uploads\/2018\/11\/site_encore_INITIAL-4.jpg?fit=202%2C300&amp;ssl=1\" data-large-file=\"https:\/\/i0.wp.com\/thomasvino.ch\/wp-content\/uploads\/2018\/11\/site_encore_INITIAL-4.jpg?fit=689%2C1024&amp;ssl=1\" loading=\"lazy\" class=\"alignleft size-medium wp-image-15402\" src=\"https:\/\/i0.wp.com\/thomasvino.ch\/wp-content\/uploads\/2018\/11\/site_encore_INITIAL-4.jpg?resize=202%2C300&#038;ssl=1\" alt=\"\" width=\"202\" height=\"300\" srcset=\"https:\/\/i0.wp.com\/thomasvino.ch\/wp-content\/uploads\/2018\/11\/site_encore_INITIAL-4.jpg?resize=202%2C300&amp;ssl=1 202w, https:\/\/i0.wp.com\/thomasvino.ch\/wp-content\/uploads\/2018\/11\/site_encore_INITIAL-4.jpg?resize=768%2C1142&amp;ssl=1 768w, https:\/\/i0.wp.com\/thomasvino.ch\/wp-content\/uploads\/2018\/11\/site_encore_INITIAL-4.jpg?resize=689%2C1024&amp;ssl=1 689w, https:\/\/i0.wp.com\/thomasvino.ch\/wp-content\/uploads\/2018\/11\/site_encore_INITIAL-4.jpg?w=2000&amp;ssl=1 2000w\" sizes=\"(max-width: 202px) 100vw, 202px\" data-recalc-dims=\"1\" \/><\/a>La deuxi\u00e8me version, 2014, sera propos\u00e9e \u00e0 la vente du 28 novembre au 2 d\u00e9cembre, sur place*. <em>\u00abC\u2019est un projet tr\u00e8s qualitatif\u00bb<\/em>, commente <strong>Fabrice<\/strong>, qui disqualifie de fait les mill\u00e9simes 2012 et 2013. Mais pas 2015 et les suivants&#8230; Ce 2014 se compose de 43% de diolinoir, 25% de merlot, 20% de syrah et 12% de cabernet sauvignon. Quand, dans les ann\u00e9es 1990, Eric Simonet, leur p\u00e8re, planta ces c\u00e9pages tardifs, on rigolait doucement, dans le Vully&#8230; Le r\u00e9chauffement climatique lui a donn\u00e9 raison.<\/p>\n<p>A la d\u00e9gustation, ce vin, \u00e0 la robe fonc\u00e9e, s\u2019impose, au nez, par des notes complexes de foug\u00e8re\u00a0; \u00e0 l\u2019attaque, une grande puissance, de la s\u00e8ve, du jus, du gras et une remarquable longueur. Construit, ce rouge l\u2019est assur\u00e9ment, et soutenu par un solide \u00e9chafaudage\u00a0!<\/p>\n<p>Chaque c\u00e9page a \u00e9t\u00e9 vinifi\u00e9 s\u00e9par\u00e9ment, puis \u00e9lev\u00e9 en ch\u00eane neuf \u00e0 120%, ce qui signifie qu\u2019apr\u00e8s avoir connu une premi\u00e8re barrique durant 12 \u00e0 24 mois, chaque vin a \u00e9t\u00e9 replac\u00e9s pour une dur\u00e9e compl\u00e9mentaire (pour 36 mois au total) dans d\u2019autres barriques, neuves elles aussi. L\u2019assemblage n\u2019a eu lieu qu\u2019avant la mise en bouteille, sous l\u2019expertise de <strong>Ren\u00e9 Gabriel<\/strong>, le \u00abpape\u00bb (al\u00e9manique) des bordeaux (<em>\u00abBordeaux total\u00bb<\/em>). Hors norme, ce vin l\u2019est, comme son prix (quand on aime&#8230;), pour un tirage de 3&rsquo;000 flacons.<\/p>\n<p><strong>L\u2019\u00e9tiquette\u00a0<\/strong>Initial 2014<\/p>\n<p><strong>Le prix\u00a0<\/strong>97 fr.\/bouteille<\/p>\n<p><strong>L\u2019adresse\u00a0<a href=\"https:\/\/www.lepetitchateau.ch\/fr\/actualites\/\">www.lepetitchateau.ch<\/a><\/strong><\/p>\n<p><em>*Du lundi 26 novembre au dimanche 2 d\u00e9cembre, \u00e0 M\u00f4tier (Vully\/FR). Inscription indispensable sur Internet (voir ci-dessus) ou chez: info@lepetitchateau.ch. Cave ouverte le sa 1er d\u00e9cembre de 11 \u00e0 18 h et le dimanche 2 d\u00e9cembre de 11 \u00e0 17 h.<\/em><\/p>\n<p><em>Paru dans le magazine <\/em>encore!<em> du 11 novembre 2018<\/em><\/p>\n<p><em>\u00a9thomasvino.ch<\/em><\/p>\n","protected":false},"excerpt":{"rendered":"<p>Les fr\u00e8res Fabrice et St\u00e9phane Simonet, justes trentenaires, ont \u00e9t\u00e9 d\u00e9sign\u00e9s \u00abespoirs\u00bb (\u00abrookies\u00bb) de l\u2019ann\u00e9e par un jury de GaultMillau, en septembre, \u00e0 Zurich. Lors du Swiss Wine Tasting, ils faisaient d\u00e9guster le r\u00e9sultat d\u2019un de leurs projets les plus originaux. Sous l\u2019impulsion de l\u2019a\u00een\u00e9, Fabrice, \u0153nologue form\u00e9 \u00e0 Changins, le domaine familial, situ\u00e9 \u00e0 [&hellip;]<\/p>\n","protected":false},"author":3,"featured_media":0,"comment_status":"closed","ping_status":"open","sticky":false,"template":"","format":"standard","meta":{"_monsterinsights_skip_tracking":false,"_monsterinsights_sitenote_active":false,"_monsterinsights_sitenote_note":"","_monsterinsights_sitenote_category":0,"jetpack_post_was_ever_published":false,"jetpack_publicize_message":"","jetpack_is_tweetstorm":false,"jetpack_publicize_feature_enabled":true,"jetpack_social_post_already_shared":true,"jetpack_social_options":{"image_generator_settings":{"template":"highway","enabled":false}}},"categories":[1433],"tags":[],"jetpack_publicize_connections":[],"yoast_head":"<!-- This site is optimized with the Yoast SEO plugin v20.6 - https:\/\/yoast.com\/wordpress\/plugins\/seo\/ -->\n<title>Bonne bouche: Vully hors norme - thomasvino<\/title>\n<meta name=\"robots\" content=\"index, follow, max-snippet:-1, max-image-preview:large, max-video-preview:-1\" \/>\n<link rel=\"canonical\" href=\"https:\/\/thomasvino.ch\/?p=15401\" \/>\n<meta property=\"og:locale\" content=\"fr_FR\" \/>\n<meta property=\"og:type\" content=\"article\" \/>\n<meta property=\"og:title\" content=\"Bonne bouche: Vully hors norme - thomasvino\" \/>\n<meta property=\"og:description\" content=\"Les fr\u00e8res Fabrice et St\u00e9phane Simonet, justes trentenaires, ont \u00e9t\u00e9 d\u00e9sign\u00e9s \u00abespoirs\u00bb (\u00abrookies\u00bb) de l\u2019ann\u00e9e par un jury de GaultMillau, en septembre, \u00e0 Zurich. Lors du Swiss Wine Tasting, ils faisaient d\u00e9guster le r\u00e9sultat d\u2019un de leurs projets les plus originaux. Sous l\u2019impulsion de l\u2019a\u00een\u00e9, Fabrice, \u0153nologue form\u00e9 \u00e0 Changins, le domaine familial, situ\u00e9 \u00e0 [&hellip;]\" \/>\n<meta property=\"og:url\" content=\"https:\/\/thomasvino.ch\/?p=15401\" \/>\n<meta property=\"og:site_name\" content=\"thomasvino\" \/>\n<meta property=\"article:published_time\" content=\"2018-11-13T16:41:46+00:00\" \/>\n<meta property=\"article:modified_time\" content=\"2019-05-01T17:03:26+00:00\" \/>\n<meta property=\"og:image\" content=\"https:\/\/thomasvino.ch\/wp-content\/uploads\/2018\/11\/site_encore_INITIAL-4-202x300.jpg\" \/>\n<meta name=\"author\" content=\"Pierre Thomas\" \/>\n<meta name=\"twitter:label1\" content=\"\u00c9crit par\" \/>\n\t<meta name=\"twitter:data1\" content=\"Pierre Thomas\" \/>\n\t<meta name=\"twitter:label2\" content=\"Dur\u00e9e de lecture estim\u00e9e\" \/>\n\t<meta name=\"twitter:data2\" content=\"2 minutes\" \/>\n<script type=\"application\/ld+json\" class=\"yoast-schema-graph\">{\"@context\":\"https:\/\/schema.org\",\"@graph\":[{\"@type\":\"WebPage\",\"@id\":\"https:\/\/thomasvino.ch\/?p=15401\",\"url\":\"https:\/\/thomasvino.ch\/?p=15401\",\"name\":\"Bonne bouche: Vully hors norme - thomasvino\",\"isPartOf\":{\"@id\":\"https:\/\/thomasvino.ch\/#website\"},\"datePublished\":\"2018-11-13T16:41:46+00:00\",\"dateModified\":\"2019-05-01T17:03:26+00:00\",\"author\":{\"@id\":\"https:\/\/thomasvino.ch\/#\/schema\/person\/670bf4486fe81152cf1d68bd585e062e\"},\"breadcrumb\":{\"@id\":\"https:\/\/thomasvino.ch\/?p=15401#breadcrumb\"},\"inLanguage\":\"fr-FR\",\"potentialAction\":[{\"@type\":\"ReadAction\",\"target\":[\"https:\/\/thomasvino.ch\/?p=15401\"]}]},{\"@type\":\"BreadcrumbList\",\"@id\":\"https:\/\/thomasvino.ch\/?p=15401#breadcrumb\",\"itemListElement\":[{\"@type\":\"ListItem\",\"position\":1,\"name\":\"Accueil\",\"item\":\"https:\/\/thomasvino.ch\/\"},{\"@type\":\"ListItem\",\"position\":2,\"name\":\"Bonne bouche: Vully hors norme\"}]},{\"@type\":\"WebSite\",\"@id\":\"https:\/\/thomasvino.ch\/#website\",\"url\":\"https:\/\/thomasvino.ch\/\",\"name\":\"thomasvino\",\"description\":\"Vins &amp; Gastronomie\",\"potentialAction\":[{\"@type\":\"SearchAction\",\"target\":{\"@type\":\"EntryPoint\",\"urlTemplate\":\"https:\/\/thomasvino.ch\/?s={search_term_string}\"},\"query-input\":\"required name=search_term_string\"}],\"inLanguage\":\"fr-FR\"},{\"@type\":\"Person\",\"@id\":\"https:\/\/thomasvino.ch\/#\/schema\/person\/670bf4486fe81152cf1d68bd585e062e\",\"name\":\"Pierre Thomas\",\"image\":{\"@type\":\"ImageObject\",\"inLanguage\":\"fr-FR\",\"@id\":\"https:\/\/thomasvino.ch\/#\/schema\/person\/image\/\",\"url\":\"https:\/\/secure.gravatar.com\/avatar\/91fd5a76647f140e53db987a0dead4d7?s=96&d=mm&r=g\",\"contentUrl\":\"https:\/\/secure.gravatar.com\/avatar\/91fd5a76647f140e53db987a0dead4d7?s=96&d=mm&r=g\",\"caption\":\"Pierre Thomas\"},\"url\":\"https:\/\/thomasvino.ch\/?author=3\"}]}<\/script>\n<!-- \/ Yoast SEO plugin. -->","yoast_head_json":{"title":"Bonne bouche: Vully hors norme - thomasvino","robots":{"index":"index","follow":"follow","max-snippet":"max-snippet:-1","max-image-preview":"max-image-preview:large","max-video-preview":"max-video-preview:-1"},"canonical":"https:\/\/thomasvino.ch\/?p=15401","og_locale":"fr_FR","og_type":"article","og_title":"Bonne bouche: Vully hors norme - thomasvino","og_description":"Les fr\u00e8res Fabrice et St\u00e9phane Simonet, justes trentenaires, ont \u00e9t\u00e9 d\u00e9sign\u00e9s \u00abespoirs\u00bb (\u00abrookies\u00bb) de l\u2019ann\u00e9e par un jury de GaultMillau, en septembre, \u00e0 Zurich. Lors du Swiss Wine Tasting, ils faisaient d\u00e9guster le r\u00e9sultat d\u2019un de leurs projets les plus originaux. Sous l\u2019impulsion de l\u2019a\u00een\u00e9, Fabrice, \u0153nologue form\u00e9 \u00e0 Changins, le domaine familial, situ\u00e9 \u00e0 [&hellip;]","og_url":"https:\/\/thomasvino.ch\/?p=15401","og_site_name":"thomasvino","article_published_time":"2018-11-13T16:41:46+00:00","article_modified_time":"2019-05-01T17:03:26+00:00","og_image":[{"url":"https:\/\/thomasvino.ch\/wp-content\/uploads\/2018\/11\/site_encore_INITIAL-4-202x300.jpg"}],"author":"Pierre Thomas","twitter_misc":{"\u00c9crit par":"Pierre Thomas","Dur\u00e9e de lecture estim\u00e9e":"2 minutes"},"schema":{"@context":"https:\/\/schema.org","@graph":[{"@type":"WebPage","@id":"https:\/\/thomasvino.ch\/?p=15401","url":"https:\/\/thomasvino.ch\/?p=15401","name":"Bonne bouche: Vully hors norme - thomasvino","isPartOf":{"@id":"https:\/\/thomasvino.ch\/#website"},"datePublished":"2018-11-13T16:41:46+00:00","dateModified":"2019-05-01T17:03:26+00:00","author":{"@id":"https:\/\/thomasvino.ch\/#\/schema\/person\/670bf4486fe81152cf1d68bd585e062e"},"breadcrumb":{"@id":"https:\/\/thomasvino.ch\/?p=15401#breadcrumb"},"inLanguage":"fr-FR","potentialAction":[{"@type":"ReadAction","target":["https:\/\/thomasvino.ch\/?p=15401"]}]},{"@type":"BreadcrumbList","@id":"https:\/\/thomasvino.ch\/?p=15401#breadcrumb","itemListElement":[{"@type":"ListItem","position":1,"name":"Accueil","item":"https:\/\/thomasvino.ch\/"},{"@type":"ListItem","position":2,"name":"Bonne bouche: Vully hors norme"}]},{"@type":"WebSite","@id":"https:\/\/thomasvino.ch\/#website","url":"https:\/\/thomasvino.ch\/","name":"thomasvino","description":"Vins &amp; Gastronomie","potentialAction":[{"@type":"SearchAction","target":{"@type":"EntryPoint","urlTemplate":"https:\/\/thomasvino.ch\/?s={search_term_string}"},"query-input":"required name=search_term_string"}],"inLanguage":"fr-FR"},{"@type":"Person","@id":"https:\/\/thomasvino.ch\/#\/schema\/person\/670bf4486fe81152cf1d68bd585e062e","name":"Pierre Thomas","image":{"@type":"ImageObject","inLanguage":"fr-FR","@id":"https:\/\/thomasvino.ch\/#\/schema\/person\/image\/","url":"https:\/\/secure.gravatar.com\/avatar\/91fd5a76647f140e53db987a0dead4d7?s=96&d=mm&r=g","contentUrl":"https:\/\/secure.gravatar.com\/avatar\/91fd5a76647f140e53db987a0dead4d7?s=96&d=mm&r=g","caption":"Pierre Thomas"},"url":"https:\/\/thomasvino.ch\/?author=3"}]}},"jetpack_featured_media_url":"","jetpack_sharing_enabled":true,"jetpack_shortlink":"https:\/\/wp.me\/p3m4tZ-40p","jetpack_likes_enabled":false,"jetpack-related-posts":[{"id":15246,"url":"https:\/\/thomasvino.ch\/?p=15246","url_meta":{"origin":15401,"position":0},"title":"Les Simonet, une rel\u00e8ve d\u00e9termin\u00e9e au c\u0153ur du Vully","date":"27 ao\u00fbt 2018","format":false,"excerpt":"Les fr\u00e8res Simonet ont \u00e9t\u00e9 d\u00e9sign\u00e9s, \u00e0 Zurich, \"rookies\" de l'ann\u00e9e 2019 par le guide GaultMillau suisse, avec les jeunes Al\u00e9maniques Mathias Bechtel et Roman R\u00fctishauser, donnant l'impression qui se passe plus de choses outre-Sarine qu'en Suisse romande... Le \"top 100\" des vignerons suisses de l'ann\u00e9e passe \u00e0 125, dont\u2026","rel":"","context":"Dans &quot;Vins suisses&quot;","img":{"alt_text":"","src":"","width":0,"height":0},"classes":[]},{"id":12691,"url":"https:\/\/thomasvino.ch\/?p=12691","url_meta":{"origin":15401,"position":1},"title":"Une charte pour le Freiburger et le Traminer du Vully","date":"8 avril 2015","format":false,"excerpt":"C\u2019est une d\u00e9marche unique en Suisse\u00a0: des vignerons du Vully ont sign\u00e9 une charte o\u00f9 ils s\u2019engagent pour la qualit\u00e9 de deux de leurs \u00absp\u00e9cialit\u00e9s blanches\u00bb, le Freiburger et le Traminer. Seuls les vins r\u00e9pondant \u00e0 des crit\u00e8res pr\u00e9cis porteront ces deux noms. Par Pierre Thomas D\u00e8s ce printemps, qui\u2026","rel":"","context":"Dans &quot;Vins suisses&quot;","img":{"alt_text":"","src":"https:\/\/i0.wp.com\/www.thomasvino.ch\/wp-content\/uploads\/2015\/04\/site_vully_@alessiaolivieri-300x200.jpg?resize=350%2C200","width":350,"height":200},"classes":[]},{"id":14928,"url":"https:\/\/thomasvino.ch\/?p=14928","url_meta":{"origin":15401,"position":2},"title":"Bonne bouche \u2014 La finesse avant l&rsquo;\u00e9pice","date":"9 mars 2018","format":false,"excerpt":"Rubrique \u00abbonne bouche\u00bb, par Pierre Thomas La M\u00e9moire des Vins suisses est une association qui a pour objectif de tester le potentiel de garde des vins suisses. Dans ce qu\u2019on appelle son \u00abtr\u00e9sor\u00bb, elle conserve plusieurs mill\u00e9simes d\u2019une cinquantaine de vins renomm\u00e9s de tout le pays. Ceux-ci sont r\u00e9guli\u00e8rement d\u00e9gust\u00e9s.\u2026","rel":"","context":"Dans &quot;Bonne bouche \u2014 encore!&quot;","img":{"alt_text":"","src":"https:\/\/i0.wp.com\/thomasvino.ch\/wp-content\/uploads\/2018\/02\/traminer.jpg?resize=350%2C200&ssl=1","width":350,"height":200},"classes":[]},{"id":16966,"url":"https:\/\/thomasvino.ch\/?p=16966","url_meta":{"origin":15401,"position":3},"title":"Vully\u00a0: deux cuv\u00e9es \u00abbipolaires\u00bb","date":"23 novembre 2020","format":false,"excerpt":"Ce sont deux vins d\u2019assemblages rouges parmi les plus chers de Suisse \u2014 et les deux proviennent du Domaine du Petit-Ch\u00e2teau, \u00e0 M\u00f4tier\/Vully (FR). Tous les trois ans, la famille Simonet les propose. D\u00e9gustation\u2026 \u00e0 l\u2019aveugle. Par Pierre Thomas D\u2019accord, il n\u2019y avait qu\u2019une chance sur deux de se tromper.\u2026","rel":"","context":"Dans &quot;Tendance&quot;","img":{"alt_text":"","src":"","width":0,"height":0},"classes":[]},{"id":12776,"url":"https:\/\/thomasvino.ch\/?p=12776","url_meta":{"origin":15401,"position":4},"title":"Le meilleur assemblage de merlot vient du Vully!","date":"20 mai 2015","format":false,"excerpt":"Le Domaine Le Petit Ch\u00e2teau Simonet P\u00e8re et Fils \u00e0 M\u00f4tier dans le Vully (FR) communique qu\u2019il a d\u00e9croch\u00e9 une m\u00e9daille d\u2019or et la distinction de \u00abmeilleur assemblage \u00bb \u00e0 base de merlot, au concours Mondial du Merlot & Assemblages. La proclamation des r\u00e9sultats a eu lieu le mercredi 20\u2026","rel":"","context":"Dans &quot;Actus - News&quot;","img":{"alt_text":"","src":"","width":0,"height":0},"classes":[]},{"id":9986,"url":"https:\/\/thomasvino.ch\/?p=9986","url_meta":{"origin":15401,"position":5},"title":"Fribourg \u2014 Le Vully en noir et blanc","date":"2 juillet 2007","format":false,"excerpt":"D\u00e9gustationLe Vully en noir et blancEntre les lacs de Morat et de Neuch\u00e2tel, le Mont Vully, d\u2019un seul tenant, est partag\u00e9 entre les cantons de Vaud et Fribourg. Coup de projecteur sur les vins fribourgeois.Pierre ThomasApr\u00e8s Vullyssima, \u00e0 Salavaux, ce printemps, on les croyait unis, les vignerons vaudois et fribourgeois,\u2026","rel":"","context":"Dans &quot;Vins suisses&quot;","img":{"alt_text":"","src":"","width":0,"height":0},"classes":[]}],"_links":{"self":[{"href":"https:\/\/thomasvino.ch\/index.php?rest_route=\/wp\/v2\/posts\/15401"}],"collection":[{"href":"https:\/\/thomasvino.ch\/index.php?rest_route=\/wp\/v2\/posts"}],"about":[{"href":"https:\/\/thomasvino.ch\/index.php?rest_route=\/wp\/v2\/types\/post"}],"author":[{"embeddable":true,"href":"https:\/\/thomasvino.ch\/index.php?rest_route=\/wp\/v2\/users\/3"}],"replies":[{"embeddable":true,"href":"https:\/\/thomasvino.ch\/index.php?rest_route=%2Fwp%2Fv2%2Fcomments&post=15401"}],"version-history":[{"count":1,"href":"https:\/\/thomasvino.ch\/index.php?rest_route=\/wp\/v2\/posts\/15401\/revisions"}],"predecessor-version":[{"id":15774,"href":"https:\/\/thomasvino.ch\/index.php?rest_route=\/wp\/v2\/posts\/15401\/revisions\/15774"}],"wp:attachment":[{"href":"https:\/\/thomasvino.ch\/index.php?rest_route=%2Fwp%2Fv2%2Fmedia&parent=15401"}],"wp:term":[{"taxonomy":"category","embeddable":true,"href":"https:\/\/thomasvino.ch\/index.php?rest_route=%2Fwp%2Fv2%2Fcategories&post=15401"},{"taxonomy":"post_tag","embeddable":true,"href":"https:\/\/thomasvino.ch\/index.php?rest_route=%2Fwp%2Fv2%2Ftags&post=15401"}],"curies":[{"name":"wp","href":"https:\/\/api.w.org\/{rel}","templated":true}]}}