{"id":15594,"date":"2019-03-06T17:43:55","date_gmt":"2019-03-06T16:43:55","guid":{"rendered":"https:\/\/thomasvino.ch\/?p=15594"},"modified":"2019-03-06T17:44:36","modified_gmt":"2019-03-06T16:44:36","slug":"le-roi-nebbiolo-sous-multiples-influences","status":"publish","type":"post","link":"https:\/\/thomasvino.ch\/?p=15594","title":{"rendered":"Le Roi Nebbiolo sous multiples influences"},"content":{"rendered":"<p><strong>Le Pi\u00e9mont a inaugur\u00e9, \u00e0 fin janvier, la longue saison des \u00abanteprime\u00bb, les d\u00e9gustations organis\u00e9es en Italie par les \u00abconsorzios\u00bb, pour d\u00e9couvrir les vins mis sur le march\u00e9. A Alba, Nebbiolo Prima pr\u00e9c\u00e9dait l\u2019exposition Grandi Langhe. Vedette incontest\u00e9e de ces d\u00e9gustations, le nebbiolo, de plus en plus d\u00e9gust\u00e9 en primeurs, avant mise en bouteille.<\/strong><\/p>\n<p><a href=\"https:\/\/thomasvino.ch\/?attachment_id=15597\" rel=\"attachment wp-att-15597\"><img data-attachment-id=\"15597\" data-permalink=\"https:\/\/thomasvino.ch\/?attachment_id=15597\" data-orig-file=\"https:\/\/i0.wp.com\/thomasvino.ch\/wp-content\/uploads\/2019\/02\/site_piemont_hiver.jpg?fit=2595%2C1955&amp;ssl=1\" data-orig-size=\"2595,1955\" data-comments-opened=\"0\" data-image-meta=\"{&quot;aperture&quot;:&quot;7.2&quot;,&quot;credit&quot;:&quot;&quot;,&quot;camera&quot;:&quot;E5700&quot;,&quot;caption&quot;:&quot;&quot;,&quot;created_timestamp&quot;:&quot;1078053854&quot;,&quot;copyright&quot;:&quot;&quot;,&quot;focal_length&quot;:&quot;52.4&quot;,&quot;iso&quot;:&quot;200&quot;,&quot;shutter_speed&quot;:&quot;0.00037401353929012&quot;,&quot;title&quot;:&quot;&quot;,&quot;orientation&quot;:&quot;1&quot;}\" data-image-title=\"site_piemont_hiver\" data-image-description=\"\" data-image-caption=\"\" data-medium-file=\"https:\/\/i0.wp.com\/thomasvino.ch\/wp-content\/uploads\/2019\/02\/site_piemont_hiver.jpg?fit=300%2C226&amp;ssl=1\" data-large-file=\"https:\/\/i0.wp.com\/thomasvino.ch\/wp-content\/uploads\/2019\/02\/site_piemont_hiver.jpg?fit=1024%2C771&amp;ssl=1\" loading=\"lazy\" class=\"aligncenter size-medium wp-image-15597\" src=\"https:\/\/i0.wp.com\/thomasvino.ch\/wp-content\/uploads\/2019\/02\/site_piemont_hiver.jpg?resize=300%2C226&#038;ssl=1\" alt=\"\" width=\"300\" height=\"226\" srcset=\"https:\/\/i0.wp.com\/thomasvino.ch\/wp-content\/uploads\/2019\/02\/site_piemont_hiver.jpg?resize=300%2C226&amp;ssl=1 300w, https:\/\/i0.wp.com\/thomasvino.ch\/wp-content\/uploads\/2019\/02\/site_piemont_hiver.jpg?resize=768%2C579&amp;ssl=1 768w, https:\/\/i0.wp.com\/thomasvino.ch\/wp-content\/uploads\/2019\/02\/site_piemont_hiver.jpg?resize=1024%2C771&amp;ssl=1 1024w, https:\/\/i0.wp.com\/thomasvino.ch\/wp-content\/uploads\/2019\/02\/site_piemont_hiver.jpg?w=2000&amp;ssl=1 2000w\" sizes=\"(max-width: 300px) 100vw, 300px\" data-recalc-dims=\"1\" \/><\/a><\/p>\n<p><em>Par Pierre Thomas, de retour d&rsquo;Alba (photos, Consorzio delle Langhe)<\/em><\/p>\n<p>Les clich\u00e9s renferment toujours une part de v\u00e9rit\u00e9. Ainsi, on a l\u2019habitude de dire que le Pi\u00e9mont est aux vins italiens ce que la Bourgogne est aux crus fran\u00e7ais (et dans la foul\u00e9e, on compare la Toscane \u00e0 Bordeaux). Le nebbiolo, qui donne des vins rouges monoc\u00e9pages, pr\u00e9sente des caract\u00e9ristiques proches du pinot noir, si sensible au terroir, \u00e0 l\u2019exposition et au microclimat.<\/p>\n<h4><strong>Trois DOCG \u00e0 l\u00e9gislations variables<\/strong><\/h4>\n<p>Trois DOCG \u2014 le plus haut niveau des appellations d\u2019origine prot\u00e9g\u00e9es italiennes \u2014 des Langhe, la r\u00e9gion des collines autour d\u2019Alba, un ancien bassin marin au sous-sol calcaire, se partagent la culture du nebbiolo\u00a0: <strong>Barolo, Barbaresco, Roero. Le tierc\u00e9 est dans cet ordre tant pour la surface (2073 ha pour Barolo, 734 ha pour Barbaresco, 220 ha pour le Roero)<\/strong> que pour la production, de 14 millions de bouteilles pour le Barolo 2015, 4,8 millions pour le Barbaresco 2016 et 600&rsquo;000 bouteilles pour le Roero 2016. Les mill\u00e9simes mis sur le march\u00e9 en ce d\u00e9but d\u2019ann\u00e9e 2019 d\u00e9coulent d\u2019une obligation d\u2019\u00e9levage diff\u00e9rente dans les trois DOCG. Les barolos vieillissent obligatoirement plus de trois ans (38 mois), dont 18 mois dans le bois, les barbarescos, deux ans, dont un an dans le bois, les roeros, un an, dont six mois dans le bois. La mention Riserva implique un vieillissement de 5 ans pour le barolo, 4 ans pour le barbaresco et 2 ans pour le roero, le s\u00e9jour dans le bois n\u2019\u00e9tant pas plus long, selon la l\u00e9gislation.<\/p>\n<p><a href=\"https:\/\/thomasvino.ch\/?attachment_id=15598\" rel=\"attachment wp-att-15598\"><img data-attachment-id=\"15598\" data-permalink=\"https:\/\/thomasvino.ch\/?attachment_id=15598\" data-orig-file=\"https:\/\/i0.wp.com\/thomasvino.ch\/wp-content\/uploads\/2019\/02\/site_piemont_grandebotte.jpg?fit=3872%2C2592&amp;ssl=1\" data-orig-size=\"3872,2592\" data-comments-opened=\"0\" data-image-meta=\"{&quot;aperture&quot;:&quot;4.8&quot;,&quot;credit&quot;:&quot;&quot;,&quot;camera&quot;:&quot;NIKON D80&quot;,&quot;caption&quot;:&quot;&quot;,&quot;created_timestamp&quot;:&quot;1173538816&quot;,&quot;copyright&quot;:&quot;&quot;,&quot;focal_length&quot;:&quot;48&quot;,&quot;iso&quot;:&quot;800&quot;,&quot;shutter_speed&quot;:&quot;0.76923076923077&quot;,&quot;title&quot;:&quot;&quot;,&quot;orientation&quot;:&quot;1&quot;}\" data-image-title=\"site_piemont_grandebotte\" data-image-description=\"\" data-image-caption=\"\" data-medium-file=\"https:\/\/i0.wp.com\/thomasvino.ch\/wp-content\/uploads\/2019\/02\/site_piemont_grandebotte.jpg?fit=300%2C201&amp;ssl=1\" data-large-file=\"https:\/\/i0.wp.com\/thomasvino.ch\/wp-content\/uploads\/2019\/02\/site_piemont_grandebotte.jpg?fit=1024%2C685&amp;ssl=1\" loading=\"lazy\" class=\"aligncenter size-medium wp-image-15598\" src=\"https:\/\/i0.wp.com\/thomasvino.ch\/wp-content\/uploads\/2019\/02\/site_piemont_grandebotte.jpg?resize=300%2C201&#038;ssl=1\" alt=\"\" width=\"300\" height=\"201\" srcset=\"https:\/\/i0.wp.com\/thomasvino.ch\/wp-content\/uploads\/2019\/02\/site_piemont_grandebotte.jpg?resize=300%2C201&amp;ssl=1 300w, https:\/\/i0.wp.com\/thomasvino.ch\/wp-content\/uploads\/2019\/02\/site_piemont_grandebotte.jpg?resize=768%2C514&amp;ssl=1 768w, https:\/\/i0.wp.com\/thomasvino.ch\/wp-content\/uploads\/2019\/02\/site_piemont_grandebotte.jpg?resize=1024%2C685&amp;ssl=1 1024w, https:\/\/i0.wp.com\/thomasvino.ch\/wp-content\/uploads\/2019\/02\/site_piemont_grandebotte.jpg?resize=140%2C94&amp;ssl=1 140w, https:\/\/i0.wp.com\/thomasvino.ch\/wp-content\/uploads\/2019\/02\/site_piemont_grandebotte.jpg?w=2000&amp;ssl=1 2000w, https:\/\/i0.wp.com\/thomasvino.ch\/wp-content\/uploads\/2019\/02\/site_piemont_grandebotte.jpg?w=3000&amp;ssl=1 3000w\" sizes=\"(max-width: 300px) 100vw, 300px\" data-recalc-dims=\"1\" \/><\/a><\/p>\n<h4><strong>Du flou dans l&rsquo;\u00e9levage<\/strong><\/h4>\n<p>Les r\u00e8gles administratives, les \u00abdisciplinaires\u00bb, ne pr\u00e9cisent ni le format des f\u00fbts (barriques ou \u00abgrande botte\u00bb), ni la forme de stockage apr\u00e8s le passage dans le bois (toujours dans le bois, petit ou grand, en cuve en ciment, voire en amphores, ou en inox, et en bouteilles). Par d\u00e9finition, ou plut\u00f4t par absence de d\u00e9finition, les vins rouges tir\u00e9s du nebbiolo sont de nature tr\u00e8s diff\u00e9rentes, et portent la marque du vinificateur. Au point que le d\u00e9bat entre les barolistes \u00abanciens\u00bb ou \u00abmodernes\u00bb n\u2019est pas encore \u00e9vacu\u00e9, avec une cohorte de producteurs dans l\u2019entredeux\u00a0! En amont de l\u2019\u00e9levage, il y a, bien s\u00fbr, la vinification, avec ou sans mac\u00e9ration, plus ou moins longue. Les plus pragmatiques des producteurs r\u00e9pondent\u00a0: <em>\u00abCela d\u00e9pend du mill\u00e9sime\u00a0!\u00bb<\/em><\/p>\n<h4><strong>Le diktat du terroir<\/strong><\/h4>\n<p><strong>L\u2019autre d\u00e9bat qui fait rage, c\u2019est la hi\u00e9rarchie des crus<\/strong>, avec, sous-jacente, la pr\u00e9\u00e9minence du \u00abterroir\u00bb dans sa version la plus basique, soit le sous-sol, le sol et l\u2019exposition (sans le facteur humain\u2026). La question passionne les Italiens. En 1879 d\u00e9j\u00e0, un agronome, <strong>Lorenzo Fantini,<\/strong> avait d\u00e9fini une sorte de classification de 82 sous-zones de Barolo et 34 de Barbaresco. Les uns ont \u00e9t\u00e9 h\u00e9rit\u00e9s du nom des anciens propri\u00e9taires (dans le Barolo, Baudana, Cannubi, Boschis, Ravera, etc.), les autres de lieux-dits (Boschetti, Brumata \u00e0 Barolo, Rivo Sordo, Cascina, \u00e0 Barbaresco). Pourtant, il a fallu attendre le 21<sup>\u00e8me<\/sup>si\u00e8cle pour que cette notion g\u00e9ographique soit ancr\u00e9e dans la r\u00e8glementation. <strong>Depuis 2009 \u00e0 Barolo, 2007 \u00e0 Barbaresco et 2017 dans le Roero, une liste de 166 noms g\u00e9ographiques ajout\u00e9s existe pour Barolo, 61 pour Barbaresco et 161 dans le Roero<\/strong>. Ce ne sont l\u00e0 que des lieux-dits, des crit\u00e8res de qualit\u00e9 (rendement moindre et degr\u00e9 de sucre plus haut) plus s\u00e9v\u00e8res que la DOCG ne s\u2019appliquant que pour la mention \u00abVigna\u00bb, qui est ce qui se rapproche le plus de la notion de cru (mono et grand cru).<\/p>\n<p><strong>Les statistiques montrent que 50% du raisin r\u00e9colt\u00e9 pourrait donner lieu \u00e0 une bouteille portant un nom g\u00e9ographique et qu\u2019en r\u00e9alit\u00e9, seuls 25% des vins l\u2019affichent.<\/strong> On peut le comprendre, quand on constate que dans la d\u00e9gustation \u00e0 l\u2019aveugle de Nebbiolo Prima, cinq \u00e9chantillons portant la mention Barolo Cannubi \u00e9taient tr\u00e8s diff\u00e9rents\u00a0: l\u2019un, peu structur\u00e9, trois autres \u00abold style\u00bb, avec des notes un peu s\u00e8ches de \u00abvieux bois\u00bb, et le dernier marqu\u00e9 par un \u00e9levage en barriques\u2026 Le journaliste <strong>Alessandro Masnaghetti<\/strong>, sp\u00e9cialiste d\u00e9sormais reconnu de la cartographie des vignobles, dresse sa propre hi\u00e9rarchie des crus, en plus de celles des caves et des vins, sur un niveau de cinq \u00e9toiles. Quatre crus sont au sommet \u00e0 Barolo\u00a0: Brunate, Cerequio, Rocche di Castiglione et Vignariondo. Et cinq \u00e0 Barbaresco\u00a0: Asili, Martinenga, Montefico, Rabaj\u00e0, Roncagliette. Autre param\u00e8tre qui soul\u00e8ve des discussions\u00a0: l\u2019admission de nouveaux hectares \u00e0 l\u2019int\u00e9rieur du p\u00e9rim\u00e8tre des DOCG. En cinq ans, Barolo a \u00abgagn\u00e9\u00bb 95 ha, Barbaresco 34 ha, et l\u2019ensemble des Langhe, pr\u00e8s de 500 ha (sans le Roero). <strong>Et si l\u2019on se reporte \u00e0 des chiffres de 1980, la production de barolo a \u00e9t\u00e9 multipli\u00e9e par trois (passant de 3,6 \u00e0 10,5 millions de litres) et celle de barbaresco par un peu plus de deux (de 1,5 \u00e0 3,6 millions de litres).<\/strong><\/p>\n<p><a href=\"https:\/\/thomasvino.ch\/?attachment_id=15599\" rel=\"attachment wp-att-15599\"><img data-attachment-id=\"15599\" data-permalink=\"https:\/\/thomasvino.ch\/?attachment_id=15599\" data-orig-file=\"https:\/\/i0.wp.com\/thomasvino.ch\/wp-content\/uploads\/2019\/02\/site_piemont_brouillard.jpg?fit=4175%2C2538&amp;ssl=1\" data-orig-size=\"4175,2538\" data-comments-opened=\"0\" data-image-meta=\"{&quot;aperture&quot;:&quot;0&quot;,&quot;credit&quot;:&quot;&quot;,&quot;camera&quot;:&quot;&quot;,&quot;caption&quot;:&quot;&quot;,&quot;created_timestamp&quot;:&quot;0&quot;,&quot;copyright&quot;:&quot;&quot;,&quot;focal_length&quot;:&quot;0&quot;,&quot;iso&quot;:&quot;0&quot;,&quot;shutter_speed&quot;:&quot;0&quot;,&quot;title&quot;:&quot;&quot;,&quot;orientation&quot;:&quot;1&quot;}\" data-image-title=\"site_piemont_brouillard\" data-image-description=\"\" data-image-caption=\"\" data-medium-file=\"https:\/\/i0.wp.com\/thomasvino.ch\/wp-content\/uploads\/2019\/02\/site_piemont_brouillard.jpg?fit=300%2C182&amp;ssl=1\" data-large-file=\"https:\/\/i0.wp.com\/thomasvino.ch\/wp-content\/uploads\/2019\/02\/site_piemont_brouillard.jpg?fit=1024%2C622&amp;ssl=1\" loading=\"lazy\" class=\"aligncenter size-medium wp-image-15599\" src=\"https:\/\/i0.wp.com\/thomasvino.ch\/wp-content\/uploads\/2019\/02\/site_piemont_brouillard.jpg?resize=300%2C182&#038;ssl=1\" alt=\"\" width=\"300\" height=\"182\" srcset=\"https:\/\/i0.wp.com\/thomasvino.ch\/wp-content\/uploads\/2019\/02\/site_piemont_brouillard.jpg?resize=300%2C182&amp;ssl=1 300w, https:\/\/i0.wp.com\/thomasvino.ch\/wp-content\/uploads\/2019\/02\/site_piemont_brouillard.jpg?resize=768%2C467&amp;ssl=1 768w, https:\/\/i0.wp.com\/thomasvino.ch\/wp-content\/uploads\/2019\/02\/site_piemont_brouillard.jpg?resize=1024%2C622&amp;ssl=1 1024w, https:\/\/i0.wp.com\/thomasvino.ch\/wp-content\/uploads\/2019\/02\/site_piemont_brouillard.jpg?w=2000&amp;ssl=1 2000w, https:\/\/i0.wp.com\/thomasvino.ch\/wp-content\/uploads\/2019\/02\/site_piemont_brouillard.jpg?w=3000&amp;ssl=1 3000w\" sizes=\"(max-width: 300px) 100vw, 300px\" data-recalc-dims=\"1\" \/><\/a><\/p>\n<h4><strong>Le Nebbiolo r\u00e9siste bien au r\u00e9chauffement<\/strong><\/h4>\n<p>Et puis, en amont aussi, sur ce sol qui se discute, il y a le \u00abroi nebbiolo\u00bb, r\u00e9parti en 46 clones dans le catalogue des c\u00e9pages italiens. Il est majoritairement cultiv\u00e9 au Pi\u00e9mont (sur 37% du vignoble des Langhe), o\u00f9 il a \u00e9t\u00e9 mentionn\u00e9 pour la premi\u00e8re fois en 1266, au ch\u00e2teau de Rivoli, au nord de Turin. Sous peu, gr\u00e2ce \u00e0 l\u2019analyse ADN, on devrait mieux conna\u00eetre ses parents, promet la chercheuse <strong>Anna Schneider<\/strong>. S\u2019il est difficile de distinguer les clones dans le vignoble, on sait qu\u2019il est tr\u00e8s diff\u00e9rent du dolcetto (plant\u00e9 sur 27% du vignoble des Langhe) et du barbera (15%). Son comportement lors d\u2019ann\u00e9es chaudes et de s\u00e8cheresse (2003, 2010, 2017) montre qu\u2019il s\u2019adapte bien r\u00e9chauffement climatique. <em>\u00abL\u2019irrigation est interdite. Si on devait irriguer, les diff\u00e9rences entre les lieux-dits seraient annul\u00e9es. Car les sols se comportent diff\u00e9remment selon les conditions du mill\u00e9sime\u00bb<\/em>, argumente l\u2019\u0153notechnicien <strong>Edmondo Bonelli<\/strong>. <em>\u00abOn a constat\u00e9 des diff\u00e9rences entre les vins\u00a0: les crus de Serralunga avaient la r\u00e9putation d\u2019\u00eatre aust\u00e8res, ils sont devenus \u00e9l\u00e9gants\u00a0!\u00bb<\/em><\/p>\n<p>Gr\u00e2ce au sol et \u00e0 la m\u00e9t\u00e9o ? Ou gr\u00e2ce \u00e0 l\u2019\u0153nologue-\u00e9leveur\u00a0? C&rsquo;est un peu l&rsquo;histoire de l&rsquo;\u0153uf et de la poule!<\/p>\n<h3><strong>Quelques vins que j\u2019ai appr\u00e9ci\u00e9s, en d\u00e9gustation \u00e0 l\u2019aveugle<\/strong><\/h3>\n<div id=\"attachment_15585\" style=\"width: 310px\" class=\"wp-caption aligncenter\"><a href=\"https:\/\/thomasvino.ch\/?attachment_id=15585\" rel=\"attachment wp-att-15585\"><img aria-describedby=\"caption-attachment-15585\" data-attachment-id=\"15585\" data-permalink=\"https:\/\/thomasvino.ch\/?attachment_id=15585\" data-orig-file=\"https:\/\/i0.wp.com\/thomasvino.ch\/wp-content\/uploads\/2019\/02\/site_bar_degust.jpg?fit=5616%2C3744&amp;ssl=1\" data-orig-size=\"5616,3744\" data-comments-opened=\"0\" data-image-meta=\"{&quot;aperture&quot;:&quot;7.1&quot;,&quot;credit&quot;:&quot;&quot;,&quot;camera&quot;:&quot;Canon EOS 5D Mark II&quot;,&quot;caption&quot;:&quot;&quot;,&quot;created_timestamp&quot;:&quot;1548413345&quot;,&quot;copyright&quot;:&quot;&quot;,&quot;focal_length&quot;:&quot;20&quot;,&quot;iso&quot;:&quot;500&quot;,&quot;shutter_speed&quot;:&quot;0.004&quot;,&quot;title&quot;:&quot;&quot;,&quot;orientation&quot;:&quot;1&quot;}\" data-image-title=\"site_bar_degust\" data-image-description=\"\" data-image-caption=\"&lt;p&gt;Concentration maximum dans la salle panoramique de l&amp;rsquo;h\u00f4tel I Castelli \u00e0 Alba.&lt;\/p&gt;\n\" data-medium-file=\"https:\/\/i0.wp.com\/thomasvino.ch\/wp-content\/uploads\/2019\/02\/site_bar_degust.jpg?fit=300%2C200&amp;ssl=1\" data-large-file=\"https:\/\/i0.wp.com\/thomasvino.ch\/wp-content\/uploads\/2019\/02\/site_bar_degust.jpg?fit=1024%2C683&amp;ssl=1\" loading=\"lazy\" class=\"size-medium wp-image-15585\" src=\"https:\/\/i0.wp.com\/thomasvino.ch\/wp-content\/uploads\/2019\/02\/site_bar_degust.jpg?resize=300%2C200&#038;ssl=1\" alt=\"\" width=\"300\" height=\"200\" srcset=\"https:\/\/i0.wp.com\/thomasvino.ch\/wp-content\/uploads\/2019\/02\/site_bar_degust.jpg?resize=300%2C200&amp;ssl=1 300w, https:\/\/i0.wp.com\/thomasvino.ch\/wp-content\/uploads\/2019\/02\/site_bar_degust.jpg?resize=768%2C512&amp;ssl=1 768w, https:\/\/i0.wp.com\/thomasvino.ch\/wp-content\/uploads\/2019\/02\/site_bar_degust.jpg?resize=1024%2C683&amp;ssl=1 1024w, https:\/\/i0.wp.com\/thomasvino.ch\/wp-content\/uploads\/2019\/02\/site_bar_degust.jpg?resize=140%2C94&amp;ssl=1 140w, https:\/\/i0.wp.com\/thomasvino.ch\/wp-content\/uploads\/2019\/02\/site_bar_degust.jpg?w=2000&amp;ssl=1 2000w, https:\/\/i0.wp.com\/thomasvino.ch\/wp-content\/uploads\/2019\/02\/site_bar_degust.jpg?w=3000&amp;ssl=1 3000w\" sizes=\"(max-width: 300px) 100vw, 300px\" data-recalc-dims=\"1\" \/><\/a><p id=\"caption-attachment-15585\" class=\"wp-caption-text\"><em>Concentration maximum dans la salle panoramique de l&rsquo;h\u00f4tel I Castelli \u00e0 Alba.<\/em><\/p><\/div>\n<p>Barolo 2015 d\u2019<strong>Armando Parusso<\/strong>\u00a0; Barolo 2015 Bricco delle Viole de <strong>Mario Marengo<\/strong> et aussi son Brunate\u00a0; Barolo 2015 Cannubi de <strong>Serio &amp; Battista Borgogno<\/strong>\u00a0; Barolo 2015 La Morra d\u2019<strong>Aurelio Settimo<\/strong>\u00a0; Barolo 2015, Castiglione Falletto, Rocche Di Castiglione, des <strong>Fratelli Monchiero<\/strong>, Barolo 2015, Monforte d&rsquo;Alba, Bussia, de <strong>Giacomo Fenocchio<\/strong>\u00a0; Barolo Riserva 2013, Ravera, <strong>Cascina Lo Zoccolaio<\/strong>\u00a0; Barolo Riserva 2013, Serralunga, de <strong>Paolo Manzone<\/strong>\u00a0; Barolo Riserva 2013, Rocche dell&rsquo;Annunziata, de <strong>Paolo Scavino<\/strong>\u00a0; Barbaresco 2016, Rabaja&rsquo;, de <strong>Giuseppe Cortese<\/strong>\u00a0; Barbaresco 2016, Giacosa Treiso, La Ganghija d\u2019<strong>Enzo Rapalino<\/strong>\u00a0; Barbaresco 2016, Alba, d\u2019<strong>Alessandro Rivetto<\/strong>\u00a0; Barbaresco Riserva 2014, Basarin Neive, de <strong>Punset<\/strong>\u00a0; Roero 2016, Canale, de <strong>Cornarea<\/strong>\u00a0; Roero 2016, Canale, de <strong>Monchiero Carbone<\/strong>, ainsi que son Roero Riserva 2015\u00a0; Riserva 2015, Canale, de <strong>Matteo Corregia<\/strong>.<\/p>\n<p><strong>Les quatre mill\u00e9simes sont bien diff\u00e9rents\u00a0:<\/strong> 2013, ann\u00e9e difficile \u00e0 la vigne, avec un bel automne heureusement sec\u00a0; 2014, ann\u00e9e d\u2019abord pluvieuse et froide, puis un automne chaud favorable \u00e0 la maturation lente du nebbiolo\u00a0; 2015, plus chaud, qui a fait des vins plus \u00e9l\u00e9gants et prompts \u00e0 boire\u00a0; 2016, qui devrait \u00eatre une ann\u00e9e de garde classique pour le Pi\u00e9mont (les barolos ne sortiront de cave qu\u2019en janvier 2020, mais les roeros et les barbarescos sont prometteurs).<\/p>\n<p><strong><em>Une <a href=\"https:\/\/thomasvino.ch\/?p=15584\">centaine de vins d\u00e9crits et not\u00e9s<\/a> sur www.thomasvino.ch<\/em><\/strong><\/p>\n<p><strong>Ce\u00a0texte est paru en f\u00e9vrier 2019 sur le blog francophone Les 5 du Vin et une version plus courte dans l&rsquo;hebdomadaire \u00a0H\u00f4tellerie &amp; Gastronomie Hebdo.\u00a0<\/strong><\/p>\n<p><em>\u00a9thomasvino.ch\u00a0<\/em><\/p>\n<p><strong>\u00a0<\/strong><\/p>\n<p><strong>\u00a0<\/strong><\/p>\n<p><strong>\u00a0<\/strong><\/p>\n<p><strong>\u00a0<\/strong><\/p>\n<p><strong>\u00a0<\/strong><\/p>\n<p><strong>\u00a0<\/strong><\/p>\n<p><strong>\u00a0<\/strong><\/p>\n<p>&nbsp;<\/p>\n<p>&nbsp;<\/p>\n<p>&nbsp;<\/p>\n<p>&nbsp;<\/p>\n<p>&nbsp;<\/p>\n<p>&nbsp;<\/p>\n","protected":false},"excerpt":{"rendered":"<p>Le Pi\u00e9mont a inaugur\u00e9, \u00e0 fin janvier, la longue saison des \u00abanteprime\u00bb, les d\u00e9gustations organis\u00e9es en Italie par les \u00abconsorzios\u00bb, pour d\u00e9couvrir les vins mis sur le march\u00e9. A Alba, Nebbiolo Prima pr\u00e9c\u00e9dait l\u2019exposition Grandi Langhe. Vedette incontest\u00e9e de ces d\u00e9gustations, le nebbiolo, de plus en plus d\u00e9gust\u00e9 en primeurs, avant mise en bouteille. Par [&hellip;]<\/p>\n","protected":false},"author":3,"featured_media":0,"comment_status":"closed","ping_status":"open","sticky":false,"template":"","format":"standard","meta":{"_monsterinsights_skip_tracking":false,"_monsterinsights_sitenote_active":false,"_monsterinsights_sitenote_note":"","_monsterinsights_sitenote_category":0,"jetpack_post_was_ever_published":false,"jetpack_publicize_message":"","jetpack_is_tweetstorm":false,"jetpack_publicize_feature_enabled":true,"jetpack_social_post_already_shared":true,"jetpack_social_options":{"image_generator_settings":{"template":"highway","enabled":false}}},"categories":[10],"tags":[],"jetpack_publicize_connections":[],"yoast_head":"<!-- This site is optimized with the Yoast SEO plugin v20.6 - https:\/\/yoast.com\/wordpress\/plugins\/seo\/ -->\n<title>Le Roi Nebbiolo sous multiples influences - thomasvino<\/title>\n<meta name=\"robots\" content=\"index, follow, max-snippet:-1, max-image-preview:large, max-video-preview:-1\" \/>\n<link rel=\"canonical\" href=\"https:\/\/thomasvino.ch\/?p=15594\" \/>\n<meta property=\"og:locale\" content=\"fr_FR\" \/>\n<meta property=\"og:type\" content=\"article\" \/>\n<meta property=\"og:title\" content=\"Le Roi Nebbiolo sous multiples influences - thomasvino\" \/>\n<meta property=\"og:description\" content=\"Le Pi\u00e9mont a inaugur\u00e9, \u00e0 fin janvier, la longue saison des \u00abanteprime\u00bb, les d\u00e9gustations organis\u00e9es en Italie par les \u00abconsorzios\u00bb, pour d\u00e9couvrir les vins mis sur le march\u00e9. A Alba, Nebbiolo Prima pr\u00e9c\u00e9dait l\u2019exposition Grandi Langhe. Vedette incontest\u00e9e de ces d\u00e9gustations, le nebbiolo, de plus en plus d\u00e9gust\u00e9 en primeurs, avant mise en bouteille. Par [&hellip;]\" \/>\n<meta property=\"og:url\" content=\"https:\/\/thomasvino.ch\/?p=15594\" \/>\n<meta property=\"og:site_name\" content=\"thomasvino\" \/>\n<meta property=\"article:published_time\" content=\"2019-03-06T16:43:55+00:00\" \/>\n<meta property=\"article:modified_time\" content=\"2019-03-06T16:44:36+00:00\" \/>\n<meta property=\"og:image\" content=\"https:\/\/thomasvino.ch\/wp-content\/uploads\/2019\/02\/site_piemont_hiver-300x226.jpg\" \/>\n<meta name=\"author\" content=\"Pierre Thomas\" \/>\n<meta name=\"twitter:label1\" content=\"\u00c9crit par\" \/>\n\t<meta name=\"twitter:data1\" content=\"Pierre Thomas\" \/>\n\t<meta name=\"twitter:label2\" content=\"Dur\u00e9e de lecture estim\u00e9e\" \/>\n\t<meta name=\"twitter:data2\" content=\"7 minutes\" \/>\n<script type=\"application\/ld+json\" class=\"yoast-schema-graph\">{\"@context\":\"https:\/\/schema.org\",\"@graph\":[{\"@type\":\"WebPage\",\"@id\":\"https:\/\/thomasvino.ch\/?p=15594\",\"url\":\"https:\/\/thomasvino.ch\/?p=15594\",\"name\":\"Le Roi Nebbiolo sous multiples influences - thomasvino\",\"isPartOf\":{\"@id\":\"https:\/\/thomasvino.ch\/#website\"},\"datePublished\":\"2019-03-06T16:43:55+00:00\",\"dateModified\":\"2019-03-06T16:44:36+00:00\",\"author\":{\"@id\":\"https:\/\/thomasvino.ch\/#\/schema\/person\/670bf4486fe81152cf1d68bd585e062e\"},\"breadcrumb\":{\"@id\":\"https:\/\/thomasvino.ch\/?p=15594#breadcrumb\"},\"inLanguage\":\"fr-FR\",\"potentialAction\":[{\"@type\":\"ReadAction\",\"target\":[\"https:\/\/thomasvino.ch\/?p=15594\"]}]},{\"@type\":\"BreadcrumbList\",\"@id\":\"https:\/\/thomasvino.ch\/?p=15594#breadcrumb\",\"itemListElement\":[{\"@type\":\"ListItem\",\"position\":1,\"name\":\"Accueil\",\"item\":\"https:\/\/thomasvino.ch\/\"},{\"@type\":\"ListItem\",\"position\":2,\"name\":\"Le Roi Nebbiolo sous multiples influences\"}]},{\"@type\":\"WebSite\",\"@id\":\"https:\/\/thomasvino.ch\/#website\",\"url\":\"https:\/\/thomasvino.ch\/\",\"name\":\"thomasvino\",\"description\":\"Vins &amp; Gastronomie\",\"potentialAction\":[{\"@type\":\"SearchAction\",\"target\":{\"@type\":\"EntryPoint\",\"urlTemplate\":\"https:\/\/thomasvino.ch\/?s={search_term_string}\"},\"query-input\":\"required name=search_term_string\"}],\"inLanguage\":\"fr-FR\"},{\"@type\":\"Person\",\"@id\":\"https:\/\/thomasvino.ch\/#\/schema\/person\/670bf4486fe81152cf1d68bd585e062e\",\"name\":\"Pierre Thomas\",\"image\":{\"@type\":\"ImageObject\",\"inLanguage\":\"fr-FR\",\"@id\":\"https:\/\/thomasvino.ch\/#\/schema\/person\/image\/\",\"url\":\"https:\/\/secure.gravatar.com\/avatar\/91fd5a76647f140e53db987a0dead4d7?s=96&d=mm&r=g\",\"contentUrl\":\"https:\/\/secure.gravatar.com\/avatar\/91fd5a76647f140e53db987a0dead4d7?s=96&d=mm&r=g\",\"caption\":\"Pierre Thomas\"},\"url\":\"https:\/\/thomasvino.ch\/?author=3\"}]}<\/script>\n<!-- \/ Yoast SEO plugin. -->","yoast_head_json":{"title":"Le Roi Nebbiolo sous multiples influences - thomasvino","robots":{"index":"index","follow":"follow","max-snippet":"max-snippet:-1","max-image-preview":"max-image-preview:large","max-video-preview":"max-video-preview:-1"},"canonical":"https:\/\/thomasvino.ch\/?p=15594","og_locale":"fr_FR","og_type":"article","og_title":"Le Roi Nebbiolo sous multiples influences - thomasvino","og_description":"Le Pi\u00e9mont a inaugur\u00e9, \u00e0 fin janvier, la longue saison des \u00abanteprime\u00bb, les d\u00e9gustations organis\u00e9es en Italie par les \u00abconsorzios\u00bb, pour d\u00e9couvrir les vins mis sur le march\u00e9. A Alba, Nebbiolo Prima pr\u00e9c\u00e9dait l\u2019exposition Grandi Langhe. Vedette incontest\u00e9e de ces d\u00e9gustations, le nebbiolo, de plus en plus d\u00e9gust\u00e9 en primeurs, avant mise en bouteille. Par [&hellip;]","og_url":"https:\/\/thomasvino.ch\/?p=15594","og_site_name":"thomasvino","article_published_time":"2019-03-06T16:43:55+00:00","article_modified_time":"2019-03-06T16:44:36+00:00","og_image":[{"url":"https:\/\/thomasvino.ch\/wp-content\/uploads\/2019\/02\/site_piemont_hiver-300x226.jpg"}],"author":"Pierre Thomas","twitter_misc":{"\u00c9crit par":"Pierre Thomas","Dur\u00e9e de lecture estim\u00e9e":"7 minutes"},"schema":{"@context":"https:\/\/schema.org","@graph":[{"@type":"WebPage","@id":"https:\/\/thomasvino.ch\/?p=15594","url":"https:\/\/thomasvino.ch\/?p=15594","name":"Le Roi Nebbiolo sous multiples influences - thomasvino","isPartOf":{"@id":"https:\/\/thomasvino.ch\/#website"},"datePublished":"2019-03-06T16:43:55+00:00","dateModified":"2019-03-06T16:44:36+00:00","author":{"@id":"https:\/\/thomasvino.ch\/#\/schema\/person\/670bf4486fe81152cf1d68bd585e062e"},"breadcrumb":{"@id":"https:\/\/thomasvino.ch\/?p=15594#breadcrumb"},"inLanguage":"fr-FR","potentialAction":[{"@type":"ReadAction","target":["https:\/\/thomasvino.ch\/?p=15594"]}]},{"@type":"BreadcrumbList","@id":"https:\/\/thomasvino.ch\/?p=15594#breadcrumb","itemListElement":[{"@type":"ListItem","position":1,"name":"Accueil","item":"https:\/\/thomasvino.ch\/"},{"@type":"ListItem","position":2,"name":"Le Roi Nebbiolo sous multiples influences"}]},{"@type":"WebSite","@id":"https:\/\/thomasvino.ch\/#website","url":"https:\/\/thomasvino.ch\/","name":"thomasvino","description":"Vins &amp; Gastronomie","potentialAction":[{"@type":"SearchAction","target":{"@type":"EntryPoint","urlTemplate":"https:\/\/thomasvino.ch\/?s={search_term_string}"},"query-input":"required name=search_term_string"}],"inLanguage":"fr-FR"},{"@type":"Person","@id":"https:\/\/thomasvino.ch\/#\/schema\/person\/670bf4486fe81152cf1d68bd585e062e","name":"Pierre Thomas","image":{"@type":"ImageObject","inLanguage":"fr-FR","@id":"https:\/\/thomasvino.ch\/#\/schema\/person\/image\/","url":"https:\/\/secure.gravatar.com\/avatar\/91fd5a76647f140e53db987a0dead4d7?s=96&d=mm&r=g","contentUrl":"https:\/\/secure.gravatar.com\/avatar\/91fd5a76647f140e53db987a0dead4d7?s=96&d=mm&r=g","caption":"Pierre Thomas"},"url":"https:\/\/thomasvino.ch\/?author=3"}]}},"jetpack_featured_media_url":"","jetpack_sharing_enabled":true,"jetpack_shortlink":"https:\/\/wp.me\/p3m4tZ-43w","jetpack_likes_enabled":false,"jetpack-related-posts":[{"id":12868,"url":"https:\/\/thomasvino.ch\/?p=12868","url_meta":{"origin":15594,"position":0},"title":"Le Pi\u00e9mont, rive gauche","date":"30 juin 2015","format":false,"excerpt":"Il y a un an (en juin 2014), l\u2019Unesco classait au patrimoine mondial le \u00abpaysage viticole du Pi\u00e9mont: Langhe-Roero et Monferrato\u00bb. A c\u00f4t\u00e9 des vins r\u00e9put\u00e9s que sont le Barolo et le Barbaresco, \u00e0 base de nebbiolo, le Roero est moins connu. D\u00e9couverte de la rive gauche du Tanaro. Reportage\u2026","rel":"","context":"Dans &quot;Vins italiens&quot;","img":{"alt_text":"","src":"https:\/\/i0.wp.com\/www.thomasvino.ch\/wp-content\/uploads\/2015\/06\/site_roero3_eglise_guarene_pts-300x225.jpg?resize=350%2C200","width":350,"height":200},"classes":[]},{"id":15694,"url":"https:\/\/thomasvino.ch\/?p=15694","url_meta":{"origin":15594,"position":1},"title":"L&rsquo;Alto Piemonte (Novare): l&rsquo;\u00abautre\u00bb Pi\u00e9mont","date":"1 mai 2019","format":false,"excerpt":"Le Pi\u00e9mont, entre le sud des Alpes et le Monferato et les Langhe, a totalis\u00e9 jusqu\u2019\u00e0 40'000 hectares de vigne, avant le phyllox\u00e9ra et l\u2019industrialisation. Il en reste 800 hectares dans l\u2019Alto Piemonte, du lac de Viverone \u00e0 Crodo, au nord de Domodossola. D\u00e9couverte, ou plut\u00f4t, red\u00e9couverte\u00a0! Par Pierre Thomas,\u2026","rel":"","context":"Dans &quot;Vins italiens&quot;","img":{"alt_text":"","src":"https:\/\/i0.wp.com\/thomasvino.ch\/wp-content\/uploads\/2019\/04\/site_guardasole_verte-300x300.jpg?resize=350%2C200&ssl=1","width":350,"height":200},"classes":[]},{"id":13237,"url":"https:\/\/thomasvino.ch\/?p=13237","url_meta":{"origin":15594,"position":2},"title":"Quand le nebbiolo joue au grand seigneur","date":"10 d\u00e9cembre 2015","format":false,"excerpt":"Chaque ann\u00e9e, \u00e0 Alba, au sud de Turin et au c\u0153ur du Pi\u00e9mont viticole, class\u00e9 au patrimoine mondial de l\u2019Unesco depuis juillet 2014, le c\u00e9page le plus embl\u00e9matique de la r\u00e9gion se laisse d\u00e9guster dans ses plus hautes expressions. Reportage. Par Pierre Thomas, de retour d'Alba, textes et photos L\u2019association\u2026","rel":"","context":"Dans &quot;Vins italiens&quot;","img":{"alt_text":"","src":"https:\/\/i0.wp.com\/www.thomasvino.ch\/wp-content\/uploads\/2015\/12\/site_piem2_degnebprima15-300x209.jpg?resize=350%2C200","width":350,"height":200},"classes":[]},{"id":9969,"url":"https:\/\/thomasvino.ch\/?p=9969","url_meta":{"origin":15594,"position":3},"title":"Le Pi\u00e9mont, B &#038; B (Barbera, Barolo, Bed &#038; Breakfest)","date":"21 mai 2007","format":false,"excerpt":"Vins, g\u00eete et couvertLe Pi\u00e9mont, version B & BL\u2019un est simple, l\u2019autre un grand classique. Les deux vins pi\u00e9montais que sont la Barbera et le Barolo (B & B donc) se disputent les rayons des supermarch\u00e9s suisses. Verdict d\u2019une d\u00e9gustation pour le magazine de consommationromand Tout Compte Fait (\u00e9dition de\u2026","rel":"","context":"Dans &quot;Vins italiens&quot;","img":{"alt_text":"","src":"","width":0,"height":0},"classes":[]},{"id":18649,"url":"https:\/\/thomasvino.ch\/?p=18649","url_meta":{"origin":15594,"position":4},"title":"Vins de la Vall\u00e9e d\u2019Ossola (Italie) &#8211; Une descente en rappel","date":"13 d\u00e9cembre 2025","format":false,"excerpt":"Je le confesse, m\u00eame depuis que je s\u00e9journe au bord du lac d\u2019Orta, j\u2019avais jusqu'ici snob\u00e9 les vignes de la Vall\u00e9e d\u2019Ossola. Il a fallu un voyage de presse organis\u00e9 par le consortium de l\u2019Alto Piemonte, en compl\u00e9ment du salon Taste Alto Piemonte (les 9 et 10 novembre 2025 \u00e0\u2026","rel":"","context":"Dans &quot;Vins italiens&quot;","img":{"alt_text":"","src":"https:\/\/i0.wp.com\/thomasvino.ch\/wp-content\/uploads\/2025\/11\/topia3-300x225.jpeg?resize=350%2C200&ssl=1","width":350,"height":200},"classes":[]},{"id":9216,"url":"https:\/\/thomasvino.ch\/?p=9216","url_meta":{"origin":15594,"position":5},"title":"Quand le Barolo fait la f\u00eate&#8230;","date":"27 juillet 2011","format":false,"excerpt":"Barolo Night 2011 \u00e0 La Morra Grands vins et belle ambiance C\u2019est d\u00e9sormais une tradition des vignerons de La Morra, pr\u00e8s d\u2019Alba\u00a0: en juillet, ils invitent les amateurs de toute l\u2019Europe \u00e0 une Barolo Night. La troisi\u00e8me \u00e9dition a eu lieu le 24 juillet 2011. Par Pierre Thomas Il n\u2019y\u2026","rel":"","context":"Dans &quot;Vins italiens&quot;","img":{"alt_text":"site_barolonight.jpg","src":"img\/site_barolonight.jpg","width":350,"height":200},"classes":[]}],"_links":{"self":[{"href":"https:\/\/thomasvino.ch\/index.php?rest_route=\/wp\/v2\/posts\/15594"}],"collection":[{"href":"https:\/\/thomasvino.ch\/index.php?rest_route=\/wp\/v2\/posts"}],"about":[{"href":"https:\/\/thomasvino.ch\/index.php?rest_route=\/wp\/v2\/types\/post"}],"author":[{"embeddable":true,"href":"https:\/\/thomasvino.ch\/index.php?rest_route=\/wp\/v2\/users\/3"}],"replies":[{"embeddable":true,"href":"https:\/\/thomasvino.ch\/index.php?rest_route=%2Fwp%2Fv2%2Fcomments&post=15594"}],"version-history":[{"count":2,"href":"https:\/\/thomasvino.ch\/index.php?rest_route=\/wp\/v2\/posts\/15594\/revisions"}],"predecessor-version":[{"id":15648,"href":"https:\/\/thomasvino.ch\/index.php?rest_route=\/wp\/v2\/posts\/15594\/revisions\/15648"}],"wp:attachment":[{"href":"https:\/\/thomasvino.ch\/index.php?rest_route=%2Fwp%2Fv2%2Fmedia&parent=15594"}],"wp:term":[{"taxonomy":"category","embeddable":true,"href":"https:\/\/thomasvino.ch\/index.php?rest_route=%2Fwp%2Fv2%2Fcategories&post=15594"},{"taxonomy":"post_tag","embeddable":true,"href":"https:\/\/thomasvino.ch\/index.php?rest_route=%2Fwp%2Fv2%2Ftags&post=15594"}],"curies":[{"name":"wp","href":"https:\/\/api.w.org\/{rel}","templated":true}]}}