{"id":15665,"date":"2019-03-20T15:24:41","date_gmt":"2019-03-20T14:24:41","guid":{"rendered":"https:\/\/thomasvino.ch\/?p=15665"},"modified":"2019-03-20T15:24:41","modified_gmt":"2019-03-20T14:24:41","slug":"semaine-du-gout-22-vla-les-artisanes-du-vin","status":"publish","type":"post","link":"https:\/\/thomasvino.ch\/?p=15665","title":{"rendered":"Semaine du Go\u00fbt\u00a0: 22, v\u2019l\u00e0 les Artisanes du vin\u00a0!"},"content":{"rendered":"<p><strong>La Semaine suisse du Go\u00fbt n\u2019a connu que deux \u00abmarraines\u00bb, la cheffe Irma Dutsch, et la vigneronne Marie-Th\u00e9r\u00e8se Chappaz, en dix-neuf \u00e9ditions. La manifestation, du 12 au 22 septembre, se rattrape en nommant les 22 Artisanes du vin, toutes marraines, cette ann\u00e9e.<\/strong><\/p>\n<p><em>Par Pierre Thomas<\/em><\/p>\n<p>Dix-sept, de toute la Suisse romande, \u00e9taient pr\u00e9sentes dans l\u2019antre des Mines de sel de Bex, pour le lancement des candidatures pour les \u00e9v\u00e9nements de la Semaine du Go\u00fbt. <em>\u00abEn 2001, pour la premi\u00e8re manifestation, il y avait 140 rendez-vous et l\u2019an pass\u00e9, 2500\u00bb<\/em>, a rappel\u00e9 l\u2019initiateur, aujourd\u2019hui directeur, le Lausannois <strong>Josef Zisyadis<\/strong>. Ces candidatures, qui s\u2019enregistrent en ligne jusqu\u2019au 30 avril, passent ensuite par la moulinette de comit\u00e9s r\u00e9gionaux.<\/p>\n<p>Une fois de plus, les occasions de sensibiliser les enfants au go\u00fbt, notamment par des \u00e9v\u00e9nements dans les \u00e9coles, sont n\u00e9cessaires. Des <em>\u00abbons pour les jeunes\u00bb<\/em> dans des restaurants gastronomiques et l\u2019occasion de servir des demi-menus \u2014 une nouveaut\u00e9 \u2014 visent les nouveaux gastronomes.<\/p>\n<h4><strong>Malbouffe et bien boire<\/strong><\/h4>\n<p>Pour <strong>Josef Zisyadis<\/strong>, combattre la malbouffe par un \u00abchangement de mentalit\u00e9\u00bb reste une priorit\u00e9, et o\u00f9 <em>\u00able rapport personnel \u00e0 la nourriture\u00bb<\/em> m\u00e9rite d\u2019\u00eatre repens\u00e9, pour <em>\u00abr\u00e9ussir face au changement climatique\u00bb<\/em>. Porte-parole des Artisanes du vin, la Vaudoise <strong>No\u00e9mie Graff<\/strong> est sur la m\u00eame ligne en affirmant que <em>\u00able go\u00fbt est affaire de chacun, donc de tous\u00a0!\u00bb<\/em>. Elle a soulign\u00e9 que si les plus conservateurs voient volontiers la femme \u00e0 la cuisine, les marraines du go\u00fbt n\u2019avaient \u00e9t\u00e9 que deux en pr\u00e8s de vingt \u00e9ditions (la vingti\u00e8me en 2020). Hormis <strong>Marie-Th\u00e9r\u00e8se Chappaz<\/strong>, seul <strong>Paolo Basso<\/strong>, meilleur sommelier du monde, ont repr\u00e9sent\u00e9 le vin, jusqu\u2019ici.<\/p>\n<p><a href=\"https:\/\/thomasvino.ch\/?attachment_id=15666\" rel=\"attachment wp-att-15666\"><img data-attachment-id=\"15666\" data-permalink=\"https:\/\/thomasvino.ch\/?attachment_id=15666\" data-orig-file=\"https:\/\/i0.wp.com\/thomasvino.ch\/wp-content\/uploads\/2019\/03\/semgout_9.jpg?fit=8688%2C5792&amp;ssl=1\" data-orig-size=\"8688,5792\" data-comments-opened=\"0\" data-image-meta=\"{&quot;aperture&quot;:&quot;1.4&quot;,&quot;credit&quot;:&quot;&quot;,&quot;camera&quot;:&quot;Canon EOS 5DS R&quot;,&quot;caption&quot;:&quot;&quot;,&quot;created_timestamp&quot;:&quot;1551877826&quot;,&quot;copyright&quot;:&quot;&quot;,&quot;focal_length&quot;:&quot;50&quot;,&quot;iso&quot;:&quot;6400&quot;,&quot;shutter_speed&quot;:&quot;0.008&quot;,&quot;title&quot;:&quot;&quot;,&quot;orientation&quot;:&quot;1&quot;}\" data-image-title=\"semgout_9\" data-image-description=\"\" data-image-caption=\"\" data-medium-file=\"https:\/\/i0.wp.com\/thomasvino.ch\/wp-content\/uploads\/2019\/03\/semgout_9.jpg?fit=300%2C200&amp;ssl=1\" data-large-file=\"https:\/\/i0.wp.com\/thomasvino.ch\/wp-content\/uploads\/2019\/03\/semgout_9.jpg?fit=1024%2C683&amp;ssl=1\" loading=\"lazy\" class=\"aligncenter size-medium wp-image-15666\" src=\"https:\/\/i0.wp.com\/thomasvino.ch\/wp-content\/uploads\/2019\/03\/semgout_9.jpg?resize=300%2C200&#038;ssl=1\" alt=\"\" width=\"300\" height=\"200\" srcset=\"https:\/\/i0.wp.com\/thomasvino.ch\/wp-content\/uploads\/2019\/03\/semgout_9.jpg?resize=300%2C200&amp;ssl=1 300w, https:\/\/i0.wp.com\/thomasvino.ch\/wp-content\/uploads\/2019\/03\/semgout_9.jpg?resize=768%2C512&amp;ssl=1 768w, https:\/\/i0.wp.com\/thomasvino.ch\/wp-content\/uploads\/2019\/03\/semgout_9.jpg?resize=1024%2C683&amp;ssl=1 1024w, https:\/\/i0.wp.com\/thomasvino.ch\/wp-content\/uploads\/2019\/03\/semgout_9.jpg?resize=140%2C94&amp;ssl=1 140w, https:\/\/i0.wp.com\/thomasvino.ch\/wp-content\/uploads\/2019\/03\/semgout_9.jpg?w=2000&amp;ssl=1 2000w, https:\/\/i0.wp.com\/thomasvino.ch\/wp-content\/uploads\/2019\/03\/semgout_9.jpg?w=3000&amp;ssl=1 3000w\" sizes=\"(max-width: 300px) 100vw, 300px\" data-recalc-dims=\"1\" \/><\/a><\/p>\n<p>Pour la talentueuse vigneronne de Begnins (VD), <em>\u00able vin est devenu un plaisir h\u00e9donique et a perdu son statut de plus hygi\u00e9nique des boissons\u00bb.<\/em> Au fil du temps, l\u2019ancestrale et m\u00e9diterran\u00e9enne trilogie pain-huile d\u2019olive-vin s\u2019est mu\u00e9e en toast-huile-de-palme-soda\u2026 Pour <strong>No\u00e9mie Graff<\/strong>, <em>\u00abla disparition du go\u00fbt va de pair avec la perte de la patience. Ce temps, \u00e0 retrouver, le vin l\u2019illustre parfaitement, des travaux de la vigne, \u00e0 l\u2019\u00e9levage, puis \u00e0 la consommation. (\u2026) Le vin reste le symbole important de la convivialit\u00e9\u00bb<\/em>. Cette ann\u00e9e, les Artisanes du vin f\u00eate les 20 ans du mouvement. Les anciennes ont c\u00e9d\u00e9 leur place \u00e0 de jeunes vigneronnes, dont plusieurs sont (encore) peu connues.<\/p>\n<p>Pr\u00e9sid\u00e9e par la Vaudoise <strong>M\u00e9lanie Weber<\/strong>, de Cully, les 22 artisanes sont bien repr\u00e9sent\u00e9es \u00e0 Gen\u00e8ve, dans le canton de Vaud, \u00e0 Neuch\u00e2tel et en Valais. Beaucoup moins au Tessin (une seule \u0153nologue) et en Suisse al\u00e9manique (quatre membres). Elles entendent se faire conna\u00eetre lors de la F\u00eate des Vignerons de Vevey, o\u00f9 elles ont d\u00e9croch\u00e9 un des trois bars dans l\u2019enceinte officielle du spectacle, o\u00f9 elles se relaieront pour aller \u00e0 la rencontre du public\u2026<\/p>\n<p>La Semaine du Go\u00fbt a sign\u00e9, il y a trois ans, un partenariat avec <em>Swiss Wine Promotion<\/em>\u00a0: l\u2019occasion de mettre en lumi\u00e8re le <em>Swiss Wine Gourmet<\/em>, qui classe 1100 \u00e9tablissements publics selon l\u2019offre des vins suisses, avec un label de un \u00e0 trois verres, selon qu\u2019on propose des vins d\u2019une seule r\u00e9gion de production, jusqu\u2019au six (trois verres, le maximum). Un programme permet de tester et d\u2019am\u00e9liorer ses connaissances en ligne, aussi.<\/p>\n<h4><strong>Vers des \u00abgrands sites du go\u00fbt\u00bb<\/strong><\/h4>\n<p>On sait que c\u2019est <strong>Montreux, qui sera, cet automne, la <em>\u00abville suisse du go\u00fbt\u00bb<\/em><\/strong>. Un comit\u00e9 local s\u2019active pour proposer des activit\u00e9s, de la B\u00e9nichon fribourgeoise au March\u00e9 couvert, \u00e0 la f\u00eate du pain du quartier de Tavel, en passant par l\u2019\u00e9cole des m\u00e9tiers de bouche de Clarens et la cuisine largement m\u00e9tiss\u00e9e sur les quais. Et puis, la Fondation de la Semaine du Go\u00fbt que pr\u00e9side le politicien genevois <strong>Robert Cramer<\/strong> s\u2019appr\u00eate \u00e0 lancer, d\u00e9but mai, le projet des <em>\u00abGrands sites du go\u00fbt\u00bb<\/em> suisses, avec l\u2019appui de la Conf\u00e9d\u00e9ration et de Swiss Tourism. Quant \u00e0 la Semaine elle-m\u00eame, elle sera ouverte le 11 septembre, \u00e0 Berne, en pr\u00e9sence du gratin f\u00e9d\u00e9ral, r\u00e9gal\u00e9 par le chef du Pont de Brent, <strong>St\u00e9phane Decotterd<\/strong>. Depuis quelques mois, le chef des hauts de Montreux a courageusement banni les ingr\u00e9dients d\u2019origine lointaine de ses menus et s\u2019est r\u00e9solument port\u00e9 sur des produits locaux, aussi diversifi\u00e9 que le fromage de ch\u00e8vre de Forel, le s\u00e9rac de Sorens, le caviar de Susten, la volaille de la Gruy\u00e8re ou la fleur de sel des Alpes, servis dans la mine de sel de Bex aux participants \u00e0 ce lever de rideau\u2026<\/p>\n<p><strong><em>Sur le net\u00a0: www.gout.ch<\/em><\/strong><\/p>\n<p><em>Paru dans H\u00f4tellerie et Gastronomie Hebdo du 20 mars 2019.<\/em><\/p>\n","protected":false},"excerpt":{"rendered":"<p>La Semaine suisse du Go\u00fbt n\u2019a connu que deux \u00abmarraines\u00bb, la cheffe Irma Dutsch, et la vigneronne Marie-Th\u00e9r\u00e8se Chappaz, en dix-neuf \u00e9ditions. La manifestation, du 12 au 22 septembre, se rattrape en nommant les 22 Artisanes du vin, toutes marraines, cette ann\u00e9e. Par Pierre Thomas Dix-sept, de toute la Suisse romande, \u00e9taient pr\u00e9sentes dans l\u2019antre [&hellip;]<\/p>\n","protected":false},"author":3,"featured_media":0,"comment_status":"closed","ping_status":"open","sticky":false,"template":"","format":"standard","meta":{"_monsterinsights_skip_tracking":false,"_monsterinsights_sitenote_active":false,"_monsterinsights_sitenote_note":"","_monsterinsights_sitenote_category":0,"jetpack_post_was_ever_published":false,"jetpack_publicize_message":"","jetpack_is_tweetstorm":false,"jetpack_publicize_feature_enabled":true,"jetpack_social_post_already_shared":true,"jetpack_social_options":{"image_generator_settings":{"template":"highway","enabled":false}}},"categories":[17],"tags":[],"jetpack_publicize_connections":[],"yoast_head":"<!-- This site is optimized with the Yoast SEO plugin v20.6 - https:\/\/yoast.com\/wordpress\/plugins\/seo\/ -->\n<title>Semaine du Go\u00fbt\u00a0: 22, v\u2019l\u00e0 les Artisanes du vin\u00a0! - thomasvino<\/title>\n<meta name=\"robots\" content=\"index, follow, max-snippet:-1, max-image-preview:large, max-video-preview:-1\" \/>\n<link rel=\"canonical\" href=\"https:\/\/thomasvino.ch\/?p=15665\" \/>\n<meta property=\"og:locale\" content=\"fr_FR\" \/>\n<meta property=\"og:type\" content=\"article\" \/>\n<meta property=\"og:title\" content=\"Semaine du Go\u00fbt\u00a0: 22, v\u2019l\u00e0 les Artisanes du vin\u00a0! - thomasvino\" \/>\n<meta property=\"og:description\" content=\"La Semaine suisse du Go\u00fbt n\u2019a connu que deux \u00abmarraines\u00bb, la cheffe Irma Dutsch, et la vigneronne Marie-Th\u00e9r\u00e8se Chappaz, en dix-neuf \u00e9ditions. La manifestation, du 12 au 22 septembre, se rattrape en nommant les 22 Artisanes du vin, toutes marraines, cette ann\u00e9e. Par Pierre Thomas Dix-sept, de toute la Suisse romande, \u00e9taient pr\u00e9sentes dans l\u2019antre [&hellip;]\" \/>\n<meta property=\"og:url\" content=\"https:\/\/thomasvino.ch\/?p=15665\" \/>\n<meta property=\"og:site_name\" content=\"thomasvino\" \/>\n<meta property=\"article:published_time\" content=\"2019-03-20T14:24:41+00:00\" \/>\n<meta property=\"og:image\" content=\"https:\/\/thomasvino.ch\/wp-content\/uploads\/2019\/03\/semgout_9-300x200.jpg\" \/>\n<meta name=\"author\" content=\"Pierre Thomas\" \/>\n<meta name=\"twitter:label1\" content=\"\u00c9crit par\" \/>\n\t<meta name=\"twitter:data1\" content=\"Pierre Thomas\" \/>\n\t<meta name=\"twitter:label2\" content=\"Dur\u00e9e de lecture estim\u00e9e\" \/>\n\t<meta name=\"twitter:data2\" content=\"4 minutes\" \/>\n<script type=\"application\/ld+json\" class=\"yoast-schema-graph\">{\"@context\":\"https:\/\/schema.org\",\"@graph\":[{\"@type\":\"WebPage\",\"@id\":\"https:\/\/thomasvino.ch\/?p=15665\",\"url\":\"https:\/\/thomasvino.ch\/?p=15665\",\"name\":\"Semaine du Go\u00fbt\u00a0: 22, v\u2019l\u00e0 les Artisanes du vin\u00a0! - thomasvino\",\"isPartOf\":{\"@id\":\"https:\/\/thomasvino.ch\/#website\"},\"datePublished\":\"2019-03-20T14:24:41+00:00\",\"dateModified\":\"2019-03-20T14:24:41+00:00\",\"author\":{\"@id\":\"https:\/\/thomasvino.ch\/#\/schema\/person\/670bf4486fe81152cf1d68bd585e062e\"},\"breadcrumb\":{\"@id\":\"https:\/\/thomasvino.ch\/?p=15665#breadcrumb\"},\"inLanguage\":\"fr-FR\",\"potentialAction\":[{\"@type\":\"ReadAction\",\"target\":[\"https:\/\/thomasvino.ch\/?p=15665\"]}]},{\"@type\":\"BreadcrumbList\",\"@id\":\"https:\/\/thomasvino.ch\/?p=15665#breadcrumb\",\"itemListElement\":[{\"@type\":\"ListItem\",\"position\":1,\"name\":\"Accueil\",\"item\":\"https:\/\/thomasvino.ch\/\"},{\"@type\":\"ListItem\",\"position\":2,\"name\":\"Semaine du Go\u00fbt\u00a0: 22, v\u2019l\u00e0 les Artisanes du vin\u00a0!\"}]},{\"@type\":\"WebSite\",\"@id\":\"https:\/\/thomasvino.ch\/#website\",\"url\":\"https:\/\/thomasvino.ch\/\",\"name\":\"thomasvino\",\"description\":\"Vins &amp; Gastronomie\",\"potentialAction\":[{\"@type\":\"SearchAction\",\"target\":{\"@type\":\"EntryPoint\",\"urlTemplate\":\"https:\/\/thomasvino.ch\/?s={search_term_string}\"},\"query-input\":\"required name=search_term_string\"}],\"inLanguage\":\"fr-FR\"},{\"@type\":\"Person\",\"@id\":\"https:\/\/thomasvino.ch\/#\/schema\/person\/670bf4486fe81152cf1d68bd585e062e\",\"name\":\"Pierre Thomas\",\"image\":{\"@type\":\"ImageObject\",\"inLanguage\":\"fr-FR\",\"@id\":\"https:\/\/thomasvino.ch\/#\/schema\/person\/image\/\",\"url\":\"https:\/\/secure.gravatar.com\/avatar\/91fd5a76647f140e53db987a0dead4d7?s=96&d=mm&r=g\",\"contentUrl\":\"https:\/\/secure.gravatar.com\/avatar\/91fd5a76647f140e53db987a0dead4d7?s=96&d=mm&r=g\",\"caption\":\"Pierre Thomas\"},\"url\":\"https:\/\/thomasvino.ch\/?author=3\"}]}<\/script>\n<!-- \/ Yoast SEO plugin. -->","yoast_head_json":{"title":"Semaine du Go\u00fbt\u00a0: 22, v\u2019l\u00e0 les Artisanes du vin\u00a0! - thomasvino","robots":{"index":"index","follow":"follow","max-snippet":"max-snippet:-1","max-image-preview":"max-image-preview:large","max-video-preview":"max-video-preview:-1"},"canonical":"https:\/\/thomasvino.ch\/?p=15665","og_locale":"fr_FR","og_type":"article","og_title":"Semaine du Go\u00fbt\u00a0: 22, v\u2019l\u00e0 les Artisanes du vin\u00a0! - thomasvino","og_description":"La Semaine suisse du Go\u00fbt n\u2019a connu que deux \u00abmarraines\u00bb, la cheffe Irma Dutsch, et la vigneronne Marie-Th\u00e9r\u00e8se Chappaz, en dix-neuf \u00e9ditions. La manifestation, du 12 au 22 septembre, se rattrape en nommant les 22 Artisanes du vin, toutes marraines, cette ann\u00e9e. Par Pierre Thomas Dix-sept, de toute la Suisse romande, \u00e9taient pr\u00e9sentes dans l\u2019antre [&hellip;]","og_url":"https:\/\/thomasvino.ch\/?p=15665","og_site_name":"thomasvino","article_published_time":"2019-03-20T14:24:41+00:00","og_image":[{"url":"https:\/\/thomasvino.ch\/wp-content\/uploads\/2019\/03\/semgout_9-300x200.jpg"}],"author":"Pierre Thomas","twitter_misc":{"\u00c9crit par":"Pierre Thomas","Dur\u00e9e de lecture estim\u00e9e":"4 minutes"},"schema":{"@context":"https:\/\/schema.org","@graph":[{"@type":"WebPage","@id":"https:\/\/thomasvino.ch\/?p=15665","url":"https:\/\/thomasvino.ch\/?p=15665","name":"Semaine du Go\u00fbt\u00a0: 22, v\u2019l\u00e0 les Artisanes du vin\u00a0! - thomasvino","isPartOf":{"@id":"https:\/\/thomasvino.ch\/#website"},"datePublished":"2019-03-20T14:24:41+00:00","dateModified":"2019-03-20T14:24:41+00:00","author":{"@id":"https:\/\/thomasvino.ch\/#\/schema\/person\/670bf4486fe81152cf1d68bd585e062e"},"breadcrumb":{"@id":"https:\/\/thomasvino.ch\/?p=15665#breadcrumb"},"inLanguage":"fr-FR","potentialAction":[{"@type":"ReadAction","target":["https:\/\/thomasvino.ch\/?p=15665"]}]},{"@type":"BreadcrumbList","@id":"https:\/\/thomasvino.ch\/?p=15665#breadcrumb","itemListElement":[{"@type":"ListItem","position":1,"name":"Accueil","item":"https:\/\/thomasvino.ch\/"},{"@type":"ListItem","position":2,"name":"Semaine du Go\u00fbt\u00a0: 22, v\u2019l\u00e0 les Artisanes du vin\u00a0!"}]},{"@type":"WebSite","@id":"https:\/\/thomasvino.ch\/#website","url":"https:\/\/thomasvino.ch\/","name":"thomasvino","description":"Vins &amp; Gastronomie","potentialAction":[{"@type":"SearchAction","target":{"@type":"EntryPoint","urlTemplate":"https:\/\/thomasvino.ch\/?s={search_term_string}"},"query-input":"required name=search_term_string"}],"inLanguage":"fr-FR"},{"@type":"Person","@id":"https:\/\/thomasvino.ch\/#\/schema\/person\/670bf4486fe81152cf1d68bd585e062e","name":"Pierre Thomas","image":{"@type":"ImageObject","inLanguage":"fr-FR","@id":"https:\/\/thomasvino.ch\/#\/schema\/person\/image\/","url":"https:\/\/secure.gravatar.com\/avatar\/91fd5a76647f140e53db987a0dead4d7?s=96&d=mm&r=g","contentUrl":"https:\/\/secure.gravatar.com\/avatar\/91fd5a76647f140e53db987a0dead4d7?s=96&d=mm&r=g","caption":"Pierre Thomas"},"url":"https:\/\/thomasvino.ch\/?author=3"}]}},"jetpack_featured_media_url":"","jetpack_sharing_enabled":true,"jetpack_shortlink":"https:\/\/wp.me\/p3m4tZ-44F","jetpack_likes_enabled":false,"jetpack-related-posts":[{"id":17177,"url":"https:\/\/thomasvino.ch\/?p=17177","url_meta":{"origin":15665,"position":0},"title":"La cuv\u00e9e \u00abdu go\u00fbt\u00bb de quatre Genevoises","date":"8 mars 2021","format":false,"excerpt":"Trinquons, aujourd\u2019hui 8 mars, \u00e0 la Journ\u00e9e internationale des droits des femmes, avec un assemblage de quatre vigneronnes genevoises\u00a0! ... trop t\u00f4t\u00a0! Il faudra attendre la F\u00eate du Travail, le 1er mai. Pour l\u2019heure, juste un effet d\u2019annonce, frapp\u00e9 d\u2019embargo, pour tomber pile poil sur le 8 mars... \u00a0 Cette\u2026","rel":"","context":"Dans &quot;Actus - News&quot;","img":{"alt_text":"","src":"https:\/\/i0.wp.com\/thomasvino.ch\/wp-content\/uploads\/2021\/03\/GE_etiq-220x300.jpg?resize=350%2C200&ssl=1","width":350,"height":200},"classes":[]},{"id":8716,"url":"https:\/\/thomasvino.ch\/?p=8716","url_meta":{"origin":15665,"position":1},"title":"Semaine Suisse du Go\u00fbt 2008","date":"1 mars 2008","format":false,"excerpt":"8\u00e8me Semaine suisse du Go\u00fbtLe go\u00fbt par-dessus les roestisDu 18 au 28 septembre 2008, la Semaine suisse du Go\u00fbt aura pour parrain le chef schaffhousois Andr\u00e9 Jaeger et Saint-Gall a \u00e9t\u00e9 choisie \u00abville du go\u00fbt\u00bb de cette huiti\u00e8me \u00e9dition. Une volont\u00e9 affirm\u00e9e de franchir la barri\u00e8re des roestis.Pierre ThomasLes quelque\u2026","rel":"","context":"Dans &quot;Gastro&quot;","img":{"alt_text":"","src":"","width":0,"height":0},"classes":[]},{"id":8777,"url":"https:\/\/thomasvino.ch\/?p=8777","url_meta":{"origin":15665,"position":2},"title":"Semaine du Go\u00fbt 2008: mille d\u00e9couvertes nationales","date":"3 septembre 2008","format":false,"excerpt":"8\u00e8me Semaine Suisse du Go\u00fbt 2008Mille \u00e9v\u00e9nements \u00e0 savourerPour sa huiti\u00e8me \u00e9dition, du 18 au 28 septembre 2008, la Semaine du Go\u00fbt propose plus de mille \u00e9v\u00e9nements, grands ou petits. Mise en bouche quinze jours avant le jour J.Cette ann\u00e9e, apr\u00e8s Grandson, Saint-Gall sera la ville du go\u00fbt. Elle fera,\u2026","rel":"","context":"Dans &quot;Tendance&quot;","img":{"alt_text":"","src":"","width":0,"height":0},"classes":[]},{"id":18074,"url":"https:\/\/thomasvino.ch\/?p=18074","url_meta":{"origin":15665,"position":3},"title":"Du 14 au 24 septembre 2023  \u2014 Pierrot Ayer, parrain du Go\u00fbt \u00e0 Fribourg","date":"7 mars 2023","format":false,"excerpt":"Il est pass\u00e9 du Buffet de la Gare au d\u00e9but du boulevard de P\u00e9rolles, dans le b\u00e2timent sign\u00e9 Mario Botta, via la Fleur-de-Lys, en Basse-Ville, et le milieu du grand boulevard fribourgeois\u00a0: Pierrot Ayer, est l\u2019\u00abauthentique\u00bb parrain de la Semaine du Go\u00fbt, dixit Josef Zisyadis, le pr\u00e9sident de la plus\u2026","rel":"","context":"Dans &quot;Gastro&quot;","img":{"alt_text":"","src":"","width":0,"height":0},"classes":[]},{"id":9002,"url":"https:\/\/thomasvino.ch\/?p=9002","url_meta":{"origin":15665,"position":4},"title":"Philippe Rochat, parrain de la 10\u00e8me Semaine du go\u00fbt","date":"4 mars 2010","format":false,"excerpt":"Semaine suisse du Go\u00fbt Philippe Rochat, parrain de la 10\u00e8me \u00e9dition Charlot (sur l\u2019affiche), Josef Zisyadis, Philippe Rochat et Marc Rosset. C\u2019est chez lui, \u00e0 Crissier, que Philippe Rochat a lanc\u00e9 la campagne pour la 10\u00e8me Semaine du Go\u00fbt, le 4 mars 2010. Celle-ci aura lieu du 16 au 26\u2026","rel":"","context":"Dans &quot;Actus - News&quot;","img":{"alt_text":"gout10.jpg","src":"img\/gout10.jpg","width":350,"height":200},"classes":[]},{"id":17678,"url":"https:\/\/thomasvino.ch\/?p=17678","url_meta":{"origin":15665,"position":5},"title":"B\u00e2le, ville du go\u00fbt 2022","date":"22 mars 2022","format":false,"excerpt":"Alignez les laeckerli, la ville rh\u00e9nane sera la Ville du go\u00fbt et de sa semaine qui, comme de coutume, durera dix jours, du 15 au 25 septembre 2022. B\u00e2le a sa propre semaine du go\u00fbt depuis 2019. Les candidatures aux \u00e9v\u00e9nements cantonaux dans toute la Suisse sont en cours, mais\u2026","rel":"","context":"Dans &quot;Actus - News&quot;","img":{"alt_text":"","src":"","width":0,"height":0},"classes":[]}],"_links":{"self":[{"href":"https:\/\/thomasvino.ch\/index.php?rest_route=\/wp\/v2\/posts\/15665"}],"collection":[{"href":"https:\/\/thomasvino.ch\/index.php?rest_route=\/wp\/v2\/posts"}],"about":[{"href":"https:\/\/thomasvino.ch\/index.php?rest_route=\/wp\/v2\/types\/post"}],"author":[{"embeddable":true,"href":"https:\/\/thomasvino.ch\/index.php?rest_route=\/wp\/v2\/users\/3"}],"replies":[{"embeddable":true,"href":"https:\/\/thomasvino.ch\/index.php?rest_route=%2Fwp%2Fv2%2Fcomments&post=15665"}],"version-history":[{"count":1,"href":"https:\/\/thomasvino.ch\/index.php?rest_route=\/wp\/v2\/posts\/15665\/revisions"}],"predecessor-version":[{"id":15667,"href":"https:\/\/thomasvino.ch\/index.php?rest_route=\/wp\/v2\/posts\/15665\/revisions\/15667"}],"wp:attachment":[{"href":"https:\/\/thomasvino.ch\/index.php?rest_route=%2Fwp%2Fv2%2Fmedia&parent=15665"}],"wp:term":[{"taxonomy":"category","embeddable":true,"href":"https:\/\/thomasvino.ch\/index.php?rest_route=%2Fwp%2Fv2%2Fcategories&post=15665"},{"taxonomy":"post_tag","embeddable":true,"href":"https:\/\/thomasvino.ch\/index.php?rest_route=%2Fwp%2Fv2%2Ftags&post=15665"}],"curies":[{"name":"wp","href":"https:\/\/api.w.org\/{rel}","templated":true}]}}