{"id":15966,"date":"2019-07-16T20:12:05","date_gmt":"2019-07-16T19:12:05","guid":{"rendered":"https:\/\/thomasvino.ch\/?p=15966"},"modified":"2019-07-18T13:44:05","modified_gmt":"2019-07-18T12:44:05","slug":"la-fete-des-vignerons-de-vevey-a-lheure-h","status":"publish","type":"post","link":"https:\/\/thomasvino.ch\/?p=15966","title":{"rendered":"La F\u00eate des Vignerons de Vevey \u00e0 l\u2019heure H"},"content":{"rendered":"<p><strong>C\u2019est demain, jeudi 18 juillet 2019, \u00e0 19 h., qu\u2019aura lieu la premi\u00e8re des vingt repr\u00e9sentations de la F\u00eate des Vignerons, dans l\u2019ar\u00e8ne \u00e9ph\u00e9m\u00e8re de la place du March\u00e9 de Vevey. Une premi\u00e8re unique\u00a0: elle comprend la c\u00e9r\u00e9monie du Couronnement des vignerons-t\u00e2cherons. C\u2019est pour c\u00e9l\u00e9brer ces <a href=\"https:\/\/thomasvino.ch\/?p=15837\">\u00abtravailleurs de la terre\u00bb (et de la vigne\u00a0!)<\/a> que la f\u00eate a \u00e9t\u00e9 cr\u00e9\u00e9e en 1797.<\/strong><\/p>\n<p><em>Par Pierre Thomas<\/em><\/p>\n<p>222 ans plus tard, Vevey en conna\u00eetra la douzi\u00e8me \u00e9dition, soit cinq par si\u00e8cle\u2026 Toutes sont diff\u00e9rentes. Mais toutes rendent hommage \u00e0 ces viticulteurs au service de propri\u00e9taires, r\u00e9partis entre Lausanne et Saint-Maurice (VS), \u00e0 Lavaux et au Chablais vaudois. Inspect\u00e9s trois fois par an et une fois par g\u00e9n\u00e9ration (ou presque) ils peuvent \u00eatre appel\u00e9s \u00e0 recevoir une \u00abcouronne\u00bb pour les cinq ou six meilleurs d\u2019entre eux.<\/p>\n<div id=\"attachment_15968\" style=\"width: 310px\" class=\"wp-caption aligncenter\"><a href=\"https:\/\/thomasvino.ch\/?attachment_id=15968\" rel=\"attachment wp-att-15968\"><img aria-describedby=\"caption-attachment-15968\" data-attachment-id=\"15968\" data-permalink=\"https:\/\/thomasvino.ch\/?attachment_id=15968\" data-orig-file=\"https:\/\/i0.wp.com\/thomasvino.ch\/wp-content\/uploads\/2019\/07\/site_fvv_cartesgen.jpg?fit=5450%2C3633&amp;ssl=1\" data-orig-size=\"5450,3633\" data-comments-opened=\"0\" data-image-meta=\"{&quot;aperture&quot;:&quot;5.6&quot;,&quot;credit&quot;:&quot;\\u00a9 C\\u00e9line Michel&quot;,&quot;camera&quot;:&quot;Canon EOS 5D Mark III&quot;,&quot;caption&quot;:&quot;Repr\\u00e9sentation presse&quot;,&quot;created_timestamp&quot;:&quot;1562623892&quot;,&quot;copyright&quot;:&quot;Celine Michel&quot;,&quot;focal_length&quot;:&quot;24&quot;,&quot;iso&quot;:&quot;6400&quot;,&quot;shutter_speed&quot;:&quot;0.00625&quot;,&quot;title&quot;:&quot;Repr\\u00e9sentation presse&quot;,&quot;orientation&quot;:&quot;1&quot;}\" data-image-title=\"Repr\u00e9sentation presse\" data-image-description=\"\" data-image-caption=\"&lt;p&gt;Repr\u00e9sentation presse&lt;\/p&gt;\n\" data-medium-file=\"https:\/\/i0.wp.com\/thomasvino.ch\/wp-content\/uploads\/2019\/07\/site_fvv_cartesgen.jpg?fit=300%2C200&amp;ssl=1\" data-large-file=\"https:\/\/i0.wp.com\/thomasvino.ch\/wp-content\/uploads\/2019\/07\/site_fvv_cartesgen.jpg?fit=1024%2C683&amp;ssl=1\" loading=\"lazy\" class=\"size-medium wp-image-15968\" src=\"https:\/\/i0.wp.com\/thomasvino.ch\/wp-content\/uploads\/2019\/07\/site_fvv_cartesgen.jpg?resize=300%2C200&#038;ssl=1\" alt=\"\" width=\"300\" height=\"200\" srcset=\"https:\/\/i0.wp.com\/thomasvino.ch\/wp-content\/uploads\/2019\/07\/site_fvv_cartesgen.jpg?resize=300%2C200&amp;ssl=1 300w, https:\/\/i0.wp.com\/thomasvino.ch\/wp-content\/uploads\/2019\/07\/site_fvv_cartesgen.jpg?resize=768%2C512&amp;ssl=1 768w, https:\/\/i0.wp.com\/thomasvino.ch\/wp-content\/uploads\/2019\/07\/site_fvv_cartesgen.jpg?resize=1024%2C683&amp;ssl=1 1024w, https:\/\/i0.wp.com\/thomasvino.ch\/wp-content\/uploads\/2019\/07\/site_fvv_cartesgen.jpg?resize=140%2C94&amp;ssl=1 140w, https:\/\/i0.wp.com\/thomasvino.ch\/wp-content\/uploads\/2019\/07\/site_fvv_cartesgen.jpg?w=2000&amp;ssl=1 2000w, https:\/\/i0.wp.com\/thomasvino.ch\/wp-content\/uploads\/2019\/07\/site_fvv_cartesgen.jpg?w=3000&amp;ssl=1 3000w\" sizes=\"(max-width: 300px) 100vw, 300px\" data-recalc-dims=\"1\" \/><\/a><p id=\"caption-attachment-15968\" class=\"wp-caption-text\"><em>Le tableau des Cartes (photo \u00a9 FeVi)<\/em><\/p><\/div>\n<p>Cette ann\u00e9e, le Tessinois <strong>Daniele Finzi Pasqua<\/strong> chapeaute tout le spectacle, assur\u00e9 par une majorit\u00e9 de non-professionnels de la r\u00e9gion, acteurs, musiciens, choristes, soit 5&rsquo;500 personnes qui ont pay\u00e9 leur costume. \u00a0Il y a du foisonnement, du changement de rythmes, du traditionnel et du plus moderne, du symphonique et de l\u2019intimiste, dans le d\u00e9roul\u00e9 des vingt tableaux. En riant, le metteur en sc\u00e8ne avertit <em>\u00abrien n\u2019est fait pour \u00eatre compris\u00bb<\/em>. <em>\u00abLaissez-vous surprendre\u00a0!\u00bb<\/em>, disent les organisateurs veveysans. Ce d\u2019autant qu\u2019il y a encore des places \u00e0 vendre\u2026 Comme le spectacle changera entre matin\u00e9e et soir\u00e9e, le directeur g\u00e9n\u00e9ral, le Genevois <strong>Fr\u00e9d\u00e9ric Hohl<\/strong>, esp\u00e8re que le public s\u2019y rendra\u2026 deux fois. Le budget de la manifestation, qui a largement franchi la barre des 100 millions de francs, exige un tel engouement populaire, qui tarde \u00e0 se dessiner.<\/p>\n<h2>Une f\u00eate pyrotechnique pour allumer Vevey<\/h2>\n<p><strong>Tout sera-t-il pr\u00eat au jour J\u00a0? Dix jours avant la premi\u00e8re, l\u2019impression de <em>\u00abwork in progress\u00bb\u00a0<\/em>\u00e9tait palpable, dans l\u2019ar\u00e8ne de 20&rsquo;000 places.<\/strong><\/p>\n<p>Avec un \u00e9quipement d\u2019amplification sonore impressionnant, un plancher de jeu en LED bluffant dans ses effets lumineux \u00abde l\u2019int\u00e9rieur\u00bb, la F\u00eate s\u2019est projet\u00e9e dans l\u2019\u00e8re num\u00e9rique, avec sc\u00e8nes d\u00e9cal\u00e9es et \u00e9crans g\u00e9ants\u2026 Chacun des 5500 acteurs et figurants a sa propre oreillette et entend ses instructions. Le d\u00e9fi du son, par soir de vent, est \u00e9vident, pour que le public puisse capter les paroles des chansons, des ch\u0153urs ou des solistes.<\/p>\n<p>Sur les premiers tableaux encha\u00een\u00e9s, vus il y a dix jours, on a retenu quelques \u00e9l\u00e9ments. D\u2019abord, ces sc\u00e8nes, vingt au total, qui repr\u00e9sentent le travail de la vigne durant les quatre saisons, sont diverses, chor\u00e9graphiquement, sc\u00e9niquement et musicalement. Apr\u00e8s le prologue et la rencontre d\u2019une petite fille, Julie, et son grand\u2019p\u00e8re, le premier tableau, les vendanges, avec ses percussions, est foisonnant\u00a0: il y a trop de monde sur le parquet de LED\u00a0! Les figurants doivent \u00e9vacuer eux-m\u00eames le d\u00e9cor\u00a0: aucun rideau ne tombe sur le spectacle.<\/p>\n<div id=\"attachment_15967\" style=\"width: 310px\" class=\"wp-caption aligncenter\"><a href=\"https:\/\/thomasvino.ch\/?attachment_id=15967\" rel=\"attachment wp-att-15967\"><img aria-describedby=\"caption-attachment-15967\" data-attachment-id=\"15967\" data-permalink=\"https:\/\/thomasvino.ch\/?attachment_id=15967\" data-orig-file=\"https:\/\/i0.wp.com\/thomasvino.ch\/wp-content\/uploads\/2019\/07\/site_fvv_docteurs.jpg?fit=5472%2C3648&amp;ssl=1\" data-orig-size=\"5472,3648\" data-comments-opened=\"0\" data-image-meta=\"{&quot;aperture&quot;:&quot;5.6&quot;,&quot;credit&quot;:&quot;\\u00a9 C\\u00e9line Michel&quot;,&quot;camera&quot;:&quot;Canon EOS-1D X Mark II&quot;,&quot;caption&quot;:&quot;Repr\\u00e9sentation presse&quot;,&quot;created_timestamp&quot;:&quot;1562616122&quot;,&quot;copyright&quot;:&quot;Celine Michel&quot;,&quot;focal_length&quot;:&quot;200&quot;,&quot;iso&quot;:&quot;3200&quot;,&quot;shutter_speed&quot;:&quot;0.005&quot;,&quot;title&quot;:&quot;Repr\\u00e9sentation presse&quot;,&quot;orientation&quot;:&quot;1&quot;}\" data-image-title=\"Repr\u00e9sentation presse\" data-image-description=\"\" data-image-caption=\"&lt;p&gt;Repr\u00e9sentation presse&lt;\/p&gt;\n\" data-medium-file=\"https:\/\/i0.wp.com\/thomasvino.ch\/wp-content\/uploads\/2019\/07\/site_fvv_docteurs.jpg?fit=300%2C200&amp;ssl=1\" data-large-file=\"https:\/\/i0.wp.com\/thomasvino.ch\/wp-content\/uploads\/2019\/07\/site_fvv_docteurs.jpg?fit=1024%2C683&amp;ssl=1\" loading=\"lazy\" class=\"size-medium wp-image-15967\" src=\"https:\/\/i0.wp.com\/thomasvino.ch\/wp-content\/uploads\/2019\/07\/site_fvv_docteurs.jpg?resize=300%2C200&#038;ssl=1\" alt=\"\" width=\"300\" height=\"200\" srcset=\"https:\/\/i0.wp.com\/thomasvino.ch\/wp-content\/uploads\/2019\/07\/site_fvv_docteurs.jpg?resize=300%2C200&amp;ssl=1 300w, https:\/\/i0.wp.com\/thomasvino.ch\/wp-content\/uploads\/2019\/07\/site_fvv_docteurs.jpg?resize=768%2C512&amp;ssl=1 768w, https:\/\/i0.wp.com\/thomasvino.ch\/wp-content\/uploads\/2019\/07\/site_fvv_docteurs.jpg?resize=1024%2C683&amp;ssl=1 1024w, https:\/\/i0.wp.com\/thomasvino.ch\/wp-content\/uploads\/2019\/07\/site_fvv_docteurs.jpg?resize=140%2C94&amp;ssl=1 140w, https:\/\/i0.wp.com\/thomasvino.ch\/wp-content\/uploads\/2019\/07\/site_fvv_docteurs.jpg?w=2000&amp;ssl=1 2000w, https:\/\/i0.wp.com\/thomasvino.ch\/wp-content\/uploads\/2019\/07\/site_fvv_docteurs.jpg?w=3000&amp;ssl=1 3000w\" sizes=\"(max-width: 300px) 100vw, 300px\" data-recalc-dims=\"1\" \/><\/a><p id=\"caption-attachment-15967\" class=\"wp-caption-text\"><em>Les Dr Besnard, Ak\u00e9 B\u00e9da et Monney. (photo \u00a9 FeVI)<\/em><\/p><\/div>\n<p>Pour assurer les transitions, la mise en sc\u00e8ne a fait appel \u00e0 trois <em>\u00abdocteurs\u00bb<\/em>. Par leur texte, ils injectent un peu de vocabulaire bachique. Normal, puisque il s\u2019agit du sommelier <strong>J\u00e9r\u00f4me Ak\u00e9 B\u00e9da<\/strong>, du journaliste radio <strong>Pascal Besnard<\/strong>, r\u00e9dacteur en chef de la revue du Guillon \u2014 l\u2019<em>\u00abautre\u00bb<\/em>, confr\u00e9rie qui d\u00e9fend l\u2019image du vin vaudois \u2014 et de <strong>Christophe Monney<\/strong>, un enseignant veveysan \u00e0 la voix de velours.<\/p>\n<p>Avec sa musique dansante et douce, le tableau des Cartes transforme le parquet de LED en tapis \u00e0 jouer au jass, et la chor\u00e9graphie s\u2019encha\u00eene\u2026 puis le tapis se retire \u2014 miracle de la technique\u00a0! Les Cent pour Cent, autant de femmes que d\u2019hommes habill\u00e9s en hallebardiers suisses, font leur entr\u00e9e, leur arme de n\u00e9on \u00e0 la main, sur une musique symphonique ent\u00eatante, martiale, qui donne \u00e0 l\u2019ar\u00e8ne veveysanne un air de Royal Edinburgh Military Tattoo. (<em>photo ci-dessous, \u00a9 FeVi<\/em>)<\/p>\n<p><a href=\"https:\/\/thomasvino.ch\/?attachment_id=15969\" rel=\"attachment wp-att-15969\"><img data-attachment-id=\"15969\" data-permalink=\"https:\/\/thomasvino.ch\/?attachment_id=15969\" data-orig-file=\"https:\/\/i0.wp.com\/thomasvino.ch\/wp-content\/uploads\/2019\/07\/site_fvv_100pour100.jpg?fit=4743%2C3162&amp;ssl=1\" data-orig-size=\"4743,3162\" data-comments-opened=\"0\" data-image-meta=\"{&quot;aperture&quot;:&quot;0&quot;,&quot;credit&quot;:&quot;Samuel Rubio&quot;,&quot;camera&quot;:&quot;&quot;,&quot;caption&quot;:&quot;&quot;,&quot;created_timestamp&quot;:&quot;1562624636&quot;,&quot;copyright&quot;:&quot;\\u00a9Samuel Rubio&quot;,&quot;focal_length&quot;:&quot;0&quot;,&quot;iso&quot;:&quot;0&quot;,&quot;shutter_speed&quot;:&quot;0&quot;,&quot;title&quot;:&quot;&quot;,&quot;orientation&quot;:&quot;1&quot;}\" data-image-title=\"site_fvv_100pour100\" data-image-description=\"\" data-image-caption=\"\" data-medium-file=\"https:\/\/i0.wp.com\/thomasvino.ch\/wp-content\/uploads\/2019\/07\/site_fvv_100pour100.jpg?fit=300%2C200&amp;ssl=1\" data-large-file=\"https:\/\/i0.wp.com\/thomasvino.ch\/wp-content\/uploads\/2019\/07\/site_fvv_100pour100.jpg?fit=1024%2C683&amp;ssl=1\" loading=\"lazy\" class=\"aligncenter size-medium wp-image-15969\" src=\"https:\/\/i0.wp.com\/thomasvino.ch\/wp-content\/uploads\/2019\/07\/site_fvv_100pour100.jpg?resize=300%2C200&#038;ssl=1\" alt=\"\" width=\"300\" height=\"200\" srcset=\"https:\/\/i0.wp.com\/thomasvino.ch\/wp-content\/uploads\/2019\/07\/site_fvv_100pour100.jpg?resize=300%2C200&amp;ssl=1 300w, https:\/\/i0.wp.com\/thomasvino.ch\/wp-content\/uploads\/2019\/07\/site_fvv_100pour100.jpg?resize=768%2C512&amp;ssl=1 768w, https:\/\/i0.wp.com\/thomasvino.ch\/wp-content\/uploads\/2019\/07\/site_fvv_100pour100.jpg?resize=1024%2C683&amp;ssl=1 1024w, https:\/\/i0.wp.com\/thomasvino.ch\/wp-content\/uploads\/2019\/07\/site_fvv_100pour100.jpg?resize=140%2C94&amp;ssl=1 140w, https:\/\/i0.wp.com\/thomasvino.ch\/wp-content\/uploads\/2019\/07\/site_fvv_100pour100.jpg?w=2000&amp;ssl=1 2000w, https:\/\/i0.wp.com\/thomasvino.ch\/wp-content\/uploads\/2019\/07\/site_fvv_100pour100.jpg?w=3000&amp;ssl=1 3000w\" sizes=\"(max-width: 300px) 100vw, 300px\" data-recalc-dims=\"1\" \/><\/a><\/p>\n<h3><strong>Peu d\u2019\u00e9trangers, malgr\u00e9 l\u2019UNESCO<\/strong><\/h3>\n<p><strong>Curieusement, partie de la r\u00e9gion viticole de Lavaux, inscrit au Patrimoine de l\u2019UNESCO en 2007 d\u00e9j\u00e0, et admise pour elle-m\u00eame au Patrimoine immat\u00e9riel de l\u2019Humanit\u00e9 en 2016, la F\u00eate des vignerons de Vevey n\u2019attire que peu d\u2019\u00e9trangers. 10 \u00e0 12%<\/strong> des billets vendus semblaient avoir \u00e9t\u00e9 command\u00e9s hors de Suisse, d\u00e9but juillet.<\/p>\n<p>Les journ\u00e9es cantonales, une premi\u00e8re dans l\u2019histoire bicentenaire de la f\u00eate, doivent attirer des cohortes de chaque canton concern\u00e9 ce jour-l\u00e0. Les organisateurs esp\u00e8rent retenir ce public sur place pour que la ville vive jour et m\u00eame nuit sur un rythme hors du commun. Pour l\u2019abb\u00e9-pr\u00e9sident de la Confr\u00e9rie des vignerons de Vevey, <strong>Fran\u00e7ois Margot<\/strong>, <em>\u00abc\u2019est un peuple qui se donne en spectacle. Vous y verrez du th\u00e9\u00e2tre dans ce pays protestant qui ne fait jamais de th\u00e9\u00e2tre\u00bb.<\/em><\/p>\n<p>Apr\u00e8s les noces, la Saint-Martin \u2014 foire veveysanne s\u00e9culaire \u2014 les trois soleils \u2014 symbole de Lavaux, qui ram\u00e8neront les vignerons-t\u00e2cherons \u00e0 chaque repr\u00e9sentation dans l\u2019ar\u00e8ne \u2014 les armaillis \u2014 qui marquent les liens entre le vin et le gruy\u00e8re, les vignes et les alpages \u2014 et l\u2019<em>\u00abHymne \u00e0 la terre\u00bb<\/em>, la vraie f\u00eate devrait se d\u00e9rouler \u00e0 l\u2019ext\u00e9rieur\u2026<\/p>\n<p>Stands, restaurants et caveaux \u00e9ph\u00e9m\u00e8res sont pr\u00eats \u00e0 accueillir la foule. C\u2019est l\u00e0 que les vignerons vaudois passeront leur \u00e9t\u00e9, jusqu\u2019au 11 ao\u00fbt, dernier jour d\u00e9di\u00e9 au Pays de Vaud. Ainsi, les encaveurs bio de Lavaux tiendront un restaurant \u00e0 c\u00f4t\u00e9 du cin\u00e9ma Rex, qui projettera des documentaires sur la vigne et le vin. Juste \u00e0 c\u00f4t\u00e9, au Kavo, l\u2019\u0153no-parfumeur <strong>Richard Pfister<\/strong> et deux de ses amis feront d\u00e9guster, \u00e0 l\u2019enseigne de Vin sur Vin, des vieux mill\u00e9simes, dont un chasselas des Dames de Hautecour de 1919. La propri\u00e9taire de ce domaine de Mont-sur-Rolle, <strong>Coraline de Wurstemberger,<\/strong> a fond\u00e9 nagu\u00e8re les artisanes du vin. Et vingt-deux vigneronnes de cette association, grandement rajeunie, qui s\u2019affirment fi\u00e8rement <em>\u00abNous, les Artisanes du Vin\u00bb<\/em>, marraines de la <strong><a href=\"http:\/\/Semaine du go\u00fbt\">Semaine du Go\u00fbt en septembre<\/a><\/strong>, tiendront un bar-terrasse au bord de l\u2019ar\u00e8ne. La Baronnie du D\u00e9zaley a trouv\u00e9, quant \u00e0 elle, un lieu vaste, \u00e0 deux pas de l\u2019imposante structure m\u00e9tallique des ar\u00e8nes, c\u00f4t\u00e9 est de la place du March\u00e9. Au propre et au figur\u00e9, il y aura \u00e0 boire et \u00e0 manger jusqu\u2019au 11 ao\u00fbt\u2026<\/p>\n<p><strong><a href=\"https:\/\/www.fetedesvignerons.ch\">www.fetedesvignerons.ch<\/a><\/strong><\/p>\n<p><em>Paru dans H\u00f4tellerie et Gastronomie Hebdo du 17 juillet 2019.<\/em><\/p>\n<h2><em>Eclairage:<\/em> une vive concurrence jusqu&rsquo;au pied de l&rsquo;ar\u00e8ne&#8230;<\/h2>\n<p><strong>La concurrence entre producteurs vaudois est rude: le cercle vertueux des meilleurs vignerons\u00a0<em>Arte Vitis<\/em> avait trouv\u00e9 un bar \u00e0 vins tenus par deux jeunes artisans de Vevey. Obrist, gros fournisseur des vins de la F\u00eate (Lavaux de base et D\u00e9zaley de prestige), a r\u00e9ussi \u00e0 d\u00e9loger les vignerons-encaveurs, en offrant, dit-on, une all\u00e9chante contre-affaire \u00e0 un des artisans&#8230; Consolation pour les festivaliers: <em>Arte Vitis<\/em> tiendra son bar \u00e0 Pal\u00e9o&#8230; Quant \u00e0 Badoux, il a d\u00e9localis\u00e9 sa Badouxth\u00e8que \u00e0 l&rsquo;Espace Fine Fourchette du village de la F\u00eate des vignerons.<\/strong><\/p>\n<div id=\"attachment_16002\" style=\"width: 235px\" class=\"wp-caption aligncenter\"><a href=\"https:\/\/thomasvino.ch\/?attachment_id=16002\" rel=\"attachment wp-att-16002\"><img aria-describedby=\"caption-attachment-16002\" data-attachment-id=\"16002\" data-permalink=\"https:\/\/thomasvino.ch\/?attachment_id=16002\" data-orig-file=\"https:\/\/i0.wp.com\/thomasvino.ch\/wp-content\/uploads\/2019\/07\/premium_fevi.jpg?fit=1224%2C1632&amp;ssl=1\" data-orig-size=\"1224,1632\" data-comments-opened=\"0\" data-image-meta=\"{&quot;aperture&quot;:&quot;2.2&quot;,&quot;credit&quot;:&quot;&quot;,&quot;camera&quot;:&quot;iPhone 6&quot;,&quot;caption&quot;:&quot;&quot;,&quot;created_timestamp&quot;:&quot;1562620469&quot;,&quot;copyright&quot;:&quot;&quot;,&quot;focal_length&quot;:&quot;4.15&quot;,&quot;iso&quot;:&quot;320&quot;,&quot;shutter_speed&quot;:&quot;0.058823529411765&quot;,&quot;title&quot;:&quot;&quot;,&quot;orientation&quot;:&quot;1&quot;}\" data-image-title=\"premium_fevi\" data-image-description=\"\" data-image-caption=\"&lt;p&gt;Un D\u00e9zaley et un Yvorne, tous deux de 2017, sont les cuv\u00e9es Prestige de la F\u00eate.&lt;\/p&gt;\n\" data-medium-file=\"https:\/\/i0.wp.com\/thomasvino.ch\/wp-content\/uploads\/2019\/07\/premium_fevi.jpg?fit=225%2C300&amp;ssl=1\" data-large-file=\"https:\/\/i0.wp.com\/thomasvino.ch\/wp-content\/uploads\/2019\/07\/premium_fevi.jpg?fit=768%2C1024&amp;ssl=1\" loading=\"lazy\" class=\"size-medium wp-image-16002\" src=\"https:\/\/i0.wp.com\/thomasvino.ch\/wp-content\/uploads\/2019\/07\/premium_fevi.jpg?resize=225%2C300&#038;ssl=1\" alt=\"\" width=\"225\" height=\"300\" srcset=\"https:\/\/i0.wp.com\/thomasvino.ch\/wp-content\/uploads\/2019\/07\/premium_fevi.jpg?resize=225%2C300&amp;ssl=1 225w, https:\/\/i0.wp.com\/thomasvino.ch\/wp-content\/uploads\/2019\/07\/premium_fevi.jpg?resize=768%2C1024&amp;ssl=1 768w, https:\/\/i0.wp.com\/thomasvino.ch\/wp-content\/uploads\/2019\/07\/premium_fevi.jpg?w=1224&amp;ssl=1 1224w\" sizes=\"(max-width: 225px) 100vw, 225px\" data-recalc-dims=\"1\" \/><\/a><p id=\"caption-attachment-16002\" class=\"wp-caption-text\"><em>Un D\u00e9zaley et un Yvorne, tous deux de 2017, sont les cuv\u00e9es Prestige de la F\u00eate.<\/em><\/p><\/div>\n<p><strong>Obrist<\/strong> <strong>et<\/strong> <strong>Badoux<\/strong> (du principal producteur vaudois, le groupe <strong>Schenk<\/strong>), les deux fournisseurs officiels des vins de la F\u00eate de Lavaux (Vevey) et Chablais (Aigle), <strong>esp\u00e8rent \u00e9couler entre 300&rsquo;000 et 500&rsquo;000 flacons des vins de la F\u00eate<\/strong>, selon le dossier de presse. Il s&rsquo;agit de deux blancs (chasselas) et de deux rouges (pinot-gamay), vendus au public 19 fr.. la bouteille. Le Lavaux 2017 s&rsquo;est r\u00e9v\u00e9l\u00e9 tr\u00e8s d\u00e9cevant: il est relay\u00e9 par un 2018, qui a obtenu l&rsquo;argent au Mondial du Chasselas, en principe pas avare en or (138 distinctions or pour 87 argent!). Je n&rsquo;ai d\u00e9gust\u00e9 aucun de ces vins, dont le contenu de la bouteille devrait couler \u00e0 flots dans les bars&#8230; Un ros\u00e9 devrait rejoindre la gamme et tous les vins ont obtenu le label Terravin, a communiqu\u00e9 la \u00abmarque de qualit\u00e9\u00bb des vins vaudois.<\/p>\n<p><strong>Mais j&rsquo;ai pu appr\u00e9cier les deux \u00abvins de prestige\u00bb de la F\u00eate 2019, deux 2017<\/strong>, \u00e9lev\u00e9s dans les r\u00e8gles de l&rsquo;art. La mati\u00e8re premi\u00e8re provient des parchets les mieux not\u00e9s des vignerons-t\u00e2cherons. En principe, 5&rsquo;000 flacons de chacun des vins devraient \u00eatre mis en march\u00e9, dont un certain nombre de magnums (2000 bouteilles de chaque et le reste en magnums&#8230;). Je n&rsquo;ai pas d&rsquo;information sur le prix. Le D\u00e9zaley 2017, vinifi\u00e9 par Obrist, offre une magnifique complexit\u00e9, digne de ce Grand Cru,<em>\u00abni ouill\u00e9, ni coup\u00e9\u00bb<\/em>; il confirme que pour le chasselas, 2017 est un mill\u00e9sime de r\u00e9f\u00e9rence; une note de br\u00fblot o\u00f9 l&rsquo;on reconna\u00eet le terroir du D\u00e9zaley, soulign\u00e9e par une l\u00e9g\u00e8re amertume, compl\u00e8te la structure, dynamique. L&rsquo;Yvorne 2017, porte-drapeau du Chablais, vinifi\u00e9 par Badoux, est en retrait: de la puissance, certes, de la richesse, mais une certaine mollesse, avec une impression collante en fin de bouche, qui, malgr\u00e9 le carbonique, l&rsquo;aplat-ventrit&#8230; Contrastes, c&rsquo;est s\u00fbr! Et du chasselas pour tous les go\u00fbts&#8230;<\/p>\n<p>&nbsp;<\/p>\n<div id=\"attachment_16000\" style=\"width: 310px\" class=\"wp-caption aligncenter\"><a href=\"https:\/\/thomasvino.ch\/?attachment_id=16000\" rel=\"attachment wp-att-16000\"><img aria-describedby=\"caption-attachment-16000\" data-attachment-id=\"16000\" data-permalink=\"https:\/\/thomasvino.ch\/?attachment_id=16000\" data-orig-file=\"https:\/\/i0.wp.com\/thomasvino.ch\/wp-content\/uploads\/2019\/07\/bertschy.jpg?fit=1490%2C1224&amp;ssl=1\" data-orig-size=\"1490,1224\" data-comments-opened=\"0\" data-image-meta=\"{&quot;aperture&quot;:&quot;2.2&quot;,&quot;credit&quot;:&quot;&quot;,&quot;camera&quot;:&quot;iPhone 6&quot;,&quot;caption&quot;:&quot;&quot;,&quot;created_timestamp&quot;:&quot;1562928212&quot;,&quot;copyright&quot;:&quot;&quot;,&quot;focal_length&quot;:&quot;4.15&quot;,&quot;iso&quot;:&quot;80&quot;,&quot;shutter_speed&quot;:&quot;0.033333333333333&quot;,&quot;title&quot;:&quot;&quot;,&quot;orientation&quot;:&quot;1&quot;}\" data-image-title=\"bertschy\" data-image-description=\"\" data-image-caption=\"&lt;p&gt;Dessin du caricaturiste Bertschy paru dans 24 Heures du vendredi 12 juillet.&lt;\/p&gt;\n\" data-medium-file=\"https:\/\/i0.wp.com\/thomasvino.ch\/wp-content\/uploads\/2019\/07\/bertschy.jpg?fit=300%2C246&amp;ssl=1\" data-large-file=\"https:\/\/i0.wp.com\/thomasvino.ch\/wp-content\/uploads\/2019\/07\/bertschy.jpg?fit=1024%2C841&amp;ssl=1\" loading=\"lazy\" class=\"size-medium wp-image-16000\" src=\"https:\/\/i0.wp.com\/thomasvino.ch\/wp-content\/uploads\/2019\/07\/bertschy.jpg?resize=300%2C246&#038;ssl=1\" alt=\"\" width=\"300\" height=\"246\" srcset=\"https:\/\/i0.wp.com\/thomasvino.ch\/wp-content\/uploads\/2019\/07\/bertschy.jpg?resize=300%2C246&amp;ssl=1 300w, https:\/\/i0.wp.com\/thomasvino.ch\/wp-content\/uploads\/2019\/07\/bertschy.jpg?resize=768%2C631&amp;ssl=1 768w, https:\/\/i0.wp.com\/thomasvino.ch\/wp-content\/uploads\/2019\/07\/bertschy.jpg?resize=1024%2C841&amp;ssl=1 1024w, https:\/\/i0.wp.com\/thomasvino.ch\/wp-content\/uploads\/2019\/07\/bertschy.jpg?w=1490&amp;ssl=1 1490w\" sizes=\"(max-width: 300px) 100vw, 300px\" data-recalc-dims=\"1\" \/><\/a><p id=\"caption-attachment-16000\" class=\"wp-caption-text\"><em>Dessin du caricaturiste Bertschy paru dans <\/em>24 Heures<em> du vendredi 12 juillet.<\/em><\/p><\/div>\n<p><em>\u00a9thomasvino.ch<\/em><\/p>\n","protected":false},"excerpt":{"rendered":"<p>C\u2019est demain, jeudi 18 juillet 2019, \u00e0 19 h., qu\u2019aura lieu la premi\u00e8re des vingt repr\u00e9sentations de la F\u00eate des Vignerons, dans l\u2019ar\u00e8ne \u00e9ph\u00e9m\u00e8re de la place du March\u00e9 de Vevey. Une premi\u00e8re unique\u00a0: elle comprend la c\u00e9r\u00e9monie du Couronnement des vignerons-t\u00e2cherons. C\u2019est pour c\u00e9l\u00e9brer ces \u00abtravailleurs de la terre\u00bb (et de la vigne\u00a0!) que [&hellip;]<\/p>\n","protected":false},"author":3,"featured_media":0,"comment_status":"closed","ping_status":"open","sticky":false,"template":"","format":"standard","meta":{"_monsterinsights_skip_tracking":false,"_monsterinsights_sitenote_active":false,"_monsterinsights_sitenote_note":"","_monsterinsights_sitenote_category":0,"jetpack_post_was_ever_published":false,"jetpack_publicize_message":"","jetpack_is_tweetstorm":false,"jetpack_publicize_feature_enabled":true,"jetpack_social_post_already_shared":true,"jetpack_social_options":{"image_generator_settings":{"template":"highway","enabled":false}}},"categories":[15],"tags":[],"jetpack_publicize_connections":[],"yoast_head":"<!-- This site is optimized with the Yoast SEO plugin v20.6 - https:\/\/yoast.com\/wordpress\/plugins\/seo\/ -->\n<title>La F\u00eate des Vignerons de Vevey \u00e0 l\u2019heure H - thomasvino<\/title>\n<meta name=\"robots\" content=\"index, follow, max-snippet:-1, max-image-preview:large, max-video-preview:-1\" \/>\n<link rel=\"canonical\" href=\"https:\/\/thomasvino.ch\/?p=15966\" \/>\n<meta property=\"og:locale\" content=\"fr_FR\" \/>\n<meta property=\"og:type\" content=\"article\" \/>\n<meta property=\"og:title\" content=\"La F\u00eate des Vignerons de Vevey \u00e0 l\u2019heure H - thomasvino\" \/>\n<meta property=\"og:description\" content=\"C\u2019est demain, jeudi 18 juillet 2019, \u00e0 19 h., qu\u2019aura lieu la premi\u00e8re des vingt repr\u00e9sentations de la F\u00eate des Vignerons, dans l\u2019ar\u00e8ne \u00e9ph\u00e9m\u00e8re de la place du March\u00e9 de Vevey. Une premi\u00e8re unique\u00a0: elle comprend la c\u00e9r\u00e9monie du Couronnement des vignerons-t\u00e2cherons. C\u2019est pour c\u00e9l\u00e9brer ces \u00abtravailleurs de la terre\u00bb (et de la vigne\u00a0!) que [&hellip;]\" \/>\n<meta property=\"og:url\" content=\"https:\/\/thomasvino.ch\/?p=15966\" \/>\n<meta property=\"og:site_name\" content=\"thomasvino\" \/>\n<meta property=\"article:published_time\" content=\"2019-07-16T19:12:05+00:00\" \/>\n<meta property=\"article:modified_time\" content=\"2019-07-18T12:44:05+00:00\" \/>\n<meta property=\"og:image\" content=\"https:\/\/thomasvino.ch\/wp-content\/uploads\/2019\/07\/site_fvv_cartesgen-300x200.jpg\" \/>\n<meta name=\"author\" content=\"Pierre Thomas\" \/>\n<meta name=\"twitter:label1\" content=\"\u00c9crit par\" \/>\n\t<meta name=\"twitter:data1\" content=\"Pierre Thomas\" \/>\n\t<meta name=\"twitter:label2\" content=\"Dur\u00e9e de lecture estim\u00e9e\" \/>\n\t<meta name=\"twitter:data2\" content=\"8 minutes\" \/>\n<script type=\"application\/ld+json\" class=\"yoast-schema-graph\">{\"@context\":\"https:\/\/schema.org\",\"@graph\":[{\"@type\":\"WebPage\",\"@id\":\"https:\/\/thomasvino.ch\/?p=15966\",\"url\":\"https:\/\/thomasvino.ch\/?p=15966\",\"name\":\"La F\u00eate des Vignerons de Vevey \u00e0 l\u2019heure H - thomasvino\",\"isPartOf\":{\"@id\":\"https:\/\/thomasvino.ch\/#website\"},\"datePublished\":\"2019-07-16T19:12:05+00:00\",\"dateModified\":\"2019-07-18T12:44:05+00:00\",\"author\":{\"@id\":\"https:\/\/thomasvino.ch\/#\/schema\/person\/670bf4486fe81152cf1d68bd585e062e\"},\"breadcrumb\":{\"@id\":\"https:\/\/thomasvino.ch\/?p=15966#breadcrumb\"},\"inLanguage\":\"fr-FR\",\"potentialAction\":[{\"@type\":\"ReadAction\",\"target\":[\"https:\/\/thomasvino.ch\/?p=15966\"]}]},{\"@type\":\"BreadcrumbList\",\"@id\":\"https:\/\/thomasvino.ch\/?p=15966#breadcrumb\",\"itemListElement\":[{\"@type\":\"ListItem\",\"position\":1,\"name\":\"Accueil\",\"item\":\"https:\/\/thomasvino.ch\/\"},{\"@type\":\"ListItem\",\"position\":2,\"name\":\"La F\u00eate des Vignerons de Vevey \u00e0 l\u2019heure H\"}]},{\"@type\":\"WebSite\",\"@id\":\"https:\/\/thomasvino.ch\/#website\",\"url\":\"https:\/\/thomasvino.ch\/\",\"name\":\"thomasvino\",\"description\":\"Vins &amp; Gastronomie\",\"potentialAction\":[{\"@type\":\"SearchAction\",\"target\":{\"@type\":\"EntryPoint\",\"urlTemplate\":\"https:\/\/thomasvino.ch\/?s={search_term_string}\"},\"query-input\":\"required name=search_term_string\"}],\"inLanguage\":\"fr-FR\"},{\"@type\":\"Person\",\"@id\":\"https:\/\/thomasvino.ch\/#\/schema\/person\/670bf4486fe81152cf1d68bd585e062e\",\"name\":\"Pierre Thomas\",\"image\":{\"@type\":\"ImageObject\",\"inLanguage\":\"fr-FR\",\"@id\":\"https:\/\/thomasvino.ch\/#\/schema\/person\/image\/\",\"url\":\"https:\/\/secure.gravatar.com\/avatar\/91fd5a76647f140e53db987a0dead4d7?s=96&d=mm&r=g\",\"contentUrl\":\"https:\/\/secure.gravatar.com\/avatar\/91fd5a76647f140e53db987a0dead4d7?s=96&d=mm&r=g\",\"caption\":\"Pierre Thomas\"},\"url\":\"https:\/\/thomasvino.ch\/?author=3\"}]}<\/script>\n<!-- \/ Yoast SEO plugin. -->","yoast_head_json":{"title":"La F\u00eate des Vignerons de Vevey \u00e0 l\u2019heure H - thomasvino","robots":{"index":"index","follow":"follow","max-snippet":"max-snippet:-1","max-image-preview":"max-image-preview:large","max-video-preview":"max-video-preview:-1"},"canonical":"https:\/\/thomasvino.ch\/?p=15966","og_locale":"fr_FR","og_type":"article","og_title":"La F\u00eate des Vignerons de Vevey \u00e0 l\u2019heure H - thomasvino","og_description":"C\u2019est demain, jeudi 18 juillet 2019, \u00e0 19 h., qu\u2019aura lieu la premi\u00e8re des vingt repr\u00e9sentations de la F\u00eate des Vignerons, dans l\u2019ar\u00e8ne \u00e9ph\u00e9m\u00e8re de la place du March\u00e9 de Vevey. Une premi\u00e8re unique\u00a0: elle comprend la c\u00e9r\u00e9monie du Couronnement des vignerons-t\u00e2cherons. C\u2019est pour c\u00e9l\u00e9brer ces \u00abtravailleurs de la terre\u00bb (et de la vigne\u00a0!) que [&hellip;]","og_url":"https:\/\/thomasvino.ch\/?p=15966","og_site_name":"thomasvino","article_published_time":"2019-07-16T19:12:05+00:00","article_modified_time":"2019-07-18T12:44:05+00:00","og_image":[{"url":"https:\/\/thomasvino.ch\/wp-content\/uploads\/2019\/07\/site_fvv_cartesgen-300x200.jpg"}],"author":"Pierre Thomas","twitter_misc":{"\u00c9crit par":"Pierre Thomas","Dur\u00e9e de lecture estim\u00e9e":"8 minutes"},"schema":{"@context":"https:\/\/schema.org","@graph":[{"@type":"WebPage","@id":"https:\/\/thomasvino.ch\/?p=15966","url":"https:\/\/thomasvino.ch\/?p=15966","name":"La F\u00eate des Vignerons de Vevey \u00e0 l\u2019heure H - thomasvino","isPartOf":{"@id":"https:\/\/thomasvino.ch\/#website"},"datePublished":"2019-07-16T19:12:05+00:00","dateModified":"2019-07-18T12:44:05+00:00","author":{"@id":"https:\/\/thomasvino.ch\/#\/schema\/person\/670bf4486fe81152cf1d68bd585e062e"},"breadcrumb":{"@id":"https:\/\/thomasvino.ch\/?p=15966#breadcrumb"},"inLanguage":"fr-FR","potentialAction":[{"@type":"ReadAction","target":["https:\/\/thomasvino.ch\/?p=15966"]}]},{"@type":"BreadcrumbList","@id":"https:\/\/thomasvino.ch\/?p=15966#breadcrumb","itemListElement":[{"@type":"ListItem","position":1,"name":"Accueil","item":"https:\/\/thomasvino.ch\/"},{"@type":"ListItem","position":2,"name":"La F\u00eate des Vignerons de Vevey \u00e0 l\u2019heure H"}]},{"@type":"WebSite","@id":"https:\/\/thomasvino.ch\/#website","url":"https:\/\/thomasvino.ch\/","name":"thomasvino","description":"Vins &amp; Gastronomie","potentialAction":[{"@type":"SearchAction","target":{"@type":"EntryPoint","urlTemplate":"https:\/\/thomasvino.ch\/?s={search_term_string}"},"query-input":"required name=search_term_string"}],"inLanguage":"fr-FR"},{"@type":"Person","@id":"https:\/\/thomasvino.ch\/#\/schema\/person\/670bf4486fe81152cf1d68bd585e062e","name":"Pierre Thomas","image":{"@type":"ImageObject","inLanguage":"fr-FR","@id":"https:\/\/thomasvino.ch\/#\/schema\/person\/image\/","url":"https:\/\/secure.gravatar.com\/avatar\/91fd5a76647f140e53db987a0dead4d7?s=96&d=mm&r=g","contentUrl":"https:\/\/secure.gravatar.com\/avatar\/91fd5a76647f140e53db987a0dead4d7?s=96&d=mm&r=g","caption":"Pierre Thomas"},"url":"https:\/\/thomasvino.ch\/?author=3"}]}},"jetpack_featured_media_url":"","jetpack_sharing_enabled":true,"jetpack_shortlink":"https:\/\/wp.me\/p3m4tZ-49w","jetpack_likes_enabled":false,"jetpack-related-posts":[{"id":15663,"url":"https:\/\/thomasvino.ch\/?p=15663","url_meta":{"origin":15966,"position":0},"title":"Vevey: un air de F\u00eate des Vignerons d\u00e8s le 20 mai","date":"20 mars 2019","format":false,"excerpt":"On le sait: la F\u00eate des Vignerons, premi\u00e8re de ce si\u00e8cle, aura lieu du 18 juillet au 11 ao\u00fbt, dans une ar\u00e8ne en construction sur la Place du March\u00e9 de Vevey. Ce chantier devrait \u00eatre achev\u00e9 le \u00e0 mi-mai. D\u00e8s le 20 mai, on pourra visiter les installations, o\u00f9 se\u2026","rel":"","context":"Dans &quot;Actus - News&quot;","img":{"alt_text":"","src":"","width":0,"height":0},"classes":[]},{"id":15622,"url":"https:\/\/thomasvino.ch\/?p=15622","url_meta":{"origin":15966,"position":1},"title":"La F\u00eate des Vigneron\u2026nes","date":"28 f\u00e9vrier 2019","format":false,"excerpt":"Le mercredi soir 6 mars 2019, \u00e0 18 h. 30, \u00e0 la Biblioth\u00e8que municipale de Vevey, une table ronde r\u00e9unira des femmes impliqu\u00e9es dans le monde du vin, quelques semaines avant la F\u00eate veveysanne. En d\u00e9coudront, la vigneronne-t\u00e2cheronne Corinne Buttet, en lice pour terminer dans le quintette ou sextette des\u2026","rel":"","context":"Dans &quot;Actus - News&quot;","img":{"alt_text":"","src":"","width":0,"height":0},"classes":[]},{"id":16011,"url":"https:\/\/thomasvino.ch\/?p=16011","url_meta":{"origin":15966,"position":2},"title":"F\u00eate des vignerons \u00e0 Vevey: c\u2019est aussi ma f\u00eate!","date":"20 juillet 2019","format":false,"excerpt":"Voici la VO du texte repris par le site francophone \u00abLes 5 du Vin\u00bb, d'amis journalistes rencontr\u00e9s lors de nos d\u00e9gustations en Europe. Plate-forme sur laquelle j'essaie de partager des visions (parfois...) originales comme cette r\u00e9cente comparaison entre les vignobles du Priorat et de l'Etna. Par Pierre Thomas En 222\u2026","rel":"","context":"Dans &quot;Actus - News&quot;","img":{"alt_text":"","src":"","width":0,"height":0},"classes":[]},{"id":12680,"url":"https:\/\/thomasvino.ch\/?p=12680","url_meta":{"origin":15966,"position":3},"title":"La F\u00eate des vignerons candidate au \u00abpatrimoine immat\u00e9riel\u00bb de l\u2019UNESCO","date":"1 avril 2015","format":false,"excerpt":"La F\u00eate des vignerons de Vevey sera-t-elle la premi\u00e8re tradition suisse inscrite au Patrimoine culturel immat\u00e9riel de l\u2019UNESCO\u00a0? La r\u00e9ponse tombera en novembre 2016, mais le dossier est dans le pipeline. Dans 24 Heures du 30 mars, l\u2019historienne Sabine Carruzzo, secr\u00e9taire de la Confr\u00e9rie des Vignerons de Vevey, d\u00e9clare\u00a0: \u00abAvec\u2026","rel":"","context":"Dans &quot;Actus - News&quot;","img":{"alt_text":"","src":"","width":0,"height":0},"classes":[]},{"id":14556,"url":"https:\/\/thomasvino.ch\/?p=14556","url_meta":{"origin":15966,"position":4},"title":"Lavaux f\u00eate 10 ans d\u2019UNESCO, avec ses habitants","date":"3 septembre 2017","format":false,"excerpt":"Avant la F\u00eate des vignerons \u00e0 Vevey, rituel lui aussi inscrit au Patrimoine (immat\u00e9riel) de l\u2019UNESCO, dans deux ans, Cully a c\u00e9l\u00e9br\u00e9 le samedi 9 et le dimanche 10 septembre, les dix ans de l\u2019inscription de Lavaux au Patrimoine mondial par l\u2019UNESCO. La f\u00eate \u00e9tait destin\u00e9e aux habitants. A cause\u2026","rel":"","context":"Dans &quot;Actus - News&quot;","img":{"alt_text":"","src":"https:\/\/i0.wp.com\/thomasvino.ch\/wp-content\/uploads\/2017\/09\/IMG_4440-300x225.jpg?resize=350%2C200&ssl=1","width":350,"height":200},"classes":[]},{"id":15837,"url":"https:\/\/thomasvino.ch\/?p=15837","url_meta":{"origin":15966,"position":5},"title":"F\u00eate des vignerons de Vevey: et si le t\u00e2cheron ne revenait pas\u00a0?","date":"3 juin 2019","format":false,"excerpt":"\u00abSans t\u00e2cheron, pas de F\u00eate\u00bb, constate, \u00e0 Blonay, Fran\u00e7ois Montet, le pr\u00e9sident de la F\u00e9d\u00e9ration vaudoise des vignerons. Mais qui se cache derri\u00e8re cette \u00absp\u00e9cialit\u00e9\u00bb bien vaudoise honor\u00e9e tous les 25 ans sur la place du March\u00e9 de Vevey? Le t\u00e2cheron sera-t-il encore d\u2019actualit\u00e9 en 2037? Ou son statut se\u2026","rel":"","context":"Dans &quot;Tendance&quot;","img":{"alt_text":"","src":"https:\/\/i0.wp.com\/thomasvino.ch\/wp-content\/uploads\/2019\/05\/FVV_jpg-300x298.jpg?resize=350%2C200&ssl=1","width":350,"height":200},"classes":[]}],"_links":{"self":[{"href":"https:\/\/thomasvino.ch\/index.php?rest_route=\/wp\/v2\/posts\/15966"}],"collection":[{"href":"https:\/\/thomasvino.ch\/index.php?rest_route=\/wp\/v2\/posts"}],"about":[{"href":"https:\/\/thomasvino.ch\/index.php?rest_route=\/wp\/v2\/types\/post"}],"author":[{"embeddable":true,"href":"https:\/\/thomasvino.ch\/index.php?rest_route=\/wp\/v2\/users\/3"}],"replies":[{"embeddable":true,"href":"https:\/\/thomasvino.ch\/index.php?rest_route=%2Fwp%2Fv2%2Fcomments&post=15966"}],"version-history":[{"count":7,"href":"https:\/\/thomasvino.ch\/index.php?rest_route=\/wp\/v2\/posts\/15966\/revisions"}],"predecessor-version":[{"id":16006,"href":"https:\/\/thomasvino.ch\/index.php?rest_route=\/wp\/v2\/posts\/15966\/revisions\/16006"}],"wp:attachment":[{"href":"https:\/\/thomasvino.ch\/index.php?rest_route=%2Fwp%2Fv2%2Fmedia&parent=15966"}],"wp:term":[{"taxonomy":"category","embeddable":true,"href":"https:\/\/thomasvino.ch\/index.php?rest_route=%2Fwp%2Fv2%2Fcategories&post=15966"},{"taxonomy":"post_tag","embeddable":true,"href":"https:\/\/thomasvino.ch\/index.php?rest_route=%2Fwp%2Fv2%2Ftags&post=15966"}],"curies":[{"name":"wp","href":"https:\/\/api.w.org\/{rel}","templated":true}]}}