{"id":15993,"date":"2019-07-12T09:13:23","date_gmt":"2019-07-12T08:13:23","guid":{"rendered":"https:\/\/thomasvino.ch\/?p=15993"},"modified":"2019-07-12T09:21:08","modified_gmt":"2019-07-12T08:21:08","slug":"une-lecon-de-choses","status":"publish","type":"post","link":"https:\/\/thomasvino.ch\/?p=15993","title":{"rendered":"Une le\u00e7on de choses"},"content":{"rendered":"<p>Sil y a un bouquin \u00e0 lire cet \u00e9t\u00e9, c&rsquo;est bien <em>\u00abPourquoi boit-on du vin?\u00bb<\/em>, paru chez le tr\u00e8s s\u00e9rieux \u00e9diteur fran\u00e7ais Dunod, du <strong>professeur Fabrizio Bucella<\/strong>, collaborateur de l&rsquo;\u00e9dition fran\u00e7aise du <em>Huffington Post<\/em>, sommelier et directeur de l&rsquo;\u00e9cole Inter Wine &amp; Dine. Ce Belge, crois\u00e9 sur les routes de France, est un adepte du Morat-Fribourg: il a de la famille dans la ville d&rsquo;arriv\u00e9e de la course \u00e0 pied, qu&rsquo;il pratique assidument&#8230;<\/p>\n<p>D&rsquo;une plume alerte, le professeur bouscule les codes et r\u00e9v\u00e8le par exemple que l&rsquo;excellent <strong>Paolo Basso<\/strong>, quand il fut sacr\u00e9 meilleur sommelier du monde \u00e0 Tokyo, n&rsquo;aurait pas remport\u00e9 le concours Jean-Louis vaudois (c&rsquo;est une image!). <strong>Fabrizio Bucella<\/strong> d\u00e9monte aussi l&rsquo;interpr\u00e9tation des r\u00e9sultats du fameux Jugement de Paris, qui a permis aux vins am\u00e9ricains de surgir dans un environnement domin\u00e9 par Bordeaux.<\/p>\n<p>Ou encore, il rassure sur les capacit\u00e9s de tout un chacun \u00e0 \u00eatre un as de la d\u00e9gustation. Citant \u00e0 la barre l&rsquo;<a href=\"https:\/\/thomasvino.ch\/?p=11198\">\u0153noparfumeur vaudois <strong>Richard Pfister<\/strong><\/a>, il affirme qu&rsquo;en mati\u00e8re de d\u00e9gustation, <em>\u00abl&rsquo;expert se distingue du novice par son bagage th\u00e9orique. (&#8230;) L&rsquo;expert n&rsquo;est pas plus sensible \u00e0 toutes les mol\u00e9cules odorantes qui peuvent appara\u00eetre dans le vin qu&rsquo;un autre d\u00e9gustateur, mais il utilise mieux le contexte.\u00bb<\/em><\/p>\n<p>Et puis, rebondissant sur l&rsquo;actualit\u00e9 et les repas dispendieux du ministre fran\u00e7ais de l&rsquo;\u00e9cologie, le Vert <strong>Fran\u00e7ois de Rugy <\/strong>(<a href=\"https:\/\/www.huffingtonpost.fr\/entry\/francois-de-rugy-doit-regretter-ses-tweets-sur-la-moralisation-et-la-transparence_fr_5d25fa67e4b07e698c43f7e4?ncid=other_huffpostre_pqylmel2bk8&amp;utm_campaign=related_articles\">champion de la moralisation<\/a> pris la main dans le sac!)qui agite le microcosme \u00e9lys\u00e9en, il vient de signer une chronique \u00e9tincelante sur <strong><a href=\"https:\/\/www.huffingtonpost.fr\/entry\/ce-que-disent-les-vins-de-francois-de-rugy_fr_5d26fc2fe4b0cfb59600fb37\">le site du <em>Huffington Po<\/em>st<\/a>:<\/strong> \u00e0 lire de toute urgence, pour faire le tri entre le snobisme \u00e0 s&rsquo;obstiner \u00e0 manger du homard et \u00e0 boire du bordeaux. Un prolongement de son chapitre sur le <em>\u00abflagrant d\u00e9lit de signes ext\u00e9rieurs de richesse, o\u00f9 l&rsquo;on voit comment l&rsquo;image de marque d&rsquo;un vin est conditionn\u00e9e par l&rsquo;architecture de ses chais, qui en est une magnifique vitrine.\u00bb<\/em> En prime, voici l&rsquo;illustration de la nouvelle boutique du Ch\u00e2teau d&rsquo;Yquem, plant\u00e9e en pleine nature de Sauternes, ouverte au d\u00e9but de l&rsquo;ann\u00e9e&#8230; Rappel: les consignes de s\u00e9curit\u00e9 ne permettent pas de ramener sur un vol (d&rsquo;EasyJet, de pr\u00e9f\u00e9rence&#8230;) un flacon du plus prestigieux vin liquoreux du monde, propri\u00e9t\u00e9 du groupe LVMH&#8230;<\/p>\n<p><a href=\"https:\/\/thomasvino.ch\/?attachment_id=15994\" rel=\"attachment wp-att-15994\"><img data-attachment-id=\"15994\" data-permalink=\"https:\/\/thomasvino.ch\/?attachment_id=15994\" data-orig-file=\"https:\/\/i0.wp.com\/thomasvino.ch\/wp-content\/uploads\/2019\/07\/yquem.jpg?fit=3264%2C2448&amp;ssl=1\" data-orig-size=\"3264,2448\" data-comments-opened=\"0\" data-image-meta=\"{&quot;aperture&quot;:&quot;2.2&quot;,&quot;credit&quot;:&quot;&quot;,&quot;camera&quot;:&quot;iPhone 6&quot;,&quot;caption&quot;:&quot;&quot;,&quot;created_timestamp&quot;:&quot;1547037137&quot;,&quot;copyright&quot;:&quot;&quot;,&quot;focal_length&quot;:&quot;4.15&quot;,&quot;iso&quot;:&quot;250&quot;,&quot;shutter_speed&quot;:&quot;0.04&quot;,&quot;title&quot;:&quot;&quot;,&quot;orientation&quot;:&quot;1&quot;}\" data-image-title=\"yquem\" data-image-description=\"\" data-image-caption=\"\" data-medium-file=\"https:\/\/i0.wp.com\/thomasvino.ch\/wp-content\/uploads\/2019\/07\/yquem.jpg?fit=300%2C225&amp;ssl=1\" data-large-file=\"https:\/\/i0.wp.com\/thomasvino.ch\/wp-content\/uploads\/2019\/07\/yquem.jpg?fit=1024%2C768&amp;ssl=1\" loading=\"lazy\" class=\"aligncenter size-medium wp-image-15994\" src=\"https:\/\/i0.wp.com\/thomasvino.ch\/wp-content\/uploads\/2019\/07\/yquem.jpg?resize=300%2C225&#038;ssl=1\" alt=\"\" width=\"300\" height=\"225\" srcset=\"https:\/\/i0.wp.com\/thomasvino.ch\/wp-content\/uploads\/2019\/07\/yquem.jpg?resize=300%2C225&amp;ssl=1 300w, https:\/\/i0.wp.com\/thomasvino.ch\/wp-content\/uploads\/2019\/07\/yquem.jpg?resize=768%2C576&amp;ssl=1 768w, https:\/\/i0.wp.com\/thomasvino.ch\/wp-content\/uploads\/2019\/07\/yquem.jpg?resize=1024%2C768&amp;ssl=1 1024w, https:\/\/i0.wp.com\/thomasvino.ch\/wp-content\/uploads\/2019\/07\/yquem.jpg?w=2000&amp;ssl=1 2000w, https:\/\/i0.wp.com\/thomasvino.ch\/wp-content\/uploads\/2019\/07\/yquem.jpg?w=3000&amp;ssl=1 3000w\" sizes=\"(max-width: 300px) 100vw, 300px\" data-recalc-dims=\"1\" \/><\/a><\/p>\n<p><em>\u00a9thomasvino.ch<\/em><\/p>\n","protected":false},"excerpt":{"rendered":"<p>Sil y a un bouquin \u00e0 lire cet \u00e9t\u00e9, c&rsquo;est bien \u00abPourquoi boit-on du vin?\u00bb, paru chez le tr\u00e8s s\u00e9rieux \u00e9diteur fran\u00e7ais Dunod, du professeur Fabrizio Bucella, collaborateur de l&rsquo;\u00e9dition fran\u00e7aise du Huffington Post, sommelier et directeur de l&rsquo;\u00e9cole Inter Wine &amp; Dine. Ce Belge, crois\u00e9 sur les routes de France, est un adepte du [&hellip;]<\/p>\n","protected":false},"author":3,"featured_media":0,"comment_status":"closed","ping_status":"open","sticky":false,"template":"","format":"standard","meta":{"_monsterinsights_skip_tracking":false,"_monsterinsights_sitenote_active":false,"_monsterinsights_sitenote_note":"","_monsterinsights_sitenote_category":0,"jetpack_post_was_ever_published":false,"jetpack_publicize_message":"","jetpack_is_tweetstorm":false,"jetpack_publicize_feature_enabled":true,"jetpack_social_post_already_shared":true,"jetpack_social_options":{"image_generator_settings":{"template":"highway","enabled":false}}},"categories":[33],"tags":[],"jetpack_publicize_connections":[],"yoast_head":"<!-- This site is optimized with the Yoast SEO plugin v20.6 - https:\/\/yoast.com\/wordpress\/plugins\/seo\/ -->\n<title>Une le\u00e7on de choses - thomasvino<\/title>\n<meta name=\"robots\" content=\"index, follow, max-snippet:-1, max-image-preview:large, max-video-preview:-1\" \/>\n<link rel=\"canonical\" href=\"https:\/\/thomasvino.ch\/?p=15993\" \/>\n<meta property=\"og:locale\" content=\"fr_FR\" \/>\n<meta property=\"og:type\" content=\"article\" \/>\n<meta property=\"og:title\" content=\"Une le\u00e7on de choses - thomasvino\" \/>\n<meta property=\"og:description\" content=\"Sil y a un bouquin \u00e0 lire cet \u00e9t\u00e9, c&rsquo;est bien \u00abPourquoi boit-on du vin?\u00bb, paru chez le tr\u00e8s s\u00e9rieux \u00e9diteur fran\u00e7ais Dunod, du professeur Fabrizio Bucella, collaborateur de l&rsquo;\u00e9dition fran\u00e7aise du Huffington Post, sommelier et directeur de l&rsquo;\u00e9cole Inter Wine &amp; Dine. Ce Belge, crois\u00e9 sur les routes de France, est un adepte du [&hellip;]\" \/>\n<meta property=\"og:url\" content=\"https:\/\/thomasvino.ch\/?p=15993\" \/>\n<meta property=\"og:site_name\" content=\"thomasvino\" \/>\n<meta property=\"article:published_time\" content=\"2019-07-12T08:13:23+00:00\" \/>\n<meta property=\"article:modified_time\" content=\"2019-07-12T08:21:08+00:00\" \/>\n<meta property=\"og:image\" content=\"https:\/\/thomasvino.ch\/wp-content\/uploads\/2019\/07\/yquem-300x225.jpg\" \/>\n<meta name=\"author\" content=\"Pierre Thomas\" \/>\n<meta name=\"twitter:label1\" content=\"\u00c9crit par\" \/>\n\t<meta name=\"twitter:data1\" content=\"Pierre Thomas\" \/>\n\t<meta name=\"twitter:label2\" content=\"Dur\u00e9e de lecture estim\u00e9e\" \/>\n\t<meta name=\"twitter:data2\" content=\"2 minutes\" \/>\n<script type=\"application\/ld+json\" class=\"yoast-schema-graph\">{\"@context\":\"https:\/\/schema.org\",\"@graph\":[{\"@type\":\"WebPage\",\"@id\":\"https:\/\/thomasvino.ch\/?p=15993\",\"url\":\"https:\/\/thomasvino.ch\/?p=15993\",\"name\":\"Une le\u00e7on de choses - thomasvino\",\"isPartOf\":{\"@id\":\"https:\/\/thomasvino.ch\/#website\"},\"datePublished\":\"2019-07-12T08:13:23+00:00\",\"dateModified\":\"2019-07-12T08:21:08+00:00\",\"author\":{\"@id\":\"https:\/\/thomasvino.ch\/#\/schema\/person\/670bf4486fe81152cf1d68bd585e062e\"},\"breadcrumb\":{\"@id\":\"https:\/\/thomasvino.ch\/?p=15993#breadcrumb\"},\"inLanguage\":\"fr-FR\",\"potentialAction\":[{\"@type\":\"ReadAction\",\"target\":[\"https:\/\/thomasvino.ch\/?p=15993\"]}]},{\"@type\":\"BreadcrumbList\",\"@id\":\"https:\/\/thomasvino.ch\/?p=15993#breadcrumb\",\"itemListElement\":[{\"@type\":\"ListItem\",\"position\":1,\"name\":\"Accueil\",\"item\":\"https:\/\/thomasvino.ch\/\"},{\"@type\":\"ListItem\",\"position\":2,\"name\":\"Une le\u00e7on de choses\"}]},{\"@type\":\"WebSite\",\"@id\":\"https:\/\/thomasvino.ch\/#website\",\"url\":\"https:\/\/thomasvino.ch\/\",\"name\":\"thomasvino\",\"description\":\"Vins &amp; Gastronomie\",\"potentialAction\":[{\"@type\":\"SearchAction\",\"target\":{\"@type\":\"EntryPoint\",\"urlTemplate\":\"https:\/\/thomasvino.ch\/?s={search_term_string}\"},\"query-input\":\"required name=search_term_string\"}],\"inLanguage\":\"fr-FR\"},{\"@type\":\"Person\",\"@id\":\"https:\/\/thomasvino.ch\/#\/schema\/person\/670bf4486fe81152cf1d68bd585e062e\",\"name\":\"Pierre Thomas\",\"image\":{\"@type\":\"ImageObject\",\"inLanguage\":\"fr-FR\",\"@id\":\"https:\/\/thomasvino.ch\/#\/schema\/person\/image\/\",\"url\":\"https:\/\/secure.gravatar.com\/avatar\/91fd5a76647f140e53db987a0dead4d7?s=96&d=mm&r=g\",\"contentUrl\":\"https:\/\/secure.gravatar.com\/avatar\/91fd5a76647f140e53db987a0dead4d7?s=96&d=mm&r=g\",\"caption\":\"Pierre Thomas\"},\"url\":\"https:\/\/thomasvino.ch\/?author=3\"}]}<\/script>\n<!-- \/ Yoast SEO plugin. -->","yoast_head_json":{"title":"Une le\u00e7on de choses - thomasvino","robots":{"index":"index","follow":"follow","max-snippet":"max-snippet:-1","max-image-preview":"max-image-preview:large","max-video-preview":"max-video-preview:-1"},"canonical":"https:\/\/thomasvino.ch\/?p=15993","og_locale":"fr_FR","og_type":"article","og_title":"Une le\u00e7on de choses - thomasvino","og_description":"Sil y a un bouquin \u00e0 lire cet \u00e9t\u00e9, c&rsquo;est bien \u00abPourquoi boit-on du vin?\u00bb, paru chez le tr\u00e8s s\u00e9rieux \u00e9diteur fran\u00e7ais Dunod, du professeur Fabrizio Bucella, collaborateur de l&rsquo;\u00e9dition fran\u00e7aise du Huffington Post, sommelier et directeur de l&rsquo;\u00e9cole Inter Wine &amp; Dine. Ce Belge, crois\u00e9 sur les routes de France, est un adepte du [&hellip;]","og_url":"https:\/\/thomasvino.ch\/?p=15993","og_site_name":"thomasvino","article_published_time":"2019-07-12T08:13:23+00:00","article_modified_time":"2019-07-12T08:21:08+00:00","og_image":[{"url":"https:\/\/thomasvino.ch\/wp-content\/uploads\/2019\/07\/yquem-300x225.jpg"}],"author":"Pierre Thomas","twitter_misc":{"\u00c9crit par":"Pierre Thomas","Dur\u00e9e de lecture estim\u00e9e":"2 minutes"},"schema":{"@context":"https:\/\/schema.org","@graph":[{"@type":"WebPage","@id":"https:\/\/thomasvino.ch\/?p=15993","url":"https:\/\/thomasvino.ch\/?p=15993","name":"Une le\u00e7on de choses - thomasvino","isPartOf":{"@id":"https:\/\/thomasvino.ch\/#website"},"datePublished":"2019-07-12T08:13:23+00:00","dateModified":"2019-07-12T08:21:08+00:00","author":{"@id":"https:\/\/thomasvino.ch\/#\/schema\/person\/670bf4486fe81152cf1d68bd585e062e"},"breadcrumb":{"@id":"https:\/\/thomasvino.ch\/?p=15993#breadcrumb"},"inLanguage":"fr-FR","potentialAction":[{"@type":"ReadAction","target":["https:\/\/thomasvino.ch\/?p=15993"]}]},{"@type":"BreadcrumbList","@id":"https:\/\/thomasvino.ch\/?p=15993#breadcrumb","itemListElement":[{"@type":"ListItem","position":1,"name":"Accueil","item":"https:\/\/thomasvino.ch\/"},{"@type":"ListItem","position":2,"name":"Une le\u00e7on de choses"}]},{"@type":"WebSite","@id":"https:\/\/thomasvino.ch\/#website","url":"https:\/\/thomasvino.ch\/","name":"thomasvino","description":"Vins &amp; Gastronomie","potentialAction":[{"@type":"SearchAction","target":{"@type":"EntryPoint","urlTemplate":"https:\/\/thomasvino.ch\/?s={search_term_string}"},"query-input":"required name=search_term_string"}],"inLanguage":"fr-FR"},{"@type":"Person","@id":"https:\/\/thomasvino.ch\/#\/schema\/person\/670bf4486fe81152cf1d68bd585e062e","name":"Pierre Thomas","image":{"@type":"ImageObject","inLanguage":"fr-FR","@id":"https:\/\/thomasvino.ch\/#\/schema\/person\/image\/","url":"https:\/\/secure.gravatar.com\/avatar\/91fd5a76647f140e53db987a0dead4d7?s=96&d=mm&r=g","contentUrl":"https:\/\/secure.gravatar.com\/avatar\/91fd5a76647f140e53db987a0dead4d7?s=96&d=mm&r=g","caption":"Pierre Thomas"},"url":"https:\/\/thomasvino.ch\/?author=3"}]}},"jetpack_featured_media_url":"","jetpack_sharing_enabled":true,"jetpack_shortlink":"https:\/\/wp.me\/p3m4tZ-49X","jetpack_likes_enabled":false,"jetpack-related-posts":[{"id":10962,"url":"https:\/\/thomasvino.ch\/?p=10962","url_meta":{"origin":15993,"position":0},"title":"Et si le roi ne buvait que du belge?","date":"5 juillet 2013","format":false,"excerpt":"Amusante chronique du sommelier du Huff'Post, Fabrizio Bucella, distingu\u00e9 professeur de math\u00e9matiques en Belgique, et chroniqueur sur ce titre en ligne. Il explique pourquoi et comment le vin s'est d\u00e9velopp\u00e9 en Belgique, avec l'aide d'un diaporama de la Revue du Vin de France. Un sujet pas tout-\u00e0-fait anodin pour les\u2026","rel":"","context":"Dans &quot;Lu sur Internet&quot;","img":{"alt_text":"","src":"","width":0,"height":0},"classes":[]},{"id":13071,"url":"https:\/\/thomasvino.ch\/?p=13071","url_meta":{"origin":15993,"position":1},"title":"Scandales autour du vin et question d&rsquo;\u00e9tiquette","date":"6 octobre 2015","format":false,"excerpt":"Sur le site Atlantico, notre excellent confr\u00e8re, d\u00e9gustateur et ami Fabrizio Bucella r\u00e9pond aux questions li\u00e9es aux scandales autour du vin, en partant du constat que les vins californiens contiennent naturellement plus d'arsenic que les europ\u00e9ens. Il \u00e9largit le d\u00e9bat \u00e0 l'\u00e9tiquetage des vins: un d\u00e9put\u00e9 belge au Parlement europ\u00e9en\u2026","rel":"","context":"Dans &quot;Lu sur Internet&quot;","img":{"alt_text":"","src":"","width":0,"height":0},"classes":[]},{"id":13917,"url":"https:\/\/thomasvino.ch\/?p=13917","url_meta":{"origin":15993,"position":2},"title":"La semaine prochaine, ce sera Graves!","date":"9 novembre 2016","format":false,"excerpt":"Le mercredi 16 novembre, se tiendra au Ch\u00e2teau de Portets la 17\u00e8me \u00e9dition du Troph\u00e9e des Grands Crus de Graves, dans la r\u00e9gion bordelaise. Le jury, de treize membres, sera pr\u00e9sid\u00e9 par le journaliste du Figaro, Bernard Burtschy, invit\u00e9 d\u00e9but septembre du d\u00e9bat, que j'ai anim\u00e9 \u00e0 Vin\u00e9a sur l'avenir\u2026","rel":"","context":"Dans &quot;Actus - News&quot;","img":{"alt_text":"","src":"","width":0,"height":0},"classes":[]},{"id":9474,"url":"https:\/\/thomasvino.ch\/?p=9474","url_meta":{"origin":15993,"position":3},"title":"Un livre indispendable: illustration pratique!","date":"20 octobre 2012","format":false,"excerpt":"\u00abLe vin pratique\u00bb Quand on parle du bouquin\u2026 en bien\u00a0! \u00abLe vin pratique\u00bb a \u00e9t\u00e9 lu dans les r\u00e9dactions\u2026 Dernier commentaire en date, celui d'Olivier Toublan, r\u00e9dacteur en chef de PME Magazine. Et pas n'importe o\u00f9: sous son \u00e9dito de l'\u00e9dition de d\u00e9cembre 2012. Citation in extenso: \u00abNotre collaborateur occasionnel\u2026","rel":"","context":"Dans &quot;Actus - News&quot;","img":{"alt_text":"","src":"","width":0,"height":0},"classes":[]},{"id":17968,"url":"https:\/\/thomasvino.ch\/?p=17968","url_meta":{"origin":15993,"position":4},"title":"Sur les pas des meilleurs sommeliers","date":"11 novembre 2022","format":false,"excerpt":"Ma chronique sur le blog les5duvins du 2 novembre 2022... Par Pierre Thomas Je reviens d\u2019une semaine en Suisse al\u00e9manique\u00a0: quasiment \u00e0 l\u2019\u00e9tranger, donc, puisque la langue de compr\u00e9hension, quand on ne ma\u00eetrise ni le dialecte, ni le \u00abbon\u00bb allemand, finit immanquablement par \u00eatre l\u2019anglais universel\u2026\u00a0J\u2019y ai fait une tourn\u00e9e\u2026","rel":"","context":"Dans &quot;Tendance&quot;","img":{"alt_text":"","src":"","width":0,"height":0},"classes":[]},{"id":14357,"url":"https:\/\/thomasvino.ch\/?p=14357","url_meta":{"origin":15993,"position":5},"title":"Decanter Awards 2017 \u2014 une avalanche de m\u00e9dailles pour les vins suisses","date":"30 mai 2017","format":false,"excerpt":"Trois m\u00e9dailles de platine, 8 m\u00e9dailles d\u2019or, 81 m\u00e9dailles d\u2019argent et 70 de bronze. Les Decanter Awards 2017, jug\u00e9s \u00e0 Londres, ont r\u00e9compens\u00e9 massivement les vins suisses. La comp\u00e9tition est connue pour \u00eatre tr\u00e8s g\u00e9n\u00e9reuse\u00a0: au moins 7 vins sur 10 sont \u00abm\u00e9daill\u00e9s\u00bb, contre au maximum 3 sur 10 dans\u2026","rel":"","context":"Dans &quot;Actus - News&quot;","img":{"alt_text":"","src":"","width":0,"height":0},"classes":[]}],"_links":{"self":[{"href":"https:\/\/thomasvino.ch\/index.php?rest_route=\/wp\/v2\/posts\/15993"}],"collection":[{"href":"https:\/\/thomasvino.ch\/index.php?rest_route=\/wp\/v2\/posts"}],"about":[{"href":"https:\/\/thomasvino.ch\/index.php?rest_route=\/wp\/v2\/types\/post"}],"author":[{"embeddable":true,"href":"https:\/\/thomasvino.ch\/index.php?rest_route=\/wp\/v2\/users\/3"}],"replies":[{"embeddable":true,"href":"https:\/\/thomasvino.ch\/index.php?rest_route=%2Fwp%2Fv2%2Fcomments&post=15993"}],"version-history":[{"count":4,"href":"https:\/\/thomasvino.ch\/index.php?rest_route=\/wp\/v2\/posts\/15993\/revisions"}],"predecessor-version":[{"id":15998,"href":"https:\/\/thomasvino.ch\/index.php?rest_route=\/wp\/v2\/posts\/15993\/revisions\/15998"}],"wp:attachment":[{"href":"https:\/\/thomasvino.ch\/index.php?rest_route=%2Fwp%2Fv2%2Fmedia&parent=15993"}],"wp:term":[{"taxonomy":"category","embeddable":true,"href":"https:\/\/thomasvino.ch\/index.php?rest_route=%2Fwp%2Fv2%2Fcategories&post=15993"},{"taxonomy":"post_tag","embeddable":true,"href":"https:\/\/thomasvino.ch\/index.php?rest_route=%2Fwp%2Fv2%2Ftags&post=15993"}],"curies":[{"name":"wp","href":"https:\/\/api.w.org\/{rel}","templated":true}]}}