{"id":16011,"date":"2019-07-20T11:47:33","date_gmt":"2019-07-20T10:47:33","guid":{"rendered":"https:\/\/thomasvino.ch\/?p=16011"},"modified":"2019-07-20T11:47:33","modified_gmt":"2019-07-20T10:47:33","slug":"fete-des-vignerons-a-vevey-cest-aussi-ma-fete","status":"publish","type":"post","link":"https:\/\/thomasvino.ch\/?p=16011","title":{"rendered":"F\u00eate des vignerons \u00e0 Vevey: c\u2019est aussi ma f\u00eate!"},"content":{"rendered":"<p><strong><em>Voici la VO du texte repris par<a href=\"https:\/\/les5duvin.wordpress.com\/2019\/07\/20\/a-la-fete-des-vignerons-de-vevey\/\"> le site francophone \u00abLes 5 du Vin\u00bb<\/a>, d&rsquo;amis journalistes rencontr\u00e9s lors de nos d\u00e9gustations en Europe. Plate-forme sur laquelle j&rsquo;essaie de partager des visions (parfois&#8230;) originales comme cette r\u00e9cente comparaison entre <a href=\"https:\/\/les5duvin.wordpress.com\/?s=Priorat\">les vignobles du Priorat et de l&rsquo;Etna<\/a>.<\/em><\/strong><\/p>\n<p><em>Par Pierre Thomas<\/em><\/p>\n<p>En 222 ans (depuis 1797), elle n\u2019a eu lieu que 12 fois. Soit, \u00e0 ce jour, cinq par si\u00e8cle ou une tous les 25 ans approximativement. Et elle r\u00e9chauffe \u00e0 cette cadence les \u00abp\u00e2t\u00e9s froids\u00bb, surnom des habitants de Vevey, entre Lausanne et Montreux. La F\u00eate des Vignerons se joue jusqu\u2019au 11 ao\u00fbt dans une ar\u00e8ne provisoire de 20&rsquo;000 places, dress\u00e9e sur la place du March\u00e9. Pr\u00e8s de 6&rsquo;000 figurants, choristes, musiciens et acteurs non professionnels d\u00e9filent durant un spectacle de deux heures et demie, en matin\u00e9e ou en soir\u00e9e, imagin\u00e9 par le metteur en sc\u00e8ne <strong>Daniele Finzi Pasqua<\/strong>, 55 ans, inspir\u00e9 par feue son \u00e9pouse, la Qu\u00e9b\u00e9coise <strong>Julie Hamelin<\/strong> (d\u00e9c\u00e9d\u00e9e en 2017). Les deux ont connu une carri\u00e8re internationale dans le cirque et les spectacles musicaux et chor\u00e9graphiques d\u00e9riv\u00e9s de cet art ancestral (Elo\u00efze et Corteo pour le Cirque du Soleil \u00e0 Montr\u00e9al).<\/p>\n<p><strong>Mais cette F\u00eate, c\u2019est aussi un peu ma f\u00eate.<\/strong> Non pas en ce qu\u2019elle c\u00e9l\u00e8bre les <em>\u00abvignerons-t\u00e2cherons\u00bb<\/em>, un statut professionnel de viticulteur au service du propri\u00e9taire des vignes, propre aux deux r\u00e9gions viticoles vaudoises que sont Lavaux et le Chablais. Encore que\u2026 fiscalement, seuls les couturi\u00e8res \u00e0 domicile, les chauffeurs d\u2019autocar postaux et les journalistes libres \u2014 trois m\u00e9tiers en voie de pr\u00e9carisation\u00a0! \u2014, sont log\u00e9s \u00e0 la m\u00eame enseigne de salari\u00e9s-entrepreneurs. Et c\u2019est bien comme journaliste que je l\u2019ai suivie trois fois\u00a0: en 1977, en 1999 et en 2019.<\/p>\n<p>La premi\u00e8re fois, stagiaire \u00e0 peine sorti des p\u00e2turages de ma Gruy\u00e8re de jeunesse, j\u2019avais rejoint la r\u00e9daction de l\u2019agence AIR, qui pourvoyait en mati\u00e8re premi\u00e8re le quotidien vaudois <em>24 Heures<\/em>. J\u2019avais eu le privil\u00e8ge d\u2019aller interviewer, dans son chalet en face de la colline de Gruy\u00e8res, le chanteur soliste du <em>\u00abRanz des vaches\u00bb<\/em>, <strong>Bernard Romanens<\/strong>. Qui chantait alors aussi magnifiquement qu\u2019il parlait peu\u2026 Et, sans \u00e9crire sur le vin, alors, j\u2019avais pris une monumentale <em>\u00abcuite\u00bb<\/em> au chasselas, \u00e0 force d\u2019ap\u00e9ros en coulisses. En 1999, je <em>\u00abpigeais\u00bb<\/em> pour <em>24 Heures<\/em>, en rubrique gastronomie. Et j\u2019avais d\u00e9plor\u00e9 qu\u2019on ne parl\u00e2t gu\u00e8re de la qualit\u00e9 des vins, au moment o\u00f9 les crus suisses amor\u00e7aient une <em>\u00abmont\u00e9e\u00bb<\/em> en qualit\u00e9, dans un spectacle, en milieu protestant, sobrement d\u00e9di\u00e9 aux travailleurs de la vigne \u2014 et non aux cavistes, \u0153nologues, sommeliers et d\u00e9gustateurs\u00a0!<\/p>\n<p>L\u2019organisateur de la manifestation, la Confr\u00e9rie des vignerons de Vevey, a conserv\u00e9 la devise des b\u00e9n\u00e9dictins d\u00e9fricheurs, il y a bient\u00f4t mille ans, des coteaux escarp\u00e9s du D\u00e9zaley, face au lac L\u00e9man (et aux montagnes de Savoie), <em>\u00abora et labora\u00bb<\/em>. En latin, <em>\u00abprie et travaille\u00bb<\/em>, qu\u2019a prononc\u00e9 l\u2019abb\u00e9-pr\u00e9sident de la Confr\u00e9rie, le notable veveysan <strong>Fran\u00e7ois Margot<\/strong>, solennellement, jeudi 18 juillet, en pr\u00e9lude au \u00abcouronnement\u00bb des vignerons-t\u00e2cherons les plus m\u00e9ritants. Courte parenth\u00e8se viticole\u00a0: j\u2019attendais plut\u00f4t <em>\u00abceux du Chablais\u00bb<\/em>, un trio, et ce sont les trois de Lavaux qui l\u2019ont emport\u00e9. Contr\u00f4l\u00e9s trois fois par an sur des parcelles clairement d\u00e9limit\u00e9es, les t\u00e2cherons sont not\u00e9s par des <em>\u00abinspecteurs\u00bb<\/em>. Pr\u00e8s de 80 viticulteurs ont \u00e9t\u00e9 r\u00e9compens\u00e9s, dont 18 par une m\u00e9daille d\u2019argent, et six par l\u2019or, transform\u00e9 pour l\u2019occasion en couronne. Seules trois femmes dans ce peloton. Et l\u2019une, <strong>Corinne Buttet<\/strong>, pure vigneronne-t\u00e2cheronne, a termin\u00e9 troisi\u00e8me, du jamais vu. Devant elle le populaire <strong>Toni Figliola\u00a0<\/strong>\u2014 qui fait aussi son vin avec son \u00e9pouse, sous le nom de la <strong>Famille Fonjallaz<\/strong>\u00a0: remarquables Calamin et D\u00e9zaley, les deux AOC Grand Cru de Lavaux \u2014 et le<em> \u00abroi de la F\u00eate\u00bb<\/em>, <strong>Jean-Daniel Berthet<\/strong>, le m\u00e9cano de la <em>\u00ablocomotive\u00bb<\/em> du D\u00e9zaley, le <em>\u00abChemin de Fer\u00bb<\/em>, propri\u00e9t\u00e9 de <strong>Luc Massy<\/strong>, le pr\u00e9sident de la Baronnie du D\u00e9zaley, ar\u00e9opage des meilleurs producteurs de ce grand cru\u2026 On ne parle l\u00e0, bien s\u00fbr, que de chasselas\u00a0!<\/p>\n<p>Mais revenons au spectacle\u00a0! Six mille participants, pour la plupart de la proche r\u00e9gion, c\u2019est plus que tous les suiveurs du Tour de France, pour une <em>\u00abcourse\u00bb<\/em> qui dure (aussi) trois semaines\u00a0: et tous re\u00e7oivent leurs instructions de mise en sc\u00e8ne dans une oreillette\u00a0! La technologie postmoderne est pr\u00e9sente\u00a0: quatre grands \u00e9crans, pas tr\u00e8s utiles \u00e0 dire vrai, un plateau LED qui permet des effets de lumi\u00e8re assez \u00e9tonnant \u2014 tel ce tapis de cartes \u00e0 jouer qui se d\u00e9roule, ce soleil qui \u00e9clate ou ces faux coquelicots sur lesquels se dandinent de vraies vaches. Le <em>lyoba<\/em> du ranz-des-vaches, chant\u00e9 par 11 armaillis reste un grand moment, quand la moiti\u00e9 des spectateurs allument leur smartphone comme nagu\u00e8re un briquet\u2026<\/p>\n<p>On est dans le grand spectacle, mais pas \u00e0 l\u2019op\u00e9ra. Il n\u2019y a jamais eu, en douze f\u00eates, de livret fig\u00e9, mais toujours des tableaux et une musique de l\u2019\u00e9poque. Alors, oui, j\u2019essaie de me rem\u00e9morer\u2026 Qu\u2019ai-je gard\u00e9 dans ma m\u00e9moire de 1977\u00a0? La ligne graphique tr\u00e8s \u00e9pur\u00e9e du d\u00e9cor, avec un soleil omnipr\u00e9sent, le lyoba du soliste Romanens, la musique symphonique r\u00e9solument moderne du compositeur <strong>Jean Balissat<\/strong>. Et pas grand\u2019chose d\u2019autre, sinon le souvenir, d\u00e9j\u00e0, d\u2019un <em>\u00abgrand spectacle\u00bb<\/em>. Peut-\u00eatre quelques divinit\u00e9s, C\u00e9res, Bacchus, Sil\u00e8ne, toutes \u00e9vacu\u00e9es cette ann\u00e9e, m\u00eame si ces pa\u00efens s\u2019\u00e9taient invit\u00e9s souvent par le pass\u00e9\u2026 Elles \u00e9taient l\u00e0 en 1999, o\u00f9 l\u2019ar\u00e8ne, au lieu d\u2019\u00eatre ferm\u00e9e, laissait une large ouverture sur le lac L\u00e9man \u2014 avec, en prime, un orage sur les montagnes de Savoie \u2014 et un vol d\u2019h\u00e9licopt\u00e8re, utilis\u00e9 pour les traitements phytosanitaires sur les terrasses escarp\u00e9es de Lavaux. Pas de tel vrombissement, cette ann\u00e9e\u2026 Et, en 1999, il ne m\u2019est pas grand-chose de la musique, malgr\u00e9 la pr\u00e9sence de l\u2019Orchestre de la Suisse romande et de son jeune chef <strong>Fabio Luisi<\/strong> (qui fait une belle carri\u00e8re europ\u00e9enne \u00e0 l\u2019op\u00e9ra). Cette ann\u00e9e, la bande-son, supervis\u00e9e par la compositrice tessinoise n\u00e9e \u00e0 Lausanne <strong>Maria Bonzanigo<\/strong>, a \u00e9t\u00e9 pr\u00e9-enregistr\u00e9e, pour les morceaux les plus impressionnants, comme cet hymne du tableau de la troupe des hallebardiers dite des \u00abcent pour cent\u00bb (cent femmes pour cent hommes\u00a0!), dont la belle m\u00e9lodie, ent\u00eatante, revient ensuite&#8230;<\/p>\n<p>Et puis, en 99, le personnage d\u2019Arlevin, incarn\u00e9 par un com\u00e9dien professionnel, et qui terminait la f\u00eate, avin\u00e9\u2026 Cette ann\u00e9e, un autre com\u00e9dien, <strong>Michel Vo\u00efta<\/strong>, joue le grand-p\u00e8re pour la petite Julie\u00a0: mais ce qui aurait pu \u00eatre un fil rouge n\u2019est qu\u2019un \u00e9l\u00e9ment parmi d\u2019autres, comme une libellule (humaine et f\u00e9minine\u00a0!) suspendue \u00e0 un filin. On est au cirque\u2026 Et comme au cirque, les tableaux rythmant l\u2019ann\u00e9e des viticulteurs s\u2019encha\u00eenent, sans d\u00e9cor permanent ni partition pr\u00e9d\u00e9finie. D\u2019o\u00f9 l\u2019impression d\u2019un patchwork un peu effiloch\u00e9, avec beaucoup de monde sur sc\u00e8ne, trop, sans doute\u2026 Mais l\u2019impression d\u2019ensemble reste magique. Et en 2019, journaliste-t\u00e2cheron je suis, t\u00e2cheron je reste\u2026<\/p>\n<p>Si vous passez par Vevey d\u2019ici au 11 ao\u00fbt, allez faire un tour au spectacle \u2014 il reste des places\u00a0! \u2014 et dans la ville o\u00f9 une centaine de bars se sont ouverts, comme le Kavo, qui sert de vieux mill\u00e9simes de chasselas, juste \u00e0 c\u00f4t\u00e9, au cin\u00e9ma Rex, le Lavaux Bio, sept vignerons en biodynamie, encore rares pionniers dans la r\u00e9gion, le bar \u00e9ph\u00e9m\u00e8re de la Baronnie du D\u00e9zaley, qui f\u00eatera \u00abson roi\u00bb tous les jours, la terrasse des Artisanes du vin, 22 jeunes productrices de toute la Suisse, cette ann\u00e9e, les marraines de la Semaine suisse du Go\u00fbt, au mois de septembre. Ou la terrasse des vignerons de Lavaux Passion. <em>\u00abVinum et circences\u00bb<\/em> auraient dit les Romains \u2014 avant <em>\u00abora et labora\u00bb<\/em>\u00a0!<\/p>\n<p><em>\u00a9thomasvino.ch<\/em><\/p>\n","protected":false},"excerpt":{"rendered":"<p>Voici la VO du texte repris par le site francophone \u00abLes 5 du Vin\u00bb, d&rsquo;amis journalistes rencontr\u00e9s lors de nos d\u00e9gustations en Europe. Plate-forme sur laquelle j&rsquo;essaie de partager des visions (parfois&#8230;) originales comme cette r\u00e9cente comparaison entre les vignobles du Priorat et de l&rsquo;Etna. Par Pierre Thomas En 222 ans (depuis 1797), elle n\u2019a [&hellip;]<\/p>\n","protected":false},"author":3,"featured_media":0,"comment_status":"closed","ping_status":"open","sticky":false,"template":"","format":"standard","meta":{"_monsterinsights_skip_tracking":false,"_monsterinsights_sitenote_active":false,"_monsterinsights_sitenote_note":"","_monsterinsights_sitenote_category":0,"jetpack_post_was_ever_published":false,"jetpack_publicize_message":"","jetpack_is_tweetstorm":false,"jetpack_publicize_feature_enabled":true,"jetpack_social_post_already_shared":true,"jetpack_social_options":{"image_generator_settings":{"template":"highway","enabled":false}}},"categories":[15],"tags":[],"jetpack_publicize_connections":[],"yoast_head":"<!-- This site is optimized with the Yoast SEO plugin v20.6 - https:\/\/yoast.com\/wordpress\/plugins\/seo\/ -->\n<title>F\u00eate des vignerons \u00e0 Vevey: c\u2019est aussi ma f\u00eate! - thomasvino<\/title>\n<meta name=\"robots\" content=\"index, follow, max-snippet:-1, max-image-preview:large, max-video-preview:-1\" \/>\n<link rel=\"canonical\" href=\"https:\/\/thomasvino.ch\/?p=16011\" \/>\n<meta property=\"og:locale\" content=\"fr_FR\" \/>\n<meta property=\"og:type\" content=\"article\" \/>\n<meta property=\"og:title\" content=\"F\u00eate des vignerons \u00e0 Vevey: c\u2019est aussi ma f\u00eate! - thomasvino\" \/>\n<meta property=\"og:description\" content=\"Voici la VO du texte repris par le site francophone \u00abLes 5 du Vin\u00bb, d&rsquo;amis journalistes rencontr\u00e9s lors de nos d\u00e9gustations en Europe. Plate-forme sur laquelle j&rsquo;essaie de partager des visions (parfois&#8230;) originales comme cette r\u00e9cente comparaison entre les vignobles du Priorat et de l&rsquo;Etna. Par Pierre Thomas En 222 ans (depuis 1797), elle n\u2019a [&hellip;]\" \/>\n<meta property=\"og:url\" content=\"https:\/\/thomasvino.ch\/?p=16011\" \/>\n<meta property=\"og:site_name\" content=\"thomasvino\" \/>\n<meta property=\"article:published_time\" content=\"2019-07-20T10:47:33+00:00\" \/>\n<meta name=\"author\" content=\"Pierre Thomas\" \/>\n<meta name=\"twitter:label1\" content=\"\u00c9crit par\" \/>\n\t<meta name=\"twitter:data1\" content=\"Pierre Thomas\" \/>\n\t<meta name=\"twitter:label2\" content=\"Dur\u00e9e de lecture estim\u00e9e\" \/>\n\t<meta name=\"twitter:data2\" content=\"7 minutes\" \/>\n<script type=\"application\/ld+json\" class=\"yoast-schema-graph\">{\"@context\":\"https:\/\/schema.org\",\"@graph\":[{\"@type\":\"WebPage\",\"@id\":\"https:\/\/thomasvino.ch\/?p=16011\",\"url\":\"https:\/\/thomasvino.ch\/?p=16011\",\"name\":\"F\u00eate des vignerons \u00e0 Vevey: c\u2019est aussi ma f\u00eate! - thomasvino\",\"isPartOf\":{\"@id\":\"https:\/\/thomasvino.ch\/#website\"},\"datePublished\":\"2019-07-20T10:47:33+00:00\",\"dateModified\":\"2019-07-20T10:47:33+00:00\",\"author\":{\"@id\":\"https:\/\/thomasvino.ch\/#\/schema\/person\/670bf4486fe81152cf1d68bd585e062e\"},\"breadcrumb\":{\"@id\":\"https:\/\/thomasvino.ch\/?p=16011#breadcrumb\"},\"inLanguage\":\"fr-FR\",\"potentialAction\":[{\"@type\":\"ReadAction\",\"target\":[\"https:\/\/thomasvino.ch\/?p=16011\"]}]},{\"@type\":\"BreadcrumbList\",\"@id\":\"https:\/\/thomasvino.ch\/?p=16011#breadcrumb\",\"itemListElement\":[{\"@type\":\"ListItem\",\"position\":1,\"name\":\"Accueil\",\"item\":\"https:\/\/thomasvino.ch\/\"},{\"@type\":\"ListItem\",\"position\":2,\"name\":\"F\u00eate des vignerons \u00e0 Vevey: c\u2019est aussi ma f\u00eate!\"}]},{\"@type\":\"WebSite\",\"@id\":\"https:\/\/thomasvino.ch\/#website\",\"url\":\"https:\/\/thomasvino.ch\/\",\"name\":\"thomasvino\",\"description\":\"Vins &amp; Gastronomie\",\"potentialAction\":[{\"@type\":\"SearchAction\",\"target\":{\"@type\":\"EntryPoint\",\"urlTemplate\":\"https:\/\/thomasvino.ch\/?s={search_term_string}\"},\"query-input\":\"required name=search_term_string\"}],\"inLanguage\":\"fr-FR\"},{\"@type\":\"Person\",\"@id\":\"https:\/\/thomasvino.ch\/#\/schema\/person\/670bf4486fe81152cf1d68bd585e062e\",\"name\":\"Pierre Thomas\",\"image\":{\"@type\":\"ImageObject\",\"inLanguage\":\"fr-FR\",\"@id\":\"https:\/\/thomasvino.ch\/#\/schema\/person\/image\/\",\"url\":\"https:\/\/secure.gravatar.com\/avatar\/91fd5a76647f140e53db987a0dead4d7?s=96&d=mm&r=g\",\"contentUrl\":\"https:\/\/secure.gravatar.com\/avatar\/91fd5a76647f140e53db987a0dead4d7?s=96&d=mm&r=g\",\"caption\":\"Pierre Thomas\"},\"url\":\"https:\/\/thomasvino.ch\/?author=3\"}]}<\/script>\n<!-- \/ Yoast SEO plugin. -->","yoast_head_json":{"title":"F\u00eate des vignerons \u00e0 Vevey: c\u2019est aussi ma f\u00eate! - thomasvino","robots":{"index":"index","follow":"follow","max-snippet":"max-snippet:-1","max-image-preview":"max-image-preview:large","max-video-preview":"max-video-preview:-1"},"canonical":"https:\/\/thomasvino.ch\/?p=16011","og_locale":"fr_FR","og_type":"article","og_title":"F\u00eate des vignerons \u00e0 Vevey: c\u2019est aussi ma f\u00eate! - thomasvino","og_description":"Voici la VO du texte repris par le site francophone \u00abLes 5 du Vin\u00bb, d&rsquo;amis journalistes rencontr\u00e9s lors de nos d\u00e9gustations en Europe. Plate-forme sur laquelle j&rsquo;essaie de partager des visions (parfois&#8230;) originales comme cette r\u00e9cente comparaison entre les vignobles du Priorat et de l&rsquo;Etna. Par Pierre Thomas En 222 ans (depuis 1797), elle n\u2019a [&hellip;]","og_url":"https:\/\/thomasvino.ch\/?p=16011","og_site_name":"thomasvino","article_published_time":"2019-07-20T10:47:33+00:00","author":"Pierre Thomas","twitter_misc":{"\u00c9crit par":"Pierre Thomas","Dur\u00e9e de lecture estim\u00e9e":"7 minutes"},"schema":{"@context":"https:\/\/schema.org","@graph":[{"@type":"WebPage","@id":"https:\/\/thomasvino.ch\/?p=16011","url":"https:\/\/thomasvino.ch\/?p=16011","name":"F\u00eate des vignerons \u00e0 Vevey: c\u2019est aussi ma f\u00eate! - thomasvino","isPartOf":{"@id":"https:\/\/thomasvino.ch\/#website"},"datePublished":"2019-07-20T10:47:33+00:00","dateModified":"2019-07-20T10:47:33+00:00","author":{"@id":"https:\/\/thomasvino.ch\/#\/schema\/person\/670bf4486fe81152cf1d68bd585e062e"},"breadcrumb":{"@id":"https:\/\/thomasvino.ch\/?p=16011#breadcrumb"},"inLanguage":"fr-FR","potentialAction":[{"@type":"ReadAction","target":["https:\/\/thomasvino.ch\/?p=16011"]}]},{"@type":"BreadcrumbList","@id":"https:\/\/thomasvino.ch\/?p=16011#breadcrumb","itemListElement":[{"@type":"ListItem","position":1,"name":"Accueil","item":"https:\/\/thomasvino.ch\/"},{"@type":"ListItem","position":2,"name":"F\u00eate des vignerons \u00e0 Vevey: c\u2019est aussi ma f\u00eate!"}]},{"@type":"WebSite","@id":"https:\/\/thomasvino.ch\/#website","url":"https:\/\/thomasvino.ch\/","name":"thomasvino","description":"Vins &amp; Gastronomie","potentialAction":[{"@type":"SearchAction","target":{"@type":"EntryPoint","urlTemplate":"https:\/\/thomasvino.ch\/?s={search_term_string}"},"query-input":"required name=search_term_string"}],"inLanguage":"fr-FR"},{"@type":"Person","@id":"https:\/\/thomasvino.ch\/#\/schema\/person\/670bf4486fe81152cf1d68bd585e062e","name":"Pierre Thomas","image":{"@type":"ImageObject","inLanguage":"fr-FR","@id":"https:\/\/thomasvino.ch\/#\/schema\/person\/image\/","url":"https:\/\/secure.gravatar.com\/avatar\/91fd5a76647f140e53db987a0dead4d7?s=96&d=mm&r=g","contentUrl":"https:\/\/secure.gravatar.com\/avatar\/91fd5a76647f140e53db987a0dead4d7?s=96&d=mm&r=g","caption":"Pierre Thomas"},"url":"https:\/\/thomasvino.ch\/?author=3"}]}},"jetpack_featured_media_url":"","jetpack_sharing_enabled":true,"jetpack_shortlink":"https:\/\/wp.me\/p3m4tZ-4af","jetpack_likes_enabled":false,"jetpack-related-posts":[{"id":12680,"url":"https:\/\/thomasvino.ch\/?p=12680","url_meta":{"origin":16011,"position":0},"title":"La F\u00eate des vignerons candidate au \u00abpatrimoine immat\u00e9riel\u00bb de l\u2019UNESCO","date":"1 avril 2015","format":false,"excerpt":"La F\u00eate des vignerons de Vevey sera-t-elle la premi\u00e8re tradition suisse inscrite au Patrimoine culturel immat\u00e9riel de l\u2019UNESCO\u00a0? La r\u00e9ponse tombera en novembre 2016, mais le dossier est dans le pipeline. Dans 24 Heures du 30 mars, l\u2019historienne Sabine Carruzzo, secr\u00e9taire de la Confr\u00e9rie des Vignerons de Vevey, d\u00e9clare\u00a0: \u00abAvec\u2026","rel":"","context":"Dans &quot;Actus - News&quot;","img":{"alt_text":"","src":"","width":0,"height":0},"classes":[]},{"id":15966,"url":"https:\/\/thomasvino.ch\/?p=15966","url_meta":{"origin":16011,"position":1},"title":"La F\u00eate des Vignerons de Vevey \u00e0 l\u2019heure H","date":"16 juillet 2019","format":false,"excerpt":"C\u2019est demain, jeudi 18 juillet 2019, \u00e0 19 h., qu\u2019aura lieu la premi\u00e8re des vingt repr\u00e9sentations de la F\u00eate des Vignerons, dans l\u2019ar\u00e8ne \u00e9ph\u00e9m\u00e8re de la place du March\u00e9 de Vevey. Une premi\u00e8re unique\u00a0: elle comprend la c\u00e9r\u00e9monie du Couronnement des vignerons-t\u00e2cherons. C\u2019est pour c\u00e9l\u00e9brer ces \u00abtravailleurs de la terre\u00bb\u2026","rel":"","context":"Dans &quot;Actus - News&quot;","img":{"alt_text":"","src":"https:\/\/i0.wp.com\/thomasvino.ch\/wp-content\/uploads\/2019\/07\/site_fvv_cartesgen-300x200.jpg?resize=350%2C200&ssl=1","width":350,"height":200},"classes":[]},{"id":14556,"url":"https:\/\/thomasvino.ch\/?p=14556","url_meta":{"origin":16011,"position":2},"title":"Lavaux f\u00eate 10 ans d\u2019UNESCO, avec ses habitants","date":"3 septembre 2017","format":false,"excerpt":"Avant la F\u00eate des vignerons \u00e0 Vevey, rituel lui aussi inscrit au Patrimoine (immat\u00e9riel) de l\u2019UNESCO, dans deux ans, Cully a c\u00e9l\u00e9br\u00e9 le samedi 9 et le dimanche 10 septembre, les dix ans de l\u2019inscription de Lavaux au Patrimoine mondial par l\u2019UNESCO. La f\u00eate \u00e9tait destin\u00e9e aux habitants. A cause\u2026","rel":"","context":"Dans &quot;Actus - News&quot;","img":{"alt_text":"","src":"https:\/\/i0.wp.com\/thomasvino.ch\/wp-content\/uploads\/2017\/09\/IMG_4440-300x225.jpg?resize=350%2C200&ssl=1","width":350,"height":200},"classes":[]},{"id":15663,"url":"https:\/\/thomasvino.ch\/?p=15663","url_meta":{"origin":16011,"position":3},"title":"Vevey: un air de F\u00eate des Vignerons d\u00e8s le 20 mai","date":"20 mars 2019","format":false,"excerpt":"On le sait: la F\u00eate des Vignerons, premi\u00e8re de ce si\u00e8cle, aura lieu du 18 juillet au 11 ao\u00fbt, dans une ar\u00e8ne en construction sur la Place du March\u00e9 de Vevey. Ce chantier devrait \u00eatre achev\u00e9 le \u00e0 mi-mai. D\u00e8s le 20 mai, on pourra visiter les installations, o\u00f9 se\u2026","rel":"","context":"Dans &quot;Actus - News&quot;","img":{"alt_text":"","src":"","width":0,"height":0},"classes":[]},{"id":15837,"url":"https:\/\/thomasvino.ch\/?p=15837","url_meta":{"origin":16011,"position":4},"title":"F\u00eate des vignerons de Vevey: et si le t\u00e2cheron ne revenait pas\u00a0?","date":"3 juin 2019","format":false,"excerpt":"\u00abSans t\u00e2cheron, pas de F\u00eate\u00bb, constate, \u00e0 Blonay, Fran\u00e7ois Montet, le pr\u00e9sident de la F\u00e9d\u00e9ration vaudoise des vignerons. Mais qui se cache derri\u00e8re cette \u00absp\u00e9cialit\u00e9\u00bb bien vaudoise honor\u00e9e tous les 25 ans sur la place du March\u00e9 de Vevey? Le t\u00e2cheron sera-t-il encore d\u2019actualit\u00e9 en 2037? Ou son statut se\u2026","rel":"","context":"Dans &quot;Tendance&quot;","img":{"alt_text":"","src":"https:\/\/i0.wp.com\/thomasvino.ch\/wp-content\/uploads\/2019\/05\/FVV_jpg-300x298.jpg?resize=350%2C200&ssl=1","width":350,"height":200},"classes":[]},{"id":16711,"url":"https:\/\/thomasvino.ch\/?p=16711","url_meta":{"origin":16011,"position":5},"title":"F\u00eate des vignerons\u00a0: l\u2019heure pile du d\u00e9ficit","date":"7 juillet 2020","format":false,"excerpt":"C\u2019est le quotidien 24 Heures et la radio romande qui l\u2019ont annonc\u00e9 ce mardi 7 juillet 2020 : la F\u00eate des vignerons de Vevey de l\u2019\u00e9t\u00e9 2019 laisse un d\u00e9couvert d\u2019un peu moins de 12 millions. Et c\u2019est la Confr\u00e9rie des vignerons qui l\u2019\u00e9pongera. Pour un budget de 106 millions\u2026","rel":"","context":"Dans &quot;Actus - News&quot;","img":{"alt_text":"","src":"","width":0,"height":0},"classes":[]}],"_links":{"self":[{"href":"https:\/\/thomasvino.ch\/index.php?rest_route=\/wp\/v2\/posts\/16011"}],"collection":[{"href":"https:\/\/thomasvino.ch\/index.php?rest_route=\/wp\/v2\/posts"}],"about":[{"href":"https:\/\/thomasvino.ch\/index.php?rest_route=\/wp\/v2\/types\/post"}],"author":[{"embeddable":true,"href":"https:\/\/thomasvino.ch\/index.php?rest_route=\/wp\/v2\/users\/3"}],"replies":[{"embeddable":true,"href":"https:\/\/thomasvino.ch\/index.php?rest_route=%2Fwp%2Fv2%2Fcomments&post=16011"}],"version-history":[{"count":1,"href":"https:\/\/thomasvino.ch\/index.php?rest_route=\/wp\/v2\/posts\/16011\/revisions"}],"predecessor-version":[{"id":16013,"href":"https:\/\/thomasvino.ch\/index.php?rest_route=\/wp\/v2\/posts\/16011\/revisions\/16013"}],"wp:attachment":[{"href":"https:\/\/thomasvino.ch\/index.php?rest_route=%2Fwp%2Fv2%2Fmedia&parent=16011"}],"wp:term":[{"taxonomy":"category","embeddable":true,"href":"https:\/\/thomasvino.ch\/index.php?rest_route=%2Fwp%2Fv2%2Fcategories&post=16011"},{"taxonomy":"post_tag","embeddable":true,"href":"https:\/\/thomasvino.ch\/index.php?rest_route=%2Fwp%2Fv2%2Ftags&post=16011"}],"curies":[{"name":"wp","href":"https:\/\/api.w.org\/{rel}","templated":true}]}}