{"id":16065,"date":"2019-09-12T16:59:18","date_gmt":"2019-09-12T15:59:18","guid":{"rendered":"https:\/\/thomasvino.ch\/?p=16065"},"modified":"2019-09-12T20:05:10","modified_gmt":"2019-09-12T19:05:10","slug":"oenotourisme-salquenen-au-pinacle","status":"publish","type":"post","link":"https:\/\/thomasvino.ch\/?p=16065","title":{"rendered":"Oenotourisme: Salquenen au pinacle"},"content":{"rendered":"<p><strong>Organis\u00e9es pour la premi\u00e8re fois en Valais, \u00e0 Chamoson, les troisi\u00e8mes Rencontres de l&rsquo;\u0153notourisme ont vu la remise du Prix suisse de l&rsquo;\u0153notourisme. Et c&rsquo;est un projet valaisan, \u00abl&rsquo;Exp\u00e9rience \u0153notouristique de Salquenen\u00bb qui a remport\u00e9 ce prix 2019. Plusieurs r\u00e9alisations valaisannes figurent au palmar\u00e8s. Dont un \u00ab\u00a0prix d&rsquo;honneur\u00a0\u00bb pour le Ch\u00e2teau de Villa \u00e0 Sierre.<\/strong><\/p>\n<p>Pour permettre aux projets de concourir au niveau international, gr\u00e2ce \u00e0 l&rsquo;admission de Lausanne (au sens large&#8230;) dans le r\u00e9seau des <strong>Great Wine Capitals<\/strong>, plusieurs cat\u00e9gories ont connu un vainqueur. Ainsi, le Castel de Daval, \u00e0 Sierre, remporte le prix en architecture et paysages, le spectacle Bouche \u00e0 Oreille, en Valais, en art et culture, le Sion &amp; Wine Tour, d\u00e9couverte et innovation, Bike&rsquo;n&rsquo;wine \u00e0 Balerna (Tessin), environnement et d\u00e9veloppement, Stall 247 \u00e0 Maienfeld (Grisons), restauration et h\u00f4tellerie, l&rsquo;Exp\u00e9rience \u0153notouristique de Salquenen, services et organisation, et les Samedis gourmands, \u00e0 Yens-sur-Morges (VD), artisans du terroir. Les gagnants de chacune de ces cat\u00e9gories se mesureront aux candidats du monde entier, \u00e0 l&rsquo;occasion de l&rsquo;assembl\u00e9e g\u00e9n\u00e9rale de Great Wine Capitals, su 3 au 7 novembre, \u00e0 Bordeaux. La Bordelaise <strong>Catherine Leparmentier<\/strong>, directrice de GWC, \u00e9tait \u00e0 Chamoson et a montr\u00e9, selon un communiqu\u00e9 de presse, que le succ\u00e8s de la (pourtant) <em>\u00abc\u00e9l\u00e8bre destination \u0153notouristique fran\u00e7aise n&rsquo;est pas arriv\u00e9 par hasard, mais est le fruit de beaucoup d&rsquo;efforts conjoints\u00bb.<\/em> Cofondateur de ces rencontres, le Vaudois <strong>Yann Stucki<\/strong> en appelle du reste \u00e0 une <em>\u00abcoordination nationale\u00bb<\/em> suisse pour parfaire les efforts dans ce domaine o\u00f9 il y a encore beaucoup \u00e0 faire pour donner \u00e0 la Suisse sa place en la mati\u00e8re, m\u00eame si, affirme un document de <strong>Suisse Tourisme<\/strong>, notre pays est le 10\u00e8me pays viticole au monde, selon le rapport entre la superficie totale et la taille de son vignoble (un peu moins de 15&rsquo;000 ha). Selon un sondage du m\u00eame organisme, 94% des h\u00f4tes interrog\u00e9s sont g\u00e9n\u00e9ralement int\u00e9ress\u00e9s par le vin, 45% ont d\u00e9j\u00e0 test\u00e9 une offre de d\u00e9couverte viticole, 36% consid\u00e8rent le vignoble comme un endroit o\u00f9 id\u00e9al o\u00f9 passer une nuit, 23% aimerait d\u00eener dans les vignes et 18,5% sont int\u00e9ress\u00e9s par une randonn\u00e9e vitivinicole. <strong>Suisse Tourisme<\/strong> dispose du reste d&rsquo;une plateforme d&rsquo;information sur l&rsquo;\u0153notourisme, <strong><a href=\"https:\/\/www.myswitzerland.com\/fr-ch\/decouvrir\/ete-automne\/oenotourisme\/\">MySwitzerland.com\/oenotourisme<\/a><\/strong>.<\/p>\n<p><strong><a href=\"https:\/\/swissoeno.ch\">www.swissoeno.ch<\/a><\/strong><\/p>\n<p><em>\u00a9thomasvino.ch<\/em><\/p>\n","protected":false},"excerpt":{"rendered":"<p>Organis\u00e9es pour la premi\u00e8re fois en Valais, \u00e0 Chamoson, les troisi\u00e8mes Rencontres de l&rsquo;\u0153notourisme ont vu la remise du Prix suisse de l&rsquo;\u0153notourisme. Et c&rsquo;est un projet valaisan, \u00abl&rsquo;Exp\u00e9rience \u0153notouristique de Salquenen\u00bb qui a remport\u00e9 ce prix 2019. Plusieurs r\u00e9alisations valaisannes figurent au palmar\u00e8s. Dont un \u00ab\u00a0prix d&rsquo;honneur\u00a0\u00bb pour le Ch\u00e2teau de Villa \u00e0 Sierre. [&hellip;]<\/p>\n","protected":false},"author":3,"featured_media":0,"comment_status":"closed","ping_status":"open","sticky":false,"template":"","format":"standard","meta":{"_monsterinsights_skip_tracking":false,"_monsterinsights_sitenote_active":false,"_monsterinsights_sitenote_note":"","_monsterinsights_sitenote_category":0,"jetpack_post_was_ever_published":false,"jetpack_publicize_message":"","jetpack_is_tweetstorm":false,"jetpack_publicize_feature_enabled":true,"jetpack_social_post_already_shared":true,"jetpack_social_options":{"image_generator_settings":{"template":"highway","enabled":false}}},"categories":[29],"tags":[],"jetpack_publicize_connections":[],"yoast_head":"<!-- This site is optimized with the Yoast SEO plugin v20.6 - https:\/\/yoast.com\/wordpress\/plugins\/seo\/ -->\n<title>Oenotourisme: Salquenen au pinacle - thomasvino<\/title>\n<meta name=\"robots\" content=\"index, follow, max-snippet:-1, max-image-preview:large, max-video-preview:-1\" \/>\n<link rel=\"canonical\" href=\"https:\/\/thomasvino.ch\/?p=16065\" \/>\n<meta property=\"og:locale\" content=\"fr_FR\" \/>\n<meta property=\"og:type\" content=\"article\" \/>\n<meta property=\"og:title\" content=\"Oenotourisme: Salquenen au pinacle - thomasvino\" \/>\n<meta property=\"og:description\" content=\"Organis\u00e9es pour la premi\u00e8re fois en Valais, \u00e0 Chamoson, les troisi\u00e8mes Rencontres de l&rsquo;\u0153notourisme ont vu la remise du Prix suisse de l&rsquo;\u0153notourisme. Et c&rsquo;est un projet valaisan, \u00abl&rsquo;Exp\u00e9rience \u0153notouristique de Salquenen\u00bb qui a remport\u00e9 ce prix 2019. Plusieurs r\u00e9alisations valaisannes figurent au palmar\u00e8s. Dont un \u00ab\u00a0prix d&rsquo;honneur\u00a0\u00bb pour le Ch\u00e2teau de Villa \u00e0 Sierre. [&hellip;]\" \/>\n<meta property=\"og:url\" content=\"https:\/\/thomasvino.ch\/?p=16065\" \/>\n<meta property=\"og:site_name\" content=\"thomasvino\" \/>\n<meta property=\"article:published_time\" content=\"2019-09-12T15:59:18+00:00\" \/>\n<meta property=\"article:modified_time\" content=\"2019-09-12T19:05:10+00:00\" \/>\n<meta name=\"author\" content=\"Pierre Thomas\" \/>\n<meta name=\"twitter:label1\" content=\"\u00c9crit par\" \/>\n\t<meta name=\"twitter:data1\" content=\"Pierre Thomas\" \/>\n\t<meta name=\"twitter:label2\" content=\"Dur\u00e9e de lecture estim\u00e9e\" \/>\n\t<meta name=\"twitter:data2\" content=\"2 minutes\" \/>\n<script type=\"application\/ld+json\" class=\"yoast-schema-graph\">{\"@context\":\"https:\/\/schema.org\",\"@graph\":[{\"@type\":\"WebPage\",\"@id\":\"https:\/\/thomasvino.ch\/?p=16065\",\"url\":\"https:\/\/thomasvino.ch\/?p=16065\",\"name\":\"Oenotourisme: Salquenen au pinacle - thomasvino\",\"isPartOf\":{\"@id\":\"https:\/\/thomasvino.ch\/#website\"},\"datePublished\":\"2019-09-12T15:59:18+00:00\",\"dateModified\":\"2019-09-12T19:05:10+00:00\",\"author\":{\"@id\":\"https:\/\/thomasvino.ch\/#\/schema\/person\/670bf4486fe81152cf1d68bd585e062e\"},\"breadcrumb\":{\"@id\":\"https:\/\/thomasvino.ch\/?p=16065#breadcrumb\"},\"inLanguage\":\"fr-FR\",\"potentialAction\":[{\"@type\":\"ReadAction\",\"target\":[\"https:\/\/thomasvino.ch\/?p=16065\"]}]},{\"@type\":\"BreadcrumbList\",\"@id\":\"https:\/\/thomasvino.ch\/?p=16065#breadcrumb\",\"itemListElement\":[{\"@type\":\"ListItem\",\"position\":1,\"name\":\"Accueil\",\"item\":\"https:\/\/thomasvino.ch\/\"},{\"@type\":\"ListItem\",\"position\":2,\"name\":\"Oenotourisme: Salquenen au pinacle\"}]},{\"@type\":\"WebSite\",\"@id\":\"https:\/\/thomasvino.ch\/#website\",\"url\":\"https:\/\/thomasvino.ch\/\",\"name\":\"thomasvino\",\"description\":\"Vins &amp; Gastronomie\",\"potentialAction\":[{\"@type\":\"SearchAction\",\"target\":{\"@type\":\"EntryPoint\",\"urlTemplate\":\"https:\/\/thomasvino.ch\/?s={search_term_string}\"},\"query-input\":\"required name=search_term_string\"}],\"inLanguage\":\"fr-FR\"},{\"@type\":\"Person\",\"@id\":\"https:\/\/thomasvino.ch\/#\/schema\/person\/670bf4486fe81152cf1d68bd585e062e\",\"name\":\"Pierre Thomas\",\"image\":{\"@type\":\"ImageObject\",\"inLanguage\":\"fr-FR\",\"@id\":\"https:\/\/thomasvino.ch\/#\/schema\/person\/image\/\",\"url\":\"https:\/\/secure.gravatar.com\/avatar\/91fd5a76647f140e53db987a0dead4d7?s=96&d=mm&r=g\",\"contentUrl\":\"https:\/\/secure.gravatar.com\/avatar\/91fd5a76647f140e53db987a0dead4d7?s=96&d=mm&r=g\",\"caption\":\"Pierre Thomas\"},\"url\":\"https:\/\/thomasvino.ch\/?author=3\"}]}<\/script>\n<!-- \/ Yoast SEO plugin. -->","yoast_head_json":{"title":"Oenotourisme: Salquenen au pinacle - thomasvino","robots":{"index":"index","follow":"follow","max-snippet":"max-snippet:-1","max-image-preview":"max-image-preview:large","max-video-preview":"max-video-preview:-1"},"canonical":"https:\/\/thomasvino.ch\/?p=16065","og_locale":"fr_FR","og_type":"article","og_title":"Oenotourisme: Salquenen au pinacle - thomasvino","og_description":"Organis\u00e9es pour la premi\u00e8re fois en Valais, \u00e0 Chamoson, les troisi\u00e8mes Rencontres de l&rsquo;\u0153notourisme ont vu la remise du Prix suisse de l&rsquo;\u0153notourisme. Et c&rsquo;est un projet valaisan, \u00abl&rsquo;Exp\u00e9rience \u0153notouristique de Salquenen\u00bb qui a remport\u00e9 ce prix 2019. Plusieurs r\u00e9alisations valaisannes figurent au palmar\u00e8s. Dont un \u00ab\u00a0prix d&rsquo;honneur\u00a0\u00bb pour le Ch\u00e2teau de Villa \u00e0 Sierre. [&hellip;]","og_url":"https:\/\/thomasvino.ch\/?p=16065","og_site_name":"thomasvino","article_published_time":"2019-09-12T15:59:18+00:00","article_modified_time":"2019-09-12T19:05:10+00:00","author":"Pierre Thomas","twitter_misc":{"\u00c9crit par":"Pierre Thomas","Dur\u00e9e de lecture estim\u00e9e":"2 minutes"},"schema":{"@context":"https:\/\/schema.org","@graph":[{"@type":"WebPage","@id":"https:\/\/thomasvino.ch\/?p=16065","url":"https:\/\/thomasvino.ch\/?p=16065","name":"Oenotourisme: Salquenen au pinacle - thomasvino","isPartOf":{"@id":"https:\/\/thomasvino.ch\/#website"},"datePublished":"2019-09-12T15:59:18+00:00","dateModified":"2019-09-12T19:05:10+00:00","author":{"@id":"https:\/\/thomasvino.ch\/#\/schema\/person\/670bf4486fe81152cf1d68bd585e062e"},"breadcrumb":{"@id":"https:\/\/thomasvino.ch\/?p=16065#breadcrumb"},"inLanguage":"fr-FR","potentialAction":[{"@type":"ReadAction","target":["https:\/\/thomasvino.ch\/?p=16065"]}]},{"@type":"BreadcrumbList","@id":"https:\/\/thomasvino.ch\/?p=16065#breadcrumb","itemListElement":[{"@type":"ListItem","position":1,"name":"Accueil","item":"https:\/\/thomasvino.ch\/"},{"@type":"ListItem","position":2,"name":"Oenotourisme: Salquenen au pinacle"}]},{"@type":"WebSite","@id":"https:\/\/thomasvino.ch\/#website","url":"https:\/\/thomasvino.ch\/","name":"thomasvino","description":"Vins &amp; Gastronomie","potentialAction":[{"@type":"SearchAction","target":{"@type":"EntryPoint","urlTemplate":"https:\/\/thomasvino.ch\/?s={search_term_string}"},"query-input":"required name=search_term_string"}],"inLanguage":"fr-FR"},{"@type":"Person","@id":"https:\/\/thomasvino.ch\/#\/schema\/person\/670bf4486fe81152cf1d68bd585e062e","name":"Pierre Thomas","image":{"@type":"ImageObject","inLanguage":"fr-FR","@id":"https:\/\/thomasvino.ch\/#\/schema\/person\/image\/","url":"https:\/\/secure.gravatar.com\/avatar\/91fd5a76647f140e53db987a0dead4d7?s=96&d=mm&r=g","contentUrl":"https:\/\/secure.gravatar.com\/avatar\/91fd5a76647f140e53db987a0dead4d7?s=96&d=mm&r=g","caption":"Pierre Thomas"},"url":"https:\/\/thomasvino.ch\/?author=3"}]}},"jetpack_featured_media_url":"","jetpack_sharing_enabled":true,"jetpack_shortlink":"https:\/\/wp.me\/p3m4tZ-4b7","jetpack_likes_enabled":false,"jetpack-related-posts":[{"id":15319,"url":"https:\/\/thomasvino.ch\/?p=15319","url_meta":{"origin":16065,"position":0},"title":"Oenotourisme: Oenoparc prim\u00e9","date":"20 septembre 2018","format":false,"excerpt":"L'institutionnalisation de l'\u0153notourisme passe par la distinction d'objets qui vont de soi: ainsi en est-il des Celliers de Sion, gros investissement dans le domaine, et dont on ne voit pas comment ils n'auraient pas pu d\u00e9crocher le \u00abPrix suisse de l'\u0153notourisme 2018\u00bb, \u00e0 F\u00e9chy, le 12 septembre. Ce gros dossier,\u2026","rel":"","context":"Dans &quot;Actus - News&quot;","img":{"alt_text":"","src":"","width":0,"height":0},"classes":[]},{"id":18414,"url":"https:\/\/thomasvino.ch\/?p=18414","url_meta":{"origin":16065,"position":1},"title":"Sur les pistes de l&rsquo;\u0153notourisme valaisan","date":"1 mai 2024","format":false,"excerpt":"Qu\u2019est-ce que l\u2019\u0153notourisme? Souvent, les domaines viticoles suisses en font comme Monsieur Jourdain, de la prose : sans le savoir... Au moment d\u2019e\u0301crire cet article (avril 2024), sur le site des vins du Valais figuraient 88 re\u0301fe\u0301rences*. Le gros de l\u2019offre concerne une quinzaine de balades a\u0300 faire a\u0300 pied,\u2026","rel":"","context":"Dans &quot;Tendance&quot;","img":{"alt_text":"","src":"https:\/\/i0.wp.com\/thomasvino.ch\/wp-content\/uploads\/2024\/05\/HG_VS_CastelDaval_drone-300x225.jpg?resize=350%2C200&ssl=1","width":350,"height":200},"classes":[]},{"id":16968,"url":"https:\/\/thomasvino.ch\/?p=16968","url_meta":{"origin":16065,"position":2},"title":"S\u00e9lection des vins du Valais 2020: 15\u00e8me \u00e9dition et paysage redessin\u00e9","date":"25 novembre 2020","format":false,"excerpt":"N\u2019est-ce qu\u2019une impression\u00a0? Mais le palmar\u00e8s de la 15\u00e8me S\u00e9lection des vins du Valais, d\u00e9voil\u00e9 sur Youtube (Covid oblige), mercredi 25 novembre 2020, redessine le paysage du Vieux-Pays avec quelques encaveurs plus jeunes et moins connus. Ces huit vins, qui, eux seuls, ont droit au titre d\u2019Etoile d\u2019or, sont les\u2026","rel":"","context":"Dans &quot;Vins suisses&quot;","img":{"alt_text":"","src":"https:\/\/i0.wp.com\/thomasvino.ch\/wp-content\/uploads\/2020\/11\/vinsVS_selec2020-300x300.jpg?resize=350%2C200&ssl=1","width":350,"height":200},"classes":[]},{"id":16034,"url":"https:\/\/thomasvino.ch\/?p=16034","url_meta":{"origin":16065,"position":3},"title":"Valais\u00a0: vendanges et \u0153notourisme","date":"22 ao\u00fbt 2019","format":false,"excerpt":"Parmi les projets candidats au \u00abPrix suisse de l\u2019\u0153notourisme 2019\u00bb, l\u2019initiative prise l\u2019an pass\u00e9, et reprise cette ann\u00e9e, de \u00abAu c\u0153ur des vendanges\u00bb*. On saura si la manifestation, qui aura lieu dans le vignoble le samedi 21 septembre, a conquis le jury, lors de la proclamation du prix, dix jours\u2026","rel":"","context":"Dans &quot;Actus - News&quot;","img":{"alt_text":"","src":"https:\/\/i0.wp.com\/thomasvino.ch\/wp-content\/uploads\/2019\/08\/vendVS_celineribordy-300x200.jpg?resize=350%2C200&ssl=1","width":350,"height":200},"classes":[]},{"id":18335,"url":"https:\/\/thomasvino.ch\/?p=18335","url_meta":{"origin":16065,"position":4},"title":"Bonne bouche: innovation&#8230; durable en Valais","date":"20 novembre 2023","format":false,"excerpt":"Tout sourit \u00e0 Olivier Mounir. Le Haut-Valaisan \u00e9tait, fin octobre, le seul vigneron convi\u00e9 au \u00abForum des 100\u00bb (Romands de l\u2019ann\u00e9e...), du journal Le Temps, gr\u00e2ce au titre de \u00abCave de l\u2019ann\u00e9e 2023\u00bb, obtenu en 2022, notamment pour sa syrah. Aujourd\u2019hui quinquag\u00e9naire, Olivier et Sandra, un couple d\u2019entrepreneurs, a d\u00e9cid\u00e9\u2026","rel":"","context":"Dans &quot;Bonne bouche \u2014 encore!&quot;","img":{"alt_text":"","src":"https:\/\/i0.wp.com\/thomasvino.ch\/wp-content\/uploads\/2023\/11\/encore_pinotage_Rhodan_1123-206x300.jpeg?resize=350%2C200&ssl=1","width":350,"height":200},"classes":[]},{"id":17602,"url":"https:\/\/thomasvino.ch\/?p=17602","url_meta":{"origin":16065,"position":5},"title":"Mondial du Merlot et assemblages 2021 &#8211; Triomphe tessinois pour un merlot \u00abde luxe\u00bb","date":"2 d\u00e9cembre 2021","format":false,"excerpt":"Organis\u00e9 d\u00e9but novembre par Vin\u00e9a \u00e0 Sierre, le concours a r\u00e9v\u00e9l\u00e9 son palmar\u00e8s le 2 d\u00e9cembre, \u00e0 Zurich. Le Trentasei de Gialdi \u00e0 Mendrisio est le grand vainqueur de ce concours international. A Sierre, 18 jure\u0301s, originaires de six pays, ont de\u0301cerne\u0301 107 me\u0301dailles, 3 grand or, 46 or et\u2026","rel":"","context":"Dans &quot;Actus - News&quot;","img":{"alt_text":"","src":"","width":0,"height":0},"classes":[]}],"_links":{"self":[{"href":"https:\/\/thomasvino.ch\/index.php?rest_route=\/wp\/v2\/posts\/16065"}],"collection":[{"href":"https:\/\/thomasvino.ch\/index.php?rest_route=\/wp\/v2\/posts"}],"about":[{"href":"https:\/\/thomasvino.ch\/index.php?rest_route=\/wp\/v2\/types\/post"}],"author":[{"embeddable":true,"href":"https:\/\/thomasvino.ch\/index.php?rest_route=\/wp\/v2\/users\/3"}],"replies":[{"embeddable":true,"href":"https:\/\/thomasvino.ch\/index.php?rest_route=%2Fwp%2Fv2%2Fcomments&post=16065"}],"version-history":[{"count":3,"href":"https:\/\/thomasvino.ch\/index.php?rest_route=\/wp\/v2\/posts\/16065\/revisions"}],"predecessor-version":[{"id":16068,"href":"https:\/\/thomasvino.ch\/index.php?rest_route=\/wp\/v2\/posts\/16065\/revisions\/16068"}],"wp:attachment":[{"href":"https:\/\/thomasvino.ch\/index.php?rest_route=%2Fwp%2Fv2%2Fmedia&parent=16065"}],"wp:term":[{"taxonomy":"category","embeddable":true,"href":"https:\/\/thomasvino.ch\/index.php?rest_route=%2Fwp%2Fv2%2Fcategories&post=16065"},{"taxonomy":"post_tag","embeddable":true,"href":"https:\/\/thomasvino.ch\/index.php?rest_route=%2Fwp%2Fv2%2Ftags&post=16065"}],"curies":[{"name":"wp","href":"https:\/\/api.w.org\/{rel}","templated":true}]}}