{"id":16080,"date":"2019-09-16T13:28:00","date_gmt":"2019-09-16T12:28:00","guid":{"rendered":"https:\/\/thomasvino.ch\/?p=16080"},"modified":"2019-09-16T13:28:00","modified_gmt":"2019-09-16T12:28:00","slug":"bonne-bouche-du-vully-au-caucase","status":"publish","type":"post","link":"https:\/\/thomasvino.ch\/?p=16080","title":{"rendered":"Bonne bouche: du Vully au Caucase"},"content":{"rendered":"<p><a href=\"https:\/\/thomasvino.ch\/?attachment_id=16081\" rel=\"attachment wp-att-16081\"><img data-attachment-id=\"16081\" data-permalink=\"https:\/\/thomasvino.ch\/?attachment_id=16081\" data-orig-file=\"https:\/\/i0.wp.com\/thomasvino.ch\/wp-content\/uploads\/2019\/09\/encore_BURNIER-Cabernet-Franc.jpg?fit=2461%2C3813&amp;ssl=1\" data-orig-size=\"2461,3813\" data-comments-opened=\"0\" data-image-meta=\"{&quot;aperture&quot;:&quot;25&quot;,&quot;credit&quot;:&quot;&quot;,&quot;camera&quot;:&quot;NIKON D700&quot;,&quot;caption&quot;:&quot;&quot;,&quot;created_timestamp&quot;:&quot;1560333721&quot;,&quot;copyright&quot;:&quot;&quot;,&quot;focal_length&quot;:&quot;60&quot;,&quot;iso&quot;:&quot;200&quot;,&quot;shutter_speed&quot;:&quot;0.00625&quot;,&quot;title&quot;:&quot;&quot;,&quot;orientation&quot;:&quot;1&quot;}\" data-image-title=\"encore_BURNIER-Cabernet Franc\" data-image-description=\"\" data-image-caption=\"\" data-medium-file=\"https:\/\/i0.wp.com\/thomasvino.ch\/wp-content\/uploads\/2019\/09\/encore_BURNIER-Cabernet-Franc.jpg?fit=194%2C300&amp;ssl=1\" data-large-file=\"https:\/\/i0.wp.com\/thomasvino.ch\/wp-content\/uploads\/2019\/09\/encore_BURNIER-Cabernet-Franc.jpg?fit=661%2C1024&amp;ssl=1\" loading=\"lazy\" class=\"alignleft size-medium wp-image-16081\" src=\"https:\/\/i0.wp.com\/thomasvino.ch\/wp-content\/uploads\/2019\/09\/encore_BURNIER-Cabernet-Franc.jpg?resize=194%2C300&#038;ssl=1\" alt=\"\" width=\"194\" height=\"300\" srcset=\"https:\/\/i0.wp.com\/thomasvino.ch\/wp-content\/uploads\/2019\/09\/encore_BURNIER-Cabernet-Franc.jpg?resize=194%2C300&amp;ssl=1 194w, https:\/\/i0.wp.com\/thomasvino.ch\/wp-content\/uploads\/2019\/09\/encore_BURNIER-Cabernet-Franc.jpg?resize=768%2C1190&amp;ssl=1 768w, https:\/\/i0.wp.com\/thomasvino.ch\/wp-content\/uploads\/2019\/09\/encore_BURNIER-Cabernet-Franc.jpg?resize=661%2C1024&amp;ssl=1 661w, https:\/\/i0.wp.com\/thomasvino.ch\/wp-content\/uploads\/2019\/09\/encore_BURNIER-Cabernet-Franc.jpg?w=2000&amp;ssl=1 2000w\" sizes=\"(max-width: 194px) 100vw, 194px\" data-recalc-dims=\"1\" \/><\/a>En mai, le <strong><a href=\"https:\/\/thomasvino.ch\/?p=15784\">Concours mondial de Bruxelles s\u2019est tenu \u00e0 Aigle (VD)<\/a><\/strong>. A la cl\u00e9, une forte participation de vins suisses et 7 grandes m\u00e9dailles d\u2019or et 50 d\u2019or. Du jamais vu dans une telle comp\u00e9tition, o\u00f9 les vins suisses, peu ou pas export\u00e9s, vont chercher la reconnaissance internationale. On aurait pu ajouter \u00e0 ce palmar\u00e8s une 51<sup>\u00e8me<\/sup>m\u00e9daille d\u2019or, l\u2019unique sous le drapeau russe\u2026 Car, depuis vingt ans, un vigneron du Vully, <strong>Renaud Burnier<\/strong>, exploite en parall\u00e8le d\u2019un petit domaine de 5 hectares \u00e0 Nant, pr\u00e8s de Sugiez (FR), un vignoble dix fois plus vaste (50 ha), qu\u2019il a plant\u00e9 dans les collines du Caucase, \u00e0 15 kilom\u00e8tres de la Mer Noire, dans la r\u00e9gion russe de Krasnodar. C\u2019est son cabernet franc 2013 qui a d\u00e9croch\u00e9 une m\u00e9daille d\u2019or. Un vin rouge simple, au nez frais, avec des notes fum\u00e9es, de poivron rouge m\u00fbr, aux tanins fermes, agr\u00e9able \u00e0 boire apr\u00e8s ses cinq ans de bouteille.<\/p>\n<p>Sur place, dans une nouvelle cave pilot\u00e9e \u00e0 distance par WhatSapp, les vins sont mis en bouteilles depuis 2012. A Berne, <strong>Renaud Burnier<\/strong> avait connu sa femme, <strong>Marina<\/strong>, une Moscovite. Elle avait obtenu une bourse apr\u00e8s son master en \u00e9conomie internationale. Avant de se lancer dans leur projet russe, ils ont eu une fille, <strong>Alexandra<\/strong>, 21 ans. M\u00e8re et fille se passionnent pour le vin. <em>\u00abJe n\u2019y connaissais rien\u00bb<\/em>, sourit <strong>Marina<\/strong>, qui s\u2019est form\u00e9e \u00e0 l\u2019Universit\u00e9 du vin de Suze-la-Rousse. Quant \u00e0 <strong>Alexandra<\/strong>, polyglotte, elle suit un apprentissage de caviste \u00e0 la Station viticole d\u2019Auvernier (NE) et \u00e0 l\u2019\u00e9cole de Marcelin (VD). Quand elle aura termin\u00e9 ses \u00e9tudes d\u2019\u0153nologie, elle sera appel\u00e9e \u00e0 aller vinifier du c\u00f4t\u00e9 de la Mer Noire le Krasnostop Zolotovsky, un c\u00e9page rouge local que son p\u00e8re propose en version ample, riche et puissante, \u00e9lev\u00e9e 18 mois en barriques fran\u00e7aises.<\/p>\n<p>Seuls 10% de ces vins russes sont bus en Suisse, le reste s\u2019en va \u00e0 Moscou et \u00e0 Sotchi, mais aussi en Belgique et \u00e0 Hong Kong.<\/p>\n<p><strong>L\u2019\u00e9tiquette &#8211;\u00a0<\/strong>Cabernet Franc<\/p>\n<p><strong>Le prix &#8211;\u00a0<\/strong>19 fr.<\/p>\n<p><strong>L\u2019adresse &#8211; <a href=\"http:\/\/www.domaines-burnier.ch\">www.domaines-burnier.ch<\/a><\/strong><\/p>\n<p><em>\u00a9thomasvino.ch\/ photo de la bouteille: Martine Dutruit.<\/em><\/p>\n","protected":false},"excerpt":{"rendered":"<p>En mai, le Concours mondial de Bruxelles s\u2019est tenu \u00e0 Aigle (VD). A la cl\u00e9, une forte participation de vins suisses et 7 grandes m\u00e9dailles d\u2019or et 50 d\u2019or. Du jamais vu dans une telle comp\u00e9tition, o\u00f9 les vins suisses, peu ou pas export\u00e9s, vont chercher la reconnaissance internationale. On aurait pu ajouter \u00e0 ce [&hellip;]<\/p>\n","protected":false},"author":3,"featured_media":0,"comment_status":"closed","ping_status":"open","sticky":false,"template":"","format":"standard","meta":{"_monsterinsights_skip_tracking":false,"_monsterinsights_sitenote_active":false,"_monsterinsights_sitenote_note":"","_monsterinsights_sitenote_category":0,"jetpack_post_was_ever_published":false,"jetpack_publicize_message":"","jetpack_is_tweetstorm":false,"jetpack_publicize_feature_enabled":true,"jetpack_social_post_already_shared":true,"jetpack_social_options":{"image_generator_settings":{"template":"highway","enabled":false}}},"categories":[1433],"tags":[],"jetpack_publicize_connections":[],"yoast_head":"<!-- This site is optimized with the Yoast SEO plugin v20.6 - https:\/\/yoast.com\/wordpress\/plugins\/seo\/ -->\n<title>Bonne bouche: du Vully au Caucase - thomasvino<\/title>\n<meta name=\"robots\" content=\"index, follow, max-snippet:-1, max-image-preview:large, max-video-preview:-1\" \/>\n<link rel=\"canonical\" href=\"https:\/\/thomasvino.ch\/?p=16080\" \/>\n<meta property=\"og:locale\" content=\"fr_FR\" \/>\n<meta property=\"og:type\" content=\"article\" \/>\n<meta property=\"og:title\" content=\"Bonne bouche: du Vully au Caucase - thomasvino\" \/>\n<meta property=\"og:description\" content=\"En mai, le Concours mondial de Bruxelles s\u2019est tenu \u00e0 Aigle (VD). A la cl\u00e9, une forte participation de vins suisses et 7 grandes m\u00e9dailles d\u2019or et 50 d\u2019or. Du jamais vu dans une telle comp\u00e9tition, o\u00f9 les vins suisses, peu ou pas export\u00e9s, vont chercher la reconnaissance internationale. On aurait pu ajouter \u00e0 ce [&hellip;]\" \/>\n<meta property=\"og:url\" content=\"https:\/\/thomasvino.ch\/?p=16080\" \/>\n<meta property=\"og:site_name\" content=\"thomasvino\" \/>\n<meta property=\"article:published_time\" content=\"2019-09-16T12:28:00+00:00\" \/>\n<meta property=\"og:image\" content=\"https:\/\/thomasvino.ch\/wp-content\/uploads\/2019\/09\/encore_BURNIER-Cabernet-Franc-194x300.jpg\" \/>\n<meta name=\"author\" content=\"Pierre Thomas\" \/>\n<meta name=\"twitter:label1\" content=\"\u00c9crit par\" \/>\n\t<meta name=\"twitter:data1\" content=\"Pierre Thomas\" \/>\n\t<meta name=\"twitter:label2\" content=\"Dur\u00e9e de lecture estim\u00e9e\" \/>\n\t<meta name=\"twitter:data2\" content=\"2 minutes\" \/>\n<script type=\"application\/ld+json\" class=\"yoast-schema-graph\">{\"@context\":\"https:\/\/schema.org\",\"@graph\":[{\"@type\":\"WebPage\",\"@id\":\"https:\/\/thomasvino.ch\/?p=16080\",\"url\":\"https:\/\/thomasvino.ch\/?p=16080\",\"name\":\"Bonne bouche: du Vully au Caucase - thomasvino\",\"isPartOf\":{\"@id\":\"https:\/\/thomasvino.ch\/#website\"},\"datePublished\":\"2019-09-16T12:28:00+00:00\",\"dateModified\":\"2019-09-16T12:28:00+00:00\",\"author\":{\"@id\":\"https:\/\/thomasvino.ch\/#\/schema\/person\/670bf4486fe81152cf1d68bd585e062e\"},\"breadcrumb\":{\"@id\":\"https:\/\/thomasvino.ch\/?p=16080#breadcrumb\"},\"inLanguage\":\"fr-FR\",\"potentialAction\":[{\"@type\":\"ReadAction\",\"target\":[\"https:\/\/thomasvino.ch\/?p=16080\"]}]},{\"@type\":\"BreadcrumbList\",\"@id\":\"https:\/\/thomasvino.ch\/?p=16080#breadcrumb\",\"itemListElement\":[{\"@type\":\"ListItem\",\"position\":1,\"name\":\"Accueil\",\"item\":\"https:\/\/thomasvino.ch\/\"},{\"@type\":\"ListItem\",\"position\":2,\"name\":\"Bonne bouche: du Vully au Caucase\"}]},{\"@type\":\"WebSite\",\"@id\":\"https:\/\/thomasvino.ch\/#website\",\"url\":\"https:\/\/thomasvino.ch\/\",\"name\":\"thomasvino\",\"description\":\"Vins &amp; Gastronomie\",\"potentialAction\":[{\"@type\":\"SearchAction\",\"target\":{\"@type\":\"EntryPoint\",\"urlTemplate\":\"https:\/\/thomasvino.ch\/?s={search_term_string}\"},\"query-input\":\"required name=search_term_string\"}],\"inLanguage\":\"fr-FR\"},{\"@type\":\"Person\",\"@id\":\"https:\/\/thomasvino.ch\/#\/schema\/person\/670bf4486fe81152cf1d68bd585e062e\",\"name\":\"Pierre Thomas\",\"image\":{\"@type\":\"ImageObject\",\"inLanguage\":\"fr-FR\",\"@id\":\"https:\/\/thomasvino.ch\/#\/schema\/person\/image\/\",\"url\":\"https:\/\/secure.gravatar.com\/avatar\/91fd5a76647f140e53db987a0dead4d7?s=96&d=mm&r=g\",\"contentUrl\":\"https:\/\/secure.gravatar.com\/avatar\/91fd5a76647f140e53db987a0dead4d7?s=96&d=mm&r=g\",\"caption\":\"Pierre Thomas\"},\"url\":\"https:\/\/thomasvino.ch\/?author=3\"}]}<\/script>\n<!-- \/ Yoast SEO plugin. -->","yoast_head_json":{"title":"Bonne bouche: du Vully au Caucase - thomasvino","robots":{"index":"index","follow":"follow","max-snippet":"max-snippet:-1","max-image-preview":"max-image-preview:large","max-video-preview":"max-video-preview:-1"},"canonical":"https:\/\/thomasvino.ch\/?p=16080","og_locale":"fr_FR","og_type":"article","og_title":"Bonne bouche: du Vully au Caucase - thomasvino","og_description":"En mai, le Concours mondial de Bruxelles s\u2019est tenu \u00e0 Aigle (VD). A la cl\u00e9, une forte participation de vins suisses et 7 grandes m\u00e9dailles d\u2019or et 50 d\u2019or. Du jamais vu dans une telle comp\u00e9tition, o\u00f9 les vins suisses, peu ou pas export\u00e9s, vont chercher la reconnaissance internationale. On aurait pu ajouter \u00e0 ce [&hellip;]","og_url":"https:\/\/thomasvino.ch\/?p=16080","og_site_name":"thomasvino","article_published_time":"2019-09-16T12:28:00+00:00","og_image":[{"url":"https:\/\/thomasvino.ch\/wp-content\/uploads\/2019\/09\/encore_BURNIER-Cabernet-Franc-194x300.jpg"}],"author":"Pierre Thomas","twitter_misc":{"\u00c9crit par":"Pierre Thomas","Dur\u00e9e de lecture estim\u00e9e":"2 minutes"},"schema":{"@context":"https:\/\/schema.org","@graph":[{"@type":"WebPage","@id":"https:\/\/thomasvino.ch\/?p=16080","url":"https:\/\/thomasvino.ch\/?p=16080","name":"Bonne bouche: du Vully au Caucase - thomasvino","isPartOf":{"@id":"https:\/\/thomasvino.ch\/#website"},"datePublished":"2019-09-16T12:28:00+00:00","dateModified":"2019-09-16T12:28:00+00:00","author":{"@id":"https:\/\/thomasvino.ch\/#\/schema\/person\/670bf4486fe81152cf1d68bd585e062e"},"breadcrumb":{"@id":"https:\/\/thomasvino.ch\/?p=16080#breadcrumb"},"inLanguage":"fr-FR","potentialAction":[{"@type":"ReadAction","target":["https:\/\/thomasvino.ch\/?p=16080"]}]},{"@type":"BreadcrumbList","@id":"https:\/\/thomasvino.ch\/?p=16080#breadcrumb","itemListElement":[{"@type":"ListItem","position":1,"name":"Accueil","item":"https:\/\/thomasvino.ch\/"},{"@type":"ListItem","position":2,"name":"Bonne bouche: du Vully au Caucase"}]},{"@type":"WebSite","@id":"https:\/\/thomasvino.ch\/#website","url":"https:\/\/thomasvino.ch\/","name":"thomasvino","description":"Vins &amp; Gastronomie","potentialAction":[{"@type":"SearchAction","target":{"@type":"EntryPoint","urlTemplate":"https:\/\/thomasvino.ch\/?s={search_term_string}"},"query-input":"required name=search_term_string"}],"inLanguage":"fr-FR"},{"@type":"Person","@id":"https:\/\/thomasvino.ch\/#\/schema\/person\/670bf4486fe81152cf1d68bd585e062e","name":"Pierre Thomas","image":{"@type":"ImageObject","inLanguage":"fr-FR","@id":"https:\/\/thomasvino.ch\/#\/schema\/person\/image\/","url":"https:\/\/secure.gravatar.com\/avatar\/91fd5a76647f140e53db987a0dead4d7?s=96&d=mm&r=g","contentUrl":"https:\/\/secure.gravatar.com\/avatar\/91fd5a76647f140e53db987a0dead4d7?s=96&d=mm&r=g","caption":"Pierre Thomas"},"url":"https:\/\/thomasvino.ch\/?author=3"}]}},"jetpack_featured_media_url":"","jetpack_sharing_enabled":true,"jetpack_shortlink":"https:\/\/wp.me\/p3m4tZ-4bm","jetpack_likes_enabled":false,"jetpack-related-posts":[{"id":9223,"url":"https:\/\/thomasvino.ch\/?p=9223","url_meta":{"origin":16080,"position":0},"title":"GPVS 2011: l&rsquo;exploit du Vully","date":"25 ao\u00fbt 2011","format":false,"excerpt":"GPVS 2011 L'exploit du \u00abpetit\u00bb Vully C\u2019est un v\u00e9ritable exploit qu\u2019ont r\u00e9ussi deux domaines du Vully fribourgeois, en se qualifiant pour la finale du Grand Prix du Vin Suisse. Le r\u00e9sultat sera d\u00e9voil\u00e9 \u00e0 Berne, le soir du mardi 25 octobre 2011. Lors du concours, jou\u00e9 \u00e0 Sierre d\u00e9but juillet,\u2026","rel":"","context":"Dans &quot;Actus - News&quot;","img":{"alt_text":"","src":"","width":0,"height":0},"classes":[]},{"id":14928,"url":"https:\/\/thomasvino.ch\/?p=14928","url_meta":{"origin":16080,"position":1},"title":"Bonne bouche \u2014 La finesse avant l&rsquo;\u00e9pice","date":"9 mars 2018","format":false,"excerpt":"Rubrique \u00abbonne bouche\u00bb, par Pierre Thomas La M\u00e9moire des Vins suisses est une association qui a pour objectif de tester le potentiel de garde des vins suisses. Dans ce qu\u2019on appelle son \u00abtr\u00e9sor\u00bb, elle conserve plusieurs mill\u00e9simes d\u2019une cinquantaine de vins renomm\u00e9s de tout le pays. Ceux-ci sont r\u00e9guli\u00e8rement d\u00e9gust\u00e9s.\u2026","rel":"","context":"Dans &quot;Bonne bouche \u2014 encore!&quot;","img":{"alt_text":"","src":"https:\/\/i0.wp.com\/thomasvino.ch\/wp-content\/uploads\/2018\/02\/traminer.jpg?resize=350%2C200&ssl=1","width":350,"height":200},"classes":[]},{"id":11161,"url":"https:\/\/thomasvino.ch\/?p=11161","url_meta":{"origin":16080,"position":2},"title":"Vendanges dans le Vully  la f\u00eate avant la r\u00e9colte!","date":"17 septembre 2013","format":false,"excerpt":"La 33\u00e8me F\u00eate des vendanges du Vully aura lieu dans le vieux village de Praz, au bord du lac de Morat, les 21 et 22 septembre. Avec pour th\u00e8me des deux cort\u00e8ges, du samedi apr\u00e8s-midi, r\u00e9serv\u00e9 aux enfants, et du dimanche, \u2026le carnaval, en principe f\u00eat\u00e9 avant le Car\u00eame, \u00e0\u2026","rel":"","context":"Dans &quot;Actus - News&quot;","img":{"alt_text":"","src":"","width":0,"height":0},"classes":[]},{"id":9986,"url":"https:\/\/thomasvino.ch\/?p=9986","url_meta":{"origin":16080,"position":3},"title":"Fribourg \u2014 Le Vully en noir et blanc","date":"2 juillet 2007","format":false,"excerpt":"D\u00e9gustationLe Vully en noir et blancEntre les lacs de Morat et de Neuch\u00e2tel, le Mont Vully, d\u2019un seul tenant, est partag\u00e9 entre les cantons de Vaud et Fribourg. Coup de projecteur sur les vins fribourgeois.Pierre ThomasApr\u00e8s Vullyssima, \u00e0 Salavaux, ce printemps, on les croyait unis, les vignerons vaudois et fribourgeois,\u2026","rel":"","context":"Dans &quot;Vins suisses&quot;","img":{"alt_text":"","src":"","width":0,"height":0},"classes":[]},{"id":12068,"url":"https:\/\/thomasvino.ch\/?p=12068","url_meta":{"origin":16080,"position":4},"title":"Mondial du Chasselas 2014  La surprise vient du Vully","date":"4 juillet 2014","format":false,"excerpt":"Quel est le meilleur chasselas du monde \u2014 n'ayons pas peur des mots? Un vin du Vully (fribourgeois), le Chasselas S\u00e9lection 2013 du Domaine Chervet, \u00e0 Praz. Ainsi en a d\u00e9cid\u00e9 une des tables des 71 jur\u00e9s (dont 35 non Suisses) qui ont d\u00e9gust\u00e9, les 13 et 14 juin 2014,\u2026","rel":"","context":"Dans &quot;Vins suisses&quot;","img":{"alt_text":"","src":"","width":0,"height":0},"classes":[]},{"id":18335,"url":"https:\/\/thomasvino.ch\/?p=18335","url_meta":{"origin":16080,"position":5},"title":"Bonne bouche: innovation&#8230; durable en Valais","date":"20 novembre 2023","format":false,"excerpt":"Tout sourit \u00e0 Olivier Mounir. Le Haut-Valaisan \u00e9tait, fin octobre, le seul vigneron convi\u00e9 au \u00abForum des 100\u00bb (Romands de l\u2019ann\u00e9e...), du journal Le Temps, gr\u00e2ce au titre de \u00abCave de l\u2019ann\u00e9e 2023\u00bb, obtenu en 2022, notamment pour sa syrah. Aujourd\u2019hui quinquag\u00e9naire, Olivier et Sandra, un couple d\u2019entrepreneurs, a d\u00e9cid\u00e9\u2026","rel":"","context":"Dans &quot;Bonne bouche \u2014 encore!&quot;","img":{"alt_text":"","src":"https:\/\/i0.wp.com\/thomasvino.ch\/wp-content\/uploads\/2023\/11\/encore_pinotage_Rhodan_1123-206x300.jpeg?resize=350%2C200&ssl=1","width":350,"height":200},"classes":[]}],"_links":{"self":[{"href":"https:\/\/thomasvino.ch\/index.php?rest_route=\/wp\/v2\/posts\/16080"}],"collection":[{"href":"https:\/\/thomasvino.ch\/index.php?rest_route=\/wp\/v2\/posts"}],"about":[{"href":"https:\/\/thomasvino.ch\/index.php?rest_route=\/wp\/v2\/types\/post"}],"author":[{"embeddable":true,"href":"https:\/\/thomasvino.ch\/index.php?rest_route=\/wp\/v2\/users\/3"}],"replies":[{"embeddable":true,"href":"https:\/\/thomasvino.ch\/index.php?rest_route=%2Fwp%2Fv2%2Fcomments&post=16080"}],"version-history":[{"count":1,"href":"https:\/\/thomasvino.ch\/index.php?rest_route=\/wp\/v2\/posts\/16080\/revisions"}],"predecessor-version":[{"id":16082,"href":"https:\/\/thomasvino.ch\/index.php?rest_route=\/wp\/v2\/posts\/16080\/revisions\/16082"}],"wp:attachment":[{"href":"https:\/\/thomasvino.ch\/index.php?rest_route=%2Fwp%2Fv2%2Fmedia&parent=16080"}],"wp:term":[{"taxonomy":"category","embeddable":true,"href":"https:\/\/thomasvino.ch\/index.php?rest_route=%2Fwp%2Fv2%2Fcategories&post=16080"},{"taxonomy":"post_tag","embeddable":true,"href":"https:\/\/thomasvino.ch\/index.php?rest_route=%2Fwp%2Fv2%2Ftags&post=16080"}],"curies":[{"name":"wp","href":"https:\/\/api.w.org\/{rel}","templated":true}]}}