{"id":16088,"date":"2019-09-30T10:50:39","date_gmt":"2019-09-30T09:50:39","guid":{"rendered":"https:\/\/thomasvino.ch\/?p=16088"},"modified":"2019-10-01T09:55:08","modified_gmt":"2019-10-01T08:55:08","slug":"des-vins-valaisans-bientot-labellises-13-etoiles","status":"publish","type":"post","link":"https:\/\/thomasvino.ch\/?p=16088","title":{"rendered":"Des vins valaisans bient\u00f4t labellis\u00e9s \u00ab13 \u00e9toiles\u00bb"},"content":{"rendered":"<p><strong>Treize \u00e9toiles\u00a0? Ce sont celles du drapeau valaisan\u00a0! Mais c\u2019est aussi la d\u00e9marche initi\u00e9e cet automne pour <em>\u00abtirer vers le haut\u00bb<\/em> les vins valaisans. Une d\u00e9marche volontaire, selon une marche \u00e0 suivre bien pr\u00e9cise, \u00e9tape par \u00e9tape, sur 13 ans.<\/strong><\/p>\n<p><em>Pierre Thomas<\/em><\/p>\n<p>Tout le <em>\u00abgratin\u00bb<\/em> du vignoble valaisan \u00e9tait convoqu\u00e9, fin septembre, chez et par <strong>Marie-Th\u00e9r\u00e8se Chappaz<\/strong>, ic\u00f4ne du vin suisse (ci-dessous), mais surtout pr\u00e9sidente de l\u2019Union des vignerons-encaveurs valaisans, en compagnie de l\u2019\u0153nologue cantonale <strong>Corinne Clavien<\/strong>, du responsable politique du d\u00e9partement de l\u2019\u00e9conomie (et de la vitiviniculture), le conseiller d&rsquo;Etat\u00a0<strong>Christophe Darbellay<\/strong>, du pr\u00e9sident de l\u2019Interprofession de la vigne et du vin du Valais, <strong>Yvan Aymon<\/strong> \u2014 qui avait d\u00e9j\u00e0 <strong><a href=\"https:\/\/thomasvino.ch\/?p=13377\">lanc\u00e9 une telle id\u00e9e il y a quelques ann\u00e9es<\/a><\/strong>, mais pour le fendant et la d\u00f4le seulement \u2014 et un directeur de la Marque Valais\/Wallis, <strong>Rapha\u00ebl Favre<\/strong>, puisque les vins r\u00e9pondant au cahier des charges auront droit \u00e0 la reconnaissance par cette instance.<\/p>\n<div id=\"attachment_16094\" style=\"width: 310px\" class=\"wp-caption aligncenter\"><a href=\"https:\/\/thomasvino.ch\/?attachment_id=16094\" rel=\"attachment wp-att-16094\"><img aria-describedby=\"caption-attachment-16094\" data-attachment-id=\"16094\" data-permalink=\"https:\/\/thomasvino.ch\/?attachment_id=16094\" data-orig-file=\"https:\/\/i0.wp.com\/thomasvino.ch\/wp-content\/uploads\/2019\/09\/Valais13.jpg?fit=1024%2C768&amp;ssl=1\" data-orig-size=\"1024,768\" data-comments-opened=\"0\" data-image-meta=\"{&quot;aperture&quot;:&quot;0&quot;,&quot;credit&quot;:&quot;&quot;,&quot;camera&quot;:&quot;&quot;,&quot;caption&quot;:&quot;&quot;,&quot;created_timestamp&quot;:&quot;0&quot;,&quot;copyright&quot;:&quot;&quot;,&quot;focal_length&quot;:&quot;0&quot;,&quot;iso&quot;:&quot;0&quot;,&quot;shutter_speed&quot;:&quot;0&quot;,&quot;title&quot;:&quot;&quot;,&quot;orientation&quot;:&quot;1&quot;}\" data-image-title=\"Valais13***\" data-image-description=\"\" data-image-caption=\"&lt;p&gt;MM. Aymon, Darbellay et Favre entourent Marie-Th\u00e9r\u00e8se Chappaz.&lt;\/p&gt;\n\" data-medium-file=\"https:\/\/i0.wp.com\/thomasvino.ch\/wp-content\/uploads\/2019\/09\/Valais13.jpg?fit=300%2C225&amp;ssl=1\" data-large-file=\"https:\/\/i0.wp.com\/thomasvino.ch\/wp-content\/uploads\/2019\/09\/Valais13.jpg?fit=1024%2C768&amp;ssl=1\" loading=\"lazy\" class=\"size-medium wp-image-16094\" src=\"https:\/\/i0.wp.com\/thomasvino.ch\/wp-content\/uploads\/2019\/09\/Valais13.jpg?resize=300%2C225&#038;ssl=1\" alt=\"\" width=\"300\" height=\"225\" srcset=\"https:\/\/i0.wp.com\/thomasvino.ch\/wp-content\/uploads\/2019\/09\/Valais13.jpg?resize=300%2C225&amp;ssl=1 300w, https:\/\/i0.wp.com\/thomasvino.ch\/wp-content\/uploads\/2019\/09\/Valais13.jpg?resize=768%2C576&amp;ssl=1 768w, https:\/\/i0.wp.com\/thomasvino.ch\/wp-content\/uploads\/2019\/09\/Valais13.jpg?w=1024&amp;ssl=1 1024w\" sizes=\"(max-width: 300px) 100vw, 300px\" data-recalc-dims=\"1\" \/><\/a><p id=\"caption-attachment-16094\" class=\"wp-caption-text\"><em>MM. Aymon, Darbellay et Favre entourent Marie-Th\u00e9r\u00e8se Chappaz.<\/em><\/p><\/div>\n<h4><strong>Bio parcellaire: le retour!<\/strong><\/h4>\n<p>L\u2019ambition est \u00e0 la hauteur de la complexit\u00e9 du processus. Les vignerons, professionnels ou non, petits ou grands, sont invit\u00e9s \u00e0 inscrire des parcelles d\u00e9di\u00e9es \u00e0 la d\u00e9marche. Les \u00e9tapes sont \u00e9num\u00e9r\u00e9es sous forme d\u2019\u00e9toiles annuelles. Les trois premi\u00e8res sont fix\u00e9es pour que, dans ce laps de temps les raisins soient produits aux normes biologiques. C\u2019est donc le retour du <em>\u00abbio parcellaire\u00bb<\/em>, admis au d\u00e9but du bio, puis banni des directives f\u00e9d\u00e9rales. Suppression des engrais min\u00e9raux de synth\u00e8se, traitements sans produits de synth\u00e8se, absence d\u2019herbicides sur la parcelle seront les trois premiers stades \u00e0 atteindre.<\/p>\n<p>Le label, sous le sceau Marque Valais, ne sera pas <em>\u00abune segmentation qualitative pour les vins\u00bb<\/em>, mais un <em>\u00ab\u0153illet \u00e0 la boutonni\u00e8re\u00bb<\/em>, la fiert\u00e9 du vigneron, pour des vins \u00e0 partir de vignes inscrites dans les secteurs communaux d\u2019enc\u00e9pagement, avec des vari\u00e9t\u00e9s autochtones ou traditionnelles, vinifi\u00e9es pures, sans coupage, et mis en bouteilles en Valais.<\/p>\n<p>L\u2019engagement sera \u00e9volutif sur 13 ans\u00a0: la 4<sup>\u00e8me<\/sup>\u00e9toile vise \u00e0 encourager la biodiversit\u00e9 dans la vigne, la 5<sup>\u00e8me<\/sup>, l\u2019utilisation raisonn\u00e9e de l\u2019eau, la 6<sup>\u00e8me<\/sup>, l\u2019\u0153nologie et la mise en valeur du terroir (plus que du c\u00e9page\u00a0!), en renon\u00e7ant \u00e0 la chaptalisation, aux copeaux, au mo\u00fbt concentr\u00e9 rectifi\u00e9 (d\u00e9j\u00e0 interdits par l\u2019AOC). Les trois paliers suivants, sociaux, visent \u00e0 mieux former le personnel viticole. Deux crans suppl\u00e9mentaires pour la reconstitution des murs en pierres s\u00e8ches, sans mortier, et la favorisation de la diversit\u00e9 g\u00e9n\u00e9tique des c\u00e9pages (s\u00e9lection massale ou s\u00e9lection Valais). Enfin, deux \u00e9toiles pour la communication et la transparence, vers le <em>\u00abd\u00e9veloppement durable\u00bb<\/em>.<\/p>\n<h4><strong>Des contr\u00f4les et des d\u00e9gustations<\/strong><\/h4>\n<p>A chaque \u00e9tape, il y aura des contr\u00f4les, notamment des analyses sur les r\u00e9sidus contenus dans les vins, d\u00e8s la premi\u00e8re ann\u00e9e\u2026 Et chaque ann\u00e9e, les vins, mis sur le march\u00e9 (\u00e0 mi-f\u00e9vrier pour le fendant et les surmatur\u00e9s de l\u2019ann\u00e9e pr\u00e9c\u00e9dente, d\u00e9but mai pour les blancs secs et les rouges en cuve, et d\u00e9but octobre pour les rouges en barriques) seront d\u00e9gust\u00e9s avant mise en bouteille par une commission de validation. A la cl\u00e9, un prix sup\u00e9rieur \u00e0 la bouteille, fix\u00e9 \u00e0 titre indicatif.<\/p>\n<p>La d\u00e9marche 13 \u00e9toiles se superpose \u00e0 d\u2019autres, par exemple au Grand Cru, un r\u00e8glement adopt\u00e9 par plusieurs communes valaisannes. Le Grand Cru se limite \u00e0 quatre c\u00e9pages choisis, avec contr\u00f4le des vignes (sans crit\u00e8res bio) et d\u00e9gustation probatoire. Mais Fully a suspendu son adh\u00e9sion depuis deux ans, car les encaveurs refusent de loger leurs vins dans la bouteille dite \u00abcantonale\u00bb, de forme bourguignonne, utilis\u00e9e nagu\u00e8re \u00e0 V\u00e9troz, alors qu\u2019ils ont, eux, leur propre bouteille bordelaise \u00e0 bague. Le diable, souvent, se cache dans des d\u00e9tails\u2026<\/p>\n<h4>Une distinction de plus!<\/h4>\n<p>L\u2019autre probl\u00e8me, c\u2019est la difficult\u00e9 pour le consommateur \u2014 et m\u00eame le journaliste\u00a0! \u2014 de comprendre le distinguo des labels\u00a0: AOC et Grands Crus de base (diff\u00e9rents dans chaque canton\u00a0!)\u00a0; labels de Vinatura de Vitiswiss, peu courant, mais proche du 13 \u00e9toiles, et les trois bios, f\u00e9d\u00e9ral, bourgeon et demeter (en biodynamie, le plus s\u00e9v\u00e8re\u00a0!). Sans compter les concours cantonaux, nationaux, th\u00e9matiques et internationaux qui eux, ne se pr\u00e9occupent en rien de l\u2019amont de la d\u00e9gustation, mais balisent les rayons des supermarch\u00e9s, avec leurs m\u00e9dailles d\u2019or et d\u2019argent\u2026<\/p>\n<p>Les premiers vins 13 \u00e9toiles sont attendus au printemps 2020, apr\u00e8s les vendanges 2019, pour autant qu\u2019ils respectent les exigences de la premi\u00e8re \u00e9toile (suppression des engrais min\u00e9raux de synth\u00e8se sur la parcelle choisie).<\/p>\n<h4>Une vingtaine de caves d\u00e8s le d\u00e9part<\/h4>\n<p>Une vingtaine de caves se lancent d\u00e8s le d\u00e9part, dont certaines sont r\u00e9put\u00e9es (en gras): <strong>Albert Mathier &amp; S\u00f6hne<\/strong>, <strong>Biocave<\/strong>, Bol\u00e9ro, <strong>Caloz<\/strong>, Chevalier Bayard, <strong>Rhodan -Mounir<\/strong>, Etienne B\u00e9trisey, <strong>La Madeleine-Fontannaz<\/strong>, <strong>Mabillard-Fuchs<\/strong>, Petite Vertu, Pierre-Antoine Crettenand, Candide Bridy, <strong>Domaine Chappaz<\/strong>, <strong>Colline de Daval, Le Grand Br\u00fbl\u00e9<\/strong> (Etat du Valais), <strong>Simon Maye &amp; Fils<\/strong>, Johanneli-fi Weinkeller, <strong>Rive du Bisse, S\u00e9lection Excelsus (Favre)<\/strong> et les deux coop\u00e9ratives, <strong>Provins<\/strong> et <strong>Sankt-Jodern Kellerei<\/strong>, et le vigneron Pierre-Antoine H\u00e9ritier<\/p>\n<p><em>Paru dans <\/em>H\u00f4tellerie &amp; Gastronomie Hebdo<em> du 25 septembre 2019.<\/em><\/p>\n<p><em>\u00a9thomasvino.ch<\/em><\/p>\n<p>&nbsp;<\/p>\n","protected":false},"excerpt":{"rendered":"<p>Treize \u00e9toiles\u00a0? Ce sont celles du drapeau valaisan\u00a0! Mais c\u2019est aussi la d\u00e9marche initi\u00e9e cet automne pour \u00abtirer vers le haut\u00bb les vins valaisans. Une d\u00e9marche volontaire, selon une marche \u00e0 suivre bien pr\u00e9cise, \u00e9tape par \u00e9tape, sur 13 ans. Pierre Thomas Tout le \u00abgratin\u00bb du vignoble valaisan \u00e9tait convoqu\u00e9, fin septembre, chez et par [&hellip;]<\/p>\n","protected":false},"author":3,"featured_media":0,"comment_status":"closed","ping_status":"open","sticky":false,"template":"","format":"standard","meta":{"_monsterinsights_skip_tracking":false,"_monsterinsights_sitenote_active":false,"_monsterinsights_sitenote_note":"","_monsterinsights_sitenote_category":0,"jetpack_post_was_ever_published":false,"jetpack_publicize_message":"","jetpack_is_tweetstorm":false,"jetpack_publicize_feature_enabled":true,"jetpack_social_post_already_shared":true,"jetpack_social_options":{"image_generator_settings":{"template":"highway","enabled":false}}},"categories":[29],"tags":[],"jetpack_publicize_connections":[],"yoast_head":"<!-- This site is optimized with the Yoast SEO plugin v20.6 - https:\/\/yoast.com\/wordpress\/plugins\/seo\/ -->\n<title>Des vins valaisans bient\u00f4t labellis\u00e9s \u00ab13 \u00e9toiles\u00bb - thomasvino<\/title>\n<meta name=\"robots\" content=\"index, follow, max-snippet:-1, max-image-preview:large, max-video-preview:-1\" \/>\n<link rel=\"canonical\" href=\"https:\/\/thomasvino.ch\/?p=16088\" \/>\n<meta property=\"og:locale\" content=\"fr_FR\" \/>\n<meta property=\"og:type\" content=\"article\" \/>\n<meta property=\"og:title\" content=\"Des vins valaisans bient\u00f4t labellis\u00e9s \u00ab13 \u00e9toiles\u00bb - thomasvino\" \/>\n<meta property=\"og:description\" content=\"Treize \u00e9toiles\u00a0? Ce sont celles du drapeau valaisan\u00a0! Mais c\u2019est aussi la d\u00e9marche initi\u00e9e cet automne pour \u00abtirer vers le haut\u00bb les vins valaisans. Une d\u00e9marche volontaire, selon une marche \u00e0 suivre bien pr\u00e9cise, \u00e9tape par \u00e9tape, sur 13 ans. Pierre Thomas Tout le \u00abgratin\u00bb du vignoble valaisan \u00e9tait convoqu\u00e9, fin septembre, chez et par [&hellip;]\" \/>\n<meta property=\"og:url\" content=\"https:\/\/thomasvino.ch\/?p=16088\" \/>\n<meta property=\"og:site_name\" content=\"thomasvino\" \/>\n<meta property=\"article:published_time\" content=\"2019-09-30T09:50:39+00:00\" \/>\n<meta property=\"article:modified_time\" content=\"2019-10-01T08:55:08+00:00\" \/>\n<meta property=\"og:image\" content=\"https:\/\/thomasvino.ch\/wp-content\/uploads\/2019\/09\/Valais13-300x225.jpg\" \/>\n<meta name=\"author\" content=\"Pierre Thomas\" \/>\n<meta name=\"twitter:label1\" content=\"\u00c9crit par\" \/>\n\t<meta name=\"twitter:data1\" content=\"Pierre Thomas\" \/>\n\t<meta name=\"twitter:label2\" content=\"Dur\u00e9e de lecture estim\u00e9e\" \/>\n\t<meta name=\"twitter:data2\" content=\"5 minutes\" \/>\n<script type=\"application\/ld+json\" class=\"yoast-schema-graph\">{\"@context\":\"https:\/\/schema.org\",\"@graph\":[{\"@type\":\"WebPage\",\"@id\":\"https:\/\/thomasvino.ch\/?p=16088\",\"url\":\"https:\/\/thomasvino.ch\/?p=16088\",\"name\":\"Des vins valaisans bient\u00f4t labellis\u00e9s \u00ab13 \u00e9toiles\u00bb - thomasvino\",\"isPartOf\":{\"@id\":\"https:\/\/thomasvino.ch\/#website\"},\"datePublished\":\"2019-09-30T09:50:39+00:00\",\"dateModified\":\"2019-10-01T08:55:08+00:00\",\"author\":{\"@id\":\"https:\/\/thomasvino.ch\/#\/schema\/person\/670bf4486fe81152cf1d68bd585e062e\"},\"breadcrumb\":{\"@id\":\"https:\/\/thomasvino.ch\/?p=16088#breadcrumb\"},\"inLanguage\":\"fr-FR\",\"potentialAction\":[{\"@type\":\"ReadAction\",\"target\":[\"https:\/\/thomasvino.ch\/?p=16088\"]}]},{\"@type\":\"BreadcrumbList\",\"@id\":\"https:\/\/thomasvino.ch\/?p=16088#breadcrumb\",\"itemListElement\":[{\"@type\":\"ListItem\",\"position\":1,\"name\":\"Accueil\",\"item\":\"https:\/\/thomasvino.ch\/\"},{\"@type\":\"ListItem\",\"position\":2,\"name\":\"Des vins valaisans bient\u00f4t labellis\u00e9s \u00ab13 \u00e9toiles\u00bb\"}]},{\"@type\":\"WebSite\",\"@id\":\"https:\/\/thomasvino.ch\/#website\",\"url\":\"https:\/\/thomasvino.ch\/\",\"name\":\"thomasvino\",\"description\":\"Vins &amp; Gastronomie\",\"potentialAction\":[{\"@type\":\"SearchAction\",\"target\":{\"@type\":\"EntryPoint\",\"urlTemplate\":\"https:\/\/thomasvino.ch\/?s={search_term_string}\"},\"query-input\":\"required name=search_term_string\"}],\"inLanguage\":\"fr-FR\"},{\"@type\":\"Person\",\"@id\":\"https:\/\/thomasvino.ch\/#\/schema\/person\/670bf4486fe81152cf1d68bd585e062e\",\"name\":\"Pierre Thomas\",\"image\":{\"@type\":\"ImageObject\",\"inLanguage\":\"fr-FR\",\"@id\":\"https:\/\/thomasvino.ch\/#\/schema\/person\/image\/\",\"url\":\"https:\/\/secure.gravatar.com\/avatar\/91fd5a76647f140e53db987a0dead4d7?s=96&d=mm&r=g\",\"contentUrl\":\"https:\/\/secure.gravatar.com\/avatar\/91fd5a76647f140e53db987a0dead4d7?s=96&d=mm&r=g\",\"caption\":\"Pierre Thomas\"},\"url\":\"https:\/\/thomasvino.ch\/?author=3\"}]}<\/script>\n<!-- \/ Yoast SEO plugin. -->","yoast_head_json":{"title":"Des vins valaisans bient\u00f4t labellis\u00e9s \u00ab13 \u00e9toiles\u00bb - thomasvino","robots":{"index":"index","follow":"follow","max-snippet":"max-snippet:-1","max-image-preview":"max-image-preview:large","max-video-preview":"max-video-preview:-1"},"canonical":"https:\/\/thomasvino.ch\/?p=16088","og_locale":"fr_FR","og_type":"article","og_title":"Des vins valaisans bient\u00f4t labellis\u00e9s \u00ab13 \u00e9toiles\u00bb - thomasvino","og_description":"Treize \u00e9toiles\u00a0? Ce sont celles du drapeau valaisan\u00a0! Mais c\u2019est aussi la d\u00e9marche initi\u00e9e cet automne pour \u00abtirer vers le haut\u00bb les vins valaisans. Une d\u00e9marche volontaire, selon une marche \u00e0 suivre bien pr\u00e9cise, \u00e9tape par \u00e9tape, sur 13 ans. Pierre Thomas Tout le \u00abgratin\u00bb du vignoble valaisan \u00e9tait convoqu\u00e9, fin septembre, chez et par [&hellip;]","og_url":"https:\/\/thomasvino.ch\/?p=16088","og_site_name":"thomasvino","article_published_time":"2019-09-30T09:50:39+00:00","article_modified_time":"2019-10-01T08:55:08+00:00","og_image":[{"url":"https:\/\/thomasvino.ch\/wp-content\/uploads\/2019\/09\/Valais13-300x225.jpg"}],"author":"Pierre Thomas","twitter_misc":{"\u00c9crit par":"Pierre Thomas","Dur\u00e9e de lecture estim\u00e9e":"5 minutes"},"schema":{"@context":"https:\/\/schema.org","@graph":[{"@type":"WebPage","@id":"https:\/\/thomasvino.ch\/?p=16088","url":"https:\/\/thomasvino.ch\/?p=16088","name":"Des vins valaisans bient\u00f4t labellis\u00e9s \u00ab13 \u00e9toiles\u00bb - thomasvino","isPartOf":{"@id":"https:\/\/thomasvino.ch\/#website"},"datePublished":"2019-09-30T09:50:39+00:00","dateModified":"2019-10-01T08:55:08+00:00","author":{"@id":"https:\/\/thomasvino.ch\/#\/schema\/person\/670bf4486fe81152cf1d68bd585e062e"},"breadcrumb":{"@id":"https:\/\/thomasvino.ch\/?p=16088#breadcrumb"},"inLanguage":"fr-FR","potentialAction":[{"@type":"ReadAction","target":["https:\/\/thomasvino.ch\/?p=16088"]}]},{"@type":"BreadcrumbList","@id":"https:\/\/thomasvino.ch\/?p=16088#breadcrumb","itemListElement":[{"@type":"ListItem","position":1,"name":"Accueil","item":"https:\/\/thomasvino.ch\/"},{"@type":"ListItem","position":2,"name":"Des vins valaisans bient\u00f4t labellis\u00e9s \u00ab13 \u00e9toiles\u00bb"}]},{"@type":"WebSite","@id":"https:\/\/thomasvino.ch\/#website","url":"https:\/\/thomasvino.ch\/","name":"thomasvino","description":"Vins &amp; Gastronomie","potentialAction":[{"@type":"SearchAction","target":{"@type":"EntryPoint","urlTemplate":"https:\/\/thomasvino.ch\/?s={search_term_string}"},"query-input":"required name=search_term_string"}],"inLanguage":"fr-FR"},{"@type":"Person","@id":"https:\/\/thomasvino.ch\/#\/schema\/person\/670bf4486fe81152cf1d68bd585e062e","name":"Pierre Thomas","image":{"@type":"ImageObject","inLanguage":"fr-FR","@id":"https:\/\/thomasvino.ch\/#\/schema\/person\/image\/","url":"https:\/\/secure.gravatar.com\/avatar\/91fd5a76647f140e53db987a0dead4d7?s=96&d=mm&r=g","contentUrl":"https:\/\/secure.gravatar.com\/avatar\/91fd5a76647f140e53db987a0dead4d7?s=96&d=mm&r=g","caption":"Pierre Thomas"},"url":"https:\/\/thomasvino.ch\/?author=3"}]}},"jetpack_featured_media_url":"","jetpack_sharing_enabled":true,"jetpack_shortlink":"https:\/\/wp.me\/p3m4tZ-4bu","jetpack_likes_enabled":false,"jetpack-related-posts":[{"id":9953,"url":"https:\/\/thomasvino.ch\/?p=9953","url_meta":{"origin":16088,"position":0},"title":"Les Etoiles du Valais succ\u00e8de aux Labels Nobilis","date":"13 avril 2007","format":false,"excerpt":"Les Etoiles du Valais succ\u00e8dent aux Labels NobilisVINEA ayant renonc\u00e9 au \u00abLabel Nobilis\u00bb, r\u00e9compensant les meilleurs vins valaisans, l\u2019Interprofession de la vigne et du vin du Valais (IVV) met sur pied une \u00abs\u00e9lection des vins du Valais\u00bb, couronn\u00e9e par une finale. Premi\u00e8re \u00e9dition cette ann\u00e9e (2007).L\u2019IVV a mis de l\u2019ordre\u2026","rel":"","context":"Dans &quot;Actus - News&quot;","img":{"alt_text":"","src":"","width":0,"height":0},"classes":[]},{"id":10020,"url":"https:\/\/thomasvino.ch\/?p=10020","url_meta":{"origin":16088,"position":1},"title":"Grand Prix du Vin Suisse: le suspense continue","date":"10 octobre 2007","format":false,"excerpt":"Grand Prix du Vin Suisse 2007 Les Valaisans prennent les devantsVendredi 19 octobre, \u00e0 Berne, aura lieu la proclamation du deuxi\u00e8me Grand Prix du Vin Suisse. On y d\u00e9signera aussi le \u00abmeilleur vigneron de l\u2019ann\u00e9e\u00bb 2007. Les Valaisans, qui ont 36 vins sur les 66 nomin\u00e9s, ont d\u00e9j\u00e0 pris les\u2026","rel":"","context":"Dans &quot;Vins suisses&quot;","img":{"alt_text":"","src":"","width":0,"height":0},"classes":[]},{"id":10017,"url":"https:\/\/thomasvino.ch\/?p=10017","url_meta":{"origin":16088,"position":2},"title":"Vins du Valais: raid sur Ouchy","date":"29 septembre 2007","format":false,"excerpt":"Remise des \u00ab\u00e9toiles du mill\u00e9sime\u00bbRaid valaisan sur OuchyMercredi 26 septembre 2007, sous les lustres du Beau-Rivage Palace \u00e0 Lausanne-Ouchy, l\u2019Interprofession de la vigne et du vin du Valais (IVV), a proclam\u00e9 le palmar\u00e8s des \u00ab\u00e9toiles du mill\u00e9sime\u00bb. Dix huit vins ont \u00e9t\u00e9 d\u00e9sign\u00e9s \u00abcoups de c\u0153ur\u00bb, dans six cat\u00e9gories.Volontiers provocateur,\u2026","rel":"","context":"Dans &quot;Actus - News&quot;","img":{"alt_text":"","src":"","width":0,"height":0},"classes":[]},{"id":8701,"url":"https:\/\/thomasvino.ch\/?p=8701","url_meta":{"origin":16088,"position":3},"title":"Vins suisses \u2014 Les vins suisses ont leurs oscars","date":"10 janvier 2005","format":false,"excerpt":"Les vins suisses ont leurs oscars 2004 Le suspense est aussi intol\u00e9rable qu\u2019\u00e0 Hollywood\u2026 Les vignerons suisses conna\u00eetront, le vendredi 22 octobre, pour la premi\u00e8re fois, des \u00abchampions\u00bb qui monteront sur la sc\u00e8ne du Stadttheater de Berne. Les quarante-huit vins \u00abnomin\u00e9s\u00bb sont connus. D\u00e9cryptage. (Palmar\u00e8s en fin de fichier!) Par\u2026","rel":"","context":"Dans &quot;Tendance&quot;","img":{"alt_text":"","src":"","width":0,"height":0},"classes":[]},{"id":11913,"url":"https:\/\/thomasvino.ch\/?p=11913","url_meta":{"origin":16088,"position":4},"title":"D\u00e9crypter le Valais du vin de bas en haut","date":"25 avril 2014","format":false,"excerpt":"L\u2019Interprofession de la vigne et du vin du Valais (IVVs) a donn\u00e9, en mars, mandat au consultant Yvan Aymon de dresser l\u2019\u00e9tat des lieux de la vitiviniculture valaisanne. Il rendra compte des premiers \u00e9l\u00e9ments en novembre \u00e0 l\u2019assembl\u00e9e de l\u2019IVVs, avant un rapport final attendu pour le printemps 2015. Rencontre\u2026","rel":"","context":"Dans &quot;Vins suisses&quot;","img":{"alt_text":"","src":"","width":0,"height":0},"classes":[]},{"id":9513,"url":"https:\/\/thomasvino.ch\/?p=9513","url_meta":{"origin":16088,"position":5},"title":"Etoiles du Valais 2012: huit vins au sommet!","date":"13 d\u00e9cembre 2012","format":false,"excerpt":"D\u00e9but d\u00e9cembre 2012, les Etoiles du Valais ont \u00e9t\u00e9 d\u00e9cern\u00e9es, \u00e0 Zurich, \u00e0 huit producteurs de vins. Ce sont les coups de c\u0153ur d\u2019un jury, parmi 55 vins, issus des deux s\u00e9lections cantonales. Par Pierre Thomas L\u2019Interprofession de la vigne et des vins du Valais (IVVV) et son directeur G\u00e9rard-Philippe\u2026","rel":"","context":"Dans &quot;Vins suisses&quot;","img":{"alt_text":"vs_coffret12.jpg","src":"img\/vs_coffret12.jpg","width":350,"height":200},"classes":[]}],"_links":{"self":[{"href":"https:\/\/thomasvino.ch\/index.php?rest_route=\/wp\/v2\/posts\/16088"}],"collection":[{"href":"https:\/\/thomasvino.ch\/index.php?rest_route=\/wp\/v2\/posts"}],"about":[{"href":"https:\/\/thomasvino.ch\/index.php?rest_route=\/wp\/v2\/types\/post"}],"author":[{"embeddable":true,"href":"https:\/\/thomasvino.ch\/index.php?rest_route=\/wp\/v2\/users\/3"}],"replies":[{"embeddable":true,"href":"https:\/\/thomasvino.ch\/index.php?rest_route=%2Fwp%2Fv2%2Fcomments&post=16088"}],"version-history":[{"count":4,"href":"https:\/\/thomasvino.ch\/index.php?rest_route=\/wp\/v2\/posts\/16088\/revisions"}],"predecessor-version":[{"id":16096,"href":"https:\/\/thomasvino.ch\/index.php?rest_route=\/wp\/v2\/posts\/16088\/revisions\/16096"}],"wp:attachment":[{"href":"https:\/\/thomasvino.ch\/index.php?rest_route=%2Fwp%2Fv2%2Fmedia&parent=16088"}],"wp:term":[{"taxonomy":"category","embeddable":true,"href":"https:\/\/thomasvino.ch\/index.php?rest_route=%2Fwp%2Fv2%2Fcategories&post=16088"},{"taxonomy":"post_tag","embeddable":true,"href":"https:\/\/thomasvino.ch\/index.php?rest_route=%2Fwp%2Fv2%2Ftags&post=16088"}],"curies":[{"name":"wp","href":"https:\/\/api.w.org\/{rel}","templated":true}]}}