{"id":16217,"date":"2019-11-25T10:55:33","date_gmt":"2019-11-25T09:55:33","guid":{"rendered":"https:\/\/thomasvino.ch\/?p=16217"},"modified":"2019-11-25T10:55:33","modified_gmt":"2019-11-25T09:55:33","slug":"terravin-la-prime-au-secteur-public","status":"publish","type":"post","link":"https:\/\/thomasvino.ch\/?p=16217","title":{"rendered":"Terravin\u00a0: la prime au secteur public\u00a0!"},"content":{"rendered":"<p><strong>Pour la seconde fois cons\u00e9cutive, un vin de Villeneuve remporte les \u00abLauriers de Platine\u00bb, 12<sup>\u00e8me<\/sup> \u00e9dition, du label Terravin. Et ce titre officieux de meilleur chasselas vaudois 2018 revient au grand cru de Villeneuve des Hospices cantonaux.<\/strong><\/p>\n<p><a href=\"https:\/\/thomasvino.ch\/?attachment_id=16219\" rel=\"attachment wp-att-16219\"><img data-attachment-id=\"16219\" data-permalink=\"https:\/\/thomasvino.ch\/?attachment_id=16219\" data-orig-file=\"https:\/\/i0.wp.com\/thomasvino.ch\/wp-content\/uploads\/2019\/11\/terravin1.jpg?fit=600%2C726&amp;ssl=1\" data-orig-size=\"600,726\" data-comments-opened=\"0\" data-image-meta=\"{&quot;aperture&quot;:&quot;0&quot;,&quot;credit&quot;:&quot;&quot;,&quot;camera&quot;:&quot;&quot;,&quot;caption&quot;:&quot;&quot;,&quot;created_timestamp&quot;:&quot;0&quot;,&quot;copyright&quot;:&quot;&quot;,&quot;focal_length&quot;:&quot;0&quot;,&quot;iso&quot;:&quot;0&quot;,&quot;shutter_speed&quot;:&quot;0&quot;,&quot;title&quot;:&quot;&quot;,&quot;orientation&quot;:&quot;0&quot;}\" data-image-title=\"terravin1\" data-image-description=\"\" data-image-caption=\"\" data-medium-file=\"https:\/\/i0.wp.com\/thomasvino.ch\/wp-content\/uploads\/2019\/11\/terravin1.jpg?fit=248%2C300&amp;ssl=1\" data-large-file=\"https:\/\/i0.wp.com\/thomasvino.ch\/wp-content\/uploads\/2019\/11\/terravin1.jpg?fit=600%2C726&amp;ssl=1\" loading=\"lazy\" class=\"alignleft size-medium wp-image-16219\" src=\"https:\/\/i0.wp.com\/thomasvino.ch\/wp-content\/uploads\/2019\/11\/terravin1.jpg?resize=248%2C300&#038;ssl=1\" alt=\"\" width=\"248\" height=\"300\" srcset=\"https:\/\/i0.wp.com\/thomasvino.ch\/wp-content\/uploads\/2019\/11\/terravin1.jpg?resize=248%2C300&amp;ssl=1 248w, https:\/\/i0.wp.com\/thomasvino.ch\/wp-content\/uploads\/2019\/11\/terravin1.jpg?resize=260%2C315&amp;ssl=1 260w, https:\/\/i0.wp.com\/thomasvino.ch\/wp-content\/uploads\/2019\/11\/terravin1.jpg?resize=140%2C170&amp;ssl=1 140w, https:\/\/i0.wp.com\/thomasvino.ch\/wp-content\/uploads\/2019\/11\/terravin1.jpg?w=600&amp;ssl=1 600w\" sizes=\"(max-width: 248px) 100vw, 248px\" data-recalc-dims=\"1\" \/><\/a>Le jury d\u2019une trentaine de professionnels et journalistes, si\u00e9geant \u00e0 Crissier, r\u00e9compense ainsi, selon un syst\u00e8me de coupe, un vin \u00e9labor\u00e9 par la ma\u00eetre caviste <strong>Marjorie Bonvin<\/strong>, employ\u00e9e de Badoux \u00e0 Aigle, pour le compte des domaines publics du canton de Vaud, que dirige l\u2019\u0153nologue <strong>Philippe Meyer<\/strong>, ancien \u0153nologue cantonal <em>(en photo)<\/em>. Un partenariat public-priv\u00e9, donc\u2026 Son principal challenger, oppos\u00e9 en finale, est un Calamin Grand Cru (de Lavaux\u2026) de la <strong>Commune de Bourg-en-Lavaux<\/strong>, \u00e9labor\u00e9 par les <strong>Fr\u00e8res Dubois<\/strong>, \u00e0 Cully, autre partenariat public-priv\u00e9. Le Villette du m\u00eame producteur est quatri\u00e8me. Au 3<sup>\u00e8me<\/sup> rang, <strong>Jean-Luc Blondel<\/strong>, avec son Saint-Saphorin Pr\u00e9-Lyre, AOC Lavaux, et donc pas grand cru.<\/p>\n<p>Sur les 16 vins, s\u00e9lectionn\u00e9s sur la base des r\u00e9sultats des 409 <em>\u00ablauriers d\u2019or Terravin\u00bb<\/em> de l\u2019ann\u00e9e 2018, neuf venaient de Lavaux (dont trois Calamin, mais aucun D\u00e9zaley\u00a0!), cinq du Chablais (dont quatre Yvorne), un des C\u00f4tes-de-l\u2019Orbe et un de La C\u00f4te (un grand cru de Tartegnin). Dix de ces 16 vins portaient la mention de grand cru, plus restrictive dans l\u2019assemblage tol\u00e9r\u00e9 que les mentions de village avec AOC r\u00e9gionale\u2026 Trois producteurs (<strong>Commune de Bourg-en-Lavaux<\/strong>, <strong>Commune d\u2019Yvorne<\/strong> et <strong>Jean-Fran\u00e7ois Chevalley<\/strong>) \u00e9taient pr\u00e9sents avec deux chasselas, et <strong>Jean-Luc Blondel<\/strong>, avec trois\u00a0!<\/p>\n<p>Les vins de La C\u00f4te, qui ont brill\u00e9 ce printemps au Mondial du Chasselas et au Grand Prix du Vin Suisse, notamment gr\u00e2ce \u00e0 ceux de la Cave de La C\u00f4te, \u00e9lue gr\u00e2ce \u00e0 eux cave de l\u2019ann\u00e9e 2019, ne figuraient pas dans la s\u00e9lection des <em>\u00abcoqs\u00bb<\/em> du label vaudois\u2026 Les vins labellis\u00e9s Terravin ont fait un carton en 2019, gr\u00e2ce aux cuv\u00e9es de la F\u00eate des Vignerons, qui a r\u00e9compens\u00e9 les plus valeureux parmi les vignerons-t\u00e2cherons, un syst\u00e8me de viticulture privil\u00e9gi\u00e9, pr\u00e9cis\u00e9ment, par les propri\u00e9taires publics.<\/p>\n<div id=\"attachment_16218\" style=\"width: 310px\" class=\"wp-caption aligncenter\"><a href=\"https:\/\/thomasvino.ch\/?attachment_id=16218\" rel=\"attachment wp-att-16218\"><img aria-describedby=\"caption-attachment-16218\" data-attachment-id=\"16218\" data-permalink=\"https:\/\/thomasvino.ch\/?attachment_id=16218\" data-orig-file=\"https:\/\/i0.wp.com\/thomasvino.ch\/wp-content\/uploads\/2019\/11\/terravin_finalistes.jpg?fit=600%2C575&amp;ssl=1\" data-orig-size=\"600,575\" data-comments-opened=\"0\" data-image-meta=\"{&quot;aperture&quot;:&quot;0&quot;,&quot;credit&quot;:&quot;&quot;,&quot;camera&quot;:&quot;&quot;,&quot;caption&quot;:&quot;&quot;,&quot;created_timestamp&quot;:&quot;0&quot;,&quot;copyright&quot;:&quot;&quot;,&quot;focal_length&quot;:&quot;0&quot;,&quot;iso&quot;:&quot;0&quot;,&quot;shutter_speed&quot;:&quot;0&quot;,&quot;title&quot;:&quot;&quot;,&quot;orientation&quot;:&quot;0&quot;}\" data-image-title=\"terravin_finalistes\" data-image-description=\"\" data-image-caption=\"&lt;p&gt;Les finalistes dans le d\u00e9sordre: 2\u00e8me, 1er, 4\u00e8me et 3\u00e8me&#8230;&lt;\/p&gt;\n\" data-medium-file=\"https:\/\/i0.wp.com\/thomasvino.ch\/wp-content\/uploads\/2019\/11\/terravin_finalistes.jpg?fit=300%2C288&amp;ssl=1\" data-large-file=\"https:\/\/i0.wp.com\/thomasvino.ch\/wp-content\/uploads\/2019\/11\/terravin_finalistes.jpg?fit=600%2C575&amp;ssl=1\" loading=\"lazy\" class=\"size-medium wp-image-16218\" src=\"https:\/\/i0.wp.com\/thomasvino.ch\/wp-content\/uploads\/2019\/11\/terravin_finalistes.jpg?resize=300%2C288&#038;ssl=1\" alt=\"\" width=\"300\" height=\"288\" srcset=\"https:\/\/i0.wp.com\/thomasvino.ch\/wp-content\/uploads\/2019\/11\/terravin_finalistes.jpg?resize=300%2C288&amp;ssl=1 300w, https:\/\/i0.wp.com\/thomasvino.ch\/wp-content\/uploads\/2019\/11\/terravin_finalistes.jpg?resize=37%2C37&amp;ssl=1 37w, https:\/\/i0.wp.com\/thomasvino.ch\/wp-content\/uploads\/2019\/11\/terravin_finalistes.jpg?w=600&amp;ssl=1 600w\" sizes=\"(max-width: 300px) 100vw, 300px\" data-recalc-dims=\"1\" \/><\/a><p id=\"caption-attachment-16218\" class=\"wp-caption-text\">Les finalistes dans le d\u00e9sordre: 2\u00e8me, 1er, 4\u00e8me et 3\u00e8me&#8230;<\/p><\/div>\n<p><em>\u00a9thomasvino.ch<\/em><\/p>\n","protected":false},"excerpt":{"rendered":"<p>Pour la seconde fois cons\u00e9cutive, un vin de Villeneuve remporte les \u00abLauriers de Platine\u00bb, 12\u00e8me \u00e9dition, du label Terravin. Et ce titre officieux de meilleur chasselas vaudois 2018 revient au grand cru de Villeneuve des Hospices cantonaux. Le jury d\u2019une trentaine de professionnels et journalistes, si\u00e9geant \u00e0 Crissier, r\u00e9compense ainsi, selon un syst\u00e8me de coupe, [&hellip;]<\/p>\n","protected":false},"author":3,"featured_media":0,"comment_status":"closed","ping_status":"open","sticky":false,"template":"","format":"standard","meta":{"_monsterinsights_skip_tracking":false,"_monsterinsights_sitenote_active":false,"_monsterinsights_sitenote_note":"","_monsterinsights_sitenote_category":0,"jetpack_post_was_ever_published":false,"jetpack_publicize_message":"","jetpack_is_tweetstorm":false,"jetpack_publicize_feature_enabled":true,"jetpack_social_post_already_shared":true,"jetpack_social_options":{"image_generator_settings":{"template":"highway","enabled":false}}},"categories":[14],"tags":[],"jetpack_publicize_connections":[],"yoast_head":"<!-- This site is optimized with the Yoast SEO plugin v20.6 - https:\/\/yoast.com\/wordpress\/plugins\/seo\/ -->\n<title>Terravin\u00a0: la prime au secteur public\u00a0! - thomasvino<\/title>\n<meta name=\"robots\" content=\"index, follow, max-snippet:-1, max-image-preview:large, max-video-preview:-1\" \/>\n<link rel=\"canonical\" href=\"https:\/\/thomasvino.ch\/?p=16217\" \/>\n<meta property=\"og:locale\" content=\"fr_FR\" \/>\n<meta property=\"og:type\" content=\"article\" \/>\n<meta property=\"og:title\" content=\"Terravin\u00a0: la prime au secteur public\u00a0! - thomasvino\" \/>\n<meta property=\"og:description\" content=\"Pour la seconde fois cons\u00e9cutive, un vin de Villeneuve remporte les \u00abLauriers de Platine\u00bb, 12\u00e8me \u00e9dition, du label Terravin. Et ce titre officieux de meilleur chasselas vaudois 2018 revient au grand cru de Villeneuve des Hospices cantonaux. Le jury d\u2019une trentaine de professionnels et journalistes, si\u00e9geant \u00e0 Crissier, r\u00e9compense ainsi, selon un syst\u00e8me de coupe, [&hellip;]\" \/>\n<meta property=\"og:url\" content=\"https:\/\/thomasvino.ch\/?p=16217\" \/>\n<meta property=\"og:site_name\" content=\"thomasvino\" \/>\n<meta property=\"article:published_time\" content=\"2019-11-25T09:55:33+00:00\" \/>\n<meta property=\"og:image\" content=\"https:\/\/thomasvino.ch\/wp-content\/uploads\/2019\/11\/terravin1-248x300.jpg\" \/>\n<meta name=\"author\" content=\"Pierre Thomas\" \/>\n<meta name=\"twitter:label1\" content=\"\u00c9crit par\" \/>\n\t<meta name=\"twitter:data1\" content=\"Pierre Thomas\" \/>\n\t<meta name=\"twitter:label2\" content=\"Dur\u00e9e de lecture estim\u00e9e\" \/>\n\t<meta name=\"twitter:data2\" content=\"2 minutes\" \/>\n<script type=\"application\/ld+json\" class=\"yoast-schema-graph\">{\"@context\":\"https:\/\/schema.org\",\"@graph\":[{\"@type\":\"WebPage\",\"@id\":\"https:\/\/thomasvino.ch\/?p=16217\",\"url\":\"https:\/\/thomasvino.ch\/?p=16217\",\"name\":\"Terravin\u00a0: la prime au secteur public\u00a0! - thomasvino\",\"isPartOf\":{\"@id\":\"https:\/\/thomasvino.ch\/#website\"},\"datePublished\":\"2019-11-25T09:55:33+00:00\",\"dateModified\":\"2019-11-25T09:55:33+00:00\",\"author\":{\"@id\":\"https:\/\/thomasvino.ch\/#\/schema\/person\/670bf4486fe81152cf1d68bd585e062e\"},\"breadcrumb\":{\"@id\":\"https:\/\/thomasvino.ch\/?p=16217#breadcrumb\"},\"inLanguage\":\"fr-FR\",\"potentialAction\":[{\"@type\":\"ReadAction\",\"target\":[\"https:\/\/thomasvino.ch\/?p=16217\"]}]},{\"@type\":\"BreadcrumbList\",\"@id\":\"https:\/\/thomasvino.ch\/?p=16217#breadcrumb\",\"itemListElement\":[{\"@type\":\"ListItem\",\"position\":1,\"name\":\"Accueil\",\"item\":\"https:\/\/thomasvino.ch\/\"},{\"@type\":\"ListItem\",\"position\":2,\"name\":\"Terravin\u00a0: la prime au secteur public\u00a0!\"}]},{\"@type\":\"WebSite\",\"@id\":\"https:\/\/thomasvino.ch\/#website\",\"url\":\"https:\/\/thomasvino.ch\/\",\"name\":\"thomasvino\",\"description\":\"Vins &amp; Gastronomie\",\"potentialAction\":[{\"@type\":\"SearchAction\",\"target\":{\"@type\":\"EntryPoint\",\"urlTemplate\":\"https:\/\/thomasvino.ch\/?s={search_term_string}\"},\"query-input\":\"required name=search_term_string\"}],\"inLanguage\":\"fr-FR\"},{\"@type\":\"Person\",\"@id\":\"https:\/\/thomasvino.ch\/#\/schema\/person\/670bf4486fe81152cf1d68bd585e062e\",\"name\":\"Pierre Thomas\",\"image\":{\"@type\":\"ImageObject\",\"inLanguage\":\"fr-FR\",\"@id\":\"https:\/\/thomasvino.ch\/#\/schema\/person\/image\/\",\"url\":\"https:\/\/secure.gravatar.com\/avatar\/91fd5a76647f140e53db987a0dead4d7?s=96&d=mm&r=g\",\"contentUrl\":\"https:\/\/secure.gravatar.com\/avatar\/91fd5a76647f140e53db987a0dead4d7?s=96&d=mm&r=g\",\"caption\":\"Pierre Thomas\"},\"url\":\"https:\/\/thomasvino.ch\/?author=3\"}]}<\/script>\n<!-- \/ Yoast SEO plugin. -->","yoast_head_json":{"title":"Terravin\u00a0: la prime au secteur public\u00a0! - thomasvino","robots":{"index":"index","follow":"follow","max-snippet":"max-snippet:-1","max-image-preview":"max-image-preview:large","max-video-preview":"max-video-preview:-1"},"canonical":"https:\/\/thomasvino.ch\/?p=16217","og_locale":"fr_FR","og_type":"article","og_title":"Terravin\u00a0: la prime au secteur public\u00a0! - thomasvino","og_description":"Pour la seconde fois cons\u00e9cutive, un vin de Villeneuve remporte les \u00abLauriers de Platine\u00bb, 12\u00e8me \u00e9dition, du label Terravin. Et ce titre officieux de meilleur chasselas vaudois 2018 revient au grand cru de Villeneuve des Hospices cantonaux. Le jury d\u2019une trentaine de professionnels et journalistes, si\u00e9geant \u00e0 Crissier, r\u00e9compense ainsi, selon un syst\u00e8me de coupe, [&hellip;]","og_url":"https:\/\/thomasvino.ch\/?p=16217","og_site_name":"thomasvino","article_published_time":"2019-11-25T09:55:33+00:00","og_image":[{"url":"https:\/\/thomasvino.ch\/wp-content\/uploads\/2019\/11\/terravin1-248x300.jpg"}],"author":"Pierre Thomas","twitter_misc":{"\u00c9crit par":"Pierre Thomas","Dur\u00e9e de lecture estim\u00e9e":"2 minutes"},"schema":{"@context":"https:\/\/schema.org","@graph":[{"@type":"WebPage","@id":"https:\/\/thomasvino.ch\/?p=16217","url":"https:\/\/thomasvino.ch\/?p=16217","name":"Terravin\u00a0: la prime au secteur public\u00a0! - thomasvino","isPartOf":{"@id":"https:\/\/thomasvino.ch\/#website"},"datePublished":"2019-11-25T09:55:33+00:00","dateModified":"2019-11-25T09:55:33+00:00","author":{"@id":"https:\/\/thomasvino.ch\/#\/schema\/person\/670bf4486fe81152cf1d68bd585e062e"},"breadcrumb":{"@id":"https:\/\/thomasvino.ch\/?p=16217#breadcrumb"},"inLanguage":"fr-FR","potentialAction":[{"@type":"ReadAction","target":["https:\/\/thomasvino.ch\/?p=16217"]}]},{"@type":"BreadcrumbList","@id":"https:\/\/thomasvino.ch\/?p=16217#breadcrumb","itemListElement":[{"@type":"ListItem","position":1,"name":"Accueil","item":"https:\/\/thomasvino.ch\/"},{"@type":"ListItem","position":2,"name":"Terravin\u00a0: la prime au secteur public\u00a0!"}]},{"@type":"WebSite","@id":"https:\/\/thomasvino.ch\/#website","url":"https:\/\/thomasvino.ch\/","name":"thomasvino","description":"Vins &amp; Gastronomie","potentialAction":[{"@type":"SearchAction","target":{"@type":"EntryPoint","urlTemplate":"https:\/\/thomasvino.ch\/?s={search_term_string}"},"query-input":"required name=search_term_string"}],"inLanguage":"fr-FR"},{"@type":"Person","@id":"https:\/\/thomasvino.ch\/#\/schema\/person\/670bf4486fe81152cf1d68bd585e062e","name":"Pierre Thomas","image":{"@type":"ImageObject","inLanguage":"fr-FR","@id":"https:\/\/thomasvino.ch\/#\/schema\/person\/image\/","url":"https:\/\/secure.gravatar.com\/avatar\/91fd5a76647f140e53db987a0dead4d7?s=96&d=mm&r=g","contentUrl":"https:\/\/secure.gravatar.com\/avatar\/91fd5a76647f140e53db987a0dead4d7?s=96&d=mm&r=g","caption":"Pierre Thomas"},"url":"https:\/\/thomasvino.ch\/?author=3"}]}},"jetpack_featured_media_url":"","jetpack_sharing_enabled":true,"jetpack_shortlink":"https:\/\/wp.me\/p3m4tZ-4dz","jetpack_likes_enabled":false,"jetpack-related-posts":[{"id":15408,"url":"https:\/\/thomasvino.ch\/?p=15408","url_meta":{"origin":16217,"position":0},"title":"Des Lauriers de Platine 2018 tr\u00e8s disput\u00e9s","date":"16 novembre 2018","format":false,"excerpt":"Est-ce le mill\u00e9sime, 2017? Est-ce le mode de s\u00e9lection de la finale, plus pr\u00e9cis\u00a0? Toujours est-il que les Lauriers de Platine du Label Terravin, nous ont paru plus disput\u00e9s que lors des dix pr\u00e9c\u00e9dentes \u00e9ditions, \u00e0 Crissier. Verdict\u00a0: deux vins du Chablais, un Villeneuse devant un Yvorne, s\u2019imposent. Par Pierre\u2026","rel":"","context":"Dans &quot;Vins suisses&quot;","img":{"alt_text":"","src":"https:\/\/i0.wp.com\/thomasvino.ch\/wp-content\/uploads\/2018\/11\/IMG_7577-300x225.jpg?resize=350%2C200&ssl=1","width":350,"height":200},"classes":[]},{"id":14707,"url":"https:\/\/thomasvino.ch\/?p=14707","url_meta":{"origin":16217,"position":1},"title":"Lauriers de Platine Terravin\u00a0: un Aigle s\u2019impose","date":"19 novembre 2017","format":false,"excerpt":"Les raisins viennent bien du Chablais, mais le producteur est de Lavaux\u00a0: c\u2019est l\u2019Aigle Grand Cru 2016 vinifi\u00e9 au Domaine d\u2019Aucr\u00eat par Michel Blanche et ses collaborateurs qui s\u2019est impos\u00e9, lors de la dixi\u00e8me \u00e9dition des Lauriers de Platine de Terravin r\u00e9serv\u00e9s aux chasselas vaudois 2016. Par Pierre Thomas Pour\u2026","rel":"","context":"Dans &quot;Vins suisses&quot;","img":{"alt_text":"","src":"https:\/\/i0.wp.com\/thomasvino.ch\/wp-content\/uploads\/2017\/11\/site_laur_4-finalistes-300x252.jpg?resize=350%2C200&ssl=1","width":350,"height":200},"classes":[]},{"id":13201,"url":"https:\/\/thomasvino.ch\/?p=13201","url_meta":{"origin":16217,"position":2},"title":"Lauriers de Platine Terravin 2015  Un F\u00e9chy joue le remake de 2013","date":"19 novembre 2015","format":false,"excerpt":"Comme en 2013, un F\u00e9chy AOC La C\u00f4te a coiff\u00e9 trois Lavaux AOC. Un vin de marque, de la maison Bolle & Cie, s\u2019impose devant deux Grands Crus du Domaine Croix-Duplex, un Epesses et un Calamin\u2026 qui l'avait emport\u00e9 en 2010 dans cette comp\u00e9tition du \u00abmeilleur chasselas vaudois\u00bb. Par Pierre\u2026","rel":"","context":"Dans &quot;Actus - News&quot;","img":{"alt_text":"","src":"","width":0,"height":0},"classes":[]},{"id":13932,"url":"https:\/\/thomasvino.ch\/?p=13932","url_meta":{"origin":16217,"position":3},"title":"Lauriers de Platine de Terravin un La C\u00f4te, une fois encore","date":"25 novembre 2016","format":false,"excerpt":"Comme l\u2019an pass\u00e9, c\u2019est un F\u00e9chy, non pas grand cru, mais AOC La C\u00f4te, que le jury des 9\u00e8mes Lauriers de Platine du label Terravin a d\u00e9sign\u00e9 meilleur chasselas vaudois du mill\u00e9sime 2015, en novembre 2016. La formule pla\u00eet puisque des Lauriers de Platine rouges seront organis\u00e9s le 11 mai\u2026","rel":"","context":"Dans &quot;Tendance&quot;","img":{"alt_text":"","src":"https:\/\/i0.wp.com\/www.thomasvino.ch\/wp-content\/uploads\/2016\/11\/terravin_bettems-300x201.jpg?resize=350%2C200","width":350,"height":200},"classes":[]},{"id":13704,"url":"https:\/\/thomasvino.ch\/?p=13704","url_meta":{"origin":16217,"position":4},"title":"5\u00e8me Mondial du Chasselas  Les Vaudois dictent le rythme","date":"24 juin 2016","format":false,"excerpt":"Au 5\u00e8me Mondial du Chasselas, au Ch\u00e2teau d\u2019Aigle, un Morges succ\u00e8de \u00e0 un Morges\u00a0: le Domaine de la Ville c\u00e8de son titre aux Vieilles Vignes 2015 de la coop\u00e9rative Uvavins. Les deux sont labellis\u00e9s Terravin. Pourtant, le vin le mieux not\u00e9 n\u2019est pas celui de la cat\u00e9gorie la plus importante\u2026","rel":"","context":"Dans &quot;Vins suisses&quot;","img":{"alt_text":"","src":"","width":0,"height":0},"classes":[]},{"id":13193,"url":"https:\/\/thomasvino.ch\/?p=13193","url_meta":{"origin":16217,"position":5},"title":"D\u00e9zaley Grand Cru 2013\/14: la grande d\u00e9gustation","date":"17 novembre 2015","format":false,"excerpt":"L'\u00e9dition no 47 de la Revue du Guillon, parue cet \u00e9t\u00e9, a publi\u00e9 un dossier sur le D\u00e9zaley. Ci-dessous, les r\u00e9sultats d'une d\u00e9gustation de 52 vins, par un jury form\u00e9 de Daniel Dufaux, pr\u00e9sident de l'Union suisse des Oenologues, Marco Grognuz, vice-pr\u00e9sident de la commission de d\u00e9gustation du label Terravin,\u2026","rel":"","context":"Dans &quot;R\u00e9cemment d\u00e9gust\u00e9&quot;","img":{"alt_text":"","src":"https:\/\/i0.wp.com\/www.thomasvino.ch\/wp-content\/uploads\/2015\/11\/dez_automne15-300x225.jpg?resize=350%2C200","width":350,"height":200},"classes":[]}],"_links":{"self":[{"href":"https:\/\/thomasvino.ch\/index.php?rest_route=\/wp\/v2\/posts\/16217"}],"collection":[{"href":"https:\/\/thomasvino.ch\/index.php?rest_route=\/wp\/v2\/posts"}],"about":[{"href":"https:\/\/thomasvino.ch\/index.php?rest_route=\/wp\/v2\/types\/post"}],"author":[{"embeddable":true,"href":"https:\/\/thomasvino.ch\/index.php?rest_route=\/wp\/v2\/users\/3"}],"replies":[{"embeddable":true,"href":"https:\/\/thomasvino.ch\/index.php?rest_route=%2Fwp%2Fv2%2Fcomments&post=16217"}],"version-history":[{"count":1,"href":"https:\/\/thomasvino.ch\/index.php?rest_route=\/wp\/v2\/posts\/16217\/revisions"}],"predecessor-version":[{"id":16220,"href":"https:\/\/thomasvino.ch\/index.php?rest_route=\/wp\/v2\/posts\/16217\/revisions\/16220"}],"wp:attachment":[{"href":"https:\/\/thomasvino.ch\/index.php?rest_route=%2Fwp%2Fv2%2Fmedia&parent=16217"}],"wp:term":[{"taxonomy":"category","embeddable":true,"href":"https:\/\/thomasvino.ch\/index.php?rest_route=%2Fwp%2Fv2%2Fcategories&post=16217"},{"taxonomy":"post_tag","embeddable":true,"href":"https:\/\/thomasvino.ch\/index.php?rest_route=%2Fwp%2Fv2%2Ftags&post=16217"}],"curies":[{"name":"wp","href":"https:\/\/api.w.org\/{rel}","templated":true}]}}