{"id":16531,"date":"2020-07-08T15:03:13","date_gmt":"2020-07-08T14:03:13","guid":{"rendered":"https:\/\/thomasvino.ch\/?p=16531"},"modified":"2025-05-07T09:49:46","modified_gmt":"2025-05-07T08:49:46","slug":"quand-le-baron-du-dezaley-boit-rouge","status":"publish","type":"post","link":"https:\/\/thomasvino.ch\/?p=16531","title":{"rendered":"LP Bovard: quand le \u00abbaron\u00bb du D\u00e9zaley boit rouge"},"content":{"rendered":"<p><strong>A 85 ans pass\u00e9s (il est n\u00e9 le 6 avril 1934), le Vaudois Louis-Philippe Bovard a toujours une id\u00e9e d\u2019avance pour les vins de Lavaux. Portrait dans la v\u00e9randa de l\u2019historique Maison Rose de Cully. En 2025, une Fondation est en place pour assurer la suite des activit\u00e9s g\u00e9n\u00e9r\u00e9es par \u00able baron\u00bb. Mais nomm\u00e9 directeur g\u00e9n\u00e9ral du domaine, Fabio Bongulielmi s&rsquo;en va&#8230;<\/strong><\/p>\n<p><em>Par Pierre Thomas, texte et photos*<\/em><\/p>\n<p>Ce matin-l\u00e0 (d\u00e9but mars 2020), il n\u2019a ni sa casquette de marin du L\u00e9man, ni ses lunettes \u00e0 monture noire qui lui donnent un air intemporel d\u2019intellectuel. <strong>On pourrait dresser son portrait comme celui d\u2019un innovateur qui a introduit le sauvignon et le chenin dans les coteaux de Lavaux, comme alternative au chasselas. Ce ne serait pas faux&#8230;<\/strong> A la pr\u00e9sentation du <strong><a href=\"https:\/\/www.arte-vitis.ch\">cercle vertueux de vignerons Arte Vitis<\/a><\/strong>, sur les bords du lac de Zurich, dans l\u2019auberge o\u00f9 officiait alors le chef <strong>Edgard Bovier<\/strong>, un journaliste al\u00e9manique avait du reste compris que ces Vaudois allaient rompre avec le c\u00e9page l\u00e9manique embl\u00e9matique. A tort bien s\u00fbr!<\/p>\n<div id=\"attachment_16461\" style=\"width: 235px\" class=\"wp-caption aligncenter\"><a href=\"https:\/\/thomasvino.ch\/?attachment_id=16461\" rel=\"attachment wp-att-16461\"><img aria-describedby=\"caption-attachment-16461\" data-attachment-id=\"16461\" data-permalink=\"https:\/\/thomasvino.ch\/?attachment_id=16461\" data-orig-file=\"https:\/\/i0.wp.com\/thomasvino.ch\/wp-content\/uploads\/2020\/03\/IMG_5700.jpeg?fit=2448%2C3264&amp;ssl=1\" data-orig-size=\"2448,3264\" data-comments-opened=\"0\" data-image-meta=\"{&quot;aperture&quot;:&quot;2.2&quot;,&quot;credit&quot;:&quot;&quot;,&quot;camera&quot;:&quot;iPhone 6&quot;,&quot;caption&quot;:&quot;&quot;,&quot;created_timestamp&quot;:&quot;1583146681&quot;,&quot;copyright&quot;:&quot;&quot;,&quot;focal_length&quot;:&quot;4.15&quot;,&quot;iso&quot;:&quot;320&quot;,&quot;shutter_speed&quot;:&quot;0.058823529411765&quot;,&quot;title&quot;:&quot;&quot;,&quot;orientation&quot;:&quot;0&quot;}\" data-image-title=\"IMG_5700\" data-image-description=\"\" data-image-caption=\"&lt;p&gt;Le \u00abbaron\u00bb chez lui, avec les trois cuv\u00e9es du Conservatoire du Chasselas et son Epesses bois rouge.&lt;\/p&gt;\n\" data-medium-file=\"https:\/\/i0.wp.com\/thomasvino.ch\/wp-content\/uploads\/2020\/03\/IMG_5700.jpeg?fit=225%2C300&amp;ssl=1\" data-large-file=\"https:\/\/i0.wp.com\/thomasvino.ch\/wp-content\/uploads\/2020\/03\/IMG_5700.jpeg?fit=768%2C1024&amp;ssl=1\" loading=\"lazy\" class=\"size-medium wp-image-16461\" src=\"https:\/\/i0.wp.com\/thomasvino.ch\/wp-content\/uploads\/2020\/03\/IMG_5700.jpeg?resize=225%2C300&#038;ssl=1\" alt=\"\" width=\"225\" height=\"300\" srcset=\"https:\/\/i0.wp.com\/thomasvino.ch\/wp-content\/uploads\/2020\/03\/IMG_5700.jpeg?resize=225%2C300&amp;ssl=1 225w, https:\/\/i0.wp.com\/thomasvino.ch\/wp-content\/uploads\/2020\/03\/IMG_5700.jpeg?resize=768%2C1024&amp;ssl=1 768w, https:\/\/i0.wp.com\/thomasvino.ch\/wp-content\/uploads\/2020\/03\/IMG_5700.jpeg?w=2000&amp;ssl=1 2000w\" sizes=\"(max-width: 225px) 100vw, 225px\" data-recalc-dims=\"1\" \/><\/a><p id=\"caption-attachment-16461\" class=\"wp-caption-text\"><em>Le \u00abbaron\u00bb chez lui, avec les trois cuv\u00e9es du Conservatoire du Chasselas et son Epesses bois rouge, en mars 2020.<\/em><\/p><\/div>\n<p>Economiste de formation, ex-directeur \u00e0 l\u2019Office des vins vaudois et au Comptoir suisse, revenu dans le domaine familial \u2014 dixi\u00e8me g\u00e9n\u00e9ration \u2014 sur le tard, en 1983, \u00e0 pr\u00e8s de 50 ans,\u00a0<strong>Louis-Philippe Bovard<\/strong> a toujours entretenu de bonnes relations avec les grands chefs qu\u2019\u00e9taient le B\u00e2lois <strong>Hans Stucki<\/strong> et le Vaudois <strong>Fr\u00e9dy Girardet<\/strong>, laur\u00e9at du <strong><a href=\"https:\/\/thomasvino.ch\/?p=16672\">M\u00e9rite culinaire suisse d&rsquo;honneur<\/a><\/strong>, en juin 2020.\u00a0<em>\u00abIls m\u2019avaient dit\u00a0: avec notre cuisine, ce vin d\u2019ap\u00e9ritif ne passe pas.\u00bb<\/em> Alors, dans les ann\u00e9es 1990, le Vaudois s\u2019en va sillonner plusieurs fois par an les vignobles de la Loire et de l\u2019Alsace \u00e0 la recherche d\u2019une panac\u00e9e.<\/p>\n<h4><strong>Au-del\u00e0 du chasselas\u2026<\/strong><\/h4>\n<p>A condition de le planter dans un sol qui lui correspond, le sauvignon donne des vins int\u00e9ressants, m\u00eame \u00e0 Lavaux. Tir\u00e9s d\u20191,5 ha de vigne, les deux qu\u2019il propose, le <em>\u00abBuxus\u00bb<\/em>, sur les graves caillouteuses de Cully, et le <em>\u00abRibex\u00bb<\/em>, passent en barriques fran\u00e7aises. Quant au chenin (plant\u00e9 sur un demi-hectare), il figure dans trois versions\u00a0: un vin sec, un vin doux et un vin passerill\u00e9. Et il arrive, parfois, au producteur, de renoncer \u00e0 ce qui fut une <em>\u00abriche id\u00e9e\u00bb<\/em>, au d\u00e9part, comme ce viognier\u2026 Ou alors \u00e0 la viticulture <em>\u00abbio\u00bb<\/em>\u00a0: il s\u2019y est essay\u00e9 sur quelques parcelles, puis a jet\u00e9 l&rsquo;\u00e9ponge d\u00e8s 2014, en raison notamment de la concurrence n\u00e9gative de l\u2019enherbement pour la vigne, l\u00e0 o\u00f9 le sol, sur la roche-m\u00e8re, est peu profond, notamment dans le D\u00e9zaley.<\/p>\n<p>En rouge, en petite minorit\u00e9, le domaine propose des assemblages\u00a0: une entr\u00e9e de gamme, en pinot-merlot, <em>\u00abLa Press\u00e9e\u00bb<\/em>, un D\u00e9zaley rouge <em>\u00abGrande Cuv\u00e9e\u00bb<\/em>, en merlot avec un peu de syrah, et, \u00e0 l\u2019inverse, la <em>\u00abCuv\u00e9e Louis\u00bb<\/em>, \u00e0 majorit\u00e9 syrah, avec une touche de merlot, de Saint-Saphorin. Le tout \u00e9lev\u00e9 en barriques\u00a0: un parc de 400 f\u00fbts o\u00f9 sont affin\u00e9s les vins. Pourquoi avoir renonc\u00e9 au monoc\u00e9page, alors qu\u2019on avait go\u00fbt\u00e9 un remarquable merlot pur? <em>\u00abJ\u2019ai cr\u00e9\u00e9 un type de rouge que les gens appr\u00e9cient beaucoup\u00bb<\/em>, r\u00e9pond sobrement celui qui distribue ces vins \u00e0 80% en Suisse al\u00e9manique. Et le concepteur de ses \u00e9tiquettes, <strong>Michel Logoz<\/strong>, son a\u00een\u00e9 (d&rsquo;une courte longueur&#8230;), consid\u00e8re ces assemblages comme <em>\u00ables meilleurs vins rouges vaudois\u00bb<\/em>.<\/p>\n<h4><strong>\u2026et retour au chasselas\u00a0!<\/strong><\/h4>\n<p>Ces exp\u00e9rimentations en cave, suivies depuis trente ans par un consultant des C\u00f4tes-du-Rh\u00f4ne, sur les levures et l&rsquo;\u00e9levage, <strong>Louis-Philippe Bovard<\/strong> les applique aussi au chasselas. Car, malgr\u00e9 sa diversification, son domaine de 18 hectares, avec l\u2019apport de la vendange de son fr\u00e8re et de sa s\u0153ur, reste \u00e0 70% d\u00e9di\u00e9 au c\u00e9page blanc local. <em>\u00abPour garder de l\u2019acidit\u00e9 au chasselas, j\u2019ai propos\u00e9 de l\u2019Epesses, puis du Saint-Saphorin, sans la deuxi\u00e8me fermentation, la malolactique. Puis, finalement, du Calamin, qui a plus de structure\u00a0: ce dernier choix ne s\u2019est jamais d\u00e9menti en 30 ans\u00a0!\u00bb<\/em> C\u2019est l\u2019<em>\u00abIllex\u00bb<\/em>, \u00e9lev\u00e9 en f\u00fbts anciens et en f\u00fbts neufs, tandis qu\u2019un Saint-Saphorin, appel\u00e9 <em>\u00abFum\u00e9\u00bb<\/em>, passe en bois neuf. Son \u00e9tiquette-phare reste le D\u00e9zaley <em>La M\u00e9dinette<\/em>, un classique qui fait partie du <strong><a href=\"http:\/\/www.mdvs.ch\/fr\/vins\/vaud\/dezaley-grand-cru-medinette.html\"><em>\u00abtr\u00e9sor\u00bb<\/em>\u00a0de la M\u00e9moire des vins suisses<\/a><\/strong>, rassemblant l\u2019\u00e9lite des vins du pays. <em>(via le lien, des commentaires de d\u00e9gustation des mill\u00e9simes de 1999 \u00e0 2016, r\u00e9guli\u00e8rement mis \u00e0 jour et dont plusieurs sont sign\u00e9s par moi)<\/em><\/p>\n<div id=\"attachment_16462\" style=\"width: 310px\" class=\"wp-caption aligncenter\"><a href=\"https:\/\/thomasvino.ch\/?attachment_id=16462\" rel=\"attachment wp-att-16462\"><img aria-describedby=\"caption-attachment-16462\" data-attachment-id=\"16462\" data-permalink=\"https:\/\/thomasvino.ch\/?attachment_id=16462\" data-orig-file=\"https:\/\/i0.wp.com\/thomasvino.ch\/wp-content\/uploads\/2020\/03\/jap_ovv_bovard.jpg?fit=1803%2C1233&amp;ssl=1\" data-orig-size=\"1803,1233\" data-comments-opened=\"0\" data-image-meta=\"{&quot;aperture&quot;:&quot;2.8&quot;,&quot;credit&quot;:&quot;&quot;,&quot;camera&quot;:&quot;DMC-LX1&quot;,&quot;caption&quot;:&quot;&quot;,&quot;created_timestamp&quot;:&quot;1378103500&quot;,&quot;copyright&quot;:&quot;&quot;,&quot;focal_length&quot;:&quot;6.3&quot;,&quot;iso&quot;:&quot;100&quot;,&quot;shutter_speed&quot;:&quot;0.033333333333333&quot;,&quot;title&quot;:&quot;&quot;,&quot;orientation&quot;:&quot;1&quot;}\" data-image-title=\"jap_ovv_bovard\" data-image-description=\"\" data-image-caption=\"&lt;p&gt;Louis-Philippe Bovard \u00e0 Tokyo, en 2013: il a export\u00e9, surtout \u00e0 New York, des chasselas, et notamment d&amp;rsquo;anciens mill\u00e9simes&#8230;&lt;\/p&gt;\n\" data-medium-file=\"https:\/\/i0.wp.com\/thomasvino.ch\/wp-content\/uploads\/2020\/03\/jap_ovv_bovard.jpg?fit=300%2C205&amp;ssl=1\" data-large-file=\"https:\/\/i0.wp.com\/thomasvino.ch\/wp-content\/uploads\/2020\/03\/jap_ovv_bovard.jpg?fit=1024%2C700&amp;ssl=1\" loading=\"lazy\" class=\"size-medium wp-image-16462\" src=\"https:\/\/i0.wp.com\/thomasvino.ch\/wp-content\/uploads\/2020\/03\/jap_ovv_bovard.jpg?resize=300%2C205&#038;ssl=1\" alt=\"\" width=\"300\" height=\"205\" srcset=\"https:\/\/i0.wp.com\/thomasvino.ch\/wp-content\/uploads\/2020\/03\/jap_ovv_bovard.jpg?resize=300%2C205&amp;ssl=1 300w, https:\/\/i0.wp.com\/thomasvino.ch\/wp-content\/uploads\/2020\/03\/jap_ovv_bovard.jpg?resize=768%2C525&amp;ssl=1 768w, https:\/\/i0.wp.com\/thomasvino.ch\/wp-content\/uploads\/2020\/03\/jap_ovv_bovard.jpg?resize=1024%2C700&amp;ssl=1 1024w, https:\/\/i0.wp.com\/thomasvino.ch\/wp-content\/uploads\/2020\/03\/jap_ovv_bovard.jpg?w=1803&amp;ssl=1 1803w\" sizes=\"(max-width: 300px) 100vw, 300px\" data-recalc-dims=\"1\" \/><\/a><p id=\"caption-attachment-16462\" class=\"wp-caption-text\"><em>Louis-Philippe Bovard \u00e0 Tokyo, en 2013: il a export\u00e9, surtout \u00e0 New York, des chasselas, et notamment d&rsquo;anciens mill\u00e9simes&#8230;<\/em><\/p><\/div>\n<p>Le <em>\u00abbaron du D\u00e9zaley\u00bb<\/em> \u2014 <strong>Louis-Philippe Bovard<\/strong> figurait, en 1994, parmi les fondateurs de La Baronnie du D\u00e9zaley, groupement de producteurs attach\u00e9s \u00e0 la qualit\u00e9 sup\u00e9rieure de ce terroir exceptionnel en balcon sur le L\u00e9man \u2014 a pouss\u00e9 le bouchon encore plus loin\u2026 La M\u00e9moire et la Baronnie sont bas\u00e9es sur un axiome que le producteur r\u00e9sume\u00a0: <em>\u00abLes grands vins se justifient dans la mesure o\u00f9 ils ont un potentiel de vieillissement.\u00bb<\/em> Encore faut-il le d\u00e9montrer avec le chasselas\u2026<\/p>\n<p>Aujourd\u2019hui, les <em>\u00abvieux chasselas\u00bb<\/em> sont \u00e0 la mode. Pourtant, \u00e0 vue humaines, ils proviennent d\u2019une seule forme de chasselas, tir\u00e9e du <em>\u00abfendant roux\u00bb<\/em>, la <em>\u00abhaute s\u00e9lection\u00bb<\/em> mise au point par les chercheurs des stations f\u00e9d\u00e9rales en 1945. <em>\u00abApr\u00e8s son introduction et le gel de 1956, en moins de dix ans, tout le vignoble vaudois a \u00e9t\u00e9 reconstitu\u00e9 avec du fendant roux.\u00bb<\/em> En 60 ans, les choses ont chang\u00e9\u00a0: transformation de la culture du vignoble, baisse des rendements en accord avec le fl\u00e9chissement de la consommation du chasselas, r\u00e9chauffement climatique\u2026 <em>\u00abAvec <strong>Fran\u00e7ois Murisier<\/strong>, l\u2019ancien patron des essais viticoles \u00e0 Changins, j\u2019avais suivi l\u2019\u00e9tude des terroirs et des climats. Les scientifiques avaient aussi une collection de vieux plants de chasselas \u00e0 Pully. En 2008, on a pr\u00e9sent\u00e9 un projet de Conservatoire du chasselas \u00e0 un concours des Retraites populaires. Et on l\u2019a gagn\u00e9\u00a0!\u00bb<\/em><\/p>\n<h4><strong>S\u00e9lectionner et replanter de nouveaux biotypes<\/strong><\/h4>\n<p>Ce fut un tournant majeur dans la recherche autour de la p\u00e9rennisation du c\u00e9page l\u00e9manique. Dix-neufs <em>\u00abbiotypes\u00bb<\/em>, des clones en r\u00e9alit\u00e9<em>,<\/em> du c\u00e9page d&rsquo;origine l\u00e9manique ont \u00e9t\u00e9 plant\u00e9s \u00e0 Rivaz et cinq a plus large \u00e9chelle, vinifi\u00e9s s\u00e9par\u00e9ment d\u00e8s 2012 et d\u00e9gust\u00e9s en comparaison avec l\u2019omnipr\u00e9sent <em>\u00abfendant roux\u00bb<\/em>.<\/p>\n<p>Ce qui est valable pour Lavaux l\u2019est-il pour La C\u00f4te\u00a0? Chez <strong>Laura, fille de<\/strong>\u00a0<strong>Raymond Paccot<\/strong>, \u00e0 F\u00e9chy \u2014 autre membre d&rsquo;Arte Vitis et de la M\u00e9moire des vins suisses \u2014, on r\u00e9coltera et vinifiera, cet automne, les premiers raisins d\u2019une r\u00e9pliquedu Conservatoire de Rivaz, cultiv\u00e9e en biodynamie, sur une parcelle enherb\u00e9e du Petit Clos, \u00e0 Mont-sur-Rolle.<\/p>\n<p>Et le travail continue\u00a0: aujourd\u2019hui, pr\u00e8s de 300 clones de chasselas int\u00e9ressent les chercheurs. <strong>Louis-Philippe Bovard<\/strong> en a d\u00e9j\u00e0 tir\u00e9 une application pratique. Les essais de vinification \u00e0 Rivaz, sur six mill\u00e9simes, ont montr\u00e9 que deux clones\u00a0de chasselas donnent des r\u00e9sultats int\u00e9ressants\u00a0: le <em>\u00abbois rouge\u00bb<\/em> et le <em>\u00abgiclet\u00bb<\/em>. Le producteur en a donc plant\u00e9 15&rsquo;000 pieds issus de s\u00e9lection dite massale. Il a mis en bouteille un premier lot de 1500 flacons d\u2019une cuv\u00e9e <em>\u00abBois rouge\u00bb<\/em> de Villette 2018. Il devrait doubler la mise avec le 2019. Et proposer le r\u00e9sultat d\u2019un hectare et demi en 2020. Et peut-\u00eatre, pour cet amoureux de la typologie des terroirs, de trois lieux de production diff\u00e9rents, Villette, Saint-Saphorin et Epesses.<\/p>\n<p><em>\u00abUn chasselas avec fermentation malolactique qui garde toute sa fra\u00eecheur, moi j\u2019y crois\u00bb<\/em>, mart\u00e8le le visionnaire qui a presque tout essay\u00e9 dans le vignoble de Lavaux. Un <em>\u00abbaron\u00bb<\/em> qu\u2019assistent d\u00e9sormais deux <strong>Fabio(s), Penta<\/strong>, pour la vinification, et <strong>Bongulielmi<\/strong>, pour la commercialisation et la relance de l\u2019export. L&rsquo;exp\u00e9rience d&rsquo;un directeur g\u00e9n\u00e9ral \u00e0 la place du baron n&rsquo;aura dur\u00e9 que quelques mois: nomm\u00e9 \u00e0 ce poste apr\u00e8s pr\u00e8s de cinq ans aux c\u00f4t\u00e9s de <strong>LP Bovard, Fabio Bongulielmi<\/strong> est parti au d\u00e9but mai 2025. Dans les vignes, domaine travaille avec six vignerons <em>\u00ab\u00e0 la t\u00e2che\u00bb<\/em>, sous la coordination du vigneron rompu \u00e0 l\u2019exercice, <strong>Pierre Fontannaz<\/strong>. Et la p\u00e9rennit\u00e9 du domaine sera assur\u00e9e par une fondation, pr\u00e9sid\u00e9e par le <em>\u00abbaron\u00bb<\/em> lui-m\u00eame, qui, soit dit en passant, n&rsquo;a jamais effleur\u00e9 le clavier d&rsquo;un ordinateur, avec son \u00e9pouse,<strong> Anne-Christine<\/strong>, de huit ans sa cadette (d\u00e9c\u00e9d\u00e9e brusquement en juin 2021, \u00e0 79 ans).*<\/p>\n<h3>Arracher 300 hectares et adh\u00e9rer au syst\u00e8me AOC bourguignon<\/h3>\n<p>On l&rsquo;a dit: <strong>Louis-Philippe Bovard<\/strong> a souvent une id\u00e9e d&rsquo;avance. Lui qui a connu les crises de 1946, 1960, 1982, 1999, <em>\u00abaux causes diverses, mais aux m\u00eames effets, soit une production non adapt\u00e9e \u00e0 la consommation\u00bb<\/em>.<\/p>\n<p>En pleine crise du Covid-19, en mars 2020, il a \u00e9crit au Conseil d&rsquo;Etat pour lui proposer un \u00abplan d&rsquo;\u00e9quilibrage\u00bb du vignoble vaudois sur 5 ans. Il plaide pour une r\u00e9duction des quotas \u00e0 800 g\/m2 <em>\u00abavec maintien des prix\u00bb<\/em>. L&rsquo;Etat de Vaud a pench\u00e9 pour <strong><a href=\"https:\/\/thomasvino.ch\/?p=16683\">des quotas 2020<\/a><\/strong> \u00e0 1 kg au m2 pour le chasselas sur la majorit\u00e9 du vignoble et 800 g au m2 pour les c\u00e9pages rouges. Les vignerons-t\u00e2cherons devraient renoncer \u00e0 la prime \u00e0 l&rsquo;int\u00e9ressement \u00e0 la r\u00e9colte. Le canton prendrait en charge la taxe de l&rsquo;OVV (dont les propri\u00e9taires et vignerons sont lib\u00e9r\u00e9s pour 2020&#8230;). Mise en place\u00a0d\u2019un blocage de financement de la r\u00e9colte \u00e0 taux z\u00e9ro d\u00e8s le mois de mai (au taux identique \u00e0 celui des avances faites par la Conf\u00e9d\u00e9ration dans le cadre du Covid-19).<\/p>\n<p>Le baron de Cully propose d&rsquo;arracher 300 hectares du vignoble (un peu moins de 10%), contre un paiement par l&rsquo;Etat de 15 francs par m\u00e8tre carr\u00e9, soit une prime \u00e0 ceux qui ne r\u00e9colteront pas en 2020 et 2021. Enfin, <em>\u00abune refondation des AOC vaudoises par analogie au syst\u00e8me bourguignon, euro-compatible\u00bb. <\/em><\/p>\n<p>On pourrait s&rsquo;imaginer que la crise structurelle et conjoncturelle de 2020 ouvrirait les esprits, mais la base des vignerons vaudois, selon notre sondage, n&rsquo;est pas pr\u00eate \u00e0 discuter d&rsquo;un nouveau r\u00e9gime des AOP &#8211; IGP.<\/p>\n<p>*<em>Version longue d\u2019un article paru en juillet 2020 dans le magazine <\/em>Regards<em>, des palaces de la Fondation Sandoz (Beau-Rivage Palace, Lausanne-Palace, etc.) et de la banque Landolt &amp; Cie, compl\u00e9t\u00e9 par les infos actualis\u00e9es de L.-P. Bovard. Ajout du d\u00e9part de Fabio Bongulielmi en mai 2025.<\/em><\/p>\n<p><em>\u00a9thomasvino.ch<\/em><\/p>\n","protected":false},"excerpt":{"rendered":"<p>A 85 ans pass\u00e9s (il est n\u00e9 le 6 avril 1934), le Vaudois Louis-Philippe Bovard a toujours une id\u00e9e d\u2019avance pour les vins de Lavaux. Portrait dans la v\u00e9randa de l\u2019historique Maison Rose de Cully. En 2025, une Fondation est en place pour assurer la suite des activit\u00e9s g\u00e9n\u00e9r\u00e9es par \u00able baron\u00bb. Mais nomm\u00e9 directeur [&hellip;]<\/p>\n","protected":false},"author":3,"featured_media":0,"comment_status":"closed","ping_status":"open","sticky":false,"template":"","format":"standard","meta":{"_monsterinsights_skip_tracking":false,"_monsterinsights_sitenote_active":false,"_monsterinsights_sitenote_note":"","_monsterinsights_sitenote_category":0,"jetpack_post_was_ever_published":false,"jetpack_publicize_message":"","jetpack_is_tweetstorm":false,"jetpack_publicize_feature_enabled":true,"jetpack_social_post_already_shared":true,"jetpack_social_options":{"image_generator_settings":{"template":"highway","enabled":false}}},"categories":[3],"tags":[],"jetpack_publicize_connections":[],"yoast_head":"<!-- This site is optimized with the Yoast SEO plugin v20.6 - https:\/\/yoast.com\/wordpress\/plugins\/seo\/ -->\n<title>LP Bovard: quand le \u00abbaron\u00bb du D\u00e9zaley boit rouge - thomasvino<\/title>\n<meta name=\"robots\" content=\"index, follow, max-snippet:-1, max-image-preview:large, max-video-preview:-1\" \/>\n<link rel=\"canonical\" href=\"https:\/\/thomasvino.ch\/?p=16531\" \/>\n<meta property=\"og:locale\" content=\"fr_FR\" \/>\n<meta property=\"og:type\" content=\"article\" \/>\n<meta property=\"og:title\" content=\"LP Bovard: quand le \u00abbaron\u00bb du D\u00e9zaley boit rouge - thomasvino\" \/>\n<meta property=\"og:description\" content=\"A 85 ans pass\u00e9s (il est n\u00e9 le 6 avril 1934), le Vaudois Louis-Philippe Bovard a toujours une id\u00e9e d\u2019avance pour les vins de Lavaux. Portrait dans la v\u00e9randa de l\u2019historique Maison Rose de Cully. En 2025, une Fondation est en place pour assurer la suite des activit\u00e9s g\u00e9n\u00e9r\u00e9es par \u00able baron\u00bb. Mais nomm\u00e9 directeur [&hellip;]\" \/>\n<meta property=\"og:url\" content=\"https:\/\/thomasvino.ch\/?p=16531\" \/>\n<meta property=\"og:site_name\" content=\"thomasvino\" \/>\n<meta property=\"article:published_time\" content=\"2020-07-08T14:03:13+00:00\" \/>\n<meta property=\"article:modified_time\" content=\"2025-05-07T08:49:46+00:00\" \/>\n<meta property=\"og:image\" content=\"https:\/\/thomasvino.ch\/wp-content\/uploads\/2020\/03\/IMG_5700-225x300.jpeg\" \/>\n<meta name=\"author\" content=\"Pierre Thomas\" \/>\n<meta name=\"twitter:label1\" content=\"\u00c9crit par\" \/>\n\t<meta name=\"twitter:data1\" content=\"Pierre Thomas\" \/>\n\t<meta name=\"twitter:label2\" content=\"Dur\u00e9e de lecture estim\u00e9e\" \/>\n\t<meta name=\"twitter:data2\" content=\"9 minutes\" \/>\n<script type=\"application\/ld+json\" class=\"yoast-schema-graph\">{\"@context\":\"https:\/\/schema.org\",\"@graph\":[{\"@type\":\"WebPage\",\"@id\":\"https:\/\/thomasvino.ch\/?p=16531\",\"url\":\"https:\/\/thomasvino.ch\/?p=16531\",\"name\":\"LP Bovard: quand le \u00abbaron\u00bb du D\u00e9zaley boit rouge - thomasvino\",\"isPartOf\":{\"@id\":\"https:\/\/thomasvino.ch\/#website\"},\"datePublished\":\"2020-07-08T14:03:13+00:00\",\"dateModified\":\"2025-05-07T08:49:46+00:00\",\"author\":{\"@id\":\"https:\/\/thomasvino.ch\/#\/schema\/person\/670bf4486fe81152cf1d68bd585e062e\"},\"breadcrumb\":{\"@id\":\"https:\/\/thomasvino.ch\/?p=16531#breadcrumb\"},\"inLanguage\":\"fr-FR\",\"potentialAction\":[{\"@type\":\"ReadAction\",\"target\":[\"https:\/\/thomasvino.ch\/?p=16531\"]}]},{\"@type\":\"BreadcrumbList\",\"@id\":\"https:\/\/thomasvino.ch\/?p=16531#breadcrumb\",\"itemListElement\":[{\"@type\":\"ListItem\",\"position\":1,\"name\":\"Accueil\",\"item\":\"https:\/\/thomasvino.ch\/\"},{\"@type\":\"ListItem\",\"position\":2,\"name\":\"LP Bovard: quand le \u00abbaron\u00bb du D\u00e9zaley boit rouge\"}]},{\"@type\":\"WebSite\",\"@id\":\"https:\/\/thomasvino.ch\/#website\",\"url\":\"https:\/\/thomasvino.ch\/\",\"name\":\"thomasvino\",\"description\":\"Vins &amp; Gastronomie\",\"potentialAction\":[{\"@type\":\"SearchAction\",\"target\":{\"@type\":\"EntryPoint\",\"urlTemplate\":\"https:\/\/thomasvino.ch\/?s={search_term_string}\"},\"query-input\":\"required name=search_term_string\"}],\"inLanguage\":\"fr-FR\"},{\"@type\":\"Person\",\"@id\":\"https:\/\/thomasvino.ch\/#\/schema\/person\/670bf4486fe81152cf1d68bd585e062e\",\"name\":\"Pierre Thomas\",\"image\":{\"@type\":\"ImageObject\",\"inLanguage\":\"fr-FR\",\"@id\":\"https:\/\/thomasvino.ch\/#\/schema\/person\/image\/\",\"url\":\"https:\/\/secure.gravatar.com\/avatar\/91fd5a76647f140e53db987a0dead4d7?s=96&d=mm&r=g\",\"contentUrl\":\"https:\/\/secure.gravatar.com\/avatar\/91fd5a76647f140e53db987a0dead4d7?s=96&d=mm&r=g\",\"caption\":\"Pierre Thomas\"},\"url\":\"https:\/\/thomasvino.ch\/?author=3\"}]}<\/script>\n<!-- \/ Yoast SEO plugin. -->","yoast_head_json":{"title":"LP Bovard: quand le \u00abbaron\u00bb du D\u00e9zaley boit rouge - thomasvino","robots":{"index":"index","follow":"follow","max-snippet":"max-snippet:-1","max-image-preview":"max-image-preview:large","max-video-preview":"max-video-preview:-1"},"canonical":"https:\/\/thomasvino.ch\/?p=16531","og_locale":"fr_FR","og_type":"article","og_title":"LP Bovard: quand le \u00abbaron\u00bb du D\u00e9zaley boit rouge - thomasvino","og_description":"A 85 ans pass\u00e9s (il est n\u00e9 le 6 avril 1934), le Vaudois Louis-Philippe Bovard a toujours une id\u00e9e d\u2019avance pour les vins de Lavaux. Portrait dans la v\u00e9randa de l\u2019historique Maison Rose de Cully. En 2025, une Fondation est en place pour assurer la suite des activit\u00e9s g\u00e9n\u00e9r\u00e9es par \u00able baron\u00bb. Mais nomm\u00e9 directeur [&hellip;]","og_url":"https:\/\/thomasvino.ch\/?p=16531","og_site_name":"thomasvino","article_published_time":"2020-07-08T14:03:13+00:00","article_modified_time":"2025-05-07T08:49:46+00:00","og_image":[{"url":"https:\/\/thomasvino.ch\/wp-content\/uploads\/2020\/03\/IMG_5700-225x300.jpeg"}],"author":"Pierre Thomas","twitter_misc":{"\u00c9crit par":"Pierre Thomas","Dur\u00e9e de lecture estim\u00e9e":"9 minutes"},"schema":{"@context":"https:\/\/schema.org","@graph":[{"@type":"WebPage","@id":"https:\/\/thomasvino.ch\/?p=16531","url":"https:\/\/thomasvino.ch\/?p=16531","name":"LP Bovard: quand le \u00abbaron\u00bb du D\u00e9zaley boit rouge - thomasvino","isPartOf":{"@id":"https:\/\/thomasvino.ch\/#website"},"datePublished":"2020-07-08T14:03:13+00:00","dateModified":"2025-05-07T08:49:46+00:00","author":{"@id":"https:\/\/thomasvino.ch\/#\/schema\/person\/670bf4486fe81152cf1d68bd585e062e"},"breadcrumb":{"@id":"https:\/\/thomasvino.ch\/?p=16531#breadcrumb"},"inLanguage":"fr-FR","potentialAction":[{"@type":"ReadAction","target":["https:\/\/thomasvino.ch\/?p=16531"]}]},{"@type":"BreadcrumbList","@id":"https:\/\/thomasvino.ch\/?p=16531#breadcrumb","itemListElement":[{"@type":"ListItem","position":1,"name":"Accueil","item":"https:\/\/thomasvino.ch\/"},{"@type":"ListItem","position":2,"name":"LP Bovard: quand le \u00abbaron\u00bb du D\u00e9zaley boit rouge"}]},{"@type":"WebSite","@id":"https:\/\/thomasvino.ch\/#website","url":"https:\/\/thomasvino.ch\/","name":"thomasvino","description":"Vins &amp; Gastronomie","potentialAction":[{"@type":"SearchAction","target":{"@type":"EntryPoint","urlTemplate":"https:\/\/thomasvino.ch\/?s={search_term_string}"},"query-input":"required name=search_term_string"}],"inLanguage":"fr-FR"},{"@type":"Person","@id":"https:\/\/thomasvino.ch\/#\/schema\/person\/670bf4486fe81152cf1d68bd585e062e","name":"Pierre Thomas","image":{"@type":"ImageObject","inLanguage":"fr-FR","@id":"https:\/\/thomasvino.ch\/#\/schema\/person\/image\/","url":"https:\/\/secure.gravatar.com\/avatar\/91fd5a76647f140e53db987a0dead4d7?s=96&d=mm&r=g","contentUrl":"https:\/\/secure.gravatar.com\/avatar\/91fd5a76647f140e53db987a0dead4d7?s=96&d=mm&r=g","caption":"Pierre Thomas"},"url":"https:\/\/thomasvino.ch\/?author=3"}]}},"jetpack_featured_media_url":"","jetpack_sharing_enabled":true,"jetpack_shortlink":"https:\/\/wp.me\/p3m4tZ-4iD","jetpack_likes_enabled":false,"jetpack-related-posts":[{"id":9065,"url":"https:\/\/thomasvino.ch\/?p=9065","url_meta":{"origin":16531,"position":0},"title":"Vaud \u2014 Nouvelle cave pour les 75 ans de Louis-Philippe Bovard","date":"27 ao\u00fbt 2010","format":false,"excerpt":"Domaine Bovard, Cully A grand baron, joli pressoir P\u00e8re de x id\u00e9es concr\u00e9tis\u00e9es dans le vignoble vaudois, Louis-Philippe Bovard \u00e9trenne le cadeau de sa femme Anne-Christine, pour ses 75 ans\u00a0: une cave ultramoderne lov\u00e9e dans le vieux Cully. Par Pierre Thomas Il avait choisi la Saint-Louis, soit avant-hier, pour f\u00eater\u2026","rel":"","context":"Dans &quot;Vins suisses&quot;","img":{"alt_text":"","src":"","width":0,"height":0},"classes":[]},{"id":9350,"url":"https:\/\/thomasvino.ch\/?p=9350","url_meta":{"origin":16531,"position":1},"title":"Vaud \u2014 Le chasselas \u00absans malo\u00bb sign\u00e9 Bovard &#038; Cie","date":"28 mars 2012","format":false,"excerpt":"L'Ilex de Louis-Philippe Bovard Dix mill\u00e9simes de chasselas iconoclaste C\u2019\u00e9tait un d\u00e9fi de Fr\u00e9dy Girardet, souffl\u00e9 par feue Catherine Michel: fournir \u00e0 la haute gastronomie un vin blanc suisse qui tienne la table. Le producteur de Cully Louis-Philippe Bovard a relev\u00e9 le gant. Avec un chasselas sans fermentation malolactique. L\u2019autre\u2026","rel":"","context":"Dans &quot;Vins suisses&quot;","img":{"alt_text":"site_bovard_meyer.jpg","src":"img\/site_bovard_meyer.jpg","width":350,"height":200},"classes":[]},{"id":12589,"url":"https:\/\/thomasvino.ch\/?p=12589","url_meta":{"origin":16531,"position":2},"title":"eParker s\u2019offre LP Bovard","date":"2 mars 2015","format":false,"excerpt":"Voil\u00e0 qui va faire causer dans les carnotzets de Lavaux et d\u2019ailleurs\u00a0: le site (payant) eRobertParker.com classe pas moins de 14 vins de Louis-Philippe Bovard en t\u00eate d\u2019une d\u00e9gustation \u2014 en principe \u2014 consacr\u00e9e \u00e0 des chasselas suisses. Par Pierre Thomas On dit en principe, car deux rouges de Bovard\u2026","rel":"","context":"Dans &quot;Actus - News&quot;","img":{"alt_text":"","src":"","width":0,"height":0},"classes":[]},{"id":9553,"url":"https:\/\/thomasvino.ch\/?p=9553","url_meta":{"origin":16531,"position":3},"title":"Vaud \u2014 L.-Ph. Bovard, baron tous azimuts","date":"16 janvier 2005","format":false,"excerpt":"Louis-Philippe Bovard, un baron tous azimuts A bient\u00f4t 70 ans, Louis-Philippe Bovard reste, plus que jamais, un des vignerons vaudois les plus dynamiques. Portrait d'un sage qui a particip\u00e9 \u00e0 (presque) tous les projets du renouveau viti-vinicole de son pays. Par Pierre Thomas \u00abJe pourrais \u00eatre leur p\u00e8re \u00e0 presque\u2026","rel":"","context":"Dans &quot;Vins suisses&quot;","img":{"alt_text":"","src":"","width":0,"height":0},"classes":[]},{"id":18411,"url":"https:\/\/thomasvino.ch\/?p=18411","url_meta":{"origin":16531,"position":4},"title":"Bonne bouche: un Vaudois iconoclaste","date":"16 avril 2024","format":false,"excerpt":"Au moment o\u00f9 le monde vitivinicole vaudois souhaite changer le moins possible son cadre l\u00e9gal, le consommateur devrait privil\u00e9gier que du \u00abgrand cru\u00bb (ou du \u00ab1er grand cru\u00bb). C\u2019est, en effet, la seule garantie que le chasselas contenu dans une bouteille corresponde vraiment au pedigree figurant sur l\u2019\u00e9tiquette. A Lavaux,\u2026","rel":"","context":"Dans &quot;Bonne bouche \u2014 encore!&quot;","img":{"alt_text":"","src":"https:\/\/i0.wp.com\/thomasvino.ch\/wp-content\/uploads\/2024\/04\/encore_0424-Calamin-Bovard-Bovard-2022-200x300.jpg?resize=350%2C200&ssl=1","width":350,"height":200},"classes":[]},{"id":15990,"url":"https:\/\/thomasvino.ch\/?p=15990","url_meta":{"origin":16531,"position":5},"title":"Vins suisses: clins d\u2019\u0153il et trompe-l\u2019\u0153il","date":"11 septembre 2019","format":false,"excerpt":"M\u00eame format, m\u00eame nombre de pages (190), m\u00eame couverture souple\u00a0: \u00abSwiss Wine\u00bb de la journaliste anglaise Sue Style et \u00abLes 73 vins \u00e0 boire pendant et apr\u00e8s la F\u00eate des Vignerons 2019\u00bb, du sommelier J\u00e9r\u00f4me Ak\u00e9 B\u00e9da, appr\u00e9hendent le m\u00eame sujet, au moment o\u00f9 Swiss Wine Promotion publie une int\u00e9ressante\u2026","rel":"","context":"Dans &quot;Tendance&quot;","img":{"alt_text":"","src":"","width":0,"height":0},"classes":[]}],"_links":{"self":[{"href":"https:\/\/thomasvino.ch\/index.php?rest_route=\/wp\/v2\/posts\/16531"}],"collection":[{"href":"https:\/\/thomasvino.ch\/index.php?rest_route=\/wp\/v2\/posts"}],"about":[{"href":"https:\/\/thomasvino.ch\/index.php?rest_route=\/wp\/v2\/types\/post"}],"author":[{"embeddable":true,"href":"https:\/\/thomasvino.ch\/index.php?rest_route=\/wp\/v2\/users\/3"}],"replies":[{"embeddable":true,"href":"https:\/\/thomasvino.ch\/index.php?rest_route=%2Fwp%2Fv2%2Fcomments&post=16531"}],"version-history":[{"count":6,"href":"https:\/\/thomasvino.ch\/index.php?rest_route=\/wp\/v2\/posts\/16531\/revisions"}],"predecessor-version":[{"id":18614,"href":"https:\/\/thomasvino.ch\/index.php?rest_route=\/wp\/v2\/posts\/16531\/revisions\/18614"}],"wp:attachment":[{"href":"https:\/\/thomasvino.ch\/index.php?rest_route=%2Fwp%2Fv2%2Fmedia&parent=16531"}],"wp:term":[{"taxonomy":"category","embeddable":true,"href":"https:\/\/thomasvino.ch\/index.php?rest_route=%2Fwp%2Fv2%2Fcategories&post=16531"},{"taxonomy":"post_tag","embeddable":true,"href":"https:\/\/thomasvino.ch\/index.php?rest_route=%2Fwp%2Fv2%2Ftags&post=16531"}],"curies":[{"name":"wp","href":"https:\/\/api.w.org\/{rel}","templated":true}]}}