{"id":16552,"date":"2020-04-16T16:51:50","date_gmt":"2020-04-16T15:51:50","guid":{"rendered":"https:\/\/thomasvino.ch\/?p=16552"},"modified":"2020-04-16T16:51:50","modified_gmt":"2020-04-16T15:51:50","slug":"fenaco-obtient-le-controle-de-provins","status":"publish","type":"post","link":"https:\/\/thomasvino.ch\/?p=16552","title":{"rendered":"Fenaco obtient le contr\u00f4le de Provins"},"content":{"rendered":"<p><strong>Fenaco, la F\u00e9d\u00e9ration nationale des coop\u00e9ratives agricoles suisses, a obtenu largement le contr\u00f4le de l&rsquo;ex-coop\u00e9rative valaisanne Provins, qui devient une soci\u00e9t\u00e9 anonyme (SA), propri\u00e9t\u00e9 \u00e0 70% du groupe Fenaco. Ce dernier injecte 50 millions de francs. D\u00e8s que les op\u00e9rations, valid\u00e9es par une consultation par poste, seront enregistr\u00e9es au Registre du commerce, les fournisseurs de la r\u00e9colte 2019 seront enti\u00e8rement pay\u00e9s (soit 13,3 millions de francs \u00e0 verser d&rsquo;ici fin avril).<\/strong><\/p>\n<p>Dans un communiqu\u00e9, dat\u00e9 du 16 avril 2020, de Sion (si\u00e8ge de Provins) et Berne (si\u00e8ge de Fenaco), les deux \u00abpartenaires\u00bb se f\u00e9licitent de ces d\u00e9cisions prises en deux temps. La transformation en SA a \u00e9t\u00e9 obtenue \u00e0 la majorit\u00e9 des deux tiers, soit par 96% des voix exprim\u00e9es pour un taux de participation de 80%. Sur les 10&rsquo;708 actions qui s&rsquo;exprimaient ensuite, seules 328 se sont oppos\u00e9es \u00e0 l&rsquo;augmentation du capital-actions. Ce vote a aussi \u00e9t\u00e9 accept\u00e9 \u00e0 plus de 95%. En fait, les deux \u00e9taient li\u00e9s: dire non \u00e0 un des deux processus condamnait l&rsquo;autre, avaient <strong><a href=\"https:\/\/thomasvino.ch\/?p=16501\">expliqu\u00e9 les dirigeants des deux entreprises<\/a><\/strong>.<\/p>\n<h4>Une SA autonome valaisanne<\/h4>\n<p>Sur les 50 millions de francs investis pas Fenaco, la moiti\u00e9 permet l&rsquo;augmentation du capital-actions, le reste alimentera une ligne de cr\u00e9dit pour rembourser les pr\u00eats et les dettes bancaires. Le communiqu\u00e9 souligne que Provins continuera d&rsquo;agir <em>\u00aben tant que soci\u00e9t\u00e9 valaisanne autonome\u00bb. \u00abLe mod\u00e8le d&rsquo;entreprise \u00e9prouv\u00e9, de la vigne \u00e0 la bouteille, sera conserv\u00e9 avec un ancrage solide en Valais et une gestion op\u00e9rationnelle locale\u00bb<\/em>.<\/p>\n<p>Chef de la direction de Fenaco, de sa division industrie alimentaire et du d\u00e9partement des boissons, <strong>M. Christian Consoni<\/strong> a \u00e9t\u00e9 nomm\u00e9 pr\u00e9sident du conseil d&rsquo;administration. Le vigneron <strong>Jean-Blaise Gollut<\/strong> en sera le vice-pr\u00e9sident. Ce duo est accompagn\u00e9 d&rsquo;un trio, form\u00e9 de <strong>Mme Genevi\u00e8ve Gassmann<\/strong>, membre de la direction de Fenaco et cheffe de la r\u00e9gion romande, d&rsquo;un deuxi\u00e8me vigneron valaisan, <strong>M. Pierre Dorsaz<\/strong>, et du chef du controlling du groupe Fenaco, <strong>M. Andreas Baer<\/strong>. Quant au directeur qui a remplac\u00e9 <strong>Rapha\u00ebl Garcia<\/strong> en d\u00e9but d&rsquo;ann\u00e9e, <strong>M. Otmar Hofer<\/strong>, il assure que <em>\u00able partenariat avec Fenaco ouvre de nouvelles perspectives \u00e0 Provins, \u00e0 ses actionnaires et aux vignerons valaisans. Nous pourrons enfin remettre nos produits de premi\u00e8re qualit\u00e9 au centre de nos activit\u00e9s.\u00bb<\/em><\/p>\n<p>Et c&rsquo;est, aussi, une page qui se tourne juste \u00e0 la veille des <strong><a href=\"https:\/\/thomasvino.ch\/?p=16221\">90 ans de la coop\u00e9rative, une solution valaisanne<\/a><\/strong> voulue par le pouvoir politique, \u00e0 l&rsquo;\u00e9poque de sa fondation, sous la houlette de <strong>Maurice Troillet<\/strong>&#8230;<\/p>\n<p><em>\u00a9thomasvino.ch<\/em><\/p>\n","protected":false},"excerpt":{"rendered":"<p>Fenaco, la F\u00e9d\u00e9ration nationale des coop\u00e9ratives agricoles suisses, a obtenu largement le contr\u00f4le de l&rsquo;ex-coop\u00e9rative valaisanne Provins, qui devient une soci\u00e9t\u00e9 anonyme (SA), propri\u00e9t\u00e9 \u00e0 70% du groupe Fenaco. Ce dernier injecte 50 millions de francs. D\u00e8s que les op\u00e9rations, valid\u00e9es par une consultation par poste, seront enregistr\u00e9es au Registre du commerce, les fournisseurs de [&hellip;]<\/p>\n","protected":false},"author":3,"featured_media":0,"comment_status":"closed","ping_status":"open","sticky":false,"template":"","format":"standard","meta":{"_monsterinsights_skip_tracking":false,"_monsterinsights_sitenote_active":false,"_monsterinsights_sitenote_note":"","_monsterinsights_sitenote_category":0,"jetpack_post_was_ever_published":false,"jetpack_publicize_message":"","jetpack_is_tweetstorm":false,"jetpack_publicize_feature_enabled":true,"jetpack_social_post_already_shared":true,"jetpack_social_options":{"image_generator_settings":{"template":"highway","enabled":false}}},"categories":[15],"tags":[],"jetpack_publicize_connections":[],"yoast_head":"<!-- This site is optimized with the Yoast SEO plugin v20.6 - https:\/\/yoast.com\/wordpress\/plugins\/seo\/ -->\n<title>Fenaco obtient le contr\u00f4le de Provins - thomasvino<\/title>\n<meta name=\"robots\" content=\"index, follow, max-snippet:-1, max-image-preview:large, max-video-preview:-1\" \/>\n<link rel=\"canonical\" href=\"https:\/\/thomasvino.ch\/?p=16552\" \/>\n<meta property=\"og:locale\" content=\"fr_FR\" \/>\n<meta property=\"og:type\" content=\"article\" \/>\n<meta property=\"og:title\" content=\"Fenaco obtient le contr\u00f4le de Provins - thomasvino\" \/>\n<meta property=\"og:description\" content=\"Fenaco, la F\u00e9d\u00e9ration nationale des coop\u00e9ratives agricoles suisses, a obtenu largement le contr\u00f4le de l&rsquo;ex-coop\u00e9rative valaisanne Provins, qui devient une soci\u00e9t\u00e9 anonyme (SA), propri\u00e9t\u00e9 \u00e0 70% du groupe Fenaco. Ce dernier injecte 50 millions de francs. D\u00e8s que les op\u00e9rations, valid\u00e9es par une consultation par poste, seront enregistr\u00e9es au Registre du commerce, les fournisseurs de [&hellip;]\" \/>\n<meta property=\"og:url\" content=\"https:\/\/thomasvino.ch\/?p=16552\" \/>\n<meta property=\"og:site_name\" content=\"thomasvino\" \/>\n<meta property=\"article:published_time\" content=\"2020-04-16T15:51:50+00:00\" \/>\n<meta name=\"author\" content=\"Pierre Thomas\" \/>\n<meta name=\"twitter:label1\" content=\"\u00c9crit par\" \/>\n\t<meta name=\"twitter:data1\" content=\"Pierre Thomas\" \/>\n\t<meta name=\"twitter:label2\" content=\"Dur\u00e9e de lecture estim\u00e9e\" \/>\n\t<meta name=\"twitter:data2\" content=\"2 minutes\" \/>\n<script type=\"application\/ld+json\" class=\"yoast-schema-graph\">{\"@context\":\"https:\/\/schema.org\",\"@graph\":[{\"@type\":\"WebPage\",\"@id\":\"https:\/\/thomasvino.ch\/?p=16552\",\"url\":\"https:\/\/thomasvino.ch\/?p=16552\",\"name\":\"Fenaco obtient le contr\u00f4le de Provins - thomasvino\",\"isPartOf\":{\"@id\":\"https:\/\/thomasvino.ch\/#website\"},\"datePublished\":\"2020-04-16T15:51:50+00:00\",\"dateModified\":\"2020-04-16T15:51:50+00:00\",\"author\":{\"@id\":\"https:\/\/thomasvino.ch\/#\/schema\/person\/670bf4486fe81152cf1d68bd585e062e\"},\"breadcrumb\":{\"@id\":\"https:\/\/thomasvino.ch\/?p=16552#breadcrumb\"},\"inLanguage\":\"fr-FR\",\"potentialAction\":[{\"@type\":\"ReadAction\",\"target\":[\"https:\/\/thomasvino.ch\/?p=16552\"]}]},{\"@type\":\"BreadcrumbList\",\"@id\":\"https:\/\/thomasvino.ch\/?p=16552#breadcrumb\",\"itemListElement\":[{\"@type\":\"ListItem\",\"position\":1,\"name\":\"Accueil\",\"item\":\"https:\/\/thomasvino.ch\/\"},{\"@type\":\"ListItem\",\"position\":2,\"name\":\"Fenaco obtient le contr\u00f4le de Provins\"}]},{\"@type\":\"WebSite\",\"@id\":\"https:\/\/thomasvino.ch\/#website\",\"url\":\"https:\/\/thomasvino.ch\/\",\"name\":\"thomasvino\",\"description\":\"Vins &amp; Gastronomie\",\"potentialAction\":[{\"@type\":\"SearchAction\",\"target\":{\"@type\":\"EntryPoint\",\"urlTemplate\":\"https:\/\/thomasvino.ch\/?s={search_term_string}\"},\"query-input\":\"required name=search_term_string\"}],\"inLanguage\":\"fr-FR\"},{\"@type\":\"Person\",\"@id\":\"https:\/\/thomasvino.ch\/#\/schema\/person\/670bf4486fe81152cf1d68bd585e062e\",\"name\":\"Pierre Thomas\",\"image\":{\"@type\":\"ImageObject\",\"inLanguage\":\"fr-FR\",\"@id\":\"https:\/\/thomasvino.ch\/#\/schema\/person\/image\/\",\"url\":\"https:\/\/secure.gravatar.com\/avatar\/91fd5a76647f140e53db987a0dead4d7?s=96&d=mm&r=g\",\"contentUrl\":\"https:\/\/secure.gravatar.com\/avatar\/91fd5a76647f140e53db987a0dead4d7?s=96&d=mm&r=g\",\"caption\":\"Pierre Thomas\"},\"url\":\"https:\/\/thomasvino.ch\/?author=3\"}]}<\/script>\n<!-- \/ Yoast SEO plugin. -->","yoast_head_json":{"title":"Fenaco obtient le contr\u00f4le de Provins - thomasvino","robots":{"index":"index","follow":"follow","max-snippet":"max-snippet:-1","max-image-preview":"max-image-preview:large","max-video-preview":"max-video-preview:-1"},"canonical":"https:\/\/thomasvino.ch\/?p=16552","og_locale":"fr_FR","og_type":"article","og_title":"Fenaco obtient le contr\u00f4le de Provins - thomasvino","og_description":"Fenaco, la F\u00e9d\u00e9ration nationale des coop\u00e9ratives agricoles suisses, a obtenu largement le contr\u00f4le de l&rsquo;ex-coop\u00e9rative valaisanne Provins, qui devient une soci\u00e9t\u00e9 anonyme (SA), propri\u00e9t\u00e9 \u00e0 70% du groupe Fenaco. Ce dernier injecte 50 millions de francs. D\u00e8s que les op\u00e9rations, valid\u00e9es par une consultation par poste, seront enregistr\u00e9es au Registre du commerce, les fournisseurs de [&hellip;]","og_url":"https:\/\/thomasvino.ch\/?p=16552","og_site_name":"thomasvino","article_published_time":"2020-04-16T15:51:50+00:00","author":"Pierre Thomas","twitter_misc":{"\u00c9crit par":"Pierre Thomas","Dur\u00e9e de lecture estim\u00e9e":"2 minutes"},"schema":{"@context":"https:\/\/schema.org","@graph":[{"@type":"WebPage","@id":"https:\/\/thomasvino.ch\/?p=16552","url":"https:\/\/thomasvino.ch\/?p=16552","name":"Fenaco obtient le contr\u00f4le de Provins - thomasvino","isPartOf":{"@id":"https:\/\/thomasvino.ch\/#website"},"datePublished":"2020-04-16T15:51:50+00:00","dateModified":"2020-04-16T15:51:50+00:00","author":{"@id":"https:\/\/thomasvino.ch\/#\/schema\/person\/670bf4486fe81152cf1d68bd585e062e"},"breadcrumb":{"@id":"https:\/\/thomasvino.ch\/?p=16552#breadcrumb"},"inLanguage":"fr-FR","potentialAction":[{"@type":"ReadAction","target":["https:\/\/thomasvino.ch\/?p=16552"]}]},{"@type":"BreadcrumbList","@id":"https:\/\/thomasvino.ch\/?p=16552#breadcrumb","itemListElement":[{"@type":"ListItem","position":1,"name":"Accueil","item":"https:\/\/thomasvino.ch\/"},{"@type":"ListItem","position":2,"name":"Fenaco obtient le contr\u00f4le de Provins"}]},{"@type":"WebSite","@id":"https:\/\/thomasvino.ch\/#website","url":"https:\/\/thomasvino.ch\/","name":"thomasvino","description":"Vins &amp; Gastronomie","potentialAction":[{"@type":"SearchAction","target":{"@type":"EntryPoint","urlTemplate":"https:\/\/thomasvino.ch\/?s={search_term_string}"},"query-input":"required name=search_term_string"}],"inLanguage":"fr-FR"},{"@type":"Person","@id":"https:\/\/thomasvino.ch\/#\/schema\/person\/670bf4486fe81152cf1d68bd585e062e","name":"Pierre Thomas","image":{"@type":"ImageObject","inLanguage":"fr-FR","@id":"https:\/\/thomasvino.ch\/#\/schema\/person\/image\/","url":"https:\/\/secure.gravatar.com\/avatar\/91fd5a76647f140e53db987a0dead4d7?s=96&d=mm&r=g","contentUrl":"https:\/\/secure.gravatar.com\/avatar\/91fd5a76647f140e53db987a0dead4d7?s=96&d=mm&r=g","caption":"Pierre Thomas"},"url":"https:\/\/thomasvino.ch\/?author=3"}]}},"jetpack_featured_media_url":"","jetpack_sharing_enabled":true,"jetpack_shortlink":"https:\/\/wp.me\/p3m4tZ-4iY","jetpack_likes_enabled":false,"jetpack-related-posts":[{"id":16501,"url":"https:\/\/thomasvino.ch\/?p=16501","url_meta":{"origin":16552,"position":0},"title":"Le sort de Provins se joue par courrier A","date":"28 mars 2020","format":false,"excerpt":"Les 2900 soci\u00e9taires de la coop\u00e9rative Provins sont pri\u00e9s de se prononcer par deux bulletins de vote par coop\u00e9rateur, en courrier A, pour la date du 14 avril 2020. Ils sont appel\u00e9s \u00e0 se prononcer, d\u2019une part, sur la transformation de la coop\u00e9rative en soci\u00e9t\u00e9 anonyme, d\u2019autre part, sur l\u2019augmentation\u2026","rel":"","context":"Dans &quot;Actus - News&quot;","img":{"alt_text":"","src":"","width":0,"height":0},"classes":[]},{"id":16449,"url":"https:\/\/thomasvino.ch\/?p=16449","url_meta":{"origin":16552,"position":1},"title":"Fenaco entend racheter Provins","date":"12 mars 2020","format":false,"excerpt":"C\u2019est le quotidien valaisan Le Nouvelliste qui l\u2019annonce sur son site Internet\u00a0: le g\u00e9ant agricole Fenaco est pr\u00eat \u00e0 racheter la coop\u00e9rative Provins. Pour ce faire, la cave valaisanne devrait se transformer en soci\u00e9t\u00e9 anonyme le 14 avril prochain. Selon les repreneurs, il s\u2019agirait d\u2019un \u00abpartenariat strat\u00e9gique\u00bb qui garantirait notamment\u2026","rel":"","context":"Dans &quot;Actus - News&quot;","img":{"alt_text":"","src":"","width":0,"height":0},"classes":[]},{"id":17220,"url":"https:\/\/thomasvino.ch\/?p=17220","url_meta":{"origin":16552,"position":2},"title":"Fenaco reprend Rutishauser","date":"6 avril 2021","format":false,"excerpt":"D\u00e9j\u00e0 actionnaire majoritaire de l\u2019ex-coop\u00e9rative Provins, \u00e0 Sion, le g\u00e9ant coop\u00e9ratif agricole suisse Fenaco reprend les activit\u00e9s de Rutishauser, \u00e0 Scherzingen, en Thurgovie. C\u2019est aussi la cons\u00e9quence de la fusion de deux g\u00e9ants fran\u00e7ais des coop\u00e9ratives vitivinicoles, InVivo-Cordier (auquel appartenait Rutishauser depuis 2017) et Vinadeis, annonc\u00e9 d\u00e9but avril 2021. Fenaco\u2026","rel":"","context":"Dans &quot;Actus - News&quot;","img":{"alt_text":"","src":"","width":0,"height":0},"classes":[]},{"id":18433,"url":"https:\/\/thomasvino.ch\/?p=18433","url_meta":{"origin":16552,"position":3},"title":"Provins voit plus petit","date":"3 mai 2024","format":false,"excerpt":"C\u2019est \u00abLe Nouvelliste\u00bb qui l\u2019annonce : Provins SA accuse une perte de 4,7 millions de francs en 2023, contre 1,2 million en 2022. Le directeur Michel Charbonnet assure que \u00abl\u2019assise financi\u00e8re est assur\u00e9e par notre actionnaire principal\u00bb, la f\u00eati\u00e8re des coop\u00e9ratives agricoles Fenaco. Mais celle-ci souhaite que le vignoble valaisans\u2026","rel":"","context":"Dans &quot;Actus - News&quot;","img":{"alt_text":"","src":"","width":0,"height":0},"classes":[]},{"id":16583,"url":"https:\/\/thomasvino.ch\/?p=16583","url_meta":{"origin":16552,"position":4},"title":"Provins dans les mains du directeur d\u2019Aproz","date":"27 avril 2020","format":false,"excerpt":"On \u00e9vitera une plaisanterie du genre \u00abProvins met de l\u2019eau dans son vin\u00bb. Mais \u00e0 l\u2019administrateur d\u2019Aproz, Otmar Hofer, qui, en ce d\u00e9but 2020, a pr\u00e9par\u00e9 la transformation de la coop\u00e9rative en SA et sa reprise par la coop\u00e9rative agricole fenaco, succ\u00e8dera d\u00e8s d\u00e9but septembre le directeur actuel de la\u2026","rel":"","context":"Dans &quot;Actus - News&quot;","img":{"alt_text":"","src":"","width":0,"height":0},"classes":[]},{"id":9085,"url":"https:\/\/thomasvino.ch\/?p=9085","url_meta":{"origin":16552,"position":5},"title":"Provins choisit Bataillard","date":"26 octobre 2010","format":false,"excerpt":"Changement de strat\u00e9gie Provins attaque la Suisse al\u00e9manique avec Bataillard Une grande partie des vins de Provins-Valais seront embouteill\u00e9s, d\u00e8s le 1er janvier 2011, \u00e0 Rothenburg (LU), sur la cha\u00eene de mise en bouteilles du n\u00e9gociant Bataillard. Du coup, la coop\u00e9rative valaisanne se retire de la soci\u00e9t\u00e9 d\u2019embouteillage Cevins SA,\u2026","rel":"","context":"Dans &quot;Actus - News&quot;","img":{"alt_text":"","src":"","width":0,"height":0},"classes":[]}],"_links":{"self":[{"href":"https:\/\/thomasvino.ch\/index.php?rest_route=\/wp\/v2\/posts\/16552"}],"collection":[{"href":"https:\/\/thomasvino.ch\/index.php?rest_route=\/wp\/v2\/posts"}],"about":[{"href":"https:\/\/thomasvino.ch\/index.php?rest_route=\/wp\/v2\/types\/post"}],"author":[{"embeddable":true,"href":"https:\/\/thomasvino.ch\/index.php?rest_route=\/wp\/v2\/users\/3"}],"replies":[{"embeddable":true,"href":"https:\/\/thomasvino.ch\/index.php?rest_route=%2Fwp%2Fv2%2Fcomments&post=16552"}],"version-history":[{"count":1,"href":"https:\/\/thomasvino.ch\/index.php?rest_route=\/wp\/v2\/posts\/16552\/revisions"}],"predecessor-version":[{"id":16553,"href":"https:\/\/thomasvino.ch\/index.php?rest_route=\/wp\/v2\/posts\/16552\/revisions\/16553"}],"wp:attachment":[{"href":"https:\/\/thomasvino.ch\/index.php?rest_route=%2Fwp%2Fv2%2Fmedia&parent=16552"}],"wp:term":[{"taxonomy":"category","embeddable":true,"href":"https:\/\/thomasvino.ch\/index.php?rest_route=%2Fwp%2Fv2%2Fcategories&post=16552"},{"taxonomy":"post_tag","embeddable":true,"href":"https:\/\/thomasvino.ch\/index.php?rest_route=%2Fwp%2Fv2%2Ftags&post=16552"}],"curies":[{"name":"wp","href":"https:\/\/api.w.org\/{rel}","templated":true}]}}