{"id":16600,"date":"2020-05-06T14:03:15","date_gmt":"2020-05-06T13:03:15","guid":{"rendered":"https:\/\/thomasvino.ch\/?p=16600"},"modified":"2020-05-06T14:20:28","modified_gmt":"2020-05-06T13:20:28","slug":"le-tour-du-monde-des-vins-meconnus","status":"publish","type":"post","link":"https:\/\/thomasvino.ch\/?p=16600","title":{"rendered":"Un \u00e9patant tour du monde des vins m\u00e9connus"},"content":{"rendered":"<p><strong>C\u2019est une tr\u00e8s agr\u00e9able surprise que ce gros album de 334 pages, de format quasi carr\u00e9. Comme l\u2019\u00e9crit son auteur, Jean-Baptiste Ancelot, <em>\u00abil n\u2019est ni guide, ni atlas, ni carnet de voyages, mais un peu de tout cela\u00bb<\/em>. C\u2019est, surtout, un voyage de quatre ans dans 88 pays, inscrit dans le r\u00e9troviseur. Et pour convaincre les potentiels lecteurs, le jeune Fran\u00e7ais <em>\u00abwineexplorer\u00bb<\/em>, poste r\u00e9guli\u00e8rement des <a href=\"https:\/\/www.youtube.com\/WINEEXPLORERS?fbclid=IwAR0pcwvCxWCEbZUKraxQeNRDo1f-Y-jFFx3bCQr_Xe-1KdvqGAQEemC382g\">capsules vid\u00e9os sur Youtube<\/a>.<\/strong><\/p>\n<p><em>Par Pierre Thomas<\/em><\/p>\n<p>Ce matin (<em>6 mai 2020<\/em>), c\u2019\u00e9tait un\u2026 cours de poterie sur <strong><a href=\"https:\/\/thomasvino.ch\/?p=13519\">les qvevris de G\u00e9orgie<\/a><\/strong>. Le pays, sans doute berceau du vin, il y a pr\u00e8s de 10&rsquo;000 ans, et dont la m\u00e9thode de <em>\u00abvins orange\u00bb<\/em> inspire aujourd\u2019hui les bobos de la plan\u00e8te. <strong>Jean-Baptiste Ancelot<\/strong> dit avoir consacr\u00e9 onze ans de sa vie \u00e0 cette aventure totalement folle\u00a0: 4 ans de recherches, 2 ans de pr\u00e9paration de lev\u00e9e de fonds, 4 ans de voyage (on l\u2019a dit), six mois de v\u00e9rifications et 6 mois d\u2019\u00e9criture. Ce <em>\u00ab1<sup>er<\/sup> tour du monde du vin\u00bb<\/em> para\u00eet chez <strong><a href=\"http:\/\/www.omniscience.fr\/auteurs\/A\/Jean-Baptiste-Ancelot-181.html\">www.omniscience.fr<\/a><\/strong> (vendu 35 euros).<\/p>\n<p><strong><a href=\"https:\/\/thomasvino.ch\/?attachment_id=16602\" rel=\"attachment wp-att-16602\"><img data-attachment-id=\"16602\" data-permalink=\"https:\/\/thomasvino.ch\/?attachment_id=16602\" data-orig-file=\"https:\/\/i0.wp.com\/thomasvino.ch\/wp-content\/uploads\/2020\/05\/IMG_0112.jpeg?fit=2711%2C2745&amp;ssl=1\" data-orig-size=\"2711,2745\" data-comments-opened=\"0\" data-image-meta=\"{&quot;aperture&quot;:&quot;1.8&quot;,&quot;credit&quot;:&quot;&quot;,&quot;camera&quot;:&quot;iPhone SE&quot;,&quot;caption&quot;:&quot;&quot;,&quot;created_timestamp&quot;:&quot;1588774917&quot;,&quot;copyright&quot;:&quot;&quot;,&quot;focal_length&quot;:&quot;3.99&quot;,&quot;iso&quot;:&quot;250&quot;,&quot;shutter_speed&quot;:&quot;0.016666666666667&quot;,&quot;title&quot;:&quot;&quot;,&quot;orientation&quot;:&quot;0&quot;}\" data-image-title=\"IMG_0112\" data-image-description=\"\" data-image-caption=\"\" data-medium-file=\"https:\/\/i0.wp.com\/thomasvino.ch\/wp-content\/uploads\/2020\/05\/IMG_0112.jpeg?fit=296%2C300&amp;ssl=1\" data-large-file=\"https:\/\/i0.wp.com\/thomasvino.ch\/wp-content\/uploads\/2020\/05\/IMG_0112.jpeg?fit=1011%2C1024&amp;ssl=1\" loading=\"lazy\" class=\"alignleft size-medium wp-image-16602\" src=\"https:\/\/i0.wp.com\/thomasvino.ch\/wp-content\/uploads\/2020\/05\/IMG_0112.jpeg?resize=296%2C300&#038;ssl=1\" alt=\"\" width=\"296\" height=\"300\" srcset=\"https:\/\/i0.wp.com\/thomasvino.ch\/wp-content\/uploads\/2020\/05\/IMG_0112.jpeg?resize=296%2C300&amp;ssl=1 296w, https:\/\/i0.wp.com\/thomasvino.ch\/wp-content\/uploads\/2020\/05\/IMG_0112.jpeg?resize=768%2C778&amp;ssl=1 768w, https:\/\/i0.wp.com\/thomasvino.ch\/wp-content\/uploads\/2020\/05\/IMG_0112.jpeg?resize=1011%2C1024&amp;ssl=1 1011w, https:\/\/i0.wp.com\/thomasvino.ch\/wp-content\/uploads\/2020\/05\/IMG_0112.jpeg?resize=37%2C37&amp;ssl=1 37w, https:\/\/i0.wp.com\/thomasvino.ch\/wp-content\/uploads\/2020\/05\/IMG_0112.jpeg?w=2000&amp;ssl=1 2000w\" sizes=\"(max-width: 296px) 100vw, 296px\" data-recalc-dims=\"1\" \/><\/a>La plus grande r\u00e9ussite du livre, c\u2019est sa formule, soit sa pr\u00e9sentation et son rythme\u00a0:<\/strong> de nombreuses photos, qui mettent les vignobles sous leur meilleur jour, des donn\u00e9es statistiques sur la surface du vignoble, la production de vin, le pourcentage des c\u00e9pages et le nombre de domaines, ainsi qu\u2019une br\u00e8ve colonne consacr\u00e9e \u00e0 l\u2019histoire. Ensuite, le choix d\u2019une ou plusieurs r\u00e9gions, avec deux vins s\u00e9lectionn\u00e9s et comment\u00e9s, et un petit portrait d\u2019un \u0153nologue ou d\u2019un vigneron, dans un tiers des cas, une femme, et souvent, des expatri\u00e9s fran\u00e7ais ou form\u00e9s dans les \u00e9coles fran\u00e7aises.<\/p>\n<p>Ce tour du monde, par ordre alphab\u00e9tique, d\u00e9bute et se termine en <strong><a href=\"https:\/\/thomasvino.ch\/?p=9874\">Afrique\u00a0: celle du Sud<\/a><\/strong>, et le <strong>Zimbabwe<\/strong>, son voisin du nord. Il y a, bien s\u00fbr, de grands et petits pays viticoles. Aux premiers, <strong>Ancelot<\/strong> d\u00e9die le portrait de trois r\u00e9gions de production (<strong>France<\/strong> et <strong>Italie<\/strong>, on y revient\u2026), ou deux r\u00e9gions (<strong>Australie, Autriche, Canada, Chine<\/strong> (si on ajoute au <strong>Ningxia<\/strong>, la politiquement incorrecte, vue de P\u00e9kin, \u00eele de <strong>Taiwan<\/strong>), <strong>Croatie, Espagne, Etats-Unis, Nouvelle-Z\u00e9lande<\/strong> et <strong>Portugal<\/strong>).<\/p>\n<p>Pour la <strong>France<\/strong>, vous vous dites\u00a0: <strong><a href=\"https:\/\/thomasvino.ch\/?p=15573\">Bordeaux<\/a>, <a href=\"https:\/\/thomasvino.ch\/?p=8994\">Bourgogne<\/a><\/strong>, <strong><a href=\"https:\/\/thomasvino.ch\/?p=16275\">vall\u00e9e du Rh\u00f4ne<\/a><\/strong> (ou <a href=\"https:\/\/thomasvino.ch\/?p=10481\"><b>Alsace<\/b><\/a> ou <strong><a href=\"https:\/\/thomasvino.ch\/?p=15436\">Champag<\/a><a href=\"https:\/\/thomasvino.ch\/?p=15436\">ne<\/a><\/strong>). Eh bien, le fac\u00e9tieux d\u00e9couvreur s\u2019en va avec son camping-car sillonner les bords de la M\u00e9diterran\u00e9e, en <strong>Corbi\u00e8res<\/strong>, les <strong>C\u00f4tes de Toul<\/strong> et le\u2026 <strong>Pas-de-Calais<\/strong>. Un parti pris choisi aussi pour l\u2019Italie, avec les <strong>Cinque Terre<\/strong> (dont on a oubli\u00e9 qu\u2019elles sont class\u00e9es au Patrimoine mondial\u2026), le <strong><a href=\"https:\/\/thomasvino.ch\/?p=13287\">Pi\u00e9mont<\/a><\/strong> (de la barbera et non du nebbiolo) et la <strong><a href=\"https:\/\/thomasvino.ch\/?p=15226\">Sardaigne<\/a><\/strong> (plut\u00f4t que la <strong><a href=\"https:\/\/thomasvino.ch\/?p=15822\">Sicile<\/a><\/strong>). On d\u00e9couvre le seul domaine d\u2019<strong>Irlande<\/strong>, du <strong>Gabon<\/strong>, du S\u00e9n\u00e9gal, de la Syrie et du V\u00e9n\u00e9zuela. Et on retrouve avec plaisir \u00e0 <strong><a href=\"https:\/\/thomasvino.ch\/?p=16105\">Ynchuan Emma Gao<\/a><\/strong> et en Ouzb\u00e9khistan l\u2019ineffable faci\u00e8s de <strong><a href=\"https:\/\/thomasvino.ch\/?p=9167\">la d\u00e9gustatrice du principal domaine de Samarcande<\/a><\/strong>. En Russie, dans la r\u00e9gion de Krasnodar, le <strong><a href=\"https:\/\/thomasvino.ch\/?p=16080\">Domaine Burnier<\/a><\/strong> et son krasnostop\u2026 qu\u2019on retrouve dans le <strong>Vully<\/strong>, comme portrait <em>\u00abdu\u00bb<\/em> (seul) vigneron suisse (<strong>sur les 2050 domaines helv\u00e8tiques<\/strong>). <strong>Le choix est radical pour la Suisse aussi\u00a0: chasselas avant tout\u00a0!<\/strong>\u00a0(dont l&rsquo;origine suisse est mentionn\u00e9e dans le tableau des c\u00e9pages&#8230;) Avec deux exemples, vaudois, celui du Domaine de Maison-Blanche, Mont-sur-Rolle, d\u2019<strong>Yves de Mestral<\/strong>, et Les Blassinges, Saint-Saphorin, de <strong>Pierre-Luc Leyvraz<\/strong>. Et le <strong>Valais<\/strong>\u00a0? Le principal canton viticole est cit\u00e9 pour la plus petite vigne cadastr\u00e9e du monde, celle de Farinet et ses 1618 m\u00e8tres carr\u00e9s (soit le nombre d\u2019or), propri\u00e9t\u00e9 du <strong>Dala\u00ef Lama<\/strong>\u00a0!<\/p>\n<p>Pour l\u2019ouvrage, la Suisse pointe au 34<sup>\u00e8me<\/sup> rang pour la superficie du vignoble et comme 23<sup>\u00e8me<\/sup> producteur mondial.<strong><a href=\"https:\/\/thomasvino.ch\/?p=16007\"> Des chiffres \u00e0 v\u00e9rifier chaque ann\u00e9e<\/a><\/strong>, surtout apr\u00e8s 2018, un mill\u00e9sime atypique, que les statistiques refl\u00e8tent. <strong>Alors que la Suisse avait r\u00e9ussi \u00e0 renverser le clich\u00e9 de productrice de blanc avant tout, au profit du rouge, voil\u00e0 que le blanc a davantage produit l\u2019ann\u00e9e derni\u00e8re (2019)\u2026<\/strong> A juste titre, l\u2019auteur d\u00e9plore que les chiffres de la plan\u00e8te vin m\u00e9langent all\u00e8grement raisins de cuve et secs, ou destin\u00e9s \u00e0 l\u2019alambic, m\u00eame \u00e0 l\u2019OIV (Organisation internationale de la vigne et du vin).<\/p>\n<p><strong>En r\u00e9sum\u00e9, le vignoble mondial, c\u2019est 5 millions d\u2019hectares, r\u00e9partis en 188&rsquo;200 domaines (26,5 ha de moyenne, alors qu\u2019en Suisse, on en est \u00e0 un plus de 7 ha par encaveur), produisant autour de 270 millions d\u2019hectolitres (soit la consommation totale des vins en Suisse, qui produit moins de 100 millions de\u2026 litres par an).<\/strong><\/p>\n<p>Si l\u2019envie lui en dit, <strong>Ancelot<\/strong>,\u00a035 ans et jeune p\u00e8re, et ses acolytes photographes pourront repartir pour un tour de la plan\u00e8te vin, qui d\u00e9borde de ses fronti\u00e8res naturelles, sous le Sahara ou au-del\u00e0 du Rhin, avec ces \u00e9tonnantes production en <strong>Belgique<\/strong> (87 domaines), <strong>Hollande<\/strong> (139), <strong>Pologne<\/strong> (230), <strong>Angleterre<\/strong> (164), mais aussi au <strong>Danemark<\/strong> (104), en <strong>Su\u00e8de<\/strong> (76) et\u00a0en <strong>Norv\u00e8ge<\/strong> (4). Les c\u00e9pages r\u00e9sistants (PIWI), alli\u00e9s au r\u00e9chauffement climatique, jouent pleinement en faveur de la vigne <em>\u00ablocale\u00bb<\/em> au Nord. Et au Sud, nombre de pionniers s\u2019essaient \u00e0 la vigne, comme en Asie, par exemple <strong><a href=\"https:\/\/thomasvino.ch\/?p=13854\">en Tha\u00eflande<\/a><\/strong> o\u00f9, curieusement, le seul domaine viticole que j\u2019ai visit\u00e9 ne figure pas sur la carte&#8230;<\/p>\n<p><a href=\"https:\/\/thomasvino.ch\/?attachment_id=16610\" rel=\"attachment wp-att-16610\"><img data-attachment-id=\"16610\" data-permalink=\"https:\/\/thomasvino.ch\/?attachment_id=16610\" data-orig-file=\"https:\/\/i0.wp.com\/thomasvino.ch\/wp-content\/uploads\/2020\/05\/couv_vins_fr.jpeg?fit=687%2C1100&amp;ssl=1\" data-orig-size=\"687,1100\" data-comments-opened=\"0\" data-image-meta=\"{&quot;aperture&quot;:&quot;0&quot;,&quot;credit&quot;:&quot;&quot;,&quot;camera&quot;:&quot;&quot;,&quot;caption&quot;:&quot;&quot;,&quot;created_timestamp&quot;:&quot;1588778248&quot;,&quot;copyright&quot;:&quot;&quot;,&quot;focal_length&quot;:&quot;0&quot;,&quot;iso&quot;:&quot;0&quot;,&quot;shutter_speed&quot;:&quot;0&quot;,&quot;title&quot;:&quot;&quot;,&quot;orientation&quot;:&quot;0&quot;}\" data-image-title=\"couv_vins_fr\" data-image-description=\"\" data-image-caption=\"\" data-medium-file=\"https:\/\/i0.wp.com\/thomasvino.ch\/wp-content\/uploads\/2020\/05\/couv_vins_fr.jpeg?fit=187%2C300&amp;ssl=1\" data-large-file=\"https:\/\/i0.wp.com\/thomasvino.ch\/wp-content\/uploads\/2020\/05\/couv_vins_fr.jpeg?fit=640%2C1024&amp;ssl=1\" loading=\"lazy\" class=\"alignleft size-medium wp-image-16610\" src=\"https:\/\/i0.wp.com\/thomasvino.ch\/wp-content\/uploads\/2020\/05\/couv_vins_fr.jpeg?resize=187%2C300&#038;ssl=1\" alt=\"\" width=\"187\" height=\"300\" srcset=\"https:\/\/i0.wp.com\/thomasvino.ch\/wp-content\/uploads\/2020\/05\/couv_vins_fr.jpeg?resize=187%2C300&amp;ssl=1 187w, https:\/\/i0.wp.com\/thomasvino.ch\/wp-content\/uploads\/2020\/05\/couv_vins_fr.jpeg?resize=640%2C1024&amp;ssl=1 640w, https:\/\/i0.wp.com\/thomasvino.ch\/wp-content\/uploads\/2020\/05\/couv_vins_fr.jpeg?w=687&amp;ssl=1 687w\" sizes=\"(max-width: 187px) 100vw, 187px\" data-recalc-dims=\"1\" \/><\/a>Le livre rappelle aussi celui d&rsquo;un autre auteur fran\u00e7ais,\u00a0<strong>Pierrick Bourgault<\/strong>, <strong><a href=\"https:\/\/jonglezpublishing.com\/fr\/produit\/vins-insolites\/\">\u00abVins insolites\u00bb (2015), chez JonGlez<\/a><\/strong>\u00a0(29,90 euros) qui ravira non pas les <em>\u00abbuveurs d&rsquo;\u00e9tiquettes\u00bb<\/em>, mais les vrais amateurs de curiosit\u00e9s. Car le monde du vin est comme le tonneau des Dana\u00efdes: on y apprend toujours quelque chose! Et m\u00eame \u00e0 chaque mill\u00e9sime que <strong>Dionysos-Bacchus<\/strong> fait&#8230;<\/p>\n<p><em>PS\u00a0: Je me suis permis de donner les liens sur mes propres articles, r\u00e9sultant de mes voyages.<\/em><\/p>\n<p><em>\u00a9thomasvino.ch<\/em><\/p>\n","protected":false},"excerpt":{"rendered":"<p>C\u2019est une tr\u00e8s agr\u00e9able surprise que ce gros album de 334 pages, de format quasi carr\u00e9. Comme l\u2019\u00e9crit son auteur, Jean-Baptiste Ancelot, \u00abil n\u2019est ni guide, ni atlas, ni carnet de voyages, mais un peu de tout cela\u00bb. C\u2019est, surtout, un voyage de quatre ans dans 88 pays, inscrit dans le r\u00e9troviseur. Et pour convaincre [&hellip;]<\/p>\n","protected":false},"author":3,"featured_media":0,"comment_status":"closed","ping_status":"open","sticky":false,"template":"","format":"standard","meta":{"_monsterinsights_skip_tracking":false,"_monsterinsights_sitenote_active":false,"_monsterinsights_sitenote_note":"","_monsterinsights_sitenote_category":0,"jetpack_post_was_ever_published":false,"jetpack_publicize_message":"","jetpack_is_tweetstorm":false,"jetpack_publicize_feature_enabled":true,"jetpack_social_post_already_shared":true,"jetpack_social_options":{"image_generator_settings":{"template":"highway","enabled":false}}},"categories":[2],"tags":[],"jetpack_publicize_connections":[],"yoast_head":"<!-- This site is optimized with the Yoast SEO plugin v20.6 - https:\/\/yoast.com\/wordpress\/plugins\/seo\/ -->\n<title>Un \u00e9patant tour du monde des vins m\u00e9connus - thomasvino<\/title>\n<meta name=\"robots\" content=\"index, follow, max-snippet:-1, max-image-preview:large, max-video-preview:-1\" \/>\n<link rel=\"canonical\" href=\"https:\/\/thomasvino.ch\/?p=16600\" \/>\n<meta property=\"og:locale\" content=\"fr_FR\" \/>\n<meta property=\"og:type\" content=\"article\" \/>\n<meta property=\"og:title\" content=\"Un \u00e9patant tour du monde des vins m\u00e9connus - thomasvino\" \/>\n<meta property=\"og:description\" content=\"C\u2019est une tr\u00e8s agr\u00e9able surprise que ce gros album de 334 pages, de format quasi carr\u00e9. Comme l\u2019\u00e9crit son auteur, Jean-Baptiste Ancelot, \u00abil n\u2019est ni guide, ni atlas, ni carnet de voyages, mais un peu de tout cela\u00bb. C\u2019est, surtout, un voyage de quatre ans dans 88 pays, inscrit dans le r\u00e9troviseur. Et pour convaincre [&hellip;]\" \/>\n<meta property=\"og:url\" content=\"https:\/\/thomasvino.ch\/?p=16600\" \/>\n<meta property=\"og:site_name\" content=\"thomasvino\" \/>\n<meta property=\"article:published_time\" content=\"2020-05-06T13:03:15+00:00\" \/>\n<meta property=\"article:modified_time\" content=\"2020-05-06T13:20:28+00:00\" \/>\n<meta property=\"og:image\" content=\"https:\/\/thomasvino.ch\/wp-content\/uploads\/2020\/05\/IMG_0112-296x300.jpeg\" \/>\n<meta name=\"author\" content=\"Pierre Thomas\" \/>\n<meta name=\"twitter:label1\" content=\"\u00c9crit par\" \/>\n\t<meta name=\"twitter:data1\" content=\"Pierre Thomas\" \/>\n\t<meta name=\"twitter:label2\" content=\"Dur\u00e9e de lecture estim\u00e9e\" \/>\n\t<meta name=\"twitter:data2\" content=\"5 minutes\" \/>\n<script type=\"application\/ld+json\" class=\"yoast-schema-graph\">{\"@context\":\"https:\/\/schema.org\",\"@graph\":[{\"@type\":\"WebPage\",\"@id\":\"https:\/\/thomasvino.ch\/?p=16600\",\"url\":\"https:\/\/thomasvino.ch\/?p=16600\",\"name\":\"Un \u00e9patant tour du monde des vins m\u00e9connus - thomasvino\",\"isPartOf\":{\"@id\":\"https:\/\/thomasvino.ch\/#website\"},\"datePublished\":\"2020-05-06T13:03:15+00:00\",\"dateModified\":\"2020-05-06T13:20:28+00:00\",\"author\":{\"@id\":\"https:\/\/thomasvino.ch\/#\/schema\/person\/670bf4486fe81152cf1d68bd585e062e\"},\"breadcrumb\":{\"@id\":\"https:\/\/thomasvino.ch\/?p=16600#breadcrumb\"},\"inLanguage\":\"fr-FR\",\"potentialAction\":[{\"@type\":\"ReadAction\",\"target\":[\"https:\/\/thomasvino.ch\/?p=16600\"]}]},{\"@type\":\"BreadcrumbList\",\"@id\":\"https:\/\/thomasvino.ch\/?p=16600#breadcrumb\",\"itemListElement\":[{\"@type\":\"ListItem\",\"position\":1,\"name\":\"Accueil\",\"item\":\"https:\/\/thomasvino.ch\/\"},{\"@type\":\"ListItem\",\"position\":2,\"name\":\"Un \u00e9patant tour du monde des vins m\u00e9connus\"}]},{\"@type\":\"WebSite\",\"@id\":\"https:\/\/thomasvino.ch\/#website\",\"url\":\"https:\/\/thomasvino.ch\/\",\"name\":\"thomasvino\",\"description\":\"Vins &amp; Gastronomie\",\"potentialAction\":[{\"@type\":\"SearchAction\",\"target\":{\"@type\":\"EntryPoint\",\"urlTemplate\":\"https:\/\/thomasvino.ch\/?s={search_term_string}\"},\"query-input\":\"required name=search_term_string\"}],\"inLanguage\":\"fr-FR\"},{\"@type\":\"Person\",\"@id\":\"https:\/\/thomasvino.ch\/#\/schema\/person\/670bf4486fe81152cf1d68bd585e062e\",\"name\":\"Pierre Thomas\",\"image\":{\"@type\":\"ImageObject\",\"inLanguage\":\"fr-FR\",\"@id\":\"https:\/\/thomasvino.ch\/#\/schema\/person\/image\/\",\"url\":\"https:\/\/secure.gravatar.com\/avatar\/91fd5a76647f140e53db987a0dead4d7?s=96&d=mm&r=g\",\"contentUrl\":\"https:\/\/secure.gravatar.com\/avatar\/91fd5a76647f140e53db987a0dead4d7?s=96&d=mm&r=g\",\"caption\":\"Pierre Thomas\"},\"url\":\"https:\/\/thomasvino.ch\/?author=3\"}]}<\/script>\n<!-- \/ Yoast SEO plugin. -->","yoast_head_json":{"title":"Un \u00e9patant tour du monde des vins m\u00e9connus - thomasvino","robots":{"index":"index","follow":"follow","max-snippet":"max-snippet:-1","max-image-preview":"max-image-preview:large","max-video-preview":"max-video-preview:-1"},"canonical":"https:\/\/thomasvino.ch\/?p=16600","og_locale":"fr_FR","og_type":"article","og_title":"Un \u00e9patant tour du monde des vins m\u00e9connus - thomasvino","og_description":"C\u2019est une tr\u00e8s agr\u00e9able surprise que ce gros album de 334 pages, de format quasi carr\u00e9. Comme l\u2019\u00e9crit son auteur, Jean-Baptiste Ancelot, \u00abil n\u2019est ni guide, ni atlas, ni carnet de voyages, mais un peu de tout cela\u00bb. C\u2019est, surtout, un voyage de quatre ans dans 88 pays, inscrit dans le r\u00e9troviseur. Et pour convaincre [&hellip;]","og_url":"https:\/\/thomasvino.ch\/?p=16600","og_site_name":"thomasvino","article_published_time":"2020-05-06T13:03:15+00:00","article_modified_time":"2020-05-06T13:20:28+00:00","og_image":[{"url":"https:\/\/thomasvino.ch\/wp-content\/uploads\/2020\/05\/IMG_0112-296x300.jpeg"}],"author":"Pierre Thomas","twitter_misc":{"\u00c9crit par":"Pierre Thomas","Dur\u00e9e de lecture estim\u00e9e":"5 minutes"},"schema":{"@context":"https:\/\/schema.org","@graph":[{"@type":"WebPage","@id":"https:\/\/thomasvino.ch\/?p=16600","url":"https:\/\/thomasvino.ch\/?p=16600","name":"Un \u00e9patant tour du monde des vins m\u00e9connus - thomasvino","isPartOf":{"@id":"https:\/\/thomasvino.ch\/#website"},"datePublished":"2020-05-06T13:03:15+00:00","dateModified":"2020-05-06T13:20:28+00:00","author":{"@id":"https:\/\/thomasvino.ch\/#\/schema\/person\/670bf4486fe81152cf1d68bd585e062e"},"breadcrumb":{"@id":"https:\/\/thomasvino.ch\/?p=16600#breadcrumb"},"inLanguage":"fr-FR","potentialAction":[{"@type":"ReadAction","target":["https:\/\/thomasvino.ch\/?p=16600"]}]},{"@type":"BreadcrumbList","@id":"https:\/\/thomasvino.ch\/?p=16600#breadcrumb","itemListElement":[{"@type":"ListItem","position":1,"name":"Accueil","item":"https:\/\/thomasvino.ch\/"},{"@type":"ListItem","position":2,"name":"Un \u00e9patant tour du monde des vins m\u00e9connus"}]},{"@type":"WebSite","@id":"https:\/\/thomasvino.ch\/#website","url":"https:\/\/thomasvino.ch\/","name":"thomasvino","description":"Vins &amp; Gastronomie","potentialAction":[{"@type":"SearchAction","target":{"@type":"EntryPoint","urlTemplate":"https:\/\/thomasvino.ch\/?s={search_term_string}"},"query-input":"required name=search_term_string"}],"inLanguage":"fr-FR"},{"@type":"Person","@id":"https:\/\/thomasvino.ch\/#\/schema\/person\/670bf4486fe81152cf1d68bd585e062e","name":"Pierre Thomas","image":{"@type":"ImageObject","inLanguage":"fr-FR","@id":"https:\/\/thomasvino.ch\/#\/schema\/person\/image\/","url":"https:\/\/secure.gravatar.com\/avatar\/91fd5a76647f140e53db987a0dead4d7?s=96&d=mm&r=g","contentUrl":"https:\/\/secure.gravatar.com\/avatar\/91fd5a76647f140e53db987a0dead4d7?s=96&d=mm&r=g","caption":"Pierre Thomas"},"url":"https:\/\/thomasvino.ch\/?author=3"}]}},"jetpack_featured_media_url":"","jetpack_sharing_enabled":true,"jetpack_shortlink":"https:\/\/wp.me\/p3m4tZ-4jK","jetpack_likes_enabled":false,"jetpack-related-posts":[{"id":9701,"url":"https:\/\/thomasvino.ch\/?p=9701","url_meta":{"origin":16600,"position":0},"title":"Enrico Bernardo, meilleur sommelier du monde 2004","date":"19 d\u00e9cembre 2005","format":false,"excerpt":"Enrico Bernardo, meilleur sommelier du monde 2004 La d\u00e9gustation comme discipline sportive A 29 ans, Enrico Bernardo n\u2019ira pas plus haut. Il est le champion du monde des sommeliers en titre, pour deux ans encore. Victorieux \u00e0 Ath\u00e8nes, il ne peut pas remettre son titre en jeu : telle est\u2026","rel":"","context":"Dans &quot;Tendance&quot;","img":{"alt_text":"","src":"","width":0,"height":0},"classes":[]},{"id":8908,"url":"https:\/\/thomasvino.ch\/?p=8908","url_meta":{"origin":16600,"position":1},"title":"Gen\u00e8ve \u2014 Le Zurichois qui vend la Cave","date":"17 juin 2009","format":false,"excerpt":"Martin Wiederkehr, le Zurichois au service des vins genevoisA 45 ans, l\u2019\u0153nologue zurichois Martin Wiederkehr a \u00e9t\u00e9 choisi pour reprendre la Cave de Gen\u00e8ve SA. Il nous dit pourquoi il croit aux vins genevois.Par Pierre Thomas\u00abIl y a tout, ici, pour bien faire. A la Cave de Gen\u00e8ve, nous vinifions\u2026","rel":"","context":"Dans &quot;Vins suisses&quot;","img":{"alt_text":"","src":"","width":0,"height":0},"classes":[]},{"id":14330,"url":"https:\/\/thomasvino.ch\/?p=14330","url_meta":{"origin":16600,"position":2},"title":"Jean-Michel Novelle: retour\u00a0\u00e0 Gen\u00e8ve en 4.0","date":"17 mai 2017","format":false,"excerpt":"A 53 ans, Jean-Michel Novelle a d\u00e9cid\u00e9 de revenir sur \u00abses terres\u00bb. Renon\u00e7ant \u00e0 ses mandats d\u2019\u00ab\u0153nologue volant\u00bb, il propose ses vins du mill\u00e9sime 2016, dans un style fruit\u00e9 et sans bois. Un paradoxe (de plus\u2026) pour l\u2019ex-\u00abenfant terrible\u00bb du vignoble suisse. Par Pierre Thomas Jean-Michel Novelle a, vingt ans\u2026","rel":"","context":"Dans &quot;Vins suisses&quot;","img":{"alt_text":"","src":"https:\/\/i0.wp.com\/thomasvino.ch\/wp-content\/uploads\/2017\/05\/IMG_6234-300x222.jpg?resize=350%2C200&ssl=1","width":350,"height":200},"classes":[]},{"id":10481,"url":"https:\/\/thomasvino.ch\/?p=10481","url_meta":{"origin":16600,"position":3},"title":"L\u2019Alsace en pleine effervescence","date":"15 avril 2013","format":false,"excerpt":"Ca n\u2019est pas un jeu de mots sur l\u2019importance croissante du \u00abcr\u00e9mant d\u2019Alsace\u00bb, mousseux industriel d\u2019assemblage et de la faillite r\u00e9cente d\u2019un de ses principaux \u00e9laborateurs (Lucien Albrecht SA), mais cette r\u00e9gion viticole est en plein d\u00e9bat identitaire, agit\u00e9 par le blog groupealsace2015.com. Juste de l\u2019autre c\u00f4t\u00e9 de la fronti\u00e8re\u2026","rel":"","context":"Dans &quot;Actualit\u00e9s&quot;","img":{"alt_text":"L'Alsace, c'est d'abord des vins de c\u00c3\u00a9pages... blancs (photo thomasvino).","src":"https:\/\/i0.wp.com\/www.thomasvino.ch\/wp\/wp-content\/uploads\/2013\/04\/alsace_pblanc-1024x680.jpg?resize=350%2C200","width":350,"height":200},"classes":[]},{"id":10032,"url":"https:\/\/thomasvino.ch\/?p=10032","url_meta":{"origin":16600,"position":4},"title":"Les Belges d\u00e9barquent en Suisse","date":"10 janvier 2005","format":false,"excerpt":"Les Belges d\u00e9barquent en Suisse Si Swiss Wine Communication a choisi la Belgique comme seul march\u00e9 privil\u00e9gi\u00e9 d\u2019exportation, avec l\u2019Allemagne, et ouvert un bar \u00e0 vins (suisses) au centre de Bruxelles, les Belges d\u00e9barquent dans notre pays et proposent des assortiments originaux de vins du Nouveau Monde. Par Pierre Thomas\u2026","rel":"","context":"Dans &quot;Tendance&quot;","img":{"alt_text":"","src":"","width":0,"height":0},"classes":[]},{"id":9853,"url":"https:\/\/thomasvino.ch\/?p=9853","url_meta":{"origin":16600,"position":5},"title":"Argentine \u2014 Ces Suisses qui croient aux vins argentins","date":"4 ao\u00fbt 2006","format":false,"excerpt":"Mendoza, huiti\u00e8me \u00abmerveille\u00bb du monde du vin Ces Suisses qui croient \u00e0 l\u2019Argentine La ville de Mendoza, au pied de l\u2019Aconcagua et du Tupungato, deux sommets mythiques des Andes, vient de rejoindre le cercle ferm\u00e9 des huit \u00abgrandes capitales du vin\u00bb du monde. Des Suisses y sont actifs. Reportage, \u00e0\u2026","rel":"","context":"Dans &quot;Vins du Nouveau Monde&quot;","img":{"alt_text":"","src":"","width":0,"height":0},"classes":[]}],"_links":{"self":[{"href":"https:\/\/thomasvino.ch\/index.php?rest_route=\/wp\/v2\/posts\/16600"}],"collection":[{"href":"https:\/\/thomasvino.ch\/index.php?rest_route=\/wp\/v2\/posts"}],"about":[{"href":"https:\/\/thomasvino.ch\/index.php?rest_route=\/wp\/v2\/types\/post"}],"author":[{"embeddable":true,"href":"https:\/\/thomasvino.ch\/index.php?rest_route=\/wp\/v2\/users\/3"}],"replies":[{"embeddable":true,"href":"https:\/\/thomasvino.ch\/index.php?rest_route=%2Fwp%2Fv2%2Fcomments&post=16600"}],"version-history":[{"count":7,"href":"https:\/\/thomasvino.ch\/index.php?rest_route=\/wp\/v2\/posts\/16600\/revisions"}],"predecessor-version":[{"id":16611,"href":"https:\/\/thomasvino.ch\/index.php?rest_route=\/wp\/v2\/posts\/16600\/revisions\/16611"}],"wp:attachment":[{"href":"https:\/\/thomasvino.ch\/index.php?rest_route=%2Fwp%2Fv2%2Fmedia&parent=16600"}],"wp:term":[{"taxonomy":"category","embeddable":true,"href":"https:\/\/thomasvino.ch\/index.php?rest_route=%2Fwp%2Fv2%2Fcategories&post=16600"},{"taxonomy":"post_tag","embeddable":true,"href":"https:\/\/thomasvino.ch\/index.php?rest_route=%2Fwp%2Fv2%2Ftags&post=16600"}],"curies":[{"name":"wp","href":"https:\/\/api.w.org\/{rel}","templated":true}]}}