{"id":16622,"date":"2020-05-18T13:51:13","date_gmt":"2020-05-18T12:51:13","guid":{"rendered":"https:\/\/thomasvino.ch\/?p=16622"},"modified":"2020-06-24T15:25:45","modified_gmt":"2020-06-24T14:25:45","slug":"nouveau-proprietaire-pour-le-domaine-du-manoir","status":"publish","type":"post","link":"https:\/\/thomasvino.ch\/?p=16622","title":{"rendered":"Un m\u00eame propri\u00e9taire pour le Domaine du Manoir et le Ch\u00e2teau de Malessert"},"content":{"rendered":"<p><strong>C\u2019est un grand domaine viticole de 24 hectares, encore peu connu, dans les C\u00f4tes-de-l\u2019Orbe. Il vient de passer, ce d\u00e9but mai 2020, dans les mains de la famille Sother, d\u2019origine alsacienne. Elle cherchait depuis quelques ann\u00e9es \u00e0 (s\u2019)investir dans le vignoble vaudois. Et elle a annonc\u00e9, fin juin 2020, qu&rsquo;elle a aussi acquis de la famille Saugy le Ch\u00e2teau de Malessert \u00e0 F\u00e9chy, 15 hectares class\u00e9s en 1er Grand Cru, le sommet de la pyramide vaudoise, en chasselas, une transaction qu&rsquo;une d\u00e9cision de justice avait compromise, dans un premier temps.<\/strong><\/p>\n<p>Ce <strong>Domaine du Manoir<\/strong> est plut\u00f4t un <em>\u00abgros morceau\u00bb<\/em>\u00a0: 50 hectares de terres agricoles et 24 hectares de vignoble, deux tiers situ\u00e9s dans les C\u00f4tes-de-l\u2019Orbe et un tiers dans la r\u00e9gion de Bonvillars-Champagne. Et plant\u00e9s majoritairement en c\u00e9pages rouges. Les vignes seront exploit\u00e9es par un jeune couple de trentenaires, d\u2019origine fran\u00e7aise, domicili\u00e9 \u00e0 Lausanne, <strong>Maxime<\/strong> et <strong>Cl\u00e9mence Sother<\/strong>. Lui, ing\u00e9nieur acoustique pour le cin\u00e9ma de formation, est le fils d\u2019un entrepreneur qui a r\u00e9ussi dans les t\u00e9l\u00e9communications, en France, et qui est un grand amateur de vins.<\/p>\n<h4><strong>Un jeune couple qui s\u2019investira en plein<\/strong><\/h4>\n<p>Compte tenu de la l\u00e9gislation suisse visant \u00e0 sauvegarder l\u2019exploitation de biens agricoles (et donc viticoles), <strong>Maxime Sother<\/strong> s\u2019est form\u00e9 \u00e0 Changins, o\u00f9 il a obtenu un certificat f\u00e9d\u00e9ral de viticulteur. Il a effectu\u00e9 des stages chez <strong>Raymond Paccot<\/strong> et au <strong>Domaine de Martheray<\/strong>, \u00e0 F\u00e9chy. Sa femme a tenu un tea-room \u00e0 Lausanne, puis, apr\u00e8s la naissance de sa fille, <strong>Ys\u00e9e<\/strong>, il y a quelques mois, pr\u00e9sent\u00e9e comme <em>\u00abfuture passionn\u00e9e de vin\u00bb<\/em>, elle a continu\u00e9 \u00e0 \u00e9tudier \u00e0 l\u2019Ecole du vin \u00e0 Changins et pr\u00e9voit de se pr\u00e9senter l\u2019an prochain aux examens de sommelier brevet\u00e9 f\u00e9d\u00e9ral. Elle se r\u00e9jouit de recevoir des h\u00f4tes \u00e0 Valeyres-sous-Rances, notamment aux <strong>Caves ouvertes vaudoises, d\u00e9sormais fix\u00e9es au 5 et 6 septembre 2020<\/strong>. <strong>Maxime Sother<\/strong>, avec l\u2019aide de son responsable technique, <strong>Pierre-Olivier Dion-Labrie<\/strong>, dipl\u00f4m\u00e9 (master) en viticulture-\u0153no de Changins, a d\u00e9j\u00e0 d\u00e9pos\u00e9 une demande de conversion du domaine viticole en bio <em>\u00abclassique\u00bb<\/em> (par opposition \u00e0 la biodynamie).<\/p>\n<div id=\"attachment_16624\" style=\"width: 310px\" class=\"wp-caption aligncenter\"><a href=\"https:\/\/thomasvino.ch\/?attachment_id=16624\" rel=\"attachment wp-att-16624\"><img aria-describedby=\"caption-attachment-16624\" data-attachment-id=\"16624\" data-permalink=\"https:\/\/thomasvino.ch\/?attachment_id=16624\" data-orig-file=\"https:\/\/i0.wp.com\/thomasvino.ch\/wp-content\/uploads\/2020\/05\/HG_Domaine-du-Manoir-Portrait.jpg?fit=3114%2C2073&amp;ssl=1\" data-orig-size=\"3114,2073\" data-comments-opened=\"0\" data-image-meta=\"{&quot;aperture&quot;:&quot;0&quot;,&quot;credit&quot;:&quot;&quot;,&quot;camera&quot;:&quot;NIKON D700&quot;,&quot;caption&quot;:&quot;&quot;,&quot;created_timestamp&quot;:&quot;1589298353&quot;,&quot;copyright&quot;:&quot;MARION MONIERRR&quot;,&quot;focal_length&quot;:&quot;0&quot;,&quot;iso&quot;:&quot;200&quot;,&quot;shutter_speed&quot;:&quot;0.005&quot;,&quot;title&quot;:&quot;&quot;,&quot;orientation&quot;:&quot;1&quot;}\" data-image-title=\"Domaine du Manoir-Portrait\" data-image-description=\"\" data-image-caption=\"&lt;p&gt;Les nouveaux exploitants du Domaine du Manoir, \u00e0 Valeyres-sous-Rances (VD) : Cl\u00e9mence, Maxime et la petite Ys\u00e9e Sother, et, \u00e0 droite, l\u2019ing\u00e9nieur viti-oeno Pierre-Olivier Dion-Labrie, responsable technique. (photo DR)&lt;\/p&gt;\n\" data-medium-file=\"https:\/\/i0.wp.com\/thomasvino.ch\/wp-content\/uploads\/2020\/05\/HG_Domaine-du-Manoir-Portrait.jpg?fit=300%2C200&amp;ssl=1\" data-large-file=\"https:\/\/i0.wp.com\/thomasvino.ch\/wp-content\/uploads\/2020\/05\/HG_Domaine-du-Manoir-Portrait.jpg?fit=1024%2C682&amp;ssl=1\" loading=\"lazy\" class=\"size-medium wp-image-16624\" src=\"https:\/\/i0.wp.com\/thomasvino.ch\/wp-content\/uploads\/2020\/05\/HG_Domaine-du-Manoir-Portrait.jpg?resize=300%2C200&#038;ssl=1\" alt=\"\" width=\"300\" height=\"200\" srcset=\"https:\/\/i0.wp.com\/thomasvino.ch\/wp-content\/uploads\/2020\/05\/HG_Domaine-du-Manoir-Portrait.jpg?resize=300%2C200&amp;ssl=1 300w, https:\/\/i0.wp.com\/thomasvino.ch\/wp-content\/uploads\/2020\/05\/HG_Domaine-du-Manoir-Portrait.jpg?resize=768%2C511&amp;ssl=1 768w, https:\/\/i0.wp.com\/thomasvino.ch\/wp-content\/uploads\/2020\/05\/HG_Domaine-du-Manoir-Portrait.jpg?resize=1024%2C682&amp;ssl=1 1024w, https:\/\/i0.wp.com\/thomasvino.ch\/wp-content\/uploads\/2020\/05\/HG_Domaine-du-Manoir-Portrait.jpg?resize=140%2C94&amp;ssl=1 140w, https:\/\/i0.wp.com\/thomasvino.ch\/wp-content\/uploads\/2020\/05\/HG_Domaine-du-Manoir-Portrait.jpg?w=2000&amp;ssl=1 2000w, https:\/\/i0.wp.com\/thomasvino.ch\/wp-content\/uploads\/2020\/05\/HG_Domaine-du-Manoir-Portrait.jpg?w=3000&amp;ssl=1 3000w\" sizes=\"(max-width: 300px) 100vw, 300px\" data-recalc-dims=\"1\" \/><\/a><p id=\"caption-attachment-16624\" class=\"wp-caption-text\"><em>Les nouveaux exploitants du Domaine du Manoir, \u00e0 Valeyres-sous-Rances (VD) : Cl\u00e9mence, Maxime et la petite Ys\u00e9e Sother, et, \u00e0 droite, l\u2019ing\u00e9nieur viti-\u0153no Pierre-Olivier Dion-Labrie, responsable technique. (photo DR)<\/em><\/p><\/div>\n<p>Depuis 50 ans, le <strong>Domaine du Manoir<\/strong> faisait partie de l\u2019entit\u00e9 nomm\u00e9e il y a une dizaine d\u2019ann\u00e9es <strong>Les Trois-Terres<\/strong>, qui se partage entre le <strong>Domaine de Valmont<\/strong>, 30 ha, r\u00e9partis dans la r\u00e9gion morgienne, moins de 6 ha de vignes \u00e0 V\u00e9troz (VS), et ces 24 ha du Domaine du Manoir, qui vient d\u2019\u00eatre c\u00e9d\u00e9. Ce dernier a rejoint il y a quelques ann\u00e9es l\u2019<strong>Association Clos, Domaines et Ch\u00e2teaux (c-d-c.ch)<\/strong>, \u00e0 l\u2019instar des meilleures entit\u00e9s de la <strong>famille Schenk<\/strong>, et de membres ext\u00e9rieurs au groupe (23 producteurs, dont 9 ch\u00e2teaux, vaudois). Ce sont les \u0153nologues de la maison de Rolle qui suivent les vins, en l\u2019occurrence, <strong>Thierry Ciampi<\/strong>, ainsi que <strong>L\u00e9onard Pfister<\/strong>, d\u2019Obrist. Cette soci\u00e9t\u00e9 veveysanne distribue trois vins du <strong>Domaine du Manoir<\/strong>\u00a0: un \u0153il-de-perdrix et deux assemblages rouges, l\u2019un de base \u00e0 dominante gamay, l\u2019autre, une \u00abR\u00e9serve\u00bb \u00e9lev\u00e9e en f\u00fbts de ch\u00eane, marqu\u00e9 par du gamaret, les deux c\u00e9pages \u00e9tant accompagn\u00e9s par du garanoir. La famille Sother n\u2019entend pas pour l\u2019instant modifier cette fa\u00e7on de proc\u00e9der\u00a0: elle continuera \u00e0 fournir les raisins pour ces vins.<\/p>\n<h4><strong>En \u00e9chec au Ch\u00e2teau de Malessert<\/strong><\/h4>\n<p>Cela fait plusieurs ann\u00e9es que les <strong>Sother<\/strong> p\u00e8re et fils sont d\u00e9sireux d\u2019investir dans le vignoble vaudois. En 2014, ils avaient fond\u00e9 une premi\u00e8re soci\u00e9t\u00e9. Puis, en 2016, la Fonci\u00e8re Ch\u00e2teau Malessert SA. Celle-ci, moyennant une somme de 15,5 millions de francs, devait acqu\u00e9rir ce prestigieux ch\u00e2teau entre Mont-sur-Rolle et F\u00e9chy, dont les 15 hectares de chasselas sont cadastr\u00e9s 1<sup>er<\/sup> Grand Cru, depuis le mill\u00e9sime 2011.<\/p>\n<p>Malessert est une propri\u00e9t\u00e9 mill\u00e9naire, fond\u00e9e en 996, attest\u00e9e par une donation \u00e0 l\u2019abbaye de Romainm\u00f4tier. Pour les actuels propri\u00e9taires, une famille vaudoise, le chasselas est vinifi\u00e9 par <strong>La Cave de La C\u00f4te<\/strong>, qui commercialise aussi le vin. Avec deux architectes, dont <strong>Pierre Bouvier<\/strong>, le propri\u00e9taire du <strong>Ch\u00e2teau de Bursins<\/strong>, qui a r\u00e9ussi \u00e0 passer trois vins (un garanoir en cuve, un en barriques et un gamaret) en 1<sup>er<\/sup> Grand Cru \u2014 qui sont les seuls vins rouges vaudois commercialis\u00e9s \u00e0 ce niveau dans le plus r\u00e9cent mill\u00e9sime (2018)\u2014, les nouveaux propri\u00e9taires \u00e9taient pr\u00eats \u00e0 am\u00e9nager une structure \u0153notouristique importante, sur la route de l\u2019Etraz.<\/p>\n<p>Apr\u00e8s l\u2019acquisition du <strong>Domaine du Manoir<\/strong> \u00e0 Valeyres-sous-Rances, la vente a finalement pu se r\u00e9aliser. Elle fut, dans un premier temps, soumise \u00e0 une offre d\u2019achat publique et a donn\u00e9 lieu \u00e0 un recours jusqu\u2019au Tribunal f\u00e9d\u00e9ral, qui a renvoy\u00e9 la cause devant les autorit\u00e9s vaudoises en \u00e9t\u00e9 2019. Le vigneron\u00a0<strong>Maxime Sother<\/strong>, qui a effectu\u00e9 la formation requise pour \u00eatre exploitant \u00e0 part enti\u00e8re, nous l&rsquo;avait confirme\u00a0: <em>\u00abL\u2019arr\u00eat du Tribunal f\u00e9d\u00e9ral a clairement motiv\u00e9 la prospection d\u2019autres domaines viticoles et finalement l\u2019achat du Domaine du Manoir.\u00bb<\/em><\/p>\n<p>Le prix de la transaction n\u2019a, cette fois, pas d\u00fb \u00eatre publi\u00e9. Le b\u00e2timent de Valeyres, imposant, avec ses grandes salles \u00e0 chemin\u00e9e majestueuse et sa tourelle, fut une abbaye au 14<sup>\u00e8me<\/sup>si\u00e8cle, puis passa en mains nobles (<strong>Pierre de Gland<\/strong>, prince du Pays de Vaud). A la fin du 18<sup>\u00e8me<\/sup>, la <strong>famille Boissier<\/strong> en devint propri\u00e9taire\u00a0: une de ses descendantes, <strong>Val\u00e9rie de Gasparin<\/strong>, est connue pour avoir fond\u00e9 la clinique <em>\u00abLa Source\u00bb<\/em>, \u00e0 Lausanne, la premi\u00e8re \u00e9cole d\u2019infirmi\u00e8res la\u00efques au monde. En 1960, le conseiller d\u2019Etat morgien <strong>Alfred Oulevay<\/strong> acheta le domaine, avec un ami, par le biais d\u2019une soci\u00e9t\u00e9 anonyme. Cette derni\u00e8re, exploitante des Trois-Terres, l\u2019a vendu \u00e0 <strong>Maxime Sother<\/strong> qui, entretemps, en juillet 2019, avait cr\u00e9\u00e9 une nouvelle SA, Terres et Domaines Sother SA, dont on remarquera que les termes sont au pluriel, regroupant ainsi le Domaine du Manoir et le Ch\u00e2teau de Malessert.<\/p>\n<p><em>\u00a9thomasvino.ch<\/em><\/p>\n","protected":false},"excerpt":{"rendered":"<p>C\u2019est un grand domaine viticole de 24 hectares, encore peu connu, dans les C\u00f4tes-de-l\u2019Orbe. Il vient de passer, ce d\u00e9but mai 2020, dans les mains de la famille Sother, d\u2019origine alsacienne. Elle cherchait depuis quelques ann\u00e9es \u00e0 (s\u2019)investir dans le vignoble vaudois. Et elle a annonc\u00e9, fin juin 2020, qu&rsquo;elle a aussi acquis de la [&hellip;]<\/p>\n","protected":false},"author":3,"featured_media":0,"comment_status":"closed","ping_status":"open","sticky":false,"template":"","format":"standard","meta":{"_monsterinsights_skip_tracking":false,"_monsterinsights_sitenote_active":false,"_monsterinsights_sitenote_note":"","_monsterinsights_sitenote_category":0,"jetpack_post_was_ever_published":false,"jetpack_publicize_message":"","jetpack_is_tweetstorm":false,"jetpack_publicize_feature_enabled":true,"jetpack_social_post_already_shared":true,"jetpack_social_options":{"image_generator_settings":{"template":"highway","enabled":false}}},"categories":[15],"tags":[],"jetpack_publicize_connections":[],"yoast_head":"<!-- This site is optimized with the Yoast SEO plugin v20.6 - https:\/\/yoast.com\/wordpress\/plugins\/seo\/ -->\n<title>Un m\u00eame propri\u00e9taire pour le Domaine du Manoir et le Ch\u00e2teau de Malessert - thomasvino<\/title>\n<meta name=\"robots\" content=\"index, follow, max-snippet:-1, max-image-preview:large, max-video-preview:-1\" \/>\n<link rel=\"canonical\" href=\"https:\/\/thomasvino.ch\/?p=16622\" \/>\n<meta property=\"og:locale\" content=\"fr_FR\" \/>\n<meta property=\"og:type\" content=\"article\" \/>\n<meta property=\"og:title\" content=\"Un m\u00eame propri\u00e9taire pour le Domaine du Manoir et le Ch\u00e2teau de Malessert - thomasvino\" \/>\n<meta property=\"og:description\" content=\"C\u2019est un grand domaine viticole de 24 hectares, encore peu connu, dans les C\u00f4tes-de-l\u2019Orbe. Il vient de passer, ce d\u00e9but mai 2020, dans les mains de la famille Sother, d\u2019origine alsacienne. Elle cherchait depuis quelques ann\u00e9es \u00e0 (s\u2019)investir dans le vignoble vaudois. Et elle a annonc\u00e9, fin juin 2020, qu&rsquo;elle a aussi acquis de la [&hellip;]\" \/>\n<meta property=\"og:url\" content=\"https:\/\/thomasvino.ch\/?p=16622\" \/>\n<meta property=\"og:site_name\" content=\"thomasvino\" \/>\n<meta property=\"article:published_time\" content=\"2020-05-18T12:51:13+00:00\" \/>\n<meta property=\"article:modified_time\" content=\"2020-06-24T14:25:45+00:00\" \/>\n<meta property=\"og:image\" content=\"https:\/\/thomasvino.ch\/wp-content\/uploads\/2020\/05\/HG_Domaine-du-Manoir-Portrait-300x200.jpg\" \/>\n<meta name=\"author\" content=\"Pierre Thomas\" \/>\n<meta name=\"twitter:label1\" content=\"\u00c9crit par\" \/>\n\t<meta name=\"twitter:data1\" content=\"Pierre Thomas\" \/>\n\t<meta name=\"twitter:label2\" content=\"Dur\u00e9e de lecture estim\u00e9e\" \/>\n\t<meta name=\"twitter:data2\" content=\"5 minutes\" \/>\n<script type=\"application\/ld+json\" class=\"yoast-schema-graph\">{\"@context\":\"https:\/\/schema.org\",\"@graph\":[{\"@type\":\"WebPage\",\"@id\":\"https:\/\/thomasvino.ch\/?p=16622\",\"url\":\"https:\/\/thomasvino.ch\/?p=16622\",\"name\":\"Un m\u00eame propri\u00e9taire pour le Domaine du Manoir et le Ch\u00e2teau de Malessert - thomasvino\",\"isPartOf\":{\"@id\":\"https:\/\/thomasvino.ch\/#website\"},\"datePublished\":\"2020-05-18T12:51:13+00:00\",\"dateModified\":\"2020-06-24T14:25:45+00:00\",\"author\":{\"@id\":\"https:\/\/thomasvino.ch\/#\/schema\/person\/670bf4486fe81152cf1d68bd585e062e\"},\"breadcrumb\":{\"@id\":\"https:\/\/thomasvino.ch\/?p=16622#breadcrumb\"},\"inLanguage\":\"fr-FR\",\"potentialAction\":[{\"@type\":\"ReadAction\",\"target\":[\"https:\/\/thomasvino.ch\/?p=16622\"]}]},{\"@type\":\"BreadcrumbList\",\"@id\":\"https:\/\/thomasvino.ch\/?p=16622#breadcrumb\",\"itemListElement\":[{\"@type\":\"ListItem\",\"position\":1,\"name\":\"Accueil\",\"item\":\"https:\/\/thomasvino.ch\/\"},{\"@type\":\"ListItem\",\"position\":2,\"name\":\"Un m\u00eame propri\u00e9taire pour le Domaine du Manoir et le Ch\u00e2teau de Malessert\"}]},{\"@type\":\"WebSite\",\"@id\":\"https:\/\/thomasvino.ch\/#website\",\"url\":\"https:\/\/thomasvino.ch\/\",\"name\":\"thomasvino\",\"description\":\"Vins &amp; Gastronomie\",\"potentialAction\":[{\"@type\":\"SearchAction\",\"target\":{\"@type\":\"EntryPoint\",\"urlTemplate\":\"https:\/\/thomasvino.ch\/?s={search_term_string}\"},\"query-input\":\"required name=search_term_string\"}],\"inLanguage\":\"fr-FR\"},{\"@type\":\"Person\",\"@id\":\"https:\/\/thomasvino.ch\/#\/schema\/person\/670bf4486fe81152cf1d68bd585e062e\",\"name\":\"Pierre Thomas\",\"image\":{\"@type\":\"ImageObject\",\"inLanguage\":\"fr-FR\",\"@id\":\"https:\/\/thomasvino.ch\/#\/schema\/person\/image\/\",\"url\":\"https:\/\/secure.gravatar.com\/avatar\/91fd5a76647f140e53db987a0dead4d7?s=96&d=mm&r=g\",\"contentUrl\":\"https:\/\/secure.gravatar.com\/avatar\/91fd5a76647f140e53db987a0dead4d7?s=96&d=mm&r=g\",\"caption\":\"Pierre Thomas\"},\"url\":\"https:\/\/thomasvino.ch\/?author=3\"}]}<\/script>\n<!-- \/ Yoast SEO plugin. -->","yoast_head_json":{"title":"Un m\u00eame propri\u00e9taire pour le Domaine du Manoir et le Ch\u00e2teau de Malessert - thomasvino","robots":{"index":"index","follow":"follow","max-snippet":"max-snippet:-1","max-image-preview":"max-image-preview:large","max-video-preview":"max-video-preview:-1"},"canonical":"https:\/\/thomasvino.ch\/?p=16622","og_locale":"fr_FR","og_type":"article","og_title":"Un m\u00eame propri\u00e9taire pour le Domaine du Manoir et le Ch\u00e2teau de Malessert - thomasvino","og_description":"C\u2019est un grand domaine viticole de 24 hectares, encore peu connu, dans les C\u00f4tes-de-l\u2019Orbe. Il vient de passer, ce d\u00e9but mai 2020, dans les mains de la famille Sother, d\u2019origine alsacienne. Elle cherchait depuis quelques ann\u00e9es \u00e0 (s\u2019)investir dans le vignoble vaudois. Et elle a annonc\u00e9, fin juin 2020, qu&rsquo;elle a aussi acquis de la [&hellip;]","og_url":"https:\/\/thomasvino.ch\/?p=16622","og_site_name":"thomasvino","article_published_time":"2020-05-18T12:51:13+00:00","article_modified_time":"2020-06-24T14:25:45+00:00","og_image":[{"url":"https:\/\/thomasvino.ch\/wp-content\/uploads\/2020\/05\/HG_Domaine-du-Manoir-Portrait-300x200.jpg"}],"author":"Pierre Thomas","twitter_misc":{"\u00c9crit par":"Pierre Thomas","Dur\u00e9e de lecture estim\u00e9e":"5 minutes"},"schema":{"@context":"https:\/\/schema.org","@graph":[{"@type":"WebPage","@id":"https:\/\/thomasvino.ch\/?p=16622","url":"https:\/\/thomasvino.ch\/?p=16622","name":"Un m\u00eame propri\u00e9taire pour le Domaine du Manoir et le Ch\u00e2teau de Malessert - thomasvino","isPartOf":{"@id":"https:\/\/thomasvino.ch\/#website"},"datePublished":"2020-05-18T12:51:13+00:00","dateModified":"2020-06-24T14:25:45+00:00","author":{"@id":"https:\/\/thomasvino.ch\/#\/schema\/person\/670bf4486fe81152cf1d68bd585e062e"},"breadcrumb":{"@id":"https:\/\/thomasvino.ch\/?p=16622#breadcrumb"},"inLanguage":"fr-FR","potentialAction":[{"@type":"ReadAction","target":["https:\/\/thomasvino.ch\/?p=16622"]}]},{"@type":"BreadcrumbList","@id":"https:\/\/thomasvino.ch\/?p=16622#breadcrumb","itemListElement":[{"@type":"ListItem","position":1,"name":"Accueil","item":"https:\/\/thomasvino.ch\/"},{"@type":"ListItem","position":2,"name":"Un m\u00eame propri\u00e9taire pour le Domaine du Manoir et le Ch\u00e2teau de Malessert"}]},{"@type":"WebSite","@id":"https:\/\/thomasvino.ch\/#website","url":"https:\/\/thomasvino.ch\/","name":"thomasvino","description":"Vins &amp; Gastronomie","potentialAction":[{"@type":"SearchAction","target":{"@type":"EntryPoint","urlTemplate":"https:\/\/thomasvino.ch\/?s={search_term_string}"},"query-input":"required name=search_term_string"}],"inLanguage":"fr-FR"},{"@type":"Person","@id":"https:\/\/thomasvino.ch\/#\/schema\/person\/670bf4486fe81152cf1d68bd585e062e","name":"Pierre Thomas","image":{"@type":"ImageObject","inLanguage":"fr-FR","@id":"https:\/\/thomasvino.ch\/#\/schema\/person\/image\/","url":"https:\/\/secure.gravatar.com\/avatar\/91fd5a76647f140e53db987a0dead4d7?s=96&d=mm&r=g","contentUrl":"https:\/\/secure.gravatar.com\/avatar\/91fd5a76647f140e53db987a0dead4d7?s=96&d=mm&r=g","caption":"Pierre Thomas"},"url":"https:\/\/thomasvino.ch\/?author=3"}]}},"jetpack_featured_media_url":"","jetpack_sharing_enabled":true,"jetpack_shortlink":"https:\/\/wp.me\/p3m4tZ-4k6","jetpack_likes_enabled":false,"jetpack-related-posts":[{"id":16689,"url":"https:\/\/thomasvino.ch\/?p=16689","url_meta":{"origin":16622,"position":0},"title":"Le Ch\u00e2teau de Malessert vendu au propri\u00e9taire du Domaine du Manoir","date":"24 juin 2020","format":false,"excerpt":"Il y a un mois, Maxime Sother avait annonc\u00e9 l'achat du Domaine du Manoir, \u00e0 Valeyres-sous-Rances. Cette transaction paraissait une \u00abconsolation\u00bb apr\u00e8s que son offre d'achat du prestigieux Ch\u00e2teau de Malessert, \u00e0 F\u00e9chy, e\u00fbt but\u00e9 contre une d\u00e9cision du Tribunal f\u00e9d\u00e9ral, apr\u00e8s plusieurs mois d'incertitudes. Exploitant muni des dipl\u00f4mes n\u00e9cessaires\u2026","rel":"","context":"Dans &quot;Actus - News&quot;","img":{"alt_text":"","src":"","width":0,"height":0},"classes":[]},{"id":18316,"url":"https:\/\/thomasvino.ch\/?p=18316","url_meta":{"origin":16622,"position":1},"title":"Bonne bouche \u2014 Confidences assum\u00e9es","date":"15 octobre 2023","format":false,"excerpt":"Pour une \u00abmaster class\u00bb que j\u2019animerai le vendredi 10 novembre 2023 \u00e0 Daillens (www.lesalondescotesdelorbe.ch), j\u2019ai d\u00e9gust\u00e9 plus d\u2019une vingtaine de gamays de cette petite appellation d\u2019origine contr\u00f4l\u00e9e vaudoise, de moins de 200 hectares. Apr\u00e8s un creux de la vague dans les ann\u00e9es 1970, elle se taille d\u00e9sormais une jolie r\u00e9putation\u2026","rel":"","context":"Dans &quot;Bonne bouche \u2014 encore!&quot;","img":{"alt_text":"","src":"https:\/\/i0.wp.com\/thomasvino.ch\/wp-content\/uploads\/2023\/10\/IMG_7404-246x300.jpeg?resize=350%2C200&ssl=1","width":350,"height":200},"classes":[]},{"id":9941,"url":"https:\/\/thomasvino.ch\/?p=9941","url_meta":{"origin":16622,"position":2},"title":"Vaud \u2014 Christian Dugon, le plus original des vignerons vaudois","date":"1 mars 2007","format":false,"excerpt":"Christian Dugon \u00e0 BofflensLe plus original des vignerons vaudoisIl n\u2019est ni de Lavaux, ni de La C\u00f4te, ni du Chablais, mais des C\u00f4tes-de-l\u2019Orbe, le plus original des vignerons vaudois. Christian Dugon vient d\u2019encaver sa vingti\u00e8me-cinqui\u00e8me vendange. Portrait au pied du Jura.On dit des meilleurs vins qu\u2019ils naissent l\u00e0 o\u00f9 les\u2026","rel":"","context":"Dans &quot;Vins suisses&quot;","img":{"alt_text":"","src":"","width":0,"height":0},"classes":[]},{"id":9448,"url":"https:\/\/thomasvino.ch\/?p=9448","url_meta":{"origin":16622,"position":3},"title":"Les 1ers Grands Crus vaudois ne seront que 15 en 2012","date":"20 septembre 2012","format":false,"excerpt":"La coop\u00e9rative Uvavins, par le biais des Caves Cidis, qui en assurent la vinification et la commercialisation, n\u2019avaient pas voulu c\u00e9der \u00e0 la pr\u00e9cipitation printani\u00e8re. Il a donc fallu attendre d\u00e9but septembre pour voir \u00e9merger le 12\u00e8me 1er Grand Cru vaudois, premier mill\u00e9sime, soit le 2011, avec le Ch\u00e2teau de\u2026","rel":"","context":"Dans &quot;Vins suisses&quot;","img":{"alt_text":"Cha770teau-de-Malessert.jpg","src":"img\/Cha770teau-de-Malessert.jpg","width":350,"height":200},"classes":[]},{"id":9995,"url":"https:\/\/thomasvino.ch\/?p=9995","url_meta":{"origin":16622,"position":4},"title":"Vaud \u2014 C\u00f4tes-de-l&rsquo;Orbe, voyage au milieu du monde","date":"4 ao\u00fbt 2007","format":false,"excerpt":"Ce n\u2019est pas du Jules Verne (\u00abVoyage au Centre de la Terre\u00bb), mais une plong\u00e9e dans le Pays de Vaud viticole profond. Ni au sud du Nord vaudois, ni au midi des Trois-Lacs, juste au Milieu-du-Monde. Dans ce vignoble des C\u00f4tes-de-l\u2019Orbe, dont la surface a augment\u00e9 de 40% en trente\u2026","rel":"","context":"Dans &quot;Vins suisses&quot;","img":{"alt_text":"","src":"","width":0,"height":0},"classes":[]},{"id":18035,"url":"https:\/\/thomasvino.ch\/?p=18035","url_meta":{"origin":16622,"position":5},"title":"Meilleurs gamays du monde  &#8211; Les Genevois en force","date":"17 janvier 2023","format":false,"excerpt":"Les vins Genevois commencent bien l\u2019ann\u00e9e 2023, avec pas moins de six m\u00e9dailles d\u2019or au Mondial du Gamay, qui s\u2019est jou\u00e9 \u00e0 Lyon le 14 janvier. La cave et Domaine des Perri\u00e8res, \u00e0 Peissy, en aligne trois. Une cuv\u00e9e vaudoise r\u00e9cidiviste compl\u00e8te le palmar\u00e8s suisse. Le titre mondial n\u2019a pas\u2026","rel":"","context":"Dans &quot;Actus - News&quot;","img":{"alt_text":"","src":"https:\/\/i0.wp.com\/thomasvino.ch\/wp-content\/uploads\/2023\/01\/trophee-meilleur-gamay-du-monde-300x300.jpeg?resize=350%2C200&ssl=1","width":350,"height":200},"classes":[]}],"_links":{"self":[{"href":"https:\/\/thomasvino.ch\/index.php?rest_route=\/wp\/v2\/posts\/16622"}],"collection":[{"href":"https:\/\/thomasvino.ch\/index.php?rest_route=\/wp\/v2\/posts"}],"about":[{"href":"https:\/\/thomasvino.ch\/index.php?rest_route=\/wp\/v2\/types\/post"}],"author":[{"embeddable":true,"href":"https:\/\/thomasvino.ch\/index.php?rest_route=\/wp\/v2\/users\/3"}],"replies":[{"embeddable":true,"href":"https:\/\/thomasvino.ch\/index.php?rest_route=%2Fwp%2Fv2%2Fcomments&post=16622"}],"version-history":[{"count":3,"href":"https:\/\/thomasvino.ch\/index.php?rest_route=\/wp\/v2\/posts\/16622\/revisions"}],"predecessor-version":[{"id":16688,"href":"https:\/\/thomasvino.ch\/index.php?rest_route=\/wp\/v2\/posts\/16622\/revisions\/16688"}],"wp:attachment":[{"href":"https:\/\/thomasvino.ch\/index.php?rest_route=%2Fwp%2Fv2%2Fmedia&parent=16622"}],"wp:term":[{"taxonomy":"category","embeddable":true,"href":"https:\/\/thomasvino.ch\/index.php?rest_route=%2Fwp%2Fv2%2Fcategories&post=16622"},{"taxonomy":"post_tag","embeddable":true,"href":"https:\/\/thomasvino.ch\/index.php?rest_route=%2Fwp%2Fv2%2Ftags&post=16622"}],"curies":[{"name":"wp","href":"https:\/\/api.w.org\/{rel}","templated":true}]}}