{"id":16668,"date":"2020-06-11T14:33:12","date_gmt":"2020-06-11T13:33:12","guid":{"rendered":"https:\/\/thomasvino.ch\/?p=16668"},"modified":"2020-06-11T14:33:12","modified_gmt":"2020-06-11T13:33:12","slug":"rencontres-suisses-de-loenotourisme-en-mars-2021","status":"publish","type":"post","link":"https:\/\/thomasvino.ch\/?p=16668","title":{"rendered":"Rencontres suisses de l&rsquo;\u0153notourisme : en mars 2021"},"content":{"rendered":"<p><strong>Depuis trois ans plac\u00e9es en automne, les Rencontres suisses de l\u2019\u0153notourisme, et l\u2019attribution de leurs prix, seront organis\u00e9es le jeudi 18 mars 2021, au Ch\u00e2teau d\u2019Aigle (VD), avec plusieurs conf\u00e9rences.<\/strong><\/p>\n<p>La quatri\u00e8me \u00e9dition aura donc une fois de plus lieu en Pays de Vaud, apr\u00e8s Cully en 2017 et F\u00e9chy, en 2018. Seule exception jusqu\u2019ici, Chamoson (VD) en 2019. Pour les professionnels de l\u2019\u0153notourisme, l\u2019enjeu le plus int\u00e9ressant est les prix, dans les cat\u00e9gories architecture-paysage, art-culture, d\u00e9couverte-innovation, environnement-d\u00e9veloppement, restauration-h\u00f4tellerie et services-organisation, en plus d\u2019une cat\u00e9gorie artisan. Les gagnants de chaque cat\u00e9gorie peuvent se mesurer aux candidats du monde entier, via le r\u00e9seau Great Wine Capitals (<a href=\"https:\/\/www.greatwinecapitals.com\/best-of-wine-tourism\/all\/2020\/all\"><strong>www.greatwinecapitals.com<\/strong><\/a>), qu\u2019a int\u00e9gr\u00e9 Lausanne (et que vient de rejoindre Le Cap, en Afrique du Sud, onzi\u00e8me). Les inscriptions aux prix suisses, gratuites, sont ouvertes jusqu\u2019\u00e0 fin janvier 2021, sur <a href=\"http:\/\/www.swissoeno.ch\/\"><strong>www.swissoeno.ch<\/strong><\/a>.<\/p>\n<p><em>\u00a9thomasvino.ch<\/em><\/p>\n","protected":false},"excerpt":{"rendered":"<p>Depuis trois ans plac\u00e9es en automne, les Rencontres suisses de l\u2019\u0153notourisme, et l\u2019attribution de leurs prix, seront organis\u00e9es le jeudi 18 mars 2021, au Ch\u00e2teau d\u2019Aigle (VD), avec plusieurs conf\u00e9rences. La quatri\u00e8me \u00e9dition aura donc une fois de plus lieu en Pays de Vaud, apr\u00e8s Cully en 2017 et F\u00e9chy, en 2018. Seule exception jusqu\u2019ici, [&hellip;]<\/p>\n","protected":false},"author":3,"featured_media":0,"comment_status":"closed","ping_status":"open","sticky":false,"template":"","format":"standard","meta":{"_monsterinsights_skip_tracking":false,"_monsterinsights_sitenote_active":false,"_monsterinsights_sitenote_note":"","_monsterinsights_sitenote_category":0,"jetpack_post_was_ever_published":false,"jetpack_publicize_message":"","jetpack_is_tweetstorm":false,"jetpack_publicize_feature_enabled":true,"jetpack_social_post_already_shared":true,"jetpack_social_options":{"image_generator_settings":{"template":"highway","enabled":false}}},"categories":[15],"tags":[],"jetpack_publicize_connections":[],"yoast_head":"<!-- This site is optimized with the Yoast SEO plugin v20.6 - https:\/\/yoast.com\/wordpress\/plugins\/seo\/ -->\n<title>Rencontres suisses de l&#039;\u0153notourisme : en mars 2021 - thomasvino<\/title>\n<meta name=\"robots\" content=\"index, follow, max-snippet:-1, max-image-preview:large, max-video-preview:-1\" \/>\n<link rel=\"canonical\" href=\"https:\/\/thomasvino.ch\/?p=16668\" \/>\n<meta property=\"og:locale\" content=\"fr_FR\" \/>\n<meta property=\"og:type\" content=\"article\" \/>\n<meta property=\"og:title\" content=\"Rencontres suisses de l&#039;\u0153notourisme : en mars 2021 - thomasvino\" \/>\n<meta property=\"og:description\" content=\"Depuis trois ans plac\u00e9es en automne, les Rencontres suisses de l\u2019\u0153notourisme, et l\u2019attribution de leurs prix, seront organis\u00e9es le jeudi 18 mars 2021, au Ch\u00e2teau d\u2019Aigle (VD), avec plusieurs conf\u00e9rences. La quatri\u00e8me \u00e9dition aura donc une fois de plus lieu en Pays de Vaud, apr\u00e8s Cully en 2017 et F\u00e9chy, en 2018. Seule exception jusqu\u2019ici, [&hellip;]\" \/>\n<meta property=\"og:url\" content=\"https:\/\/thomasvino.ch\/?p=16668\" \/>\n<meta property=\"og:site_name\" content=\"thomasvino\" \/>\n<meta property=\"article:published_time\" content=\"2020-06-11T13:33:12+00:00\" \/>\n<meta name=\"author\" content=\"Pierre Thomas\" \/>\n<meta name=\"twitter:label1\" content=\"\u00c9crit par\" \/>\n\t<meta name=\"twitter:data1\" content=\"Pierre Thomas\" \/>\n\t<meta name=\"twitter:label2\" content=\"Dur\u00e9e de lecture estim\u00e9e\" \/>\n\t<meta name=\"twitter:data2\" content=\"1 minute\" \/>\n<script type=\"application\/ld+json\" class=\"yoast-schema-graph\">{\"@context\":\"https:\/\/schema.org\",\"@graph\":[{\"@type\":\"WebPage\",\"@id\":\"https:\/\/thomasvino.ch\/?p=16668\",\"url\":\"https:\/\/thomasvino.ch\/?p=16668\",\"name\":\"Rencontres suisses de l'\u0153notourisme : en mars 2021 - thomasvino\",\"isPartOf\":{\"@id\":\"https:\/\/thomasvino.ch\/#website\"},\"datePublished\":\"2020-06-11T13:33:12+00:00\",\"dateModified\":\"2020-06-11T13:33:12+00:00\",\"author\":{\"@id\":\"https:\/\/thomasvino.ch\/#\/schema\/person\/670bf4486fe81152cf1d68bd585e062e\"},\"breadcrumb\":{\"@id\":\"https:\/\/thomasvino.ch\/?p=16668#breadcrumb\"},\"inLanguage\":\"fr-FR\",\"potentialAction\":[{\"@type\":\"ReadAction\",\"target\":[\"https:\/\/thomasvino.ch\/?p=16668\"]}]},{\"@type\":\"BreadcrumbList\",\"@id\":\"https:\/\/thomasvino.ch\/?p=16668#breadcrumb\",\"itemListElement\":[{\"@type\":\"ListItem\",\"position\":1,\"name\":\"Accueil\",\"item\":\"https:\/\/thomasvino.ch\/\"},{\"@type\":\"ListItem\",\"position\":2,\"name\":\"Rencontres suisses de l&rsquo;\u0153notourisme : en mars 2021\"}]},{\"@type\":\"WebSite\",\"@id\":\"https:\/\/thomasvino.ch\/#website\",\"url\":\"https:\/\/thomasvino.ch\/\",\"name\":\"thomasvino\",\"description\":\"Vins &amp; Gastronomie\",\"potentialAction\":[{\"@type\":\"SearchAction\",\"target\":{\"@type\":\"EntryPoint\",\"urlTemplate\":\"https:\/\/thomasvino.ch\/?s={search_term_string}\"},\"query-input\":\"required name=search_term_string\"}],\"inLanguage\":\"fr-FR\"},{\"@type\":\"Person\",\"@id\":\"https:\/\/thomasvino.ch\/#\/schema\/person\/670bf4486fe81152cf1d68bd585e062e\",\"name\":\"Pierre Thomas\",\"image\":{\"@type\":\"ImageObject\",\"inLanguage\":\"fr-FR\",\"@id\":\"https:\/\/thomasvino.ch\/#\/schema\/person\/image\/\",\"url\":\"https:\/\/secure.gravatar.com\/avatar\/91fd5a76647f140e53db987a0dead4d7?s=96&d=mm&r=g\",\"contentUrl\":\"https:\/\/secure.gravatar.com\/avatar\/91fd5a76647f140e53db987a0dead4d7?s=96&d=mm&r=g\",\"caption\":\"Pierre Thomas\"},\"url\":\"https:\/\/thomasvino.ch\/?author=3\"}]}<\/script>\n<!-- \/ Yoast SEO plugin. -->","yoast_head_json":{"title":"Rencontres suisses de l'\u0153notourisme : en mars 2021 - thomasvino","robots":{"index":"index","follow":"follow","max-snippet":"max-snippet:-1","max-image-preview":"max-image-preview:large","max-video-preview":"max-video-preview:-1"},"canonical":"https:\/\/thomasvino.ch\/?p=16668","og_locale":"fr_FR","og_type":"article","og_title":"Rencontres suisses de l'\u0153notourisme : en mars 2021 - thomasvino","og_description":"Depuis trois ans plac\u00e9es en automne, les Rencontres suisses de l\u2019\u0153notourisme, et l\u2019attribution de leurs prix, seront organis\u00e9es le jeudi 18 mars 2021, au Ch\u00e2teau d\u2019Aigle (VD), avec plusieurs conf\u00e9rences. La quatri\u00e8me \u00e9dition aura donc une fois de plus lieu en Pays de Vaud, apr\u00e8s Cully en 2017 et F\u00e9chy, en 2018. Seule exception jusqu\u2019ici, [&hellip;]","og_url":"https:\/\/thomasvino.ch\/?p=16668","og_site_name":"thomasvino","article_published_time":"2020-06-11T13:33:12+00:00","author":"Pierre Thomas","twitter_misc":{"\u00c9crit par":"Pierre Thomas","Dur\u00e9e de lecture estim\u00e9e":"1 minute"},"schema":{"@context":"https:\/\/schema.org","@graph":[{"@type":"WebPage","@id":"https:\/\/thomasvino.ch\/?p=16668","url":"https:\/\/thomasvino.ch\/?p=16668","name":"Rencontres suisses de l'\u0153notourisme : en mars 2021 - thomasvino","isPartOf":{"@id":"https:\/\/thomasvino.ch\/#website"},"datePublished":"2020-06-11T13:33:12+00:00","dateModified":"2020-06-11T13:33:12+00:00","author":{"@id":"https:\/\/thomasvino.ch\/#\/schema\/person\/670bf4486fe81152cf1d68bd585e062e"},"breadcrumb":{"@id":"https:\/\/thomasvino.ch\/?p=16668#breadcrumb"},"inLanguage":"fr-FR","potentialAction":[{"@type":"ReadAction","target":["https:\/\/thomasvino.ch\/?p=16668"]}]},{"@type":"BreadcrumbList","@id":"https:\/\/thomasvino.ch\/?p=16668#breadcrumb","itemListElement":[{"@type":"ListItem","position":1,"name":"Accueil","item":"https:\/\/thomasvino.ch\/"},{"@type":"ListItem","position":2,"name":"Rencontres suisses de l&rsquo;\u0153notourisme : en mars 2021"}]},{"@type":"WebSite","@id":"https:\/\/thomasvino.ch\/#website","url":"https:\/\/thomasvino.ch\/","name":"thomasvino","description":"Vins &amp; Gastronomie","potentialAction":[{"@type":"SearchAction","target":{"@type":"EntryPoint","urlTemplate":"https:\/\/thomasvino.ch\/?s={search_term_string}"},"query-input":"required name=search_term_string"}],"inLanguage":"fr-FR"},{"@type":"Person","@id":"https:\/\/thomasvino.ch\/#\/schema\/person\/670bf4486fe81152cf1d68bd585e062e","name":"Pierre Thomas","image":{"@type":"ImageObject","inLanguage":"fr-FR","@id":"https:\/\/thomasvino.ch\/#\/schema\/person\/image\/","url":"https:\/\/secure.gravatar.com\/avatar\/91fd5a76647f140e53db987a0dead4d7?s=96&d=mm&r=g","contentUrl":"https:\/\/secure.gravatar.com\/avatar\/91fd5a76647f140e53db987a0dead4d7?s=96&d=mm&r=g","caption":"Pierre Thomas"},"url":"https:\/\/thomasvino.ch\/?author=3"}]}},"jetpack_featured_media_url":"","jetpack_sharing_enabled":true,"jetpack_shortlink":"https:\/\/wp.me\/p3m4tZ-4kQ","jetpack_likes_enabled":false,"jetpack-related-posts":[{"id":15239,"url":"https:\/\/thomasvino.ch\/?p=15239","url_meta":{"origin":16668,"position":0},"title":"Lausanne re\u00e7ue parmi les \u00abgrandes capitales du vin\u00bb","date":"16 ao\u00fbt 2018","format":false,"excerpt":"Officiellement, la Ville de Lausanne a \u00e9t\u00e9 re\u00e7ue parmi les \u00abgrandes capitales du vin\u00bb (\u00abgreat wine capitals\u00bb, GWC, en anglais), fin juin \u00e0 V\u00e9rone. D\u00e9j\u00e0, cette adh\u00e9sion a des r\u00e9percussions sur l\u2019\u0153notourisme\u00a0: quatre projets suisses pourront concourir pour prix de \u00abBest of Wine Tourism\u00bb \u00e0 Adela\u00efde, en Australie, en novembre.\u2026","rel":"","context":"Dans &quot;Tendance&quot;","img":{"alt_text":"","src":"https:\/\/i0.wp.com\/thomasvino.ch\/wp-content\/uploads\/2018\/08\/IMG_5730-225x300.jpg?resize=350%2C200&ssl=1","width":350,"height":200},"classes":[]},{"id":16065,"url":"https:\/\/thomasvino.ch\/?p=16065","url_meta":{"origin":16668,"position":1},"title":"Oenotourisme: Salquenen au pinacle","date":"12 septembre 2019","format":false,"excerpt":"Organis\u00e9es pour la premi\u00e8re fois en Valais, \u00e0 Chamoson, les troisi\u00e8mes Rencontres de l'\u0153notourisme ont vu la remise du Prix suisse de l'\u0153notourisme. Et c'est un projet valaisan, \u00abl'Exp\u00e9rience \u0153notouristique de Salquenen\u00bb qui a remport\u00e9 ce prix 2019. Plusieurs r\u00e9alisations valaisannes figurent au palmar\u00e8s. Dont un \"prix d'honneur\" pour le\u2026","rel":"","context":"Dans &quot;Tendance&quot;","img":{"alt_text":"","src":"","width":0,"height":0},"classes":[]},{"id":16034,"url":"https:\/\/thomasvino.ch\/?p=16034","url_meta":{"origin":16668,"position":2},"title":"Valais\u00a0: vendanges et \u0153notourisme","date":"22 ao\u00fbt 2019","format":false,"excerpt":"Parmi les projets candidats au \u00abPrix suisse de l\u2019\u0153notourisme 2019\u00bb, l\u2019initiative prise l\u2019an pass\u00e9, et reprise cette ann\u00e9e, de \u00abAu c\u0153ur des vendanges\u00bb*. On saura si la manifestation, qui aura lieu dans le vignoble le samedi 21 septembre, a conquis le jury, lors de la proclamation du prix, dix jours\u2026","rel":"","context":"Dans &quot;Actus - News&quot;","img":{"alt_text":"","src":"https:\/\/i0.wp.com\/thomasvino.ch\/wp-content\/uploads\/2019\/08\/vendVS_celineribordy-300x200.jpg?resize=350%2C200&ssl=1","width":350,"height":200},"classes":[]},{"id":15319,"url":"https:\/\/thomasvino.ch\/?p=15319","url_meta":{"origin":16668,"position":3},"title":"Oenotourisme: Oenoparc prim\u00e9","date":"20 septembre 2018","format":false,"excerpt":"L'institutionnalisation de l'\u0153notourisme passe par la distinction d'objets qui vont de soi: ainsi en est-il des Celliers de Sion, gros investissement dans le domaine, et dont on ne voit pas comment ils n'auraient pas pu d\u00e9crocher le \u00abPrix suisse de l'\u0153notourisme 2018\u00bb, \u00e0 F\u00e9chy, le 12 septembre. Ce gros dossier,\u2026","rel":"","context":"Dans &quot;Actus - News&quot;","img":{"alt_text":"","src":"","width":0,"height":0},"classes":[]},{"id":8871,"url":"https:\/\/thomasvino.ch\/?p=8871","url_meta":{"origin":16668,"position":4},"title":"La France s&rsquo;engouffre dans l&rsquo;\u0153notourisme","date":"16 avril 2009","format":false,"excerpt":"Conseil national, Salon \u00e0 Lyon...La France s'engouffre dans l'\u0153notourismeSi le vin colle \u00e0 l'image de la France, celle-ci mise \u2014 enfin \u2014 sur l'\u0153notourisme... comme les autres pays d'Europe.Par Pierre ThomasLe ministre fran\u00e7ais de l\u2019agriculture, Michel Barnier, l\u2019a annonc\u00e9 fin mars 2009: Paris entend mettre en place un Conseil national\u2026","rel":"","context":"Dans &quot;Tendance&quot;","img":{"alt_text":"","src":"","width":0,"height":0},"classes":[]},{"id":17234,"url":"https:\/\/thomasvino.ch\/?p=17234","url_meta":{"origin":16668,"position":5},"title":"L&rsquo;\u0153notourisme vise une plate-forme","date":"20 avril 2021","format":false,"excerpt":"On ne devrait rien voir vraiment avant le printemps prochain, mais la Fondation pour la promotion du go\u00fbt lance le projet \u00abSwiss Wine Tour\u00bb. Plus de 1,7 million de francs ont \u00e9t\u00e9 lev\u00e9s pour r\u00e9aliser ce projet sur trois ans. Tous les cantons romands (sauf le Jura, mais avec Berne,\u2026","rel":"","context":"Dans &quot;Actus - News&quot;","img":{"alt_text":"","src":"","width":0,"height":0},"classes":[]}],"_links":{"self":[{"href":"https:\/\/thomasvino.ch\/index.php?rest_route=\/wp\/v2\/posts\/16668"}],"collection":[{"href":"https:\/\/thomasvino.ch\/index.php?rest_route=\/wp\/v2\/posts"}],"about":[{"href":"https:\/\/thomasvino.ch\/index.php?rest_route=\/wp\/v2\/types\/post"}],"author":[{"embeddable":true,"href":"https:\/\/thomasvino.ch\/index.php?rest_route=\/wp\/v2\/users\/3"}],"replies":[{"embeddable":true,"href":"https:\/\/thomasvino.ch\/index.php?rest_route=%2Fwp%2Fv2%2Fcomments&post=16668"}],"version-history":[{"count":1,"href":"https:\/\/thomasvino.ch\/index.php?rest_route=\/wp\/v2\/posts\/16668\/revisions"}],"predecessor-version":[{"id":16669,"href":"https:\/\/thomasvino.ch\/index.php?rest_route=\/wp\/v2\/posts\/16668\/revisions\/16669"}],"wp:attachment":[{"href":"https:\/\/thomasvino.ch\/index.php?rest_route=%2Fwp%2Fv2%2Fmedia&parent=16668"}],"wp:term":[{"taxonomy":"category","embeddable":true,"href":"https:\/\/thomasvino.ch\/index.php?rest_route=%2Fwp%2Fv2%2Fcategories&post=16668"},{"taxonomy":"post_tag","embeddable":true,"href":"https:\/\/thomasvino.ch\/index.php?rest_route=%2Fwp%2Fv2%2Ftags&post=16668"}],"curies":[{"name":"wp","href":"https:\/\/api.w.org\/{rel}","templated":true}]}}