{"id":16689,"date":"2020-06-24T15:36:32","date_gmt":"2020-06-24T14:36:32","guid":{"rendered":"https:\/\/thomasvino.ch\/?p=16689"},"modified":"2020-06-24T15:36:32","modified_gmt":"2020-06-24T14:36:32","slug":"le-chateau-de-malessert-vendu-au-proprietaire-du-domaine-du-manoir","status":"publish","type":"post","link":"https:\/\/thomasvino.ch\/?p=16689","title":{"rendered":"Le Ch\u00e2teau de Malessert vendu au propri\u00e9taire du Domaine du Manoir"},"content":{"rendered":"<p>Il y a un mois, <a href=\"https:\/\/thomasvino.ch\/?p=16622\"><strong>Maxime Sother<\/strong> avait annonc\u00e9 l&rsquo;achat du <strong>Domaine du Manoir<\/strong><\/a>, \u00e0 Valeyres-sous-Rances. Cette transaction paraissait une <em>\u00abconsolation\u00bb<\/em> apr\u00e8s que son offre d&rsquo;achat du prestigieux Ch\u00e2teau de Malessert, \u00e0 F\u00e9chy, e\u00fbt but\u00e9 contre une d\u00e9cision du Tribunal f\u00e9d\u00e9ral, apr\u00e8s plusieurs mois d&rsquo;incertitudes. Exploitant muni des dipl\u00f4mes n\u00e9cessaires requis par le droit suisse, le jeune ressortissant alsacien a pu conclure l&rsquo;achat du joyau de La C\u00f4te, class\u00e9 en 1er Grand Cru vaudois pour son chasselas. Un ambitieux projet architectural de r\u00e9am\u00e9nagement \u0153notouristique, avec une extension de la cave, des locaux de r\u00e9ception et des chambres, devrait \u00eatre entrepris, sur la route entre F\u00e9chy et Mont-sur-Rolle, dans l&rsquo;ancien fief de la <strong>famille Saugy<\/strong>. Dans un communiqu\u00e9 re\u00e7u le 24 juin, la <strong>famille Sother<\/strong> <em>\u00abcompte inscrire durablement les deux domaines parmi les plus prestigieux des crus helv\u00e9tiques.\u00bb<\/em> Pour l&rsquo;instant, le domaine des C\u00f4tes-de-l&rsquo;Orbe est vinifi\u00e9 par Schenk, \u00e0 Rolle, o\u00f9 le raisin est livr\u00e9, tandis que cru de F\u00e9chy, en grand cru et en 1er Grand Cru, l&rsquo;est, sur place \u00e0 Malessert, par la Cave de La C\u00f4te, qui vinifie aussi un 1er Grand Cru de la cave <strong>Kursner<\/strong>, \u00e0 F\u00e9chy, rachet\u00e9e par la coop\u00e9rative, et le Ch\u00e2teau La B\u00e2tie, \u00e0 Luins.<\/p>\n<p><em>\u00a9thomasvino.ch<\/em><\/p>\n","protected":false},"excerpt":{"rendered":"<p>Il y a un mois, Maxime Sother avait annonc\u00e9 l&rsquo;achat du Domaine du Manoir, \u00e0 Valeyres-sous-Rances. Cette transaction paraissait une \u00abconsolation\u00bb apr\u00e8s que son offre d&rsquo;achat du prestigieux Ch\u00e2teau de Malessert, \u00e0 F\u00e9chy, e\u00fbt but\u00e9 contre une d\u00e9cision du Tribunal f\u00e9d\u00e9ral, apr\u00e8s plusieurs mois d&rsquo;incertitudes. Exploitant muni des dipl\u00f4mes n\u00e9cessaires requis par le droit suisse, [&hellip;]<\/p>\n","protected":false},"author":3,"featured_media":0,"comment_status":"closed","ping_status":"open","sticky":false,"template":"","format":"standard","meta":{"_monsterinsights_skip_tracking":false,"_monsterinsights_sitenote_active":false,"_monsterinsights_sitenote_note":"","_monsterinsights_sitenote_category":0,"jetpack_post_was_ever_published":false,"jetpack_publicize_message":"","jetpack_is_tweetstorm":false,"jetpack_publicize_feature_enabled":true,"jetpack_social_post_already_shared":true,"jetpack_social_options":{"image_generator_settings":{"template":"highway","enabled":false}}},"categories":[15],"tags":[],"jetpack_publicize_connections":[],"yoast_head":"<!-- This site is optimized with the Yoast SEO plugin v20.6 - https:\/\/yoast.com\/wordpress\/plugins\/seo\/ -->\n<title>Le Ch\u00e2teau de Malessert vendu au propri\u00e9taire du Domaine du Manoir - thomasvino<\/title>\n<meta name=\"robots\" content=\"index, follow, max-snippet:-1, max-image-preview:large, max-video-preview:-1\" \/>\n<link rel=\"canonical\" href=\"https:\/\/thomasvino.ch\/?p=16689\" \/>\n<meta property=\"og:locale\" content=\"fr_FR\" \/>\n<meta property=\"og:type\" content=\"article\" \/>\n<meta property=\"og:title\" content=\"Le Ch\u00e2teau de Malessert vendu au propri\u00e9taire du Domaine du Manoir - thomasvino\" \/>\n<meta property=\"og:description\" content=\"Il y a un mois, Maxime Sother avait annonc\u00e9 l&rsquo;achat du Domaine du Manoir, \u00e0 Valeyres-sous-Rances. Cette transaction paraissait une \u00abconsolation\u00bb apr\u00e8s que son offre d&rsquo;achat du prestigieux Ch\u00e2teau de Malessert, \u00e0 F\u00e9chy, e\u00fbt but\u00e9 contre une d\u00e9cision du Tribunal f\u00e9d\u00e9ral, apr\u00e8s plusieurs mois d&rsquo;incertitudes. Exploitant muni des dipl\u00f4mes n\u00e9cessaires requis par le droit suisse, [&hellip;]\" \/>\n<meta property=\"og:url\" content=\"https:\/\/thomasvino.ch\/?p=16689\" \/>\n<meta property=\"og:site_name\" content=\"thomasvino\" \/>\n<meta property=\"article:published_time\" content=\"2020-06-24T14:36:32+00:00\" \/>\n<meta name=\"author\" content=\"Pierre Thomas\" \/>\n<meta name=\"twitter:label1\" content=\"\u00c9crit par\" \/>\n\t<meta name=\"twitter:data1\" content=\"Pierre Thomas\" \/>\n\t<meta name=\"twitter:label2\" content=\"Dur\u00e9e de lecture estim\u00e9e\" \/>\n\t<meta name=\"twitter:data2\" content=\"1 minute\" \/>\n<script type=\"application\/ld+json\" class=\"yoast-schema-graph\">{\"@context\":\"https:\/\/schema.org\",\"@graph\":[{\"@type\":\"WebPage\",\"@id\":\"https:\/\/thomasvino.ch\/?p=16689\",\"url\":\"https:\/\/thomasvino.ch\/?p=16689\",\"name\":\"Le Ch\u00e2teau de Malessert vendu au propri\u00e9taire du Domaine du Manoir - thomasvino\",\"isPartOf\":{\"@id\":\"https:\/\/thomasvino.ch\/#website\"},\"datePublished\":\"2020-06-24T14:36:32+00:00\",\"dateModified\":\"2020-06-24T14:36:32+00:00\",\"author\":{\"@id\":\"https:\/\/thomasvino.ch\/#\/schema\/person\/670bf4486fe81152cf1d68bd585e062e\"},\"breadcrumb\":{\"@id\":\"https:\/\/thomasvino.ch\/?p=16689#breadcrumb\"},\"inLanguage\":\"fr-FR\",\"potentialAction\":[{\"@type\":\"ReadAction\",\"target\":[\"https:\/\/thomasvino.ch\/?p=16689\"]}]},{\"@type\":\"BreadcrumbList\",\"@id\":\"https:\/\/thomasvino.ch\/?p=16689#breadcrumb\",\"itemListElement\":[{\"@type\":\"ListItem\",\"position\":1,\"name\":\"Accueil\",\"item\":\"https:\/\/thomasvino.ch\/\"},{\"@type\":\"ListItem\",\"position\":2,\"name\":\"Le Ch\u00e2teau de Malessert vendu au propri\u00e9taire du Domaine du Manoir\"}]},{\"@type\":\"WebSite\",\"@id\":\"https:\/\/thomasvino.ch\/#website\",\"url\":\"https:\/\/thomasvino.ch\/\",\"name\":\"thomasvino\",\"description\":\"Vins &amp; Gastronomie\",\"potentialAction\":[{\"@type\":\"SearchAction\",\"target\":{\"@type\":\"EntryPoint\",\"urlTemplate\":\"https:\/\/thomasvino.ch\/?s={search_term_string}\"},\"query-input\":\"required name=search_term_string\"}],\"inLanguage\":\"fr-FR\"},{\"@type\":\"Person\",\"@id\":\"https:\/\/thomasvino.ch\/#\/schema\/person\/670bf4486fe81152cf1d68bd585e062e\",\"name\":\"Pierre Thomas\",\"image\":{\"@type\":\"ImageObject\",\"inLanguage\":\"fr-FR\",\"@id\":\"https:\/\/thomasvino.ch\/#\/schema\/person\/image\/\",\"url\":\"https:\/\/secure.gravatar.com\/avatar\/91fd5a76647f140e53db987a0dead4d7?s=96&d=mm&r=g\",\"contentUrl\":\"https:\/\/secure.gravatar.com\/avatar\/91fd5a76647f140e53db987a0dead4d7?s=96&d=mm&r=g\",\"caption\":\"Pierre Thomas\"},\"url\":\"https:\/\/thomasvino.ch\/?author=3\"}]}<\/script>\n<!-- \/ Yoast SEO plugin. -->","yoast_head_json":{"title":"Le Ch\u00e2teau de Malessert vendu au propri\u00e9taire du Domaine du Manoir - thomasvino","robots":{"index":"index","follow":"follow","max-snippet":"max-snippet:-1","max-image-preview":"max-image-preview:large","max-video-preview":"max-video-preview:-1"},"canonical":"https:\/\/thomasvino.ch\/?p=16689","og_locale":"fr_FR","og_type":"article","og_title":"Le Ch\u00e2teau de Malessert vendu au propri\u00e9taire du Domaine du Manoir - thomasvino","og_description":"Il y a un mois, Maxime Sother avait annonc\u00e9 l&rsquo;achat du Domaine du Manoir, \u00e0 Valeyres-sous-Rances. Cette transaction paraissait une \u00abconsolation\u00bb apr\u00e8s que son offre d&rsquo;achat du prestigieux Ch\u00e2teau de Malessert, \u00e0 F\u00e9chy, e\u00fbt but\u00e9 contre une d\u00e9cision du Tribunal f\u00e9d\u00e9ral, apr\u00e8s plusieurs mois d&rsquo;incertitudes. Exploitant muni des dipl\u00f4mes n\u00e9cessaires requis par le droit suisse, [&hellip;]","og_url":"https:\/\/thomasvino.ch\/?p=16689","og_site_name":"thomasvino","article_published_time":"2020-06-24T14:36:32+00:00","author":"Pierre Thomas","twitter_misc":{"\u00c9crit par":"Pierre Thomas","Dur\u00e9e de lecture estim\u00e9e":"1 minute"},"schema":{"@context":"https:\/\/schema.org","@graph":[{"@type":"WebPage","@id":"https:\/\/thomasvino.ch\/?p=16689","url":"https:\/\/thomasvino.ch\/?p=16689","name":"Le Ch\u00e2teau de Malessert vendu au propri\u00e9taire du Domaine du Manoir - thomasvino","isPartOf":{"@id":"https:\/\/thomasvino.ch\/#website"},"datePublished":"2020-06-24T14:36:32+00:00","dateModified":"2020-06-24T14:36:32+00:00","author":{"@id":"https:\/\/thomasvino.ch\/#\/schema\/person\/670bf4486fe81152cf1d68bd585e062e"},"breadcrumb":{"@id":"https:\/\/thomasvino.ch\/?p=16689#breadcrumb"},"inLanguage":"fr-FR","potentialAction":[{"@type":"ReadAction","target":["https:\/\/thomasvino.ch\/?p=16689"]}]},{"@type":"BreadcrumbList","@id":"https:\/\/thomasvino.ch\/?p=16689#breadcrumb","itemListElement":[{"@type":"ListItem","position":1,"name":"Accueil","item":"https:\/\/thomasvino.ch\/"},{"@type":"ListItem","position":2,"name":"Le Ch\u00e2teau de Malessert vendu au propri\u00e9taire du Domaine du Manoir"}]},{"@type":"WebSite","@id":"https:\/\/thomasvino.ch\/#website","url":"https:\/\/thomasvino.ch\/","name":"thomasvino","description":"Vins &amp; Gastronomie","potentialAction":[{"@type":"SearchAction","target":{"@type":"EntryPoint","urlTemplate":"https:\/\/thomasvino.ch\/?s={search_term_string}"},"query-input":"required name=search_term_string"}],"inLanguage":"fr-FR"},{"@type":"Person","@id":"https:\/\/thomasvino.ch\/#\/schema\/person\/670bf4486fe81152cf1d68bd585e062e","name":"Pierre Thomas","image":{"@type":"ImageObject","inLanguage":"fr-FR","@id":"https:\/\/thomasvino.ch\/#\/schema\/person\/image\/","url":"https:\/\/secure.gravatar.com\/avatar\/91fd5a76647f140e53db987a0dead4d7?s=96&d=mm&r=g","contentUrl":"https:\/\/secure.gravatar.com\/avatar\/91fd5a76647f140e53db987a0dead4d7?s=96&d=mm&r=g","caption":"Pierre Thomas"},"url":"https:\/\/thomasvino.ch\/?author=3"}]}},"jetpack_featured_media_url":"","jetpack_sharing_enabled":true,"jetpack_shortlink":"https:\/\/wp.me\/p3m4tZ-4lb","jetpack_likes_enabled":false,"jetpack-related-posts":[{"id":16622,"url":"https:\/\/thomasvino.ch\/?p=16622","url_meta":{"origin":16689,"position":0},"title":"Un m\u00eame propri\u00e9taire pour le Domaine du Manoir et le Ch\u00e2teau de Malessert","date":"18 mai 2020","format":false,"excerpt":"C\u2019est un grand domaine viticole de 24 hectares, encore peu connu, dans les C\u00f4tes-de-l\u2019Orbe. Il vient de passer, ce d\u00e9but mai 2020, dans les mains de la famille Sother, d\u2019origine alsacienne. Elle cherchait depuis quelques ann\u00e9es \u00e0 (s\u2019)investir dans le vignoble vaudois. Et elle a annonc\u00e9, fin juin 2020, qu'elle\u2026","rel":"","context":"Dans &quot;Actus - News&quot;","img":{"alt_text":"","src":"https:\/\/i0.wp.com\/thomasvino.ch\/wp-content\/uploads\/2020\/05\/HG_Domaine-du-Manoir-Portrait-300x200.jpg?resize=350%2C200&ssl=1","width":350,"height":200},"classes":[]},{"id":9471,"url":"https:\/\/thomasvino.ch\/?p=9471","url_meta":{"origin":16689,"position":1},"title":"Les 1ers Grands Crus vaudois \u00e0 Expovina","date":"19 octobre 2012","format":false,"excerpt":"A Zurich, les 12 et 13 novembre 1ers Grands Crus vaudois \u00e0 Expovina Les douze 1ers Grands Crus vaudois, tous des chasselas du mill\u00e9sime 2011, pourront \u00eatre d\u00e9gust\u00e9s \u00e0 Expovina, \u00e0 Zurich, dans le salon du forum du vin, les lundi 12 et mardi 13 novembre prochains, annonce Nicolas Joss,\u2026","rel":"","context":"Dans &quot;Actus - News&quot;","img":{"alt_text":"","src":"","width":0,"height":0},"classes":[]},{"id":13641,"url":"https:\/\/thomasvino.ch\/?p=13641","url_meta":{"origin":16689,"position":2},"title":"F\u00e9chy, le poids d\u2019un grand cru","date":"6 juin 2016","format":false,"excerpt":"D\u00e9but juin 2016, les associations de vignerons de F\u00e9chy ont pr\u00e9sent\u00e9 leur volont\u00e9 de mettre en avant les s\u00e9lections parcellaires. Le magazine Le Guillon, dans son \u00e9dition du printemps 2016, avait esquiss\u00e9 ce dossier. Et d\u00e9gust\u00e9 les chasselas sur le mill\u00e9sime 2014. Par Pierre Thomas Sait-on qu\u2019avec 165 hectares, F\u00e9chy\u2026","rel":"","context":"Dans &quot;Vins suisses&quot;","img":{"alt_text":"","src":"https:\/\/i0.wp.com\/www.thomasvino.ch\/wp-content\/uploads\/2016\/06\/site_fe\u00cc\u0081chy01-300x207.jpg?resize=350%2C200","width":350,"height":200},"classes":[]},{"id":9495,"url":"https:\/\/thomasvino.ch\/?p=9495","url_meta":{"origin":16689,"position":3},"title":"Vaud et Valais: grands crus revus et corrig\u00e9s","date":"20 novembre 2012","format":false,"excerpt":"D\u00e9zaley et Calamin vont retrouver leur position de Grand Cru dans la l\u00e9gislation vaudoise, o\u00f9 les 1ers Grands Crus rouges pourront \u00eatre issu de merlot. En Valais, les communes doivent mettre leur cahier des charges en conformit\u00e9 avec le mod\u00e8le cantonal. En attendant une bouteille distinctive... Par Pierre Thomas D\u00e8s\u2026","rel":"","context":"Dans &quot;Vins suisses&quot;","img":{"alt_text":"gc_vetroz.jpg","src":"img\/gc_vetroz.jpg","width":350,"height":200},"classes":[]},{"id":9448,"url":"https:\/\/thomasvino.ch\/?p=9448","url_meta":{"origin":16689,"position":4},"title":"Les 1ers Grands Crus vaudois ne seront que 15 en 2012","date":"20 septembre 2012","format":false,"excerpt":"La coop\u00e9rative Uvavins, par le biais des Caves Cidis, qui en assurent la vinification et la commercialisation, n\u2019avaient pas voulu c\u00e9der \u00e0 la pr\u00e9cipitation printani\u00e8re. Il a donc fallu attendre d\u00e9but septembre pour voir \u00e9merger le 12\u00e8me 1er Grand Cru vaudois, premier mill\u00e9sime, soit le 2011, avec le Ch\u00e2teau de\u2026","rel":"","context":"Dans &quot;Vins suisses&quot;","img":{"alt_text":"Cha770teau-de-Malessert.jpg","src":"img\/Cha770teau-de-Malessert.jpg","width":350,"height":200},"classes":[]},{"id":18254,"url":"https:\/\/thomasvino.ch\/?p=18254","url_meta":{"origin":16689,"position":5},"title":"Un Mondial du fendant, enfin\u00a0!","date":"19 juillet 2023","format":false,"excerpt":"A Aigle (VD), il a fallu attendre la 12\u00e8me \u00e9dition du Mondial du Chasselas pour qu\u2019un fendant du Valais soit couronn\u00e9 \u00abmeilleur chasselas du monde\u00bb. Timides jusqu\u2019ici, les Valaisans trustent les places du podium de la\u00a0\u00abcat\u00e9gorie principale\u00bb, celle des vins blancs jeunes, des mill\u00e9simes 2021 et 2022. D\u00e9but juin, un\u2026","rel":"","context":"Dans &quot;Actus - News&quot;","img":{"alt_text":"","src":"","width":0,"height":0},"classes":[]}],"_links":{"self":[{"href":"https:\/\/thomasvino.ch\/index.php?rest_route=\/wp\/v2\/posts\/16689"}],"collection":[{"href":"https:\/\/thomasvino.ch\/index.php?rest_route=\/wp\/v2\/posts"}],"about":[{"href":"https:\/\/thomasvino.ch\/index.php?rest_route=\/wp\/v2\/types\/post"}],"author":[{"embeddable":true,"href":"https:\/\/thomasvino.ch\/index.php?rest_route=\/wp\/v2\/users\/3"}],"replies":[{"embeddable":true,"href":"https:\/\/thomasvino.ch\/index.php?rest_route=%2Fwp%2Fv2%2Fcomments&post=16689"}],"version-history":[{"count":1,"href":"https:\/\/thomasvino.ch\/index.php?rest_route=\/wp\/v2\/posts\/16689\/revisions"}],"predecessor-version":[{"id":16690,"href":"https:\/\/thomasvino.ch\/index.php?rest_route=\/wp\/v2\/posts\/16689\/revisions\/16690"}],"wp:attachment":[{"href":"https:\/\/thomasvino.ch\/index.php?rest_route=%2Fwp%2Fv2%2Fmedia&parent=16689"}],"wp:term":[{"taxonomy":"category","embeddable":true,"href":"https:\/\/thomasvino.ch\/index.php?rest_route=%2Fwp%2Fv2%2Fcategories&post=16689"},{"taxonomy":"post_tag","embeddable":true,"href":"https:\/\/thomasvino.ch\/index.php?rest_route=%2Fwp%2Fv2%2Ftags&post=16689"}],"curies":[{"name":"wp","href":"https:\/\/api.w.org\/{rel}","templated":true}]}}