{"id":16724,"date":"2020-07-09T22:05:51","date_gmt":"2020-07-09T21:05:51","guid":{"rendered":"https:\/\/thomasvino.ch\/?p=16724"},"modified":"2020-07-09T22:06:15","modified_gmt":"2020-07-09T21:06:15","slug":"selections-cantonales-alain-gerber-ambassadeur-neuchatelois","status":"publish","type":"post","link":"https:\/\/thomasvino.ch\/?p=16724","title":{"rendered":"S\u00e9lections cantonales: Alain Gerber, ambassadeur neuch\u00e2telois"},"content":{"rendered":"<p><strong>A l\u2019issue des d\u00e9gustations de la <em>S\u00e9lection cantonale des vins de Neuch\u00e2tel<\/em>, Alain Gerber, \u00e0 Hauterive, a obtenu la meilleure note moyenne de tous les vins pr\u00e9sent\u00e9s, et d\u00e9croche le titre d\u2019<em>\u00abambassadeur\u00bb<\/em>.<\/strong><\/p>\n<p>Il d\u00e9croche cinq m\u00e9dailles d\u2019or, soit autant que les <strong>Caves du Ch\u00e2teau d\u2019Auvernier.<\/strong> Neuf encavages sont \u00e0 trois m\u00e9dailles d\u2019or (<strong>Caves de Chambleau<\/strong>, <strong>Cave des Lauriers<\/strong>, <strong>Domaine de La Maison-Carr\u00e9e<\/strong>, <strong>Domaine H\u00f4pital Pourtal\u00e8s<\/strong>, <strong>Domaine Saint-S\u00e9baste<\/strong>, <strong>Lavanchy Vins<\/strong>, <strong>Les Caves de La B\u00e9roche,\u00a0<\/strong>le <strong>Domaine des Balises, Nicolet Vins <\/strong>et la <strong>Station viticole cantonale d&rsquo;Auvernier<\/strong>). Du 30 juin au 2 juillet, 282 vins (soit seulement 8 de moins qu\u2019en 2019, ann\u00e9e record), provenant de 40 vignerons ont \u00e9t\u00e9 d\u00e9gust\u00e9s par des jurys professionnels. 61 m\u00e9dailles d\u2019or ont \u00e9t\u00e9 attribu\u00e9es, soit \u00e0 moins de 20% des vins.<\/p>\n<p>En outre, un prix d\u2019excellence revient au meilleur pointage des vins des 12 cat\u00e9gories\u00a0: <strong>Caves du Ch\u00e2teau d\u2019Auvernier<\/strong>, pour le <em>chasselas<\/em>, 2019, le <em>pinot noir en barriques<\/em>, Les Grands\u2019Vignes 2016 et le <em>pinot gris<\/em> Tradition 2019\u00a0; <strong>Caves de Chambleau<\/strong> pour le <em>chasselas non-filtr\u00e9<\/em> 2019 et la <em>\u00absp\u00e9cialit\u00e9 rouge\u00bb<\/em> qu\u2019est l\u2019assemblage M\u00e9tissage 2018\u00a0; <strong>Engel Vins<\/strong> pour <em>l\u2019\u0153il-de-perdrix<\/em> 2019\u00a0; <strong>Sandoz &amp; Cie<\/strong> pour le <em>pinot noir<\/em> 2018\u00a0; la <strong>Cave des Lauriers, Jungo &amp; Fehlmann<\/strong>, pour le <em>chardonnay<\/em> 2018\u00a0; <strong>Alain Gerber<\/strong>, pour le <em>chardonnay en barriques<\/em>, Expression 2018\u00a0; <strong>Domaine Christalain<\/strong> pour le <em>sauvignon blanc<\/em> 2019\u00a0; <strong>Domaine de la Maison-Carr\u00e9e<\/strong> pour le <em>vin doux<\/em>, Blanc fl\u00e9tri 2017 et le <strong>Domaine Bouvet-Jabloir,<\/strong> pour le <em>mousseux<\/em>, un brut ros\u00e9, collection Signature.<\/p>\n<p>La <em><strong>S\u00e9lection genevoise<\/strong><\/em> s\u2019est jou\u00e9e cette semaine et son palmar\u00e8s sera proclam\u00e9 le 20 ao\u00fbt \u00e0 Gen\u00e8ve, tandis que la<em><strong> S\u00e9lection vaudoise<\/strong><\/em> se d\u00e9gustera la semaine prochaine \u00e0 Froideville, sans proclamation des prix officielle, mais une communication du palmar\u00e8s sera faite au d\u00e9but de la semaine du 17 ao\u00fbt. Quant \u00e0 la <em><strong>S\u00e9lection des vins du Valais<\/strong><\/em> se jouera entre le 19 et le 21 ao\u00fbt. Concours cantonaux auquel s\u2019ajoute le <em>\u00abvin bernois de l\u2019ann\u00e9e 2020\u00bb<\/em>, avec aussi une d\u00e9signation du ou de la\u00a0<em>\u00abvigneron\/ne bernois\/e de l\u2019ann\u00e9e\u00bb&#8230;<\/em><\/p>\n<p><em>\u00a9thomasvino.ch<\/em><\/p>\n","protected":false},"excerpt":{"rendered":"<p>A l\u2019issue des d\u00e9gustations de la S\u00e9lection cantonale des vins de Neuch\u00e2tel, Alain Gerber, \u00e0 Hauterive, a obtenu la meilleure note moyenne de tous les vins pr\u00e9sent\u00e9s, et d\u00e9croche le titre d\u2019\u00abambassadeur\u00bb. Il d\u00e9croche cinq m\u00e9dailles d\u2019or, soit autant que les Caves du Ch\u00e2teau d\u2019Auvernier. Neuf encavages sont \u00e0 trois m\u00e9dailles d\u2019or (Caves de Chambleau, [&hellip;]<\/p>\n","protected":false},"author":3,"featured_media":0,"comment_status":"closed","ping_status":"open","sticky":false,"template":"","format":"standard","meta":{"_monsterinsights_skip_tracking":false,"_monsterinsights_sitenote_active":false,"_monsterinsights_sitenote_note":"","_monsterinsights_sitenote_category":0,"jetpack_post_was_ever_published":false,"jetpack_publicize_message":"","jetpack_is_tweetstorm":false,"jetpack_publicize_feature_enabled":true,"jetpack_social_post_already_shared":true,"jetpack_social_options":{"image_generator_settings":{"template":"highway","enabled":false}}},"categories":[15],"tags":[],"jetpack_publicize_connections":[],"yoast_head":"<!-- This site is optimized with the Yoast SEO plugin v20.6 - https:\/\/yoast.com\/wordpress\/plugins\/seo\/ -->\n<title>S\u00e9lections cantonales: Alain Gerber, ambassadeur neuch\u00e2telois - thomasvino<\/title>\n<meta name=\"robots\" content=\"index, follow, max-snippet:-1, max-image-preview:large, max-video-preview:-1\" \/>\n<link rel=\"canonical\" href=\"https:\/\/thomasvino.ch\/?p=16724\" \/>\n<meta property=\"og:locale\" content=\"fr_FR\" \/>\n<meta property=\"og:type\" content=\"article\" \/>\n<meta property=\"og:title\" content=\"S\u00e9lections cantonales: Alain Gerber, ambassadeur neuch\u00e2telois - thomasvino\" \/>\n<meta property=\"og:description\" content=\"A l\u2019issue des d\u00e9gustations de la S\u00e9lection cantonale des vins de Neuch\u00e2tel, Alain Gerber, \u00e0 Hauterive, a obtenu la meilleure note moyenne de tous les vins pr\u00e9sent\u00e9s, et d\u00e9croche le titre d\u2019\u00abambassadeur\u00bb. Il d\u00e9croche cinq m\u00e9dailles d\u2019or, soit autant que les Caves du Ch\u00e2teau d\u2019Auvernier. Neuf encavages sont \u00e0 trois m\u00e9dailles d\u2019or (Caves de Chambleau, [&hellip;]\" \/>\n<meta property=\"og:url\" content=\"https:\/\/thomasvino.ch\/?p=16724\" \/>\n<meta property=\"og:site_name\" content=\"thomasvino\" \/>\n<meta property=\"article:published_time\" content=\"2020-07-09T21:05:51+00:00\" \/>\n<meta property=\"article:modified_time\" content=\"2020-07-09T21:06:15+00:00\" \/>\n<meta name=\"author\" content=\"Pierre Thomas\" \/>\n<meta name=\"twitter:label1\" content=\"\u00c9crit par\" \/>\n\t<meta name=\"twitter:data1\" content=\"Pierre Thomas\" \/>\n\t<meta name=\"twitter:label2\" content=\"Dur\u00e9e de lecture estim\u00e9e\" \/>\n\t<meta name=\"twitter:data2\" content=\"2 minutes\" \/>\n<script type=\"application\/ld+json\" class=\"yoast-schema-graph\">{\"@context\":\"https:\/\/schema.org\",\"@graph\":[{\"@type\":\"WebPage\",\"@id\":\"https:\/\/thomasvino.ch\/?p=16724\",\"url\":\"https:\/\/thomasvino.ch\/?p=16724\",\"name\":\"S\u00e9lections cantonales: Alain Gerber, ambassadeur neuch\u00e2telois - thomasvino\",\"isPartOf\":{\"@id\":\"https:\/\/thomasvino.ch\/#website\"},\"datePublished\":\"2020-07-09T21:05:51+00:00\",\"dateModified\":\"2020-07-09T21:06:15+00:00\",\"author\":{\"@id\":\"https:\/\/thomasvino.ch\/#\/schema\/person\/670bf4486fe81152cf1d68bd585e062e\"},\"breadcrumb\":{\"@id\":\"https:\/\/thomasvino.ch\/?p=16724#breadcrumb\"},\"inLanguage\":\"fr-FR\",\"potentialAction\":[{\"@type\":\"ReadAction\",\"target\":[\"https:\/\/thomasvino.ch\/?p=16724\"]}]},{\"@type\":\"BreadcrumbList\",\"@id\":\"https:\/\/thomasvino.ch\/?p=16724#breadcrumb\",\"itemListElement\":[{\"@type\":\"ListItem\",\"position\":1,\"name\":\"Accueil\",\"item\":\"https:\/\/thomasvino.ch\/\"},{\"@type\":\"ListItem\",\"position\":2,\"name\":\"S\u00e9lections cantonales: Alain Gerber, ambassadeur neuch\u00e2telois\"}]},{\"@type\":\"WebSite\",\"@id\":\"https:\/\/thomasvino.ch\/#website\",\"url\":\"https:\/\/thomasvino.ch\/\",\"name\":\"thomasvino\",\"description\":\"Vins &amp; Gastronomie\",\"potentialAction\":[{\"@type\":\"SearchAction\",\"target\":{\"@type\":\"EntryPoint\",\"urlTemplate\":\"https:\/\/thomasvino.ch\/?s={search_term_string}\"},\"query-input\":\"required name=search_term_string\"}],\"inLanguage\":\"fr-FR\"},{\"@type\":\"Person\",\"@id\":\"https:\/\/thomasvino.ch\/#\/schema\/person\/670bf4486fe81152cf1d68bd585e062e\",\"name\":\"Pierre Thomas\",\"image\":{\"@type\":\"ImageObject\",\"inLanguage\":\"fr-FR\",\"@id\":\"https:\/\/thomasvino.ch\/#\/schema\/person\/image\/\",\"url\":\"https:\/\/secure.gravatar.com\/avatar\/91fd5a76647f140e53db987a0dead4d7?s=96&d=mm&r=g\",\"contentUrl\":\"https:\/\/secure.gravatar.com\/avatar\/91fd5a76647f140e53db987a0dead4d7?s=96&d=mm&r=g\",\"caption\":\"Pierre Thomas\"},\"url\":\"https:\/\/thomasvino.ch\/?author=3\"}]}<\/script>\n<!-- \/ Yoast SEO plugin. -->","yoast_head_json":{"title":"S\u00e9lections cantonales: Alain Gerber, ambassadeur neuch\u00e2telois - thomasvino","robots":{"index":"index","follow":"follow","max-snippet":"max-snippet:-1","max-image-preview":"max-image-preview:large","max-video-preview":"max-video-preview:-1"},"canonical":"https:\/\/thomasvino.ch\/?p=16724","og_locale":"fr_FR","og_type":"article","og_title":"S\u00e9lections cantonales: Alain Gerber, ambassadeur neuch\u00e2telois - thomasvino","og_description":"A l\u2019issue des d\u00e9gustations de la S\u00e9lection cantonale des vins de Neuch\u00e2tel, Alain Gerber, \u00e0 Hauterive, a obtenu la meilleure note moyenne de tous les vins pr\u00e9sent\u00e9s, et d\u00e9croche le titre d\u2019\u00abambassadeur\u00bb. Il d\u00e9croche cinq m\u00e9dailles d\u2019or, soit autant que les Caves du Ch\u00e2teau d\u2019Auvernier. Neuf encavages sont \u00e0 trois m\u00e9dailles d\u2019or (Caves de Chambleau, [&hellip;]","og_url":"https:\/\/thomasvino.ch\/?p=16724","og_site_name":"thomasvino","article_published_time":"2020-07-09T21:05:51+00:00","article_modified_time":"2020-07-09T21:06:15+00:00","author":"Pierre Thomas","twitter_misc":{"\u00c9crit par":"Pierre Thomas","Dur\u00e9e de lecture estim\u00e9e":"2 minutes"},"schema":{"@context":"https:\/\/schema.org","@graph":[{"@type":"WebPage","@id":"https:\/\/thomasvino.ch\/?p=16724","url":"https:\/\/thomasvino.ch\/?p=16724","name":"S\u00e9lections cantonales: Alain Gerber, ambassadeur neuch\u00e2telois - thomasvino","isPartOf":{"@id":"https:\/\/thomasvino.ch\/#website"},"datePublished":"2020-07-09T21:05:51+00:00","dateModified":"2020-07-09T21:06:15+00:00","author":{"@id":"https:\/\/thomasvino.ch\/#\/schema\/person\/670bf4486fe81152cf1d68bd585e062e"},"breadcrumb":{"@id":"https:\/\/thomasvino.ch\/?p=16724#breadcrumb"},"inLanguage":"fr-FR","potentialAction":[{"@type":"ReadAction","target":["https:\/\/thomasvino.ch\/?p=16724"]}]},{"@type":"BreadcrumbList","@id":"https:\/\/thomasvino.ch\/?p=16724#breadcrumb","itemListElement":[{"@type":"ListItem","position":1,"name":"Accueil","item":"https:\/\/thomasvino.ch\/"},{"@type":"ListItem","position":2,"name":"S\u00e9lections cantonales: Alain Gerber, ambassadeur neuch\u00e2telois"}]},{"@type":"WebSite","@id":"https:\/\/thomasvino.ch\/#website","url":"https:\/\/thomasvino.ch\/","name":"thomasvino","description":"Vins &amp; Gastronomie","potentialAction":[{"@type":"SearchAction","target":{"@type":"EntryPoint","urlTemplate":"https:\/\/thomasvino.ch\/?s={search_term_string}"},"query-input":"required name=search_term_string"}],"inLanguage":"fr-FR"},{"@type":"Person","@id":"https:\/\/thomasvino.ch\/#\/schema\/person\/670bf4486fe81152cf1d68bd585e062e","name":"Pierre Thomas","image":{"@type":"ImageObject","inLanguage":"fr-FR","@id":"https:\/\/thomasvino.ch\/#\/schema\/person\/image\/","url":"https:\/\/secure.gravatar.com\/avatar\/91fd5a76647f140e53db987a0dead4d7?s=96&d=mm&r=g","contentUrl":"https:\/\/secure.gravatar.com\/avatar\/91fd5a76647f140e53db987a0dead4d7?s=96&d=mm&r=g","caption":"Pierre Thomas"},"url":"https:\/\/thomasvino.ch\/?author=3"}]}},"jetpack_featured_media_url":"","jetpack_sharing_enabled":true,"jetpack_shortlink":"https:\/\/wp.me\/p3m4tZ-4lK","jetpack_likes_enabled":false,"jetpack-related-posts":[{"id":17369,"url":"https:\/\/thomasvino.ch\/?p=17369","url_meta":{"origin":16724,"position":0},"title":"S\u00e9lection des vins de Neuch\u00e2tel: le Domaine Grisoni \u00abambassadeur 2021\u00bb","date":"18 juin 2021","format":false,"excerpt":"Appartenant d\u00e9sormais au m\u00eame propri\u00e9taire que La Grillette, domaine de Cressier, Mathias Tobler, et dirig\u00e9 par la m\u00eame responsable, l'\u0153nologue Annie Rossi, le Domaine Grisoni, \u00e9galement \u00e0 Cressier, a d\u00e9croch\u00e9 le prix \u00abambassadeur\u00bb pour la meilleure moyenne des vins pr\u00e9sent\u00e9s. 278 vins de 36 encavages neuch\u00e2telois \u00e9taient en comp\u00e9tition et\u2026","rel":"","context":"Dans &quot;Actus - News&quot;","img":{"alt_text":"","src":"","width":0,"height":0},"classes":[]},{"id":10792,"url":"https:\/\/thomasvino.ch\/?p=10792","url_meta":{"origin":16724,"position":1},"title":"S\u00e9lection de Neuch\u00e2tel: Thierry Grosjean (re)devient le vigneron le plus titr\u00e9","date":"6 juin 2013","format":false,"excerpt":"Bout\u00e9 hors du Conseil d\u2019Etat neuch\u00e2telois par l\u2019UDC Yvan Perrin, au deuxi\u00e8me tour des r\u00e9centes \u00e9lections g\u00e9n\u00e9rales, le d\u00e9sormais ex-magistrat radical-lib\u00e9ral Thierry Grosjean, propri\u00e9taire des Caves du Ch\u00e2teau d\u2019Auvernier, peut revenir \u00e0 ses premi\u00e8res amours la t\u00eate haute. Son domaine a \u00e9t\u00e9 sacr\u00e9, par son successeur devenu ministre de l'agriculture,\u2026","rel":"","context":"Dans &quot;Actus - News&quot;","img":{"alt_text":"","src":"https:\/\/i0.wp.com\/www.thomasvino.ch\/wp-content\/uploads\/2013\/06\/selection_ne2013-300x200.jpg?resize=350%2C200","width":350,"height":200},"classes":[]},{"id":18214,"url":"https:\/\/thomasvino.ch\/?p=18214","url_meta":{"origin":16724,"position":2},"title":"S\u00e9lection des vins de Neuch\u00e2tel 2023 &#8211;  Le sortant Alain Gerber remet \u00e7a\u00a0!","date":"23 juin 2023","format":false,"excerpt":"L\u2019ambassadeur des vins neuch\u00e2telois 2023 sera \u00e0 nouveau Alain Gerber, de Hauterive, qui conserve son titre. Les quatre domaines membres de la M\u00e9moire des vins suisses obtiennent un titre de champion cantonal\u00a0! Remarquable\u00a0! A Neuch\u00e2tel, les \u00abprix d\u2019excellence\u00bb r\u00e9compensent les vainqueurs de chaque cat\u00e9gorie, tandis que les m\u00e9dailles d\u2019or se\u2026","rel":"","context":"Dans &quot;Actus - News&quot;","img":{"alt_text":"","src":"","width":0,"height":0},"classes":[]},{"id":9388,"url":"https:\/\/thomasvino.ch\/?p=9388","url_meta":{"origin":16724,"position":3},"title":"Neuch\u00e2tel: 68 s\u00e9lections d&rsquo;or 2012","date":"31 mai 2012","format":false,"excerpt":"S\u00e9lection des vins de Neuch\u00e2tel 2012 Les Caves de Chambleau couronn\u00e9es Sur 289 vins neuch\u00e2telois d\u00e9gust\u00e9s, 68 vins (68% de 2011) ont obtenu la s\u00e9lection d\u2019or du canton de Neuch\u00e2tel. 17 m\u00e9dailles (pour des vins ayant obtenu 90\/100 et plus dans cette d\u00e9gustation \u00e0 l\u2019aveugle) ont \u00e9t\u00e9 attribu\u00e9es \u00e0 des\u2026","rel":"","context":"Dans &quot;Actus - News&quot;","img":{"alt_text":"NETradition-ExcellenceNE2012.jpg","src":"img\/NETradition-ExcellenceNE2012.jpg","width":350,"height":200},"classes":[]},{"id":15167,"url":"https:\/\/thomasvino.ch\/?p=15167","url_meta":{"origin":16724,"position":4},"title":"S\u00e9lection des vins neuch\u00e2telois 2018  Coup double pour les Porret\u00a0!","date":"6 juin 2018","format":false,"excerpt":"Apr\u00e8s 2017, et le premier mill\u00e9sime (2016) que le jeune Martin Porret vinifiait, la Cave des C\u00e8dres, \u00e0 Cortaillod, de la famille Porret obtient \u00e0 nouveau le titre d\u2019\u00abAmbassadeur\u00bb pour la meilleure moyenne des vins pr\u00e9sent\u00e9s \u00e0 la S\u00e9lection des vins de Neuch\u00e2tel. Fin mai, 290 vins de 38 vignerons\u2026","rel":"","context":"Dans &quot;Actus - News&quot;","img":{"alt_text":"","src":"https:\/\/i0.wp.com\/thomasvino.ch\/wp-content\/uploads\/2018\/06\/photo_porret_ne-300x200.jpg?resize=350%2C200&ssl=1","width":350,"height":200},"classes":[]},{"id":17765,"url":"https:\/\/thomasvino.ch\/?p=17765","url_meta":{"origin":16724,"position":5},"title":"S\u00e9lection des vins de Neuch\u00e2tel: r\u00e9cidivistes (re)connus!","date":"5 juin 2022","format":false,"excerpt":"Neuch\u00e2tel a \u00e9t\u00e9 le premier canton \u00e0 attribuer ses titres de meilleurs vins de l'ann\u00e9e 2021, la plus faible en quantit\u00e9 depuis belle lurette... Genevois, Vaudois, Bernois et finalement Valaisans suivront, entre fin juin et septembre. Alain Gerber, de Hauterive, re\u00e7oit le titre d'\u00abambassadeur 2022\u00bb, r\u00e9sultant \u00abde la meilleure moyenne\u2026","rel":"","context":"Dans &quot;Actus - News&quot;","img":{"alt_text":"","src":"https:\/\/i0.wp.com\/thomasvino.ch\/wp-content\/uploads\/2022\/06\/Neuch_2022-2-300x200.jpg?resize=350%2C200&ssl=1","width":350,"height":200},"classes":[]}],"_links":{"self":[{"href":"https:\/\/thomasvino.ch\/index.php?rest_route=\/wp\/v2\/posts\/16724"}],"collection":[{"href":"https:\/\/thomasvino.ch\/index.php?rest_route=\/wp\/v2\/posts"}],"about":[{"href":"https:\/\/thomasvino.ch\/index.php?rest_route=\/wp\/v2\/types\/post"}],"author":[{"embeddable":true,"href":"https:\/\/thomasvino.ch\/index.php?rest_route=\/wp\/v2\/users\/3"}],"replies":[{"embeddable":true,"href":"https:\/\/thomasvino.ch\/index.php?rest_route=%2Fwp%2Fv2%2Fcomments&post=16724"}],"version-history":[{"count":2,"href":"https:\/\/thomasvino.ch\/index.php?rest_route=\/wp\/v2\/posts\/16724\/revisions"}],"predecessor-version":[{"id":16726,"href":"https:\/\/thomasvino.ch\/index.php?rest_route=\/wp\/v2\/posts\/16724\/revisions\/16726"}],"wp:attachment":[{"href":"https:\/\/thomasvino.ch\/index.php?rest_route=%2Fwp%2Fv2%2Fmedia&parent=16724"}],"wp:term":[{"taxonomy":"category","embeddable":true,"href":"https:\/\/thomasvino.ch\/index.php?rest_route=%2Fwp%2Fv2%2Fcategories&post=16724"},{"taxonomy":"post_tag","embeddable":true,"href":"https:\/\/thomasvino.ch\/index.php?rest_route=%2Fwp%2Fv2%2Ftags&post=16724"}],"curies":[{"name":"wp","href":"https:\/\/api.w.org\/{rel}","templated":true}]}}