{"id":16730,"date":"2020-07-10T12:59:53","date_gmt":"2020-07-10T11:59:53","guid":{"rendered":"https:\/\/thomasvino.ch\/?p=16730"},"modified":"2020-07-10T12:59:53","modified_gmt":"2020-07-10T11:59:53","slug":"caves-ouvertes-aux-dernieres-nouvelles","status":"publish","type":"post","link":"https:\/\/thomasvino.ch\/?p=16730","title":{"rendered":"Caves ouvertes, aux derni\u00e8res nouvelles&#8230;"},"content":{"rendered":"<p><strong>Difficile de suivre le calendrier des \u00abcaves ouvertes\u00bb 2020! Aux derni\u00e8res nouvelles (10 juillet), la Suisse al\u00e9manique a maintenu les dates du 1<sup>er<\/sup> et 2 ao\u00fbt, comme les Valaisans, du 28 au 30 ao\u00fbt et les Tessinois le 29 et 30 ao\u00fbt \u00e9galement. <\/strong><\/p>\n<p>Les Vaudois, apr\u00e8s avoir annonc\u00e9 avoir r\u00e9serv\u00e9 les 5 et 6 septembre, y ont renonc\u00e9\u00a0: une plate-forme Internet, pilot\u00e9e avec l\u2019Office des vins vaudois, permettra aux amateurs de s\u2019inscrire aupr\u00e8s des caves, pour les visiter sur rendez-vous. Les Genevois ont d\u00e9cid\u00e9 d\u2019ouvrir leurs caves tout le samedi (et non seulement le matin), cet \u00e9t\u00e9, mais il est \u00e9galement conseill\u00e9 d\u2019avertir le vigneron de sa venue. Quant aux Neuch\u00e2telois, ils ont renonc\u00e9 aux caves ouvertes (agend\u00e9es \u00e0 fin ao\u00fbt)\u00a0: la trenti\u00e8me \u00e9dition est d\u2019ores et d\u00e9j\u00e0 report\u00e9e aux 7 et 8 mai 2020.<\/p>\n<p><em>\u00a9thomasvino.ch<\/em><\/p>\n","protected":false},"excerpt":{"rendered":"<p>Difficile de suivre le calendrier des \u00abcaves ouvertes\u00bb 2020! Aux derni\u00e8res nouvelles (10 juillet), la Suisse al\u00e9manique a maintenu les dates du 1er et 2 ao\u00fbt, comme les Valaisans, du 28 au 30 ao\u00fbt et les Tessinois le 29 et 30 ao\u00fbt \u00e9galement. Les Vaudois, apr\u00e8s avoir annonc\u00e9 avoir r\u00e9serv\u00e9 les 5 et 6 septembre, [&hellip;]<\/p>\n","protected":false},"author":3,"featured_media":0,"comment_status":"closed","ping_status":"open","sticky":false,"template":"","format":"standard","meta":{"_monsterinsights_skip_tracking":false,"_monsterinsights_sitenote_active":false,"_monsterinsights_sitenote_note":"","_monsterinsights_sitenote_category":0,"jetpack_post_was_ever_published":false,"jetpack_publicize_message":"","jetpack_is_tweetstorm":false,"jetpack_publicize_feature_enabled":true,"jetpack_social_post_already_shared":true,"jetpack_social_options":{"image_generator_settings":{"template":"highway","enabled":false}}},"categories":[15],"tags":[],"jetpack_publicize_connections":[],"yoast_head":"<!-- This site is optimized with the Yoast SEO plugin v20.6 - https:\/\/yoast.com\/wordpress\/plugins\/seo\/ -->\n<title>Caves ouvertes, aux derni\u00e8res nouvelles... - thomasvino<\/title>\n<meta name=\"robots\" content=\"index, follow, max-snippet:-1, max-image-preview:large, max-video-preview:-1\" \/>\n<link rel=\"canonical\" href=\"https:\/\/thomasvino.ch\/?p=16730\" \/>\n<meta property=\"og:locale\" content=\"fr_FR\" \/>\n<meta property=\"og:type\" content=\"article\" \/>\n<meta property=\"og:title\" content=\"Caves ouvertes, aux derni\u00e8res nouvelles... - thomasvino\" \/>\n<meta property=\"og:description\" content=\"Difficile de suivre le calendrier des \u00abcaves ouvertes\u00bb 2020! Aux derni\u00e8res nouvelles (10 juillet), la Suisse al\u00e9manique a maintenu les dates du 1er et 2 ao\u00fbt, comme les Valaisans, du 28 au 30 ao\u00fbt et les Tessinois le 29 et 30 ao\u00fbt \u00e9galement. Les Vaudois, apr\u00e8s avoir annonc\u00e9 avoir r\u00e9serv\u00e9 les 5 et 6 septembre, [&hellip;]\" \/>\n<meta property=\"og:url\" content=\"https:\/\/thomasvino.ch\/?p=16730\" \/>\n<meta property=\"og:site_name\" content=\"thomasvino\" \/>\n<meta property=\"article:published_time\" content=\"2020-07-10T11:59:53+00:00\" \/>\n<meta name=\"author\" content=\"Pierre Thomas\" \/>\n<meta name=\"twitter:label1\" content=\"\u00c9crit par\" \/>\n\t<meta name=\"twitter:data1\" content=\"Pierre Thomas\" \/>\n\t<meta name=\"twitter:label2\" content=\"Dur\u00e9e de lecture estim\u00e9e\" \/>\n\t<meta name=\"twitter:data2\" content=\"1 minute\" \/>\n<script type=\"application\/ld+json\" class=\"yoast-schema-graph\">{\"@context\":\"https:\/\/schema.org\",\"@graph\":[{\"@type\":\"WebPage\",\"@id\":\"https:\/\/thomasvino.ch\/?p=16730\",\"url\":\"https:\/\/thomasvino.ch\/?p=16730\",\"name\":\"Caves ouvertes, aux derni\u00e8res nouvelles... - thomasvino\",\"isPartOf\":{\"@id\":\"https:\/\/thomasvino.ch\/#website\"},\"datePublished\":\"2020-07-10T11:59:53+00:00\",\"dateModified\":\"2020-07-10T11:59:53+00:00\",\"author\":{\"@id\":\"https:\/\/thomasvino.ch\/#\/schema\/person\/670bf4486fe81152cf1d68bd585e062e\"},\"breadcrumb\":{\"@id\":\"https:\/\/thomasvino.ch\/?p=16730#breadcrumb\"},\"inLanguage\":\"fr-FR\",\"potentialAction\":[{\"@type\":\"ReadAction\",\"target\":[\"https:\/\/thomasvino.ch\/?p=16730\"]}]},{\"@type\":\"BreadcrumbList\",\"@id\":\"https:\/\/thomasvino.ch\/?p=16730#breadcrumb\",\"itemListElement\":[{\"@type\":\"ListItem\",\"position\":1,\"name\":\"Accueil\",\"item\":\"https:\/\/thomasvino.ch\/\"},{\"@type\":\"ListItem\",\"position\":2,\"name\":\"Caves ouvertes, aux derni\u00e8res nouvelles&#8230;\"}]},{\"@type\":\"WebSite\",\"@id\":\"https:\/\/thomasvino.ch\/#website\",\"url\":\"https:\/\/thomasvino.ch\/\",\"name\":\"thomasvino\",\"description\":\"Vins &amp; Gastronomie\",\"potentialAction\":[{\"@type\":\"SearchAction\",\"target\":{\"@type\":\"EntryPoint\",\"urlTemplate\":\"https:\/\/thomasvino.ch\/?s={search_term_string}\"},\"query-input\":\"required name=search_term_string\"}],\"inLanguage\":\"fr-FR\"},{\"@type\":\"Person\",\"@id\":\"https:\/\/thomasvino.ch\/#\/schema\/person\/670bf4486fe81152cf1d68bd585e062e\",\"name\":\"Pierre Thomas\",\"image\":{\"@type\":\"ImageObject\",\"inLanguage\":\"fr-FR\",\"@id\":\"https:\/\/thomasvino.ch\/#\/schema\/person\/image\/\",\"url\":\"https:\/\/secure.gravatar.com\/avatar\/91fd5a76647f140e53db987a0dead4d7?s=96&d=mm&r=g\",\"contentUrl\":\"https:\/\/secure.gravatar.com\/avatar\/91fd5a76647f140e53db987a0dead4d7?s=96&d=mm&r=g\",\"caption\":\"Pierre Thomas\"},\"url\":\"https:\/\/thomasvino.ch\/?author=3\"}]}<\/script>\n<!-- \/ Yoast SEO plugin. -->","yoast_head_json":{"title":"Caves ouvertes, aux derni\u00e8res nouvelles... - thomasvino","robots":{"index":"index","follow":"follow","max-snippet":"max-snippet:-1","max-image-preview":"max-image-preview:large","max-video-preview":"max-video-preview:-1"},"canonical":"https:\/\/thomasvino.ch\/?p=16730","og_locale":"fr_FR","og_type":"article","og_title":"Caves ouvertes, aux derni\u00e8res nouvelles... - thomasvino","og_description":"Difficile de suivre le calendrier des \u00abcaves ouvertes\u00bb 2020! Aux derni\u00e8res nouvelles (10 juillet), la Suisse al\u00e9manique a maintenu les dates du 1er et 2 ao\u00fbt, comme les Valaisans, du 28 au 30 ao\u00fbt et les Tessinois le 29 et 30 ao\u00fbt \u00e9galement. Les Vaudois, apr\u00e8s avoir annonc\u00e9 avoir r\u00e9serv\u00e9 les 5 et 6 septembre, [&hellip;]","og_url":"https:\/\/thomasvino.ch\/?p=16730","og_site_name":"thomasvino","article_published_time":"2020-07-10T11:59:53+00:00","author":"Pierre Thomas","twitter_misc":{"\u00c9crit par":"Pierre Thomas","Dur\u00e9e de lecture estim\u00e9e":"1 minute"},"schema":{"@context":"https:\/\/schema.org","@graph":[{"@type":"WebPage","@id":"https:\/\/thomasvino.ch\/?p=16730","url":"https:\/\/thomasvino.ch\/?p=16730","name":"Caves ouvertes, aux derni\u00e8res nouvelles... - thomasvino","isPartOf":{"@id":"https:\/\/thomasvino.ch\/#website"},"datePublished":"2020-07-10T11:59:53+00:00","dateModified":"2020-07-10T11:59:53+00:00","author":{"@id":"https:\/\/thomasvino.ch\/#\/schema\/person\/670bf4486fe81152cf1d68bd585e062e"},"breadcrumb":{"@id":"https:\/\/thomasvino.ch\/?p=16730#breadcrumb"},"inLanguage":"fr-FR","potentialAction":[{"@type":"ReadAction","target":["https:\/\/thomasvino.ch\/?p=16730"]}]},{"@type":"BreadcrumbList","@id":"https:\/\/thomasvino.ch\/?p=16730#breadcrumb","itemListElement":[{"@type":"ListItem","position":1,"name":"Accueil","item":"https:\/\/thomasvino.ch\/"},{"@type":"ListItem","position":2,"name":"Caves ouvertes, aux derni\u00e8res nouvelles&#8230;"}]},{"@type":"WebSite","@id":"https:\/\/thomasvino.ch\/#website","url":"https:\/\/thomasvino.ch\/","name":"thomasvino","description":"Vins &amp; Gastronomie","potentialAction":[{"@type":"SearchAction","target":{"@type":"EntryPoint","urlTemplate":"https:\/\/thomasvino.ch\/?s={search_term_string}"},"query-input":"required name=search_term_string"}],"inLanguage":"fr-FR"},{"@type":"Person","@id":"https:\/\/thomasvino.ch\/#\/schema\/person\/670bf4486fe81152cf1d68bd585e062e","name":"Pierre Thomas","image":{"@type":"ImageObject","inLanguage":"fr-FR","@id":"https:\/\/thomasvino.ch\/#\/schema\/person\/image\/","url":"https:\/\/secure.gravatar.com\/avatar\/91fd5a76647f140e53db987a0dead4d7?s=96&d=mm&r=g","contentUrl":"https:\/\/secure.gravatar.com\/avatar\/91fd5a76647f140e53db987a0dead4d7?s=96&d=mm&r=g","caption":"Pierre Thomas"},"url":"https:\/\/thomasvino.ch\/?author=3"}]}},"jetpack_featured_media_url":"","jetpack_sharing_enabled":true,"jetpack_shortlink":"https:\/\/wp.me\/p3m4tZ-4lQ","jetpack_likes_enabled":false,"jetpack-related-posts":[{"id":16620,"url":"https:\/\/thomasvino.ch\/?p=16620","url_meta":{"origin":16730,"position":0},"title":"Caves ouvertes: Vaud repasse derri\u00e8re le Valais","date":"15 mai 2020","format":false,"excerpt":"Mai et juin est, traditionnellement, le mois des \u00abcaves ouvertes\u00bb dans les cantons viticoles suisses. Le virus Covid-19 a chamboul\u00e9 le calendrier! Et renvoy\u00e9 le tout \u00e0 la fin de l'\u00e9t\u00e9, juste avant les vendanges... Les Vaudois avaient pris les devants en annon\u00e7ant leurs caves ouvertes les samedi 22 et\u2026","rel":"","context":"Dans &quot;Actus - News&quot;","img":{"alt_text":"","src":"","width":0,"height":0},"classes":[]},{"id":17112,"url":"https:\/\/thomasvino.ch\/?p=17112","url_meta":{"origin":16730,"position":1},"title":"Pas de \u00abcaves ouvertes\u00bb \u00e0 Pentec\u00f4te, mais des bons pour les vins vaudois","date":"28 janvier 2021","format":false,"excerpt":"D\u00e8s le 1er f\u00e9vrier, sur le site www.mescavesouvertes.ch, qui permet de prendre rendez-vous avec un vigneron vaudois pour une d\u00e9gustation priv\u00e9e, des bons d\u2019achat avec un rabais de 20% seront disponibles. A \u00e9changer \u00e0 la cave, puisque la vente de vins n\u2019est pas suspendue, au contraire des d\u00e9gustations libres et\u2026","rel":"","context":"Dans &quot;Actus - News&quot;","img":{"alt_text":"","src":"","width":0,"height":0},"classes":[]},{"id":16571,"url":"https:\/\/thomasvino.ch\/?p=16571","url_meta":{"origin":16730,"position":2},"title":"Caves ouvertes: Valais \u00e0 fin ao\u00fbt!","date":"23 avril 2020","format":false,"excerpt":"Mai et juin est, traditionnellement, le mois des \u00abcaves ouvertes\u00bb dans les cantons viticoles suisses. Le virus Covid-19 a chamboul\u00e9 le calendrier! Et renvoy\u00e9 le tout \u00e0 la fin de l'\u00e9t\u00e9, juste avant les vendanges... Les Vaudois avaient pris les devants en annon\u00e7ant leurs caves ouvertes les samedi 22 et\u2026","rel":"","context":"Dans &quot;Actus - News&quot;","img":{"alt_text":"","src":"","width":0,"height":0},"classes":[]},{"id":16534,"url":"https:\/\/thomasvino.ch\/?p=16534","url_meta":{"origin":16730,"position":3},"title":"Caves ouvertes suisses report\u00e9es","date":"6 avril 2020","format":false,"excerpt":"Dans un communiqu\u00e9 dat\u00e9 du 6 avril 2020, Swiss Wine Promotion (SWP) confirme qu'\u00aben raison de l'\u00e9pid\u00e9mie de Covid-19 qui frappe la Suisse, les caves ouvertes de la majorit\u00e9 des r\u00e9gions viticoles suisses sont report\u00e9es\u00bb. Plus d'infos devraient tomber sur \u00a0www.cavesouvertes2020.ch. Mais pour l'instant, d\u00e9but avril donc, aucune date n'est\u2026","rel":"","context":"Dans &quot;Actus - News&quot;","img":{"alt_text":"","src":"","width":0,"height":0},"classes":[]},{"id":8955,"url":"https:\/\/thomasvino.ch\/?p=8955","url_meta":{"origin":16730,"position":4},"title":"En 2010, des caves ouvertes \u00ab\u00e0 la vaudoise\u00bb aussi","date":"14 octobre 2009","format":false,"excerpt":"Derniers \u00e0 s'y mettre... Les Vaudois auront leurs \u00abcaves ouvertes\u00bb Derniers des Romands \u00e0 s'y mettre, les Vaudois auront leurs \u00abcaves ouvertes\u00bb \u00e0 la Pentec\u00f4te 2010. L\u2019esprit de clocher s\u2019est effac\u00e9 derri\u00e8re les arguments rassembleurs de l\u2019Office des vins vaudois (OVV). Par Pierre Thomas Ils s\u2019y sont tous mis pour\u2026","rel":"","context":"Dans &quot;Vins suisses&quot;","img":{"alt_text":"","src":"","width":0,"height":0},"classes":[]},{"id":17403,"url":"https:\/\/thomasvino.ch\/?p=17403","url_meta":{"origin":16730,"position":5},"title":"\u00abPost virus lux\u00bb\u00a0: des caves toujours ouvertes","date":"23 juillet 2021","format":false,"excerpt":"Le calendrier des d\u00e9gustations dans le vignoble romand reprend des couleurs. Des \u00abcaves ouvertes\u00bb vaudoises auront lieu les 4 et 5 septembre, en \u00abpr\u00e9sentiel\u00bb, annonce l'Office des vins vaudois (OVV).\u00a0L'op\u00e9ration de \u00abmes caves ouvertes \u00e0 la carte\u00bb\u00a0,sur rendez-vous muni d\u2019un pass \u00e0 la valeur de 30 francs, prend fin au\u2026","rel":"","context":"Dans &quot;Actus - News&quot;","img":{"alt_text":"","src":"","width":0,"height":0},"classes":[]}],"_links":{"self":[{"href":"https:\/\/thomasvino.ch\/index.php?rest_route=\/wp\/v2\/posts\/16730"}],"collection":[{"href":"https:\/\/thomasvino.ch\/index.php?rest_route=\/wp\/v2\/posts"}],"about":[{"href":"https:\/\/thomasvino.ch\/index.php?rest_route=\/wp\/v2\/types\/post"}],"author":[{"embeddable":true,"href":"https:\/\/thomasvino.ch\/index.php?rest_route=\/wp\/v2\/users\/3"}],"replies":[{"embeddable":true,"href":"https:\/\/thomasvino.ch\/index.php?rest_route=%2Fwp%2Fv2%2Fcomments&post=16730"}],"version-history":[{"count":1,"href":"https:\/\/thomasvino.ch\/index.php?rest_route=\/wp\/v2\/posts\/16730\/revisions"}],"predecessor-version":[{"id":16731,"href":"https:\/\/thomasvino.ch\/index.php?rest_route=\/wp\/v2\/posts\/16730\/revisions\/16731"}],"wp:attachment":[{"href":"https:\/\/thomasvino.ch\/index.php?rest_route=%2Fwp%2Fv2%2Fmedia&parent=16730"}],"wp:term":[{"taxonomy":"category","embeddable":true,"href":"https:\/\/thomasvino.ch\/index.php?rest_route=%2Fwp%2Fv2%2Fcategories&post=16730"},{"taxonomy":"post_tag","embeddable":true,"href":"https:\/\/thomasvino.ch\/index.php?rest_route=%2Fwp%2Fv2%2Ftags&post=16730"}],"curies":[{"name":"wp","href":"https:\/\/api.w.org\/{rel}","templated":true}]}}