{"id":16756,"date":"2020-08-21T07:06:36","date_gmt":"2020-08-21T06:06:36","guid":{"rendered":"https:\/\/thomasvino.ch\/?p=16756"},"modified":"2020-08-22T14:08:28","modified_gmt":"2020-08-22T13:08:28","slug":"selection-des-vins-de-geneve-la-cave-enfin","status":"publish","type":"post","link":"https:\/\/thomasvino.ch\/?p=16756","title":{"rendered":"S\u00e9lection des vins de Gen\u00e8ve\u00a0: La Cave, enfin\u00a0!"},"content":{"rendered":"<p><strong>On ne peut pas dire que La Cave de Gen\u00e8ve s\u2019est signal\u00e9e par de nombreuses m\u00e9dailles \u00e0 la S\u00e9lection de Gen\u00e8ve 2020. Et pourtant, pour son assemblage <em>\u00abbordelais\u00bb<\/em> 2018 <em>Infini rouge<\/em>, elle a remport\u00e9 le Sanglier, soit le troph\u00e9e pour le vin le mieux not\u00e9. Une premi\u00e8re pour l&rsquo;ex-coop\u00e9rative et plus grande cave du troisi\u00e8me canton viticole Suisse (1400 ha) en 21 \u00e9ditions de la comp\u00e9tition.<\/strong><\/p>\n<p><em>Pierre Thomas<\/em><\/p>\n<p><em><img data-attachment-id=\"16767\" data-permalink=\"https:\/\/thomasvino.ch\/?attachment_id=16767\" data-orig-file=\"https:\/\/i0.wp.com\/thomasvino.ch\/wp-content\/uploads\/2020\/08\/img_1698.jpg?fit=1900%2C1345&amp;ssl=1\" data-orig-size=\"1900,1345\" data-comments-opened=\"0\" data-image-meta=\"{&quot;aperture&quot;:&quot;0&quot;,&quot;credit&quot;:&quot;&quot;,&quot;camera&quot;:&quot;&quot;,&quot;caption&quot;:&quot;&quot;,&quot;created_timestamp&quot;:&quot;0&quot;,&quot;copyright&quot;:&quot;&quot;,&quot;focal_length&quot;:&quot;0&quot;,&quot;iso&quot;:&quot;0&quot;,&quot;shutter_speed&quot;:&quot;0&quot;,&quot;title&quot;:&quot;&quot;,&quot;orientation&quot;:&quot;1&quot;}\" data-image-title=\"img_1698\" data-image-description=\"\" data-image-caption=\"\" data-medium-file=\"https:\/\/i0.wp.com\/thomasvino.ch\/wp-content\/uploads\/2020\/08\/img_1698.jpg?fit=300%2C212&amp;ssl=1\" data-large-file=\"https:\/\/i0.wp.com\/thomasvino.ch\/wp-content\/uploads\/2020\/08\/img_1698.jpg?fit=1024%2C725&amp;ssl=1\" loading=\"lazy\" src=\"https:\/\/i0.wp.com\/thomasvino.ch\/wp-content\/uploads\/2020\/08\/img_1698.jpg?resize=1900%2C1345&#038;ssl=1\" class=\"size-full wp-image-16767\" width=\"1900\" height=\"1345\" srcset=\"https:\/\/i0.wp.com\/thomasvino.ch\/wp-content\/uploads\/2020\/08\/img_1698.jpg?w=1900&amp;ssl=1 1900w, https:\/\/i0.wp.com\/thomasvino.ch\/wp-content\/uploads\/2020\/08\/img_1698.jpg?resize=300%2C212&amp;ssl=1 300w, https:\/\/i0.wp.com\/thomasvino.ch\/wp-content\/uploads\/2020\/08\/img_1698.jpg?resize=768%2C544&amp;ssl=1 768w, https:\/\/i0.wp.com\/thomasvino.ch\/wp-content\/uploads\/2020\/08\/img_1698.jpg?resize=1024%2C725&amp;ssl=1 1024w\" sizes=\"(max-width: 1000px) 100vw, 1000px\" data-recalc-dims=\"1\" \/><\/em><\/p>\n<p>Pr\u00e8s de 600 vins (595) ont \u00e9t\u00e9 jug\u00e9s par un panel de d\u00e9gustateurs, qui ont attribu\u00e9 63 m\u00e9dailles d\u2019or. Les caves les mieux <em>\u00abdot\u00e9es\u00bb<\/em> sont <strong>Les Perri\u00e8res<\/strong>, \u00e0 Peissy, avec huit m\u00e9dailles d\u2019or, que pour des monoc\u00e9pages, et <strong>La Vigne Blanche<\/strong>, \u00e0 Cologny, avec cinq distinctions supr\u00eames, uniquement pour des vins rouges. Sa titulaire, <strong>Sarah Meylan<\/strong>, remporte aussi le prix du meilleur pinot noir, d\u00e9gust\u00e9 par les cafetiers-restaurateurs, pour <strong><em>La Cardamone 2018<\/em><\/strong>, tir\u00e9, rive gauche du lac, d\u2019une parcelle plut\u00f4t fra\u00eeche. Les \u00e9l\u00e8ves de l\u2019Ecole h\u00f4teli\u00e8re ont distingu\u00e9, quant \u00e0 eux, le garanoir en barrique <strong><em>Lili 2017<\/em><\/strong> du <strong>Domaine de la Plantaz<\/strong>, vinifi\u00e9 par <strong>Bernard Bosseau<\/strong> qui, entretemps, a repris la <strong>Cave de S\u00e9zenove<\/strong>. Et une brochette de journalistes a d\u00e9sign\u00e9 le sauvignon blanc 2019 du <strong>Domaine des 3 \u00e9toiles<\/strong> \u00e0 Peissy, reprise depuis peu par <strong>Didier Fischer<\/strong>, l\u2019ancien pr\u00e9sident de la Cave de Gen\u00e8ve et du Servette FC, et un associ\u00e9, et confi\u00e9e au jeune et prometteur \u0153nologue <strong>Dorian Pajic<\/strong>.<\/p>\n<p>Deux autres prix reviennent \u00e0 la cave <strong>Les Perri\u00e8res<\/strong>, soit le <em>Prix Tradition<\/em>, attribu\u00e9 par les Vieux-Grenadier, pour la meilleure moyenne obtenue par un chasselas et un gamay, en l\u2019occurrence \u00e9lev\u00e9 en barriques par l\u2019\u0153nologue <strong>S\u00e9bastien Schwarz<\/strong>. Pour la <em>Genevoisie Brut 2018,<\/em> un chardonnay en m\u00e9thode traditionnelle (avec un peu peu de pinot et de merlot\u2026) seul vin effervescent m\u00e9daill\u00e9 d\u2019or de la S\u00e9lection, <strong>Les Perri\u00e8res<\/strong> remportent le <em>Prix Swiss Wine Promotion<\/em>, d\u00e9cern\u00e9 pr\u00e9cis\u00e9ment au meilleur mousseux. Et c\u2019est le Genevois <strong>Robert Cramer<\/strong>, pr\u00e9sident de SWP, mais aussi de l\u2019interprofession des vins de Gen\u00e8ve, ancien conseiller d\u2019Etat et aux Etats, qui l\u2019a remis dans son fief.<\/p>\n<h3>Le blues des vignerons suisses<\/h3>\n<p>L\u2019occasion pour lui de dire que <em>\u00ab\u00e7a va mal\u00bb<\/em> pour la fili\u00e8re du vin en Suisse. A cause du confinement et des mesures sanitaires, <em>\u00abC\u2019est une catastrophe pour nous. D\u2019abord, la fermeture des restaurants. Et on a rat\u00e9 les f\u00eates, les festivals, les manifestations qui sont des occasions de boire des vins suisses.\u00bb<\/em> Il a parl\u00e9 <em>\u00abde scandale et de saloperie\u00bb<\/em> \u00e0 propos de vins \u00e9trangers en promotion pour le 1<sup>er<\/sup> ao\u00fbt, F\u00eate nationale suisse, qui rendent ces grandes surfaces <em>\u00abcomplices de choses r\u00e9pugnantes\u00bb<\/em> syst\u00e8me d\u2019exploitation des travailleurs pay\u00e9s \u00e0 bas prix dans les vignes du reste du monde. Pour <strong>Robert Cramer,<\/strong> c\u2019est un <em>\u00ab\u00e9chec politique \u00e9vident\u00bb<\/em>, il n\u2019est pas normal que <em>\u00able raisin, qui doit \u00eatre consid\u00e9r\u00e9 comme un produit de l&rsquo;agriculture, ne soit pas aussi bien prot\u00e9g\u00e9 aux fronti\u00e8res que la viande, le lait ou les produits mara\u00eechers\u00bb<\/em>, o\u00f9 les m\u00e9canismes de protection encouragent \u00e0 consommer des produits suisses d\u2019abord. <em>\u00abOn aimerait b\u00e9n\u00e9ficier des m\u00eames protections. On est m\u00eame d\u2019accord que 60% des vins \u00e9trangers puissent \u00eatre consomm\u00e9s en Suisse&nbsp;!\u00bb<\/em> Rappel&nbsp;: la part des vins indig\u00e8nes au march\u00e9 int\u00e9rieur reste d\u00e9sesp\u00e9r\u00e9ment en-dessous de 40% et peine \u00e0 d\u00e9passer les 35%&#8230; <em>\u00abJ\u2019ai entre 5 et 6 millions de francs pour faire la promotion des vins suisses ici et \u00e0 l\u2019\u00e9tranger, contre 20 millions d\u2019euros mis par les Italiens en Suisse pour promouvoir leurs vins. C\u2019est de la concurrence d\u00e9loyale&nbsp;!\u00bb<\/em><\/p>\n<h3>Un magnifique mill\u00e9sime 2018<\/h3>\n<p>Pour en revenir \u00e0 la d\u00e9gustation, le laur\u00e9at absolu, l\u2019<strong><em>Infini rouge<\/em><\/strong>, de <strong>La Cave de Gen\u00e8ve<\/strong>, \u00e0 base de cabernet sauvignon \u2014 <em>\u00aben 2018, il a m\u00fbri comme jamais&nbsp;!\u00bb<\/em> a comment\u00e9 l\u2019\u0153nologue <strong>Florian Barthassat<\/strong> \u2014 compl\u00e9t\u00e9 par du cabernet franc et du merlot, s\u2019av\u00e8re charmeur, bien enrob\u00e9 par un bois\u00e9 \u00e9l\u00e9gant et flatteur. \u00abUn vin de plaisir, qui peut \u00eatre gard\u00e9 10 \u00e0 15 ans\u00bb, a assur\u00e9 l\u2019\u0153nologue. Les journalistes ont d\u00e9gust\u00e9 les quatre sauvignons blancs m\u00e9dailles d\u2019or et quatre merlots distingu\u00e9s. Le sauvignon 2019 des <strong>3 Etoiles<\/strong> s\u2019est impos\u00e9 par sa fra\u00eecheur, sa maturit\u00e9 sur des ar\u00f4mes de mangue, de gingembre, son volume et la balance parfaite avec l\u2019acidit\u00e9. A noter le tr\u00e8s complexe 2018 du <strong>Ch\u00e2teau de Laconnex<\/strong>, vinifi\u00e9 par <strong>Lucie Dethurens<\/strong>, puissant et \u00e0 la note finale de poivre blanc, bel exemple de vin de gastronomie. En merlot, le 2018 de <strong>Philippe Villard et fils<\/strong> \u00e0 Ani\u00e8res (rive gauche du lac) s\u2019est av\u00e9r\u00e9 complexe, avec des notes de graphites, de fum\u00e9e froide, avec des tanins serr\u00e9s et un bois\u00e9 bien int\u00e9gr\u00e9. Un tr\u00e8s beau merlot&nbsp;! Quant \u00e0 <strong>Sarah Meylan<\/strong>, elle a confirm\u00e9 sa ma\u00eetrise des rouges avec son merlot de cuve 2019, au nez de fruits m\u00fbrs, de \u00abmeurons\u00bb (les m\u00fbres), avec un bel \u00e9quilibre entre acidit\u00e9 et tanins et une structure qui aurait pu supporter un \u00e9levage en barriques\u2026<\/p>\n<p>Parmi les rouges, \u00e0 noter le surprenant tempranillo 2017 <strong><em>Don Juan<\/em><\/strong> de <strong>Christian Guyot<\/strong>, m\u00e9daille d\u2019or pour sa premi\u00e8re pr\u00e9sentation \u00e0 la S\u00e9lection. Outre les assemblages rouges <em><strong>L\u2019Infini<\/strong> <\/em>2018 et celui des <strong><em>vins de Philippe Chevrier<\/em><\/strong> 2018, on a rep\u00e9r\u00e9 le <em><strong>Pont des Soupirs<\/strong> <\/em>2017 (d\u00fb \u00e0 l\u2019\u0153nologue <strong>Didier Cornut<\/strong>, dont le domaine s&rsquo;est s\u00e9par\u00e9 brutalement) et le grenache <strong><em>Angel<\/em><\/strong> 2019 du <strong>Domaine du Paradis<\/strong>, le malbec du <strong>Domaine de Miolan<\/strong> de <strong>Bertrand Favre<\/strong>, \u00e0 Choulex, les deux <em><strong>Esprits de Gen\u00e8ve<\/strong> <\/em>du <strong>Ch\u00e2teau du Crest<\/strong> et du <strong>Domaine de Beauvent<\/strong>, et les deux divicos, l\u2019un <strong>l\u2019Etat de Gen\u00e8ve<\/strong>, \u00e0 Bernex, vinifi\u00e9 par <strong>Thierry Anex<\/strong>, l\u2019autre de <strong>Florian Ramu<\/strong>, du Domaine des Alouettes, \u00e0 Satigny.<\/p>\n<p><em>R\u00e9sultats complets sur <a href=\"https:\/\/www.geneveterroir.ch\">www.geneveterroir.ch<\/a><\/em><\/p>\n<p><em>C\u00e9r\u00e9monie retransmise en direct par <a href=\"https:\/\/www.lemanbleu.ch\/replay\/video.html?VideoID=42358\">L\u00e9man bleu TV<\/a>.<\/em><\/p>\n<p><em>\u00a9thomasvino.ch<\/em><\/p>\n","protected":false},"excerpt":{"rendered":"<p>On ne peut pas dire que La Cave de Gen\u00e8ve s\u2019est signal\u00e9e par de nombreuses m\u00e9dailles \u00e0 la S\u00e9lection de Gen\u00e8ve 2020. Et pourtant, pour son assemblage \u00abbordelais\u00bb 2018 Infini rouge, elle a remport\u00e9 le Sanglier, soit le troph\u00e9e pour le vin le mieux not\u00e9. Une premi\u00e8re pour l&rsquo;ex-coop\u00e9rative et plus grande cave du troisi\u00e8me [&hellip;]<\/p>\n","protected":false},"author":3,"featured_media":0,"comment_status":"closed","ping_status":"open","sticky":false,"template":"","format":"standard","meta":{"_monsterinsights_skip_tracking":false,"_monsterinsights_sitenote_active":false,"_monsterinsights_sitenote_note":"","_monsterinsights_sitenote_category":0,"jetpack_post_was_ever_published":false,"jetpack_publicize_message":"","jetpack_is_tweetstorm":false,"jetpack_publicize_feature_enabled":true,"jetpack_social_post_already_shared":true,"jetpack_social_options":{"image_generator_settings":{"template":"highway","enabled":false}}},"categories":[15],"tags":[],"jetpack_publicize_connections":[],"yoast_head":"<!-- This site is optimized with the Yoast SEO plugin v20.6 - https:\/\/yoast.com\/wordpress\/plugins\/seo\/ -->\n<title>S\u00e9lection des vins de Gen\u00e8ve\u00a0: La Cave, enfin\u00a0! - thomasvino<\/title>\n<meta name=\"robots\" content=\"index, follow, max-snippet:-1, max-image-preview:large, max-video-preview:-1\" \/>\n<link rel=\"canonical\" href=\"https:\/\/thomasvino.ch\/?p=16756\" \/>\n<meta property=\"og:locale\" content=\"fr_FR\" \/>\n<meta property=\"og:type\" content=\"article\" \/>\n<meta property=\"og:title\" content=\"S\u00e9lection des vins de Gen\u00e8ve\u00a0: La Cave, enfin\u00a0! - thomasvino\" \/>\n<meta property=\"og:description\" content=\"On ne peut pas dire que La Cave de Gen\u00e8ve s\u2019est signal\u00e9e par de nombreuses m\u00e9dailles \u00e0 la S\u00e9lection de Gen\u00e8ve 2020. Et pourtant, pour son assemblage \u00abbordelais\u00bb 2018 Infini rouge, elle a remport\u00e9 le Sanglier, soit le troph\u00e9e pour le vin le mieux not\u00e9. Une premi\u00e8re pour l&rsquo;ex-coop\u00e9rative et plus grande cave du troisi\u00e8me [&hellip;]\" \/>\n<meta property=\"og:url\" content=\"https:\/\/thomasvino.ch\/?p=16756\" \/>\n<meta property=\"og:site_name\" content=\"thomasvino\" \/>\n<meta property=\"article:published_time\" content=\"2020-08-21T06:06:36+00:00\" \/>\n<meta property=\"article:modified_time\" content=\"2020-08-22T13:08:28+00:00\" \/>\n<meta property=\"og:image\" content=\"https:\/\/thomasvino.ch\/wp-content\/uploads\/2020\/08\/img_1698.jpg\" \/>\n<meta name=\"author\" content=\"Pierre Thomas\" \/>\n<meta name=\"twitter:label1\" content=\"\u00c9crit par\" \/>\n\t<meta name=\"twitter:data1\" content=\"Pierre Thomas\" \/>\n\t<meta name=\"twitter:label2\" content=\"Dur\u00e9e de lecture estim\u00e9e\" \/>\n\t<meta name=\"twitter:data2\" content=\"5 minutes\" \/>\n<script type=\"application\/ld+json\" class=\"yoast-schema-graph\">{\"@context\":\"https:\/\/schema.org\",\"@graph\":[{\"@type\":\"WebPage\",\"@id\":\"https:\/\/thomasvino.ch\/?p=16756\",\"url\":\"https:\/\/thomasvino.ch\/?p=16756\",\"name\":\"S\u00e9lection des vins de Gen\u00e8ve\u00a0: La Cave, enfin\u00a0! - thomasvino\",\"isPartOf\":{\"@id\":\"https:\/\/thomasvino.ch\/#website\"},\"datePublished\":\"2020-08-21T06:06:36+00:00\",\"dateModified\":\"2020-08-22T13:08:28+00:00\",\"author\":{\"@id\":\"https:\/\/thomasvino.ch\/#\/schema\/person\/670bf4486fe81152cf1d68bd585e062e\"},\"breadcrumb\":{\"@id\":\"https:\/\/thomasvino.ch\/?p=16756#breadcrumb\"},\"inLanguage\":\"fr-FR\",\"potentialAction\":[{\"@type\":\"ReadAction\",\"target\":[\"https:\/\/thomasvino.ch\/?p=16756\"]}]},{\"@type\":\"BreadcrumbList\",\"@id\":\"https:\/\/thomasvino.ch\/?p=16756#breadcrumb\",\"itemListElement\":[{\"@type\":\"ListItem\",\"position\":1,\"name\":\"Accueil\",\"item\":\"https:\/\/thomasvino.ch\/\"},{\"@type\":\"ListItem\",\"position\":2,\"name\":\"S\u00e9lection des vins de Gen\u00e8ve\u00a0: La Cave, enfin\u00a0!\"}]},{\"@type\":\"WebSite\",\"@id\":\"https:\/\/thomasvino.ch\/#website\",\"url\":\"https:\/\/thomasvino.ch\/\",\"name\":\"thomasvino\",\"description\":\"Vins &amp; Gastronomie\",\"potentialAction\":[{\"@type\":\"SearchAction\",\"target\":{\"@type\":\"EntryPoint\",\"urlTemplate\":\"https:\/\/thomasvino.ch\/?s={search_term_string}\"},\"query-input\":\"required name=search_term_string\"}],\"inLanguage\":\"fr-FR\"},{\"@type\":\"Person\",\"@id\":\"https:\/\/thomasvino.ch\/#\/schema\/person\/670bf4486fe81152cf1d68bd585e062e\",\"name\":\"Pierre Thomas\",\"image\":{\"@type\":\"ImageObject\",\"inLanguage\":\"fr-FR\",\"@id\":\"https:\/\/thomasvino.ch\/#\/schema\/person\/image\/\",\"url\":\"https:\/\/secure.gravatar.com\/avatar\/91fd5a76647f140e53db987a0dead4d7?s=96&d=mm&r=g\",\"contentUrl\":\"https:\/\/secure.gravatar.com\/avatar\/91fd5a76647f140e53db987a0dead4d7?s=96&d=mm&r=g\",\"caption\":\"Pierre Thomas\"},\"url\":\"https:\/\/thomasvino.ch\/?author=3\"}]}<\/script>\n<!-- \/ Yoast SEO plugin. -->","yoast_head_json":{"title":"S\u00e9lection des vins de Gen\u00e8ve\u00a0: La Cave, enfin\u00a0! - thomasvino","robots":{"index":"index","follow":"follow","max-snippet":"max-snippet:-1","max-image-preview":"max-image-preview:large","max-video-preview":"max-video-preview:-1"},"canonical":"https:\/\/thomasvino.ch\/?p=16756","og_locale":"fr_FR","og_type":"article","og_title":"S\u00e9lection des vins de Gen\u00e8ve\u00a0: La Cave, enfin\u00a0! - thomasvino","og_description":"On ne peut pas dire que La Cave de Gen\u00e8ve s\u2019est signal\u00e9e par de nombreuses m\u00e9dailles \u00e0 la S\u00e9lection de Gen\u00e8ve 2020. Et pourtant, pour son assemblage \u00abbordelais\u00bb 2018 Infini rouge, elle a remport\u00e9 le Sanglier, soit le troph\u00e9e pour le vin le mieux not\u00e9. Une premi\u00e8re pour l&rsquo;ex-coop\u00e9rative et plus grande cave du troisi\u00e8me [&hellip;]","og_url":"https:\/\/thomasvino.ch\/?p=16756","og_site_name":"thomasvino","article_published_time":"2020-08-21T06:06:36+00:00","article_modified_time":"2020-08-22T13:08:28+00:00","og_image":[{"url":"https:\/\/thomasvino.ch\/wp-content\/uploads\/2020\/08\/img_1698.jpg"}],"author":"Pierre Thomas","twitter_misc":{"\u00c9crit par":"Pierre Thomas","Dur\u00e9e de lecture estim\u00e9e":"5 minutes"},"schema":{"@context":"https:\/\/schema.org","@graph":[{"@type":"WebPage","@id":"https:\/\/thomasvino.ch\/?p=16756","url":"https:\/\/thomasvino.ch\/?p=16756","name":"S\u00e9lection des vins de Gen\u00e8ve\u00a0: La Cave, enfin\u00a0! - thomasvino","isPartOf":{"@id":"https:\/\/thomasvino.ch\/#website"},"datePublished":"2020-08-21T06:06:36+00:00","dateModified":"2020-08-22T13:08:28+00:00","author":{"@id":"https:\/\/thomasvino.ch\/#\/schema\/person\/670bf4486fe81152cf1d68bd585e062e"},"breadcrumb":{"@id":"https:\/\/thomasvino.ch\/?p=16756#breadcrumb"},"inLanguage":"fr-FR","potentialAction":[{"@type":"ReadAction","target":["https:\/\/thomasvino.ch\/?p=16756"]}]},{"@type":"BreadcrumbList","@id":"https:\/\/thomasvino.ch\/?p=16756#breadcrumb","itemListElement":[{"@type":"ListItem","position":1,"name":"Accueil","item":"https:\/\/thomasvino.ch\/"},{"@type":"ListItem","position":2,"name":"S\u00e9lection des vins de Gen\u00e8ve\u00a0: La Cave, enfin\u00a0!"}]},{"@type":"WebSite","@id":"https:\/\/thomasvino.ch\/#website","url":"https:\/\/thomasvino.ch\/","name":"thomasvino","description":"Vins &amp; Gastronomie","potentialAction":[{"@type":"SearchAction","target":{"@type":"EntryPoint","urlTemplate":"https:\/\/thomasvino.ch\/?s={search_term_string}"},"query-input":"required name=search_term_string"}],"inLanguage":"fr-FR"},{"@type":"Person","@id":"https:\/\/thomasvino.ch\/#\/schema\/person\/670bf4486fe81152cf1d68bd585e062e","name":"Pierre Thomas","image":{"@type":"ImageObject","inLanguage":"fr-FR","@id":"https:\/\/thomasvino.ch\/#\/schema\/person\/image\/","url":"https:\/\/secure.gravatar.com\/avatar\/91fd5a76647f140e53db987a0dead4d7?s=96&d=mm&r=g","contentUrl":"https:\/\/secure.gravatar.com\/avatar\/91fd5a76647f140e53db987a0dead4d7?s=96&d=mm&r=g","caption":"Pierre Thomas"},"url":"https:\/\/thomasvino.ch\/?author=3"}]}},"jetpack_featured_media_url":"","jetpack_sharing_enabled":true,"jetpack_shortlink":"https:\/\/wp.me\/p3m4tZ-4mg","jetpack_likes_enabled":false,"jetpack-related-posts":[{"id":13672,"url":"https:\/\/thomasvino.ch\/?p=13672","url_meta":{"origin":16756,"position":0},"title":"S\u00e9lection des vins de Gen\u00e8ve 2016  Peissy tient toujours la corde","date":"16 juin 2016","format":false,"excerpt":"Deux domaines de Peissy se sont distingu\u00e9s, le 15 juin, \u00e0 la proclamation du palmar\u00e8s de la 17\u00e8me \u00e9dition de la S\u00e9lection des vins de Gen\u00e8ve, le Domaine des Bossons, d\u2019Eric Leyvraz, qui remporte le Sanglier de bronze du vin le mieux not\u00e9, avec un pinot noir Vieux-Clocher 2015, et\u2026","rel":"","context":"Dans &quot;Actus - News&quot;","img":{"alt_text":"","src":"https:\/\/i0.wp.com\/www.thomasvino.ch\/wp-content\/uploads\/2016\/06\/OPAGE_Palmare\u00cc\u0080s_AP-0171-300x200.jpg?resize=350%2C200","width":350,"height":200},"classes":[]},{"id":14461,"url":"https:\/\/thomasvino.ch\/?p=14461","url_meta":{"origin":16756,"position":1},"title":"Les assemblages rouges, champions genevois 2017","date":"6 juillet 2017","format":false,"excerpt":"Avec 14 vins m\u00e9daill\u00e9s d\u2019or (sur 55), les assemblages rouges sont les grands triomphateurs de la 18\u00e8me S\u00e9lection des vins de Gen\u00e8ve. Une cave, le Ch\u00e2teau du Crest, \u00e0 Jussy, a obtenu cinq m\u00e9dailles d\u2019or et d\u00e9croch\u00e9 le meilleur pointage du concours. Un \u0153nologue a fait encore mieux\u00a0: S\u00e9bastien Schwarz.\u2026","rel":"","context":"Dans &quot;Actus - News&quot;","img":{"alt_text":"","src":"","width":0,"height":0},"classes":[]},{"id":9402,"url":"https:\/\/thomasvino.ch\/?p=9402","url_meta":{"origin":16756,"position":2},"title":"Gen\u00e8ve 2012: \u00abL&rsquo;Esprit\u00bb enfin couronn\u00e9","date":"29 juin 2012","format":false,"excerpt":"Lanc\u00e9s avec le mill\u00e9sime 2004, les assemblages rouges \u00abEsprit de Gen\u00e8ve\u00bb n\u2019avaient jamais remport\u00e9 la s\u00e9lection annuelle des vins . C\u2019est chose faite, avec la version 2010 de Christian Guyot, producteur, \u0153nologue et professeur \u00e0 Changins. Sur l'image ci-dessous, il re\u00e7oit son troph\u00e9e de la conseill\u00e8re d'Etat Mich\u00e8le K\u00fcnzler. Par\u2026","rel":"","context":"Dans &quot;Vins suisses&quot;","img":{"alt_text":"site_christ_guyot.jpg","src":"img\/site_christ_guyot.jpg","width":350,"height":200},"classes":[]},{"id":12660,"url":"https:\/\/thomasvino.ch\/?p=12660","url_meta":{"origin":16756,"position":3},"title":"Vinalies de Paris et Chardonnay du Monde Quand les m\u00e9dailles font le printemps","date":"24 mars 2015","format":false,"excerpt":"D\u00eetes 33... m\u00e9dailles d\u2019or, \u00e0 une \u00e9crasante majorit\u00e9 valaisanne (22) aux Vinalies de Paris, 3 m\u00e9dailles d\u2019or, toutes genevoises, \u00e0 Chardonnay du Monde, dans le Beaujolais: comme chaque ann\u00e9e, les vignerons suisses, et plus encore les \u00abgrandes maisons\u00bb, font le plein de m\u00e9dailles au printemps. Au Ch\u00e2teau de Ravatys, \u00e0\u2026","rel":"","context":"Dans &quot;Actus - News&quot;","img":{"alt_text":"","src":"","width":0,"height":0},"classes":[]},{"id":9149,"url":"https:\/\/thomasvino.ch\/?p=9149","url_meta":{"origin":16756,"position":4},"title":"Le palmar\u00e8s suisse des Vinalies 2011","date":"7 mars 2011","format":false,"excerpt":"Vinalies internationales de Paris 2011 Blancs valaisans, rouges vaudois et genevois en or Disput\u00e9es \u00e0 Paris fin f\u00e9vrier 2011, sous l\u2019\u00e9gide des \u0153nologues de France, les Vinalies, tr\u00e8s discr\u00e8tes sur les conditions r\u00e9elles de la comp\u00e9tition, ont livr\u00e9 leur verdict. Les vins suisses y sont tr\u00e8s bien repr\u00e9sent\u00e9s. Plusieurs domaines\u2026","rel":"","context":"Dans &quot;Actus - News&quot;","img":{"alt_text":"","src":"","width":0,"height":0},"classes":[]},{"id":9007,"url":"https:\/\/thomasvino.ch\/?p=9007","url_meta":{"origin":16756,"position":5},"title":"Tripl\u00e9 genevois en or \u00e0 Chardonnay-du-Monde","date":"16 mars 2010","format":false,"excerpt":"Chardonnay-du-Monde Un tripl\u00e9 genevois en or Derri\u00e8re la France (41 m\u00e9dailles d'or...), la Suisse se place deuxi\u00e8me au tableau des m\u00e9dailles de la confrontation Chardonnay-du-Monde, qui s'est d\u00e9roul\u00e9e \u00e0 mi-mars en basse Bourgogne. Elle est le seul pays \u00e0 avoir remport\u00e9 4 m\u00e9dailles d'or, dont 3 pour Gen\u00e8ve, canton qui\u2026","rel":"","context":"Dans &quot;Actus - News&quot;","img":{"alt_text":"","src":"","width":0,"height":0},"classes":[]}],"_links":{"self":[{"href":"https:\/\/thomasvino.ch\/index.php?rest_route=\/wp\/v2\/posts\/16756"}],"collection":[{"href":"https:\/\/thomasvino.ch\/index.php?rest_route=\/wp\/v2\/posts"}],"about":[{"href":"https:\/\/thomasvino.ch\/index.php?rest_route=\/wp\/v2\/types\/post"}],"author":[{"embeddable":true,"href":"https:\/\/thomasvino.ch\/index.php?rest_route=\/wp\/v2\/users\/3"}],"replies":[{"embeddable":true,"href":"https:\/\/thomasvino.ch\/index.php?rest_route=%2Fwp%2Fv2%2Fcomments&post=16756"}],"version-history":[{"count":3,"href":"https:\/\/thomasvino.ch\/index.php?rest_route=\/wp\/v2\/posts\/16756\/revisions"}],"predecessor-version":[{"id":16768,"href":"https:\/\/thomasvino.ch\/index.php?rest_route=\/wp\/v2\/posts\/16756\/revisions\/16768"}],"wp:attachment":[{"href":"https:\/\/thomasvino.ch\/index.php?rest_route=%2Fwp%2Fv2%2Fmedia&parent=16756"}],"wp:term":[{"taxonomy":"category","embeddable":true,"href":"https:\/\/thomasvino.ch\/index.php?rest_route=%2Fwp%2Fv2%2Fcategories&post=16756"},{"taxonomy":"post_tag","embeddable":true,"href":"https:\/\/thomasvino.ch\/index.php?rest_route=%2Fwp%2Fv2%2Ftags&post=16756"}],"curies":[{"name":"wp","href":"https:\/\/api.w.org\/{rel}","templated":true}]}}