{"id":16905,"date":"2020-10-28T14:00:50","date_gmt":"2020-10-28T13:00:50","guid":{"rendered":"https:\/\/thomasvino.ch\/?p=16905"},"modified":"2020-10-28T14:00:50","modified_gmt":"2020-10-28T13:00:50","slug":"bolle-reprend-le-domaine-de-la-ville-de-morges","status":"publish","type":"post","link":"https:\/\/thomasvino.ch\/?p=16905","title":{"rendered":"Bolle reprend le domaine de la Ville de Morges"},"content":{"rendered":"<p><strong>Solution\u2026 morgienne pour les vins de la Ville de Morges\u00a0: Bolle &amp; Cie SA reprend les Vins de la Ville de Morges, qui entrent ainsi dans le giron du groupe Schenk.<\/strong><\/p>\n<p>La maison, install\u00e9e \u00e0 Morges depuis 1865, avait d\u00e9j\u00e0 commercialis\u00e9 les vins du domaine, par le pass\u00e9, avant que la Ville de Morges se lance elle-m\u00eame dans l\u2019exploitation viticole, la vinification et la commercialisation de son domaine de 15 ha, d\u00e8s 2013. Les deux personnes travaillant actuellement \u00e0 la vigne et \u00e0 la cave se verront proposer un contrat de travail par le repreneur. La passation se fait quasi imm\u00e9diatement, puisqu\u2019elle sera effective au 1<sup>er<\/sup> novembre, en fermage. La S\u00e0rl du Domaine de la Ville de Morges sera dissoute, comme le proposait la municipalit\u00e9, suivie par le L\u00e9gislatif, le 16 septembre.<\/p>\n<p>Selon un communiqu\u00e9 de la Ville de Morges, mis en ligne sur son site Internet, le repreneur<em> \u00abmaintiendra la culture des vignes en mode biologique. (\u2026) Les vins du Domaine de la Ville b\u00e9n\u00e9ficieront de la vente directe et au travers du r\u00e9seau de Schenk S.A., au niveau national\u00bb<\/em>. Localement, Bolle &amp; Cie SA les proposera \u00e0 sa client\u00e8le et s\u2019engage \u00e0 les promouvoir dans les caf\u00e9s-restaurants morgiens. Trois offres ont \u00e9t\u00e9 examin\u00e9es, dont l\u2019une de la coop\u00e9rative Cave de la C\u00f4te, o\u00f9 l\u2019ex-directeur du domaine morgien, <strong>Marc Vicari<\/strong>, est devenu directeur marketing au d\u00e9but de cette ann\u00e9e. Les vins de la Ville de Morges avaient d\u00e9croch\u00e9 le titre de meilleur chasselas du Mondial du Chasselas 2015, avec la Grand-Rue 2013, puis celui de <em>\u00abCave de l&rsquo;ann\u00e9e 2015\u00bb<\/em>, au Grand Prix du Vin Suisse, alors une premi\u00e8re pour les vins vaudois.<\/p>\n<p><em>\u00a9thomasvino.ch<\/em><\/p>\n","protected":false},"excerpt":{"rendered":"<p>Solution\u2026 morgienne pour les vins de la Ville de Morges\u00a0: Bolle &amp; Cie SA reprend les Vins de la Ville de Morges, qui entrent ainsi dans le giron du groupe Schenk. La maison, install\u00e9e \u00e0 Morges depuis 1865, avait d\u00e9j\u00e0 commercialis\u00e9 les vins du domaine, par le pass\u00e9, avant que la Ville de Morges se [&hellip;]<\/p>\n","protected":false},"author":3,"featured_media":0,"comment_status":"closed","ping_status":"open","sticky":false,"template":"","format":"standard","meta":{"_monsterinsights_skip_tracking":false,"_monsterinsights_sitenote_active":false,"_monsterinsights_sitenote_note":"","_monsterinsights_sitenote_category":0,"jetpack_post_was_ever_published":false,"jetpack_publicize_message":"","jetpack_is_tweetstorm":false,"jetpack_publicize_feature_enabled":true,"jetpack_social_post_already_shared":true,"jetpack_social_options":{"image_generator_settings":{"template":"highway","enabled":false}}},"categories":[15],"tags":[],"jetpack_publicize_connections":[],"yoast_head":"<!-- This site is optimized with the Yoast SEO plugin v20.6 - https:\/\/yoast.com\/wordpress\/plugins\/seo\/ -->\n<title>Bolle reprend le domaine de la Ville de Morges - thomasvino<\/title>\n<meta name=\"robots\" content=\"index, follow, max-snippet:-1, max-image-preview:large, max-video-preview:-1\" \/>\n<link rel=\"canonical\" href=\"https:\/\/thomasvino.ch\/?p=16905\" \/>\n<meta property=\"og:locale\" content=\"fr_FR\" \/>\n<meta property=\"og:type\" content=\"article\" \/>\n<meta property=\"og:title\" content=\"Bolle reprend le domaine de la Ville de Morges - thomasvino\" \/>\n<meta property=\"og:description\" content=\"Solution\u2026 morgienne pour les vins de la Ville de Morges\u00a0: Bolle &amp; Cie SA reprend les Vins de la Ville de Morges, qui entrent ainsi dans le giron du groupe Schenk. La maison, install\u00e9e \u00e0 Morges depuis 1865, avait d\u00e9j\u00e0 commercialis\u00e9 les vins du domaine, par le pass\u00e9, avant que la Ville de Morges se [&hellip;]\" \/>\n<meta property=\"og:url\" content=\"https:\/\/thomasvino.ch\/?p=16905\" \/>\n<meta property=\"og:site_name\" content=\"thomasvino\" \/>\n<meta property=\"article:published_time\" content=\"2020-10-28T13:00:50+00:00\" \/>\n<meta name=\"author\" content=\"Pierre Thomas\" \/>\n<meta name=\"twitter:label1\" content=\"\u00c9crit par\" \/>\n\t<meta name=\"twitter:data1\" content=\"Pierre Thomas\" \/>\n\t<meta name=\"twitter:label2\" content=\"Dur\u00e9e de lecture estim\u00e9e\" \/>\n\t<meta name=\"twitter:data2\" content=\"1 minute\" \/>\n<script type=\"application\/ld+json\" class=\"yoast-schema-graph\">{\"@context\":\"https:\/\/schema.org\",\"@graph\":[{\"@type\":\"WebPage\",\"@id\":\"https:\/\/thomasvino.ch\/?p=16905\",\"url\":\"https:\/\/thomasvino.ch\/?p=16905\",\"name\":\"Bolle reprend le domaine de la Ville de Morges - thomasvino\",\"isPartOf\":{\"@id\":\"https:\/\/thomasvino.ch\/#website\"},\"datePublished\":\"2020-10-28T13:00:50+00:00\",\"dateModified\":\"2020-10-28T13:00:50+00:00\",\"author\":{\"@id\":\"https:\/\/thomasvino.ch\/#\/schema\/person\/670bf4486fe81152cf1d68bd585e062e\"},\"breadcrumb\":{\"@id\":\"https:\/\/thomasvino.ch\/?p=16905#breadcrumb\"},\"inLanguage\":\"fr-FR\",\"potentialAction\":[{\"@type\":\"ReadAction\",\"target\":[\"https:\/\/thomasvino.ch\/?p=16905\"]}]},{\"@type\":\"BreadcrumbList\",\"@id\":\"https:\/\/thomasvino.ch\/?p=16905#breadcrumb\",\"itemListElement\":[{\"@type\":\"ListItem\",\"position\":1,\"name\":\"Accueil\",\"item\":\"https:\/\/thomasvino.ch\/\"},{\"@type\":\"ListItem\",\"position\":2,\"name\":\"Bolle reprend le domaine de la Ville de Morges\"}]},{\"@type\":\"WebSite\",\"@id\":\"https:\/\/thomasvino.ch\/#website\",\"url\":\"https:\/\/thomasvino.ch\/\",\"name\":\"thomasvino\",\"description\":\"Vins &amp; Gastronomie\",\"potentialAction\":[{\"@type\":\"SearchAction\",\"target\":{\"@type\":\"EntryPoint\",\"urlTemplate\":\"https:\/\/thomasvino.ch\/?s={search_term_string}\"},\"query-input\":\"required name=search_term_string\"}],\"inLanguage\":\"fr-FR\"},{\"@type\":\"Person\",\"@id\":\"https:\/\/thomasvino.ch\/#\/schema\/person\/670bf4486fe81152cf1d68bd585e062e\",\"name\":\"Pierre Thomas\",\"image\":{\"@type\":\"ImageObject\",\"inLanguage\":\"fr-FR\",\"@id\":\"https:\/\/thomasvino.ch\/#\/schema\/person\/image\/\",\"url\":\"https:\/\/secure.gravatar.com\/avatar\/91fd5a76647f140e53db987a0dead4d7?s=96&d=mm&r=g\",\"contentUrl\":\"https:\/\/secure.gravatar.com\/avatar\/91fd5a76647f140e53db987a0dead4d7?s=96&d=mm&r=g\",\"caption\":\"Pierre Thomas\"},\"url\":\"https:\/\/thomasvino.ch\/?author=3\"}]}<\/script>\n<!-- \/ Yoast SEO plugin. -->","yoast_head_json":{"title":"Bolle reprend le domaine de la Ville de Morges - thomasvino","robots":{"index":"index","follow":"follow","max-snippet":"max-snippet:-1","max-image-preview":"max-image-preview:large","max-video-preview":"max-video-preview:-1"},"canonical":"https:\/\/thomasvino.ch\/?p=16905","og_locale":"fr_FR","og_type":"article","og_title":"Bolle reprend le domaine de la Ville de Morges - thomasvino","og_description":"Solution\u2026 morgienne pour les vins de la Ville de Morges\u00a0: Bolle &amp; Cie SA reprend les Vins de la Ville de Morges, qui entrent ainsi dans le giron du groupe Schenk. La maison, install\u00e9e \u00e0 Morges depuis 1865, avait d\u00e9j\u00e0 commercialis\u00e9 les vins du domaine, par le pass\u00e9, avant que la Ville de Morges se [&hellip;]","og_url":"https:\/\/thomasvino.ch\/?p=16905","og_site_name":"thomasvino","article_published_time":"2020-10-28T13:00:50+00:00","author":"Pierre Thomas","twitter_misc":{"\u00c9crit par":"Pierre Thomas","Dur\u00e9e de lecture estim\u00e9e":"1 minute"},"schema":{"@context":"https:\/\/schema.org","@graph":[{"@type":"WebPage","@id":"https:\/\/thomasvino.ch\/?p=16905","url":"https:\/\/thomasvino.ch\/?p=16905","name":"Bolle reprend le domaine de la Ville de Morges - thomasvino","isPartOf":{"@id":"https:\/\/thomasvino.ch\/#website"},"datePublished":"2020-10-28T13:00:50+00:00","dateModified":"2020-10-28T13:00:50+00:00","author":{"@id":"https:\/\/thomasvino.ch\/#\/schema\/person\/670bf4486fe81152cf1d68bd585e062e"},"breadcrumb":{"@id":"https:\/\/thomasvino.ch\/?p=16905#breadcrumb"},"inLanguage":"fr-FR","potentialAction":[{"@type":"ReadAction","target":["https:\/\/thomasvino.ch\/?p=16905"]}]},{"@type":"BreadcrumbList","@id":"https:\/\/thomasvino.ch\/?p=16905#breadcrumb","itemListElement":[{"@type":"ListItem","position":1,"name":"Accueil","item":"https:\/\/thomasvino.ch\/"},{"@type":"ListItem","position":2,"name":"Bolle reprend le domaine de la Ville de Morges"}]},{"@type":"WebSite","@id":"https:\/\/thomasvino.ch\/#website","url":"https:\/\/thomasvino.ch\/","name":"thomasvino","description":"Vins &amp; Gastronomie","potentialAction":[{"@type":"SearchAction","target":{"@type":"EntryPoint","urlTemplate":"https:\/\/thomasvino.ch\/?s={search_term_string}"},"query-input":"required name=search_term_string"}],"inLanguage":"fr-FR"},{"@type":"Person","@id":"https:\/\/thomasvino.ch\/#\/schema\/person\/670bf4486fe81152cf1d68bd585e062e","name":"Pierre Thomas","image":{"@type":"ImageObject","inLanguage":"fr-FR","@id":"https:\/\/thomasvino.ch\/#\/schema\/person\/image\/","url":"https:\/\/secure.gravatar.com\/avatar\/91fd5a76647f140e53db987a0dead4d7?s=96&d=mm&r=g","contentUrl":"https:\/\/secure.gravatar.com\/avatar\/91fd5a76647f140e53db987a0dead4d7?s=96&d=mm&r=g","caption":"Pierre Thomas"},"url":"https:\/\/thomasvino.ch\/?author=3"}]}},"jetpack_featured_media_url":"","jetpack_sharing_enabled":true,"jetpack_shortlink":"https:\/\/wp.me\/p3m4tZ-4oF","jetpack_likes_enabled":false,"jetpack-related-posts":[{"id":12653,"url":"https:\/\/thomasvino.ch\/?p=12653","url_meta":{"origin":16905,"position":0},"title":"Arvinis 2015  Morges un jour, Morges toujours","date":"21 mars 2015","format":false,"excerpt":"En 1996, 9'000 visiteurs all\u00e8rent \u00e0 la rencontre de 63 exposants. Vingt ans plus tard, Arvinis, du 15 au 20 avril 2015, attend 22'000 visiteurs aupr\u00e8s de 130 exposants, juste \u00e0 c\u00f4t\u00e9 de la gare de Morges. Il y a vingt ans, \u00abLes vins de Morges\u00bb furent le sponsor principal\u00a0:\u2026","rel":"","context":"Dans &quot;Actus - News&quot;","img":{"alt_text":"","src":"https:\/\/i0.wp.com\/www.thomasvino.ch\/wp-content\/uploads\/2015\/03\/arvinis_burki1-300x274.jpg?resize=350%2C200","width":350,"height":200},"classes":[]},{"id":16356,"url":"https:\/\/thomasvino.ch\/?p=16356","url_meta":{"origin":16905,"position":1},"title":"Le Servagnin c\u00e9l\u00e8bre ses six si\u00e8cles","date":"11 f\u00e9vrier 2020","format":false,"excerpt":"Pinot noir morgien \u00absauv\u00e9 des eaux\u00bb l\u00e9maniques, le Servagnin de Morges, dot\u00e9 d'une charte de qualit\u00e9 et d'une \u00e9tiquette commune \u00e0 ses vingt producteurs, f\u00eate tout au long de l'ann\u00e9e ses 600 ans (d\u00e9tails pratiques sur le lien ci-dessus). Les festivit\u00e9s ont \u00e9t\u00e9 renvoy\u00e9es \u00e0 2021, en raison du coronavirus!\u2026","rel":"","context":"Dans &quot;Vins suisses&quot;","img":{"alt_text":"","src":"","width":0,"height":0},"classes":[]},{"id":15972,"url":"https:\/\/thomasvino.ch\/?p=15972","url_meta":{"origin":16905,"position":2},"title":"Le Ch\u00e2teau de Morges devient viticole","date":"11 septembre 2019","format":false,"excerpt":"Il s\u2019en faut de peu\u00a0: une quarantaine de pieds de vigne et une vingtaine de barriques dans ses caves. Le Ch\u00e2teau de Morges, propri\u00e9t\u00e9 de l\u2019Etat de Vaud, devient viticole, juste avant les 600 ans du pinot local, le Servagnin, c\u00e9l\u00e9br\u00e9s l\u2019an prochain. Par Pierre Thomas Construit au bord du\u2026","rel":"","context":"Dans &quot;Vins suisses&quot;","img":{"alt_text":"","src":"https:\/\/i0.wp.com\/thomasvino.ch\/wp-content\/uploads\/2019\/07\/IMG_1094-300x225.jpg?resize=350%2C200&ssl=1","width":350,"height":200},"classes":[]},{"id":12854,"url":"https:\/\/thomasvino.ch\/?p=12854","url_meta":{"origin":16905,"position":3},"title":"Mondial du Chasselas 2015  La C\u00f4te (vaudoise) prend la main","date":"26 juin 2015","format":false,"excerpt":"Avec 1243 hectares plant\u00e9s en chasselas, La C\u00f4te vaudoise est la plus vaste \u00abappellation d\u2019origine contr\u00f4l\u00e9e\u00bb au monde plant\u00e9e dans ce c\u00e9page embl\u00e9matique des vignobles romands. Elle l\u2019a prouv\u00e9 au 4\u00e8me Mondial du Chasselas o\u00f9 un 2013, La Grand\u2019Rue, chasselas R\u00e9serve du Domaine de la Ville de Morges, a remport\u00e9\u2026","rel":"","context":"Dans &quot;Actus - News&quot;","img":{"alt_text":"","src":"https:\/\/i0.wp.com\/www.thomasvino.ch\/wp-content\/uploads\/2015\/06\/chas_vicari-1-300x254.jpg?resize=350%2C200","width":350,"height":200},"classes":[]},{"id":12617,"url":"https:\/\/thomasvino.ch\/?p=12617","url_meta":{"origin":16905,"position":4},"title":"Sang neuf au Domaine de la Ville de Morges","date":"10 mars 2015","format":false,"excerpt":"Le vigneron titulaire du domaine de la Ville de Morges, Luc T\u00e9taz, en place depuis 1980, vient de prendre sa retraite, apr\u00e8s 35 ans de services. Pour lui succ\u00e9der, Marc Vicari, directeur du domaine depuis deux ans, a engag\u00e9 un jeune vigneron du Jura (fran\u00e7ais), Correntin Houillon. En cave, Fabio\u2026","rel":"","context":"Dans &quot;Vins suisses&quot;","img":{"alt_text":"","src":"","width":0,"height":0},"classes":[]},{"id":8876,"url":"https:\/\/thomasvino.ch\/?p=8876","url_meta":{"origin":16905,"position":5},"title":"La liste des pinots noirs (avril 2009)","date":"19 avril 2009","format":false,"excerpt":"Grand Jury 24 Heures Pinots noirs du monde, classement final lundi 6 avril 2009, Oenoth\u00e8que, Ch\u00e2teau d\u2019Ouchy, Lausanne. 1 ex \u00e6quo Cuv\u00e9e Saint-Louis 2007, Neuch\u00e2tel AOC, Domaine Grisoni, Cressier, 15,6 Savigny-Les-Beaune 1er Cru 2006, Clos des Guettes, Arthur Barolet Fils, Bolle & Cie, Morges, 15,6 3) Pinot Noir Mythologie 2007,\u2026","rel":"","context":"Dans &quot;Grand Jury 24 Heures&quot;","img":{"alt_text":"","src":"","width":0,"height":0},"classes":[]}],"_links":{"self":[{"href":"https:\/\/thomasvino.ch\/index.php?rest_route=\/wp\/v2\/posts\/16905"}],"collection":[{"href":"https:\/\/thomasvino.ch\/index.php?rest_route=\/wp\/v2\/posts"}],"about":[{"href":"https:\/\/thomasvino.ch\/index.php?rest_route=\/wp\/v2\/types\/post"}],"author":[{"embeddable":true,"href":"https:\/\/thomasvino.ch\/index.php?rest_route=\/wp\/v2\/users\/3"}],"replies":[{"embeddable":true,"href":"https:\/\/thomasvino.ch\/index.php?rest_route=%2Fwp%2Fv2%2Fcomments&post=16905"}],"version-history":[{"count":1,"href":"https:\/\/thomasvino.ch\/index.php?rest_route=\/wp\/v2\/posts\/16905\/revisions"}],"predecessor-version":[{"id":16906,"href":"https:\/\/thomasvino.ch\/index.php?rest_route=\/wp\/v2\/posts\/16905\/revisions\/16906"}],"wp:attachment":[{"href":"https:\/\/thomasvino.ch\/index.php?rest_route=%2Fwp%2Fv2%2Fmedia&parent=16905"}],"wp:term":[{"taxonomy":"category","embeddable":true,"href":"https:\/\/thomasvino.ch\/index.php?rest_route=%2Fwp%2Fv2%2Fcategories&post=16905"},{"taxonomy":"post_tag","embeddable":true,"href":"https:\/\/thomasvino.ch\/index.php?rest_route=%2Fwp%2Fv2%2Ftags&post=16905"}],"curies":[{"name":"wp","href":"https:\/\/api.w.org\/{rel}","templated":true}]}}