{"id":16928,"date":"2020-11-05T09:30:52","date_gmt":"2020-11-05T08:30:52","guid":{"rendered":"https:\/\/thomasvino.ch\/?p=16928"},"modified":"2020-11-05T09:31:44","modified_gmt":"2020-11-05T08:31:44","slug":"syrah-du-monde-2020-la-mieux-notee-vient-de-salquenen","status":"publish","type":"post","link":"https:\/\/thomasvino.ch\/?p=16928","title":{"rendered":"Syrah du Monde 2020\u00a0: la mieux not\u00e9e vient de Salquenen\u00a0!"},"content":{"rendered":"<p><strong>Tr\u00e8s pr\u00e9sent dans les concours internationaux, le Caveau de Salquenen \u2013 Gregor Kuonen d\u00e9croche le titre de <em>\u00abmeilleure syrah\u00bb<\/em> du concours <em>Syrah du Monde<\/em>, qui s\u2019est d\u00e9roul\u00e9 exceptionnellement en automne du 27 au 29 octobre au Ch\u00e2teau d\u2019Ampuis (en AOC C\u00f4te-R\u00f4tie).<\/strong><\/p>\n<p>C\u2019est la syrah en barriques <em>\u00abGrand Ma\u00eetre 2018\u00bb<\/em> vinifi\u00e9 par <strong>Larissa Kuonen<\/strong> qui l\u2019a emport\u00e9, devant treize autres m\u00e9dailles d\u2019or. 87 m\u00e9dailles d\u2019argent compl\u00e8tent le palmar\u00e8s, qui s\u2019en tient \u00e0 un tiers de vins m\u00e9daill\u00e9s.<\/p>\n<p>Avec 307 vins de 27 pays, \u00abl\u2019assiette\u00bb de ce concours r\u00e9serv\u00e9 \u00e0 un seul c\u00e9page reste assez modeste. Seuls neuf pays se partagent les m\u00e9dailles d\u2019or, dont 3 pour l\u2019Australie (au 3<sup>\u00e8me<\/sup> rang figure une shiraz de Barossa Valley de Peter Lehmann, une cave que le groupe bernois Hess a vendue \u00e0 la famille Casella, il y a quelques ann\u00e9es), deux pour l\u2019Afrique du Sud, deux pour la France, et deux pour la Suisse. Au 9<sup>\u00e8me<\/sup> rang du <em>\u00abtop ten\u00bb<\/em>\u00a0des m\u00e9dailles d&rsquo;or figure la <em>syrah 2018 Madame de<\/em> du <strong>Domaine du Mont-d\u2019Or<\/strong>. La cave qui appartient au groupe Schenk, produit sur ses 24 hectares 30% de vins rouges. Elle lance en cette fin d\u2019ann\u00e9e trois vins de haut de gamme, sous le nom <em>\u00abCh\u00e2teau Mont d&rsquo;Or\u00bb<\/em>, un assemblage blanc 2019 (marsanne et petite arvine de vieilles vignes), une s\u00e9lection de \u00abvendange tardive\u00bb 2015 et un assemblage rouge 2018, de cornalin (45%), de syrah et d\u2019humagne rouge (chacune 20%), compl\u00e9t\u00e9 par 15% de d\u2019ancelotta, \u00e9lev\u00e9 en barriques une ann\u00e9e, puis <em>\u00abharmonis\u00e9\u00bb<\/em>\u00a0durant six mois dans un grand foudre de ch\u00eane, enrichi \u00e0 la lies du mill\u00e9sime suivant (2019).<\/p>\n<p>Les syrahs suisses, ou plut\u00f4t toutes valaisannes \u2014 et la moiti\u00e9 d\u2019encaveurs de Salquenen! \u2014 obtiennent dix m\u00e9dailles d\u2019argent. Les deux m\u00e9dailles d\u2019or fran\u00e7aises viennent de Provence, et non de la Vall\u00e9e du Rh\u00f4ne\u00a0: la majorit\u00e9 des m\u00e9dailles fran\u00e7aises ne sont pas issues d\u2019AOC, mais d\u2019IGP. Toutefois, en AOC, un hermitage, un saint-joseph et un crozes-hermitage d\u00e9crochent une m\u00e9daille d\u2019argent. Le prochain concours est annonc\u00e9 pour mai 2021.<\/p>\n<p><strong><em>R\u00e9sultats d\u00e9taill\u00e9s sous\u00a0: <a href=\"https:\/\/www.syrah-du-monde.com\">www.syrah-du-monde.com<\/a><\/em><\/strong><\/p>\n<p><em>\u00a9thomasvino.ch<\/em><\/p>\n","protected":false},"excerpt":{"rendered":"<p>Tr\u00e8s pr\u00e9sent dans les concours internationaux, le Caveau de Salquenen \u2013 Gregor Kuonen d\u00e9croche le titre de \u00abmeilleure syrah\u00bb du concours Syrah du Monde, qui s\u2019est d\u00e9roul\u00e9 exceptionnellement en automne du 27 au 29 octobre au Ch\u00e2teau d\u2019Ampuis (en AOC C\u00f4te-R\u00f4tie). C\u2019est la syrah en barriques \u00abGrand Ma\u00eetre 2018\u00bb vinifi\u00e9 par Larissa Kuonen qui l\u2019a [&hellip;]<\/p>\n","protected":false},"author":3,"featured_media":0,"comment_status":"closed","ping_status":"open","sticky":false,"template":"","format":"standard","meta":{"_monsterinsights_skip_tracking":false,"_monsterinsights_sitenote_active":false,"_monsterinsights_sitenote_note":"","_monsterinsights_sitenote_category":0,"jetpack_post_was_ever_published":false,"jetpack_publicize_message":"","jetpack_is_tweetstorm":false,"jetpack_publicize_feature_enabled":true,"jetpack_social_post_already_shared":true,"jetpack_social_options":{"image_generator_settings":{"template":"highway","enabled":false}}},"categories":[15],"tags":[],"jetpack_publicize_connections":[],"yoast_head":"<!-- This site is optimized with the Yoast SEO plugin v20.6 - https:\/\/yoast.com\/wordpress\/plugins\/seo\/ -->\n<title>Syrah du Monde 2020\u00a0: la mieux not\u00e9e vient de Salquenen\u00a0! - thomasvino<\/title>\n<meta name=\"robots\" content=\"index, follow, max-snippet:-1, max-image-preview:large, max-video-preview:-1\" \/>\n<link rel=\"canonical\" href=\"https:\/\/thomasvino.ch\/?p=16928\" \/>\n<meta property=\"og:locale\" content=\"fr_FR\" \/>\n<meta property=\"og:type\" content=\"article\" \/>\n<meta property=\"og:title\" content=\"Syrah du Monde 2020\u00a0: la mieux not\u00e9e vient de Salquenen\u00a0! - thomasvino\" \/>\n<meta property=\"og:description\" content=\"Tr\u00e8s pr\u00e9sent dans les concours internationaux, le Caveau de Salquenen \u2013 Gregor Kuonen d\u00e9croche le titre de \u00abmeilleure syrah\u00bb du concours Syrah du Monde, qui s\u2019est d\u00e9roul\u00e9 exceptionnellement en automne du 27 au 29 octobre au Ch\u00e2teau d\u2019Ampuis (en AOC C\u00f4te-R\u00f4tie). C\u2019est la syrah en barriques \u00abGrand Ma\u00eetre 2018\u00bb vinifi\u00e9 par Larissa Kuonen qui l\u2019a [&hellip;]\" \/>\n<meta property=\"og:url\" content=\"https:\/\/thomasvino.ch\/?p=16928\" \/>\n<meta property=\"og:site_name\" content=\"thomasvino\" \/>\n<meta property=\"article:published_time\" content=\"2020-11-05T08:30:52+00:00\" \/>\n<meta property=\"article:modified_time\" content=\"2020-11-05T08:31:44+00:00\" \/>\n<meta name=\"author\" content=\"Pierre Thomas\" \/>\n<meta name=\"twitter:label1\" content=\"\u00c9crit par\" \/>\n\t<meta name=\"twitter:data1\" content=\"Pierre Thomas\" \/>\n\t<meta name=\"twitter:label2\" content=\"Dur\u00e9e de lecture estim\u00e9e\" \/>\n\t<meta name=\"twitter:data2\" content=\"2 minutes\" \/>\n<script type=\"application\/ld+json\" class=\"yoast-schema-graph\">{\"@context\":\"https:\/\/schema.org\",\"@graph\":[{\"@type\":\"WebPage\",\"@id\":\"https:\/\/thomasvino.ch\/?p=16928\",\"url\":\"https:\/\/thomasvino.ch\/?p=16928\",\"name\":\"Syrah du Monde 2020\u00a0: la mieux not\u00e9e vient de Salquenen\u00a0! - thomasvino\",\"isPartOf\":{\"@id\":\"https:\/\/thomasvino.ch\/#website\"},\"datePublished\":\"2020-11-05T08:30:52+00:00\",\"dateModified\":\"2020-11-05T08:31:44+00:00\",\"author\":{\"@id\":\"https:\/\/thomasvino.ch\/#\/schema\/person\/670bf4486fe81152cf1d68bd585e062e\"},\"breadcrumb\":{\"@id\":\"https:\/\/thomasvino.ch\/?p=16928#breadcrumb\"},\"inLanguage\":\"fr-FR\",\"potentialAction\":[{\"@type\":\"ReadAction\",\"target\":[\"https:\/\/thomasvino.ch\/?p=16928\"]}]},{\"@type\":\"BreadcrumbList\",\"@id\":\"https:\/\/thomasvino.ch\/?p=16928#breadcrumb\",\"itemListElement\":[{\"@type\":\"ListItem\",\"position\":1,\"name\":\"Accueil\",\"item\":\"https:\/\/thomasvino.ch\/\"},{\"@type\":\"ListItem\",\"position\":2,\"name\":\"Syrah du Monde 2020\u00a0: la mieux not\u00e9e vient de Salquenen\u00a0!\"}]},{\"@type\":\"WebSite\",\"@id\":\"https:\/\/thomasvino.ch\/#website\",\"url\":\"https:\/\/thomasvino.ch\/\",\"name\":\"thomasvino\",\"description\":\"Vins &amp; Gastronomie\",\"potentialAction\":[{\"@type\":\"SearchAction\",\"target\":{\"@type\":\"EntryPoint\",\"urlTemplate\":\"https:\/\/thomasvino.ch\/?s={search_term_string}\"},\"query-input\":\"required name=search_term_string\"}],\"inLanguage\":\"fr-FR\"},{\"@type\":\"Person\",\"@id\":\"https:\/\/thomasvino.ch\/#\/schema\/person\/670bf4486fe81152cf1d68bd585e062e\",\"name\":\"Pierre Thomas\",\"image\":{\"@type\":\"ImageObject\",\"inLanguage\":\"fr-FR\",\"@id\":\"https:\/\/thomasvino.ch\/#\/schema\/person\/image\/\",\"url\":\"https:\/\/secure.gravatar.com\/avatar\/91fd5a76647f140e53db987a0dead4d7?s=96&d=mm&r=g\",\"contentUrl\":\"https:\/\/secure.gravatar.com\/avatar\/91fd5a76647f140e53db987a0dead4d7?s=96&d=mm&r=g\",\"caption\":\"Pierre Thomas\"},\"url\":\"https:\/\/thomasvino.ch\/?author=3\"}]}<\/script>\n<!-- \/ Yoast SEO plugin. -->","yoast_head_json":{"title":"Syrah du Monde 2020\u00a0: la mieux not\u00e9e vient de Salquenen\u00a0! - thomasvino","robots":{"index":"index","follow":"follow","max-snippet":"max-snippet:-1","max-image-preview":"max-image-preview:large","max-video-preview":"max-video-preview:-1"},"canonical":"https:\/\/thomasvino.ch\/?p=16928","og_locale":"fr_FR","og_type":"article","og_title":"Syrah du Monde 2020\u00a0: la mieux not\u00e9e vient de Salquenen\u00a0! - thomasvino","og_description":"Tr\u00e8s pr\u00e9sent dans les concours internationaux, le Caveau de Salquenen \u2013 Gregor Kuonen d\u00e9croche le titre de \u00abmeilleure syrah\u00bb du concours Syrah du Monde, qui s\u2019est d\u00e9roul\u00e9 exceptionnellement en automne du 27 au 29 octobre au Ch\u00e2teau d\u2019Ampuis (en AOC C\u00f4te-R\u00f4tie). C\u2019est la syrah en barriques \u00abGrand Ma\u00eetre 2018\u00bb vinifi\u00e9 par Larissa Kuonen qui l\u2019a [&hellip;]","og_url":"https:\/\/thomasvino.ch\/?p=16928","og_site_name":"thomasvino","article_published_time":"2020-11-05T08:30:52+00:00","article_modified_time":"2020-11-05T08:31:44+00:00","author":"Pierre Thomas","twitter_misc":{"\u00c9crit par":"Pierre Thomas","Dur\u00e9e de lecture estim\u00e9e":"2 minutes"},"schema":{"@context":"https:\/\/schema.org","@graph":[{"@type":"WebPage","@id":"https:\/\/thomasvino.ch\/?p=16928","url":"https:\/\/thomasvino.ch\/?p=16928","name":"Syrah du Monde 2020\u00a0: la mieux not\u00e9e vient de Salquenen\u00a0! - thomasvino","isPartOf":{"@id":"https:\/\/thomasvino.ch\/#website"},"datePublished":"2020-11-05T08:30:52+00:00","dateModified":"2020-11-05T08:31:44+00:00","author":{"@id":"https:\/\/thomasvino.ch\/#\/schema\/person\/670bf4486fe81152cf1d68bd585e062e"},"breadcrumb":{"@id":"https:\/\/thomasvino.ch\/?p=16928#breadcrumb"},"inLanguage":"fr-FR","potentialAction":[{"@type":"ReadAction","target":["https:\/\/thomasvino.ch\/?p=16928"]}]},{"@type":"BreadcrumbList","@id":"https:\/\/thomasvino.ch\/?p=16928#breadcrumb","itemListElement":[{"@type":"ListItem","position":1,"name":"Accueil","item":"https:\/\/thomasvino.ch\/"},{"@type":"ListItem","position":2,"name":"Syrah du Monde 2020\u00a0: la mieux not\u00e9e vient de Salquenen\u00a0!"}]},{"@type":"WebSite","@id":"https:\/\/thomasvino.ch\/#website","url":"https:\/\/thomasvino.ch\/","name":"thomasvino","description":"Vins &amp; Gastronomie","potentialAction":[{"@type":"SearchAction","target":{"@type":"EntryPoint","urlTemplate":"https:\/\/thomasvino.ch\/?s={search_term_string}"},"query-input":"required name=search_term_string"}],"inLanguage":"fr-FR"},{"@type":"Person","@id":"https:\/\/thomasvino.ch\/#\/schema\/person\/670bf4486fe81152cf1d68bd585e062e","name":"Pierre Thomas","image":{"@type":"ImageObject","inLanguage":"fr-FR","@id":"https:\/\/thomasvino.ch\/#\/schema\/person\/image\/","url":"https:\/\/secure.gravatar.com\/avatar\/91fd5a76647f140e53db987a0dead4d7?s=96&d=mm&r=g","contentUrl":"https:\/\/secure.gravatar.com\/avatar\/91fd5a76647f140e53db987a0dead4d7?s=96&d=mm&r=g","caption":"Pierre Thomas"},"url":"https:\/\/thomasvino.ch\/?author=3"}]}},"jetpack_featured_media_url":"","jetpack_sharing_enabled":true,"jetpack_shortlink":"https:\/\/wp.me\/p3m4tZ-4p2","jetpack_likes_enabled":false,"jetpack-related-posts":[{"id":8905,"url":"https:\/\/thomasvino.ch\/?p=8905","url_meta":{"origin":16928,"position":0},"title":"Une syrah valaisanne dans le Top Ten","date":"4 juin 2009","format":false,"excerpt":"Syrah du monde 2009Une syrah valaisanne dans le top tenLes syrahs suisses, de fait toutes valaisannes, ont fait bonne figure lors du troisi\u00e8me concours mondial de ce c\u00e9page, organis\u00e9 fin mai \u00e0 Ampuis, dans la Vall\u00e9e du Rh\u00f4ne. Sur les 35 m\u00e9dailles d'or, deux sont valaisannes: la Cayas R\u00e9serve 2006\u2026","rel":"","context":"Dans &quot;Actus - News&quot;","img":{"alt_text":"","src":"","width":0,"height":0},"classes":[]},{"id":10790,"url":"https:\/\/thomasvino.ch\/?p=10790","url_meta":{"origin":16928,"position":1},"title":"De l&rsquo;or \u00absuisse\u00bb \u00e0 Bordeaux, Qu\u00e9bec et Ampuis","date":"6 juin 2013","format":false,"excerpt":"On le sait, les concours se multiplient tous azimuts. Peu pris\u00e9 des Romands, les Citadelles, \u00e0 Bordeaux, ont souri \u00e0 Provins-Valais, qui a d\u00e9croch\u00e9 trois m\u00e9dailles d\u2019or, avec le Rouge d\u2019Enfer R\u00e9serve (\u00e9levage prolong\u00e9) 2008, l\u2019assemblage Apologia 2011 et le liquoreux souvent distingu\u00e9, Domaine de Tourbillon 2008. Joli exploit du\u2026","rel":"","context":"Dans &quot;Actus - News&quot;","img":{"alt_text":"","src":"","width":0,"height":0},"classes":[]},{"id":9370,"url":"https:\/\/thomasvino.ch\/?p=9370","url_meta":{"origin":16928,"position":2},"title":"6 concours internationaux et 2 m\u00e9dailles d&rsquo;or suisses","date":"10 mai 2012","format":false,"excerpt":"Concours internationaux: 2 m\u00e9dailles d\u2019or suisses\u2026 seulement\u00a0! Les concours internationaux de vin se multiplient, mais le nombre des m\u00e9dailles obtenues par des vins suisses aussi!\u00a0 La preuve avec 6 concours de c\u00e9pages (ou de sp\u00e9cialit\u00e9) avec 2 seules m\u00e9dailles d'or helv\u00e9tiques. Ainsi, la vendange est faible \u00e0 Syrah du Monde,\u2026","rel":"","context":"Dans &quot;Actus - News&quot;","img":{"alt_text":"","src":"","width":0,"height":0},"classes":[]},{"id":8739,"url":"https:\/\/thomasvino.ch\/?p=8739","url_meta":{"origin":16928,"position":3},"title":"Deux syrahs de Salquenen en or","date":"21 mai 2008","format":false,"excerpt":"Deux m\u00e9dailles d\u2019or valaisannes \u00e0 Syrah du mondeOrganis\u00e9e dans la vall\u00e9e du Rh\u00f4ne du 13 au 15 mai 2008, la deuxi\u00e8me confrontation des syrahs du monde a r\u00e9uni 384 \u00e9chantillons provenant de 23 pays (18% de vins de plus et 6 nouveaux pays par rapport \u00e0 la premi\u00e8re \u00e9dition). Les\u2026","rel":"","context":"Dans &quot;Actus - News&quot;","img":{"alt_text":"","src":"","width":0,"height":0},"classes":[]},{"id":15826,"url":"https:\/\/thomasvino.ch\/?p=15826","url_meta":{"origin":16928,"position":4},"title":"Concours\u00a0: palmar\u00e8s des syrahs et merlots \u00abdu monde\u00bb","date":"22 mai 2019","format":false,"excerpt":"En attendant les r\u00e9sultats du Mondial du Chasselas, qui se tiendra ce week-end sur les hauts de Lausanne, deux autres concours de c\u00e9pages ont livr\u00e9 leur verdict en ce mois de mai. A Syrah-du-Monde, pr\u00e8s de Lyon, les vins suisses n\u2019ont remport\u00e9 \u00abque\u00bb quatre m\u00e9dailles d\u2019or, toutes valaisannes, mais surtout\u2026","rel":"","context":"Dans &quot;Actus - News&quot;","img":{"alt_text":"","src":"","width":0,"height":0},"classes":[]},{"id":9172,"url":"https:\/\/thomasvino.ch\/?p=9172","url_meta":{"origin":16928,"position":5},"title":"Petite Arvine et Syrah en format mondial","date":"17 mai 2011","format":false,"excerpt":"Concours mondiaux 2011 Petite Arvine et Syrah en vedette Dans deux concours internationaux, l\u2019un g\u00e9n\u00e9raliste (le Concours Mondial de Bruxelles), l\u2019autre de c\u00e9page (Syrah du Monde), des vins valaisans se sont distingu\u00e9s au plus haut niveau. Au premier, jug\u00e9 \u00e0 Luxembourg, une grande m\u00e9daille d\u2019or pour la Petite Arvine 2010\u2026","rel":"","context":"Dans &quot;Actus - News&quot;","img":{"alt_text":"","src":"","width":0,"height":0},"classes":[]}],"_links":{"self":[{"href":"https:\/\/thomasvino.ch\/index.php?rest_route=\/wp\/v2\/posts\/16928"}],"collection":[{"href":"https:\/\/thomasvino.ch\/index.php?rest_route=\/wp\/v2\/posts"}],"about":[{"href":"https:\/\/thomasvino.ch\/index.php?rest_route=\/wp\/v2\/types\/post"}],"author":[{"embeddable":true,"href":"https:\/\/thomasvino.ch\/index.php?rest_route=\/wp\/v2\/users\/3"}],"replies":[{"embeddable":true,"href":"https:\/\/thomasvino.ch\/index.php?rest_route=%2Fwp%2Fv2%2Fcomments&post=16928"}],"version-history":[{"count":2,"href":"https:\/\/thomasvino.ch\/index.php?rest_route=\/wp\/v2\/posts\/16928\/revisions"}],"predecessor-version":[{"id":16930,"href":"https:\/\/thomasvino.ch\/index.php?rest_route=\/wp\/v2\/posts\/16928\/revisions\/16930"}],"wp:attachment":[{"href":"https:\/\/thomasvino.ch\/index.php?rest_route=%2Fwp%2Fv2%2Fmedia&parent=16928"}],"wp:term":[{"taxonomy":"category","embeddable":true,"href":"https:\/\/thomasvino.ch\/index.php?rest_route=%2Fwp%2Fv2%2Fcategories&post=16928"},{"taxonomy":"post_tag","embeddable":true,"href":"https:\/\/thomasvino.ch\/index.php?rest_route=%2Fwp%2Fv2%2Ftags&post=16928"}],"curies":[{"name":"wp","href":"https:\/\/api.w.org\/{rel}","templated":true}]}}