{"id":16951,"date":"2020-11-19T15:00:25","date_gmt":"2020-11-19T14:00:25","guid":{"rendered":"https:\/\/thomasvino.ch\/?p=16951"},"modified":"2020-11-20T17:11:55","modified_gmt":"2020-11-20T16:11:55","slug":"mondial-du-merlot-les-tessinois-en-force","status":"publish","type":"post","link":"https:\/\/thomasvino.ch\/?p=16951","title":{"rendered":"Mondial du Merlot\u00a0: les Tessinois en force"},"content":{"rendered":"<p><strong>Il n\u2019y avait aucun merlot tessinois parmi les six finalistes du <a href=\"https:\/\/thomasvino.ch\/?p=16907\"><em>Grand Prix du Vin Suisse 2020<\/em><\/a>, mais, d\u00e9but septembre, ils ont rafl\u00e9 la majorit\u00e9 des titres du <em>Mondial du Merlot<\/em>, deux concours organis\u00e9s par Vinea \u00e0 Sierre. Les derniers r\u00e9sultats viennent de tomber.&nbsp;Cette tactique du salami devait m\u00e9nager le suspense jusqu\u2019au d\u00e9voilement des principaux prix, le 11 d\u00e9cembre, \u00e0 Zermatt. Cette c\u00e9r\u00e9monie a \u00e9t\u00e9 annul\u00e9e <em>\u00abbien entendu\u00bb<\/em>, \u00e9crit Vinea. <\/strong><\/p>\n<p>Le prix le plus prestigieux du Mondial du Merlot, c\u2019est le <em>Gran Maestro<\/em>, qui d\u00e9passe le <em>\u00abone shot\u00bb<\/em>&nbsp;hasardeux et oblige le producteur candidat \u00e0 pr\u00e9senter un trio de mill\u00e9simes qui se suivent. La maison <strong>Gialdi<\/strong>, qui figure \u00e0 la <em>M\u00e9moire des vins suisses<\/em> avec le toujours remarquable <em>Sassi Grossi,<\/em> l\u2019emporte avec son <em>Arzo<\/em>, qui s\u00e9journe 14 mois en f\u00fbts de ch\u00eane, sign\u00e9 par l\u2019\u0153nologue <strong>Alfred De Martin<\/strong>, pour la trilogie 2015, 16 et 17 (actuellement en vente en action), devant le <em>Ronco<\/em> 2016, 17 et 18 du domaine cantonal de <strong>Mezzana<\/strong>, et le <em>Carato Riserva<\/em> 2015, 16 et 17, de <strong>Delea<\/strong>.<\/p>\n<p>Le <strong>domaine cantonal de Mezzana<\/strong> r\u00e9ussit un tir group\u00e9 avec son <em>Ronco<\/em> 2013, qui avait obtenu une des trois grandes m\u00e9dailles d\u2019or, et d\u00e9croche les prix de meilleur vin du concours, de meilleur mill\u00e9sime ancien (ant\u00e9rieur \u00e0 2015), meilleur vin sec et meilleur merlot suisse\u2026 Pour m\u00e9moire, une des trois m\u00e9dailles grand or \u00e9tait revenue au <em>Saetta<\/em> 2017 de <strong>Ghidossi<\/strong>. Le merlot vinifi\u00e9 en blanc, le <em>Cherubio<\/em> 2019, des <strong>Fratelli Matasci<\/strong>, remporte le prix de meilleur blanc de noirs ou ros\u00e9.<\/p>\n<p>Meilleur assemblage et meilleur vin bio, le <em>merlot-cabernet sauvignon<\/em> 2017 du <strong>Domaine de la Capitaine<\/strong>, \u00e0 Begnins, qui s\u2019ajoute \u00e0 un autre vin vaudois figurant au palmar\u00e8s le <em>Confidentiel<\/em> 2018, du <strong>Ch\u00e2teau de Valeyres<\/strong>(-sous-Rances), dans les C\u00f4tes de l\u2019Orbe, une des trois m\u00e9dailles Grand Or.<\/p>\n<p><strong>Pour la premi\u00e8re fois en treize \u00e9ditions, le concours a d\u00e9pass\u00e9 les 500 \u00e9chantillons<\/strong> (511), pr\u00e9sent\u00e9s par 241 producteurs de 16 pays. <strong>139 m\u00e9dailles ont \u00e9t\u00e9 d\u00e9cern\u00e9es&nbsp;: outre les 3 \u00abGrand Or\u00bb, 67 ors et 69 argent<\/strong>. Le troph\u00e9e de meilleur vin non suisse revient au <em>Baron du Capiscol<\/em> 2019, IGP Pays d\u2019Oc, d\u2019<strong>Alma Cersius<\/strong>, nom de la cave coop\u00e9rative de Cers, aux portes de B\u00e9ziers (4,5 millions de bouteilles), qui participe \u00e0 de nombreux concours, et est connue pour son \u00e9tiquette, en blanc et en rouge,&nbsp;<em>In vino erotico<\/em>\u2026<\/p>\n<p><em>\u00a9thomasvino.ch<\/em><\/p>\n","protected":false},"excerpt":{"rendered":"<p>Il n\u2019y avait aucun merlot tessinois parmi les six finalistes du Grand Prix du Vin Suisse 2020, mais, d\u00e9but septembre, ils ont rafl\u00e9 la majorit\u00e9 des titres du Mondial du Merlot, deux concours organis\u00e9s par Vinea \u00e0 Sierre. Les derniers r\u00e9sultats viennent de tomber.&nbsp;Cette tactique du salami devait m\u00e9nager le suspense jusqu\u2019au d\u00e9voilement des principaux [&hellip;]<\/p>\n","protected":false},"author":3,"featured_media":0,"comment_status":"closed","ping_status":"open","sticky":false,"template":"","format":"standard","meta":{"_monsterinsights_skip_tracking":false,"_monsterinsights_sitenote_active":false,"_monsterinsights_sitenote_note":"","_monsterinsights_sitenote_category":0,"jetpack_post_was_ever_published":false,"jetpack_publicize_message":"","jetpack_is_tweetstorm":false,"jetpack_publicize_feature_enabled":true,"jetpack_social_post_already_shared":true,"jetpack_social_options":{"image_generator_settings":{"template":"highway","enabled":false}}},"categories":[15],"tags":[],"jetpack_publicize_connections":[],"yoast_head":"<!-- This site is optimized with the Yoast SEO plugin v20.6 - https:\/\/yoast.com\/wordpress\/plugins\/seo\/ -->\n<title>Mondial du Merlot\u00a0: les Tessinois en force - thomasvino<\/title>\n<meta name=\"robots\" content=\"index, follow, max-snippet:-1, max-image-preview:large, max-video-preview:-1\" \/>\n<link rel=\"canonical\" href=\"https:\/\/thomasvino.ch\/?p=16951\" \/>\n<meta property=\"og:locale\" content=\"fr_FR\" \/>\n<meta property=\"og:type\" content=\"article\" \/>\n<meta property=\"og:title\" content=\"Mondial du Merlot\u00a0: les Tessinois en force - thomasvino\" \/>\n<meta property=\"og:description\" content=\"Il n\u2019y avait aucun merlot tessinois parmi les six finalistes du Grand Prix du Vin Suisse 2020, mais, d\u00e9but septembre, ils ont rafl\u00e9 la majorit\u00e9 des titres du Mondial du Merlot, deux concours organis\u00e9s par Vinea \u00e0 Sierre. Les derniers r\u00e9sultats viennent de tomber.&nbsp;Cette tactique du salami devait m\u00e9nager le suspense jusqu\u2019au d\u00e9voilement des principaux [&hellip;]\" \/>\n<meta property=\"og:url\" content=\"https:\/\/thomasvino.ch\/?p=16951\" \/>\n<meta property=\"og:site_name\" content=\"thomasvino\" \/>\n<meta property=\"article:published_time\" content=\"2020-11-19T14:00:25+00:00\" \/>\n<meta property=\"article:modified_time\" content=\"2020-11-20T16:11:55+00:00\" \/>\n<meta name=\"author\" content=\"Pierre Thomas\" \/>\n<meta name=\"twitter:label1\" content=\"\u00c9crit par\" \/>\n\t<meta name=\"twitter:data1\" content=\"Pierre Thomas\" \/>\n\t<meta name=\"twitter:label2\" content=\"Dur\u00e9e de lecture estim\u00e9e\" \/>\n\t<meta name=\"twitter:data2\" content=\"2 minutes\" \/>\n<script type=\"application\/ld+json\" class=\"yoast-schema-graph\">{\"@context\":\"https:\/\/schema.org\",\"@graph\":[{\"@type\":\"WebPage\",\"@id\":\"https:\/\/thomasvino.ch\/?p=16951\",\"url\":\"https:\/\/thomasvino.ch\/?p=16951\",\"name\":\"Mondial du Merlot\u00a0: les Tessinois en force - thomasvino\",\"isPartOf\":{\"@id\":\"https:\/\/thomasvino.ch\/#website\"},\"datePublished\":\"2020-11-19T14:00:25+00:00\",\"dateModified\":\"2020-11-20T16:11:55+00:00\",\"author\":{\"@id\":\"https:\/\/thomasvino.ch\/#\/schema\/person\/670bf4486fe81152cf1d68bd585e062e\"},\"breadcrumb\":{\"@id\":\"https:\/\/thomasvino.ch\/?p=16951#breadcrumb\"},\"inLanguage\":\"fr-FR\",\"potentialAction\":[{\"@type\":\"ReadAction\",\"target\":[\"https:\/\/thomasvino.ch\/?p=16951\"]}]},{\"@type\":\"BreadcrumbList\",\"@id\":\"https:\/\/thomasvino.ch\/?p=16951#breadcrumb\",\"itemListElement\":[{\"@type\":\"ListItem\",\"position\":1,\"name\":\"Accueil\",\"item\":\"https:\/\/thomasvino.ch\/\"},{\"@type\":\"ListItem\",\"position\":2,\"name\":\"Mondial du Merlot\u00a0: les Tessinois en force\"}]},{\"@type\":\"WebSite\",\"@id\":\"https:\/\/thomasvino.ch\/#website\",\"url\":\"https:\/\/thomasvino.ch\/\",\"name\":\"thomasvino\",\"description\":\"Vins &amp; Gastronomie\",\"potentialAction\":[{\"@type\":\"SearchAction\",\"target\":{\"@type\":\"EntryPoint\",\"urlTemplate\":\"https:\/\/thomasvino.ch\/?s={search_term_string}\"},\"query-input\":\"required name=search_term_string\"}],\"inLanguage\":\"fr-FR\"},{\"@type\":\"Person\",\"@id\":\"https:\/\/thomasvino.ch\/#\/schema\/person\/670bf4486fe81152cf1d68bd585e062e\",\"name\":\"Pierre Thomas\",\"image\":{\"@type\":\"ImageObject\",\"inLanguage\":\"fr-FR\",\"@id\":\"https:\/\/thomasvino.ch\/#\/schema\/person\/image\/\",\"url\":\"https:\/\/secure.gravatar.com\/avatar\/91fd5a76647f140e53db987a0dead4d7?s=96&d=mm&r=g\",\"contentUrl\":\"https:\/\/secure.gravatar.com\/avatar\/91fd5a76647f140e53db987a0dead4d7?s=96&d=mm&r=g\",\"caption\":\"Pierre Thomas\"},\"url\":\"https:\/\/thomasvino.ch\/?author=3\"}]}<\/script>\n<!-- \/ Yoast SEO plugin. -->","yoast_head_json":{"title":"Mondial du Merlot\u00a0: les Tessinois en force - thomasvino","robots":{"index":"index","follow":"follow","max-snippet":"max-snippet:-1","max-image-preview":"max-image-preview:large","max-video-preview":"max-video-preview:-1"},"canonical":"https:\/\/thomasvino.ch\/?p=16951","og_locale":"fr_FR","og_type":"article","og_title":"Mondial du Merlot\u00a0: les Tessinois en force - thomasvino","og_description":"Il n\u2019y avait aucun merlot tessinois parmi les six finalistes du Grand Prix du Vin Suisse 2020, mais, d\u00e9but septembre, ils ont rafl\u00e9 la majorit\u00e9 des titres du Mondial du Merlot, deux concours organis\u00e9s par Vinea \u00e0 Sierre. Les derniers r\u00e9sultats viennent de tomber.&nbsp;Cette tactique du salami devait m\u00e9nager le suspense jusqu\u2019au d\u00e9voilement des principaux [&hellip;]","og_url":"https:\/\/thomasvino.ch\/?p=16951","og_site_name":"thomasvino","article_published_time":"2020-11-19T14:00:25+00:00","article_modified_time":"2020-11-20T16:11:55+00:00","author":"Pierre Thomas","twitter_misc":{"\u00c9crit par":"Pierre Thomas","Dur\u00e9e de lecture estim\u00e9e":"2 minutes"},"schema":{"@context":"https:\/\/schema.org","@graph":[{"@type":"WebPage","@id":"https:\/\/thomasvino.ch\/?p=16951","url":"https:\/\/thomasvino.ch\/?p=16951","name":"Mondial du Merlot\u00a0: les Tessinois en force - thomasvino","isPartOf":{"@id":"https:\/\/thomasvino.ch\/#website"},"datePublished":"2020-11-19T14:00:25+00:00","dateModified":"2020-11-20T16:11:55+00:00","author":{"@id":"https:\/\/thomasvino.ch\/#\/schema\/person\/670bf4486fe81152cf1d68bd585e062e"},"breadcrumb":{"@id":"https:\/\/thomasvino.ch\/?p=16951#breadcrumb"},"inLanguage":"fr-FR","potentialAction":[{"@type":"ReadAction","target":["https:\/\/thomasvino.ch\/?p=16951"]}]},{"@type":"BreadcrumbList","@id":"https:\/\/thomasvino.ch\/?p=16951#breadcrumb","itemListElement":[{"@type":"ListItem","position":1,"name":"Accueil","item":"https:\/\/thomasvino.ch\/"},{"@type":"ListItem","position":2,"name":"Mondial du Merlot\u00a0: les Tessinois en force"}]},{"@type":"WebSite","@id":"https:\/\/thomasvino.ch\/#website","url":"https:\/\/thomasvino.ch\/","name":"thomasvino","description":"Vins &amp; Gastronomie","potentialAction":[{"@type":"SearchAction","target":{"@type":"EntryPoint","urlTemplate":"https:\/\/thomasvino.ch\/?s={search_term_string}"},"query-input":"required name=search_term_string"}],"inLanguage":"fr-FR"},{"@type":"Person","@id":"https:\/\/thomasvino.ch\/#\/schema\/person\/670bf4486fe81152cf1d68bd585e062e","name":"Pierre Thomas","image":{"@type":"ImageObject","inLanguage":"fr-FR","@id":"https:\/\/thomasvino.ch\/#\/schema\/person\/image\/","url":"https:\/\/secure.gravatar.com\/avatar\/91fd5a76647f140e53db987a0dead4d7?s=96&d=mm&r=g","contentUrl":"https:\/\/secure.gravatar.com\/avatar\/91fd5a76647f140e53db987a0dead4d7?s=96&d=mm&r=g","caption":"Pierre Thomas"},"url":"https:\/\/thomasvino.ch\/?author=3"}]}},"jetpack_featured_media_url":"","jetpack_sharing_enabled":true,"jetpack_shortlink":"https:\/\/wp.me\/p3m4tZ-4pp","jetpack_likes_enabled":false,"jetpack-related-posts":[{"id":17751,"url":"https:\/\/thomasvino.ch\/?p=17751","url_meta":{"origin":16951,"position":0},"title":"Mondial du Merlot&#8230; tessinois:  des vins m\u00e9morables\u00a0!","date":"2 juin 2022","format":false,"excerpt":"Le Sassi Grossi 2016 a \u00e9t\u00e9 sacr\u00e9 meilleur merlot du Mondial du Merlot et assemblages 2022. Il remporte le titre de meilleur repr\u00e9sentant suisse et de meilleur \u00abvieux\u00bb mill\u00e9sime. Sign\u00e9 par l\u2019\u0153nologue Alfred De Martin pour la maison Gialdi Vini, ce vin est un des piliers de la M\u00e9moire des\u2026","rel":"","context":"Dans &quot;Actus - News&quot;","img":{"alt_text":"","src":"","width":0,"height":0},"classes":[]},{"id":18196,"url":"https:\/\/thomasvino.ch\/?p=18196","url_meta":{"origin":16951,"position":1},"title":"Mondial du Merlot 2023, forza Ticino\u00a0!","date":"2 juin 2023","format":false,"excerpt":"Proclam\u00e9 le 1er juin \u00a0\u00e0 Zurich par l\u2019organisateur Vinea, le palmar\u00e8s du Mondial du Merlot & assemblages 2023 a tout de la s\u00e9lection r\u00e9gionale du Tessin... Les merlots du Sud des Alpes ont rafl\u00e9 la majorit\u00e9 des titres et des m\u00e9dailles d\u2019or. Les vins non-suisses d\u00e9crochent seulement dix ors, dont\u2026","rel":"","context":"Dans &quot;Actus - News&quot;","img":{"alt_text":"","src":"","width":0,"height":0},"classes":[]},{"id":9336,"url":"https:\/\/thomasvino.ch\/?p=9336","url_meta":{"origin":16951,"position":2},"title":"VINEA renonce \u00e0 la bible et&#8230; au dimanche","date":"8 mars 2012","format":false,"excerpt":"VINEA renonce \u00e0 la bible et\u2026 au dimanche Il n\u2019y aura pas (et plus?) de \u00abGuide des Vins Suisses\u00bb sous forme papier en 2012. Il sera remplac\u00e9 par un catalogue (brand book) et une application iPad et iPhone. C\u2019est l\u2019association VINEA, qui \u00e9ditait cet ouvrage avec Ringier, qui l\u2019a annonc\u00e9.\u2026","rel":"","context":"Dans &quot;Actus - News&quot;","img":{"alt_text":"","src":"","width":0,"height":0},"classes":[]},{"id":9452,"url":"https:\/\/thomasvino.ch\/?p=9452","url_meta":{"origin":16951,"position":3},"title":"Un Bordeaux&#8230; sup\u00e9rieur au Mondial du Merlot","date":"2 octobre 2012","format":false,"excerpt":"Mondial du merlot 2012 Un bordeaux\u2026 sup\u00e9rieur Organis\u00e9 \u00e0 Sierre par VINEA (Mondial des Pinots, Grand Prix du vin suisse, etc.), le Mondial du Merlot, lanc\u00e9 nagu\u00e8re au Tessin, n\u2019a r\u00e9uni, cet \u00e9t\u00e9, qu\u2019un peu moins de 300 \u00e9chantillons de vin (285 exactement), mais de 160 producteurs provenant de 17\u2026","rel":"","context":"Dans &quot;Actus - News&quot;","img":{"alt_text":"","src":"","width":0,"height":0},"classes":[]},{"id":13353,"url":"https:\/\/thomasvino.ch\/?p=13353","url_meta":{"origin":16951,"position":4},"title":"Les (nouveaux) visages du vin suisse","date":"29 janvier 2016","format":false,"excerpt":"L\u2019Association VINEA \u00e0 Sierre, organisatrice de plusieurs concours, publie une plaquette \u00abLes visages du vin suisse\u00bb. Ces figures ont \u00e9t\u00e9 prises dans le vivier d\u2019une app\u2019 qui recense 500 domaines. La brochure de format A 4 est appel\u00e9e \u00e0 \u00eatre \u00e9dit\u00e9e chaque ann\u00e9e. A raison de 10 portraits pour chacune\u2026","rel":"","context":"Dans &quot;Tendance&quot;","img":{"alt_text":"","src":"","width":0,"height":0},"classes":[]},{"id":9082,"url":"https:\/\/thomasvino.ch\/?p=9082","url_meta":{"origin":16951,"position":5},"title":"2010, l&rsquo;ann\u00e9e du merlot?","date":"23 octobre 2010","format":false,"excerpt":"Rampe de lancement du \u00abmeilleur vigneron de Suisse 2010\u00bb Le merlot tr\u00e8s tendance... pas seulement au Tessin! Selon divers recoupements, le Fribourgeois du Tessin Meinrad Perler devrait \u00eatre sacr\u00e9 meilleur vigneron de Suisse 2010, gr\u00e2ce \u00e0 sa double victoire dans la cat\u00e9gorie merlot et assemblage au Grand Prix du Vin\u2026","rel":"","context":"Dans &quot;Actus - News&quot;","img":{"alt_text":"","src":"","width":0,"height":0},"classes":[]}],"_links":{"self":[{"href":"https:\/\/thomasvino.ch\/index.php?rest_route=\/wp\/v2\/posts\/16951"}],"collection":[{"href":"https:\/\/thomasvino.ch\/index.php?rest_route=\/wp\/v2\/posts"}],"about":[{"href":"https:\/\/thomasvino.ch\/index.php?rest_route=\/wp\/v2\/types\/post"}],"author":[{"embeddable":true,"href":"https:\/\/thomasvino.ch\/index.php?rest_route=\/wp\/v2\/users\/3"}],"replies":[{"embeddable":true,"href":"https:\/\/thomasvino.ch\/index.php?rest_route=%2Fwp%2Fv2%2Fcomments&post=16951"}],"version-history":[{"count":3,"href":"https:\/\/thomasvino.ch\/index.php?rest_route=\/wp\/v2\/posts\/16951\/revisions"}],"predecessor-version":[{"id":16961,"href":"https:\/\/thomasvino.ch\/index.php?rest_route=\/wp\/v2\/posts\/16951\/revisions\/16961"}],"wp:attachment":[{"href":"https:\/\/thomasvino.ch\/index.php?rest_route=%2Fwp%2Fv2%2Fmedia&parent=16951"}],"wp:term":[{"taxonomy":"category","embeddable":true,"href":"https:\/\/thomasvino.ch\/index.php?rest_route=%2Fwp%2Fv2%2Fcategories&post=16951"},{"taxonomy":"post_tag","embeddable":true,"href":"https:\/\/thomasvino.ch\/index.php?rest_route=%2Fwp%2Fv2%2Ftags&post=16951"}],"curies":[{"name":"wp","href":"https:\/\/api.w.org\/{rel}","templated":true}]}}