{"id":16968,"date":"2020-11-25T19:11:24","date_gmt":"2020-11-25T18:11:24","guid":{"rendered":"https:\/\/thomasvino.ch\/?p=16968"},"modified":"2020-11-25T19:11:24","modified_gmt":"2020-11-25T18:11:24","slug":"selection-des-vins-du-valais-2020-15eme-edition-et-paysage-redessine","status":"publish","type":"post","link":"https:\/\/thomasvino.ch\/?p=16968","title":{"rendered":"S\u00e9lection des vins du Valais 2020: 15\u00e8me \u00e9dition et paysage redessin\u00e9"},"content":{"rendered":"<p><strong>N\u2019est-ce qu\u2019une impression\u00a0? Mais le palmar\u00e8s de la <em>15\u00e8me S\u00e9lection des vins du Valais<\/em>, d\u00e9voil\u00e9 sur <a href=\"https:\/\/www.youtube.com\/user\/lesvinsduvalais\">Youtube<\/a> (Covid oblige), mercredi 25 novembre 2020, redessine le paysage du Vieux-Pays avec quelques encaveurs plus jeunes et moins connus.<\/strong><\/p>\n<p>Ces huit vins, qui, eux seuls, ont droit au titre d\u2019<em><strong>Etoile d\u2019or<\/strong><\/em>, sont les vainqueurs de leur cat\u00e9gorie respective, lors du concours cantonal, qui a r\u00e9uni pr\u00e8s de 1&rsquo;000 vins, en septembre. Le vin le mieux not\u00e9 a droit au prix <em>Swiss Wine<\/em> et au titre d\u2019ambassadeur, \u00e0 mettre au f\u00e9minin, puisqu\u2019il s\u2019agit de la <em><strong>Syrah 2019<\/strong><\/em> de <strong>Jean-Marie <\/strong>et<strong> Genevi\u00e8ve Pont<\/strong>, \u00e0 Corin La Cr\u00eate. Ce producteur, qui fait partie de la rel\u00e8ve, n\u2019est pas un inconnu\u00a0: sa syrah 2014 avait remport\u00e9 le titre de meilleure syrah du pays au <em>Grand Prix du Vin Suisse 2015<\/em>. En restant dans les environs de Sierre, deux encaveurs, notamment connus pour proposer le c\u00e9page local, la r\u00e8ze, remportent l\u2019un, <strong>Serge Heymoz<\/strong>, de la <strong>Cave Les Sentes<\/strong>, l\u2019\u00e9toile d\u2019or de la <em><strong>petite arvine<\/strong><\/em> avec la 2019, et la <strong>famille Monnet<\/strong> de la <strong>Cave du Vieux-Village<\/strong> \u00e0 No\u00ebs, celle de l\u2019<em><strong>humagne rouge<\/strong><\/em>, avec la <em><strong>Sang du Cerf 2018.<\/strong><\/em><\/p>\n<p><a href=\"https:\/\/thomasvino.ch\/?attachment_id=16969\" rel=\"attachment wp-att-16969\"><img data-attachment-id=\"16969\" data-permalink=\"https:\/\/thomasvino.ch\/?attachment_id=16969\" data-orig-file=\"https:\/\/i0.wp.com\/thomasvino.ch\/wp-content\/uploads\/2020\/11\/vinsVS_selec2020.jpg?fit=1080%2C1080&amp;ssl=1\" data-orig-size=\"1080,1080\" data-comments-opened=\"0\" data-image-meta=\"{&quot;aperture&quot;:&quot;0&quot;,&quot;credit&quot;:&quot;&quot;,&quot;camera&quot;:&quot;&quot;,&quot;caption&quot;:&quot;&quot;,&quot;created_timestamp&quot;:&quot;0&quot;,&quot;copyright&quot;:&quot;&quot;,&quot;focal_length&quot;:&quot;0&quot;,&quot;iso&quot;:&quot;0&quot;,&quot;shutter_speed&quot;:&quot;0&quot;,&quot;title&quot;:&quot;&quot;,&quot;orientation&quot;:&quot;1&quot;}\" data-image-title=\"vinsVS_selec2020\" data-image-description=\"\" data-image-caption=\"\" data-medium-file=\"https:\/\/i0.wp.com\/thomasvino.ch\/wp-content\/uploads\/2020\/11\/vinsVS_selec2020.jpg?fit=300%2C300&amp;ssl=1\" data-large-file=\"https:\/\/i0.wp.com\/thomasvino.ch\/wp-content\/uploads\/2020\/11\/vinsVS_selec2020.jpg?fit=1024%2C1024&amp;ssl=1\" loading=\"lazy\" class=\"aligncenter size-medium wp-image-16969\" src=\"https:\/\/i0.wp.com\/thomasvino.ch\/wp-content\/uploads\/2020\/11\/vinsVS_selec2020.jpg?resize=300%2C300&#038;ssl=1\" alt=\"\" width=\"300\" height=\"300\" srcset=\"https:\/\/i0.wp.com\/thomasvino.ch\/wp-content\/uploads\/2020\/11\/vinsVS_selec2020.jpg?resize=300%2C300&amp;ssl=1 300w, https:\/\/i0.wp.com\/thomasvino.ch\/wp-content\/uploads\/2020\/11\/vinsVS_selec2020.jpg?resize=1024%2C1024&amp;ssl=1 1024w, https:\/\/i0.wp.com\/thomasvino.ch\/wp-content\/uploads\/2020\/11\/vinsVS_selec2020.jpg?resize=150%2C150&amp;ssl=1 150w, https:\/\/i0.wp.com\/thomasvino.ch\/wp-content\/uploads\/2020\/11\/vinsVS_selec2020.jpg?resize=768%2C768&amp;ssl=1 768w, https:\/\/i0.wp.com\/thomasvino.ch\/wp-content\/uploads\/2020\/11\/vinsVS_selec2020.jpg?resize=37%2C37&amp;ssl=1 37w, https:\/\/i0.wp.com\/thomasvino.ch\/wp-content\/uploads\/2020\/11\/vinsVS_selec2020.jpg?resize=128%2C128&amp;ssl=1 128w, https:\/\/i0.wp.com\/thomasvino.ch\/wp-content\/uploads\/2020\/11\/vinsVS_selec2020.jpg?resize=184%2C184&amp;ssl=1 184w, https:\/\/i0.wp.com\/thomasvino.ch\/wp-content\/uploads\/2020\/11\/vinsVS_selec2020.jpg?w=1080&amp;ssl=1 1080w\" sizes=\"(max-width: 300px) 100vw, 300px\" data-recalc-dims=\"1\" \/><\/a><\/p>\n<p>Ensuite, trois caves o\u00f9 les propri\u00e9taires aux manettes sont jeunes. D\u2019abord, connue pour ses fendants grand cru de la Ville de Sion et de Saint-L\u00e9onard, la <strong>Cave de la Bruni\u00e8re<\/strong>, \u00e0 Saint-L\u00e9onard, reprise par le jeune <strong>Christophe Morand<\/strong>, s\u2019impose dans la cat\u00e9gorie du pa\u00efen-heida, avec son <em><strong>Pa\u00efen 2019<\/strong><\/em>. Ensuite, \u00e9toile d\u2019or en <em><strong>cornalin<\/strong><\/em>, avec <em><strong>Les Liens 2018<\/strong><\/em>, la <strong>Cave de la Cinqui\u00e8me Saison<\/strong>, \u00e0 Martigny, connue longtemps comme celle d\u2019<strong>Alexis Jacqui\u00e9roz<\/strong>, mais reprise par <strong>Michel Herminjard<\/strong>\u00a0et <strong>Christophe Echenard<\/strong> sous cette nouvelle raison sociale, en 2006. Enfin, pour leur <em><strong>Fendant 2019<\/strong><\/em>, la jeune <strong>Cave des Amis<\/strong> de Fully, de <strong>Pierre <\/strong>et<strong> Manu Arlettaz<\/strong>, deux fois nomin\u00e9s finalistes du <em>Grand Prix du Vin Suisse 2020<\/em>, avec ce fendant et un gamay.<\/p>\n<p>Pour terminer, deux maisons confirm\u00e9es, \u00e0 Sion et Salquenen. Le <strong>Domaine du Mont d\u2019Or<\/strong>, qui signe la deuxi\u00e8me \u00e9toile d\u2019or en johannisberg en trois s\u00e9lections, avec la version s\u00e8che du sylvaner, le Siccus, sous la direction de l&rsquo;\u0153nologue\u00a0<strong>Marc-Andr\u00e9 Devant\u00e9ry<\/strong> et de la caviste <strong>Florence Troger<\/strong>. Et, r\u00e9put\u00e9e pour ses cuv\u00e9es \u00e9lev\u00e9es comme en G\u00e9orgie, en qvevris, <strong>Albert Mathier &amp; Fils<\/strong>, dirig\u00e9e par <strong>Am\u00e9d\u00e9e Mathier<\/strong>, \u00e9toile d\u2019or pour sa <em><strong>D\u00f4le Salgesch 2019<\/strong><\/em>.<\/p>\n<p>Sur les sites Internet respectifs des producteurs, certains vins paraissent \u00e9puis\u00e9s. Raison de plus de les d\u00e9guster via la <em><strong>\u00abcollection\u00bb des Etoiles d\u2019Or 2020<\/strong><\/em>, log\u00e9e dans un nouvel emballage isotherme, mise en vente au prix de 222 fr. (par poste) pour les huit vins victorieux sur <strong><a href=\"https:\/\/shop.lesvinsduvalais.ch\">shop.lesvinsduvalais.ch<\/a><\/strong>. <em>D\u00e8s demain, 26.11.2020.<\/em><\/p>\n<p>Chaque ann\u00e9e, les Vins du Valais distinguent <em>\u00abune personnalit\u00e9 qui d\u00e9fend les m\u00eames valeurs que les vignerons du Valais, tradition, authenticit\u00e9 et passion\u00bb<\/em> et la <em>9\u00e8me Etoile du Valais d&rsquo;honneur<\/em> revient au cuisinier fribourgeois <strong>Pierrot Ayer<\/strong>, qui fut apprenti aux Mar\u00e9cottes (VS), et qui vient de quitter la pr\u00e9sidence des <em>Grandes Tables de Suisse<\/em>, en septembre, o\u00f9 il a c\u00e9d\u00e9 sa place, l\u00e0 aussi, \u00e0 la g\u00e9n\u00e9ration montante, soit le jeune chef <strong>Guy Ravet<\/strong>, de Vufflens-le-Ch\u00e2teau (VD).<\/p>\n<p><em>\u00a9thomasvino.ch<\/em><\/p>\n","protected":false},"excerpt":{"rendered":"<p>N\u2019est-ce qu\u2019une impression\u00a0? Mais le palmar\u00e8s de la 15\u00e8me S\u00e9lection des vins du Valais, d\u00e9voil\u00e9 sur Youtube (Covid oblige), mercredi 25 novembre 2020, redessine le paysage du Vieux-Pays avec quelques encaveurs plus jeunes et moins connus. Ces huit vins, qui, eux seuls, ont droit au titre d\u2019Etoile d\u2019or, sont les vainqueurs de leur cat\u00e9gorie respective, [&hellip;]<\/p>\n","protected":false},"author":3,"featured_media":0,"comment_status":"closed","ping_status":"open","sticky":false,"template":"","format":"standard","meta":{"_monsterinsights_skip_tracking":false,"_monsterinsights_sitenote_active":false,"_monsterinsights_sitenote_note":"","_monsterinsights_sitenote_category":0,"jetpack_post_was_ever_published":false,"jetpack_publicize_message":"","jetpack_is_tweetstorm":false,"jetpack_publicize_feature_enabled":true,"jetpack_social_post_already_shared":true,"jetpack_social_options":{"image_generator_settings":{"template":"highway","enabled":false}}},"categories":[3],"tags":[],"jetpack_publicize_connections":[],"yoast_head":"<!-- This site is optimized with the Yoast SEO plugin v20.6 - https:\/\/yoast.com\/wordpress\/plugins\/seo\/ -->\n<title>S\u00e9lection des vins du Valais 2020: 15\u00e8me \u00e9dition et paysage redessin\u00e9 - thomasvino<\/title>\n<meta name=\"robots\" content=\"index, follow, max-snippet:-1, max-image-preview:large, max-video-preview:-1\" \/>\n<link rel=\"canonical\" href=\"https:\/\/thomasvino.ch\/?p=16968\" \/>\n<meta property=\"og:locale\" content=\"fr_FR\" \/>\n<meta property=\"og:type\" content=\"article\" \/>\n<meta property=\"og:title\" content=\"S\u00e9lection des vins du Valais 2020: 15\u00e8me \u00e9dition et paysage redessin\u00e9 - thomasvino\" \/>\n<meta property=\"og:description\" content=\"N\u2019est-ce qu\u2019une impression\u00a0? Mais le palmar\u00e8s de la 15\u00e8me S\u00e9lection des vins du Valais, d\u00e9voil\u00e9 sur Youtube (Covid oblige), mercredi 25 novembre 2020, redessine le paysage du Vieux-Pays avec quelques encaveurs plus jeunes et moins connus. Ces huit vins, qui, eux seuls, ont droit au titre d\u2019Etoile d\u2019or, sont les vainqueurs de leur cat\u00e9gorie respective, [&hellip;]\" \/>\n<meta property=\"og:url\" content=\"https:\/\/thomasvino.ch\/?p=16968\" \/>\n<meta property=\"og:site_name\" content=\"thomasvino\" \/>\n<meta property=\"article:published_time\" content=\"2020-11-25T18:11:24+00:00\" \/>\n<meta property=\"og:image\" content=\"https:\/\/thomasvino.ch\/wp-content\/uploads\/2020\/11\/vinsVS_selec2020-300x300.jpg\" \/>\n<meta name=\"author\" content=\"Pierre Thomas\" \/>\n<meta name=\"twitter:label1\" content=\"\u00c9crit par\" \/>\n\t<meta name=\"twitter:data1\" content=\"Pierre Thomas\" \/>\n\t<meta name=\"twitter:label2\" content=\"Dur\u00e9e de lecture estim\u00e9e\" \/>\n\t<meta name=\"twitter:data2\" content=\"3 minutes\" \/>\n<script type=\"application\/ld+json\" class=\"yoast-schema-graph\">{\"@context\":\"https:\/\/schema.org\",\"@graph\":[{\"@type\":\"WebPage\",\"@id\":\"https:\/\/thomasvino.ch\/?p=16968\",\"url\":\"https:\/\/thomasvino.ch\/?p=16968\",\"name\":\"S\u00e9lection des vins du Valais 2020: 15\u00e8me \u00e9dition et paysage redessin\u00e9 - thomasvino\",\"isPartOf\":{\"@id\":\"https:\/\/thomasvino.ch\/#website\"},\"datePublished\":\"2020-11-25T18:11:24+00:00\",\"dateModified\":\"2020-11-25T18:11:24+00:00\",\"author\":{\"@id\":\"https:\/\/thomasvino.ch\/#\/schema\/person\/670bf4486fe81152cf1d68bd585e062e\"},\"breadcrumb\":{\"@id\":\"https:\/\/thomasvino.ch\/?p=16968#breadcrumb\"},\"inLanguage\":\"fr-FR\",\"potentialAction\":[{\"@type\":\"ReadAction\",\"target\":[\"https:\/\/thomasvino.ch\/?p=16968\"]}]},{\"@type\":\"BreadcrumbList\",\"@id\":\"https:\/\/thomasvino.ch\/?p=16968#breadcrumb\",\"itemListElement\":[{\"@type\":\"ListItem\",\"position\":1,\"name\":\"Accueil\",\"item\":\"https:\/\/thomasvino.ch\/\"},{\"@type\":\"ListItem\",\"position\":2,\"name\":\"S\u00e9lection des vins du Valais 2020: 15\u00e8me \u00e9dition et paysage redessin\u00e9\"}]},{\"@type\":\"WebSite\",\"@id\":\"https:\/\/thomasvino.ch\/#website\",\"url\":\"https:\/\/thomasvino.ch\/\",\"name\":\"thomasvino\",\"description\":\"Vins &amp; Gastronomie\",\"potentialAction\":[{\"@type\":\"SearchAction\",\"target\":{\"@type\":\"EntryPoint\",\"urlTemplate\":\"https:\/\/thomasvino.ch\/?s={search_term_string}\"},\"query-input\":\"required name=search_term_string\"}],\"inLanguage\":\"fr-FR\"},{\"@type\":\"Person\",\"@id\":\"https:\/\/thomasvino.ch\/#\/schema\/person\/670bf4486fe81152cf1d68bd585e062e\",\"name\":\"Pierre Thomas\",\"image\":{\"@type\":\"ImageObject\",\"inLanguage\":\"fr-FR\",\"@id\":\"https:\/\/thomasvino.ch\/#\/schema\/person\/image\/\",\"url\":\"https:\/\/secure.gravatar.com\/avatar\/91fd5a76647f140e53db987a0dead4d7?s=96&d=mm&r=g\",\"contentUrl\":\"https:\/\/secure.gravatar.com\/avatar\/91fd5a76647f140e53db987a0dead4d7?s=96&d=mm&r=g\",\"caption\":\"Pierre Thomas\"},\"url\":\"https:\/\/thomasvino.ch\/?author=3\"}]}<\/script>\n<!-- \/ Yoast SEO plugin. -->","yoast_head_json":{"title":"S\u00e9lection des vins du Valais 2020: 15\u00e8me \u00e9dition et paysage redessin\u00e9 - thomasvino","robots":{"index":"index","follow":"follow","max-snippet":"max-snippet:-1","max-image-preview":"max-image-preview:large","max-video-preview":"max-video-preview:-1"},"canonical":"https:\/\/thomasvino.ch\/?p=16968","og_locale":"fr_FR","og_type":"article","og_title":"S\u00e9lection des vins du Valais 2020: 15\u00e8me \u00e9dition et paysage redessin\u00e9 - thomasvino","og_description":"N\u2019est-ce qu\u2019une impression\u00a0? Mais le palmar\u00e8s de la 15\u00e8me S\u00e9lection des vins du Valais, d\u00e9voil\u00e9 sur Youtube (Covid oblige), mercredi 25 novembre 2020, redessine le paysage du Vieux-Pays avec quelques encaveurs plus jeunes et moins connus. Ces huit vins, qui, eux seuls, ont droit au titre d\u2019Etoile d\u2019or, sont les vainqueurs de leur cat\u00e9gorie respective, [&hellip;]","og_url":"https:\/\/thomasvino.ch\/?p=16968","og_site_name":"thomasvino","article_published_time":"2020-11-25T18:11:24+00:00","og_image":[{"url":"https:\/\/thomasvino.ch\/wp-content\/uploads\/2020\/11\/vinsVS_selec2020-300x300.jpg"}],"author":"Pierre Thomas","twitter_misc":{"\u00c9crit par":"Pierre Thomas","Dur\u00e9e de lecture estim\u00e9e":"3 minutes"},"schema":{"@context":"https:\/\/schema.org","@graph":[{"@type":"WebPage","@id":"https:\/\/thomasvino.ch\/?p=16968","url":"https:\/\/thomasvino.ch\/?p=16968","name":"S\u00e9lection des vins du Valais 2020: 15\u00e8me \u00e9dition et paysage redessin\u00e9 - thomasvino","isPartOf":{"@id":"https:\/\/thomasvino.ch\/#website"},"datePublished":"2020-11-25T18:11:24+00:00","dateModified":"2020-11-25T18:11:24+00:00","author":{"@id":"https:\/\/thomasvino.ch\/#\/schema\/person\/670bf4486fe81152cf1d68bd585e062e"},"breadcrumb":{"@id":"https:\/\/thomasvino.ch\/?p=16968#breadcrumb"},"inLanguage":"fr-FR","potentialAction":[{"@type":"ReadAction","target":["https:\/\/thomasvino.ch\/?p=16968"]}]},{"@type":"BreadcrumbList","@id":"https:\/\/thomasvino.ch\/?p=16968#breadcrumb","itemListElement":[{"@type":"ListItem","position":1,"name":"Accueil","item":"https:\/\/thomasvino.ch\/"},{"@type":"ListItem","position":2,"name":"S\u00e9lection des vins du Valais 2020: 15\u00e8me \u00e9dition et paysage redessin\u00e9"}]},{"@type":"WebSite","@id":"https:\/\/thomasvino.ch\/#website","url":"https:\/\/thomasvino.ch\/","name":"thomasvino","description":"Vins &amp; Gastronomie","potentialAction":[{"@type":"SearchAction","target":{"@type":"EntryPoint","urlTemplate":"https:\/\/thomasvino.ch\/?s={search_term_string}"},"query-input":"required name=search_term_string"}],"inLanguage":"fr-FR"},{"@type":"Person","@id":"https:\/\/thomasvino.ch\/#\/schema\/person\/670bf4486fe81152cf1d68bd585e062e","name":"Pierre Thomas","image":{"@type":"ImageObject","inLanguage":"fr-FR","@id":"https:\/\/thomasvino.ch\/#\/schema\/person\/image\/","url":"https:\/\/secure.gravatar.com\/avatar\/91fd5a76647f140e53db987a0dead4d7?s=96&d=mm&r=g","contentUrl":"https:\/\/secure.gravatar.com\/avatar\/91fd5a76647f140e53db987a0dead4d7?s=96&d=mm&r=g","caption":"Pierre Thomas"},"url":"https:\/\/thomasvino.ch\/?author=3"}]}},"jetpack_featured_media_url":"","jetpack_sharing_enabled":true,"jetpack_shortlink":"https:\/\/wp.me\/p3m4tZ-4pG","jetpack_likes_enabled":false,"jetpack-related-posts":[{"id":18339,"url":"https:\/\/thomasvino.ch\/?p=18339","url_meta":{"origin":16968,"position":0},"title":"Etoiles du Valais 2023\u00a0: un liquoreux, enfin\u00a0!","date":"21 novembre 2023","format":false,"excerpt":"Une neuvi\u00e8me \u00e9toile a \u00e9t\u00e9 attribu\u00e9e aux meilleurs vins de la S\u00e9lection du Valais 2023 : elle est attribu\u00e9e au mieux not\u00e9 des liquoreux. En plus des huit champions cantonaux, qui l\u2019ont emport\u00e9 parmi les 900 crus \u00e9valu\u00e9s en septembre. Jusqu\u2019ici, les \u00e9toiles du Valais r\u00e9compensaient depuis 18 ans quatre\u2026","rel":"","context":"Dans &quot;Actus - News&quot;","img":{"alt_text":"","src":"","width":0,"height":0},"classes":[]},{"id":13981,"url":"https:\/\/thomasvino.ch\/?p=13981","url_meta":{"origin":16968,"position":1},"title":"Vins valaisans et vaudois \u2014 Les vedettes se profilent","date":"1 d\u00e9cembre 2016","format":false,"excerpt":"Le palmar\u00e8s des Etoiles du Valais 2016, onzi\u00e8me \u00e9dition, est particuli\u00e8rement remarquable, cette ann\u00e9e. Quelques unes des meilleures caves du Vieux-Pays sont honor\u00e9es. Par Pierre Thomas La proclamation officielle du palmar\u00e8s a eu lieu \u00e0 Zurich, le jeudi 1er d\u00e9cembre\u00a0: l\u2019Interprofession de la vigne et du vin du Valais en\u2026","rel":"","context":"Dans &quot;Tendance&quot;","img":{"alt_text":"","src":"","width":0,"height":0},"classes":[]},{"id":12491,"url":"https:\/\/thomasvino.ch\/?p=12491","url_meta":{"origin":16968,"position":2},"title":"Etoiles du Valais 2014  Une hi\u00e9rarchie largement confirm\u00e9e","date":"8 janvier 2015","format":false,"excerpt":"Pour la neuvi\u00e8me fois, un jury \u00abad hoc\u00bb a d\u00e9sign\u00e9 les meilleurs vins valaisans. La remise de ces \u00ab\u00e9toiles du Valais\u00bb a eu lieu \u00e0 Zurich, d\u00e9but d\u00e9cembre. Hormis l\u2019op\u00e9ration de relations publiques en Suisse al\u00e9manique, les \u00ab\u00e9toiles\u00bb tracent la \u00abvoie lact\u00e9e\u00bb des producteurs les plus en vue de l\u2019ann\u00e9e\u2026\u2026","rel":"","context":"Dans &quot;Vins suisses&quot;","img":{"alt_text":"","src":"","width":0,"height":0},"classes":[]},{"id":18640,"url":"https:\/\/thomasvino.ch\/?p=18640","url_meta":{"origin":16968,"position":3},"title":"Belle r\u00e9compense au Grand Prix du Vin Suisse","date":"16 octobre 2025","format":false,"excerpt":"La Cave La Romaine \u00e0 Flanthey a \u00e9t\u00e9 nomm\u00e9e \"domaine de l\u2019ann\u00e9e 2025\" \u00e0 l\u2019issue du Grand Prix du Vin Suisse, le 15 octobre \u00e0 Berne. En dix ans, sept titres reviennent au Valais, le plus grand canton viticole suisse. Lanc\u00e9 par le magazine Vinum, organis\u00e9 par Vinea \u00e0 Sierre,\u2026","rel":"","context":"Dans &quot;Actus - News&quot;","img":{"alt_text":"","src":"https:\/\/i0.wp.com\/thomasvino.ch\/wp-content\/uploads\/2025\/10\/GPVS_Bertholod-300x225.jpeg?resize=350%2C200&ssl=1","width":350,"height":200},"classes":[]},{"id":16907,"url":"https:\/\/thomasvino.ch\/?p=16907","url_meta":{"origin":16968,"position":4},"title":"Schenk d\u00e9croche le titre de Cave de l\u2019ann\u00e9e 2020","date":"29 octobre 2020","format":false,"excerpt":"On l\u2019avait \u00e9crit, le 14\u00e8me Grand Prix du Vin Suisse s\u2019\u00e9tait mu\u00e9, cette ann\u00e9e, en super S\u00e9lection des vins du Valais. Le titre supr\u00eame n\u2019a donc pas \u00e9chapp\u00e9 \u00e0 une cave\u2026 valaisanne, la Cave-Saint-Pierre, \u00e0 Chamoson, une des \u00absuccursales\u00bb du groupe vaudois (et international), Schenk SA. La c\u00e9r\u00e9monie de la\u2026","rel":"","context":"Dans &quot;Vins suisses&quot;","img":{"alt_text":"","src":"https:\/\/i0.wp.com\/thomasvino.ch\/wp-content\/uploads\/2020\/10\/GPVS_stpierre-216x300.jpg?resize=350%2C200&ssl=1","width":350,"height":200},"classes":[]},{"id":18311,"url":"https:\/\/thomasvino.ch\/?p=18311","url_meta":{"origin":16968,"position":5},"title":"GPVS 23\u00a0: les favoris, souvent valaisans, couronn\u00e9s\u00a0!","date":"13 octobre 2023","format":false,"excerpt":"Je n\u2019\u00e9tais pas au Grand Prix du Vin Suisse 2023, \u00e0 Berne, le 6 octobre, et je n\u2019ai re\u00e7u le communiqu\u00e9 de presse que par la gentillesse d\u2019un confr\u00e8re, qui ne fait pas partie des organisateurs : merci Vinea et Vinum, hein ! Mais j\u2019avais donn\u00e9 en primeur, sur www.thomasvino,\u2026","rel":"","context":"Dans &quot;Non class\u00e9&quot;","img":{"alt_text":"","src":"","width":0,"height":0},"classes":[]}],"_links":{"self":[{"href":"https:\/\/thomasvino.ch\/index.php?rest_route=\/wp\/v2\/posts\/16968"}],"collection":[{"href":"https:\/\/thomasvino.ch\/index.php?rest_route=\/wp\/v2\/posts"}],"about":[{"href":"https:\/\/thomasvino.ch\/index.php?rest_route=\/wp\/v2\/types\/post"}],"author":[{"embeddable":true,"href":"https:\/\/thomasvino.ch\/index.php?rest_route=\/wp\/v2\/users\/3"}],"replies":[{"embeddable":true,"href":"https:\/\/thomasvino.ch\/index.php?rest_route=%2Fwp%2Fv2%2Fcomments&post=16968"}],"version-history":[{"count":2,"href":"https:\/\/thomasvino.ch\/index.php?rest_route=\/wp\/v2\/posts\/16968\/revisions"}],"predecessor-version":[{"id":16971,"href":"https:\/\/thomasvino.ch\/index.php?rest_route=\/wp\/v2\/posts\/16968\/revisions\/16971"}],"wp:attachment":[{"href":"https:\/\/thomasvino.ch\/index.php?rest_route=%2Fwp%2Fv2%2Fmedia&parent=16968"}],"wp:term":[{"taxonomy":"category","embeddable":true,"href":"https:\/\/thomasvino.ch\/index.php?rest_route=%2Fwp%2Fv2%2Fcategories&post=16968"},{"taxonomy":"post_tag","embeddable":true,"href":"https:\/\/thomasvino.ch\/index.php?rest_route=%2Fwp%2Fv2%2Ftags&post=16968"}],"curies":[{"name":"wp","href":"https:\/\/api.w.org\/{rel}","templated":true}]}}