{"id":16972,"date":"2020-11-27T16:49:04","date_gmt":"2020-11-27T15:49:04","guid":{"rendered":"https:\/\/thomasvino.ch\/?p=16972"},"modified":"2020-11-27T16:49:04","modified_gmt":"2020-11-27T15:49:04","slug":"vignerons-vins-et-cuisine-un-deuxieme-service-a-prendre-au-serieux","status":"publish","type":"post","link":"https:\/\/thomasvino.ch\/?p=16972","title":{"rendered":"\u00abVignerons, vins et cuisine\u00bb  \u2014 Un deuxi\u00e8me service\u00a0\u00e0 prendre au s\u00e9rieux"},"content":{"rendered":"<p><strong>A pareille \u00e9poque, l\u2019an pass\u00e9, on avait dit tout le bien qu\u2019on pensait de l\u2019originale formule de <em>\u00abvignerons, vins et cuisine\u00bb<\/em>. Son auteur, Gabriel Tinguely, du site Internet weinlandschweiz.ch, remet le couvert, avec 44 portrait et recettes des six r\u00e9gions viticoles suisses, \u00e0 nouveau.<\/strong><\/p>\n<p><a href=\"https:\/\/thomasvino.ch\/?attachment_id=16973\" rel=\"attachment wp-att-16973\"><img data-attachment-id=\"16973\" data-permalink=\"https:\/\/thomasvino.ch\/?attachment_id=16973\" data-orig-file=\"https:\/\/i0.wp.com\/thomasvino.ch\/wp-content\/uploads\/2020\/11\/vins-vignerons-cuisine.jpg?fit=1342%2C1328&amp;ssl=1\" data-orig-size=\"1342,1328\" data-comments-opened=\"0\" data-image-meta=\"{&quot;aperture&quot;:&quot;1.8&quot;,&quot;credit&quot;:&quot;&quot;,&quot;camera&quot;:&quot;iPhone SE (2nd generation)&quot;,&quot;caption&quot;:&quot;&quot;,&quot;created_timestamp&quot;:&quot;1606494952&quot;,&quot;copyright&quot;:&quot;&quot;,&quot;focal_length&quot;:&quot;3.99&quot;,&quot;iso&quot;:&quot;400&quot;,&quot;shutter_speed&quot;:&quot;0.026315789473684&quot;,&quot;title&quot;:&quot;&quot;,&quot;orientation&quot;:&quot;0&quot;}\" data-image-title=\"vins, vignerons, cuisine\" data-image-description=\"\" data-image-caption=\"\" data-medium-file=\"https:\/\/i0.wp.com\/thomasvino.ch\/wp-content\/uploads\/2020\/11\/vins-vignerons-cuisine.jpg?fit=300%2C297&amp;ssl=1\" data-large-file=\"https:\/\/i0.wp.com\/thomasvino.ch\/wp-content\/uploads\/2020\/11\/vins-vignerons-cuisine.jpg?fit=1024%2C1013&amp;ssl=1\" loading=\"lazy\" class=\"alignleft size-medium wp-image-16973\" src=\"https:\/\/i0.wp.com\/thomasvino.ch\/wp-content\/uploads\/2020\/11\/vins-vignerons-cuisine.jpg?resize=300%2C297&#038;ssl=1\" alt=\"\" width=\"300\" height=\"297\" srcset=\"https:\/\/i0.wp.com\/thomasvino.ch\/wp-content\/uploads\/2020\/11\/vins-vignerons-cuisine.jpg?resize=300%2C297&amp;ssl=1 300w, https:\/\/i0.wp.com\/thomasvino.ch\/wp-content\/uploads\/2020\/11\/vins-vignerons-cuisine.jpg?resize=1024%2C1013&amp;ssl=1 1024w, https:\/\/i0.wp.com\/thomasvino.ch\/wp-content\/uploads\/2020\/11\/vins-vignerons-cuisine.jpg?resize=150%2C150&amp;ssl=1 150w, https:\/\/i0.wp.com\/thomasvino.ch\/wp-content\/uploads\/2020\/11\/vins-vignerons-cuisine.jpg?resize=768%2C760&amp;ssl=1 768w, https:\/\/i0.wp.com\/thomasvino.ch\/wp-content\/uploads\/2020\/11\/vins-vignerons-cuisine.jpg?resize=37%2C37&amp;ssl=1 37w, https:\/\/i0.wp.com\/thomasvino.ch\/wp-content\/uploads\/2020\/11\/vins-vignerons-cuisine.jpg?resize=128%2C128&amp;ssl=1 128w, https:\/\/i0.wp.com\/thomasvino.ch\/wp-content\/uploads\/2020\/11\/vins-vignerons-cuisine.jpg?w=1342&amp;ssl=1 1342w\" sizes=\"(max-width: 300px) 100vw, 300px\" data-recalc-dims=\"1\" \/><\/a>L\u2019album est rythm\u00e9 selon une formule fixe\u00a0: une photo sur une double page, un texte de pr\u00e9sentation du producteur (ou du duo), une recette de cuisine (assez simple et faisable), une illustration des \u00e9tiquettes et la pr\u00e9sentation de six crus, et un th\u00e8me g\u00e9n\u00e9ral (\u00e9levage sous bois, vin nature(l), \u00able vin est affaire de go\u00fbt\u00bb, les \u00abd\u00e9fauts du vin\u00bb, la pression sur les prix en grandes surfaces, etc.).<\/p>\n<p>Cette ann\u00e9e, l\u2019album est adoub\u00e9 par le conseiller national PDC tessinois, <strong>Marco Romano<\/strong>, pr\u00e9sident de l\u2019Interprofession de la vigne et des vins suisses (IVVS). Quant \u00e0 <strong>Gabriel Tinguely<\/strong>, qui est aussi le directeur de la r\u00e9daction de <em>H\u00f4tellerie &amp; Gastronomie Hebdo<\/em> (auquel je collabore, pour le cahier en fran\u00e7ais), il n\u2019exclut pas un 3<sup>\u00e8me<\/sup> tome. Les vins ont \u00e9t\u00e9 d\u00e9gust\u00e9s, les plats test\u00e9s, \u00e0 Berne\u2026 et une grande f\u00eate aurait d\u00fb saluer la sortie du solide album\u00a0: elle est report\u00e9e en principe au 19 mai 2021.<\/p>\n<p><strong>Des coups de c\u0153ur bien choisis<\/strong><\/p>\n<p>Les choix de l\u2019auteur sont des coups de c\u0153ur. Une fois encore, souvent des d\u00e9couvertes aux quatre coins du pays, comme la plupart des artisans vignerons tessinois. Rel\u00e8ve al\u00e9manique (<strong>Adank<\/strong>, <strong>Schwarzenbach<\/strong>), ensuite, et portrait de <strong>Beat Felder<\/strong>, commissaire viticole pour la r\u00e9gion Lucerne et Suisse centrale, mais dont l\u2019assemblage blanc (\u00e0 base de muscat et de solaris) a remport\u00e9 deux fois de suite le Grand Prix du Vin Suisse de sa cat\u00e9gorie (2019 et 20).<\/p>\n<p>Parmi les Romands, les <strong>Bovard-Chervet<\/strong>, du Ch\u00e2teau de Praz, dans le Vully, qui va f\u00eater, en 2021, son demi-mill\u00e9naire, ou le Neuch\u00e2telois d\u2019adoption <strong>Laurent Lozano<\/strong>, le Genevois <strong>C\u00e9dric Delacquis<\/strong>, \u0153nologue sans vigne ni cave, <strong>Dorian Pajic<\/strong>, le jeune \u0153nologue genevois surdou\u00e9, au Domaine des Trois-Etoiles ou <strong>Philippe Plan<\/strong>, de Peissy aussi, les Vaudoises <strong>Val\u00e9rie Marendaz<\/strong>, \u00e0 Mathod et <strong>No\u00e9mie Graff<\/strong>, \u00e0 Begnins, qui parle si bien du lien du sacr\u00e9 et du vin, ou le duo <strong>Rodrigo Banto<\/strong>, \u0153nologue, et <strong>Marc Vicari<\/strong>, ex-directeur du Domaine de la Ville de Morges (repris par Bolle &amp; Cie), pass\u00e9 au marketing de la Cave de la C\u00f4te, les jeunes valaisannes <strong>Sarah Besse<\/strong>, qui convertit en bio le domaine familial de Martigny, et <strong>Sandrine Caloz<\/strong>, d\u00e9j\u00e0 titr\u00e9e <em>\u00abmeilleure cave bio de Suisse\u00bb<\/em> en 2019, et les vignerons pers\u00e9v\u00e9rants et confirm\u00e9s, <strong>Philippe Constantin<\/strong>, de Salquenen, et <strong>Gilbert Devayes<\/strong>, de Leytron, qui vient de voir sa petite arvine 2019 couronn\u00e9e meilleur vin blanc suisse au Grand Prix du Vin Suisse. Celles et ceux qu\u2019on conna\u00eet sont toutes des personnalit\u00e9s attachantes, et pour les autres, on se r\u00e9jouit, un jour ou l\u2019autre de les d\u00e9couvrir\u2026<\/p>\n<p><strong>Gare au sirop rouge vaudois\u00a0!<\/strong><\/p>\n<p>L\u2019articulation du livre (de pr\u00e8s de 300 pages), hormis recettes et illustrations, permet \u00e0 l\u2019auteur de d\u00e9velopper une argumentation bien cibl\u00e9e. Ainsi, quand il met en garde contre le fait que <em>\u00ables vignerons suisses finissent par c\u00e9der \u00e0 la pression du march\u00e9 et commencent eux aussi (allusion aux vins \u00e9trangers distribu\u00e9s en Suisse) des vins concentr\u00e9s, forts en alcool et au fruit\u00e9 sucr\u00e9\u00bb.<\/em> Il s\u2019agit d\u2019\u00e9couter <strong>Gabriel Tinguely<\/strong>, amateur d\u2019authenticit\u00e9, comme on l\u2019est forc\u00e9ment quand on aime les vins, mais surtout observateur de la sc\u00e8ne vitivinicole des deux c\u00f4t\u00e9s de la Sarine \u2014 au moment o\u00f9 les Vaudois, d\u00e8s septembre 2021, r\u00eavent d\u2019attirer des consommateurs al\u00e9maniques avec deux vins rouges, contenant jusqu\u2019\u00e0 10 g\/l de sucre r\u00e9siduel, sous le nom de marque ombrelle <em>\u00abEscargot rouge\u00bb<\/em>.\u00a0On n\u2019attire pas les mouches avec du vinaigre, mais pas s\u00fbr qu\u2019on s\u00e9duise \u2014 durablement \u2014 des consommateurs avec du sirop \u00e0 la symbolique baveuse, plut\u00f4t que \u00abbuveuse\u00bb.<\/p>\n<p><em><strong>Pierre Thomas<\/strong><\/em><\/p>\n<p><em>\u00abVignerons, vins et cuisine\u00bb, tome I et tome II, 75 fr. chacun, sur weinlandschweiz.ch<\/em><\/p>\n<p><em>\u00a9thomasvino.ch \u00a0 \u00a0<\/em><\/p>\n","protected":false},"excerpt":{"rendered":"<p>A pareille \u00e9poque, l\u2019an pass\u00e9, on avait dit tout le bien qu\u2019on pensait de l\u2019originale formule de \u00abvignerons, vins et cuisine\u00bb. Son auteur, Gabriel Tinguely, du site Internet weinlandschweiz.ch, remet le couvert, avec 44 portrait et recettes des six r\u00e9gions viticoles suisses, \u00e0 nouveau. L\u2019album est rythm\u00e9 selon une formule fixe\u00a0: une photo sur une [&hellip;]<\/p>\n","protected":false},"author":3,"featured_media":0,"comment_status":"closed","ping_status":"open","sticky":false,"template":"","format":"standard","meta":{"_monsterinsights_skip_tracking":false,"_monsterinsights_sitenote_active":false,"_monsterinsights_sitenote_note":"","_monsterinsights_sitenote_category":0,"jetpack_post_was_ever_published":false,"jetpack_publicize_message":"","jetpack_is_tweetstorm":false,"jetpack_publicize_feature_enabled":true,"jetpack_social_post_already_shared":true,"jetpack_social_options":{"image_generator_settings":{"template":"highway","enabled":false}}},"categories":[29],"tags":[],"jetpack_publicize_connections":[],"yoast_head":"<!-- This site is optimized with the Yoast SEO plugin v20.6 - https:\/\/yoast.com\/wordpress\/plugins\/seo\/ -->\n<title>\u00abVignerons, vins et cuisine\u00bb \u2014 Un deuxi\u00e8me service\u00a0\u00e0 prendre au s\u00e9rieux - thomasvino<\/title>\n<meta name=\"robots\" content=\"index, follow, max-snippet:-1, max-image-preview:large, max-video-preview:-1\" \/>\n<link rel=\"canonical\" href=\"https:\/\/thomasvino.ch\/?p=16972\" \/>\n<meta property=\"og:locale\" content=\"fr_FR\" \/>\n<meta property=\"og:type\" content=\"article\" \/>\n<meta property=\"og:title\" content=\"\u00abVignerons, vins et cuisine\u00bb \u2014 Un deuxi\u00e8me service\u00a0\u00e0 prendre au s\u00e9rieux - thomasvino\" \/>\n<meta property=\"og:description\" content=\"A pareille \u00e9poque, l\u2019an pass\u00e9, on avait dit tout le bien qu\u2019on pensait de l\u2019originale formule de \u00abvignerons, vins et cuisine\u00bb. Son auteur, Gabriel Tinguely, du site Internet weinlandschweiz.ch, remet le couvert, avec 44 portrait et recettes des six r\u00e9gions viticoles suisses, \u00e0 nouveau. L\u2019album est rythm\u00e9 selon une formule fixe\u00a0: une photo sur une [&hellip;]\" \/>\n<meta property=\"og:url\" content=\"https:\/\/thomasvino.ch\/?p=16972\" \/>\n<meta property=\"og:site_name\" content=\"thomasvino\" \/>\n<meta property=\"article:published_time\" content=\"2020-11-27T15:49:04+00:00\" \/>\n<meta property=\"og:image\" content=\"https:\/\/thomasvino.ch\/wp-content\/uploads\/2020\/11\/vins-vignerons-cuisine-300x297.jpg\" \/>\n<meta name=\"author\" content=\"Pierre Thomas\" \/>\n<meta name=\"twitter:label1\" content=\"\u00c9crit par\" \/>\n\t<meta name=\"twitter:data1\" content=\"Pierre Thomas\" \/>\n\t<meta name=\"twitter:label2\" content=\"Dur\u00e9e de lecture estim\u00e9e\" \/>\n\t<meta name=\"twitter:data2\" content=\"4 minutes\" \/>\n<script type=\"application\/ld+json\" class=\"yoast-schema-graph\">{\"@context\":\"https:\/\/schema.org\",\"@graph\":[{\"@type\":\"WebPage\",\"@id\":\"https:\/\/thomasvino.ch\/?p=16972\",\"url\":\"https:\/\/thomasvino.ch\/?p=16972\",\"name\":\"\u00abVignerons, vins et cuisine\u00bb \u2014 Un deuxi\u00e8me service\u00a0\u00e0 prendre au s\u00e9rieux - thomasvino\",\"isPartOf\":{\"@id\":\"https:\/\/thomasvino.ch\/#website\"},\"datePublished\":\"2020-11-27T15:49:04+00:00\",\"dateModified\":\"2020-11-27T15:49:04+00:00\",\"author\":{\"@id\":\"https:\/\/thomasvino.ch\/#\/schema\/person\/670bf4486fe81152cf1d68bd585e062e\"},\"breadcrumb\":{\"@id\":\"https:\/\/thomasvino.ch\/?p=16972#breadcrumb\"},\"inLanguage\":\"fr-FR\",\"potentialAction\":[{\"@type\":\"ReadAction\",\"target\":[\"https:\/\/thomasvino.ch\/?p=16972\"]}]},{\"@type\":\"BreadcrumbList\",\"@id\":\"https:\/\/thomasvino.ch\/?p=16972#breadcrumb\",\"itemListElement\":[{\"@type\":\"ListItem\",\"position\":1,\"name\":\"Accueil\",\"item\":\"https:\/\/thomasvino.ch\/\"},{\"@type\":\"ListItem\",\"position\":2,\"name\":\"\u00abVignerons, vins et cuisine\u00bb \u2014 Un deuxi\u00e8me service\u00a0\u00e0 prendre au s\u00e9rieux\"}]},{\"@type\":\"WebSite\",\"@id\":\"https:\/\/thomasvino.ch\/#website\",\"url\":\"https:\/\/thomasvino.ch\/\",\"name\":\"thomasvino\",\"description\":\"Vins &amp; Gastronomie\",\"potentialAction\":[{\"@type\":\"SearchAction\",\"target\":{\"@type\":\"EntryPoint\",\"urlTemplate\":\"https:\/\/thomasvino.ch\/?s={search_term_string}\"},\"query-input\":\"required name=search_term_string\"}],\"inLanguage\":\"fr-FR\"},{\"@type\":\"Person\",\"@id\":\"https:\/\/thomasvino.ch\/#\/schema\/person\/670bf4486fe81152cf1d68bd585e062e\",\"name\":\"Pierre Thomas\",\"image\":{\"@type\":\"ImageObject\",\"inLanguage\":\"fr-FR\",\"@id\":\"https:\/\/thomasvino.ch\/#\/schema\/person\/image\/\",\"url\":\"https:\/\/secure.gravatar.com\/avatar\/91fd5a76647f140e53db987a0dead4d7?s=96&d=mm&r=g\",\"contentUrl\":\"https:\/\/secure.gravatar.com\/avatar\/91fd5a76647f140e53db987a0dead4d7?s=96&d=mm&r=g\",\"caption\":\"Pierre Thomas\"},\"url\":\"https:\/\/thomasvino.ch\/?author=3\"}]}<\/script>\n<!-- \/ Yoast SEO plugin. -->","yoast_head_json":{"title":"\u00abVignerons, vins et cuisine\u00bb \u2014 Un deuxi\u00e8me service\u00a0\u00e0 prendre au s\u00e9rieux - thomasvino","robots":{"index":"index","follow":"follow","max-snippet":"max-snippet:-1","max-image-preview":"max-image-preview:large","max-video-preview":"max-video-preview:-1"},"canonical":"https:\/\/thomasvino.ch\/?p=16972","og_locale":"fr_FR","og_type":"article","og_title":"\u00abVignerons, vins et cuisine\u00bb \u2014 Un deuxi\u00e8me service\u00a0\u00e0 prendre au s\u00e9rieux - thomasvino","og_description":"A pareille \u00e9poque, l\u2019an pass\u00e9, on avait dit tout le bien qu\u2019on pensait de l\u2019originale formule de \u00abvignerons, vins et cuisine\u00bb. Son auteur, Gabriel Tinguely, du site Internet weinlandschweiz.ch, remet le couvert, avec 44 portrait et recettes des six r\u00e9gions viticoles suisses, \u00e0 nouveau. L\u2019album est rythm\u00e9 selon une formule fixe\u00a0: une photo sur une [&hellip;]","og_url":"https:\/\/thomasvino.ch\/?p=16972","og_site_name":"thomasvino","article_published_time":"2020-11-27T15:49:04+00:00","og_image":[{"url":"https:\/\/thomasvino.ch\/wp-content\/uploads\/2020\/11\/vins-vignerons-cuisine-300x297.jpg"}],"author":"Pierre Thomas","twitter_misc":{"\u00c9crit par":"Pierre Thomas","Dur\u00e9e de lecture estim\u00e9e":"4 minutes"},"schema":{"@context":"https:\/\/schema.org","@graph":[{"@type":"WebPage","@id":"https:\/\/thomasvino.ch\/?p=16972","url":"https:\/\/thomasvino.ch\/?p=16972","name":"\u00abVignerons, vins et cuisine\u00bb \u2014 Un deuxi\u00e8me service\u00a0\u00e0 prendre au s\u00e9rieux - thomasvino","isPartOf":{"@id":"https:\/\/thomasvino.ch\/#website"},"datePublished":"2020-11-27T15:49:04+00:00","dateModified":"2020-11-27T15:49:04+00:00","author":{"@id":"https:\/\/thomasvino.ch\/#\/schema\/person\/670bf4486fe81152cf1d68bd585e062e"},"breadcrumb":{"@id":"https:\/\/thomasvino.ch\/?p=16972#breadcrumb"},"inLanguage":"fr-FR","potentialAction":[{"@type":"ReadAction","target":["https:\/\/thomasvino.ch\/?p=16972"]}]},{"@type":"BreadcrumbList","@id":"https:\/\/thomasvino.ch\/?p=16972#breadcrumb","itemListElement":[{"@type":"ListItem","position":1,"name":"Accueil","item":"https:\/\/thomasvino.ch\/"},{"@type":"ListItem","position":2,"name":"\u00abVignerons, vins et cuisine\u00bb \u2014 Un deuxi\u00e8me service\u00a0\u00e0 prendre au s\u00e9rieux"}]},{"@type":"WebSite","@id":"https:\/\/thomasvino.ch\/#website","url":"https:\/\/thomasvino.ch\/","name":"thomasvino","description":"Vins &amp; Gastronomie","potentialAction":[{"@type":"SearchAction","target":{"@type":"EntryPoint","urlTemplate":"https:\/\/thomasvino.ch\/?s={search_term_string}"},"query-input":"required name=search_term_string"}],"inLanguage":"fr-FR"},{"@type":"Person","@id":"https:\/\/thomasvino.ch\/#\/schema\/person\/670bf4486fe81152cf1d68bd585e062e","name":"Pierre Thomas","image":{"@type":"ImageObject","inLanguage":"fr-FR","@id":"https:\/\/thomasvino.ch\/#\/schema\/person\/image\/","url":"https:\/\/secure.gravatar.com\/avatar\/91fd5a76647f140e53db987a0dead4d7?s=96&d=mm&r=g","contentUrl":"https:\/\/secure.gravatar.com\/avatar\/91fd5a76647f140e53db987a0dead4d7?s=96&d=mm&r=g","caption":"Pierre Thomas"},"url":"https:\/\/thomasvino.ch\/?author=3"}]}},"jetpack_featured_media_url":"","jetpack_sharing_enabled":true,"jetpack_shortlink":"https:\/\/wp.me\/p3m4tZ-4pK","jetpack_likes_enabled":false,"jetpack-related-posts":[{"id":17052,"url":"https:\/\/thomasvino.ch\/?p=17052","url_meta":{"origin":16972,"position":0},"title":"Bouquins sous le sapin (2020): sept \u00abp\u00e9ch\u00e9s\u00bb capitaux","date":"23 d\u00e9cembre 2020","format":false,"excerpt":"Jamais trop tard pour bien faire\u2026 Voici sept suggestions de livres \u00e0 offrir, mais surtout \u00e0 lire et m\u00e9diter durant ce troisi\u00e8me auto-confinement \u2014 on aura le temps, si on ne d\u00e9vale pas les seules pistes de ski d\u2019Europe encore praticables (sous r\u00e9serve de la m\u00e9t\u00e9o). Par Pierre Thomas Le\u2026","rel":"","context":"Dans &quot;Tendance&quot;","img":{"alt_text":"","src":"","width":0,"height":0},"classes":[]},{"id":8837,"url":"https:\/\/thomasvino.ch\/?p=8837","url_meta":{"origin":16972,"position":1},"title":"Jura \u2014 Le Vin Jaune fait sa f\u00eate 2009","date":"15 janvier 2009","format":false,"excerpt":"Le Vin jaune fait la f\u00eateLe dernier week-end de janvier, les vins du Jura sont en f\u00eate. Entre 30 et 50'000 personnes, en fonction du lieu et du temps, se d\u00e9placent dans une r\u00e9gion salu\u00e9e \u00abdestination europ\u00e9enne d\u2019excellence\u00bb en 2008.Par Pierre ThomasA l\u2019\u00e9chelle de la France, le vignoble jurassien n\u2019est\u2026","rel":"","context":"Dans &quot;Vins fran\u00e7ais&quot;","img":{"alt_text":"","src":"","width":0,"height":0},"classes":[]},{"id":9006,"url":"https:\/\/thomasvino.ch\/?p=9006","url_meta":{"origin":16972,"position":2},"title":"Christophe Menozzi, meilleur sommelier suisse 2001","date":"11 janvier 2005","format":false,"excerpt":"\u00abUn sommelier doit cultiver la sinc\u00e9rit\u00e9 et l'humilit\u00e9\u00bb Dans sa derni\u00e8res \u00e9dition, le Guide GaultMillau suisse 2001 a d\u00e9sign\u00e9 Christophe Menozzi, 37 ans, sommelier de l'ann\u00e9e. Il travaille depuis douze ans main dans la main avec le grand chef jurassien Georges Wenger, du Noirmont. Interview par Pierre Thomas Christophe Menozzi,\u2026","rel":"","context":"Dans &quot;Tendance&quot;","img":{"alt_text":"","src":"","width":0,"height":0},"classes":[]},{"id":8924,"url":"https:\/\/thomasvino.ch\/?p=8924","url_meta":{"origin":16972,"position":3},"title":"La mode des d\u00e9jeuners-d\u00e9gustation","date":"30 juillet 2009","format":false,"excerpt":"Gr\u00e2ce aux sommeliers D\u00e9gustation-d\u00e9jeuner, un duo gagnant La formule d\u00e9gustation de vins, avec la pr\u00e9sence du ou des producteurs, et d\u00e9jeuner met en lumi\u00e8re le r\u00e9seautage des sommeliers. Exemple \u00e0 Chamonix. Par Pierre Thomas Le sommelier Christian Martray est une figure bien connue en Suisse romande. Ce fils de r\u00e9gisseur\u2026","rel":"","context":"Dans &quot;Tendance&quot;","img":{"alt_text":"","src":"","width":0,"height":0},"classes":[]},{"id":9571,"url":"https:\/\/thomasvino.ch\/?p=9571","url_meta":{"origin":16972,"position":4},"title":"Le vin bio est-il bon?","date":"16 janvier 2005","format":false,"excerpt":"Le vin bio sort du ghetto Ne d\u00e9guster que des vins bio, c\u2019est reconna\u00eetre qu\u2019ils sont diff\u00e9rents. Mais par la qualit\u00e9 du raisin ou par le go\u00fbt du vin ? Notre jury a \u00e9t\u00e9 d\u00e9sar\u00e7onn\u00e9 par les vins choisis. Pourtant, les vins bio occupent un cr\u00e9neau toujours plus large. Par\u2026","rel":"","context":"Dans &quot;Conso&quot;","img":{"alt_text":"","src":"","width":0,"height":0},"classes":[]},{"id":8842,"url":"https:\/\/thomasvino.ch\/?p=8842","url_meta":{"origin":16972,"position":5},"title":"Jura \u2014 M\u00eame le Vin Jaune \u00e9volue!","date":"23 janvier 2009","format":false,"excerpt":"M\u00eame le Vin Jaune \u00e9volueSymbole franc-comtois, le Vin Jaune tient sa f\u00eate le premier week-end de f\u00e9vrier dans les villages de Frontenay et Passenans. Les vignerons jurassiens font \u00e9voluer cette curiosit\u00e9 \u0153nologique.Par Pierre ThomasEvolu\u00e9, et m\u00eame oxyd\u00e9, le Vin Jaune, nimb\u00e9 de son folklore (lire lci-dessous), l\u2019est par nature. Il\u2026","rel":"","context":"Dans &quot;Vins fran\u00e7ais&quot;","img":{"alt_text":"","src":"","width":0,"height":0},"classes":[]}],"_links":{"self":[{"href":"https:\/\/thomasvino.ch\/index.php?rest_route=\/wp\/v2\/posts\/16972"}],"collection":[{"href":"https:\/\/thomasvino.ch\/index.php?rest_route=\/wp\/v2\/posts"}],"about":[{"href":"https:\/\/thomasvino.ch\/index.php?rest_route=\/wp\/v2\/types\/post"}],"author":[{"embeddable":true,"href":"https:\/\/thomasvino.ch\/index.php?rest_route=\/wp\/v2\/users\/3"}],"replies":[{"embeddable":true,"href":"https:\/\/thomasvino.ch\/index.php?rest_route=%2Fwp%2Fv2%2Fcomments&post=16972"}],"version-history":[{"count":1,"href":"https:\/\/thomasvino.ch\/index.php?rest_route=\/wp\/v2\/posts\/16972\/revisions"}],"predecessor-version":[{"id":16974,"href":"https:\/\/thomasvino.ch\/index.php?rest_route=\/wp\/v2\/posts\/16972\/revisions\/16974"}],"wp:attachment":[{"href":"https:\/\/thomasvino.ch\/index.php?rest_route=%2Fwp%2Fv2%2Fmedia&parent=16972"}],"wp:term":[{"taxonomy":"category","embeddable":true,"href":"https:\/\/thomasvino.ch\/index.php?rest_route=%2Fwp%2Fv2%2Fcategories&post=16972"},{"taxonomy":"post_tag","embeddable":true,"href":"https:\/\/thomasvino.ch\/index.php?rest_route=%2Fwp%2Fv2%2Ftags&post=16972"}],"curies":[{"name":"wp","href":"https:\/\/api.w.org\/{rel}","templated":true}]}}