{"id":17034,"date":"2020-12-17T11:34:58","date_gmt":"2020-12-17T10:34:58","guid":{"rendered":"https:\/\/thomasvino.ch\/?p=17034"},"modified":"2020-12-17T11:34:58","modified_gmt":"2020-12-17T10:34:58","slug":"pour-loiv-le-vin-orange-nexiste-pas","status":"publish","type":"post","link":"https:\/\/thomasvino.ch\/?p=17034","title":{"rendered":"Pour l&rsquo;OIV, le \u00abvin orange\u00bb n&rsquo;existe pas!"},"content":{"rendered":"<p><strong>On l\u2019appelle parfois la 4\u00e8me couleur du vin\u00a0: orange. Apr\u00e8s blanc, rouge, ros\u00e9\u2026 Eh bien, l\u2019Organisation internationale de la vigne et du vin (OIV) vient de le prendre en compte et de le codifier, \u00e0 fin novembre 2020. Non pas comme <em>\u00abvin orange\u00bb<\/em> mais comme <em>\u00abvin blanc avec mac\u00e9ration\u00bb<\/em>.<\/strong><\/p>\n<p>C\u2019est quoi, un tel vin, que le producteur et le consommateur continueront \u00e0 nommer orange\u00a0? Il est ind\u00e9niablement reconnaissable \u00e0 sa couleur\u00a0: <em>\u00able \u00abvin blanc avec mac\u00e9ration\u00bb peut \u00eatre caract\u00e9ris\u00e9 par une couleur orang\u00e9e-ambr\u00e9e et un go\u00fbt tannique\u00bb,<\/em> selon l\u2019OIV. Pour \u00abl\u2019ONU du vin\u00bb, un tel vin a des <em>\u00abcaract\u00e9ristiques organoleptiques sp\u00e9cifiques ais\u00e9ment identifiables par le consommateur\u00bb.<\/em><\/p>\n<div class=\"mceTemp\"><\/div>\n<div id=\"attachment_17038\" style=\"width: 310px\" class=\"wp-caption aligncenter\"><a href=\"https:\/\/thomasvino.ch\/?attachment_id=17038\" rel=\"attachment wp-att-17038\"><img aria-describedby=\"caption-attachment-17038\" data-attachment-id=\"17038\" data-permalink=\"https:\/\/thomasvino.ch\/?attachment_id=17038\" data-orig-file=\"https:\/\/i0.wp.com\/thomasvino.ch\/wp-content\/uploads\/2020\/12\/IMG_6375-scaled.jpeg?fit=2560%2C1920&amp;ssl=1\" data-orig-size=\"2560,1920\" data-comments-opened=\"0\" data-image-meta=\"{&quot;aperture&quot;:&quot;2.2&quot;,&quot;credit&quot;:&quot;&quot;,&quot;camera&quot;:&quot;iPhone 6&quot;,&quot;caption&quot;:&quot;&quot;,&quot;created_timestamp&quot;:&quot;1445431004&quot;,&quot;copyright&quot;:&quot;&quot;,&quot;focal_length&quot;:&quot;4.15&quot;,&quot;iso&quot;:&quot;320&quot;,&quot;shutter_speed&quot;:&quot;0.058823529411765&quot;,&quot;title&quot;:&quot;&quot;,&quot;orientation&quot;:&quot;1&quot;}\" data-image-title=\"IMG_6375\" data-image-description=\"\" data-image-caption=\"&lt;p&gt;Le processus de mac\u00e9ration du raisin blanc en G\u00e9orgie (\u00a9thomasvino.ch)&lt;\/p&gt;\n\" data-medium-file=\"https:\/\/i0.wp.com\/thomasvino.ch\/wp-content\/uploads\/2020\/12\/IMG_6375-scaled.jpeg?fit=300%2C225&amp;ssl=1\" data-large-file=\"https:\/\/i0.wp.com\/thomasvino.ch\/wp-content\/uploads\/2020\/12\/IMG_6375-scaled.jpeg?fit=1024%2C768&amp;ssl=1\" loading=\"lazy\" class=\"size-medium wp-image-17038\" src=\"https:\/\/i0.wp.com\/thomasvino.ch\/wp-content\/uploads\/2020\/12\/IMG_6375.jpeg?resize=300%2C225&#038;ssl=1\" alt=\"\" width=\"300\" height=\"225\" srcset=\"https:\/\/i0.wp.com\/thomasvino.ch\/wp-content\/uploads\/2020\/12\/IMG_6375-scaled.jpeg?resize=300%2C225&amp;ssl=1 300w, https:\/\/i0.wp.com\/thomasvino.ch\/wp-content\/uploads\/2020\/12\/IMG_6375-scaled.jpeg?resize=1024%2C768&amp;ssl=1 1024w, https:\/\/i0.wp.com\/thomasvino.ch\/wp-content\/uploads\/2020\/12\/IMG_6375-scaled.jpeg?resize=768%2C576&amp;ssl=1 768w, https:\/\/i0.wp.com\/thomasvino.ch\/wp-content\/uploads\/2020\/12\/IMG_6375-scaled.jpeg?resize=1536%2C1152&amp;ssl=1 1536w, https:\/\/i0.wp.com\/thomasvino.ch\/wp-content\/uploads\/2020\/12\/IMG_6375-scaled.jpeg?resize=2048%2C1536&amp;ssl=1 2048w\" sizes=\"(max-width: 300px) 100vw, 300px\" data-recalc-dims=\"1\" \/><\/a><p id=\"caption-attachment-17038\" class=\"wp-caption-text\"><em>Le processus de mac\u00e9ration du raisin blanc en G\u00e9orgie (\u00a9thomasvino.ch)<\/em><\/p><\/div>\n<p>D\u00e9finir le vin, dans le <em>\u00abCode international des pratiques \u0153nologiques\u00bb<\/em> doit, d\u2019une part, permettre d\u2019informer le consommateur, d\u2019autre part, de \u00ab<em>signaler ces sp\u00e9cificit\u00e9s aux jur\u00e9s lors des concours de produits vitivinicoles pour leur permettre de les \u00e9valuer de fa\u00e7on pertinente.\u00bb<\/em> D\u00e8s lors, la d\u00e9finition de ce \u00abvin blanc avec mac\u00e9ration\u00bb est la suivante\u00a0: <em>\u00abvin blanc issu de la fermentation alcoolique d\u2019un mo\u00fbt au contact prolong\u00e9 de marc de raisin (pellicules et p\u00e9pins), incluant les pellicules, la pulpe, les p\u00e9pins et \u00e9ventuellement les rafles\u00bb<\/em>. En gros, c\u2019est donc un blanc trait\u00e9 en d\u00e9but de vinification comme un rouge\u2026 Et plus pr\u00e9cis\u00e9ment, selon l\u2019OIV, <em>\u00abl\u2019\u00e9laboration se fait exclusivement \u00e0 partir de vari\u00e9t\u00e9s de raisins blancs\u00a0; la mac\u00e9ration est r\u00e9alis\u00e9e \u00a0au contact du marc de raisin\u00a0; la dur\u00e9e minimale de la phase de mac\u00e9ration est de un mois\u00a0; le vin blanc avec mac\u00e9ration peut \u00eatre caract\u00e9ris\u00e9 par une couleur orang\u00e9e-ambr\u00e9e et un go\u00fbt tannique.\u00bb<\/em><\/p>\n<div id=\"attachment_17037\" style=\"width: 310px\" class=\"wp-caption aligncenter\"><a href=\"https:\/\/thomasvino.ch\/?attachment_id=17037\" rel=\"attachment wp-att-17037\"><img aria-describedby=\"caption-attachment-17037\" data-attachment-id=\"17037\" data-permalink=\"https:\/\/thomasvino.ch\/?attachment_id=17037\" data-orig-file=\"https:\/\/i0.wp.com\/thomasvino.ch\/wp-content\/uploads\/2020\/12\/IMG_6238.jpeg?fit=2000%2C1499&amp;ssl=1\" data-orig-size=\"2000,1499\" data-comments-opened=\"0\" data-image-meta=\"{&quot;aperture&quot;:&quot;2.2&quot;,&quot;credit&quot;:&quot;&quot;,&quot;camera&quot;:&quot;iPhone 6&quot;,&quot;caption&quot;:&quot;&quot;,&quot;created_timestamp&quot;:&quot;1445181596&quot;,&quot;copyright&quot;:&quot;&quot;,&quot;focal_length&quot;:&quot;4.15&quot;,&quot;iso&quot;:&quot;32&quot;,&quot;shutter_speed&quot;:&quot;0.00055586436909394&quot;,&quot;title&quot;:&quot;&quot;,&quot;orientation&quot;:&quot;1&quot;}\" data-image-title=\"IMG_6238\" data-image-description=\"\" data-image-caption=\"&lt;p&gt;Kvevris chez un potier g\u00e9orgien (\u00a9thomasvino.ch)&lt;\/p&gt;\n\" data-medium-file=\"https:\/\/i0.wp.com\/thomasvino.ch\/wp-content\/uploads\/2020\/12\/IMG_6238.jpeg?fit=300%2C225&amp;ssl=1\" data-large-file=\"https:\/\/i0.wp.com\/thomasvino.ch\/wp-content\/uploads\/2020\/12\/IMG_6238.jpeg?fit=1024%2C767&amp;ssl=1\" loading=\"lazy\" class=\"size-medium wp-image-17037\" src=\"https:\/\/i0.wp.com\/thomasvino.ch\/wp-content\/uploads\/2020\/12\/IMG_6238.jpeg?resize=300%2C225&#038;ssl=1\" alt=\"\" width=\"300\" height=\"225\" srcset=\"https:\/\/i0.wp.com\/thomasvino.ch\/wp-content\/uploads\/2020\/12\/IMG_6238.jpeg?resize=300%2C225&amp;ssl=1 300w, https:\/\/i0.wp.com\/thomasvino.ch\/wp-content\/uploads\/2020\/12\/IMG_6238.jpeg?resize=1024%2C767&amp;ssl=1 1024w, https:\/\/i0.wp.com\/thomasvino.ch\/wp-content\/uploads\/2020\/12\/IMG_6238.jpeg?resize=768%2C576&amp;ssl=1 768w, https:\/\/i0.wp.com\/thomasvino.ch\/wp-content\/uploads\/2020\/12\/IMG_6238.jpeg?resize=1536%2C1151&amp;ssl=1 1536w, https:\/\/i0.wp.com\/thomasvino.ch\/wp-content\/uploads\/2020\/12\/IMG_6238.jpeg?w=2000&amp;ssl=1 2000w\" sizes=\"(max-width: 300px) 100vw, 300px\" data-recalc-dims=\"1\" \/><\/a><p id=\"caption-attachment-17037\" class=\"wp-caption-text\"><em>Kvevris chez un potier g\u00e9orgien (\u00a9thomasvino.ch)<\/em><\/p><\/div>\n<p>Dans sa d\u00e9finition, l\u2019OIV a tenu compte de <em>\u00abla m\u00e9thode g\u00e9orgienne de vinification \u00e0 l\u2019ancienne dans des kvevris traditionnels, inscrite en 2013 sur la liste du patrimoine culturel immat\u00e9riel de l\u2019humanit\u00e9 de l\u2019UNESCO\u00bb<\/em>. A noter que <strong><a href=\"https:\/\/ich.unesco.org\/fr\/RL\/la-methode-georgienne-de-vinification-a-lancienne-dans-des-kvevris-traditionnels-00870\">l\u2019expos\u00e9 r\u00e9sum\u00e9 de l\u2019UNESCO<\/a> <\/strong>parle de la m\u00e9thode, mais pas de couleur de raisin, blanc ou rouge, ni de la couleur du vin obtenu, par exemple <em>\u00aborange\u00bb<\/em>\u2026<\/p>\n<p><em>\u00a9thomasvino.ch<\/em><\/p>\n","protected":false},"excerpt":{"rendered":"<p>On l\u2019appelle parfois la 4\u00e8me couleur du vin\u00a0: orange. Apr\u00e8s blanc, rouge, ros\u00e9\u2026 Eh bien, l\u2019Organisation internationale de la vigne et du vin (OIV) vient de le prendre en compte et de le codifier, \u00e0 fin novembre 2020. Non pas comme \u00abvin orange\u00bb mais comme \u00abvin blanc avec mac\u00e9ration\u00bb. C\u2019est quoi, un tel vin, que [&hellip;]<\/p>\n","protected":false},"author":3,"featured_media":0,"comment_status":"closed","ping_status":"open","sticky":false,"template":"","format":"standard","meta":{"_monsterinsights_skip_tracking":false,"_monsterinsights_sitenote_active":false,"_monsterinsights_sitenote_note":"","_monsterinsights_sitenote_category":0,"jetpack_post_was_ever_published":false,"jetpack_publicize_message":"","jetpack_is_tweetstorm":false,"jetpack_publicize_feature_enabled":true,"jetpack_social_post_already_shared":true,"jetpack_social_options":{"image_generator_settings":{"template":"highway","enabled":false}}},"categories":[15],"tags":[],"jetpack_publicize_connections":[],"yoast_head":"<!-- This site is optimized with the Yoast SEO plugin v20.6 - https:\/\/yoast.com\/wordpress\/plugins\/seo\/ -->\n<title>Pour l&#039;OIV, le \u00abvin orange\u00bb n&#039;existe pas! - thomasvino<\/title>\n<meta name=\"robots\" content=\"index, follow, max-snippet:-1, max-image-preview:large, max-video-preview:-1\" \/>\n<link rel=\"canonical\" href=\"https:\/\/thomasvino.ch\/?p=17034\" \/>\n<meta property=\"og:locale\" content=\"fr_FR\" \/>\n<meta property=\"og:type\" content=\"article\" \/>\n<meta property=\"og:title\" content=\"Pour l&#039;OIV, le \u00abvin orange\u00bb n&#039;existe pas! - thomasvino\" \/>\n<meta property=\"og:description\" content=\"On l\u2019appelle parfois la 4\u00e8me couleur du vin\u00a0: orange. Apr\u00e8s blanc, rouge, ros\u00e9\u2026 Eh bien, l\u2019Organisation internationale de la vigne et du vin (OIV) vient de le prendre en compte et de le codifier, \u00e0 fin novembre 2020. Non pas comme \u00abvin orange\u00bb mais comme \u00abvin blanc avec mac\u00e9ration\u00bb. C\u2019est quoi, un tel vin, que [&hellip;]\" \/>\n<meta property=\"og:url\" content=\"https:\/\/thomasvino.ch\/?p=17034\" \/>\n<meta property=\"og:site_name\" content=\"thomasvino\" \/>\n<meta property=\"article:published_time\" content=\"2020-12-17T10:34:58+00:00\" \/>\n<meta property=\"og:image\" content=\"https:\/\/thomasvino.ch\/wp-content\/uploads\/2020\/12\/IMG_6375-300x225.jpeg\" \/>\n<meta name=\"author\" content=\"Pierre Thomas\" \/>\n<meta name=\"twitter:label1\" content=\"\u00c9crit par\" \/>\n\t<meta name=\"twitter:data1\" content=\"Pierre Thomas\" \/>\n\t<meta name=\"twitter:label2\" content=\"Dur\u00e9e de lecture estim\u00e9e\" \/>\n\t<meta name=\"twitter:data2\" content=\"2 minutes\" \/>\n<script type=\"application\/ld+json\" class=\"yoast-schema-graph\">{\"@context\":\"https:\/\/schema.org\",\"@graph\":[{\"@type\":\"WebPage\",\"@id\":\"https:\/\/thomasvino.ch\/?p=17034\",\"url\":\"https:\/\/thomasvino.ch\/?p=17034\",\"name\":\"Pour l'OIV, le \u00abvin orange\u00bb n'existe pas! - thomasvino\",\"isPartOf\":{\"@id\":\"https:\/\/thomasvino.ch\/#website\"},\"datePublished\":\"2020-12-17T10:34:58+00:00\",\"dateModified\":\"2020-12-17T10:34:58+00:00\",\"author\":{\"@id\":\"https:\/\/thomasvino.ch\/#\/schema\/person\/670bf4486fe81152cf1d68bd585e062e\"},\"breadcrumb\":{\"@id\":\"https:\/\/thomasvino.ch\/?p=17034#breadcrumb\"},\"inLanguage\":\"fr-FR\",\"potentialAction\":[{\"@type\":\"ReadAction\",\"target\":[\"https:\/\/thomasvino.ch\/?p=17034\"]}]},{\"@type\":\"BreadcrumbList\",\"@id\":\"https:\/\/thomasvino.ch\/?p=17034#breadcrumb\",\"itemListElement\":[{\"@type\":\"ListItem\",\"position\":1,\"name\":\"Accueil\",\"item\":\"https:\/\/thomasvino.ch\/\"},{\"@type\":\"ListItem\",\"position\":2,\"name\":\"Pour l&rsquo;OIV, le \u00abvin orange\u00bb n&rsquo;existe pas!\"}]},{\"@type\":\"WebSite\",\"@id\":\"https:\/\/thomasvino.ch\/#website\",\"url\":\"https:\/\/thomasvino.ch\/\",\"name\":\"thomasvino\",\"description\":\"Vins &amp; Gastronomie\",\"potentialAction\":[{\"@type\":\"SearchAction\",\"target\":{\"@type\":\"EntryPoint\",\"urlTemplate\":\"https:\/\/thomasvino.ch\/?s={search_term_string}\"},\"query-input\":\"required name=search_term_string\"}],\"inLanguage\":\"fr-FR\"},{\"@type\":\"Person\",\"@id\":\"https:\/\/thomasvino.ch\/#\/schema\/person\/670bf4486fe81152cf1d68bd585e062e\",\"name\":\"Pierre Thomas\",\"image\":{\"@type\":\"ImageObject\",\"inLanguage\":\"fr-FR\",\"@id\":\"https:\/\/thomasvino.ch\/#\/schema\/person\/image\/\",\"url\":\"https:\/\/secure.gravatar.com\/avatar\/91fd5a76647f140e53db987a0dead4d7?s=96&d=mm&r=g\",\"contentUrl\":\"https:\/\/secure.gravatar.com\/avatar\/91fd5a76647f140e53db987a0dead4d7?s=96&d=mm&r=g\",\"caption\":\"Pierre Thomas\"},\"url\":\"https:\/\/thomasvino.ch\/?author=3\"}]}<\/script>\n<!-- \/ Yoast SEO plugin. -->","yoast_head_json":{"title":"Pour l'OIV, le \u00abvin orange\u00bb n'existe pas! - thomasvino","robots":{"index":"index","follow":"follow","max-snippet":"max-snippet:-1","max-image-preview":"max-image-preview:large","max-video-preview":"max-video-preview:-1"},"canonical":"https:\/\/thomasvino.ch\/?p=17034","og_locale":"fr_FR","og_type":"article","og_title":"Pour l'OIV, le \u00abvin orange\u00bb n'existe pas! - thomasvino","og_description":"On l\u2019appelle parfois la 4\u00e8me couleur du vin\u00a0: orange. Apr\u00e8s blanc, rouge, ros\u00e9\u2026 Eh bien, l\u2019Organisation internationale de la vigne et du vin (OIV) vient de le prendre en compte et de le codifier, \u00e0 fin novembre 2020. Non pas comme \u00abvin orange\u00bb mais comme \u00abvin blanc avec mac\u00e9ration\u00bb. C\u2019est quoi, un tel vin, que [&hellip;]","og_url":"https:\/\/thomasvino.ch\/?p=17034","og_site_name":"thomasvino","article_published_time":"2020-12-17T10:34:58+00:00","og_image":[{"url":"https:\/\/thomasvino.ch\/wp-content\/uploads\/2020\/12\/IMG_6375-300x225.jpeg"}],"author":"Pierre Thomas","twitter_misc":{"\u00c9crit par":"Pierre Thomas","Dur\u00e9e de lecture estim\u00e9e":"2 minutes"},"schema":{"@context":"https:\/\/schema.org","@graph":[{"@type":"WebPage","@id":"https:\/\/thomasvino.ch\/?p=17034","url":"https:\/\/thomasvino.ch\/?p=17034","name":"Pour l'OIV, le \u00abvin orange\u00bb n'existe pas! - thomasvino","isPartOf":{"@id":"https:\/\/thomasvino.ch\/#website"},"datePublished":"2020-12-17T10:34:58+00:00","dateModified":"2020-12-17T10:34:58+00:00","author":{"@id":"https:\/\/thomasvino.ch\/#\/schema\/person\/670bf4486fe81152cf1d68bd585e062e"},"breadcrumb":{"@id":"https:\/\/thomasvino.ch\/?p=17034#breadcrumb"},"inLanguage":"fr-FR","potentialAction":[{"@type":"ReadAction","target":["https:\/\/thomasvino.ch\/?p=17034"]}]},{"@type":"BreadcrumbList","@id":"https:\/\/thomasvino.ch\/?p=17034#breadcrumb","itemListElement":[{"@type":"ListItem","position":1,"name":"Accueil","item":"https:\/\/thomasvino.ch\/"},{"@type":"ListItem","position":2,"name":"Pour l&rsquo;OIV, le \u00abvin orange\u00bb n&rsquo;existe pas!"}]},{"@type":"WebSite","@id":"https:\/\/thomasvino.ch\/#website","url":"https:\/\/thomasvino.ch\/","name":"thomasvino","description":"Vins &amp; Gastronomie","potentialAction":[{"@type":"SearchAction","target":{"@type":"EntryPoint","urlTemplate":"https:\/\/thomasvino.ch\/?s={search_term_string}"},"query-input":"required name=search_term_string"}],"inLanguage":"fr-FR"},{"@type":"Person","@id":"https:\/\/thomasvino.ch\/#\/schema\/person\/670bf4486fe81152cf1d68bd585e062e","name":"Pierre Thomas","image":{"@type":"ImageObject","inLanguage":"fr-FR","@id":"https:\/\/thomasvino.ch\/#\/schema\/person\/image\/","url":"https:\/\/secure.gravatar.com\/avatar\/91fd5a76647f140e53db987a0dead4d7?s=96&d=mm&r=g","contentUrl":"https:\/\/secure.gravatar.com\/avatar\/91fd5a76647f140e53db987a0dead4d7?s=96&d=mm&r=g","caption":"Pierre Thomas"},"url":"https:\/\/thomasvino.ch\/?author=3"}]}},"jetpack_featured_media_url":"","jetpack_sharing_enabled":true,"jetpack_shortlink":"https:\/\/wp.me\/p3m4tZ-4qK","jetpack_likes_enabled":false,"jetpack-related-posts":[{"id":8882,"url":"https:\/\/thomasvino.ch\/?p=8882","url_meta":{"origin":17034,"position":0},"title":"Euro-ros\u00e9: couper le blanc avec du rouge? H\u00e9r\u00e9sie!","date":"23 avril 2009","format":false,"excerpt":"L\u2019Union Europ\u00e9enne a failli autoriser le m\u00e9lange de vin blanc et de rouge pour les ros\u00e9s de bas de gamme. Au grand dam des Fran\u00e7ais. Eusse \u00e9t\u00e9 si grave? Par Pierre Thomas Le d\u00e9funt pape de l\u2019\u0153nologie, le professeur Emile Peynaud, \u00e9tait formel : \u00abLe ros\u00e9 est un faux vin\u2026","rel":"","context":"Dans &quot;Tendance&quot;","img":{"alt_text":"","src":"","width":0,"height":0},"classes":[]},{"id":8702,"url":"https:\/\/thomasvino.ch\/?p=8702","url_meta":{"origin":17034,"position":1},"title":"Des bulles dans le champagne ros\u00e9","date":"19 d\u00e9cembre 2007","format":false,"excerpt":"Test, paru dans Tout Compte Fait de d\u00e9cembre 2007Des bulles dans le champagne ros\u00e9Le champagne ros\u00e9 est tendance: ses ventes ont massivement augment\u00e9 en Suisse entre 2005 et 2006. Et ses prix s\u2019envolent aussi! M\u00eame si le vin d\u00e9\u00e7oit (trop) souvent.Pierre ThomasC\u2019est toujours la m\u00eame histoire. Faut-il consid\u00e9rer le mousseux\u2026","rel":"","context":"Dans &quot;Conso&quot;","img":{"alt_text":"","src":"","width":0,"height":0},"classes":[]},{"id":18502,"url":"https:\/\/thomasvino.ch\/?p=18502","url_meta":{"origin":17034,"position":2},"title":"Entre Vully et Tbilissi","date":"14 octobre 2024","format":false,"excerpt":"On presse des raisins \u00e0 peau bleue juste apr\u00e8s la vendange et le jus fermente comme pour le vin blanc\u00a0: cela donne du ros\u00e9. Pourquoi ne pas faire l\u2019inverse\u00a0? Et laisser mac\u00e9rer des baies blanches durant plusieurs mois o\u00f9 elles fermentent dans un r\u00e9cipient ferm\u00e9. Depuis 6'000 ans, et encore\u2026","rel":"","context":"Dans &quot;Bonne bouche \u2014 encore!&quot;","img":{"alt_text":"","src":"","width":0,"height":0},"classes":[]},{"id":17457,"url":"https:\/\/thomasvino.ch\/?p=17457","url_meta":{"origin":17034,"position":3},"title":"D\u00e8s 2022, le CMB se met en quatre","date":"16 septembre 2021","format":false,"excerpt":"D\u00e8s l\u2019an prochain, le Concours mondial de Bruxelles (CMB), une des comp\u00e9titions majeures des vins du monde, se plie en quatre. L\u2019\u00e9dition, initialement pr\u00e9vue \u00e0 P\u00e9kin, se d\u00e9roulera du 19 au 22 mai, pour les vins blancs et rouges, en Italie, \u00e0 Cosenza, \u00e0 300 km au Sud de Naples,\u2026","rel":"","context":"Dans &quot;Actus - News&quot;","img":{"alt_text":"","src":"","width":0,"height":0},"classes":[]},{"id":16638,"url":"https:\/\/thomasvino.ch\/?p=16638","url_meta":{"origin":17034,"position":4},"title":"Tous les go\u00fbts sont dans le \u00abnature\u00bb","date":"30 mai 2020","format":false,"excerpt":"J\u2019ai eu le privil\u00e8ge de participer \u00e0 la premi\u00e8re d\u00e9gustation d\u2019envergure de \u00abvins nature\u00bb suisses\u00a0: une soixantaine fournis par une vingtaine de producteurs. Ces vins ont \u00e9t\u00e9 d\u00e9gust\u00e9s sur deux soir\u00e9es, \u00e0 l\u2019aveugle et sans info. Gr\u00e2ce \u00e0 l\u2019\u0153nologue conseil Richard Pfister, je me suis joins \u00e0 la joyeuse \u00e9quipe\u2026","rel":"","context":"Dans &quot;Tendance&quot;","img":{"alt_text":"","src":"","width":0,"height":0},"classes":[]},{"id":11466,"url":"https:\/\/thomasvino.ch\/?p=11466","url_meta":{"origin":17034,"position":5},"title":"Vin suisse  Des chiffres\u2026 provisoires","date":"8 novembre 2013","format":false,"excerpt":"Le chiffre: 90 millions de litres Quelle vendange suisse en 2013? A la journ\u00e9e du vignoble vaudois, le 6 novembre 2013, les professionnels tablaient sur 90 millions de litres, soit en-dessous de la consommation qui, pour la premi\u00e8re fois en 2012 est pass\u00e9e sous les 100 millions de litres (97\u2026","rel":"","context":"Dans &quot;Actualit\u00e9s&quot;","img":{"alt_text":"","src":"","width":0,"height":0},"classes":[]}],"_links":{"self":[{"href":"https:\/\/thomasvino.ch\/index.php?rest_route=\/wp\/v2\/posts\/17034"}],"collection":[{"href":"https:\/\/thomasvino.ch\/index.php?rest_route=\/wp\/v2\/posts"}],"about":[{"href":"https:\/\/thomasvino.ch\/index.php?rest_route=\/wp\/v2\/types\/post"}],"author":[{"embeddable":true,"href":"https:\/\/thomasvino.ch\/index.php?rest_route=\/wp\/v2\/users\/3"}],"replies":[{"embeddable":true,"href":"https:\/\/thomasvino.ch\/index.php?rest_route=%2Fwp%2Fv2%2Fcomments&post=17034"}],"version-history":[{"count":2,"href":"https:\/\/thomasvino.ch\/index.php?rest_route=\/wp\/v2\/posts\/17034\/revisions"}],"predecessor-version":[{"id":17039,"href":"https:\/\/thomasvino.ch\/index.php?rest_route=\/wp\/v2\/posts\/17034\/revisions\/17039"}],"wp:attachment":[{"href":"https:\/\/thomasvino.ch\/index.php?rest_route=%2Fwp%2Fv2%2Fmedia&parent=17034"}],"wp:term":[{"taxonomy":"category","embeddable":true,"href":"https:\/\/thomasvino.ch\/index.php?rest_route=%2Fwp%2Fv2%2Fcategories&post=17034"},{"taxonomy":"post_tag","embeddable":true,"href":"https:\/\/thomasvino.ch\/index.php?rest_route=%2Fwp%2Fv2%2Ftags&post=17034"}],"curies":[{"name":"wp","href":"https:\/\/api.w.org\/{rel}","templated":true}]}}