{"id":17082,"date":"2021-01-12T11:17:42","date_gmt":"2021-01-12T10:17:42","guid":{"rendered":"https:\/\/thomasvino.ch\/?p=17082"},"modified":"2021-01-12T11:17:42","modified_gmt":"2021-01-12T10:17:42","slug":"valais-la-plus-faible-vendange-depuis-10-ans","status":"publish","type":"post","link":"https:\/\/thomasvino.ch\/?p=17082","title":{"rendered":"Valais: la plus faible vendange depuis 10 ans!"},"content":{"rendered":"<p class=\"a-paragraph\" data-t-name=\"Paragraph\"><strong>Avec 22,3 millions de kilos de raisins rouges et 15,9 millions de kilos de raisins blancs, la r\u00e9colte de l&rsquo;an dernier en Valais est la plus faible des dix derni\u00e8res ann\u00e9es.<\/strong><\/p>\n<p class=\"a-paragraph\" data-t-name=\"Paragraph\">2020 vient juste apr\u00e8s le mill\u00e9sime de 2017 qui avait \u00e9t\u00e9 marqu\u00e9 par le gel, explique un communiqu\u00e9 de l&rsquo;Etat du Valais , qui s&rsquo;appuie sur le rapport de vendanges 2020, publi\u00e9 par l\u2019Office de la viticulture. Ces 38,2 millions de kilos sont m\u00eame inf\u00e9rieurs de 17,1% \u00e0 la moyenne d\u00e9cennale.\u00a0<em>\u00abLes conditions climatiques relativement s\u00e8ches au d\u00e9but des vendanges, ainsi que la baisse des quotas de production d\u00e9cid\u00e9e par l\u2019Interprofession de la vigne et du vin peuvent expliquer ce r\u00e9sultat\u00bb<\/em>, rel\u00e8ve encore le canton.<\/p>\n<p class=\"a-paragraph\" data-t-name=\"Paragraph\">La qualit\u00e9, elle, est au rendez-vous: <em>\u00ables premi\u00e8res d\u00e9gustations r\u00e9v\u00e8lent des vins gourmands, sur la finesse, avec de tr\u00e8s belles concentrations\u00bb.<\/em><\/p>\n<p data-t-name=\"Paragraph\"><em>\u00a9thomasvino.ch<\/em><\/p>\n","protected":false},"excerpt":{"rendered":"<p>Avec 22,3 millions de kilos de raisins rouges et 15,9 millions de kilos de raisins blancs, la r\u00e9colte de l&rsquo;an dernier en Valais est la plus faible des dix derni\u00e8res ann\u00e9es. 2020 vient juste apr\u00e8s le mill\u00e9sime de 2017 qui avait \u00e9t\u00e9 marqu\u00e9 par le gel, explique un communiqu\u00e9 de l&rsquo;Etat du Valais , qui [&hellip;]<\/p>\n","protected":false},"author":3,"featured_media":0,"comment_status":"closed","ping_status":"open","sticky":false,"template":"","format":"standard","meta":{"_monsterinsights_skip_tracking":false,"_monsterinsights_sitenote_active":false,"_monsterinsights_sitenote_note":"","_monsterinsights_sitenote_category":0,"jetpack_post_was_ever_published":false,"jetpack_publicize_message":"","jetpack_is_tweetstorm":false,"jetpack_publicize_feature_enabled":true,"jetpack_social_post_already_shared":true,"jetpack_social_options":{"image_generator_settings":{"template":"highway","enabled":false}}},"categories":[15],"tags":[],"jetpack_publicize_connections":[],"yoast_head":"<!-- This site is optimized with the Yoast SEO plugin v20.6 - https:\/\/yoast.com\/wordpress\/plugins\/seo\/ -->\n<title>Valais: la plus faible vendange depuis 10 ans! - thomasvino<\/title>\n<meta name=\"robots\" content=\"index, follow, max-snippet:-1, max-image-preview:large, max-video-preview:-1\" \/>\n<link rel=\"canonical\" href=\"https:\/\/thomasvino.ch\/?p=17082\" \/>\n<meta property=\"og:locale\" content=\"fr_FR\" \/>\n<meta property=\"og:type\" content=\"article\" \/>\n<meta property=\"og:title\" content=\"Valais: la plus faible vendange depuis 10 ans! - thomasvino\" \/>\n<meta property=\"og:description\" content=\"Avec 22,3 millions de kilos de raisins rouges et 15,9 millions de kilos de raisins blancs, la r\u00e9colte de l&rsquo;an dernier en Valais est la plus faible des dix derni\u00e8res ann\u00e9es. 2020 vient juste apr\u00e8s le mill\u00e9sime de 2017 qui avait \u00e9t\u00e9 marqu\u00e9 par le gel, explique un communiqu\u00e9 de l&rsquo;Etat du Valais , qui [&hellip;]\" \/>\n<meta property=\"og:url\" content=\"https:\/\/thomasvino.ch\/?p=17082\" \/>\n<meta property=\"og:site_name\" content=\"thomasvino\" \/>\n<meta property=\"article:published_time\" content=\"2021-01-12T10:17:42+00:00\" \/>\n<meta name=\"author\" content=\"Pierre Thomas\" \/>\n<meta name=\"twitter:label1\" content=\"\u00c9crit par\" \/>\n\t<meta name=\"twitter:data1\" content=\"Pierre Thomas\" \/>\n\t<meta name=\"twitter:label2\" content=\"Dur\u00e9e de lecture estim\u00e9e\" \/>\n\t<meta name=\"twitter:data2\" content=\"1 minute\" \/>\n<script type=\"application\/ld+json\" class=\"yoast-schema-graph\">{\"@context\":\"https:\/\/schema.org\",\"@graph\":[{\"@type\":\"WebPage\",\"@id\":\"https:\/\/thomasvino.ch\/?p=17082\",\"url\":\"https:\/\/thomasvino.ch\/?p=17082\",\"name\":\"Valais: la plus faible vendange depuis 10 ans! - thomasvino\",\"isPartOf\":{\"@id\":\"https:\/\/thomasvino.ch\/#website\"},\"datePublished\":\"2021-01-12T10:17:42+00:00\",\"dateModified\":\"2021-01-12T10:17:42+00:00\",\"author\":{\"@id\":\"https:\/\/thomasvino.ch\/#\/schema\/person\/670bf4486fe81152cf1d68bd585e062e\"},\"breadcrumb\":{\"@id\":\"https:\/\/thomasvino.ch\/?p=17082#breadcrumb\"},\"inLanguage\":\"fr-FR\",\"potentialAction\":[{\"@type\":\"ReadAction\",\"target\":[\"https:\/\/thomasvino.ch\/?p=17082\"]}]},{\"@type\":\"BreadcrumbList\",\"@id\":\"https:\/\/thomasvino.ch\/?p=17082#breadcrumb\",\"itemListElement\":[{\"@type\":\"ListItem\",\"position\":1,\"name\":\"Accueil\",\"item\":\"https:\/\/thomasvino.ch\/\"},{\"@type\":\"ListItem\",\"position\":2,\"name\":\"Valais: la plus faible vendange depuis 10 ans!\"}]},{\"@type\":\"WebSite\",\"@id\":\"https:\/\/thomasvino.ch\/#website\",\"url\":\"https:\/\/thomasvino.ch\/\",\"name\":\"thomasvino\",\"description\":\"Vins &amp; Gastronomie\",\"potentialAction\":[{\"@type\":\"SearchAction\",\"target\":{\"@type\":\"EntryPoint\",\"urlTemplate\":\"https:\/\/thomasvino.ch\/?s={search_term_string}\"},\"query-input\":\"required name=search_term_string\"}],\"inLanguage\":\"fr-FR\"},{\"@type\":\"Person\",\"@id\":\"https:\/\/thomasvino.ch\/#\/schema\/person\/670bf4486fe81152cf1d68bd585e062e\",\"name\":\"Pierre Thomas\",\"image\":{\"@type\":\"ImageObject\",\"inLanguage\":\"fr-FR\",\"@id\":\"https:\/\/thomasvino.ch\/#\/schema\/person\/image\/\",\"url\":\"https:\/\/secure.gravatar.com\/avatar\/91fd5a76647f140e53db987a0dead4d7?s=96&d=mm&r=g\",\"contentUrl\":\"https:\/\/secure.gravatar.com\/avatar\/91fd5a76647f140e53db987a0dead4d7?s=96&d=mm&r=g\",\"caption\":\"Pierre Thomas\"},\"url\":\"https:\/\/thomasvino.ch\/?author=3\"}]}<\/script>\n<!-- \/ Yoast SEO plugin. -->","yoast_head_json":{"title":"Valais: la plus faible vendange depuis 10 ans! - thomasvino","robots":{"index":"index","follow":"follow","max-snippet":"max-snippet:-1","max-image-preview":"max-image-preview:large","max-video-preview":"max-video-preview:-1"},"canonical":"https:\/\/thomasvino.ch\/?p=17082","og_locale":"fr_FR","og_type":"article","og_title":"Valais: la plus faible vendange depuis 10 ans! - thomasvino","og_description":"Avec 22,3 millions de kilos de raisins rouges et 15,9 millions de kilos de raisins blancs, la r\u00e9colte de l&rsquo;an dernier en Valais est la plus faible des dix derni\u00e8res ann\u00e9es. 2020 vient juste apr\u00e8s le mill\u00e9sime de 2017 qui avait \u00e9t\u00e9 marqu\u00e9 par le gel, explique un communiqu\u00e9 de l&rsquo;Etat du Valais , qui [&hellip;]","og_url":"https:\/\/thomasvino.ch\/?p=17082","og_site_name":"thomasvino","article_published_time":"2021-01-12T10:17:42+00:00","author":"Pierre Thomas","twitter_misc":{"\u00c9crit par":"Pierre Thomas","Dur\u00e9e de lecture estim\u00e9e":"1 minute"},"schema":{"@context":"https:\/\/schema.org","@graph":[{"@type":"WebPage","@id":"https:\/\/thomasvino.ch\/?p=17082","url":"https:\/\/thomasvino.ch\/?p=17082","name":"Valais: la plus faible vendange depuis 10 ans! - thomasvino","isPartOf":{"@id":"https:\/\/thomasvino.ch\/#website"},"datePublished":"2021-01-12T10:17:42+00:00","dateModified":"2021-01-12T10:17:42+00:00","author":{"@id":"https:\/\/thomasvino.ch\/#\/schema\/person\/670bf4486fe81152cf1d68bd585e062e"},"breadcrumb":{"@id":"https:\/\/thomasvino.ch\/?p=17082#breadcrumb"},"inLanguage":"fr-FR","potentialAction":[{"@type":"ReadAction","target":["https:\/\/thomasvino.ch\/?p=17082"]}]},{"@type":"BreadcrumbList","@id":"https:\/\/thomasvino.ch\/?p=17082#breadcrumb","itemListElement":[{"@type":"ListItem","position":1,"name":"Accueil","item":"https:\/\/thomasvino.ch\/"},{"@type":"ListItem","position":2,"name":"Valais: la plus faible vendange depuis 10 ans!"}]},{"@type":"WebSite","@id":"https:\/\/thomasvino.ch\/#website","url":"https:\/\/thomasvino.ch\/","name":"thomasvino","description":"Vins &amp; Gastronomie","potentialAction":[{"@type":"SearchAction","target":{"@type":"EntryPoint","urlTemplate":"https:\/\/thomasvino.ch\/?s={search_term_string}"},"query-input":"required name=search_term_string"}],"inLanguage":"fr-FR"},{"@type":"Person","@id":"https:\/\/thomasvino.ch\/#\/schema\/person\/670bf4486fe81152cf1d68bd585e062e","name":"Pierre Thomas","image":{"@type":"ImageObject","inLanguage":"fr-FR","@id":"https:\/\/thomasvino.ch\/#\/schema\/person\/image\/","url":"https:\/\/secure.gravatar.com\/avatar\/91fd5a76647f140e53db987a0dead4d7?s=96&d=mm&r=g","contentUrl":"https:\/\/secure.gravatar.com\/avatar\/91fd5a76647f140e53db987a0dead4d7?s=96&d=mm&r=g","caption":"Pierre Thomas"},"url":"https:\/\/thomasvino.ch\/?author=3"}]}},"jetpack_featured_media_url":"","jetpack_sharing_enabled":true,"jetpack_shortlink":"https:\/\/wp.me\/p3m4tZ-4rw","jetpack_likes_enabled":false,"jetpack-related-posts":[{"id":9081,"url":"https:\/\/thomasvino.ch\/?p=9081","url_meta":{"origin":17082,"position":0},"title":"2010, mill\u00e9sime d&rsquo;anthologie?","date":"23 octobre 2010","format":false,"excerpt":"Heureuse surprise en Suisse romande Septembre 2010 a fait les vendanges A la veille de rentrer leurs derniers raisins, des vari\u00e9t\u00e9s tardives, es acteurs du monde vitivinicole romand sont unanimes\u00a0: le mois de septembre a pu rattraper un cycle v\u00e9g\u00e9tatif sur lequel avait souffl\u00e9 le froid et le chaud, en\u2026","rel":"","context":"Dans &quot;Tendance&quot;","img":{"alt_text":"","src":"","width":0,"height":0},"classes":[]},{"id":8706,"url":"https:\/\/thomasvino.ch\/?p=8706","url_meta":{"origin":17082,"position":1},"title":"Vins suisses \u2014 Les vendanges 2007","date":"20 janvier 2008","format":false,"excerpt":"Vendanges suisses en 2007Le carton plein des VaudoisDes trois principaux cantons viticoles romands, Valais, Vaud et Gen\u00e8ve, ce sont les Vaudois qui ont davantage encav\u00e9 de raisins en 2007. Le march\u00e9 va-t-il suivre\u00a0?Pierre ThomasCes trois principaux cantons romands produisent les trois quarts du vin suisse. Cumul\u00e9s, leurs r\u00e9sultats de vendange\u2026","rel":"","context":"Dans &quot;Vins suisses&quot;","img":{"alt_text":"","src":"","width":0,"height":0},"classes":[]},{"id":9453,"url":"https:\/\/thomasvino.ch\/?p=9453","url_meta":{"origin":17082,"position":2},"title":"Une vendange modeste dans un march\u00e9 tendu","date":"4 octobre 2012","format":false,"excerpt":"Vendanges 2012 La quantit\u00e9 en baisse en Valais Ca y est, les vendanges 2012 battent leur plein, entre deux averses\u2026 Les vignerons se f\u00e9licitent n\u00e9anmoins d\u2019une fin d\u2019\u00e9t\u00e9 et d\u2019un d\u00e9but d\u2019automne plut\u00f4t ensoleill\u00e9 et sec, o\u00f9 le diction \u00abseptembre fait les vendanges\u00bb pour en cueillir les fruits m\u00fbrs en\u2026","rel":"","context":"Dans &quot;Actus - News&quot;","img":{"alt_text":"","src":"","width":0,"height":0},"classes":[]},{"id":8998,"url":"https:\/\/thomasvino.ch\/?p=8998","url_meta":{"origin":17082,"position":3},"title":"Chasselas: le match Vaud-Valais, toujours!","date":"24 f\u00e9vrier 2010","format":false,"excerpt":"Apr\u00e8s les vendanges 2009 Chasselas\u00a0: le match Vaud-Valais Chasselas Grand Cru\u00a0ou Fendant labellis\u00e9? Valaisans et Vaudois sont toujours tr\u00e8s actifs sur le march\u00e9 du vin blanc indig\u00e8ne et d\u00e9veloppent des strat\u00e9gies de qualit\u00e9 diff\u00e9rentes. Par Pierre Thomas Le mill\u00e9sime 2009 ravive la concurrence entre les deux plus gros cantons producteurs\u2026","rel":"","context":"Dans &quot;Vins suisses&quot;","img":{"alt_text":"","src":"","width":0,"height":0},"classes":[]},{"id":9921,"url":"https:\/\/thomasvino.ch\/?p=9921","url_meta":{"origin":17082,"position":4},"title":"Vins suisses \u2014 Une faible vendange 2006 en Suisse","date":"31 d\u00e9cembre 2006","format":false,"excerpt":"Vins suisses \u2014 Vendanges 2006 en SuisseLes trois principaux cantons \u00e0 la baisse!Avec un plus de 100 millions de litres de vin, la vendange suisse est l\u00e9g\u00e8rement plus \u00e9lev\u00e9e en 2006 qu\u2019en 2005. Mais elle reste inf\u00e9rieure de 15% \u00e0 la \u00abmoyenne d\u00e9cennale\u00bb. Les vins rouges confirment leur pr\u00e9valence, \u00e0\u2026","rel":"","context":"Dans &quot;Tendance&quot;","img":{"alt_text":"","src":"","width":0,"height":0},"classes":[]},{"id":9756,"url":"https:\/\/thomasvino.ch\/?p=9756","url_meta":{"origin":17082,"position":5},"title":"Valais \u2014 Grain Noble ConfidenCiel: l&rsquo;or du Rh\u00f4ne","date":"9 janvier 2005","format":false,"excerpt":"Grain Noble ConfidenCielLes folles ann\u00e9es de l'or du Rh\u00f4neLes vins liquoreux valaisans sont splendides. Plus de trente producteurs ont adh\u00e9r\u00e9 \u00e0 une charte qui donne droit \u00e0 un label d\u00e9sormais reconnu. Les 2001 sortent de barriques: grand mill\u00e9sime! Marie-Th\u00e9r\u00e8se Chappaz toujours au sommet. Et les 2003?Par Pierre ThomasS'il y a\u2026","rel":"","context":"Dans &quot;Vins suisses&quot;","img":{"alt_text":"","src":"","width":0,"height":0},"classes":[]}],"_links":{"self":[{"href":"https:\/\/thomasvino.ch\/index.php?rest_route=\/wp\/v2\/posts\/17082"}],"collection":[{"href":"https:\/\/thomasvino.ch\/index.php?rest_route=\/wp\/v2\/posts"}],"about":[{"href":"https:\/\/thomasvino.ch\/index.php?rest_route=\/wp\/v2\/types\/post"}],"author":[{"embeddable":true,"href":"https:\/\/thomasvino.ch\/index.php?rest_route=\/wp\/v2\/users\/3"}],"replies":[{"embeddable":true,"href":"https:\/\/thomasvino.ch\/index.php?rest_route=%2Fwp%2Fv2%2Fcomments&post=17082"}],"version-history":[{"count":1,"href":"https:\/\/thomasvino.ch\/index.php?rest_route=\/wp\/v2\/posts\/17082\/revisions"}],"predecessor-version":[{"id":17083,"href":"https:\/\/thomasvino.ch\/index.php?rest_route=\/wp\/v2\/posts\/17082\/revisions\/17083"}],"wp:attachment":[{"href":"https:\/\/thomasvino.ch\/index.php?rest_route=%2Fwp%2Fv2%2Fmedia&parent=17082"}],"wp:term":[{"taxonomy":"category","embeddable":true,"href":"https:\/\/thomasvino.ch\/index.php?rest_route=%2Fwp%2Fv2%2Fcategories&post=17082"},{"taxonomy":"post_tag","embeddable":true,"href":"https:\/\/thomasvino.ch\/index.php?rest_route=%2Fwp%2Fv2%2Ftags&post=17082"}],"curies":[{"name":"wp","href":"https:\/\/api.w.org\/{rel}","templated":true}]}}