{"id":17112,"date":"2021-01-28T16:10:03","date_gmt":"2021-01-28T15:10:03","guid":{"rendered":"https:\/\/thomasvino.ch\/?p=17112"},"modified":"2021-02-02T14:04:35","modified_gmt":"2021-02-02T13:04:35","slug":"pas-de-caves-ouvertes-a-pentecote-mais-des-bons-pour-les-vins-vaudois","status":"publish","type":"post","link":"https:\/\/thomasvino.ch\/?p=17112","title":{"rendered":"Pas de \u00abcaves ouvertes\u00bb \u00e0 Pentec\u00f4te, mais des bons pour les vins vaudois"},"content":{"rendered":"<p><strong>D\u00e8s le 1er f\u00e9vrier, sur le site <a href=\"http:\/\/www.mescavesouvertes.ch\/\">www.mescavesouvertes.ch<\/a>, qui permet de prendre rendez-vous avec un vigneron vaudois pour une d\u00e9gustation priv\u00e9e, des bons d\u2019achat avec un rabais de 20% seront disponibles. A \u00e9changer \u00e0 la cave, puisque la vente de vins n\u2019est pas suspendue, au contraire des d\u00e9gustations libres et en groupe, et de l\u2019acc\u00e8s aux bars \u00e0 vins, caf\u00e9s et restaurants.<\/strong><\/p>\n<p>Ce sont 2&rsquo;000 bons qui sont mis en vente, apr\u00e8s une premi\u00e8re vague en novembre dernier. Ces bons seront valables jusqu\u2019au 31 ao\u00fbt prochain. Les bons sont vendus 80 fr. pour une valeur d\u2019\u00e9change de 100 fr. de vins vaudois. Des bons \u00e0 50 fr., vendus 40 fr., s\u2019ajoutent \u00e0 cette action. Ils ont \u00e9t\u00e9 \u00e9coul\u00e9s en une demi-heure, le lundi 1er f\u00e9vrier (soit un chiffre d&rsquo;affaire de 150&rsquo;000 francs&#8230;).<\/p>\n<p>L\u2019op\u00e9ration <em>\u00abmes caves ouvertes\u00bb<\/em> est elle aussi reconduite jusqu\u2019en ao\u00fbt prochain\u00a0: en s\u2019inscrivant pour une d\u00e9gustation valant 30 fr., on re\u00e7oit une carte magn\u00e9tique d\u2019une valeur \u00e9quivalente, \u00e0 faire valoir chez un vigneron partenaire de l\u2019op\u00e9ration. Il ne devrait pas y avoir de <em>\u00abcaves ouvertes\u00bb,\u00a0<\/em>pr\u00e9sentielles et massives, comme le vignoble vaudois les a connues jusqu\u2019en 2019. L\u2019an pass\u00e9, apr\u00e8s avoir \u00e9t\u00e9 renvoy\u00e9es plusieurs fois, ces <em>\u00abcaves ouvertes\u00bb<\/em> ont \u00e9t\u00e9 remplac\u00e9es par les rendez-vous personnalis\u00e9s.<\/p>\n<h3>&#8230; et une \u00abbox surprise\u00bb valaisanne\u00a0!<\/h3>\n<p>De son c\u00f4t\u00e9, Swiss Wine Valais rappelle que <em>\u00ables caves valaisannes sont autoris\u00e9es \u00e0 accueillir au maximum 4 personnes en m\u00eame temps pour une d\u00e9gustation\u00bb<\/em>. Les Valaisans ont aussi lanc\u00e9 une <em>\u00abgrappe box surprise des vins du Valais\u00bb<\/em>, \u00e0 raison de deux vins par mois, fourni par le site <strong><a href=\"https:\/\/lagrappe.ch\/\">https:\/\/lagrappe.ch<\/a> <\/strong>(formule de 34,90 fr. \u00e0 74,90 fr. par mois).<\/p>\n<p><em>\u00a9thomasvino.ch<\/em><\/p>\n","protected":false},"excerpt":{"rendered":"<p>D\u00e8s le 1er f\u00e9vrier, sur le site www.mescavesouvertes.ch, qui permet de prendre rendez-vous avec un vigneron vaudois pour une d\u00e9gustation priv\u00e9e, des bons d\u2019achat avec un rabais de 20% seront disponibles. A \u00e9changer \u00e0 la cave, puisque la vente de vins n\u2019est pas suspendue, au contraire des d\u00e9gustations libres et en groupe, et de l\u2019acc\u00e8s [&hellip;]<\/p>\n","protected":false},"author":3,"featured_media":0,"comment_status":"closed","ping_status":"open","sticky":false,"template":"","format":"standard","meta":{"_monsterinsights_skip_tracking":false,"_monsterinsights_sitenote_active":false,"_monsterinsights_sitenote_note":"","_monsterinsights_sitenote_category":0,"jetpack_post_was_ever_published":false,"jetpack_publicize_message":"","jetpack_is_tweetstorm":false,"jetpack_publicize_feature_enabled":true,"jetpack_social_post_already_shared":true,"jetpack_social_options":{"image_generator_settings":{"template":"highway","enabled":false}}},"categories":[15],"tags":[],"jetpack_publicize_connections":[],"yoast_head":"<!-- This site is optimized with the Yoast SEO plugin v20.6 - https:\/\/yoast.com\/wordpress\/plugins\/seo\/ -->\n<title>Pas de \u00abcaves ouvertes\u00bb \u00e0 Pentec\u00f4te, mais des bons pour les vins vaudois - thomasvino<\/title>\n<meta name=\"robots\" content=\"index, follow, max-snippet:-1, max-image-preview:large, max-video-preview:-1\" \/>\n<link rel=\"canonical\" href=\"https:\/\/thomasvino.ch\/?p=17112\" \/>\n<meta property=\"og:locale\" content=\"fr_FR\" \/>\n<meta property=\"og:type\" content=\"article\" \/>\n<meta property=\"og:title\" content=\"Pas de \u00abcaves ouvertes\u00bb \u00e0 Pentec\u00f4te, mais des bons pour les vins vaudois - thomasvino\" \/>\n<meta property=\"og:description\" content=\"D\u00e8s le 1er f\u00e9vrier, sur le site www.mescavesouvertes.ch, qui permet de prendre rendez-vous avec un vigneron vaudois pour une d\u00e9gustation priv\u00e9e, des bons d\u2019achat avec un rabais de 20% seront disponibles. A \u00e9changer \u00e0 la cave, puisque la vente de vins n\u2019est pas suspendue, au contraire des d\u00e9gustations libres et en groupe, et de l\u2019acc\u00e8s [&hellip;]\" \/>\n<meta property=\"og:url\" content=\"https:\/\/thomasvino.ch\/?p=17112\" \/>\n<meta property=\"og:site_name\" content=\"thomasvino\" \/>\n<meta property=\"article:published_time\" content=\"2021-01-28T15:10:03+00:00\" \/>\n<meta property=\"article:modified_time\" content=\"2021-02-02T13:04:35+00:00\" \/>\n<meta name=\"author\" content=\"Pierre Thomas\" \/>\n<meta name=\"twitter:label1\" content=\"\u00c9crit par\" \/>\n\t<meta name=\"twitter:data1\" content=\"Pierre Thomas\" \/>\n\t<meta name=\"twitter:label2\" content=\"Dur\u00e9e de lecture estim\u00e9e\" \/>\n\t<meta name=\"twitter:data2\" content=\"1 minute\" \/>\n<script type=\"application\/ld+json\" class=\"yoast-schema-graph\">{\"@context\":\"https:\/\/schema.org\",\"@graph\":[{\"@type\":\"WebPage\",\"@id\":\"https:\/\/thomasvino.ch\/?p=17112\",\"url\":\"https:\/\/thomasvino.ch\/?p=17112\",\"name\":\"Pas de \u00abcaves ouvertes\u00bb \u00e0 Pentec\u00f4te, mais des bons pour les vins vaudois - thomasvino\",\"isPartOf\":{\"@id\":\"https:\/\/thomasvino.ch\/#website\"},\"datePublished\":\"2021-01-28T15:10:03+00:00\",\"dateModified\":\"2021-02-02T13:04:35+00:00\",\"author\":{\"@id\":\"https:\/\/thomasvino.ch\/#\/schema\/person\/670bf4486fe81152cf1d68bd585e062e\"},\"breadcrumb\":{\"@id\":\"https:\/\/thomasvino.ch\/?p=17112#breadcrumb\"},\"inLanguage\":\"fr-FR\",\"potentialAction\":[{\"@type\":\"ReadAction\",\"target\":[\"https:\/\/thomasvino.ch\/?p=17112\"]}]},{\"@type\":\"BreadcrumbList\",\"@id\":\"https:\/\/thomasvino.ch\/?p=17112#breadcrumb\",\"itemListElement\":[{\"@type\":\"ListItem\",\"position\":1,\"name\":\"Accueil\",\"item\":\"https:\/\/thomasvino.ch\/\"},{\"@type\":\"ListItem\",\"position\":2,\"name\":\"Pas de \u00abcaves ouvertes\u00bb \u00e0 Pentec\u00f4te, mais des bons pour les vins vaudois\"}]},{\"@type\":\"WebSite\",\"@id\":\"https:\/\/thomasvino.ch\/#website\",\"url\":\"https:\/\/thomasvino.ch\/\",\"name\":\"thomasvino\",\"description\":\"Vins &amp; Gastronomie\",\"potentialAction\":[{\"@type\":\"SearchAction\",\"target\":{\"@type\":\"EntryPoint\",\"urlTemplate\":\"https:\/\/thomasvino.ch\/?s={search_term_string}\"},\"query-input\":\"required name=search_term_string\"}],\"inLanguage\":\"fr-FR\"},{\"@type\":\"Person\",\"@id\":\"https:\/\/thomasvino.ch\/#\/schema\/person\/670bf4486fe81152cf1d68bd585e062e\",\"name\":\"Pierre Thomas\",\"image\":{\"@type\":\"ImageObject\",\"inLanguage\":\"fr-FR\",\"@id\":\"https:\/\/thomasvino.ch\/#\/schema\/person\/image\/\",\"url\":\"https:\/\/secure.gravatar.com\/avatar\/91fd5a76647f140e53db987a0dead4d7?s=96&d=mm&r=g\",\"contentUrl\":\"https:\/\/secure.gravatar.com\/avatar\/91fd5a76647f140e53db987a0dead4d7?s=96&d=mm&r=g\",\"caption\":\"Pierre Thomas\"},\"url\":\"https:\/\/thomasvino.ch\/?author=3\"}]}<\/script>\n<!-- \/ Yoast SEO plugin. -->","yoast_head_json":{"title":"Pas de \u00abcaves ouvertes\u00bb \u00e0 Pentec\u00f4te, mais des bons pour les vins vaudois - thomasvino","robots":{"index":"index","follow":"follow","max-snippet":"max-snippet:-1","max-image-preview":"max-image-preview:large","max-video-preview":"max-video-preview:-1"},"canonical":"https:\/\/thomasvino.ch\/?p=17112","og_locale":"fr_FR","og_type":"article","og_title":"Pas de \u00abcaves ouvertes\u00bb \u00e0 Pentec\u00f4te, mais des bons pour les vins vaudois - thomasvino","og_description":"D\u00e8s le 1er f\u00e9vrier, sur le site www.mescavesouvertes.ch, qui permet de prendre rendez-vous avec un vigneron vaudois pour une d\u00e9gustation priv\u00e9e, des bons d\u2019achat avec un rabais de 20% seront disponibles. A \u00e9changer \u00e0 la cave, puisque la vente de vins n\u2019est pas suspendue, au contraire des d\u00e9gustations libres et en groupe, et de l\u2019acc\u00e8s [&hellip;]","og_url":"https:\/\/thomasvino.ch\/?p=17112","og_site_name":"thomasvino","article_published_time":"2021-01-28T15:10:03+00:00","article_modified_time":"2021-02-02T13:04:35+00:00","author":"Pierre Thomas","twitter_misc":{"\u00c9crit par":"Pierre Thomas","Dur\u00e9e de lecture estim\u00e9e":"1 minute"},"schema":{"@context":"https:\/\/schema.org","@graph":[{"@type":"WebPage","@id":"https:\/\/thomasvino.ch\/?p=17112","url":"https:\/\/thomasvino.ch\/?p=17112","name":"Pas de \u00abcaves ouvertes\u00bb \u00e0 Pentec\u00f4te, mais des bons pour les vins vaudois - thomasvino","isPartOf":{"@id":"https:\/\/thomasvino.ch\/#website"},"datePublished":"2021-01-28T15:10:03+00:00","dateModified":"2021-02-02T13:04:35+00:00","author":{"@id":"https:\/\/thomasvino.ch\/#\/schema\/person\/670bf4486fe81152cf1d68bd585e062e"},"breadcrumb":{"@id":"https:\/\/thomasvino.ch\/?p=17112#breadcrumb"},"inLanguage":"fr-FR","potentialAction":[{"@type":"ReadAction","target":["https:\/\/thomasvino.ch\/?p=17112"]}]},{"@type":"BreadcrumbList","@id":"https:\/\/thomasvino.ch\/?p=17112#breadcrumb","itemListElement":[{"@type":"ListItem","position":1,"name":"Accueil","item":"https:\/\/thomasvino.ch\/"},{"@type":"ListItem","position":2,"name":"Pas de \u00abcaves ouvertes\u00bb \u00e0 Pentec\u00f4te, mais des bons pour les vins vaudois"}]},{"@type":"WebSite","@id":"https:\/\/thomasvino.ch\/#website","url":"https:\/\/thomasvino.ch\/","name":"thomasvino","description":"Vins &amp; Gastronomie","potentialAction":[{"@type":"SearchAction","target":{"@type":"EntryPoint","urlTemplate":"https:\/\/thomasvino.ch\/?s={search_term_string}"},"query-input":"required name=search_term_string"}],"inLanguage":"fr-FR"},{"@type":"Person","@id":"https:\/\/thomasvino.ch\/#\/schema\/person\/670bf4486fe81152cf1d68bd585e062e","name":"Pierre Thomas","image":{"@type":"ImageObject","inLanguage":"fr-FR","@id":"https:\/\/thomasvino.ch\/#\/schema\/person\/image\/","url":"https:\/\/secure.gravatar.com\/avatar\/91fd5a76647f140e53db987a0dead4d7?s=96&d=mm&r=g","contentUrl":"https:\/\/secure.gravatar.com\/avatar\/91fd5a76647f140e53db987a0dead4d7?s=96&d=mm&r=g","caption":"Pierre Thomas"},"url":"https:\/\/thomasvino.ch\/?author=3"}]}},"jetpack_featured_media_url":"","jetpack_sharing_enabled":true,"jetpack_shortlink":"https:\/\/wp.me\/p3m4tZ-4s0","jetpack_likes_enabled":false,"jetpack-related-posts":[{"id":8955,"url":"https:\/\/thomasvino.ch\/?p=8955","url_meta":{"origin":17112,"position":0},"title":"En 2010, des caves ouvertes \u00ab\u00e0 la vaudoise\u00bb aussi","date":"14 octobre 2009","format":false,"excerpt":"Derniers \u00e0 s'y mettre... Les Vaudois auront leurs \u00abcaves ouvertes\u00bb Derniers des Romands \u00e0 s'y mettre, les Vaudois auront leurs \u00abcaves ouvertes\u00bb \u00e0 la Pentec\u00f4te 2010. L\u2019esprit de clocher s\u2019est effac\u00e9 derri\u00e8re les arguments rassembleurs de l\u2019Office des vins vaudois (OVV). Par Pierre Thomas Ils s\u2019y sont tous mis pour\u2026","rel":"","context":"Dans &quot;Vins suisses&quot;","img":{"alt_text":"","src":"","width":0,"height":0},"classes":[]},{"id":17632,"url":"https:\/\/thomasvino.ch\/?p=17632","url_meta":{"origin":17112,"position":1},"title":"Au calendrier 2022: caves ouvertes vaudoises confirm\u00e9es!","date":"24 janvier 2022","format":false,"excerpt":"L'Office des vins vaudois (OVV) communique quelques dates concernant les crus du deuxi\u00e8me canton viticole... Lundi 7\u00a0mars 2022,\u00a0Zurich \u2014\u00a0Salon des Vins Vaudois Les\u00a0Premiers Grands Crus\u00a0et\u00a0Labels Terravin\u00a0(et l'Escargot rouge...) seront \u00e0 l'honneur lors de la 2e \u00e9dition du Salon des Vins Vaudois au Lake Side \u00e0 Z\u00fcrich. Infos et inscriptions sur\u00a0vinum.eu\u2026","rel":"","context":"Dans &quot;Actus - News&quot;","img":{"alt_text":"","src":"","width":0,"height":0},"classes":[]},{"id":16189,"url":"https:\/\/thomasvino.ch\/?p=16189","url_meta":{"origin":17112,"position":2},"title":"Arvinis \u00e0 Palexpo, une premi\u00e8re tr\u00e8s genevoise","date":"14 novembre 2019","format":false,"excerpt":"D\u2019aujourd\u2019hui, jeudi (11 h \u2013 21 h), \u00e0 dimanche soir, 17 novembre 20 h., le salon des vins Arvinis se tiendra au sein des Automnales, dans la halle 1 de Palexpo, \u00e0 Gen\u00e8ve-Cointrin. Double premi\u00e8re pour la manifestation, fond\u00e9e il y a pr\u00e8s d\u2019un quart de si\u00e8cle \u00e0 Morges\u00a0: elle\u2026","rel":"","context":"Dans &quot;Actualit\u00e9s&quot;","img":{"alt_text":"","src":"","width":0,"height":0},"classes":[]},{"id":9528,"url":"https:\/\/thomasvino.ch\/?p=9528","url_meta":{"origin":17112,"position":3},"title":"Vins de la Ville de Lausanne: 2\u00e8me gamme en vue","date":"7 f\u00e9vrier 2013","format":false,"excerpt":"Le deuxi\u00e8me samedi de d\u00e9cembre (soit le 8.12.2012), la traditionnelle vente aux ench\u00e8res des vins de la Ville de Lausanne, 210\u00e8me de rang, a permis au chef-lieu vaudois d\u2019engranger plus de 1,5 million de francs, en vendant \u00e0 l\u2019encan 150'000 litres de vins, durant pr\u00e8s de sept heures de temps!\u2026","rel":"","context":"Dans &quot;Vins suisses&quot;","img":{"alt_text":"","src":"https:\/\/i0.wp.com\/www.thomasvino.ch\/wp-content\/uploads\/2013\/02\/vins_ville_laus_neoetiq-272x300.jpg?resize=350%2C200","width":350,"height":200},"classes":[]},{"id":16976,"url":"https:\/\/thomasvino.ch\/?p=16976","url_meta":{"origin":17112,"position":4},"title":"Les vignerons valaisans d\u00e9charg\u00e9s de leurs cotisations","date":"30 novembre 2020","format":false,"excerpt":"C'est une d\u00e9p\u00eache de l'ATS, reprise par le site Internet du Nouvelliste qui l'annonce: le Canton du Valais paie la cotisation 2020 des vignerons \u00e0 l'IVV suisse.\u00a0L'Etat va puiser dans son budget pour aider les professionnels de la vigne en payant leurs cotisations \u00e0 l\u2019Interprofession de la vigne et des\u2026","rel":"","context":"Dans &quot;Actus - News&quot;","img":{"alt_text":"","src":"","width":0,"height":0},"classes":[]},{"id":9509,"url":"https:\/\/thomasvino.ch\/?p=9509","url_meta":{"origin":17112,"position":5},"title":"Vins de Lausanne: des chiffres \u00e0 la hausse","date":"8 d\u00e9cembre 2012","format":false,"excerpt":"Vins de la Ville de Lausanne Des chiffres (revus) \u00e0 la hausse La 210\u00e8me mise publique des vins de la Ville de Lausanne a permis au chef-lieu vaudois d\u2019encaisser un peu moins de 1,5 millions de francs (1,57 mios), samedi 8 d\u00e9cembre 2012. Un r\u00e9sultat financier imm\u00e9diat en l\u00e9ger retrait\u2026","rel":"","context":"Dans &quot;Actus - News&quot;","img":{"alt_text":"mise2012.jpg","src":"img\/mise2012.jpg","width":350,"height":200},"classes":[]}],"_links":{"self":[{"href":"https:\/\/thomasvino.ch\/index.php?rest_route=\/wp\/v2\/posts\/17112"}],"collection":[{"href":"https:\/\/thomasvino.ch\/index.php?rest_route=\/wp\/v2\/posts"}],"about":[{"href":"https:\/\/thomasvino.ch\/index.php?rest_route=\/wp\/v2\/types\/post"}],"author":[{"embeddable":true,"href":"https:\/\/thomasvino.ch\/index.php?rest_route=\/wp\/v2\/users\/3"}],"replies":[{"embeddable":true,"href":"https:\/\/thomasvino.ch\/index.php?rest_route=%2Fwp%2Fv2%2Fcomments&post=17112"}],"version-history":[{"count":2,"href":"https:\/\/thomasvino.ch\/index.php?rest_route=\/wp\/v2\/posts\/17112\/revisions"}],"predecessor-version":[{"id":17124,"href":"https:\/\/thomasvino.ch\/index.php?rest_route=\/wp\/v2\/posts\/17112\/revisions\/17124"}],"wp:attachment":[{"href":"https:\/\/thomasvino.ch\/index.php?rest_route=%2Fwp%2Fv2%2Fmedia&parent=17112"}],"wp:term":[{"taxonomy":"category","embeddable":true,"href":"https:\/\/thomasvino.ch\/index.php?rest_route=%2Fwp%2Fv2%2Fcategories&post=17112"},{"taxonomy":"post_tag","embeddable":true,"href":"https:\/\/thomasvino.ch\/index.php?rest_route=%2Fwp%2Fv2%2Ftags&post=17112"}],"curies":[{"name":"wp","href":"https:\/\/api.w.org\/{rel}","templated":true}]}}