{"id":17214,"date":"2021-04-05T15:23:25","date_gmt":"2021-04-05T14:23:25","guid":{"rendered":"https:\/\/thomasvino.ch\/?p=17214"},"modified":"2021-04-05T15:23:25","modified_gmt":"2021-04-05T14:23:25","slug":"une-page-se-tourne-a-geneve-pour-la-romanee","status":"publish","type":"post","link":"https:\/\/thomasvino.ch\/?p=17214","title":{"rendered":"Une page se tourne \u00e0 Gen\u00e8ve pour La Roman\u00e9e"},"content":{"rendered":"<p><strong>Le dimanche 18 avril, \u00e0 14 h., \u00e0 l\u2019H\u00f4tel Beau-Rivage, \u00e0 Gen\u00e8ve, la maison Baghera vendra aux ench\u00e8res 1926 flacons de vin rouge de Bourgogne, de 33 mill\u00e9simes, compris entre 1862 et 2005, en 332 lots. Un seul vin fait l\u2019objet de cette vente exceptionnelle\u00a0: le plus petit des grands crus de Bourgogne, <em>La Roman\u00e9e<\/em>, \u00e0 Vosnes. <\/strong><\/p>\n<p><a href=\"https:\/\/thomasvino.ch\/?attachment_id=17215\" rel=\"attachment wp-att-17215\"><img data-attachment-id=\"17215\" data-permalink=\"https:\/\/thomasvino.ch\/?attachment_id=17215\" data-orig-file=\"https:\/\/i0.wp.com\/thomasvino.ch\/wp-content\/uploads\/2021\/04\/mapromanee-1.jpeg?fit=555%2C562&amp;ssl=1\" data-orig-size=\"555,562\" data-comments-opened=\"0\" data-image-meta=\"{&quot;aperture&quot;:&quot;2.2&quot;,&quot;credit&quot;:&quot;&quot;,&quot;camera&quot;:&quot;iPhone 6&quot;,&quot;caption&quot;:&quot;&quot;,&quot;created_timestamp&quot;:&quot;1458468111&quot;,&quot;copyright&quot;:&quot;&quot;,&quot;focal_length&quot;:&quot;4.15&quot;,&quot;iso&quot;:&quot;80&quot;,&quot;shutter_speed&quot;:&quot;0.033333333333333&quot;,&quot;title&quot;:&quot;&quot;,&quot;orientation&quot;:&quot;1&quot;}\" data-image-title=\"map+romanee (1)\" data-image-description=\"\" data-image-caption=\"\" data-medium-file=\"https:\/\/i0.wp.com\/thomasvino.ch\/wp-content\/uploads\/2021\/04\/mapromanee-1.jpeg?fit=296%2C300&amp;ssl=1\" data-large-file=\"https:\/\/i0.wp.com\/thomasvino.ch\/wp-content\/uploads\/2021\/04\/mapromanee-1.jpeg?fit=555%2C562&amp;ssl=1\" loading=\"lazy\" class=\"alignleft size-medium wp-image-17215\" src=\"https:\/\/i0.wp.com\/thomasvino.ch\/wp-content\/uploads\/2021\/04\/mapromanee-1.jpeg?resize=296%2C300&#038;ssl=1\" alt=\"\" width=\"296\" height=\"300\" srcset=\"https:\/\/i0.wp.com\/thomasvino.ch\/wp-content\/uploads\/2021\/04\/mapromanee-1.jpeg?resize=296%2C300&amp;ssl=1 296w, https:\/\/i0.wp.com\/thomasvino.ch\/wp-content\/uploads\/2021\/04\/mapromanee-1.jpeg?resize=37%2C37&amp;ssl=1 37w, https:\/\/i0.wp.com\/thomasvino.ch\/wp-content\/uploads\/2021\/04\/mapromanee-1.jpeg?w=555&amp;ssl=1 555w\" sizes=\"(max-width: 296px) 100vw, 296px\" data-recalc-dims=\"1\" \/><\/a>Il s\u2019agit des derni\u00e8res bouteilles entrepos\u00e9es dans les caves de la <strong>Maison Bouchard P\u00e8re &amp; Fils<\/strong>, \u00e0 Beaune. Couch\u00e9es \u00abnues\u00bb et en piles, il a fallu les habiller pour l\u2019occasion. Les \u0153nologues de la maison de n\u00e9goce ont utilis\u00e9 le seul instrument utile \u2014 leur nez et leurs papilles \u2014 pour valider le contenu des flacons. Une \u00e9tiquette <em>\u00abcustomis\u00e9e\u00bb<\/em> marquant l\u2019occasion a \u00e9t\u00e9 appos\u00e9e sur chaque bouteille, dont le bouchon a \u00e9t\u00e9 v\u00e9rifi\u00e9 et r\u00e9guli\u00e8rement chang\u00e9, puis coiff\u00e9 \u00e0 neuf de cire.<\/p>\n<p><strong>Avec ses 8452 m2, La Roman\u00e9e est plus petite que sa voisine La Roman\u00e9e Conti (1,81 ha) <\/strong><em>(carte ci-contre, tir\u00e9e de Vinous.com).\u00a0<\/em>Depuis 1815, elle a \u00e9t\u00e9 travaill\u00e9e par plusieurs vignerons et son pinot noir vendu en f\u00fbts \u00e0 divers n\u00e9gociants. <strong>De 1976 \u00e0 2001, Bouchard P\u00e8re &amp; Fils en a eu l\u2019exclusivit\u00e9.\u00a0<\/strong>D\u00e8s 2002, la famille propri\u00e9taire historique de la parcelle, <strong>Liger-Belair,<\/strong> a repris la main.<\/p>\n<p>Sur Internet, les mill\u00e9simes disponibles, vinifi\u00e9s par le n\u00e9gociant beaunois, sont propos\u00e9s \u00e0 un peu plus de 1&rsquo;000 francs suisses la bouteille. Apr\u00e8s 2006 et la reprise compl\u00e8te par le <strong>Domaine Liger-Belair<\/strong>, le prix de la bouteille, toujours sur Internet, a \u00e9t\u00e9 multipli\u00e9 par six ou sept, redonnant de l\u2019allant \u00e0 ce grand cru, au sommet de la hi\u00e9rarchie bourguignonne emmen\u00e9e par sa voisine le <strong>Domaine de la Roman\u00e9e Conti<\/strong>. Ce qui explique pourquoi le n\u00e9gociant, propri\u00e9t\u00e9 de la famille des champagnes Henriot, entend tourner la page de ce cru qui ne la concerne plus&#8230;<em> (PTs)<\/em><\/p>\n<p><em>Catalogue\u00a0:<\/em><\/p>\n<p><a href=\"https:\/\/www.bagherawines.auction\/fr\/catalogue\/voir\/57\">https:\/\/www.bagherawines.auction\/fr\/catalogue\/voir\/57<\/a><\/p>\n<p><em>Clip de promo\u00a0:<\/em><\/p>\n<p><a href=\"https:\/\/www.youtube.com\/watch?v=X9b3SOLR1S0&amp;t=151s\">https:\/\/www.youtube.com\/watch?v=X9b3SOLR1S0&amp;t=151s<\/a><\/p>\n<p><em>V.O. augment\u00e9e de l&rsquo;article paru le 28 mars dans le magazine encore!<\/em><\/p>\n<p><em>\u00a9thomasvino.ch<\/em><\/p>\n","protected":false},"excerpt":{"rendered":"<p>Le dimanche 18 avril, \u00e0 14 h., \u00e0 l\u2019H\u00f4tel Beau-Rivage, \u00e0 Gen\u00e8ve, la maison Baghera vendra aux ench\u00e8res 1926 flacons de vin rouge de Bourgogne, de 33 mill\u00e9simes, compris entre 1862 et 2005, en 332 lots. Un seul vin fait l\u2019objet de cette vente exceptionnelle\u00a0: le plus petit des grands crus de Bourgogne, La Roman\u00e9e, [&hellip;]<\/p>\n","protected":false},"author":3,"featured_media":0,"comment_status":"closed","ping_status":"open","sticky":false,"template":"","format":"standard","meta":{"_monsterinsights_skip_tracking":false,"_monsterinsights_sitenote_active":false,"_monsterinsights_sitenote_note":"","_monsterinsights_sitenote_category":0,"jetpack_post_was_ever_published":false,"jetpack_publicize_message":"","jetpack_is_tweetstorm":false,"jetpack_publicize_feature_enabled":true,"jetpack_social_post_already_shared":true,"jetpack_social_options":{"image_generator_settings":{"template":"highway","enabled":false}}},"categories":[29],"tags":[],"jetpack_publicize_connections":[],"yoast_head":"<!-- This site is optimized with the Yoast SEO plugin v20.6 - https:\/\/yoast.com\/wordpress\/plugins\/seo\/ -->\n<title>Une page se tourne \u00e0 Gen\u00e8ve pour La Roman\u00e9e - thomasvino<\/title>\n<meta name=\"robots\" content=\"index, follow, max-snippet:-1, max-image-preview:large, max-video-preview:-1\" \/>\n<link rel=\"canonical\" href=\"https:\/\/thomasvino.ch\/?p=17214\" \/>\n<meta property=\"og:locale\" content=\"fr_FR\" \/>\n<meta property=\"og:type\" content=\"article\" \/>\n<meta property=\"og:title\" content=\"Une page se tourne \u00e0 Gen\u00e8ve pour La Roman\u00e9e - thomasvino\" \/>\n<meta property=\"og:description\" content=\"Le dimanche 18 avril, \u00e0 14 h., \u00e0 l\u2019H\u00f4tel Beau-Rivage, \u00e0 Gen\u00e8ve, la maison Baghera vendra aux ench\u00e8res 1926 flacons de vin rouge de Bourgogne, de 33 mill\u00e9simes, compris entre 1862 et 2005, en 332 lots. Un seul vin fait l\u2019objet de cette vente exceptionnelle\u00a0: le plus petit des grands crus de Bourgogne, La Roman\u00e9e, [&hellip;]\" \/>\n<meta property=\"og:url\" content=\"https:\/\/thomasvino.ch\/?p=17214\" \/>\n<meta property=\"og:site_name\" content=\"thomasvino\" \/>\n<meta property=\"article:published_time\" content=\"2021-04-05T14:23:25+00:00\" \/>\n<meta property=\"og:image\" content=\"https:\/\/thomasvino.ch\/wp-content\/uploads\/2021\/04\/mapromanee-1-296x300.jpeg\" \/>\n<meta name=\"author\" content=\"Pierre Thomas\" \/>\n<meta name=\"twitter:label1\" content=\"\u00c9crit par\" \/>\n\t<meta name=\"twitter:data1\" content=\"Pierre Thomas\" \/>\n\t<meta name=\"twitter:label2\" content=\"Dur\u00e9e de lecture estim\u00e9e\" \/>\n\t<meta name=\"twitter:data2\" content=\"2 minutes\" \/>\n<script type=\"application\/ld+json\" class=\"yoast-schema-graph\">{\"@context\":\"https:\/\/schema.org\",\"@graph\":[{\"@type\":\"WebPage\",\"@id\":\"https:\/\/thomasvino.ch\/?p=17214\",\"url\":\"https:\/\/thomasvino.ch\/?p=17214\",\"name\":\"Une page se tourne \u00e0 Gen\u00e8ve pour La Roman\u00e9e - thomasvino\",\"isPartOf\":{\"@id\":\"https:\/\/thomasvino.ch\/#website\"},\"datePublished\":\"2021-04-05T14:23:25+00:00\",\"dateModified\":\"2021-04-05T14:23:25+00:00\",\"author\":{\"@id\":\"https:\/\/thomasvino.ch\/#\/schema\/person\/670bf4486fe81152cf1d68bd585e062e\"},\"breadcrumb\":{\"@id\":\"https:\/\/thomasvino.ch\/?p=17214#breadcrumb\"},\"inLanguage\":\"fr-FR\",\"potentialAction\":[{\"@type\":\"ReadAction\",\"target\":[\"https:\/\/thomasvino.ch\/?p=17214\"]}]},{\"@type\":\"BreadcrumbList\",\"@id\":\"https:\/\/thomasvino.ch\/?p=17214#breadcrumb\",\"itemListElement\":[{\"@type\":\"ListItem\",\"position\":1,\"name\":\"Accueil\",\"item\":\"https:\/\/thomasvino.ch\/\"},{\"@type\":\"ListItem\",\"position\":2,\"name\":\"Une page se tourne \u00e0 Gen\u00e8ve pour La Roman\u00e9e\"}]},{\"@type\":\"WebSite\",\"@id\":\"https:\/\/thomasvino.ch\/#website\",\"url\":\"https:\/\/thomasvino.ch\/\",\"name\":\"thomasvino\",\"description\":\"Vins &amp; Gastronomie\",\"potentialAction\":[{\"@type\":\"SearchAction\",\"target\":{\"@type\":\"EntryPoint\",\"urlTemplate\":\"https:\/\/thomasvino.ch\/?s={search_term_string}\"},\"query-input\":\"required name=search_term_string\"}],\"inLanguage\":\"fr-FR\"},{\"@type\":\"Person\",\"@id\":\"https:\/\/thomasvino.ch\/#\/schema\/person\/670bf4486fe81152cf1d68bd585e062e\",\"name\":\"Pierre Thomas\",\"image\":{\"@type\":\"ImageObject\",\"inLanguage\":\"fr-FR\",\"@id\":\"https:\/\/thomasvino.ch\/#\/schema\/person\/image\/\",\"url\":\"https:\/\/secure.gravatar.com\/avatar\/91fd5a76647f140e53db987a0dead4d7?s=96&d=mm&r=g\",\"contentUrl\":\"https:\/\/secure.gravatar.com\/avatar\/91fd5a76647f140e53db987a0dead4d7?s=96&d=mm&r=g\",\"caption\":\"Pierre Thomas\"},\"url\":\"https:\/\/thomasvino.ch\/?author=3\"}]}<\/script>\n<!-- \/ Yoast SEO plugin. -->","yoast_head_json":{"title":"Une page se tourne \u00e0 Gen\u00e8ve pour La Roman\u00e9e - thomasvino","robots":{"index":"index","follow":"follow","max-snippet":"max-snippet:-1","max-image-preview":"max-image-preview:large","max-video-preview":"max-video-preview:-1"},"canonical":"https:\/\/thomasvino.ch\/?p=17214","og_locale":"fr_FR","og_type":"article","og_title":"Une page se tourne \u00e0 Gen\u00e8ve pour La Roman\u00e9e - thomasvino","og_description":"Le dimanche 18 avril, \u00e0 14 h., \u00e0 l\u2019H\u00f4tel Beau-Rivage, \u00e0 Gen\u00e8ve, la maison Baghera vendra aux ench\u00e8res 1926 flacons de vin rouge de Bourgogne, de 33 mill\u00e9simes, compris entre 1862 et 2005, en 332 lots. Un seul vin fait l\u2019objet de cette vente exceptionnelle\u00a0: le plus petit des grands crus de Bourgogne, La Roman\u00e9e, [&hellip;]","og_url":"https:\/\/thomasvino.ch\/?p=17214","og_site_name":"thomasvino","article_published_time":"2021-04-05T14:23:25+00:00","og_image":[{"url":"https:\/\/thomasvino.ch\/wp-content\/uploads\/2021\/04\/mapromanee-1-296x300.jpeg"}],"author":"Pierre Thomas","twitter_misc":{"\u00c9crit par":"Pierre Thomas","Dur\u00e9e de lecture estim\u00e9e":"2 minutes"},"schema":{"@context":"https:\/\/schema.org","@graph":[{"@type":"WebPage","@id":"https:\/\/thomasvino.ch\/?p=17214","url":"https:\/\/thomasvino.ch\/?p=17214","name":"Une page se tourne \u00e0 Gen\u00e8ve pour La Roman\u00e9e - thomasvino","isPartOf":{"@id":"https:\/\/thomasvino.ch\/#website"},"datePublished":"2021-04-05T14:23:25+00:00","dateModified":"2021-04-05T14:23:25+00:00","author":{"@id":"https:\/\/thomasvino.ch\/#\/schema\/person\/670bf4486fe81152cf1d68bd585e062e"},"breadcrumb":{"@id":"https:\/\/thomasvino.ch\/?p=17214#breadcrumb"},"inLanguage":"fr-FR","potentialAction":[{"@type":"ReadAction","target":["https:\/\/thomasvino.ch\/?p=17214"]}]},{"@type":"BreadcrumbList","@id":"https:\/\/thomasvino.ch\/?p=17214#breadcrumb","itemListElement":[{"@type":"ListItem","position":1,"name":"Accueil","item":"https:\/\/thomasvino.ch\/"},{"@type":"ListItem","position":2,"name":"Une page se tourne \u00e0 Gen\u00e8ve pour La Roman\u00e9e"}]},{"@type":"WebSite","@id":"https:\/\/thomasvino.ch\/#website","url":"https:\/\/thomasvino.ch\/","name":"thomasvino","description":"Vins &amp; Gastronomie","potentialAction":[{"@type":"SearchAction","target":{"@type":"EntryPoint","urlTemplate":"https:\/\/thomasvino.ch\/?s={search_term_string}"},"query-input":"required name=search_term_string"}],"inLanguage":"fr-FR"},{"@type":"Person","@id":"https:\/\/thomasvino.ch\/#\/schema\/person\/670bf4486fe81152cf1d68bd585e062e","name":"Pierre Thomas","image":{"@type":"ImageObject","inLanguage":"fr-FR","@id":"https:\/\/thomasvino.ch\/#\/schema\/person\/image\/","url":"https:\/\/secure.gravatar.com\/avatar\/91fd5a76647f140e53db987a0dead4d7?s=96&d=mm&r=g","contentUrl":"https:\/\/secure.gravatar.com\/avatar\/91fd5a76647f140e53db987a0dead4d7?s=96&d=mm&r=g","caption":"Pierre Thomas"},"url":"https:\/\/thomasvino.ch\/?author=3"}]}},"jetpack_featured_media_url":"","jetpack_sharing_enabled":true,"jetpack_shortlink":"https:\/\/wp.me\/p3m4tZ-4tE","jetpack_likes_enabled":false,"jetpack-related-posts":[{"id":13578,"url":"https:\/\/thomasvino.ch\/?p=13578","url_meta":{"origin":17214,"position":0},"title":"Ventes aux ench\u00e8res de vins  Gen\u00e8ve relanc\u00e9e","date":"18 mai 2016","format":false,"excerpt":"La vente aux ench\u00e8res de vins s\u2019est d\u00e9plac\u00e9e vers Londres, mais surtout \u00e0 New York et \u00e0 Hong Kong, les Am\u00e9ricains et les Chinois \u00e9tant les plus grands acheteurs de vins fins. Pourtant, \u00e0 Gen\u00e8ve, depuis l\u2019automne pass\u00e9, Baghera, une petite maison anim\u00e9e par Michael Ganne, veut faire revivre ces\u2026","rel":"","context":"Dans &quot;Tendance&quot;","img":{"alt_text":"","src":"","width":0,"height":0},"classes":[]},{"id":15975,"url":"https:\/\/thomasvino.ch\/?p=15975","url_meta":{"origin":17214,"position":1},"title":"Quand tout va par neuf chez Krug","date":"15 ao\u00fbt 2019","format":false,"excerpt":"Cela fait vingt ans (janvier 1999) que Krug a \u00e9t\u00e9 rachet\u00e9 par le groupe LVMH. La maison de Reims reste dirig\u00e9e par un Krug, Olivier, de passage \u00e0 Gstaad pour une \u00abperformance\u00bb exclusive. Par Pierre Thomas Dans un monde d\u2019\u0153nologues et de managers \u2014 depuis 2009, le PDG de la\u2026","rel":"","context":"Dans &quot;Tendance&quot;","img":{"alt_text":"","src":"https:\/\/i0.wp.com\/thomasvino.ch\/wp-content\/uploads\/2019\/07\/hg_okrug_gsdaad-300x200.jpg?resize=350%2C200&ssl=1","width":350,"height":200},"classes":[]},{"id":9484,"url":"https:\/\/thomasvino.ch\/?p=9484","url_meta":{"origin":17214,"position":2},"title":"Quand l&rsquo;AOC ne fait pas la r\u00e9putation","date":"1 novembre 2012","format":false,"excerpt":"Le syst\u00e8me fran\u00e7ais des \u00abappellations d\u2019origine contr\u00f4l\u00e9e\u00bb (AOC) a servi de mod\u00e8le \u00e0 la protection des produits agricoles. Mais \u00able gourou du vin\u00bb Michel Rolland n\u2019h\u00e9site pas \u00e0 \u00e9crire: \u00abDans le m\u00e9tier, on le sait, les appellations n\u2019ont jamais fait les bons vins.\u00bb Illustration \u00e0 l\u2019aide de quelques exemples. Par\u2026","rel":"","context":"Dans &quot;Tendance&quot;","img":{"alt_text":"romconti_croix14eme.jpg","src":"img\/romconti_croix14eme.jpg","width":350,"height":200},"classes":[]},{"id":9353,"url":"https:\/\/thomasvino.ch\/?p=9353","url_meta":{"origin":17214,"position":3},"title":"Vigneron, un m\u00e9tier contemplatif","date":"6 avril 2012","format":false,"excerpt":"Bourgogne: miser sur le bon cheval L'excellent magazine Bourgogne Aujourd'hui \u2014 r\u00e9alis\u00e9 par des journalistes ind\u00e9pendants dans une grande r\u00e9gion viticole \u2014 dans son no 105 de mars 2012 consacre sa grande interview au jeune producteur (39 ans) Louis-Michel Liger-Belair, descendant de g\u00e9n\u00e9raux au service de la France. Mais surtout\u2026","rel":"","context":"Dans &quot;Actus - News&quot;","img":{"alt_text":"cheval_bourg.jpg","src":"img\/cheval_bourg.jpg","width":350,"height":200},"classes":[]},{"id":10484,"url":"https:\/\/thomasvino.ch\/?p=10484","url_meta":{"origin":17214,"position":4},"title":"Quand l\u2019\u00e9tiquette fait la force","date":"15 avril 2013","format":false,"excerpt":"Le monde du vin est fait d\u2019individualistes. Chaque vigneron assume son \u00e9tiquette et chaque consommateur appr\u00e9cie le vin comme il le d\u00e9guste. Mais il arrive que des Suisses se la jouent une pour tous, tous pour une\u2026\u00e9tiquette. Illustration en forme de triptyque. Pierre Thomas Le pinot noir est le c\u00e9page\u2026","rel":"","context":"Dans &quot;Actualit\u00e9s&quot;","img":{"alt_text":"","src":"","width":0,"height":0},"classes":[]},{"id":8994,"url":"https:\/\/thomasvino.ch\/?p=8994","url_meta":{"origin":17214,"position":5},"title":"Bourgogne: les 20 ans de vinif&rsquo; de Jean-Nicolas M\u00e9o","date":"28 janvier 2010","format":false,"excerpt":"Domaine M\u00e9o-Camuzet, Vosne-Roman\u00e9e La continuit\u00e9 bourguignonne La Bourgogne exerce toujours de\u00a0fascination chez les amateurs de vins. A condition de viser l\u2019excellence. Chez les M\u00e9o, p\u00e8re et fils, cela dure depuis cinquante ans. En exclusivit\u00e9 \u00e0 la fin de ce texte, le compte rendu d'une d\u00e9gustation pour les vingt ans de\u2026","rel":"","context":"Dans &quot;Vins fran\u00e7ais&quot;","img":{"alt_text":"meo_pts.jpg","src":"img\/meo_pts.jpg","width":350,"height":200},"classes":[]}],"_links":{"self":[{"href":"https:\/\/thomasvino.ch\/index.php?rest_route=\/wp\/v2\/posts\/17214"}],"collection":[{"href":"https:\/\/thomasvino.ch\/index.php?rest_route=\/wp\/v2\/posts"}],"about":[{"href":"https:\/\/thomasvino.ch\/index.php?rest_route=\/wp\/v2\/types\/post"}],"author":[{"embeddable":true,"href":"https:\/\/thomasvino.ch\/index.php?rest_route=\/wp\/v2\/users\/3"}],"replies":[{"embeddable":true,"href":"https:\/\/thomasvino.ch\/index.php?rest_route=%2Fwp%2Fv2%2Fcomments&post=17214"}],"version-history":[{"count":1,"href":"https:\/\/thomasvino.ch\/index.php?rest_route=\/wp\/v2\/posts\/17214\/revisions"}],"predecessor-version":[{"id":17216,"href":"https:\/\/thomasvino.ch\/index.php?rest_route=\/wp\/v2\/posts\/17214\/revisions\/17216"}],"wp:attachment":[{"href":"https:\/\/thomasvino.ch\/index.php?rest_route=%2Fwp%2Fv2%2Fmedia&parent=17214"}],"wp:term":[{"taxonomy":"category","embeddable":true,"href":"https:\/\/thomasvino.ch\/index.php?rest_route=%2Fwp%2Fv2%2Fcategories&post=17214"},{"taxonomy":"post_tag","embeddable":true,"href":"https:\/\/thomasvino.ch\/index.php?rest_route=%2Fwp%2Fv2%2Ftags&post=17214"}],"curies":[{"name":"wp","href":"https:\/\/api.w.org\/{rel}","templated":true}]}}