{"id":17237,"date":"2021-04-25T13:41:50","date_gmt":"2021-04-25T12:41:50","guid":{"rendered":"https:\/\/thomasvino.ch\/?p=17237"},"modified":"2021-05-26T14:10:03","modified_gmt":"2021-05-26T13:10:03","slug":"ti-intrigante-etiquette","status":"publish","type":"post","link":"https:\/\/thomasvino.ch\/?p=17237","title":{"rendered":"Bonne bouche: T 4 \u2014 Intrigante \u00e9tiquette"},"content":{"rendered":"<p>On connaissait cette ironique version de l\u2019ic\u00f4nique <em>\u00abQuattromani\u00bb<\/em>, le merlot haut de gamme commun aux quatre plus gros encaveurs du Tessin (<strong>Gialdi, Brivio, Tamborini, Delea<\/strong>). Ils s\u2019\u00e9taient aussi mis \u00e0 quatre jeunes vignerons, des quatre coins du canton, il y a 18 ans, pour faire leur cuv\u00e9e. Depuis, ils sont six, et m\u00eame huit, si l\u2019on compte les fr\u00e8res <strong>Marcionetti<\/strong> et <strong>Rossi<\/strong>, qui s\u2019ajoutent aux fondateurs, <strong>Enrico Trapletti<\/strong> et <strong>Nicola Corti<\/strong>, puis \u00e0 <strong>Giancarlo Pestoni<\/strong> et au petit dernier, au grand talent, <strong>Sacha Pelossi<\/strong>. Comme une fine \u00e9quipe de <em>\u00abmousquetaires\u00bb<\/em> qui auraient vu double\u2026<\/p>\n<p><a href=\"https:\/\/thomasvino.ch\/?attachment_id=17238\" rel=\"attachment wp-att-17238\"><img data-attachment-id=\"17238\" data-permalink=\"https:\/\/thomasvino.ch\/?attachment_id=17238\" data-orig-file=\"https:\/\/i0.wp.com\/thomasvino.ch\/wp-content\/uploads\/2021\/04\/T4-photocopie-2-scaled.jpg?fit=1691%2C2560&amp;ssl=1\" data-orig-size=\"1691,2560\" data-comments-opened=\"0\" data-image-meta=\"{&quot;aperture&quot;:&quot;36&quot;,&quot;credit&quot;:&quot;&quot;,&quot;camera&quot;:&quot;NIKON D700&quot;,&quot;caption&quot;:&quot;&quot;,&quot;created_timestamp&quot;:&quot;1601548535&quot;,&quot;copyright&quot;:&quot;&quot;,&quot;focal_length&quot;:&quot;60&quot;,&quot;iso&quot;:&quot;200&quot;,&quot;shutter_speed&quot;:&quot;0.00625&quot;,&quot;title&quot;:&quot;&quot;,&quot;orientation&quot;:&quot;1&quot;}\" data-image-title=\"T4 + photocopie 2\" data-image-description=\"\" data-image-caption=\"\" data-medium-file=\"https:\/\/i0.wp.com\/thomasvino.ch\/wp-content\/uploads\/2021\/04\/T4-photocopie-2-scaled.jpg?fit=198%2C300&amp;ssl=1\" data-large-file=\"https:\/\/i0.wp.com\/thomasvino.ch\/wp-content\/uploads\/2021\/04\/T4-photocopie-2-scaled.jpg?fit=677%2C1024&amp;ssl=1\" loading=\"lazy\" class=\"alignleft size-medium wp-image-17238\" src=\"https:\/\/i0.wp.com\/thomasvino.ch\/wp-content\/uploads\/2021\/04\/T4-photocopie-2.jpg?resize=198%2C300&#038;ssl=1\" alt=\"\" width=\"198\" height=\"300\" srcset=\"https:\/\/i0.wp.com\/thomasvino.ch\/wp-content\/uploads\/2021\/04\/T4-photocopie-2-scaled.jpg?resize=198%2C300&amp;ssl=1 198w, https:\/\/i0.wp.com\/thomasvino.ch\/wp-content\/uploads\/2021\/04\/T4-photocopie-2-scaled.jpg?resize=677%2C1024&amp;ssl=1 677w, https:\/\/i0.wp.com\/thomasvino.ch\/wp-content\/uploads\/2021\/04\/T4-photocopie-2-scaled.jpg?resize=768%2C1162&amp;ssl=1 768w, https:\/\/i0.wp.com\/thomasvino.ch\/wp-content\/uploads\/2021\/04\/T4-photocopie-2-scaled.jpg?resize=1015%2C1536&amp;ssl=1 1015w, https:\/\/i0.wp.com\/thomasvino.ch\/wp-content\/uploads\/2021\/04\/T4-photocopie-2-scaled.jpg?resize=1353%2C2048&amp;ssl=1 1353w, https:\/\/i0.wp.com\/thomasvino.ch\/wp-content\/uploads\/2021\/04\/T4-photocopie-2-scaled.jpg?w=1691&amp;ssl=1 1691w\" sizes=\"(max-width: 198px) 100vw, 198px\" data-recalc-dims=\"1\" \/><\/a>Chacun r\u00e9serve une des barriques de son merlot favori, \u00e9lev\u00e9 presque deux ans dans sa cave. Puis l\u2019am\u00e8ne chez <strong>Nicola Corti<\/strong>, \u00e0 Balerna, pr\u00e8s de Chiasso. Ce dernier assemble le tout et renvoie aux producteurs quelque 300 litres mis sous verre, que chacun se charge de vendre \u00e0 ses clients. Cette version 2017, souple, juteuse, fra\u00eeche et d\u2019une agr\u00e9able longueur, est munie d\u2019une \u00e9tiquette sp\u00e9ciale. Et unique\u00a0!<\/p>\n<p>Jusqu\u2019ici, le vin \u00e9tait une <em>\u00abd\u00e9nomination d\u2019origine contr\u00f4l\u00e9e\u00bb<\/em> (DOC, soit AOC en fran\u00e7ais). Mais un petit malin a relev\u00e9 qu\u2019un des apports semblait \u00eatre du vin d\u2019<em>\u00abindication g\u00e9ographique de la Suisse italienne\u00bb<\/em> (IGT)\u00a0: par cons\u00e9quent, obligation de d\u00e9classer le tout. Comme l\u2019\u00e9tiquette <em>\u00abhistorique\u00bb<\/em> de ce litre de merlot affichait un TI 4 avec l\u2019\u00e9cusson rouge et bleu de la plaque min\u00e9ralogique, elle tombait sous l\u2019interdiction, pour une IGT, d\u2019\u00e9voquer une quelconque origine. Avec deux c\u0153urs au recto, pour \u00abce vin d\u2019amiti\u00e9\u00bb, et un c\u0153ur bris\u00e9 au verso, et la mention T 4 (au lieu de TI 4), le double quatuor a corrig\u00e9 le tir\u2026<\/p>\n<p>Mais <strong>Nicola Corti<\/strong> l\u2019annonce d\u00e9j\u00e0, avec le 2018, les <em>\u00abmousquetaires\u00bb<\/em> devraient revenir \u00e0 la version originelle. La vignette 2017 deviendra donc <em>\u00abcollector\u00bb<\/em>, avec son dicton\u00a0en patois tessinois\u00a0: <em>\u00ab\u2026e che do ball\u00bb<\/em>. En fran\u00e7ais, on aurait dit <em>\u00abl\u00e2chez-nous la grappe\u00bb\u00a0!<\/em><\/p>\n<p><strong>L\u2019\u00e9tiquette\u00a0:<\/strong> T4 2017 <em>\u00abVino rosso con indicazione geographica tipica della Svizzera italiana\u00bb<\/em><\/p>\n<p><strong>Le prix\u00a0:<\/strong> 69 fr. (le litre)<\/p>\n<p><strong>L\u2019adresse<\/strong>\u00a0: vino@fratellicorti.ch<\/p>\n<p><em>\u00a9 Photo Martine Dutruit<\/em><\/p>\n<p><em>Paru dans encore\u00a0! novembre 2020.<\/em><\/p>\n","protected":false},"excerpt":{"rendered":"<p>On connaissait cette ironique version de l\u2019ic\u00f4nique \u00abQuattromani\u00bb, le merlot haut de gamme commun aux quatre plus gros encaveurs du Tessin (Gialdi, Brivio, Tamborini, Delea). Ils s\u2019\u00e9taient aussi mis \u00e0 quatre jeunes vignerons, des quatre coins du canton, il y a 18 ans, pour faire leur cuv\u00e9e. Depuis, ils sont six, et m\u00eame huit, si [&hellip;]<\/p>\n","protected":false},"author":3,"featured_media":0,"comment_status":"closed","ping_status":"open","sticky":false,"template":"","format":"standard","meta":{"_monsterinsights_skip_tracking":false,"_monsterinsights_sitenote_active":false,"_monsterinsights_sitenote_note":"","_monsterinsights_sitenote_category":0,"jetpack_post_was_ever_published":false,"jetpack_publicize_message":"TI \u2014 Intrigante \u00e9tiquette","jetpack_is_tweetstorm":false,"jetpack_publicize_feature_enabled":true,"jetpack_social_post_already_shared":true,"jetpack_social_options":{"image_generator_settings":{"template":"highway","enabled":false}}},"categories":[1433],"tags":[],"jetpack_publicize_connections":[],"yoast_head":"<!-- This site is optimized with the Yoast SEO plugin v20.6 - https:\/\/yoast.com\/wordpress\/plugins\/seo\/ -->\n<title>Bonne bouche: T 4 \u2014 Intrigante \u00e9tiquette - thomasvino<\/title>\n<meta name=\"robots\" content=\"index, follow, max-snippet:-1, max-image-preview:large, max-video-preview:-1\" \/>\n<link rel=\"canonical\" href=\"https:\/\/thomasvino.ch\/?p=17237\" \/>\n<meta property=\"og:locale\" content=\"fr_FR\" \/>\n<meta property=\"og:type\" content=\"article\" \/>\n<meta property=\"og:title\" content=\"Bonne bouche: T 4 \u2014 Intrigante \u00e9tiquette - thomasvino\" \/>\n<meta property=\"og:description\" content=\"On connaissait cette ironique version de l\u2019ic\u00f4nique \u00abQuattromani\u00bb, le merlot haut de gamme commun aux quatre plus gros encaveurs du Tessin (Gialdi, Brivio, Tamborini, Delea). Ils s\u2019\u00e9taient aussi mis \u00e0 quatre jeunes vignerons, des quatre coins du canton, il y a 18 ans, pour faire leur cuv\u00e9e. Depuis, ils sont six, et m\u00eame huit, si [&hellip;]\" \/>\n<meta property=\"og:url\" content=\"https:\/\/thomasvino.ch\/?p=17237\" \/>\n<meta property=\"og:site_name\" content=\"thomasvino\" \/>\n<meta property=\"article:published_time\" content=\"2021-04-25T12:41:50+00:00\" \/>\n<meta property=\"article:modified_time\" content=\"2021-05-26T13:10:03+00:00\" \/>\n<meta property=\"og:image\" content=\"https:\/\/thomasvino.ch\/wp-content\/uploads\/2021\/04\/T4-photocopie-2-198x300.jpg\" \/>\n<meta name=\"author\" content=\"Pierre Thomas\" \/>\n<meta name=\"twitter:label1\" content=\"\u00c9crit par\" \/>\n\t<meta name=\"twitter:data1\" content=\"Pierre Thomas\" \/>\n\t<meta name=\"twitter:label2\" content=\"Dur\u00e9e de lecture estim\u00e9e\" \/>\n\t<meta name=\"twitter:data2\" content=\"2 minutes\" \/>\n<script type=\"application\/ld+json\" class=\"yoast-schema-graph\">{\"@context\":\"https:\/\/schema.org\",\"@graph\":[{\"@type\":\"WebPage\",\"@id\":\"https:\/\/thomasvino.ch\/?p=17237\",\"url\":\"https:\/\/thomasvino.ch\/?p=17237\",\"name\":\"Bonne bouche: T 4 \u2014 Intrigante \u00e9tiquette - thomasvino\",\"isPartOf\":{\"@id\":\"https:\/\/thomasvino.ch\/#website\"},\"datePublished\":\"2021-04-25T12:41:50+00:00\",\"dateModified\":\"2021-05-26T13:10:03+00:00\",\"author\":{\"@id\":\"https:\/\/thomasvino.ch\/#\/schema\/person\/670bf4486fe81152cf1d68bd585e062e\"},\"breadcrumb\":{\"@id\":\"https:\/\/thomasvino.ch\/?p=17237#breadcrumb\"},\"inLanguage\":\"fr-FR\",\"potentialAction\":[{\"@type\":\"ReadAction\",\"target\":[\"https:\/\/thomasvino.ch\/?p=17237\"]}]},{\"@type\":\"BreadcrumbList\",\"@id\":\"https:\/\/thomasvino.ch\/?p=17237#breadcrumb\",\"itemListElement\":[{\"@type\":\"ListItem\",\"position\":1,\"name\":\"Accueil\",\"item\":\"https:\/\/thomasvino.ch\/\"},{\"@type\":\"ListItem\",\"position\":2,\"name\":\"Bonne bouche: T 4 \u2014 Intrigante \u00e9tiquette\"}]},{\"@type\":\"WebSite\",\"@id\":\"https:\/\/thomasvino.ch\/#website\",\"url\":\"https:\/\/thomasvino.ch\/\",\"name\":\"thomasvino\",\"description\":\"Vins &amp; Gastronomie\",\"potentialAction\":[{\"@type\":\"SearchAction\",\"target\":{\"@type\":\"EntryPoint\",\"urlTemplate\":\"https:\/\/thomasvino.ch\/?s={search_term_string}\"},\"query-input\":\"required name=search_term_string\"}],\"inLanguage\":\"fr-FR\"},{\"@type\":\"Person\",\"@id\":\"https:\/\/thomasvino.ch\/#\/schema\/person\/670bf4486fe81152cf1d68bd585e062e\",\"name\":\"Pierre Thomas\",\"image\":{\"@type\":\"ImageObject\",\"inLanguage\":\"fr-FR\",\"@id\":\"https:\/\/thomasvino.ch\/#\/schema\/person\/image\/\",\"url\":\"https:\/\/secure.gravatar.com\/avatar\/91fd5a76647f140e53db987a0dead4d7?s=96&d=mm&r=g\",\"contentUrl\":\"https:\/\/secure.gravatar.com\/avatar\/91fd5a76647f140e53db987a0dead4d7?s=96&d=mm&r=g\",\"caption\":\"Pierre Thomas\"},\"url\":\"https:\/\/thomasvino.ch\/?author=3\"}]}<\/script>\n<!-- \/ Yoast SEO plugin. -->","yoast_head_json":{"title":"Bonne bouche: T 4 \u2014 Intrigante \u00e9tiquette - thomasvino","robots":{"index":"index","follow":"follow","max-snippet":"max-snippet:-1","max-image-preview":"max-image-preview:large","max-video-preview":"max-video-preview:-1"},"canonical":"https:\/\/thomasvino.ch\/?p=17237","og_locale":"fr_FR","og_type":"article","og_title":"Bonne bouche: T 4 \u2014 Intrigante \u00e9tiquette - thomasvino","og_description":"On connaissait cette ironique version de l\u2019ic\u00f4nique \u00abQuattromani\u00bb, le merlot haut de gamme commun aux quatre plus gros encaveurs du Tessin (Gialdi, Brivio, Tamborini, Delea). Ils s\u2019\u00e9taient aussi mis \u00e0 quatre jeunes vignerons, des quatre coins du canton, il y a 18 ans, pour faire leur cuv\u00e9e. Depuis, ils sont six, et m\u00eame huit, si [&hellip;]","og_url":"https:\/\/thomasvino.ch\/?p=17237","og_site_name":"thomasvino","article_published_time":"2021-04-25T12:41:50+00:00","article_modified_time":"2021-05-26T13:10:03+00:00","og_image":[{"url":"https:\/\/thomasvino.ch\/wp-content\/uploads\/2021\/04\/T4-photocopie-2-198x300.jpg"}],"author":"Pierre Thomas","twitter_misc":{"\u00c9crit par":"Pierre Thomas","Dur\u00e9e de lecture estim\u00e9e":"2 minutes"},"schema":{"@context":"https:\/\/schema.org","@graph":[{"@type":"WebPage","@id":"https:\/\/thomasvino.ch\/?p=17237","url":"https:\/\/thomasvino.ch\/?p=17237","name":"Bonne bouche: T 4 \u2014 Intrigante \u00e9tiquette - thomasvino","isPartOf":{"@id":"https:\/\/thomasvino.ch\/#website"},"datePublished":"2021-04-25T12:41:50+00:00","dateModified":"2021-05-26T13:10:03+00:00","author":{"@id":"https:\/\/thomasvino.ch\/#\/schema\/person\/670bf4486fe81152cf1d68bd585e062e"},"breadcrumb":{"@id":"https:\/\/thomasvino.ch\/?p=17237#breadcrumb"},"inLanguage":"fr-FR","potentialAction":[{"@type":"ReadAction","target":["https:\/\/thomasvino.ch\/?p=17237"]}]},{"@type":"BreadcrumbList","@id":"https:\/\/thomasvino.ch\/?p=17237#breadcrumb","itemListElement":[{"@type":"ListItem","position":1,"name":"Accueil","item":"https:\/\/thomasvino.ch\/"},{"@type":"ListItem","position":2,"name":"Bonne bouche: T 4 \u2014 Intrigante \u00e9tiquette"}]},{"@type":"WebSite","@id":"https:\/\/thomasvino.ch\/#website","url":"https:\/\/thomasvino.ch\/","name":"thomasvino","description":"Vins &amp; Gastronomie","potentialAction":[{"@type":"SearchAction","target":{"@type":"EntryPoint","urlTemplate":"https:\/\/thomasvino.ch\/?s={search_term_string}"},"query-input":"required name=search_term_string"}],"inLanguage":"fr-FR"},{"@type":"Person","@id":"https:\/\/thomasvino.ch\/#\/schema\/person\/670bf4486fe81152cf1d68bd585e062e","name":"Pierre Thomas","image":{"@type":"ImageObject","inLanguage":"fr-FR","@id":"https:\/\/thomasvino.ch\/#\/schema\/person\/image\/","url":"https:\/\/secure.gravatar.com\/avatar\/91fd5a76647f140e53db987a0dead4d7?s=96&d=mm&r=g","contentUrl":"https:\/\/secure.gravatar.com\/avatar\/91fd5a76647f140e53db987a0dead4d7?s=96&d=mm&r=g","caption":"Pierre Thomas"},"url":"https:\/\/thomasvino.ch\/?author=3"}]}},"jetpack_featured_media_url":"","jetpack_sharing_enabled":true,"jetpack_shortlink":"https:\/\/wp.me\/p3m4tZ-4u1","jetpack_likes_enabled":false,"jetpack-related-posts":[{"id":17466,"url":"https:\/\/thomasvino.ch\/?p=17466","url_meta":{"origin":17237,"position":0},"title":"Bonne bouche (septembre 2021): Plus s\u00e8che sera la chute!","date":"21 septembre 2021","format":false,"excerpt":"Ils se sont crois\u00e9s \u00e0 la haute \u00e9cole de Changins (VD) et ne se sont plus quitt\u00e9s, la Zurichoise Nadine Strasser, ing\u00e9nieure \u0153nologue, et le Vaudois C\u00e9dric Besson, dipl\u00f4m\u00e9 viti-\u0153no, fils de vigneron des hauts de Montreux. Aujourd\u2019hui quadras, ils se sont install\u00e9s il y a douze ans sur les\u2026","rel":"","context":"Dans &quot;Bonne bouche \u2014 encore!&quot;","img":{"alt_text":"","src":"https:\/\/i0.wp.com\/thomasvino.ch\/wp-content\/uploads\/2021\/09\/encore_Rauschling-vom-Rheinfall-209x300.jpg?resize=350%2C200&ssl=1","width":350,"height":200},"classes":[]},{"id":9993,"url":"https:\/\/thomasvino.ch\/?p=9993","url_meta":{"origin":17237,"position":1},"title":"Tessin \u2014 Le Merlot, produit de luxe","date":"28 juillet 2007","format":false,"excerpt":"Le Merlot du Tessin,produit de luxeLes grands merlots tessinois sont devenus des produits de luxe. Ils aspirent \u00e0 l\u2019excellence, m\u00eame si les vignerons y vont encore \u00e0 t\u00e2tons. Quand ils ne le vinifient pas en blanc (lire ci-dessous).Par Pierre ThomasL\u2019ex-\u0153nologue f\u00e9d\u00e9ral, le Valaisan Jean Crettenand, qui vient de f\u00eater ses\u2026","rel":"","context":"Dans &quot;Vins suisses&quot;","img":{"alt_text":"","src":"","width":0,"height":0},"classes":[]},{"id":15341,"url":"https:\/\/thomasvino.ch\/?p=15341","url_meta":{"origin":17237,"position":2},"title":"Bonne bouche \u2014 Revanche climatique","date":"23 octobre 2018","format":false,"excerpt":"Longtemps, les vins dits du \u00abNord vaudois\u00bb avaient une r\u00e9putation ex\u00e9crable, due \u00e0 leur origine g\u00e9ographique. R\u00e9unis, depuis 75 ans cette ann\u00e9e, dans une coop\u00e9rative, les viticulteurs de Bonvillars sont en train de prendre leur revanche. \u00abL\u2019outil de travail est performant, le terroir magnifique, le microclimat exceptionnel (nuits fr\u00e2ches, temp\u00e9rature\u2026","rel":"","context":"Dans &quot;Bonne bouche \u2014 encore!&quot;","img":{"alt_text":"","src":"","width":0,"height":0},"classes":[]},{"id":9879,"url":"https:\/\/thomasvino.ch\/?p=9879","url_meta":{"origin":17237,"position":3},"title":"Payerne (VD) \u2014 Pinte La Vente","date":"26 septembre 2006","format":false,"excerpt":"Restaurant La Vente, Payerne (VD) L\u2019avenir passe par la pinte Sur la carte gastronomique de la Suisse romande, la Broye se fait discr\u00e8te. Bonne nouvelle pour le jeune chef Fabrice Bersier\u00a0: en ce d\u00e9but d\u2019automne, les quelque 150'000 francs pour doter la pinte communale de Payerne d\u2019un \u00abpiano\u00bb moderne ont\u2026","rel":"","context":"Dans &quot;Adresses&quot;","img":{"alt_text":"","src":"","width":0,"height":0},"classes":[]},{"id":17713,"url":"https:\/\/thomasvino.ch\/?p=17713","url_meta":{"origin":17237,"position":4},"title":"Bonne bouche &#8211; Payerne vise haut","date":"20 avril 2022","format":false,"excerpt":"Un jeune tandem a repris la gestion des 10 hectares de vignes de Payerne, qui redeviendront bient\u00f4t les 13 ha que la cit\u00e9 broyarde poss\u00e8de au bord du L\u00e9man, depuis le 16\u00e8me si\u00e8cle, \u00e0 Lutry, Villette et Grandvaux. L\u2019\u0153nologue Gilles Musy, 37 ans, et le vigneron-t\u00e2cheron Arthur Pidoux, 26 ans,\u2026","rel":"","context":"Dans &quot;Bonne bouche \u2014 encore!&quot;","img":{"alt_text":"","src":"","width":0,"height":0},"classes":[]},{"id":9867,"url":"https:\/\/thomasvino.ch\/?p=9867","url_meta":{"origin":17237,"position":5},"title":"Ch\u00e2teau-d&rsquo;Oex (VD) \u2014 Hostellerie Bon Accueil","date":"19 ao\u00fbt 2006","format":false,"excerpt":"Hostellerie Bon Accueil, Ch\u00e2teau-d\u2019Oex (VD) A vieux chalet, chef neuf \u00abLa cuisine soign\u00e9e a contribu\u00e9 \u00e0 la fid\u00e9lisation de nos clients\u00bb, argumente l\u2019Hostellerie Bon Accueil, grand chalet patin\u00e9 par le temps, sur les hauts de la station du Pays-d\u2019Enhaut, \u00e0 La Frasse. Depuis mai, Rapha\u00ebl Cossetto, 34 ans, a repris\u2026","rel":"","context":"Dans &quot;Adresses&quot;","img":{"alt_text":"","src":"","width":0,"height":0},"classes":[]}],"_links":{"self":[{"href":"https:\/\/thomasvino.ch\/index.php?rest_route=\/wp\/v2\/posts\/17237"}],"collection":[{"href":"https:\/\/thomasvino.ch\/index.php?rest_route=\/wp\/v2\/posts"}],"about":[{"href":"https:\/\/thomasvino.ch\/index.php?rest_route=\/wp\/v2\/types\/post"}],"author":[{"embeddable":true,"href":"https:\/\/thomasvino.ch\/index.php?rest_route=\/wp\/v2\/users\/3"}],"replies":[{"embeddable":true,"href":"https:\/\/thomasvino.ch\/index.php?rest_route=%2Fwp%2Fv2%2Fcomments&post=17237"}],"version-history":[{"count":4,"href":"https:\/\/thomasvino.ch\/index.php?rest_route=\/wp\/v2\/posts\/17237\/revisions"}],"predecessor-version":[{"id":17311,"href":"https:\/\/thomasvino.ch\/index.php?rest_route=\/wp\/v2\/posts\/17237\/revisions\/17311"}],"wp:attachment":[{"href":"https:\/\/thomasvino.ch\/index.php?rest_route=%2Fwp%2Fv2%2Fmedia&parent=17237"}],"wp:term":[{"taxonomy":"category","embeddable":true,"href":"https:\/\/thomasvino.ch\/index.php?rest_route=%2Fwp%2Fv2%2Fcategories&post=17237"},{"taxonomy":"post_tag","embeddable":true,"href":"https:\/\/thomasvino.ch\/index.php?rest_route=%2Fwp%2Fv2%2Ftags&post=17237"}],"curies":[{"name":"wp","href":"https:\/\/api.w.org\/{rel}","templated":true}]}}