{"id":17352,"date":"2021-06-14T14:44:21","date_gmt":"2021-06-14T13:44:21","guid":{"rendered":"https:\/\/thomasvino.ch\/?p=17352"},"modified":"2021-06-14T14:45:13","modified_gmt":"2021-06-14T13:45:13","slug":"bonne-bouche-viva-i-piwi","status":"publish","type":"post","link":"https:\/\/thomasvino.ch\/?p=17352","title":{"rendered":"Bonne bouche: Viva i PIWI!"},"content":{"rendered":"<p><em>PIWI?<\/em>\u00a0K\u00e9sako? C\u2019est l\u2019abr\u00e9viation allemande pour les <em>\u00abc\u00e9pages r\u00e9sistants\u00bb<\/em> aux maladies de la vigne, les \u00ab<em>Pilzwiderstandsf\u00e4hige Rebsorten\u00bb<\/em> (\u00e0 d\u00e9couvrir sur le site, aussi en fran\u00e7ais, <strong><a href=\"https:\/\/piwi-international.de\/fr\/\">www.piwi-international.de<\/a><\/strong>). Un grand d\u00e9bat anime la viticulture, en marge de l\u2019\u00e9limination des produits chimiques de synth\u00e8se, soit le d\u00e9fi d\u2019obtenir du raisin naturellement dans un environnement hostile, marqu\u00e9 par des maladies \u2014 le mildiou, l\u2019o\u00efdium et la pourriture grise. Car sans raisin sain, pas de bon vin\u00a0! On en sait quelque chose au Tessin, o\u00f9 le changement climatique bouscule la quasi-monoculture du merlot, tr\u00e8s sensible au mildiou. Les vins rouges y c\u00e8dent un peu de place \u00e0 des vins plus fruit\u00e9s, plus l\u00e9gers, plus vifs aussi, comme les blancs et les ros\u00e9s.<\/p>\n<p><a href=\"https:\/\/thomasvino.ch\/?attachment_id=17317\" rel=\"attachment wp-att-17317\"><img data-attachment-id=\"17317\" data-permalink=\"https:\/\/thomasvino.ch\/?attachment_id=17317\" data-orig-file=\"https:\/\/i0.wp.com\/thomasvino.ch\/wp-content\/uploads\/2021\/05\/encore_Vivi-Johanniter-scaled.jpg?fit=1698%2C2560&amp;ssl=1\" data-orig-size=\"1698,2560\" data-comments-opened=\"0\" data-image-meta=\"{&quot;aperture&quot;:&quot;36&quot;,&quot;credit&quot;:&quot;&quot;,&quot;camera&quot;:&quot;NIKON D700&quot;,&quot;caption&quot;:&quot;&quot;,&quot;created_timestamp&quot;:&quot;1617014474&quot;,&quot;copyright&quot;:&quot;&quot;,&quot;focal_length&quot;:&quot;60&quot;,&quot;iso&quot;:&quot;200&quot;,&quot;shutter_speed&quot;:&quot;0.00625&quot;,&quot;title&quot;:&quot;&quot;,&quot;orientation&quot;:&quot;1&quot;}\" data-image-title=\"encore_Vivi Johanniter\" data-image-description=\"\" data-image-caption=\"\" data-medium-file=\"https:\/\/i0.wp.com\/thomasvino.ch\/wp-content\/uploads\/2021\/05\/encore_Vivi-Johanniter-scaled.jpg?fit=199%2C300&amp;ssl=1\" data-large-file=\"https:\/\/i0.wp.com\/thomasvino.ch\/wp-content\/uploads\/2021\/05\/encore_Vivi-Johanniter-scaled.jpg?fit=679%2C1024&amp;ssl=1\" loading=\"lazy\" class=\"alignleft size-medium wp-image-17317\" src=\"https:\/\/i0.wp.com\/thomasvino.ch\/wp-content\/uploads\/2021\/05\/encore_Vivi-Johanniter.jpg?resize=199%2C300&#038;ssl=1\" alt=\"\" width=\"199\" height=\"300\" srcset=\"https:\/\/i0.wp.com\/thomasvino.ch\/wp-content\/uploads\/2021\/05\/encore_Vivi-Johanniter-scaled.jpg?resize=199%2C300&amp;ssl=1 199w, https:\/\/i0.wp.com\/thomasvino.ch\/wp-content\/uploads\/2021\/05\/encore_Vivi-Johanniter-scaled.jpg?resize=679%2C1024&amp;ssl=1 679w, https:\/\/i0.wp.com\/thomasvino.ch\/wp-content\/uploads\/2021\/05\/encore_Vivi-Johanniter-scaled.jpg?resize=768%2C1158&amp;ssl=1 768w, https:\/\/i0.wp.com\/thomasvino.ch\/wp-content\/uploads\/2021\/05\/encore_Vivi-Johanniter-scaled.jpg?resize=1019%2C1536&amp;ssl=1 1019w, https:\/\/i0.wp.com\/thomasvino.ch\/wp-content\/uploads\/2021\/05\/encore_Vivi-Johanniter-scaled.jpg?resize=1358%2C2048&amp;ssl=1 1358w, https:\/\/i0.wp.com\/thomasvino.ch\/wp-content\/uploads\/2021\/05\/encore_Vivi-Johanniter-scaled.jpg?w=1698&amp;ssl=1 1698w\" sizes=\"(max-width: 199px) 100vw, 199px\" data-recalc-dims=\"1\" \/><\/a>Ces constats, <strong>Valentina Tamborini<\/strong>, trentenaire engag\u00e9e dans la maison familiale, et qui a suivi l\u2019Universit\u00e9 du go\u00fbt de Slow Food, pr\u00e8s de Bra (Pi\u00e9mont), les a parfaitement int\u00e9gr\u00e9s. Cette ann\u00e9e, elle pr\u00e9sente son premier vin en conversion bio. Je l\u2019ai go\u00fbt\u00e9 dans un <em>\u00abwebinaire\u00bb<\/em>, une d\u00e9gustation virtuelle, de <em><strong>Ticino Wine<\/strong><\/em>, consacr\u00e9 pour la premi\u00e8re fois aux vins blancs. Tir\u00e9 de la ligne <em>\u00abResilience\u00bb<\/em>, il est n\u00e9 sur les 2 hectares plant\u00e9s en 2015 en PIWI au domaine Vallombrosa, \u00e0 l\u2019ouest de Lugano, qui abrite aussi des chambres de charme au c\u0153ur du vignoble.<\/p>\n<p>Sous des \u00e9tiquettes <em>\u00abflashy\u00bb<\/em>, <strong>Valentina Tamborini<\/strong> pr\u00e9sente pour la premi\u00e8re fois dans le mill\u00e9sime 2020 cinq vins blancs issus de PIWI, souvignier gris, bronner, solaris et johanniter <em>\u00abin purezza\u00bb<\/em> et un assemblage de johanniter et de muscaris. Ce dernier offre un nez floral (la glycine\u00a0!), \u00e9pic\u00e9, qui rappelle un peu le muscat, frais, vif en bouche.<\/p>\n<p>Et j\u2019avais aussi test\u00e9 ce <em>\u00abVivi\u00bb<\/em>, un coup d\u2019essai en 2017, riche, opulent, \u00e0 base de johanniter, \u00e9lev\u00e9 en barriques, avec une note de noisette grill\u00e9e qui pla\u00eet aux producteurs tessinois.<\/p>\n<p>On en est, c\u2019est s\u00fbr, au d\u00e9but d\u2019une belle histoire de l\u2019\u00e9volution du go\u00fbt, le principal enjeu du succ\u00e8s des PIWI face aux c\u00e9pages traditionnels.<\/p>\n<p><strong>L\u2019\u00e9tiquette\u00a0:<\/strong> Vivi 2017<\/p>\n<p><strong>Le prix\u00a0:<\/strong> 35 fr.\/75 cl<\/p>\n<p><strong>L\u2019adresse<\/strong>: <strong><a href=\"https:\/\/www.valentinawinecollection.swiss\">www.valentinawinecollection.swiss<\/a><\/strong><\/p>\n<p><em>Article paru dans <\/em>encore!<em>, suppl\u00e9ment <\/em>Life style <em>du <\/em>Matin-Dimanche <em>et de la <\/em>Sonntagszeitung<em>, du 13 juin 2021.<\/em><\/p>\n<p><em>\u00a9thomasvino.ch<\/em><\/p>\n","protected":false},"excerpt":{"rendered":"<p>PIWI?\u00a0K\u00e9sako? C\u2019est l\u2019abr\u00e9viation allemande pour les \u00abc\u00e9pages r\u00e9sistants\u00bb aux maladies de la vigne, les \u00abPilzwiderstandsf\u00e4hige Rebsorten\u00bb (\u00e0 d\u00e9couvrir sur le site, aussi en fran\u00e7ais, www.piwi-international.de). Un grand d\u00e9bat anime la viticulture, en marge de l\u2019\u00e9limination des produits chimiques de synth\u00e8se, soit le d\u00e9fi d\u2019obtenir du raisin naturellement dans un environnement hostile, marqu\u00e9 par des maladies [&hellip;]<\/p>\n","protected":false},"author":3,"featured_media":0,"comment_status":"closed","ping_status":"open","sticky":false,"template":"","format":"standard","meta":{"_monsterinsights_skip_tracking":false,"_monsterinsights_sitenote_active":false,"_monsterinsights_sitenote_note":"","_monsterinsights_sitenote_category":0,"jetpack_post_was_ever_published":false,"jetpack_publicize_message":"","jetpack_is_tweetstorm":false,"jetpack_publicize_feature_enabled":true,"jetpack_social_post_already_shared":true,"jetpack_social_options":{"image_generator_settings":{"template":"highway","enabled":false}}},"categories":[1433],"tags":[],"jetpack_publicize_connections":[],"yoast_head":"<!-- This site is optimized with the Yoast SEO plugin v20.6 - https:\/\/yoast.com\/wordpress\/plugins\/seo\/ -->\n<title>Bonne bouche: Viva i PIWI! - thomasvino<\/title>\n<meta name=\"robots\" content=\"index, follow, max-snippet:-1, max-image-preview:large, max-video-preview:-1\" \/>\n<link rel=\"canonical\" href=\"https:\/\/thomasvino.ch\/?p=17352\" \/>\n<meta property=\"og:locale\" content=\"fr_FR\" \/>\n<meta property=\"og:type\" content=\"article\" \/>\n<meta property=\"og:title\" content=\"Bonne bouche: Viva i PIWI! - thomasvino\" \/>\n<meta property=\"og:description\" content=\"PIWI?\u00a0K\u00e9sako? C\u2019est l\u2019abr\u00e9viation allemande pour les \u00abc\u00e9pages r\u00e9sistants\u00bb aux maladies de la vigne, les \u00abPilzwiderstandsf\u00e4hige Rebsorten\u00bb (\u00e0 d\u00e9couvrir sur le site, aussi en fran\u00e7ais, www.piwi-international.de). Un grand d\u00e9bat anime la viticulture, en marge de l\u2019\u00e9limination des produits chimiques de synth\u00e8se, soit le d\u00e9fi d\u2019obtenir du raisin naturellement dans un environnement hostile, marqu\u00e9 par des maladies [&hellip;]\" \/>\n<meta property=\"og:url\" content=\"https:\/\/thomasvino.ch\/?p=17352\" \/>\n<meta property=\"og:site_name\" content=\"thomasvino\" \/>\n<meta property=\"article:published_time\" content=\"2021-06-14T13:44:21+00:00\" \/>\n<meta property=\"article:modified_time\" content=\"2021-06-14T13:45:13+00:00\" \/>\n<meta property=\"og:image\" content=\"https:\/\/thomasvino.ch\/wp-content\/uploads\/2021\/05\/encore_Vivi-Johanniter-199x300.jpg\" \/>\n<meta name=\"author\" content=\"Pierre Thomas\" \/>\n<meta name=\"twitter:label1\" content=\"\u00c9crit par\" \/>\n\t<meta name=\"twitter:data1\" content=\"Pierre Thomas\" \/>\n\t<meta name=\"twitter:label2\" content=\"Dur\u00e9e de lecture estim\u00e9e\" \/>\n\t<meta name=\"twitter:data2\" content=\"2 minutes\" \/>\n<script type=\"application\/ld+json\" class=\"yoast-schema-graph\">{\"@context\":\"https:\/\/schema.org\",\"@graph\":[{\"@type\":\"WebPage\",\"@id\":\"https:\/\/thomasvino.ch\/?p=17352\",\"url\":\"https:\/\/thomasvino.ch\/?p=17352\",\"name\":\"Bonne bouche: Viva i PIWI! - thomasvino\",\"isPartOf\":{\"@id\":\"https:\/\/thomasvino.ch\/#website\"},\"datePublished\":\"2021-06-14T13:44:21+00:00\",\"dateModified\":\"2021-06-14T13:45:13+00:00\",\"author\":{\"@id\":\"https:\/\/thomasvino.ch\/#\/schema\/person\/670bf4486fe81152cf1d68bd585e062e\"},\"breadcrumb\":{\"@id\":\"https:\/\/thomasvino.ch\/?p=17352#breadcrumb\"},\"inLanguage\":\"fr-FR\",\"potentialAction\":[{\"@type\":\"ReadAction\",\"target\":[\"https:\/\/thomasvino.ch\/?p=17352\"]}]},{\"@type\":\"BreadcrumbList\",\"@id\":\"https:\/\/thomasvino.ch\/?p=17352#breadcrumb\",\"itemListElement\":[{\"@type\":\"ListItem\",\"position\":1,\"name\":\"Accueil\",\"item\":\"https:\/\/thomasvino.ch\/\"},{\"@type\":\"ListItem\",\"position\":2,\"name\":\"Bonne bouche: Viva i PIWI!\"}]},{\"@type\":\"WebSite\",\"@id\":\"https:\/\/thomasvino.ch\/#website\",\"url\":\"https:\/\/thomasvino.ch\/\",\"name\":\"thomasvino\",\"description\":\"Vins &amp; Gastronomie\",\"potentialAction\":[{\"@type\":\"SearchAction\",\"target\":{\"@type\":\"EntryPoint\",\"urlTemplate\":\"https:\/\/thomasvino.ch\/?s={search_term_string}\"},\"query-input\":\"required name=search_term_string\"}],\"inLanguage\":\"fr-FR\"},{\"@type\":\"Person\",\"@id\":\"https:\/\/thomasvino.ch\/#\/schema\/person\/670bf4486fe81152cf1d68bd585e062e\",\"name\":\"Pierre Thomas\",\"image\":{\"@type\":\"ImageObject\",\"inLanguage\":\"fr-FR\",\"@id\":\"https:\/\/thomasvino.ch\/#\/schema\/person\/image\/\",\"url\":\"https:\/\/secure.gravatar.com\/avatar\/91fd5a76647f140e53db987a0dead4d7?s=96&d=mm&r=g\",\"contentUrl\":\"https:\/\/secure.gravatar.com\/avatar\/91fd5a76647f140e53db987a0dead4d7?s=96&d=mm&r=g\",\"caption\":\"Pierre Thomas\"},\"url\":\"https:\/\/thomasvino.ch\/?author=3\"}]}<\/script>\n<!-- \/ Yoast SEO plugin. -->","yoast_head_json":{"title":"Bonne bouche: Viva i PIWI! - thomasvino","robots":{"index":"index","follow":"follow","max-snippet":"max-snippet:-1","max-image-preview":"max-image-preview:large","max-video-preview":"max-video-preview:-1"},"canonical":"https:\/\/thomasvino.ch\/?p=17352","og_locale":"fr_FR","og_type":"article","og_title":"Bonne bouche: Viva i PIWI! - thomasvino","og_description":"PIWI?\u00a0K\u00e9sako? C\u2019est l\u2019abr\u00e9viation allemande pour les \u00abc\u00e9pages r\u00e9sistants\u00bb aux maladies de la vigne, les \u00abPilzwiderstandsf\u00e4hige Rebsorten\u00bb (\u00e0 d\u00e9couvrir sur le site, aussi en fran\u00e7ais, www.piwi-international.de). Un grand d\u00e9bat anime la viticulture, en marge de l\u2019\u00e9limination des produits chimiques de synth\u00e8se, soit le d\u00e9fi d\u2019obtenir du raisin naturellement dans un environnement hostile, marqu\u00e9 par des maladies [&hellip;]","og_url":"https:\/\/thomasvino.ch\/?p=17352","og_site_name":"thomasvino","article_published_time":"2021-06-14T13:44:21+00:00","article_modified_time":"2021-06-14T13:45:13+00:00","og_image":[{"url":"https:\/\/thomasvino.ch\/wp-content\/uploads\/2021\/05\/encore_Vivi-Johanniter-199x300.jpg"}],"author":"Pierre Thomas","twitter_misc":{"\u00c9crit par":"Pierre Thomas","Dur\u00e9e de lecture estim\u00e9e":"2 minutes"},"schema":{"@context":"https:\/\/schema.org","@graph":[{"@type":"WebPage","@id":"https:\/\/thomasvino.ch\/?p=17352","url":"https:\/\/thomasvino.ch\/?p=17352","name":"Bonne bouche: Viva i PIWI! - thomasvino","isPartOf":{"@id":"https:\/\/thomasvino.ch\/#website"},"datePublished":"2021-06-14T13:44:21+00:00","dateModified":"2021-06-14T13:45:13+00:00","author":{"@id":"https:\/\/thomasvino.ch\/#\/schema\/person\/670bf4486fe81152cf1d68bd585e062e"},"breadcrumb":{"@id":"https:\/\/thomasvino.ch\/?p=17352#breadcrumb"},"inLanguage":"fr-FR","potentialAction":[{"@type":"ReadAction","target":["https:\/\/thomasvino.ch\/?p=17352"]}]},{"@type":"BreadcrumbList","@id":"https:\/\/thomasvino.ch\/?p=17352#breadcrumb","itemListElement":[{"@type":"ListItem","position":1,"name":"Accueil","item":"https:\/\/thomasvino.ch\/"},{"@type":"ListItem","position":2,"name":"Bonne bouche: Viva i PIWI!"}]},{"@type":"WebSite","@id":"https:\/\/thomasvino.ch\/#website","url":"https:\/\/thomasvino.ch\/","name":"thomasvino","description":"Vins &amp; Gastronomie","potentialAction":[{"@type":"SearchAction","target":{"@type":"EntryPoint","urlTemplate":"https:\/\/thomasvino.ch\/?s={search_term_string}"},"query-input":"required name=search_term_string"}],"inLanguage":"fr-FR"},{"@type":"Person","@id":"https:\/\/thomasvino.ch\/#\/schema\/person\/670bf4486fe81152cf1d68bd585e062e","name":"Pierre Thomas","image":{"@type":"ImageObject","inLanguage":"fr-FR","@id":"https:\/\/thomasvino.ch\/#\/schema\/person\/image\/","url":"https:\/\/secure.gravatar.com\/avatar\/91fd5a76647f140e53db987a0dead4d7?s=96&d=mm&r=g","contentUrl":"https:\/\/secure.gravatar.com\/avatar\/91fd5a76647f140e53db987a0dead4d7?s=96&d=mm&r=g","caption":"Pierre Thomas"},"url":"https:\/\/thomasvino.ch\/?author=3"}]}},"jetpack_featured_media_url":"","jetpack_sharing_enabled":true,"jetpack_shortlink":"https:\/\/wp.me\/p3m4tZ-4vS","jetpack_likes_enabled":false,"jetpack-related-posts":[{"id":17413,"url":"https:\/\/thomasvino.ch\/?p=17413","url_meta":{"origin":17352,"position":0},"title":"Piwis, vins d\u00e9salcoolis\u00e9s: les Pugibet, vignerons iconoclastes et visionnaires","date":"29 juillet 2021","format":false,"excerpt":"Ils sont en France, et dans le monde, les plus grands cultivateurs des vari\u00e9t\u00e9s r\u00e9sistantes (Piwis) obtenues par Valentin Blattner, dans le Jura suisse. Ils sont, aussi, les pionniers du vin d\u00e9salcoolis\u00e9. Par leurs visions, les Pugibet, \u00e0 la t\u00eate du vaste domaine de La Colombette, pr\u00e8s de 300 hectares\u2026","rel":"","context":"Dans &quot;Tendance&quot;","img":{"alt_text":"","src":"https:\/\/i0.wp.com\/thomasvino.ch\/wp-content\/uploads\/2021\/07\/colombette-300x225.jpeg?resize=350%2C200&ssl=1","width":350,"height":200},"classes":[]},{"id":10500,"url":"https:\/\/thomasvino.ch\/?p=10500","url_meta":{"origin":17352,"position":1},"title":"Nouveau c\u00e9page prometteur: IRAC 2091 a un nom, Divico","date":"15 avril 2013","format":false,"excerpt":"Cette fois, le nom d\u2019un c\u00e9page suisse n\u2019a pas \u00e9t\u00e9 \u00abpiqu\u00e9\u00bb \u00e0 une vari\u00e9t\u00e9 de fraises, comme, b\u00eatement, pour le \u00abmara\u00bb, un des tripl\u00e9s, et donc fr\u00e8re du gamaret et du garanoir. Le tr\u00e8s \u00abguerre du Golfe\u00bb IRAC 2091 prend le nom d\u2019un chef de guerre cher aux Helv\u00e8tes, Divico.\u2026","rel":"","context":"Dans &quot;Actualit\u00e9s&quot;","img":{"alt_text":"","src":"","width":0,"height":0},"classes":[]},{"id":13805,"url":"https:\/\/thomasvino.ch\/?p=13805","url_meta":{"origin":17352,"position":2},"title":"2016, ann\u00e9e tardive et du mildiou","date":"30 ao\u00fbt 2016","format":false,"excerpt":"Avant la mouche D. susukii, attendue avec anxi\u00e9t\u00e9 en Valais et dans le reste de la Suisse romande, apr\u00e8s son raid sur les abricotiers, et qui se nourrit des premiers raisins gorg\u00e9s de sucre (en premi\u00e8re ligne, garanoir, mara, dornfelder, dunkelfelder, cabernet Jura et dorsa), le vignoble romand, Lavaux et\u2026","rel":"","context":"Dans &quot;Actus - News&quot;","img":{"alt_text":"","src":"","width":0,"height":0},"classes":[]},{"id":9428,"url":"https:\/\/thomasvino.ch\/?p=9428","url_meta":{"origin":17352,"position":3},"title":"La Suisse en r\u00e9cession viticole: quelle crise?","date":"30 ao\u00fbt 2012","format":false,"excerpt":"Vin suisse La crise\u2026 mais quelle crise\u00a0? Les vignerons sont les premiers \u00e0 subir les al\u00e9as du climat. La m\u00e9t\u00e9o, qui a fait souffler le froid et le chaud depuis le printemps. Et les vents contraires de l\u2019\u00e9conomie, morose, qui p\u00e8se sur la consommation. Tour d\u2019horizon \u00e0 la veille des\u2026","rel":"","context":"Dans &quot;Tendance&quot;","img":{"alt_text":"lavaux_cff.jpg","src":"img\/lavaux_cff.jpg","width":350,"height":200},"classes":[]},{"id":9139,"url":"https:\/\/thomasvino.ch\/?p=9139","url_meta":{"origin":17352,"position":4},"title":"Des nouveaux c\u00e9pages&#8230; bons pour la sant\u00e9?","date":"26 f\u00e9vrier 2011","format":false,"excerpt":"Nouveaux c\u00e9pages, nouveaux atouts La station de recherche Agroscope Changins-W\u00e4denswil (ACW) s\u2019appr\u00eate \u00e0 mettre sur le march\u00e9 de nouveaux c\u00e9pages. Avec des propri\u00e9t\u00e9s \u00e9tonnantes. Par Pierre Thomas La Suisse, c\u2019est la \u00abcave d\u2019Ali Baba\u00bb, avec ses cinquante c\u00e9pages cultiv\u00e9s sur une aire minuscule (15'000 hectares, l\u2019\u00e9quivalent de l\u2019Alsace). Et les\u2026","rel":"","context":"Dans &quot;Tendance&quot;","img":{"alt_text":"","src":"","width":0,"height":0},"classes":[]},{"id":15659,"url":"https:\/\/thomasvino.ch\/?p=15659","url_meta":{"origin":17352,"position":5},"title":"Vins bios: un seul concours national","date":"20 mars 2019","format":false,"excerpt":"Ce printemps, il n'y aura plus qu'un seul concours de vins bios pour toute la Suisse. Les vins seront d\u00e9gust\u00e9s \u00e0 Froideville, au-dessus de Lausanne, dans la grande salle o\u00f9 se d\u00e9roulent aussi la S\u00e9lection des vins vaudois et, cette ann\u00e9e, le Mondial du Chasselas. Les meilleurs vins bios suisses,\u2026","rel":"","context":"Dans &quot;Actus - News&quot;","img":{"alt_text":"","src":"","width":0,"height":0},"classes":[]}],"_links":{"self":[{"href":"https:\/\/thomasvino.ch\/index.php?rest_route=\/wp\/v2\/posts\/17352"}],"collection":[{"href":"https:\/\/thomasvino.ch\/index.php?rest_route=\/wp\/v2\/posts"}],"about":[{"href":"https:\/\/thomasvino.ch\/index.php?rest_route=\/wp\/v2\/types\/post"}],"author":[{"embeddable":true,"href":"https:\/\/thomasvino.ch\/index.php?rest_route=\/wp\/v2\/users\/3"}],"replies":[{"embeddable":true,"href":"https:\/\/thomasvino.ch\/index.php?rest_route=%2Fwp%2Fv2%2Fcomments&post=17352"}],"version-history":[{"count":2,"href":"https:\/\/thomasvino.ch\/index.php?rest_route=\/wp\/v2\/posts\/17352\/revisions"}],"predecessor-version":[{"id":17354,"href":"https:\/\/thomasvino.ch\/index.php?rest_route=\/wp\/v2\/posts\/17352\/revisions\/17354"}],"wp:attachment":[{"href":"https:\/\/thomasvino.ch\/index.php?rest_route=%2Fwp%2Fv2%2Fmedia&parent=17352"}],"wp:term":[{"taxonomy":"category","embeddable":true,"href":"https:\/\/thomasvino.ch\/index.php?rest_route=%2Fwp%2Fv2%2Fcategories&post=17352"},{"taxonomy":"post_tag","embeddable":true,"href":"https:\/\/thomasvino.ch\/index.php?rest_route=%2Fwp%2Fv2%2Ftags&post=17352"}],"curies":[{"name":"wp","href":"https:\/\/api.w.org\/{rel}","templated":true}]}}