{"id":17394,"date":"2021-07-12T18:09:13","date_gmt":"2021-07-12T17:09:13","guid":{"rendered":"https:\/\/thomasvino.ch\/?p=17394"},"modified":"2021-07-14T08:27:53","modified_gmt":"2021-07-14T07:27:53","slug":"loiv-bientot-a-dijon","status":"publish","type":"post","link":"https:\/\/thomasvino.ch\/?p=17394","title":{"rendered":"L&rsquo;OIV bient\u00f4t \u00e0 Dijon?"},"content":{"rendered":"<p><strong>Devant quitter Paris, o\u00f9 elle est h\u00e9berg\u00e9e par la France, l&rsquo;Organisation internationale de la vigne et du vin (OIV) pourrait d\u00e9m\u00e9nager \u00e0 Dijon. Du moins est-ce la proposition fran\u00e7aise, plut\u00f4t qu&rsquo;\u00e0 Reims ou \u00e0 Bordeaux. L&rsquo;Italien Luigi Moio remplacera Regina Vanderlinde \u00e0 la t\u00eate de \u00abl&rsquo;ONU du vin\u00bb, pour un mandat de trois ans. Telles sont deux des d\u00e9cisions prises \u00e0 Paris, le 12 juillet, par l&rsquo;assembl\u00e9e g\u00e9n\u00e9rale de l&rsquo;OIV, dont la Suisse fait partie, et qui conna\u00eetra son prochain congr\u00e8s en 2022, en principe, \u00e0 Mexico. Les congr\u00e8s de 2020 et 2021 avaient \u00e9t\u00e9 annul\u00e9s en raison de la pand\u00e9mie.<\/strong><\/p>\n<p><strong>Luigi Moio<\/strong> est directeur de la section vignes et vins et professeur d&rsquo;oenologie \u00e0 l&rsquo;universit\u00e9 de Naples. Il \u00e9tait deuxi\u00e8me vice-pr\u00e9sident de l&rsquo;OIV, apr\u00e8s en avoir dirig\u00e9 notamment la commission d&rsquo;oenologie (de 2015 \u00e0 2018). Il est aussi un auteur prolifique de communications scientifiques, dont <em>\u00abIl respiro del vino\u00bb<\/em>, chez Mondadori, traduit&nbsp;<em>\u00abLe souffle du vin\u00bb<\/em> aux \u00e9ditions France agricole, en 2020. Il a aussi fond\u00e9 il y a vingt ans une cave en Campanie, Quintodecimo.<\/p>\n<p>A chaque assembl\u00e9e ou congr\u00e8s, l&rsquo;OIV adopte des r\u00e9solutions scientifiques. Cette 19\u00e8me assembl\u00e9e g\u00e9n\u00e9rale a notamment adopt\u00e9 des r\u00e9solutions sur l&rsquo;encouragement \u00e0 la biodiversit\u00e9 globale dans le vignoble, sur la promotion de programmes de pr\u00e9s\u00e9lection, de s\u00e9lection et d&rsquo;am\u00e9lioration g\u00e9n\u00e9tique de c\u00e9pages, en liaison avec le r\u00e9chauffement climatique, sur le d\u00e9p\u00e9rissement des vignes, sur la production durable de jus de raisin.<\/p>\n<p>En mati\u00e8re d&rsquo;\u0153nologie, l&rsquo;OIV a adopt\u00e9 des r\u00e8gles sur des points tr\u00e8s techniques, comme l&rsquo;utilisation de l&rsquo;acide fumarique qui permet de renoncer \u00e0 la fermentation malolactique et divers textes du <em>\u00abCodex \u0153nologique international\u00bb<\/em>, et sur des m\u00e9thodes d&rsquo;analyse, mais aussi sur les tests d&rsquo;alcool\u00e9mie volontaire. Ou encore la mise \u00e0 jour de la d\u00e9finition d&rsquo;indication g\u00e9ographique prot\u00e9g\u00e9e (IGP) et d&rsquo;appellation d&rsquo;origine (AOP). Ces textes seront publi\u00e9s sur <strong><a href=\"http:\/\/www.oiv.int\">www.oiv.int<\/a><\/strong><\/p>\n<p>Et, au moment o\u00f9 le pr\u00e9sident <strong>Poutine<\/strong> a propos\u00e9 sa propre interpr\u00e9tation des vins mousseux produits dans son pays, au m\u00e9pris du respect des principes d&rsquo;origine, par exemple du champagne, le russe a \u00e9t\u00e9 admis comme sixi\u00e8me langue officielle de l&rsquo;OIV&#8230;<\/p>\n<p>Nazdarovi\u00e9!<\/p>\n<p><em>\u00a9thomasvino.ch<\/em><\/p>\n","protected":false},"excerpt":{"rendered":"<p>Devant quitter Paris, o\u00f9 elle est h\u00e9berg\u00e9e par la France, l&rsquo;Organisation internationale de la vigne et du vin (OIV) pourrait d\u00e9m\u00e9nager \u00e0 Dijon. Du moins est-ce la proposition fran\u00e7aise, plut\u00f4t qu&rsquo;\u00e0 Reims ou \u00e0 Bordeaux. L&rsquo;Italien Luigi Moio remplacera Regina Vanderlinde \u00e0 la t\u00eate de \u00abl&rsquo;ONU du vin\u00bb, pour un mandat de trois ans. Telles [&hellip;]<\/p>\n","protected":false},"author":3,"featured_media":0,"comment_status":"closed","ping_status":"open","sticky":false,"template":"","format":"standard","meta":{"_monsterinsights_skip_tracking":false,"_monsterinsights_sitenote_active":false,"_monsterinsights_sitenote_note":"","_monsterinsights_sitenote_category":0,"jetpack_post_was_ever_published":false,"jetpack_publicize_message":"","jetpack_is_tweetstorm":false,"jetpack_publicize_feature_enabled":true,"jetpack_social_post_already_shared":true,"jetpack_social_options":{"image_generator_settings":{"template":"highway","enabled":false}}},"categories":[15],"tags":[],"jetpack_publicize_connections":[],"yoast_head":"<!-- This site is optimized with the Yoast SEO plugin v20.6 - https:\/\/yoast.com\/wordpress\/plugins\/seo\/ -->\n<title>L&#039;OIV bient\u00f4t \u00e0 Dijon? - thomasvino<\/title>\n<meta name=\"robots\" content=\"index, follow, max-snippet:-1, max-image-preview:large, max-video-preview:-1\" \/>\n<link rel=\"canonical\" href=\"https:\/\/thomasvino.ch\/?p=17394\" \/>\n<meta property=\"og:locale\" content=\"fr_FR\" \/>\n<meta property=\"og:type\" content=\"article\" \/>\n<meta property=\"og:title\" content=\"L&#039;OIV bient\u00f4t \u00e0 Dijon? - thomasvino\" \/>\n<meta property=\"og:description\" content=\"Devant quitter Paris, o\u00f9 elle est h\u00e9berg\u00e9e par la France, l&rsquo;Organisation internationale de la vigne et du vin (OIV) pourrait d\u00e9m\u00e9nager \u00e0 Dijon. Du moins est-ce la proposition fran\u00e7aise, plut\u00f4t qu&rsquo;\u00e0 Reims ou \u00e0 Bordeaux. L&rsquo;Italien Luigi Moio remplacera Regina Vanderlinde \u00e0 la t\u00eate de \u00abl&rsquo;ONU du vin\u00bb, pour un mandat de trois ans. Telles [&hellip;]\" \/>\n<meta property=\"og:url\" content=\"https:\/\/thomasvino.ch\/?p=17394\" \/>\n<meta property=\"og:site_name\" content=\"thomasvino\" \/>\n<meta property=\"article:published_time\" content=\"2021-07-12T17:09:13+00:00\" \/>\n<meta property=\"article:modified_time\" content=\"2021-07-14T07:27:53+00:00\" \/>\n<meta name=\"author\" content=\"Pierre Thomas\" \/>\n<meta name=\"twitter:label1\" content=\"\u00c9crit par\" \/>\n\t<meta name=\"twitter:data1\" content=\"Pierre Thomas\" \/>\n\t<meta name=\"twitter:label2\" content=\"Dur\u00e9e de lecture estim\u00e9e\" \/>\n\t<meta name=\"twitter:data2\" content=\"2 minutes\" \/>\n<script type=\"application\/ld+json\" class=\"yoast-schema-graph\">{\"@context\":\"https:\/\/schema.org\",\"@graph\":[{\"@type\":\"WebPage\",\"@id\":\"https:\/\/thomasvino.ch\/?p=17394\",\"url\":\"https:\/\/thomasvino.ch\/?p=17394\",\"name\":\"L'OIV bient\u00f4t \u00e0 Dijon? - thomasvino\",\"isPartOf\":{\"@id\":\"https:\/\/thomasvino.ch\/#website\"},\"datePublished\":\"2021-07-12T17:09:13+00:00\",\"dateModified\":\"2021-07-14T07:27:53+00:00\",\"author\":{\"@id\":\"https:\/\/thomasvino.ch\/#\/schema\/person\/670bf4486fe81152cf1d68bd585e062e\"},\"breadcrumb\":{\"@id\":\"https:\/\/thomasvino.ch\/?p=17394#breadcrumb\"},\"inLanguage\":\"fr-FR\",\"potentialAction\":[{\"@type\":\"ReadAction\",\"target\":[\"https:\/\/thomasvino.ch\/?p=17394\"]}]},{\"@type\":\"BreadcrumbList\",\"@id\":\"https:\/\/thomasvino.ch\/?p=17394#breadcrumb\",\"itemListElement\":[{\"@type\":\"ListItem\",\"position\":1,\"name\":\"Accueil\",\"item\":\"https:\/\/thomasvino.ch\/\"},{\"@type\":\"ListItem\",\"position\":2,\"name\":\"L&rsquo;OIV bient\u00f4t \u00e0 Dijon?\"}]},{\"@type\":\"WebSite\",\"@id\":\"https:\/\/thomasvino.ch\/#website\",\"url\":\"https:\/\/thomasvino.ch\/\",\"name\":\"thomasvino\",\"description\":\"Vins &amp; Gastronomie\",\"potentialAction\":[{\"@type\":\"SearchAction\",\"target\":{\"@type\":\"EntryPoint\",\"urlTemplate\":\"https:\/\/thomasvino.ch\/?s={search_term_string}\"},\"query-input\":\"required name=search_term_string\"}],\"inLanguage\":\"fr-FR\"},{\"@type\":\"Person\",\"@id\":\"https:\/\/thomasvino.ch\/#\/schema\/person\/670bf4486fe81152cf1d68bd585e062e\",\"name\":\"Pierre Thomas\",\"image\":{\"@type\":\"ImageObject\",\"inLanguage\":\"fr-FR\",\"@id\":\"https:\/\/thomasvino.ch\/#\/schema\/person\/image\/\",\"url\":\"https:\/\/secure.gravatar.com\/avatar\/91fd5a76647f140e53db987a0dead4d7?s=96&d=mm&r=g\",\"contentUrl\":\"https:\/\/secure.gravatar.com\/avatar\/91fd5a76647f140e53db987a0dead4d7?s=96&d=mm&r=g\",\"caption\":\"Pierre Thomas\"},\"url\":\"https:\/\/thomasvino.ch\/?author=3\"}]}<\/script>\n<!-- \/ Yoast SEO plugin. -->","yoast_head_json":{"title":"L'OIV bient\u00f4t \u00e0 Dijon? - thomasvino","robots":{"index":"index","follow":"follow","max-snippet":"max-snippet:-1","max-image-preview":"max-image-preview:large","max-video-preview":"max-video-preview:-1"},"canonical":"https:\/\/thomasvino.ch\/?p=17394","og_locale":"fr_FR","og_type":"article","og_title":"L'OIV bient\u00f4t \u00e0 Dijon? - thomasvino","og_description":"Devant quitter Paris, o\u00f9 elle est h\u00e9berg\u00e9e par la France, l&rsquo;Organisation internationale de la vigne et du vin (OIV) pourrait d\u00e9m\u00e9nager \u00e0 Dijon. Du moins est-ce la proposition fran\u00e7aise, plut\u00f4t qu&rsquo;\u00e0 Reims ou \u00e0 Bordeaux. L&rsquo;Italien Luigi Moio remplacera Regina Vanderlinde \u00e0 la t\u00eate de \u00abl&rsquo;ONU du vin\u00bb, pour un mandat de trois ans. Telles [&hellip;]","og_url":"https:\/\/thomasvino.ch\/?p=17394","og_site_name":"thomasvino","article_published_time":"2021-07-12T17:09:13+00:00","article_modified_time":"2021-07-14T07:27:53+00:00","author":"Pierre Thomas","twitter_misc":{"\u00c9crit par":"Pierre Thomas","Dur\u00e9e de lecture estim\u00e9e":"2 minutes"},"schema":{"@context":"https:\/\/schema.org","@graph":[{"@type":"WebPage","@id":"https:\/\/thomasvino.ch\/?p=17394","url":"https:\/\/thomasvino.ch\/?p=17394","name":"L'OIV bient\u00f4t \u00e0 Dijon? - thomasvino","isPartOf":{"@id":"https:\/\/thomasvino.ch\/#website"},"datePublished":"2021-07-12T17:09:13+00:00","dateModified":"2021-07-14T07:27:53+00:00","author":{"@id":"https:\/\/thomasvino.ch\/#\/schema\/person\/670bf4486fe81152cf1d68bd585e062e"},"breadcrumb":{"@id":"https:\/\/thomasvino.ch\/?p=17394#breadcrumb"},"inLanguage":"fr-FR","potentialAction":[{"@type":"ReadAction","target":["https:\/\/thomasvino.ch\/?p=17394"]}]},{"@type":"BreadcrumbList","@id":"https:\/\/thomasvino.ch\/?p=17394#breadcrumb","itemListElement":[{"@type":"ListItem","position":1,"name":"Accueil","item":"https:\/\/thomasvino.ch\/"},{"@type":"ListItem","position":2,"name":"L&rsquo;OIV bient\u00f4t \u00e0 Dijon?"}]},{"@type":"WebSite","@id":"https:\/\/thomasvino.ch\/#website","url":"https:\/\/thomasvino.ch\/","name":"thomasvino","description":"Vins &amp; Gastronomie","potentialAction":[{"@type":"SearchAction","target":{"@type":"EntryPoint","urlTemplate":"https:\/\/thomasvino.ch\/?s={search_term_string}"},"query-input":"required name=search_term_string"}],"inLanguage":"fr-FR"},{"@type":"Person","@id":"https:\/\/thomasvino.ch\/#\/schema\/person\/670bf4486fe81152cf1d68bd585e062e","name":"Pierre Thomas","image":{"@type":"ImageObject","inLanguage":"fr-FR","@id":"https:\/\/thomasvino.ch\/#\/schema\/person\/image\/","url":"https:\/\/secure.gravatar.com\/avatar\/91fd5a76647f140e53db987a0dead4d7?s=96&d=mm&r=g","contentUrl":"https:\/\/secure.gravatar.com\/avatar\/91fd5a76647f140e53db987a0dead4d7?s=96&d=mm&r=g","caption":"Pierre Thomas"},"url":"https:\/\/thomasvino.ch\/?author=3"}]}},"jetpack_featured_media_url":"","jetpack_sharing_enabled":true,"jetpack_shortlink":"https:\/\/wp.me\/p3m4tZ-4wy","jetpack_likes_enabled":false,"jetpack-related-posts":[{"id":13896,"url":"https:\/\/thomasvino.ch\/?p=13896","url_meta":{"origin":17394,"position":0},"title":"L\u2019OIV choisit la Suisse pour son congr\u00e8s 2019","date":"31 octobre 2016","format":false,"excerpt":"L\u2019Organisation internationale de la vigne et du vin (OIV), dont le si\u00e8ge est \u00e0 Paris, vient de d\u00e9signer la Suisse, et plus particuli\u00e8rement Gen\u00e8ve, pour accueillir son 42\u00e8me congr\u00e8s, en \u00e9t\u00e9 2019 (du 22 au 26 juillet). La Suisse a d\u00e9j\u00e0 eu cet honneur en 1935 et en 1977. L\u2019OIV,\u2026","rel":"","context":"Dans &quot;Actus - News&quot;","img":{"alt_text":"","src":"","width":0,"height":0},"classes":[]},{"id":9326,"url":"https:\/\/thomasvino.ch\/?p=9326","url_meta":{"origin":17394,"position":1},"title":"Les Am\u00e9ricains l\u00e2chent l&rsquo;OIV","date":"14 janvier 2005","format":false,"excerpt":"Les Am\u00e9ricains claquent la porte de l'OIV L'OIV, dont le si\u00e8ge est \u00e0 Paris, se targue d'\u00eatre l'ONU du vin. A fin juin, les Am\u00e9ricains s'en retireront et font le forcing pour entra\u00eener derri\u00e8re eux les pays dits du Nouveau Monde. Enjeu: deux visions oppos\u00e9es des r\u00e9alit\u00e9s viticoles, le contr\u00f4le\u2026","rel":"","context":"Dans &quot;Tendance&quot;","img":{"alt_text":"","src":"","width":0,"height":0},"classes":[]},{"id":17034,"url":"https:\/\/thomasvino.ch\/?p=17034","url_meta":{"origin":17394,"position":2},"title":"Pour l&rsquo;OIV, le \u00abvin orange\u00bb n&rsquo;existe pas!","date":"17 d\u00e9cembre 2020","format":false,"excerpt":"On l\u2019appelle parfois la 4\u00e8me couleur du vin\u00a0: orange. Apr\u00e8s blanc, rouge, ros\u00e9\u2026 Eh bien, l\u2019Organisation internationale de la vigne et du vin (OIV) vient de le prendre en compte et de le codifier, \u00e0 fin novembre 2020. Non pas comme \u00abvin orange\u00bb mais comme \u00abvin blanc avec mac\u00e9ration\u00bb. C\u2019est\u2026","rel":"","context":"Dans &quot;Actus - News&quot;","img":{"alt_text":"","src":"https:\/\/i0.wp.com\/thomasvino.ch\/wp-content\/uploads\/2020\/12\/IMG_6375-300x225.jpeg?resize=350%2C200&ssl=1","width":350,"height":200},"classes":[]},{"id":14661,"url":"https:\/\/thomasvino.ch\/?p=14661","url_meta":{"origin":17394,"position":3},"title":"L&rsquo;OIV confirme la petite vendange 2017","date":"24 octobre 2017","format":false,"excerpt":"L'avantage de para\u00eetre \u00e0 Paris la veille au soir assure, parfois, au Monde des exclus. Le grand quotidien fran\u00e7ais d\u00e9voile donc en primeur les chiffres de la vendange 2017 que l'OIV diffusera en conf\u00e9rence de presse ce matin, mardi, \u00e0 11 h., \u00e0 Paris. Voici l'extrait du papier paru sur\u2026","rel":"","context":"Dans &quot;Lu sur Internet&quot;","img":{"alt_text":"","src":"https:\/\/i0.wp.com\/thomasvino.ch\/wp-content\/uploads\/2017\/10\/site_oiv_paysprod-300x215.jpg?resize=350%2C200&ssl=1","width":350,"height":200},"classes":[]},{"id":16366,"url":"https:\/\/thomasvino.ch\/?p=16366","url_meta":{"origin":17394,"position":4},"title":"Strasbourg\u00a0: un concours qui voit tout blanc\u00a0!","date":"12 f\u00e9vrier 2020","format":false,"excerpt":"La m\u00e9tropole alsacienne se replace dans le calendrier des concours internationaux, plus tard, quasi au d\u00e9but de l\u2019\u00e9t\u00e9, le dimanche 14 et le lundi 15 juin. Et sous le nom de \u00abLe Mondial des vins blancs, Strasbourg\u00bb, entend s\u2019\u00e9largir \u00e0 tous les c\u00e9pages blancs\u2026 apr\u00e8s une vingtaine d\u2019ann\u00e9es o\u00f9 il\u2026","rel":"","context":"Dans &quot;Actus - News&quot;","img":{"alt_text":"","src":"","width":0,"height":0},"classes":[]},{"id":18347,"url":"https:\/\/thomasvino.ch\/?p=18347","url_meta":{"origin":17394,"position":5},"title":"Quand le vin trinque","date":"21 novembre 2023","format":false,"excerpt":"La plus basse r\u00e9colte depuis 1961 : voil\u00e0 vers quoi s\u2019achemine le vignoble mondialis\u00e9, selon les estimations de l\u2019Organisation internationale de la vigne et du vin (OIV), qui a d\u00e9m\u00e9nag\u00e9 de Paris \u00e0 Dijon. Et en Suisse ? C\u2019est la baisse de la consommation qui inqui\u00e8te. Pierre Thomas Seule la\u2026","rel":"","context":"Dans &quot;Tendance&quot;","img":{"alt_text":"","src":"","width":0,"height":0},"classes":[]}],"_links":{"self":[{"href":"https:\/\/thomasvino.ch\/index.php?rest_route=\/wp\/v2\/posts\/17394"}],"collection":[{"href":"https:\/\/thomasvino.ch\/index.php?rest_route=\/wp\/v2\/posts"}],"about":[{"href":"https:\/\/thomasvino.ch\/index.php?rest_route=\/wp\/v2\/types\/post"}],"author":[{"embeddable":true,"href":"https:\/\/thomasvino.ch\/index.php?rest_route=\/wp\/v2\/users\/3"}],"replies":[{"embeddable":true,"href":"https:\/\/thomasvino.ch\/index.php?rest_route=%2Fwp%2Fv2%2Fcomments&post=17394"}],"version-history":[{"count":2,"href":"https:\/\/thomasvino.ch\/index.php?rest_route=\/wp\/v2\/posts\/17394\/revisions"}],"predecessor-version":[{"id":17400,"href":"https:\/\/thomasvino.ch\/index.php?rest_route=\/wp\/v2\/posts\/17394\/revisions\/17400"}],"wp:attachment":[{"href":"https:\/\/thomasvino.ch\/index.php?rest_route=%2Fwp%2Fv2%2Fmedia&parent=17394"}],"wp:term":[{"taxonomy":"category","embeddable":true,"href":"https:\/\/thomasvino.ch\/index.php?rest_route=%2Fwp%2Fv2%2Fcategories&post=17394"},{"taxonomy":"post_tag","embeddable":true,"href":"https:\/\/thomasvino.ch\/index.php?rest_route=%2Fwp%2Fv2%2Ftags&post=17394"}],"curies":[{"name":"wp","href":"https:\/\/api.w.org\/{rel}","templated":true}]}}